{"id":132768,"date":"2022-04-15T00:56:28","date_gmt":"2022-04-14T23:56:28","guid":{"rendered":"https:\/\/radioljubuski.ba\/?p=132768"},"modified":"2022-04-15T00:56:29","modified_gmt":"2022-04-14T23:56:29","slug":"neville-iznio-nepopularno-misljenje-o-kaosu-u-madridu","status":"publish","type":"post","link":"https:\/\/radioljubuski.ba\/index.php\/2022\/04\/15\/neville-iznio-nepopularno-misljenje-o-kaosu-u-madridu\/","title":{"rendered":"Neville iznio &#8220;nepopularno mi\u0161ljenje&#8221; o kaosu u Madridu"},"content":{"rendered":"\n<p><strong>Kaoti\u010dna zavr\u0161nica dvoboja \u010detvrtfinala Lige prvaka izme\u0111u Atletico Madrida i Manchester Cityja na travnjaku, ali i u tunelu nakon utakmice glavna je tema nogometnog svijeta u \u010detvrtak ujutro, a biv\u0161i igra\u010d Manchester Uniteda, danas stru\u010dni komentator Gary Neville ponudio je ne\u0161to druga\u010dije mi\u0161ljenje od ostalih.<\/strong><\/p>\n\n\n\n<p>&#8211; U\u017eivao sam u dvoboju Real Madrida i Chelseaja. Nepopularno mi\u0161ljenje, ali u\u017eivao sam i u dvoboju Atletico Madrida i Manchester Cityja. Znam da je ve\u0107ina bila razo\u010darana pona\u0161anjem igra\u010da Atletico Madrida, ali ja sam u\u017eivao u tome. Poku\u0161ati i prona\u0107i na\u010din za pobjedu, \u010dak i ako si inferiorniji u talentu. Igra\u010di Cityja \u0107e biti ponosni ovog jutra \u0161to su uspjeli pro\u0107i, napisao je Neville na Twitteru.<\/p>\n\n\n\n<blockquote class=\"twitter-tweet\"><p lang=\"en\" dir=\"ltr\">I loved the RM v Chelsea match. Unpopular view but I loved the AM v City match too. I know most were disappointed with the AM behaviour,but i sort of enjoyed it.Try and find a way to win, even if your inferior in talent. City\u2019s players will be proud this morning in overcoming it!<\/p>&mdash; Gary Neville (@GNev2) <a href=\"https:\/\/twitter.com\/GNev2\/status\/1514511156794306561?ref_src=twsrc%5Etfw\">April 14, 2022<\/a><\/blockquote> <script async src=\"https:\/\/platform.twitter.com\/widgets.js\" charset=\"utf-8\"><\/script>\n\n\n\n<p>Ve\u0107ina komentara, posebice iz Engleske, mahom osu\u0111uje pona\u0161anje igra\u010da Atletico Madrida.<br><br>&#8211; Neukusno pona\u0161anje Atleticovih igra\u010da, treba im biti neugodno zbog nekih stvari koje su poku\u0161ali napraviti. Svaka im \u010dast na nogometu, usporili su City na na\u010din koji nismo dugo vidjeli. Ali ovo na kraju, tome nije mjesto na terenu, rekao je<strong>&nbsp;Rio Ferdinand<\/strong>, a s njim se slo\u017eio biv\u0161i veznjak&nbsp;<strong>Owen Hargreaves<\/strong>.<br><br>&#8211; Ovo na kraju, to je bila sramota. Igrali su dobro, nije im to trebalo na kraju, prekr\u0161aji nakon su\u010devog zvi\u017eduka, \u017euti kartoni, crveni karton, potezanje kose&#8230;, rekao je Hargreaves.<\/p>\n\n\n\n<p>Izvor:hrt.hr<\/p>\n","protected":false},"excerpt":{"rendered":"<p>Kaoti\u010dna zavr\u0161nica dvoboja \u010detvrtfinala Lige prvaka izme\u0111u Atletico Madrida i Manchester Cityja na travnjaku, ali i u tunelu nakon utakmice glavna je tema nogometnog svijeta u \u010detvrtak ujutro, a biv\u0161i igra\u010d Manchester Uniteda, danas stru\u010dni komentator Gary Neville ponudio je ne\u0161to druga\u010dije mi\u0161ljenje od ostalih. &#8211; U\u017eivao sam u dvoboju Real Madrida i Chelseaja. Nepopularno [&hellip;]<\/p>\n","protected":false},"author":2,"featured_media":0,"comment_status":"closed","ping_status":"closed","sticky":false,"template":"","format":"standard","meta":{"h5ap_radio_sources":[],"footnotes":""},"categories":[7],"tags":[],"class_list":["post-132768","post","type-post","status-publish","format-standard","hentry","category-sport"],"yoast_head":"<!-- This site is optimized with the Yoast SEO plugin v27.5 - https:\/\/yoast.com\/product\/yoast-seo-wordpress\/ -->\n<title>Neville iznio &quot;nepopularno mi\u0161ljenje&quot; o kaosu u Madridu - RADIO LJUBU\u0160KI<\/title>\n<meta name=\"robots\" content=\"index, follow, max-snippet:-1, max-image-preview:large, max-video-preview:-1\" \/>\n<link rel=\"canonical\" href=\"https:\/\/radioljubuski.ba\/index.php\/2022\/04\/15\/neville-iznio-nepopularno-misljenje-o-kaosu-u-madridu\/\" \/>\n<meta property=\"og:locale\" content=\"hr_HR\" \/>\n<meta property=\"og:type\" content=\"article\" \/>\n<meta property=\"og:title\" content=\"Neville iznio &quot;nepopularno mi\u0161ljenje&quot; o kaosu u Madridu - RADIO LJUBU\u0160KI\" \/>\n<meta property=\"og:description\" content=\"Kaoti\u010dna zavr\u0161nica dvoboja \u010detvrtfinala Lige prvaka izme\u0111u Atletico Madrida i Manchester Cityja na travnjaku, ali i u tunelu nakon utakmice glavna je tema nogometnog svijeta u \u010detvrtak ujutro, a biv\u0161i igra\u010d Manchester Uniteda, danas stru\u010dni komentator Gary Neville ponudio je ne\u0161to druga\u010dije mi\u0161ljenje od ostalih. &#8211; U\u017eivao sam u dvoboju Real Madrida i Chelseaja. Nepopularno [&hellip;]\" \/>\n<meta property=\"og:url\" content=\"https:\/\/radioljubuski.ba\/index.php\/2022\/04\/15\/neville-iznio-nepopularno-misljenje-o-kaosu-u-madridu\/\" \/>\n<meta property=\"og:site_name\" content=\"RADIO LJUBU\u0160KI\" \/>\n<meta property=\"article:publisher\" content=\"https:\/\/www.facebook.com\/Radiio-Ljubuski-1490835324566332\" \/>\n<meta property=\"article:published_time\" content=\"2022-04-14T23:56:28+00:00\" \/>\n<meta property=\"article:modified_time\" content=\"2022-04-14T23:56:29+00:00\" \/>\n<meta property=\"og:image\" content=\"https:\/\/radioljubuski.ba\/wp-content\/uploads\/2022\/04\/2022-04-13t211451z-525665288-up1ei4d1n0os5-rtrmadp-3-soccer-champions-atm-mci-report-20220414060834.jpg\" \/>\n\t<meta property=\"og:image:width\" content=\"688\" \/>\n\t<meta property=\"og:image:height\" content=\"461\" \/>\n\t<meta property=\"og:image:type\" content=\"image\/jpeg\" \/>\n<meta name=\"author\" content=\"Radio Ljubu\u0161ki\" \/>\n<meta name=\"twitter:card\" content=\"summary_large_image\" \/>\n<meta name=\"twitter:creator\" content=\"@radioljubuski\" \/>\n<meta name=\"twitter:site\" content=\"@radioljubuski\" \/>\n<meta name=\"twitter:label1\" content=\"Napisao\/la\" \/>\n\t<meta name=\"twitter:data1\" content=\"Radio Ljubu\u0161ki\" \/>\n\t<meta name=\"twitter:label2\" content=\"Procijenjeno vrijeme \u010ditanja\" \/>\n\t<meta name=\"twitter:data2\" content=\"2 minute\" \/>\n<script type=\"application\/ld+json\" class=\"yoast-schema-graph\">{\"@context\":\"https:\\\/\\\/schema.org\",\"@graph\":[{\"@type\":\"Article\",\"@id\":\"https:\\\/\\\/radioljubuski.ba\\\/index.php\\\/2022\\\/04\\\/15\\\/neville-iznio-nepopularno-misljenje-o-kaosu-u-madridu\\\/#article\",\"isPartOf\":{\"@id\":\"https:\\\/\\\/radioljubuski.ba\\\/index.php\\\/2022\\\/04\\\/15\\\/neville-iznio-nepopularno-misljenje-o-kaosu-u-madridu\\\/\"},\"author\":{\"name\":\"Radio Ljubu\u0161ki\",\"@id\":\"https:\\\/\\\/radioljubuski.ba\\\/#\\\/schema\\\/person\\\/19fc700381a780f69665d7956c469e3b\"},\"headline\":\"Neville iznio &#8220;nepopularno mi\u0161ljenje&#8221; o kaosu u Madridu\",\"datePublished\":\"2022-04-14T23:56:28+00:00\",\"dateModified\":\"2022-04-14T23:56:29+00:00\",\"mainEntityOfPage\":{\"@id\":\"https:\\\/\\\/radioljubuski.ba\\\/index.php\\\/2022\\\/04\\\/15\\\/neville-iznio-nepopularno-misljenje-o-kaosu-u-madridu\\\/\"},\"wordCount\":315,\"publisher\":{\"@id\":\"https:\\\/\\\/radioljubuski.ba\\\/#organization\"},\"articleSection\":[\"\u0160port\"],\"inLanguage\":\"hr\"},{\"@type\":\"WebPage\",\"@id\":\"https:\\\/\\\/radioljubuski.ba\\\/index.php\\\/2022\\\/04\\\/15\\\/neville-iznio-nepopularno-misljenje-o-kaosu-u-madridu\\\/\",\"url\":\"https:\\\/\\\/radioljubuski.ba\\\/index.php\\\/2022\\\/04\\\/15\\\/neville-iznio-nepopularno-misljenje-o-kaosu-u-madridu\\\/\",\"name\":\"Neville iznio \\\"nepopularno mi\u0161ljenje\\\" o kaosu u Madridu - RADIO LJUBU\u0160KI\",\"isPartOf\":{\"@id\":\"https:\\\/\\\/radioljubuski.ba\\\/#website\"},\"datePublished\":\"2022-04-14T23:56:28+00:00\",\"dateModified\":\"2022-04-14T23:56:29+00:00\",\"breadcrumb\":{\"@id\":\"https:\\\/\\\/radioljubuski.ba\\\/index.php\\\/2022\\\/04\\\/15\\\/neville-iznio-nepopularno-misljenje-o-kaosu-u-madridu\\\/#breadcrumb\"},\"inLanguage\":\"hr\",\"potentialAction\":[{\"@type\":\"ReadAction\",\"target\":[\"https:\\\/\\\/radioljubuski.ba\\\/index.php\\\/2022\\\/04\\\/15\\\/neville-iznio-nepopularno-misljenje-o-kaosu-u-madridu\\\/\"]}]},{\"@type\":\"BreadcrumbList\",\"@id\":\"https:\\\/\\\/radioljubuski.ba\\\/index.php\\\/2022\\\/04\\\/15\\\/neville-iznio-nepopularno-misljenje-o-kaosu-u-madridu\\\/#breadcrumb\",\"itemListElement\":[{\"@type\":\"ListItem\",\"position\":1,\"name\":\"Po\u010detna stranica\",\"item\":\"https:\\\/\\\/radioljubuski.ba\\\/\"},{\"@type\":\"ListItem\",\"position\":2,\"name\":\"Neville iznio &#8220;nepopularno mi\u0161ljenje&#8221; o kaosu u Madridu\"}]},{\"@type\":\"WebSite\",\"@id\":\"https:\\\/\\\/radioljubuski.ba\\\/#website\",\"url\":\"https:\\\/\\\/radioljubuski.ba\\\/\",\"name\":\"Radio Ljubu\u0161ki\",\"description\":\"Sun\u010dana frekvencija Hercegovine\",\"publisher\":{\"@id\":\"https:\\\/\\\/radioljubuski.ba\\\/#organization\"},\"potentialAction\":[{\"@type\":\"SearchAction\",\"target\":{\"@type\":\"EntryPoint\",\"urlTemplate\":\"https:\\\/\\\/radioljubuski.ba\\\/?s={search_term_string}\"},\"query-input\":{\"@type\":\"PropertyValueSpecification\",\"valueRequired\":true,\"valueName\":\"search_term_string\"}}],\"inLanguage\":\"hr\"},{\"@type\":\"Organization\",\"@id\":\"https:\\\/\\\/radioljubuski.ba\\\/#organization\",\"name\":\"Radio Ljubu\u0161ki\",\"url\":\"https:\\\/\\\/radioljubuski.ba\\\/\",\"logo\":{\"@type\":\"ImageObject\",\"inLanguage\":\"hr\",\"@id\":\"https:\\\/\\\/radioljubuski.ba\\\/#\\\/schema\\\/logo\\\/image\\\/\",\"url\":\"https:\\\/\\\/radioljubuski.ba\\\/wp-content\\\/uploads\\\/2021\\\/02\\\/cropped-Radio_Ljubuski_logo1.jpg\",\"contentUrl\":\"https:\\\/\\\/radioljubuski.ba\\\/wp-content\\\/uploads\\\/2021\\\/02\\\/cropped-Radio_Ljubuski_logo1.jpg\",\"width\":512,\"height\":512,\"caption\":\"Radio Ljubu\u0161ki\"},\"image\":{\"@id\":\"https:\\\/\\\/radioljubuski.ba\\\/#\\\/schema\\\/logo\\\/image\\\/\"},\"sameAs\":[\"https:\\\/\\\/www.facebook.com\\\/Radiio-Ljubuski-1490835324566332\",\"https:\\\/\\\/x.com\\\/radioljubuski\",\"https:\\\/\\\/hr.linkedin.com\\\/company\\\/radio-ljubuski\",\"https:\\\/\\\/www.youtube.com\\\/channel\\\/UCHYaeO_n0Db3tjNGudGpXyw\"]},{\"@type\":\"Person\",\"@id\":\"https:\\\/\\\/radioljubuski.ba\\\/#\\\/schema\\\/person\\\/19fc700381a780f69665d7956c469e3b\",\"name\":\"Radio Ljubu\u0161ki\"}]}<\/script>\n<!-- \/ Yoast SEO plugin. -->","yoast_head_json":{"title":"Neville iznio \"nepopularno mi\u0161ljenje\" o kaosu u Madridu - RADIO LJUBU\u0160KI","robots":{"index":"index","follow":"follow","max-snippet":"max-snippet:-1","max-image-preview":"max-image-preview:large","max-video-preview":"max-video-preview:-1"},"canonical":"https:\/\/radioljubuski.ba\/index.php\/2022\/04\/15\/neville-iznio-nepopularno-misljenje-o-kaosu-u-madridu\/","og_locale":"hr_HR","og_type":"article","og_title":"Neville iznio \"nepopularno mi\u0161ljenje\" o kaosu u Madridu - RADIO LJUBU\u0160KI","og_description":"Kaoti\u010dna zavr\u0161nica dvoboja \u010detvrtfinala Lige prvaka izme\u0111u Atletico Madrida i Manchester Cityja na travnjaku, ali i u tunelu nakon utakmice glavna je tema nogometnog svijeta u \u010detvrtak ujutro, a biv\u0161i igra\u010d Manchester Uniteda, danas stru\u010dni komentator Gary Neville ponudio je ne\u0161to druga\u010dije mi\u0161ljenje od ostalih. &#8211; U\u017eivao sam u dvoboju Real Madrida i Chelseaja. Nepopularno [&hellip;]","og_url":"https:\/\/radioljubuski.ba\/index.php\/2022\/04\/15\/neville-iznio-nepopularno-misljenje-o-kaosu-u-madridu\/","og_site_name":"RADIO LJUBU\u0160KI","article_publisher":"https:\/\/www.facebook.com\/Radiio-Ljubuski-1490835324566332","article_published_time":"2022-04-14T23:56:28+00:00","article_modified_time":"2022-04-14T23:56:29+00:00","og_image":[{"width":688,"height":461,"url":"https:\/\/radioljubuski.ba\/wp-content\/uploads\/2022\/04\/2022-04-13t211451z-525665288-up1ei4d1n0os5-rtrmadp-3-soccer-champions-atm-mci-report-20220414060834.jpg","type":"image\/jpeg"}],"author":"Radio Ljubu\u0161ki","twitter_card":"summary_large_image","twitter_creator":"@radioljubuski","twitter_site":"@radioljubuski","twitter_misc":{"Napisao\/la":"Radio Ljubu\u0161ki","Procijenjeno vrijeme \u010ditanja":"2 minute"},"schema":{"@context":"https:\/\/schema.org","@graph":[{"@type":"Article","@id":"https:\/\/radioljubuski.ba\/index.php\/2022\/04\/15\/neville-iznio-nepopularno-misljenje-o-kaosu-u-madridu\/#article","isPartOf":{"@id":"https:\/\/radioljubuski.ba\/index.php\/2022\/04\/15\/neville-iznio-nepopularno-misljenje-o-kaosu-u-madridu\/"},"author":{"name":"Radio Ljubu\u0161ki","@id":"https:\/\/radioljubuski.ba\/#\/schema\/person\/19fc700381a780f69665d7956c469e3b"},"headline":"Neville iznio &#8220;nepopularno mi\u0161ljenje&#8221; o kaosu u Madridu","datePublished":"2022-04-14T23:56:28+00:00","dateModified":"2022-04-14T23:56:29+00:00","mainEntityOfPage":{"@id":"https:\/\/radioljubuski.ba\/index.php\/2022\/04\/15\/neville-iznio-nepopularno-misljenje-o-kaosu-u-madridu\/"},"wordCount":315,"publisher":{"@id":"https:\/\/radioljubuski.ba\/#organization"},"articleSection":["\u0160port"],"inLanguage":"hr"},{"@type":"WebPage","@id":"https:\/\/radioljubuski.ba\/index.php\/2022\/04\/15\/neville-iznio-nepopularno-misljenje-o-kaosu-u-madridu\/","url":"https:\/\/radioljubuski.ba\/index.php\/2022\/04\/15\/neville-iznio-nepopularno-misljenje-o-kaosu-u-madridu\/","name":"Neville iznio \"nepopularno mi\u0161ljenje\" o kaosu u Madridu - RADIO LJUBU\u0160KI","isPartOf":{"@id":"https:\/\/radioljubuski.ba\/#website"},"datePublished":"2022-04-14T23:56:28+00:00","dateModified":"2022-04-14T23:56:29+00:00","breadcrumb":{"@id":"https:\/\/radioljubuski.ba\/index.php\/2022\/04\/15\/neville-iznio-nepopularno-misljenje-o-kaosu-u-madridu\/#breadcrumb"},"inLanguage":"hr","potentialAction":[{"@type":"ReadAction","target":["https:\/\/radioljubuski.ba\/index.php\/2022\/04\/15\/neville-iznio-nepopularno-misljenje-o-kaosu-u-madridu\/"]}]},{"@type":"BreadcrumbList","@id":"https:\/\/radioljubuski.ba\/index.php\/2022\/04\/15\/neville-iznio-nepopularno-misljenje-o-kaosu-u-madridu\/#breadcrumb","itemListElement":[{"@type":"ListItem","position":1,"name":"Po\u010detna stranica","item":"https:\/\/radioljubuski.ba\/"},{"@type":"ListItem","position":2,"name":"Neville iznio &#8220;nepopularno mi\u0161ljenje&#8221; o kaosu u Madridu"}]},{"@type":"WebSite","@id":"https:\/\/radioljubuski.ba\/#website","url":"https:\/\/radioljubuski.ba\/","name":"Radio Ljubu\u0161ki","description":"Sun\u010dana frekvencija Hercegovine","publisher":{"@id":"https:\/\/radioljubuski.ba\/#organization"},"potentialAction":[{"@type":"SearchAction","target":{"@type":"EntryPoint","urlTemplate":"https:\/\/radioljubuski.ba\/?s={search_term_string}"},"query-input":{"@type":"PropertyValueSpecification","valueRequired":true,"valueName":"search_term_string"}}],"inLanguage":"hr"},{"@type":"Organization","@id":"https:\/\/radioljubuski.ba\/#organization","name":"Radio Ljubu\u0161ki","url":"https:\/\/radioljubuski.ba\/","logo":{"@type":"ImageObject","inLanguage":"hr","@id":"https:\/\/radioljubuski.ba\/#\/schema\/logo\/image\/","url":"https:\/\/radioljubuski.ba\/wp-content\/uploads\/2021\/02\/cropped-Radio_Ljubuski_logo1.jpg","contentUrl":"https:\/\/radioljubuski.ba\/wp-content\/uploads\/2021\/02\/cropped-Radio_Ljubuski_logo1.jpg","width":512,"height":512,"caption":"Radio Ljubu\u0161ki"},"image":{"@id":"https:\/\/radioljubuski.ba\/#\/schema\/logo\/image\/"},"sameAs":["https:\/\/www.facebook.com\/Radiio-Ljubuski-1490835324566332","https:\/\/x.com\/radioljubuski","https:\/\/hr.linkedin.com\/company\/radio-ljubuski","https:\/\/www.youtube.com\/channel\/UCHYaeO_n0Db3tjNGudGpXyw"]},{"@type":"Person","@id":"https:\/\/radioljubuski.ba\/#\/schema\/person\/19fc700381a780f69665d7956c469e3b","name":"Radio Ljubu\u0161ki"}]}},"_links":{"self":[{"href":"https:\/\/radioljubuski.ba\/index.php\/wp-json\/wp\/v2\/posts\/132768","targetHints":{"allow":["GET"]}}],"collection":[{"href":"https:\/\/radioljubuski.ba\/index.php\/wp-json\/wp\/v2\/posts"}],"about":[{"href":"https:\/\/radioljubuski.ba\/index.php\/wp-json\/wp\/v2\/types\/post"}],"author":[{"embeddable":true,"href":"https:\/\/radioljubuski.ba\/index.php\/wp-json\/wp\/v2\/users\/2"}],"replies":[{"embeddable":true,"href":"https:\/\/radioljubuski.ba\/index.php\/wp-json\/wp\/v2\/comments?post=132768"}],"version-history":[{"count":1,"href":"https:\/\/radioljubuski.ba\/index.php\/wp-json\/wp\/v2\/posts\/132768\/revisions"}],"predecessor-version":[{"id":132770,"href":"https:\/\/radioljubuski.ba\/index.php\/wp-json\/wp\/v2\/posts\/132768\/revisions\/132770"}],"wp:attachment":[{"href":"https:\/\/radioljubuski.ba\/index.php\/wp-json\/wp\/v2\/media?parent=132768"}],"wp:term":[{"taxonomy":"category","embeddable":true,"href":"https:\/\/radioljubuski.ba\/index.php\/wp-json\/wp\/v2\/categories?post=132768"},{"taxonomy":"post_tag","embeddable":true,"href":"https:\/\/radioljubuski.ba\/index.php\/wp-json\/wp\/v2\/tags?post=132768"}],"curies":[{"name":"wp","href":"https:\/\/api.w.org\/{rel}","templated":true}]}}