{"id":132781,"date":"2022-04-15T01:03:46","date_gmt":"2022-04-15T00:03:46","guid":{"rendered":"https:\/\/radioljubuski.ba\/?p=132781"},"modified":"2022-04-15T01:03:46","modified_gmt":"2022-04-15T00:03:46","slug":"modric-izabran-za-nogometasa-tjedna-lige-prvaka","status":"publish","type":"post","link":"https:\/\/radioljubuski.ba\/index.php\/2022\/04\/15\/modric-izabran-za-nogometasa-tjedna-lige-prvaka\/","title":{"rendered":"Modri\u0107 izabran za nogometa\u0161a tjedna Lige prvaka"},"content":{"rendered":"\n<p><strong>Kapetan hrvatske reprezentacije Luka Modri\u0107 izabran je za nogometa\u0161a tjedna Lige prvaka temeljem glasova skupljenih na internetskoj stranici UEFA-e, priop\u0107io je u \u010detvrtak organizator tog natjecanja UEFA.<\/strong><\/p>\n\n\n\n<p>Realov veznjak progla\u0161en je najboljim igra\u010dem (MVP) \u010detvrtfinalne utakmice izme\u0111u Real Madrida i Chelseaja, a zatim i igra\u010dem tjedna, ispred<strong>&nbsp;Raula Albiola<\/strong>&nbsp;(Villarreal),<strong>&nbsp;Johna Stonesa<\/strong>&nbsp;(Manchester City) i&nbsp;<strong>Konstantinosa Tsimikasa&nbsp;<\/strong>(Liverpool).<\/p>\n\n\n\n<p>Modri\u0107 je svojim poznatim udarcem vanjskim dijelom stopala dodao loptu za pogodak koji je u utorak nave\u010der pogurao Real Madrid u polufinale Lige prvaka, a klub je dan kasnije priop\u0107io kako se takva dodavanja ne vje\u017ebaju na njihovim treninzima.<\/p>\n\n\n\n<p>&#8211; To je ne\u0161to prirodno \u0161to ima Luka. To se ne trenira. On se rodio s time, \u017eivi s time i to koristi, rekao je du\u017enosnik Real Madrida za Hinu.<\/p>\n\n\n\n<p>Real Madrid je gubio na svom terenu 0-3 od europskog prvaka Chelseaja, no onda je Modri\u0107 u 80. minuti atraktivno uputio loptu mladom brazilskom napada\u010du&nbsp;<strong>Rodrygu&nbsp;<\/strong>koji ju je proslijedio u mre\u017eu za 1-3. Time je odveo utakmicu u produ\u017eetak u kojem je &#8220;Kraljevski klub&#8221; zabio za 2-3, pa na kraju i pro\u0161ao dalje zbog prethodne pobjede od 3-1 u Londonu.<\/p>\n\n\n\n<p>Utakmicu je pratio&nbsp;<strong>Iker Casillas<\/strong>, biv\u0161i vratar i kapetan Real Madrida, napomenuv\u0161i kako je to neuobi\u010dajen na\u010din dodavanja lopte.<\/p>\n\n\n\n<p>&#8211; Postavio je vanjski dio stopala na na\u010din na koji mi to ne bi smo bili u stanju u\u010diniti niti za godinu dana, poru\u010dio je preko Twittera. Casillas je ponikao u Real Madridu brane\u0107i njegovu mre\u017eu od 2000. do 2015. a sada radi za klupsku zakladu.<\/p>\n\n\n\n<p>Real Madrid je odmah nakon utakmice na svojoj internetskoj stranici objavio video isje\u010dak tog dodavanja uz rije\u010di &#8220;Majstorsko dodavanje Modri\u0107a vanjskom i Rodrygova gol\u010dina&#8221;.<\/p>\n\n\n\n<p>Za vrijeme utakmice je nekoliko poznatih nogometa\u0161a komentiralo na dru\u0161tvenim mre\u017eama na\u010din dodavanja koje se posljednjih godina ne vi\u0111a \u010desto u elitnom nogometu.<\/p>\n\n\n\n<p>&#8211; \u017divio nogomet! Modri\u0107eva asistencija godine. Kakva utakmica, napisao je<strong>&nbsp;Cesc Fabregas<\/strong>, vezni igra\u010d Monaca koji je neko\u0107 nosio dres Chelseaja, Barcelone i Arsenala.<\/p>\n\n\n\n<p><strong>Juan Roman Riquelme<\/strong>, 43-godi\u0161nji dopredsjednik argentinskih Boca Juniorsa te biv\u0161i ofenzivni vezni Barcelone i Villarreala, istaknuo je: &#8211; Lukino dodavanje, frajeru!.<\/p>\n\n\n\n<p>Za\u0161to je udarac kakav je odu\u0161evio i publiku na Santiago Bernab\u00e9u tako rijedak u dana\u0161njem nogometu obja\u0161njava&nbsp;<strong>Alvaro Benito<\/strong>, trener podmlatka Real Madrida od 2016. do 2019. godine. On navodi dva razloga.<\/p>\n\n\n\n<p>&#8211; Prvi je dru\u0161tveni, odnosno djeca vi\u0161e ne provode vrijeme s loptom na ulici gdje mogu sati izvoditi improvizirane udarce te ih uvje\u017ebavati. A drugi je na\u010din rada u klubovima, gdje ne dopu\u0161taju djeci da tako pucaju, rekao je u razgovoru za udrugu stranih dopisnika u \u0160panjolskoj (ISMAS).<\/p>\n\n\n\n<p>Smatra kako su se veliki igra\u010di Modri\u0107 (36),&nbsp;<strong>Lionel Messi&nbsp;<\/strong>(34) i&nbsp;<strong>Cristiano Ronaldo<\/strong>&nbsp;(36) kao djeca igrali s loptom, \u0161to je bilo klju\u010dno da razviju talent.<\/p>\n\n\n\n<p>&#8211; Dje\u010daci vi\u0161e ne igraju nogomet na ulici. Ja sam \u010ditav dan provodio s loptom. Trenirao bih, a zatim bih nastavio igrati mali nogomet s prijateljima, ili bih sam u nekom dvori\u0161tu nabijao loptu u zid. Danas dje\u010daci sjede s tabletima i mobitelima, rekao je.<\/p>\n\n\n\n<p>&#8211; Jednom sam kao trener, tijekom istezanja na treningu, upitao dje\u010dake iz podmlatka Real Madrida: &#8220;De\u010dki koliko vi dnevno sati provedete igraju\u0107i nogomet?&#8221; Gledali su me u \u010dudu, a onda mi odgovorili: &#8220;Igramo kada do\u0111emo ovdje, na trening&#8221;. Na to sam im odgovorio da iskoriste svaki trenutak koji god imaju da rade na tehnici, izjavio je.<\/p>\n\n\n\n<p>Izvor:hrt.hr<\/p>\n","protected":false},"excerpt":{"rendered":"<p>Kapetan hrvatske reprezentacije Luka Modri\u0107 izabran je za nogometa\u0161a tjedna Lige prvaka temeljem glasova skupljenih na internetskoj stranici UEFA-e, priop\u0107io je u \u010detvrtak organizator tog natjecanja UEFA. Realov veznjak progla\u0161en je najboljim igra\u010dem (MVP) \u010detvrtfinalne utakmice izme\u0111u Real Madrida i Chelseaja, a zatim i igra\u010dem tjedna, ispred&nbsp;Raula Albiola&nbsp;(Villarreal),&nbsp;Johna Stonesa&nbsp;(Manchester City) i&nbsp;Konstantinosa Tsimikasa&nbsp;(Liverpool). Modri\u0107 je svojim [&hellip;]<\/p>\n","protected":false},"author":2,"featured_media":132782,"comment_status":"closed","ping_status":"closed","sticky":false,"template":"","format":"standard","meta":{"h5ap_radio_sources":[],"footnotes":""},"categories":[7],"tags":[],"class_list":["post-132781","post","type-post","status-publish","format-standard","has-post-thumbnail","hentry","category-sport"],"yoast_head":"<!-- This site is optimized with the Yoast SEO plugin v27.5 - https:\/\/yoast.com\/product\/yoast-seo-wordpress\/ -->\n<title>Modri\u0107 izabran za nogometa\u0161a tjedna Lige prvaka - RADIO LJUBU\u0160KI<\/title>\n<meta name=\"robots\" content=\"index, follow, max-snippet:-1, max-image-preview:large, max-video-preview:-1\" \/>\n<link rel=\"canonical\" href=\"https:\/\/radioljubuski.ba\/index.php\/2022\/04\/15\/modric-izabran-za-nogometasa-tjedna-lige-prvaka\/\" \/>\n<meta property=\"og:locale\" content=\"hr_HR\" \/>\n<meta property=\"og:type\" content=\"article\" \/>\n<meta property=\"og:title\" content=\"Modri\u0107 izabran za nogometa\u0161a tjedna Lige prvaka - RADIO LJUBU\u0160KI\" \/>\n<meta property=\"og:description\" content=\"Kapetan hrvatske reprezentacije Luka Modri\u0107 izabran je za nogometa\u0161a tjedna Lige prvaka temeljem glasova skupljenih na internetskoj stranici UEFA-e, priop\u0107io je u \u010detvrtak organizator tog natjecanja UEFA. Realov veznjak progla\u0161en je najboljim igra\u010dem (MVP) \u010detvrtfinalne utakmice izme\u0111u Real Madrida i Chelseaja, a zatim i igra\u010dem tjedna, ispred&nbsp;Raula Albiola&nbsp;(Villarreal),&nbsp;Johna Stonesa&nbsp;(Manchester City) i&nbsp;Konstantinosa Tsimikasa&nbsp;(Liverpool). Modri\u0107 je svojim [&hellip;]\" \/>\n<meta property=\"og:url\" content=\"https:\/\/radioljubuski.ba\/index.php\/2022\/04\/15\/modric-izabran-za-nogometasa-tjedna-lige-prvaka\/\" \/>\n<meta property=\"og:site_name\" content=\"RADIO LJUBU\u0160KI\" \/>\n<meta property=\"article:publisher\" content=\"https:\/\/www.facebook.com\/Radiio-Ljubuski-1490835324566332\" \/>\n<meta property=\"article:published_time\" content=\"2022-04-15T00:03:46+00:00\" \/>\n<meta property=\"og:image\" content=\"https:\/\/radioljubuski.ba\/wp-content\/uploads\/2022\/04\/331140.jpg\" \/>\n\t<meta property=\"og:image:width\" content=\"730\" \/>\n\t<meta property=\"og:image:height\" content=\"487\" \/>\n\t<meta property=\"og:image:type\" content=\"image\/jpeg\" \/>\n<meta name=\"author\" content=\"Radio Ljubu\u0161ki\" \/>\n<meta name=\"twitter:card\" content=\"summary_large_image\" \/>\n<meta name=\"twitter:creator\" content=\"@radioljubuski\" \/>\n<meta name=\"twitter:site\" content=\"@radioljubuski\" \/>\n<meta name=\"twitter:label1\" content=\"Napisao\/la\" \/>\n\t<meta name=\"twitter:data1\" content=\"Radio Ljubu\u0161ki\" \/>\n\t<meta name=\"twitter:label2\" content=\"Procijenjeno vrijeme \u010ditanja\" \/>\n\t<meta name=\"twitter:data2\" content=\"3 minute\" \/>\n<script type=\"application\/ld+json\" class=\"yoast-schema-graph\">{\"@context\":\"https:\\\/\\\/schema.org\",\"@graph\":[{\"@type\":\"Article\",\"@id\":\"https:\\\/\\\/radioljubuski.ba\\\/index.php\\\/2022\\\/04\\\/15\\\/modric-izabran-za-nogometasa-tjedna-lige-prvaka\\\/#article\",\"isPartOf\":{\"@id\":\"https:\\\/\\\/radioljubuski.ba\\\/index.php\\\/2022\\\/04\\\/15\\\/modric-izabran-za-nogometasa-tjedna-lige-prvaka\\\/\"},\"author\":{\"name\":\"Radio Ljubu\u0161ki\",\"@id\":\"https:\\\/\\\/radioljubuski.ba\\\/#\\\/schema\\\/person\\\/19fc700381a780f69665d7956c469e3b\"},\"headline\":\"Modri\u0107 izabran za nogometa\u0161a tjedna Lige prvaka\",\"datePublished\":\"2022-04-15T00:03:46+00:00\",\"mainEntityOfPage\":{\"@id\":\"https:\\\/\\\/radioljubuski.ba\\\/index.php\\\/2022\\\/04\\\/15\\\/modric-izabran-za-nogometasa-tjedna-lige-prvaka\\\/\"},\"wordCount\":627,\"publisher\":{\"@id\":\"https:\\\/\\\/radioljubuski.ba\\\/#organization\"},\"image\":{\"@id\":\"https:\\\/\\\/radioljubuski.ba\\\/index.php\\\/2022\\\/04\\\/15\\\/modric-izabran-za-nogometasa-tjedna-lige-prvaka\\\/#primaryimage\"},\"thumbnailUrl\":\"https:\\\/\\\/radioljubuski.ba\\\/wp-content\\\/uploads\\\/2022\\\/04\\\/331140.jpg\",\"articleSection\":[\"\u0160port\"],\"inLanguage\":\"hr\"},{\"@type\":\"WebPage\",\"@id\":\"https:\\\/\\\/radioljubuski.ba\\\/index.php\\\/2022\\\/04\\\/15\\\/modric-izabran-za-nogometasa-tjedna-lige-prvaka\\\/\",\"url\":\"https:\\\/\\\/radioljubuski.ba\\\/index.php\\\/2022\\\/04\\\/15\\\/modric-izabran-za-nogometasa-tjedna-lige-prvaka\\\/\",\"name\":\"Modri\u0107 izabran za nogometa\u0161a tjedna Lige prvaka - RADIO LJUBU\u0160KI\",\"isPartOf\":{\"@id\":\"https:\\\/\\\/radioljubuski.ba\\\/#website\"},\"primaryImageOfPage\":{\"@id\":\"https:\\\/\\\/radioljubuski.ba\\\/index.php\\\/2022\\\/04\\\/15\\\/modric-izabran-za-nogometasa-tjedna-lige-prvaka\\\/#primaryimage\"},\"image\":{\"@id\":\"https:\\\/\\\/radioljubuski.ba\\\/index.php\\\/2022\\\/04\\\/15\\\/modric-izabran-za-nogometasa-tjedna-lige-prvaka\\\/#primaryimage\"},\"thumbnailUrl\":\"https:\\\/\\\/radioljubuski.ba\\\/wp-content\\\/uploads\\\/2022\\\/04\\\/331140.jpg\",\"datePublished\":\"2022-04-15T00:03:46+00:00\",\"breadcrumb\":{\"@id\":\"https:\\\/\\\/radioljubuski.ba\\\/index.php\\\/2022\\\/04\\\/15\\\/modric-izabran-za-nogometasa-tjedna-lige-prvaka\\\/#breadcrumb\"},\"inLanguage\":\"hr\",\"potentialAction\":[{\"@type\":\"ReadAction\",\"target\":[\"https:\\\/\\\/radioljubuski.ba\\\/index.php\\\/2022\\\/04\\\/15\\\/modric-izabran-za-nogometasa-tjedna-lige-prvaka\\\/\"]}]},{\"@type\":\"ImageObject\",\"inLanguage\":\"hr\",\"@id\":\"https:\\\/\\\/radioljubuski.ba\\\/index.php\\\/2022\\\/04\\\/15\\\/modric-izabran-za-nogometasa-tjedna-lige-prvaka\\\/#primaryimage\",\"url\":\"https:\\\/\\\/radioljubuski.ba\\\/wp-content\\\/uploads\\\/2022\\\/04\\\/331140.jpg\",\"contentUrl\":\"https:\\\/\\\/radioljubuski.ba\\\/wp-content\\\/uploads\\\/2022\\\/04\\\/331140.jpg\",\"width\":730,\"height\":487},{\"@type\":\"BreadcrumbList\",\"@id\":\"https:\\\/\\\/radioljubuski.ba\\\/index.php\\\/2022\\\/04\\\/15\\\/modric-izabran-za-nogometasa-tjedna-lige-prvaka\\\/#breadcrumb\",\"itemListElement\":[{\"@type\":\"ListItem\",\"position\":1,\"name\":\"Po\u010detna stranica\",\"item\":\"https:\\\/\\\/radioljubuski.ba\\\/\"},{\"@type\":\"ListItem\",\"position\":2,\"name\":\"Modri\u0107 izabran za nogometa\u0161a tjedna Lige prvaka\"}]},{\"@type\":\"WebSite\",\"@id\":\"https:\\\/\\\/radioljubuski.ba\\\/#website\",\"url\":\"https:\\\/\\\/radioljubuski.ba\\\/\",\"name\":\"Radio Ljubu\u0161ki\",\"description\":\"Sun\u010dana frekvencija Hercegovine\",\"publisher\":{\"@id\":\"https:\\\/\\\/radioljubuski.ba\\\/#organization\"},\"potentialAction\":[{\"@type\":\"SearchAction\",\"target\":{\"@type\":\"EntryPoint\",\"urlTemplate\":\"https:\\\/\\\/radioljubuski.ba\\\/?s={search_term_string}\"},\"query-input\":{\"@type\":\"PropertyValueSpecification\",\"valueRequired\":true,\"valueName\":\"search_term_string\"}}],\"inLanguage\":\"hr\"},{\"@type\":\"Organization\",\"@id\":\"https:\\\/\\\/radioljubuski.ba\\\/#organization\",\"name\":\"Radio Ljubu\u0161ki\",\"url\":\"https:\\\/\\\/radioljubuski.ba\\\/\",\"logo\":{\"@type\":\"ImageObject\",\"inLanguage\":\"hr\",\"@id\":\"https:\\\/\\\/radioljubuski.ba\\\/#\\\/schema\\\/logo\\\/image\\\/\",\"url\":\"https:\\\/\\\/radioljubuski.ba\\\/wp-content\\\/uploads\\\/2021\\\/02\\\/cropped-Radio_Ljubuski_logo1.jpg\",\"contentUrl\":\"https:\\\/\\\/radioljubuski.ba\\\/wp-content\\\/uploads\\\/2021\\\/02\\\/cropped-Radio_Ljubuski_logo1.jpg\",\"width\":512,\"height\":512,\"caption\":\"Radio Ljubu\u0161ki\"},\"image\":{\"@id\":\"https:\\\/\\\/radioljubuski.ba\\\/#\\\/schema\\\/logo\\\/image\\\/\"},\"sameAs\":[\"https:\\\/\\\/www.facebook.com\\\/Radiio-Ljubuski-1490835324566332\",\"https:\\\/\\\/x.com\\\/radioljubuski\",\"https:\\\/\\\/hr.linkedin.com\\\/company\\\/radio-ljubuski\",\"https:\\\/\\\/www.youtube.com\\\/channel\\\/UCHYaeO_n0Db3tjNGudGpXyw\"]},{\"@type\":\"Person\",\"@id\":\"https:\\\/\\\/radioljubuski.ba\\\/#\\\/schema\\\/person\\\/19fc700381a780f69665d7956c469e3b\",\"name\":\"Radio Ljubu\u0161ki\"}]}<\/script>\n<!-- \/ Yoast SEO plugin. -->","yoast_head_json":{"title":"Modri\u0107 izabran za nogometa\u0161a tjedna Lige prvaka - RADIO LJUBU\u0160KI","robots":{"index":"index","follow":"follow","max-snippet":"max-snippet:-1","max-image-preview":"max-image-preview:large","max-video-preview":"max-video-preview:-1"},"canonical":"https:\/\/radioljubuski.ba\/index.php\/2022\/04\/15\/modric-izabran-za-nogometasa-tjedna-lige-prvaka\/","og_locale":"hr_HR","og_type":"article","og_title":"Modri\u0107 izabran za nogometa\u0161a tjedna Lige prvaka - RADIO LJUBU\u0160KI","og_description":"Kapetan hrvatske reprezentacije Luka Modri\u0107 izabran je za nogometa\u0161a tjedna Lige prvaka temeljem glasova skupljenih na internetskoj stranici UEFA-e, priop\u0107io je u \u010detvrtak organizator tog natjecanja UEFA. Realov veznjak progla\u0161en je najboljim igra\u010dem (MVP) \u010detvrtfinalne utakmice izme\u0111u Real Madrida i Chelseaja, a zatim i igra\u010dem tjedna, ispred&nbsp;Raula Albiola&nbsp;(Villarreal),&nbsp;Johna Stonesa&nbsp;(Manchester City) i&nbsp;Konstantinosa Tsimikasa&nbsp;(Liverpool). Modri\u0107 je svojim [&hellip;]","og_url":"https:\/\/radioljubuski.ba\/index.php\/2022\/04\/15\/modric-izabran-za-nogometasa-tjedna-lige-prvaka\/","og_site_name":"RADIO LJUBU\u0160KI","article_publisher":"https:\/\/www.facebook.com\/Radiio-Ljubuski-1490835324566332","article_published_time":"2022-04-15T00:03:46+00:00","og_image":[{"width":730,"height":487,"url":"https:\/\/radioljubuski.ba\/wp-content\/uploads\/2022\/04\/331140.jpg","type":"image\/jpeg"}],"author":"Radio Ljubu\u0161ki","twitter_card":"summary_large_image","twitter_creator":"@radioljubuski","twitter_site":"@radioljubuski","twitter_misc":{"Napisao\/la":"Radio Ljubu\u0161ki","Procijenjeno vrijeme \u010ditanja":"3 minute"},"schema":{"@context":"https:\/\/schema.org","@graph":[{"@type":"Article","@id":"https:\/\/radioljubuski.ba\/index.php\/2022\/04\/15\/modric-izabran-za-nogometasa-tjedna-lige-prvaka\/#article","isPartOf":{"@id":"https:\/\/radioljubuski.ba\/index.php\/2022\/04\/15\/modric-izabran-za-nogometasa-tjedna-lige-prvaka\/"},"author":{"name":"Radio Ljubu\u0161ki","@id":"https:\/\/radioljubuski.ba\/#\/schema\/person\/19fc700381a780f69665d7956c469e3b"},"headline":"Modri\u0107 izabran za nogometa\u0161a tjedna Lige prvaka","datePublished":"2022-04-15T00:03:46+00:00","mainEntityOfPage":{"@id":"https:\/\/radioljubuski.ba\/index.php\/2022\/04\/15\/modric-izabran-za-nogometasa-tjedna-lige-prvaka\/"},"wordCount":627,"publisher":{"@id":"https:\/\/radioljubuski.ba\/#organization"},"image":{"@id":"https:\/\/radioljubuski.ba\/index.php\/2022\/04\/15\/modric-izabran-za-nogometasa-tjedna-lige-prvaka\/#primaryimage"},"thumbnailUrl":"https:\/\/radioljubuski.ba\/wp-content\/uploads\/2022\/04\/331140.jpg","articleSection":["\u0160port"],"inLanguage":"hr"},{"@type":"WebPage","@id":"https:\/\/radioljubuski.ba\/index.php\/2022\/04\/15\/modric-izabran-za-nogometasa-tjedna-lige-prvaka\/","url":"https:\/\/radioljubuski.ba\/index.php\/2022\/04\/15\/modric-izabran-za-nogometasa-tjedna-lige-prvaka\/","name":"Modri\u0107 izabran za nogometa\u0161a tjedna Lige prvaka - RADIO LJUBU\u0160KI","isPartOf":{"@id":"https:\/\/radioljubuski.ba\/#website"},"primaryImageOfPage":{"@id":"https:\/\/radioljubuski.ba\/index.php\/2022\/04\/15\/modric-izabran-za-nogometasa-tjedna-lige-prvaka\/#primaryimage"},"image":{"@id":"https:\/\/radioljubuski.ba\/index.php\/2022\/04\/15\/modric-izabran-za-nogometasa-tjedna-lige-prvaka\/#primaryimage"},"thumbnailUrl":"https:\/\/radioljubuski.ba\/wp-content\/uploads\/2022\/04\/331140.jpg","datePublished":"2022-04-15T00:03:46+00:00","breadcrumb":{"@id":"https:\/\/radioljubuski.ba\/index.php\/2022\/04\/15\/modric-izabran-za-nogometasa-tjedna-lige-prvaka\/#breadcrumb"},"inLanguage":"hr","potentialAction":[{"@type":"ReadAction","target":["https:\/\/radioljubuski.ba\/index.php\/2022\/04\/15\/modric-izabran-za-nogometasa-tjedna-lige-prvaka\/"]}]},{"@type":"ImageObject","inLanguage":"hr","@id":"https:\/\/radioljubuski.ba\/index.php\/2022\/04\/15\/modric-izabran-za-nogometasa-tjedna-lige-prvaka\/#primaryimage","url":"https:\/\/radioljubuski.ba\/wp-content\/uploads\/2022\/04\/331140.jpg","contentUrl":"https:\/\/radioljubuski.ba\/wp-content\/uploads\/2022\/04\/331140.jpg","width":730,"height":487},{"@type":"BreadcrumbList","@id":"https:\/\/radioljubuski.ba\/index.php\/2022\/04\/15\/modric-izabran-za-nogometasa-tjedna-lige-prvaka\/#breadcrumb","itemListElement":[{"@type":"ListItem","position":1,"name":"Po\u010detna stranica","item":"https:\/\/radioljubuski.ba\/"},{"@type":"ListItem","position":2,"name":"Modri\u0107 izabran za nogometa\u0161a tjedna Lige prvaka"}]},{"@type":"WebSite","@id":"https:\/\/radioljubuski.ba\/#website","url":"https:\/\/radioljubuski.ba\/","name":"Radio Ljubu\u0161ki","description":"Sun\u010dana frekvencija Hercegovine","publisher":{"@id":"https:\/\/radioljubuski.ba\/#organization"},"potentialAction":[{"@type":"SearchAction","target":{"@type":"EntryPoint","urlTemplate":"https:\/\/radioljubuski.ba\/?s={search_term_string}"},"query-input":{"@type":"PropertyValueSpecification","valueRequired":true,"valueName":"search_term_string"}}],"inLanguage":"hr"},{"@type":"Organization","@id":"https:\/\/radioljubuski.ba\/#organization","name":"Radio Ljubu\u0161ki","url":"https:\/\/radioljubuski.ba\/","logo":{"@type":"ImageObject","inLanguage":"hr","@id":"https:\/\/radioljubuski.ba\/#\/schema\/logo\/image\/","url":"https:\/\/radioljubuski.ba\/wp-content\/uploads\/2021\/02\/cropped-Radio_Ljubuski_logo1.jpg","contentUrl":"https:\/\/radioljubuski.ba\/wp-content\/uploads\/2021\/02\/cropped-Radio_Ljubuski_logo1.jpg","width":512,"height":512,"caption":"Radio Ljubu\u0161ki"},"image":{"@id":"https:\/\/radioljubuski.ba\/#\/schema\/logo\/image\/"},"sameAs":["https:\/\/www.facebook.com\/Radiio-Ljubuski-1490835324566332","https:\/\/x.com\/radioljubuski","https:\/\/hr.linkedin.com\/company\/radio-ljubuski","https:\/\/www.youtube.com\/channel\/UCHYaeO_n0Db3tjNGudGpXyw"]},{"@type":"Person","@id":"https:\/\/radioljubuski.ba\/#\/schema\/person\/19fc700381a780f69665d7956c469e3b","name":"Radio Ljubu\u0161ki"}]}},"_links":{"self":[{"href":"https:\/\/radioljubuski.ba\/index.php\/wp-json\/wp\/v2\/posts\/132781","targetHints":{"allow":["GET"]}}],"collection":[{"href":"https:\/\/radioljubuski.ba\/index.php\/wp-json\/wp\/v2\/posts"}],"about":[{"href":"https:\/\/radioljubuski.ba\/index.php\/wp-json\/wp\/v2\/types\/post"}],"author":[{"embeddable":true,"href":"https:\/\/radioljubuski.ba\/index.php\/wp-json\/wp\/v2\/users\/2"}],"replies":[{"embeddable":true,"href":"https:\/\/radioljubuski.ba\/index.php\/wp-json\/wp\/v2\/comments?post=132781"}],"version-history":[{"count":1,"href":"https:\/\/radioljubuski.ba\/index.php\/wp-json\/wp\/v2\/posts\/132781\/revisions"}],"predecessor-version":[{"id":132783,"href":"https:\/\/radioljubuski.ba\/index.php\/wp-json\/wp\/v2\/posts\/132781\/revisions\/132783"}],"wp:featuredmedia":[{"embeddable":true,"href":"https:\/\/radioljubuski.ba\/index.php\/wp-json\/wp\/v2\/media\/132782"}],"wp:attachment":[{"href":"https:\/\/radioljubuski.ba\/index.php\/wp-json\/wp\/v2\/media?parent=132781"}],"wp:term":[{"taxonomy":"category","embeddable":true,"href":"https:\/\/radioljubuski.ba\/index.php\/wp-json\/wp\/v2\/categories?post=132781"},{"taxonomy":"post_tag","embeddable":true,"href":"https:\/\/radioljubuski.ba\/index.php\/wp-json\/wp\/v2\/tags?post=132781"}],"curies":[{"name":"wp","href":"https:\/\/api.w.org\/{rel}","templated":true}]}}