{"id":132789,"date":"2022-04-15T01:08:07","date_gmt":"2022-04-15T00:08:07","guid":{"rendered":"https:\/\/radioljubuski.ba\/?p=132789"},"modified":"2022-04-15T01:08:08","modified_gmt":"2022-04-15T00:08:08","slug":"murphy-mladic-i-karadzic-nisu-ratni-heroji-oni-su-ratni-zlocinci","status":"publish","type":"post","link":"https:\/\/radioljubuski.ba\/index.php\/2022\/04\/15\/murphy-mladic-i-karadzic-nisu-ratni-heroji-oni-su-ratni-zlocinci\/","title":{"rendered":"Murphy : Mladi\u0107 i Karad\u017ei\u0107 nisu ratni heroji, oni su ratni zlo\u010dinci"},"content":{"rendered":"\n<p>Ameri\u010dki ambasador u Bosni i Hercegovini Michael J. Murphy danas je posjetio Memorijalni centar Poto\u010dari &#8211; Srebrenica i polo\u017eio cvije\u0107e na spomen obilje\u017eja i na taj na\u010din odao po\u010dast nevino ubijenim \u017ertvama genocida.&nbsp;<\/p>\n\n\n\n<p>Nakon odavanja po\u010dasti \u017ertvama genocida razgovarao je s predstavnicima Udru\u017eenja majkama Srebrenice. Zatim se sastao sa na\u010delnikom Op\u0107ine Srebrenica Mladenom Gruji\u010di\u0107em i njegovim zamjenikom Hamdijom Fejzi\u0107em.<\/p>\n\n\n\n<p>Ameri\u010dki veleposlanik medijima je kazao da je danas prvenstveno u Srebrenici kako bi odao po\u010dast civilnim \u017ertvama genocida u Srebrenici.&nbsp;<\/p>\n\n\n\n<p>&#8221;Veoma je va\u017eno da budemo jasni u vezi s tim i da povu\u010demo \u010dinjenicu da se u Srebrenici dogodio genocid. U srpnju 1995. godine grupe koje su bile u sastavu vojske Republike Srpske su pod komandom Ratka Mladi\u0107a i politi\u010dkim patronatom Radovana Karad\u017ei\u0107a izvr\u0161ili genocid nad Bo\u0161njacima, mu\u0161karcima i dje\u010dacima nad vi\u0161e od osam tisu\u0107a osoba.<\/p>\n\n\n\n<p>Mladi\u0107 i Karad\u017ei\u0107 nisu ratni heroji, oni su ratni zlo\u010dinci. Nikakvo poricanje niti murali ne mogu tu \u010dinjenicu promijeniti, njihova krivica i zlo su vje\u010dni. \u017delio bih naglasiti da je genocid u Srebrenici i svi ostali ratni zlo\u010dini koji su se dogodili u razdoblju 1992. i 1995. godine odgovornost pojedinaca. Krivica je njihova i samo njihova, krivica nije niti na jednoj etni\u010dkoj grupi kao cjelini.&nbsp;<\/p>\n\n\n\n<p>Danas svi mi u Bosni i Hercegovini nosimo jednu odgovornost, a to je da priznamo \u010dinjenice i po\u0161tujemo \u017ertve. Mlade ljude treba educirati i nau\u010diti tim \u010dinjenicima i da ih u\u010dimo da po\u0161tuju \u017ertve, te da nastavimo napore u smislu pronala\u017eenja i identifikacije svih \u017ertava i svih eti\u010dkih grupa. Na taj na\u010din bismo svim obiteljima kona\u010dno pru\u017eili utjehu, i kako bi se istra\u017eivali i krivi\u010dno gonili i osudili svi pojedinci koji su odgovorni za po\u010dinjene zlo\u010dine&#8221;, kazao je Murphy.&nbsp;<\/p>\n\n\n\n<p>Stava je da jedino pomirenje mo\u017ee Bosnu i Hercegovinu odvesti naprijed i bolju budu\u0107nost svih gra\u0111ana.<\/p>\n\n\n\n<p>&#8221;Potrebno je zalije\u010diti rane ove zemlje. I da Bosnu i Hercegovinu gradimo kao prospiritetnu i demokratsku zemlju, zemlju za unuke i djecu onih koji su djecu izgubili u ratu. Apsolutno nema sumnje da se u Bosni i Hercegovini doga\u0111a politi\u010dka kriza. Oni koji su odgovorni za politi\u010dku krizu jesu politi\u010dari u Bosni i Hercegovini, i njihova odgovornost je da rije\u0161e krizu&#8221;, istaknuo je Murphy.<\/p>\n\n\n\n<p>Izvor:pogled.ba<\/p>\n","protected":false},"excerpt":{"rendered":"<p>Ameri\u010dki ambasador u Bosni i Hercegovini Michael J. Murphy danas je posjetio Memorijalni centar Poto\u010dari &#8211; Srebrenica i polo\u017eio cvije\u0107e na spomen obilje\u017eja i na taj na\u010din odao po\u010dast nevino ubijenim \u017ertvama genocida.&nbsp; Nakon odavanja po\u010dasti \u017ertvama genocida razgovarao je s predstavnicima Udru\u017eenja majkama Srebrenice. Zatim se sastao sa na\u010delnikom Op\u0107ine Srebrenica Mladenom Gruji\u010di\u0107em i [&hellip;]<\/p>\n","protected":false},"author":2,"featured_media":123588,"comment_status":"closed","ping_status":"closed","sticky":false,"template":"","format":"standard","meta":{"h5ap_radio_sources":[],"footnotes":""},"categories":[1],"tags":[],"class_list":["post-132789","post","type-post","status-publish","format-standard","has-post-thumbnail","hentry","category-bihiregija"],"yoast_head":"<!-- This site is optimized with the Yoast SEO plugin v27.5 - https:\/\/yoast.com\/product\/yoast-seo-wordpress\/ -->\n<title>Murphy : Mladi\u0107 i Karad\u017ei\u0107 nisu ratni heroji, oni su ratni zlo\u010dinci - RADIO LJUBU\u0160KI<\/title>\n<meta name=\"robots\" content=\"index, follow, max-snippet:-1, max-image-preview:large, max-video-preview:-1\" \/>\n<link rel=\"canonical\" href=\"https:\/\/radioljubuski.ba\/index.php\/2022\/04\/15\/murphy-mladic-i-karadzic-nisu-ratni-heroji-oni-su-ratni-zlocinci\/\" \/>\n<meta property=\"og:locale\" content=\"hr_HR\" \/>\n<meta property=\"og:type\" content=\"article\" \/>\n<meta property=\"og:title\" content=\"Murphy : Mladi\u0107 i Karad\u017ei\u0107 nisu ratni heroji, oni su ratni zlo\u010dinci - RADIO LJUBU\u0160KI\" \/>\n<meta property=\"og:description\" content=\"Ameri\u010dki ambasador u Bosni i Hercegovini Michael J. Murphy danas je posjetio Memorijalni centar Poto\u010dari &#8211; Srebrenica i polo\u017eio cvije\u0107e na spomen obilje\u017eja i na taj na\u010din odao po\u010dast nevino ubijenim \u017ertvama genocida.&nbsp; Nakon odavanja po\u010dasti \u017ertvama genocida razgovarao je s predstavnicima Udru\u017eenja majkama Srebrenice. Zatim se sastao sa na\u010delnikom Op\u0107ine Srebrenica Mladenom Gruji\u010di\u0107em i [&hellip;]\" \/>\n<meta property=\"og:url\" content=\"https:\/\/radioljubuski.ba\/index.php\/2022\/04\/15\/murphy-mladic-i-karadzic-nisu-ratni-heroji-oni-su-ratni-zlocinci\/\" \/>\n<meta property=\"og:site_name\" content=\"RADIO LJUBU\u0160KI\" \/>\n<meta property=\"article:publisher\" content=\"https:\/\/www.facebook.com\/Radiio-Ljubuski-1490835324566332\" \/>\n<meta property=\"article:published_time\" content=\"2022-04-15T00:08:07+00:00\" \/>\n<meta property=\"article:modified_time\" content=\"2022-04-15T00:08:08+00:00\" \/>\n<meta property=\"og:image\" content=\"https:\/\/radioljubuski.ba\/wp-content\/uploads\/2022\/03\/murphy.jpg\" \/>\n\t<meta property=\"og:image:width\" content=\"1000\" \/>\n\t<meta property=\"og:image:height\" content=\"625\" \/>\n\t<meta property=\"og:image:type\" content=\"image\/jpeg\" \/>\n<meta name=\"author\" content=\"Radio Ljubu\u0161ki\" \/>\n<meta name=\"twitter:card\" content=\"summary_large_image\" \/>\n<meta name=\"twitter:creator\" content=\"@radioljubuski\" \/>\n<meta name=\"twitter:site\" content=\"@radioljubuski\" \/>\n<meta name=\"twitter:label1\" content=\"Napisao\/la\" \/>\n\t<meta name=\"twitter:data1\" content=\"Radio Ljubu\u0161ki\" \/>\n\t<meta name=\"twitter:label2\" content=\"Procijenjeno vrijeme \u010ditanja\" \/>\n\t<meta name=\"twitter:data2\" content=\"2 minute\" \/>\n<script type=\"application\/ld+json\" class=\"yoast-schema-graph\">{\"@context\":\"https:\\\/\\\/schema.org\",\"@graph\":[{\"@type\":\"Article\",\"@id\":\"https:\\\/\\\/radioljubuski.ba\\\/index.php\\\/2022\\\/04\\\/15\\\/murphy-mladic-i-karadzic-nisu-ratni-heroji-oni-su-ratni-zlocinci\\\/#article\",\"isPartOf\":{\"@id\":\"https:\\\/\\\/radioljubuski.ba\\\/index.php\\\/2022\\\/04\\\/15\\\/murphy-mladic-i-karadzic-nisu-ratni-heroji-oni-su-ratni-zlocinci\\\/\"},\"author\":{\"name\":\"Radio Ljubu\u0161ki\",\"@id\":\"https:\\\/\\\/radioljubuski.ba\\\/#\\\/schema\\\/person\\\/19fc700381a780f69665d7956c469e3b\"},\"headline\":\"Murphy : Mladi\u0107 i Karad\u017ei\u0107 nisu ratni heroji, oni su ratni zlo\u010dinci\",\"datePublished\":\"2022-04-15T00:08:07+00:00\",\"dateModified\":\"2022-04-15T00:08:08+00:00\",\"mainEntityOfPage\":{\"@id\":\"https:\\\/\\\/radioljubuski.ba\\\/index.php\\\/2022\\\/04\\\/15\\\/murphy-mladic-i-karadzic-nisu-ratni-heroji-oni-su-ratni-zlocinci\\\/\"},\"wordCount\":431,\"publisher\":{\"@id\":\"https:\\\/\\\/radioljubuski.ba\\\/#organization\"},\"image\":{\"@id\":\"https:\\\/\\\/radioljubuski.ba\\\/index.php\\\/2022\\\/04\\\/15\\\/murphy-mladic-i-karadzic-nisu-ratni-heroji-oni-su-ratni-zlocinci\\\/#primaryimage\"},\"thumbnailUrl\":\"https:\\\/\\\/radioljubuski.ba\\\/wp-content\\\/uploads\\\/2022\\\/03\\\/murphy.jpg\",\"articleSection\":[\"BIH i regija\"],\"inLanguage\":\"hr\"},{\"@type\":\"WebPage\",\"@id\":\"https:\\\/\\\/radioljubuski.ba\\\/index.php\\\/2022\\\/04\\\/15\\\/murphy-mladic-i-karadzic-nisu-ratni-heroji-oni-su-ratni-zlocinci\\\/\",\"url\":\"https:\\\/\\\/radioljubuski.ba\\\/index.php\\\/2022\\\/04\\\/15\\\/murphy-mladic-i-karadzic-nisu-ratni-heroji-oni-su-ratni-zlocinci\\\/\",\"name\":\"Murphy : Mladi\u0107 i Karad\u017ei\u0107 nisu ratni heroji, oni su ratni zlo\u010dinci - RADIO LJUBU\u0160KI\",\"isPartOf\":{\"@id\":\"https:\\\/\\\/radioljubuski.ba\\\/#website\"},\"primaryImageOfPage\":{\"@id\":\"https:\\\/\\\/radioljubuski.ba\\\/index.php\\\/2022\\\/04\\\/15\\\/murphy-mladic-i-karadzic-nisu-ratni-heroji-oni-su-ratni-zlocinci\\\/#primaryimage\"},\"image\":{\"@id\":\"https:\\\/\\\/radioljubuski.ba\\\/index.php\\\/2022\\\/04\\\/15\\\/murphy-mladic-i-karadzic-nisu-ratni-heroji-oni-su-ratni-zlocinci\\\/#primaryimage\"},\"thumbnailUrl\":\"https:\\\/\\\/radioljubuski.ba\\\/wp-content\\\/uploads\\\/2022\\\/03\\\/murphy.jpg\",\"datePublished\":\"2022-04-15T00:08:07+00:00\",\"dateModified\":\"2022-04-15T00:08:08+00:00\",\"breadcrumb\":{\"@id\":\"https:\\\/\\\/radioljubuski.ba\\\/index.php\\\/2022\\\/04\\\/15\\\/murphy-mladic-i-karadzic-nisu-ratni-heroji-oni-su-ratni-zlocinci\\\/#breadcrumb\"},\"inLanguage\":\"hr\",\"potentialAction\":[{\"@type\":\"ReadAction\",\"target\":[\"https:\\\/\\\/radioljubuski.ba\\\/index.php\\\/2022\\\/04\\\/15\\\/murphy-mladic-i-karadzic-nisu-ratni-heroji-oni-su-ratni-zlocinci\\\/\"]}]},{\"@type\":\"ImageObject\",\"inLanguage\":\"hr\",\"@id\":\"https:\\\/\\\/radioljubuski.ba\\\/index.php\\\/2022\\\/04\\\/15\\\/murphy-mladic-i-karadzic-nisu-ratni-heroji-oni-su-ratni-zlocinci\\\/#primaryimage\",\"url\":\"https:\\\/\\\/radioljubuski.ba\\\/wp-content\\\/uploads\\\/2022\\\/03\\\/murphy.jpg\",\"contentUrl\":\"https:\\\/\\\/radioljubuski.ba\\\/wp-content\\\/uploads\\\/2022\\\/03\\\/murphy.jpg\",\"width\":1000,\"height\":625},{\"@type\":\"BreadcrumbList\",\"@id\":\"https:\\\/\\\/radioljubuski.ba\\\/index.php\\\/2022\\\/04\\\/15\\\/murphy-mladic-i-karadzic-nisu-ratni-heroji-oni-su-ratni-zlocinci\\\/#breadcrumb\",\"itemListElement\":[{\"@type\":\"ListItem\",\"position\":1,\"name\":\"Po\u010detna stranica\",\"item\":\"https:\\\/\\\/radioljubuski.ba\\\/\"},{\"@type\":\"ListItem\",\"position\":2,\"name\":\"Murphy : Mladi\u0107 i Karad\u017ei\u0107 nisu ratni heroji, oni su ratni zlo\u010dinci\"}]},{\"@type\":\"WebSite\",\"@id\":\"https:\\\/\\\/radioljubuski.ba\\\/#website\",\"url\":\"https:\\\/\\\/radioljubuski.ba\\\/\",\"name\":\"Radio Ljubu\u0161ki\",\"description\":\"Sun\u010dana frekvencija Hercegovine\",\"publisher\":{\"@id\":\"https:\\\/\\\/radioljubuski.ba\\\/#organization\"},\"potentialAction\":[{\"@type\":\"SearchAction\",\"target\":{\"@type\":\"EntryPoint\",\"urlTemplate\":\"https:\\\/\\\/radioljubuski.ba\\\/?s={search_term_string}\"},\"query-input\":{\"@type\":\"PropertyValueSpecification\",\"valueRequired\":true,\"valueName\":\"search_term_string\"}}],\"inLanguage\":\"hr\"},{\"@type\":\"Organization\",\"@id\":\"https:\\\/\\\/radioljubuski.ba\\\/#organization\",\"name\":\"Radio Ljubu\u0161ki\",\"url\":\"https:\\\/\\\/radioljubuski.ba\\\/\",\"logo\":{\"@type\":\"ImageObject\",\"inLanguage\":\"hr\",\"@id\":\"https:\\\/\\\/radioljubuski.ba\\\/#\\\/schema\\\/logo\\\/image\\\/\",\"url\":\"https:\\\/\\\/radioljubuski.ba\\\/wp-content\\\/uploads\\\/2021\\\/02\\\/cropped-Radio_Ljubuski_logo1.jpg\",\"contentUrl\":\"https:\\\/\\\/radioljubuski.ba\\\/wp-content\\\/uploads\\\/2021\\\/02\\\/cropped-Radio_Ljubuski_logo1.jpg\",\"width\":512,\"height\":512,\"caption\":\"Radio Ljubu\u0161ki\"},\"image\":{\"@id\":\"https:\\\/\\\/radioljubuski.ba\\\/#\\\/schema\\\/logo\\\/image\\\/\"},\"sameAs\":[\"https:\\\/\\\/www.facebook.com\\\/Radiio-Ljubuski-1490835324566332\",\"https:\\\/\\\/x.com\\\/radioljubuski\",\"https:\\\/\\\/hr.linkedin.com\\\/company\\\/radio-ljubuski\",\"https:\\\/\\\/www.youtube.com\\\/channel\\\/UCHYaeO_n0Db3tjNGudGpXyw\"]},{\"@type\":\"Person\",\"@id\":\"https:\\\/\\\/radioljubuski.ba\\\/#\\\/schema\\\/person\\\/19fc700381a780f69665d7956c469e3b\",\"name\":\"Radio Ljubu\u0161ki\"}]}<\/script>\n<!-- \/ Yoast SEO plugin. -->","yoast_head_json":{"title":"Murphy : Mladi\u0107 i Karad\u017ei\u0107 nisu ratni heroji, oni su ratni zlo\u010dinci - RADIO LJUBU\u0160KI","robots":{"index":"index","follow":"follow","max-snippet":"max-snippet:-1","max-image-preview":"max-image-preview:large","max-video-preview":"max-video-preview:-1"},"canonical":"https:\/\/radioljubuski.ba\/index.php\/2022\/04\/15\/murphy-mladic-i-karadzic-nisu-ratni-heroji-oni-su-ratni-zlocinci\/","og_locale":"hr_HR","og_type":"article","og_title":"Murphy : Mladi\u0107 i Karad\u017ei\u0107 nisu ratni heroji, oni su ratni zlo\u010dinci - RADIO LJUBU\u0160KI","og_description":"Ameri\u010dki ambasador u Bosni i Hercegovini Michael J. Murphy danas je posjetio Memorijalni centar Poto\u010dari &#8211; Srebrenica i polo\u017eio cvije\u0107e na spomen obilje\u017eja i na taj na\u010din odao po\u010dast nevino ubijenim \u017ertvama genocida.&nbsp; Nakon odavanja po\u010dasti \u017ertvama genocida razgovarao je s predstavnicima Udru\u017eenja majkama Srebrenice. Zatim se sastao sa na\u010delnikom Op\u0107ine Srebrenica Mladenom Gruji\u010di\u0107em i [&hellip;]","og_url":"https:\/\/radioljubuski.ba\/index.php\/2022\/04\/15\/murphy-mladic-i-karadzic-nisu-ratni-heroji-oni-su-ratni-zlocinci\/","og_site_name":"RADIO LJUBU\u0160KI","article_publisher":"https:\/\/www.facebook.com\/Radiio-Ljubuski-1490835324566332","article_published_time":"2022-04-15T00:08:07+00:00","article_modified_time":"2022-04-15T00:08:08+00:00","og_image":[{"width":1000,"height":625,"url":"https:\/\/radioljubuski.ba\/wp-content\/uploads\/2022\/03\/murphy.jpg","type":"image\/jpeg"}],"author":"Radio Ljubu\u0161ki","twitter_card":"summary_large_image","twitter_creator":"@radioljubuski","twitter_site":"@radioljubuski","twitter_misc":{"Napisao\/la":"Radio Ljubu\u0161ki","Procijenjeno vrijeme \u010ditanja":"2 minute"},"schema":{"@context":"https:\/\/schema.org","@graph":[{"@type":"Article","@id":"https:\/\/radioljubuski.ba\/index.php\/2022\/04\/15\/murphy-mladic-i-karadzic-nisu-ratni-heroji-oni-su-ratni-zlocinci\/#article","isPartOf":{"@id":"https:\/\/radioljubuski.ba\/index.php\/2022\/04\/15\/murphy-mladic-i-karadzic-nisu-ratni-heroji-oni-su-ratni-zlocinci\/"},"author":{"name":"Radio Ljubu\u0161ki","@id":"https:\/\/radioljubuski.ba\/#\/schema\/person\/19fc700381a780f69665d7956c469e3b"},"headline":"Murphy : Mladi\u0107 i Karad\u017ei\u0107 nisu ratni heroji, oni su ratni zlo\u010dinci","datePublished":"2022-04-15T00:08:07+00:00","dateModified":"2022-04-15T00:08:08+00:00","mainEntityOfPage":{"@id":"https:\/\/radioljubuski.ba\/index.php\/2022\/04\/15\/murphy-mladic-i-karadzic-nisu-ratni-heroji-oni-su-ratni-zlocinci\/"},"wordCount":431,"publisher":{"@id":"https:\/\/radioljubuski.ba\/#organization"},"image":{"@id":"https:\/\/radioljubuski.ba\/index.php\/2022\/04\/15\/murphy-mladic-i-karadzic-nisu-ratni-heroji-oni-su-ratni-zlocinci\/#primaryimage"},"thumbnailUrl":"https:\/\/radioljubuski.ba\/wp-content\/uploads\/2022\/03\/murphy.jpg","articleSection":["BIH i regija"],"inLanguage":"hr"},{"@type":"WebPage","@id":"https:\/\/radioljubuski.ba\/index.php\/2022\/04\/15\/murphy-mladic-i-karadzic-nisu-ratni-heroji-oni-su-ratni-zlocinci\/","url":"https:\/\/radioljubuski.ba\/index.php\/2022\/04\/15\/murphy-mladic-i-karadzic-nisu-ratni-heroji-oni-su-ratni-zlocinci\/","name":"Murphy : Mladi\u0107 i Karad\u017ei\u0107 nisu ratni heroji, oni su ratni zlo\u010dinci - RADIO LJUBU\u0160KI","isPartOf":{"@id":"https:\/\/radioljubuski.ba\/#website"},"primaryImageOfPage":{"@id":"https:\/\/radioljubuski.ba\/index.php\/2022\/04\/15\/murphy-mladic-i-karadzic-nisu-ratni-heroji-oni-su-ratni-zlocinci\/#primaryimage"},"image":{"@id":"https:\/\/radioljubuski.ba\/index.php\/2022\/04\/15\/murphy-mladic-i-karadzic-nisu-ratni-heroji-oni-su-ratni-zlocinci\/#primaryimage"},"thumbnailUrl":"https:\/\/radioljubuski.ba\/wp-content\/uploads\/2022\/03\/murphy.jpg","datePublished":"2022-04-15T00:08:07+00:00","dateModified":"2022-04-15T00:08:08+00:00","breadcrumb":{"@id":"https:\/\/radioljubuski.ba\/index.php\/2022\/04\/15\/murphy-mladic-i-karadzic-nisu-ratni-heroji-oni-su-ratni-zlocinci\/#breadcrumb"},"inLanguage":"hr","potentialAction":[{"@type":"ReadAction","target":["https:\/\/radioljubuski.ba\/index.php\/2022\/04\/15\/murphy-mladic-i-karadzic-nisu-ratni-heroji-oni-su-ratni-zlocinci\/"]}]},{"@type":"ImageObject","inLanguage":"hr","@id":"https:\/\/radioljubuski.ba\/index.php\/2022\/04\/15\/murphy-mladic-i-karadzic-nisu-ratni-heroji-oni-su-ratni-zlocinci\/#primaryimage","url":"https:\/\/radioljubuski.ba\/wp-content\/uploads\/2022\/03\/murphy.jpg","contentUrl":"https:\/\/radioljubuski.ba\/wp-content\/uploads\/2022\/03\/murphy.jpg","width":1000,"height":625},{"@type":"BreadcrumbList","@id":"https:\/\/radioljubuski.ba\/index.php\/2022\/04\/15\/murphy-mladic-i-karadzic-nisu-ratni-heroji-oni-su-ratni-zlocinci\/#breadcrumb","itemListElement":[{"@type":"ListItem","position":1,"name":"Po\u010detna stranica","item":"https:\/\/radioljubuski.ba\/"},{"@type":"ListItem","position":2,"name":"Murphy : Mladi\u0107 i Karad\u017ei\u0107 nisu ratni heroji, oni su ratni zlo\u010dinci"}]},{"@type":"WebSite","@id":"https:\/\/radioljubuski.ba\/#website","url":"https:\/\/radioljubuski.ba\/","name":"Radio Ljubu\u0161ki","description":"Sun\u010dana frekvencija Hercegovine","publisher":{"@id":"https:\/\/radioljubuski.ba\/#organization"},"potentialAction":[{"@type":"SearchAction","target":{"@type":"EntryPoint","urlTemplate":"https:\/\/radioljubuski.ba\/?s={search_term_string}"},"query-input":{"@type":"PropertyValueSpecification","valueRequired":true,"valueName":"search_term_string"}}],"inLanguage":"hr"},{"@type":"Organization","@id":"https:\/\/radioljubuski.ba\/#organization","name":"Radio Ljubu\u0161ki","url":"https:\/\/radioljubuski.ba\/","logo":{"@type":"ImageObject","inLanguage":"hr","@id":"https:\/\/radioljubuski.ba\/#\/schema\/logo\/image\/","url":"https:\/\/radioljubuski.ba\/wp-content\/uploads\/2021\/02\/cropped-Radio_Ljubuski_logo1.jpg","contentUrl":"https:\/\/radioljubuski.ba\/wp-content\/uploads\/2021\/02\/cropped-Radio_Ljubuski_logo1.jpg","width":512,"height":512,"caption":"Radio Ljubu\u0161ki"},"image":{"@id":"https:\/\/radioljubuski.ba\/#\/schema\/logo\/image\/"},"sameAs":["https:\/\/www.facebook.com\/Radiio-Ljubuski-1490835324566332","https:\/\/x.com\/radioljubuski","https:\/\/hr.linkedin.com\/company\/radio-ljubuski","https:\/\/www.youtube.com\/channel\/UCHYaeO_n0Db3tjNGudGpXyw"]},{"@type":"Person","@id":"https:\/\/radioljubuski.ba\/#\/schema\/person\/19fc700381a780f69665d7956c469e3b","name":"Radio Ljubu\u0161ki"}]}},"_links":{"self":[{"href":"https:\/\/radioljubuski.ba\/index.php\/wp-json\/wp\/v2\/posts\/132789","targetHints":{"allow":["GET"]}}],"collection":[{"href":"https:\/\/radioljubuski.ba\/index.php\/wp-json\/wp\/v2\/posts"}],"about":[{"href":"https:\/\/radioljubuski.ba\/index.php\/wp-json\/wp\/v2\/types\/post"}],"author":[{"embeddable":true,"href":"https:\/\/radioljubuski.ba\/index.php\/wp-json\/wp\/v2\/users\/2"}],"replies":[{"embeddable":true,"href":"https:\/\/radioljubuski.ba\/index.php\/wp-json\/wp\/v2\/comments?post=132789"}],"version-history":[{"count":1,"href":"https:\/\/radioljubuski.ba\/index.php\/wp-json\/wp\/v2\/posts\/132789\/revisions"}],"predecessor-version":[{"id":132790,"href":"https:\/\/radioljubuski.ba\/index.php\/wp-json\/wp\/v2\/posts\/132789\/revisions\/132790"}],"wp:featuredmedia":[{"embeddable":true,"href":"https:\/\/radioljubuski.ba\/index.php\/wp-json\/wp\/v2\/media\/123588"}],"wp:attachment":[{"href":"https:\/\/radioljubuski.ba\/index.php\/wp-json\/wp\/v2\/media?parent=132789"}],"wp:term":[{"taxonomy":"category","embeddable":true,"href":"https:\/\/radioljubuski.ba\/index.php\/wp-json\/wp\/v2\/categories?post=132789"},{"taxonomy":"post_tag","embeddable":true,"href":"https:\/\/radioljubuski.ba\/index.php\/wp-json\/wp\/v2\/tags?post=132789"}],"curies":[{"name":"wp","href":"https:\/\/api.w.org\/{rel}","templated":true}]}}