{"id":132795,"date":"2022-04-15T01:13:27","date_gmt":"2022-04-15T00:13:27","guid":{"rendered":"https:\/\/radioljubuski.ba\/?p=132795"},"modified":"2022-04-15T01:13:27","modified_gmt":"2022-04-15T00:13:27","slug":"izrael-testirao-laserski-obrambeni-sustav-koji-presrece-dronove-projektile","status":"publish","type":"post","link":"https:\/\/radioljubuski.ba\/index.php\/2022\/04\/15\/izrael-testirao-laserski-obrambeni-sustav-koji-presrece-dronove-projektile\/","title":{"rendered":"Izrael testirao laserski obrambeni sustav koji presre\u0107e dronove, projektile"},"content":{"rendered":"\n<p>Izrael je ubrzao razvoj laserskih presreta\u010da u sklopu plana uvo\u0111enja novih vojnih tehnologija i radi rezanja visokih tro\u0161kova aktualnih sustava za ru\u0161enje dolaze\u0107ih projektila.<br><br>&#8211; Laser je revolucionaran jer je rije\u010d o sustavu kojim se lako barata, a ima i velike ekonomske prednosti. Na\u0161 je plan stacionirati vi\u0161estruke laserske transmitere du\u017e izraelske granice u idu\u0107em desetlje\u0107u, rekao je brigadni general&nbsp;<strong>Yaniv Rotem<\/strong>&nbsp;iz Odjela za obrambeno istra\u017eivanje i razvoj u ministarstvu obrane. Laserski sustav bio je sposoban presresti dronove, rakete i protutenkovske projektile u vi\u0161e scenarija,&nbsp;navodi ministarstvo.<br><br>Presreta\u010di \u0107e se koristiti laserima kako bi ru\u0161ili dolaze\u0107e dronove ili rakete kojima se najradije koriste gerilske skupine koje u\u017eivaju podr\u0161ku Irana, rekli su izraelski vojni izvori. Kada postane operativan, Izrael \u0107e laserski presreta\u010dki sustav rasporediti prvo na jugu gdje su izraelski gradovi redovito na udaru raketa koje ispaljuje Hamas, ali i druge militantne skupine u Gazi.<\/p>\n\n\n\n<p>Izvor:pogled.ba<\/p>\n","protected":false},"excerpt":{"rendered":"<p>Izrael je ubrzao razvoj laserskih presreta\u010da u sklopu plana uvo\u0111enja novih vojnih tehnologija i radi rezanja visokih tro\u0161kova aktualnih sustava za ru\u0161enje dolaze\u0107ih projektila. &#8211; Laser je revolucionaran jer je rije\u010d o sustavu kojim se lako barata, a ima i velike ekonomske prednosti. Na\u0161 je plan stacionirati vi\u0161estruke laserske transmitere du\u017e izraelske granice u idu\u0107em [&hellip;]<\/p>\n","protected":false},"author":2,"featured_media":132796,"comment_status":"closed","ping_status":"closed","sticky":false,"template":"","format":"standard","meta":{"h5ap_radio_sources":[],"footnotes":""},"categories":[1],"tags":[],"class_list":["post-132795","post","type-post","status-publish","format-standard","has-post-thumbnail","hentry","category-bihiregija"],"yoast_head":"<!-- This site is optimized with the Yoast SEO plugin v27.5 - https:\/\/yoast.com\/product\/yoast-seo-wordpress\/ -->\n<title>Izrael testirao laserski obrambeni sustav koji presre\u0107e dronove, projektile - RADIO LJUBU\u0160KI<\/title>\n<meta name=\"robots\" content=\"index, follow, max-snippet:-1, max-image-preview:large, max-video-preview:-1\" \/>\n<link rel=\"canonical\" href=\"https:\/\/radioljubuski.ba\/index.php\/2022\/04\/15\/izrael-testirao-laserski-obrambeni-sustav-koji-presrece-dronove-projektile\/\" \/>\n<meta property=\"og:locale\" content=\"hr_HR\" \/>\n<meta property=\"og:type\" content=\"article\" \/>\n<meta property=\"og:title\" content=\"Izrael testirao laserski obrambeni sustav koji presre\u0107e dronove, projektile - RADIO LJUBU\u0160KI\" \/>\n<meta property=\"og:description\" content=\"Izrael je ubrzao razvoj laserskih presreta\u010da u sklopu plana uvo\u0111enja novih vojnih tehnologija i radi rezanja visokih tro\u0161kova aktualnih sustava za ru\u0161enje dolaze\u0107ih projektila. &#8211; Laser je revolucionaran jer je rije\u010d o sustavu kojim se lako barata, a ima i velike ekonomske prednosti. Na\u0161 je plan stacionirati vi\u0161estruke laserske transmitere du\u017e izraelske granice u idu\u0107em [&hellip;]\" \/>\n<meta property=\"og:url\" content=\"https:\/\/radioljubuski.ba\/index.php\/2022\/04\/15\/izrael-testirao-laserski-obrambeni-sustav-koji-presrece-dronove-projektile\/\" \/>\n<meta property=\"og:site_name\" content=\"RADIO LJUBU\u0160KI\" \/>\n<meta property=\"article:publisher\" content=\"https:\/\/www.facebook.com\/Radiio-Ljubuski-1490835324566332\" \/>\n<meta property=\"article:published_time\" content=\"2022-04-15T00:13:27+00:00\" \/>\n<meta property=\"og:image\" content=\"https:\/\/radioljubuski.ba\/wp-content\/uploads\/2022\/04\/55-2.png\" \/>\n\t<meta property=\"og:image:width\" content=\"832\" \/>\n\t<meta property=\"og:image:height\" content=\"519\" \/>\n\t<meta property=\"og:image:type\" content=\"image\/png\" \/>\n<meta name=\"author\" content=\"Radio Ljubu\u0161ki\" \/>\n<meta name=\"twitter:card\" content=\"summary_large_image\" \/>\n<meta name=\"twitter:creator\" content=\"@radioljubuski\" \/>\n<meta name=\"twitter:site\" content=\"@radioljubuski\" \/>\n<meta name=\"twitter:label1\" content=\"Napisao\/la\" \/>\n\t<meta name=\"twitter:data1\" content=\"Radio Ljubu\u0161ki\" \/>\n\t<meta name=\"twitter:label2\" content=\"Procijenjeno vrijeme \u010ditanja\" \/>\n\t<meta name=\"twitter:data2\" content=\"1 minuta\" \/>\n<script type=\"application\/ld+json\" class=\"yoast-schema-graph\">{\"@context\":\"https:\\\/\\\/schema.org\",\"@graph\":[{\"@type\":\"Article\",\"@id\":\"https:\\\/\\\/radioljubuski.ba\\\/index.php\\\/2022\\\/04\\\/15\\\/izrael-testirao-laserski-obrambeni-sustav-koji-presrece-dronove-projektile\\\/#article\",\"isPartOf\":{\"@id\":\"https:\\\/\\\/radioljubuski.ba\\\/index.php\\\/2022\\\/04\\\/15\\\/izrael-testirao-laserski-obrambeni-sustav-koji-presrece-dronove-projektile\\\/\"},\"author\":{\"name\":\"Radio Ljubu\u0161ki\",\"@id\":\"https:\\\/\\\/radioljubuski.ba\\\/#\\\/schema\\\/person\\\/19fc700381a780f69665d7956c469e3b\"},\"headline\":\"Izrael testirao laserski obrambeni sustav koji presre\u0107e dronove, projektile\",\"datePublished\":\"2022-04-15T00:13:27+00:00\",\"mainEntityOfPage\":{\"@id\":\"https:\\\/\\\/radioljubuski.ba\\\/index.php\\\/2022\\\/04\\\/15\\\/izrael-testirao-laserski-obrambeni-sustav-koji-presrece-dronove-projektile\\\/\"},\"wordCount\":177,\"publisher\":{\"@id\":\"https:\\\/\\\/radioljubuski.ba\\\/#organization\"},\"image\":{\"@id\":\"https:\\\/\\\/radioljubuski.ba\\\/index.php\\\/2022\\\/04\\\/15\\\/izrael-testirao-laserski-obrambeni-sustav-koji-presrece-dronove-projektile\\\/#primaryimage\"},\"thumbnailUrl\":\"https:\\\/\\\/radioljubuski.ba\\\/wp-content\\\/uploads\\\/2022\\\/04\\\/55-2.png\",\"articleSection\":[\"BIH i regija\"],\"inLanguage\":\"hr\"},{\"@type\":\"WebPage\",\"@id\":\"https:\\\/\\\/radioljubuski.ba\\\/index.php\\\/2022\\\/04\\\/15\\\/izrael-testirao-laserski-obrambeni-sustav-koji-presrece-dronove-projektile\\\/\",\"url\":\"https:\\\/\\\/radioljubuski.ba\\\/index.php\\\/2022\\\/04\\\/15\\\/izrael-testirao-laserski-obrambeni-sustav-koji-presrece-dronove-projektile\\\/\",\"name\":\"Izrael testirao laserski obrambeni sustav koji presre\u0107e dronove, projektile - RADIO LJUBU\u0160KI\",\"isPartOf\":{\"@id\":\"https:\\\/\\\/radioljubuski.ba\\\/#website\"},\"primaryImageOfPage\":{\"@id\":\"https:\\\/\\\/radioljubuski.ba\\\/index.php\\\/2022\\\/04\\\/15\\\/izrael-testirao-laserski-obrambeni-sustav-koji-presrece-dronove-projektile\\\/#primaryimage\"},\"image\":{\"@id\":\"https:\\\/\\\/radioljubuski.ba\\\/index.php\\\/2022\\\/04\\\/15\\\/izrael-testirao-laserski-obrambeni-sustav-koji-presrece-dronove-projektile\\\/#primaryimage\"},\"thumbnailUrl\":\"https:\\\/\\\/radioljubuski.ba\\\/wp-content\\\/uploads\\\/2022\\\/04\\\/55-2.png\",\"datePublished\":\"2022-04-15T00:13:27+00:00\",\"breadcrumb\":{\"@id\":\"https:\\\/\\\/radioljubuski.ba\\\/index.php\\\/2022\\\/04\\\/15\\\/izrael-testirao-laserski-obrambeni-sustav-koji-presrece-dronove-projektile\\\/#breadcrumb\"},\"inLanguage\":\"hr\",\"potentialAction\":[{\"@type\":\"ReadAction\",\"target\":[\"https:\\\/\\\/radioljubuski.ba\\\/index.php\\\/2022\\\/04\\\/15\\\/izrael-testirao-laserski-obrambeni-sustav-koji-presrece-dronove-projektile\\\/\"]}]},{\"@type\":\"ImageObject\",\"inLanguage\":\"hr\",\"@id\":\"https:\\\/\\\/radioljubuski.ba\\\/index.php\\\/2022\\\/04\\\/15\\\/izrael-testirao-laserski-obrambeni-sustav-koji-presrece-dronove-projektile\\\/#primaryimage\",\"url\":\"https:\\\/\\\/radioljubuski.ba\\\/wp-content\\\/uploads\\\/2022\\\/04\\\/55-2.png\",\"contentUrl\":\"https:\\\/\\\/radioljubuski.ba\\\/wp-content\\\/uploads\\\/2022\\\/04\\\/55-2.png\",\"width\":832,\"height\":519},{\"@type\":\"BreadcrumbList\",\"@id\":\"https:\\\/\\\/radioljubuski.ba\\\/index.php\\\/2022\\\/04\\\/15\\\/izrael-testirao-laserski-obrambeni-sustav-koji-presrece-dronove-projektile\\\/#breadcrumb\",\"itemListElement\":[{\"@type\":\"ListItem\",\"position\":1,\"name\":\"Po\u010detna stranica\",\"item\":\"https:\\\/\\\/radioljubuski.ba\\\/\"},{\"@type\":\"ListItem\",\"position\":2,\"name\":\"Izrael testirao laserski obrambeni sustav koji presre\u0107e dronove, projektile\"}]},{\"@type\":\"WebSite\",\"@id\":\"https:\\\/\\\/radioljubuski.ba\\\/#website\",\"url\":\"https:\\\/\\\/radioljubuski.ba\\\/\",\"name\":\"Radio Ljubu\u0161ki\",\"description\":\"Sun\u010dana frekvencija Hercegovine\",\"publisher\":{\"@id\":\"https:\\\/\\\/radioljubuski.ba\\\/#organization\"},\"potentialAction\":[{\"@type\":\"SearchAction\",\"target\":{\"@type\":\"EntryPoint\",\"urlTemplate\":\"https:\\\/\\\/radioljubuski.ba\\\/?s={search_term_string}\"},\"query-input\":{\"@type\":\"PropertyValueSpecification\",\"valueRequired\":true,\"valueName\":\"search_term_string\"}}],\"inLanguage\":\"hr\"},{\"@type\":\"Organization\",\"@id\":\"https:\\\/\\\/radioljubuski.ba\\\/#organization\",\"name\":\"Radio Ljubu\u0161ki\",\"url\":\"https:\\\/\\\/radioljubuski.ba\\\/\",\"logo\":{\"@type\":\"ImageObject\",\"inLanguage\":\"hr\",\"@id\":\"https:\\\/\\\/radioljubuski.ba\\\/#\\\/schema\\\/logo\\\/image\\\/\",\"url\":\"https:\\\/\\\/radioljubuski.ba\\\/wp-content\\\/uploads\\\/2021\\\/02\\\/cropped-Radio_Ljubuski_logo1.jpg\",\"contentUrl\":\"https:\\\/\\\/radioljubuski.ba\\\/wp-content\\\/uploads\\\/2021\\\/02\\\/cropped-Radio_Ljubuski_logo1.jpg\",\"width\":512,\"height\":512,\"caption\":\"Radio Ljubu\u0161ki\"},\"image\":{\"@id\":\"https:\\\/\\\/radioljubuski.ba\\\/#\\\/schema\\\/logo\\\/image\\\/\"},\"sameAs\":[\"https:\\\/\\\/www.facebook.com\\\/Radiio-Ljubuski-1490835324566332\",\"https:\\\/\\\/x.com\\\/radioljubuski\",\"https:\\\/\\\/hr.linkedin.com\\\/company\\\/radio-ljubuski\",\"https:\\\/\\\/www.youtube.com\\\/channel\\\/UCHYaeO_n0Db3tjNGudGpXyw\"]},{\"@type\":\"Person\",\"@id\":\"https:\\\/\\\/radioljubuski.ba\\\/#\\\/schema\\\/person\\\/19fc700381a780f69665d7956c469e3b\",\"name\":\"Radio Ljubu\u0161ki\"}]}<\/script>\n<!-- \/ Yoast SEO plugin. -->","yoast_head_json":{"title":"Izrael testirao laserski obrambeni sustav koji presre\u0107e dronove, projektile - RADIO LJUBU\u0160KI","robots":{"index":"index","follow":"follow","max-snippet":"max-snippet:-1","max-image-preview":"max-image-preview:large","max-video-preview":"max-video-preview:-1"},"canonical":"https:\/\/radioljubuski.ba\/index.php\/2022\/04\/15\/izrael-testirao-laserski-obrambeni-sustav-koji-presrece-dronove-projektile\/","og_locale":"hr_HR","og_type":"article","og_title":"Izrael testirao laserski obrambeni sustav koji presre\u0107e dronove, projektile - RADIO LJUBU\u0160KI","og_description":"Izrael je ubrzao razvoj laserskih presreta\u010da u sklopu plana uvo\u0111enja novih vojnih tehnologija i radi rezanja visokih tro\u0161kova aktualnih sustava za ru\u0161enje dolaze\u0107ih projektila. &#8211; Laser je revolucionaran jer je rije\u010d o sustavu kojim se lako barata, a ima i velike ekonomske prednosti. Na\u0161 je plan stacionirati vi\u0161estruke laserske transmitere du\u017e izraelske granice u idu\u0107em [&hellip;]","og_url":"https:\/\/radioljubuski.ba\/index.php\/2022\/04\/15\/izrael-testirao-laserski-obrambeni-sustav-koji-presrece-dronove-projektile\/","og_site_name":"RADIO LJUBU\u0160KI","article_publisher":"https:\/\/www.facebook.com\/Radiio-Ljubuski-1490835324566332","article_published_time":"2022-04-15T00:13:27+00:00","og_image":[{"width":832,"height":519,"url":"https:\/\/radioljubuski.ba\/wp-content\/uploads\/2022\/04\/55-2.png","type":"image\/png"}],"author":"Radio Ljubu\u0161ki","twitter_card":"summary_large_image","twitter_creator":"@radioljubuski","twitter_site":"@radioljubuski","twitter_misc":{"Napisao\/la":"Radio Ljubu\u0161ki","Procijenjeno vrijeme \u010ditanja":"1 minuta"},"schema":{"@context":"https:\/\/schema.org","@graph":[{"@type":"Article","@id":"https:\/\/radioljubuski.ba\/index.php\/2022\/04\/15\/izrael-testirao-laserski-obrambeni-sustav-koji-presrece-dronove-projektile\/#article","isPartOf":{"@id":"https:\/\/radioljubuski.ba\/index.php\/2022\/04\/15\/izrael-testirao-laserski-obrambeni-sustav-koji-presrece-dronove-projektile\/"},"author":{"name":"Radio Ljubu\u0161ki","@id":"https:\/\/radioljubuski.ba\/#\/schema\/person\/19fc700381a780f69665d7956c469e3b"},"headline":"Izrael testirao laserski obrambeni sustav koji presre\u0107e dronove, projektile","datePublished":"2022-04-15T00:13:27+00:00","mainEntityOfPage":{"@id":"https:\/\/radioljubuski.ba\/index.php\/2022\/04\/15\/izrael-testirao-laserski-obrambeni-sustav-koji-presrece-dronove-projektile\/"},"wordCount":177,"publisher":{"@id":"https:\/\/radioljubuski.ba\/#organization"},"image":{"@id":"https:\/\/radioljubuski.ba\/index.php\/2022\/04\/15\/izrael-testirao-laserski-obrambeni-sustav-koji-presrece-dronove-projektile\/#primaryimage"},"thumbnailUrl":"https:\/\/radioljubuski.ba\/wp-content\/uploads\/2022\/04\/55-2.png","articleSection":["BIH i regija"],"inLanguage":"hr"},{"@type":"WebPage","@id":"https:\/\/radioljubuski.ba\/index.php\/2022\/04\/15\/izrael-testirao-laserski-obrambeni-sustav-koji-presrece-dronove-projektile\/","url":"https:\/\/radioljubuski.ba\/index.php\/2022\/04\/15\/izrael-testirao-laserski-obrambeni-sustav-koji-presrece-dronove-projektile\/","name":"Izrael testirao laserski obrambeni sustav koji presre\u0107e dronove, projektile - RADIO LJUBU\u0160KI","isPartOf":{"@id":"https:\/\/radioljubuski.ba\/#website"},"primaryImageOfPage":{"@id":"https:\/\/radioljubuski.ba\/index.php\/2022\/04\/15\/izrael-testirao-laserski-obrambeni-sustav-koji-presrece-dronove-projektile\/#primaryimage"},"image":{"@id":"https:\/\/radioljubuski.ba\/index.php\/2022\/04\/15\/izrael-testirao-laserski-obrambeni-sustav-koji-presrece-dronove-projektile\/#primaryimage"},"thumbnailUrl":"https:\/\/radioljubuski.ba\/wp-content\/uploads\/2022\/04\/55-2.png","datePublished":"2022-04-15T00:13:27+00:00","breadcrumb":{"@id":"https:\/\/radioljubuski.ba\/index.php\/2022\/04\/15\/izrael-testirao-laserski-obrambeni-sustav-koji-presrece-dronove-projektile\/#breadcrumb"},"inLanguage":"hr","potentialAction":[{"@type":"ReadAction","target":["https:\/\/radioljubuski.ba\/index.php\/2022\/04\/15\/izrael-testirao-laserski-obrambeni-sustav-koji-presrece-dronove-projektile\/"]}]},{"@type":"ImageObject","inLanguage":"hr","@id":"https:\/\/radioljubuski.ba\/index.php\/2022\/04\/15\/izrael-testirao-laserski-obrambeni-sustav-koji-presrece-dronove-projektile\/#primaryimage","url":"https:\/\/radioljubuski.ba\/wp-content\/uploads\/2022\/04\/55-2.png","contentUrl":"https:\/\/radioljubuski.ba\/wp-content\/uploads\/2022\/04\/55-2.png","width":832,"height":519},{"@type":"BreadcrumbList","@id":"https:\/\/radioljubuski.ba\/index.php\/2022\/04\/15\/izrael-testirao-laserski-obrambeni-sustav-koji-presrece-dronove-projektile\/#breadcrumb","itemListElement":[{"@type":"ListItem","position":1,"name":"Po\u010detna stranica","item":"https:\/\/radioljubuski.ba\/"},{"@type":"ListItem","position":2,"name":"Izrael testirao laserski obrambeni sustav koji presre\u0107e dronove, projektile"}]},{"@type":"WebSite","@id":"https:\/\/radioljubuski.ba\/#website","url":"https:\/\/radioljubuski.ba\/","name":"Radio Ljubu\u0161ki","description":"Sun\u010dana frekvencija Hercegovine","publisher":{"@id":"https:\/\/radioljubuski.ba\/#organization"},"potentialAction":[{"@type":"SearchAction","target":{"@type":"EntryPoint","urlTemplate":"https:\/\/radioljubuski.ba\/?s={search_term_string}"},"query-input":{"@type":"PropertyValueSpecification","valueRequired":true,"valueName":"search_term_string"}}],"inLanguage":"hr"},{"@type":"Organization","@id":"https:\/\/radioljubuski.ba\/#organization","name":"Radio Ljubu\u0161ki","url":"https:\/\/radioljubuski.ba\/","logo":{"@type":"ImageObject","inLanguage":"hr","@id":"https:\/\/radioljubuski.ba\/#\/schema\/logo\/image\/","url":"https:\/\/radioljubuski.ba\/wp-content\/uploads\/2021\/02\/cropped-Radio_Ljubuski_logo1.jpg","contentUrl":"https:\/\/radioljubuski.ba\/wp-content\/uploads\/2021\/02\/cropped-Radio_Ljubuski_logo1.jpg","width":512,"height":512,"caption":"Radio Ljubu\u0161ki"},"image":{"@id":"https:\/\/radioljubuski.ba\/#\/schema\/logo\/image\/"},"sameAs":["https:\/\/www.facebook.com\/Radiio-Ljubuski-1490835324566332","https:\/\/x.com\/radioljubuski","https:\/\/hr.linkedin.com\/company\/radio-ljubuski","https:\/\/www.youtube.com\/channel\/UCHYaeO_n0Db3tjNGudGpXyw"]},{"@type":"Person","@id":"https:\/\/radioljubuski.ba\/#\/schema\/person\/19fc700381a780f69665d7956c469e3b","name":"Radio Ljubu\u0161ki"}]}},"_links":{"self":[{"href":"https:\/\/radioljubuski.ba\/index.php\/wp-json\/wp\/v2\/posts\/132795","targetHints":{"allow":["GET"]}}],"collection":[{"href":"https:\/\/radioljubuski.ba\/index.php\/wp-json\/wp\/v2\/posts"}],"about":[{"href":"https:\/\/radioljubuski.ba\/index.php\/wp-json\/wp\/v2\/types\/post"}],"author":[{"embeddable":true,"href":"https:\/\/radioljubuski.ba\/index.php\/wp-json\/wp\/v2\/users\/2"}],"replies":[{"embeddable":true,"href":"https:\/\/radioljubuski.ba\/index.php\/wp-json\/wp\/v2\/comments?post=132795"}],"version-history":[{"count":1,"href":"https:\/\/radioljubuski.ba\/index.php\/wp-json\/wp\/v2\/posts\/132795\/revisions"}],"predecessor-version":[{"id":132797,"href":"https:\/\/radioljubuski.ba\/index.php\/wp-json\/wp\/v2\/posts\/132795\/revisions\/132797"}],"wp:featuredmedia":[{"embeddable":true,"href":"https:\/\/radioljubuski.ba\/index.php\/wp-json\/wp\/v2\/media\/132796"}],"wp:attachment":[{"href":"https:\/\/radioljubuski.ba\/index.php\/wp-json\/wp\/v2\/media?parent=132795"}],"wp:term":[{"taxonomy":"category","embeddable":true,"href":"https:\/\/radioljubuski.ba\/index.php\/wp-json\/wp\/v2\/categories?post=132795"},{"taxonomy":"post_tag","embeddable":true,"href":"https:\/\/radioljubuski.ba\/index.php\/wp-json\/wp\/v2\/tags?post=132795"}],"curies":[{"name":"wp","href":"https:\/\/api.w.org\/{rel}","templated":true}]}}