{"id":132806,"date":"2022-04-15T01:47:25","date_gmt":"2022-04-15T00:47:25","guid":{"rendered":"https:\/\/radioljubuski.ba\/?p=132806"},"modified":"2022-04-15T01:47:26","modified_gmt":"2022-04-15T00:47:26","slug":"prvi-europski-polufinale-leicester-cityja-u-povijesti","status":"publish","type":"post","link":"https:\/\/radioljubuski.ba\/index.php\/2022\/04\/15\/prvi-europski-polufinale-leicester-cityja-u-povijesti\/","title":{"rendered":"Prvi europski polufinale Leicester Cityja u povijesti"},"content":{"rendered":"\n<p><strong>Preokretom u Eindhovenu protiv PSV-a i pobjedom 2-1 nogometa\u0161i Leicestera kao prvi su se plasirali u polufinale Konferencijske lige.<\/strong><\/p>\n\n\n\n<p>Nakon \u0161to je prva utakmica zavr\u0161ila bez golova, u uzvratu je PSV kao doma\u0107in poveo u 27. minuti. Strijelac je bio Izraelac<strong>&nbsp;Eran Zahavi&nbsp;<\/strong>koji je spretno, potpuno iskosa, pogodio suparni\u010dku mre\u017eu.<\/p>\n\n\n\n<p>Sve do zavr\u0161nice PSV je \u010duvao prednost i plasman u polufinale, ali onda se dogodio potpuni preokret. U 77. minuti je<strong>&nbsp;Ayoze Perez<\/strong>&nbsp;sjajno prevario suparni\u010dkog igra\u010da i idealno uposlio&nbsp;<strong>Maddisona<\/strong>, koji poga\u0111a za izjedna\u010denje na 1-1, a u 88. minuti gosti su kreirali preokret. Portugalac&nbsp;<strong>Ricardo Pereira<\/strong>&nbsp;je tada pogodio za 2-1 i prvi polufinale Leicestera u nekom europskom natjecanju u klupskoj povijesti.<\/p>\n\n\n\n<p>U nastavku ve\u010deri uzvratne \u0107e utakmice \u010detvrtfinala odigrati Roma &#8211; Bodo (prva utakmica 1-2), PAOK &#8211; Marseille (1-2) i Slavia Prag &#8211; Feyenoord (3-3).<\/p>\n\n\n\n<p>Konferencijska liga, \u010detvrtfinale (uzvratna utakmica):<\/p>\n\n\n\n<p>PSV Eindhoven &#8211; Leicester 1-2 (Zahavi 27 \/ Maddison 77, Ricardo Pereira 88), prva utakmica 0-0<\/p>\n\n\n\n<p>Izvor:hrt.hr<\/p>\n","protected":false},"excerpt":{"rendered":"<p>Preokretom u Eindhovenu protiv PSV-a i pobjedom 2-1 nogometa\u0161i Leicestera kao prvi su se plasirali u polufinale Konferencijske lige. Nakon \u0161to je prva utakmica zavr\u0161ila bez golova, u uzvratu je PSV kao doma\u0107in poveo u 27. minuti. Strijelac je bio Izraelac&nbsp;Eran Zahavi&nbsp;koji je spretno, potpuno iskosa, pogodio suparni\u010dku mre\u017eu. Sve do zavr\u0161nice PSV je \u010duvao [&hellip;]<\/p>\n","protected":false},"author":2,"featured_media":132807,"comment_status":"closed","ping_status":"closed","sticky":false,"template":"","format":"standard","meta":{"h5ap_radio_sources":[],"footnotes":""},"categories":[7],"tags":[],"class_list":["post-132806","post","type-post","status-publish","format-standard","has-post-thumbnail","hentry","category-sport"],"yoast_head":"<!-- This site is optimized with the Yoast SEO plugin v27.5 - https:\/\/yoast.com\/product\/yoast-seo-wordpress\/ -->\n<title>Prvi europski polufinale Leicester Cityja u povijesti - RADIO LJUBU\u0160KI<\/title>\n<meta name=\"robots\" content=\"index, follow, max-snippet:-1, max-image-preview:large, max-video-preview:-1\" \/>\n<link rel=\"canonical\" href=\"https:\/\/radioljubuski.ba\/index.php\/2022\/04\/15\/prvi-europski-polufinale-leicester-cityja-u-povijesti\/\" \/>\n<meta property=\"og:locale\" content=\"hr_HR\" \/>\n<meta property=\"og:type\" content=\"article\" \/>\n<meta property=\"og:title\" content=\"Prvi europski polufinale Leicester Cityja u povijesti - RADIO LJUBU\u0160KI\" \/>\n<meta property=\"og:description\" content=\"Preokretom u Eindhovenu protiv PSV-a i pobjedom 2-1 nogometa\u0161i Leicestera kao prvi su se plasirali u polufinale Konferencijske lige. Nakon \u0161to je prva utakmica zavr\u0161ila bez golova, u uzvratu je PSV kao doma\u0107in poveo u 27. minuti. Strijelac je bio Izraelac&nbsp;Eran Zahavi&nbsp;koji je spretno, potpuno iskosa, pogodio suparni\u010dku mre\u017eu. Sve do zavr\u0161nice PSV je \u010duvao [&hellip;]\" \/>\n<meta property=\"og:url\" content=\"https:\/\/radioljubuski.ba\/index.php\/2022\/04\/15\/prvi-europski-polufinale-leicester-cityja-u-povijesti\/\" \/>\n<meta property=\"og:site_name\" content=\"RADIO LJUBU\u0160KI\" \/>\n<meta property=\"article:publisher\" content=\"https:\/\/www.facebook.com\/Radiio-Ljubuski-1490835324566332\" \/>\n<meta property=\"article:published_time\" content=\"2022-04-15T00:47:25+00:00\" \/>\n<meta property=\"article:modified_time\" content=\"2022-04-15T00:47:26+00:00\" \/>\n<meta property=\"og:image\" content=\"https:\/\/radioljubuski.ba\/wp-content\/uploads\/2022\/04\/leicester-2022-04-14t183442z-222372904-up1ei4e1flr5u-rtrmadp-3-soccer-europaconf-psv-lei-report-20220414184455.jpg\" \/>\n\t<meta property=\"og:image:width\" content=\"1600\" \/>\n\t<meta property=\"og:image:height\" content=\"1058\" \/>\n\t<meta property=\"og:image:type\" content=\"image\/jpeg\" \/>\n<meta name=\"author\" content=\"Radio Ljubu\u0161ki\" \/>\n<meta name=\"twitter:card\" content=\"summary_large_image\" \/>\n<meta name=\"twitter:creator\" content=\"@radioljubuski\" \/>\n<meta name=\"twitter:site\" content=\"@radioljubuski\" \/>\n<meta name=\"twitter:label1\" content=\"Napisao\/la\" \/>\n\t<meta name=\"twitter:data1\" content=\"Radio Ljubu\u0161ki\" \/>\n\t<meta name=\"twitter:label2\" content=\"Procijenjeno vrijeme \u010ditanja\" \/>\n\t<meta name=\"twitter:data2\" content=\"1 minuta\" \/>\n<script type=\"application\/ld+json\" class=\"yoast-schema-graph\">{\"@context\":\"https:\\\/\\\/schema.org\",\"@graph\":[{\"@type\":\"Article\",\"@id\":\"https:\\\/\\\/radioljubuski.ba\\\/index.php\\\/2022\\\/04\\\/15\\\/prvi-europski-polufinale-leicester-cityja-u-povijesti\\\/#article\",\"isPartOf\":{\"@id\":\"https:\\\/\\\/radioljubuski.ba\\\/index.php\\\/2022\\\/04\\\/15\\\/prvi-europski-polufinale-leicester-cityja-u-povijesti\\\/\"},\"author\":{\"name\":\"Radio Ljubu\u0161ki\",\"@id\":\"https:\\\/\\\/radioljubuski.ba\\\/#\\\/schema\\\/person\\\/19fc700381a780f69665d7956c469e3b\"},\"headline\":\"Prvi europski polufinale Leicester Cityja u povijesti\",\"datePublished\":\"2022-04-15T00:47:25+00:00\",\"dateModified\":\"2022-04-15T00:47:26+00:00\",\"mainEntityOfPage\":{\"@id\":\"https:\\\/\\\/radioljubuski.ba\\\/index.php\\\/2022\\\/04\\\/15\\\/prvi-europski-polufinale-leicester-cityja-u-povijesti\\\/\"},\"wordCount\":181,\"publisher\":{\"@id\":\"https:\\\/\\\/radioljubuski.ba\\\/#organization\"},\"image\":{\"@id\":\"https:\\\/\\\/radioljubuski.ba\\\/index.php\\\/2022\\\/04\\\/15\\\/prvi-europski-polufinale-leicester-cityja-u-povijesti\\\/#primaryimage\"},\"thumbnailUrl\":\"https:\\\/\\\/radioljubuski.ba\\\/wp-content\\\/uploads\\\/2022\\\/04\\\/leicester-2022-04-14t183442z-222372904-up1ei4e1flr5u-rtrmadp-3-soccer-europaconf-psv-lei-report-20220414184455.jpg\",\"articleSection\":[\"\u0160port\"],\"inLanguage\":\"hr\"},{\"@type\":\"WebPage\",\"@id\":\"https:\\\/\\\/radioljubuski.ba\\\/index.php\\\/2022\\\/04\\\/15\\\/prvi-europski-polufinale-leicester-cityja-u-povijesti\\\/\",\"url\":\"https:\\\/\\\/radioljubuski.ba\\\/index.php\\\/2022\\\/04\\\/15\\\/prvi-europski-polufinale-leicester-cityja-u-povijesti\\\/\",\"name\":\"Prvi europski polufinale Leicester Cityja u povijesti - RADIO LJUBU\u0160KI\",\"isPartOf\":{\"@id\":\"https:\\\/\\\/radioljubuski.ba\\\/#website\"},\"primaryImageOfPage\":{\"@id\":\"https:\\\/\\\/radioljubuski.ba\\\/index.php\\\/2022\\\/04\\\/15\\\/prvi-europski-polufinale-leicester-cityja-u-povijesti\\\/#primaryimage\"},\"image\":{\"@id\":\"https:\\\/\\\/radioljubuski.ba\\\/index.php\\\/2022\\\/04\\\/15\\\/prvi-europski-polufinale-leicester-cityja-u-povijesti\\\/#primaryimage\"},\"thumbnailUrl\":\"https:\\\/\\\/radioljubuski.ba\\\/wp-content\\\/uploads\\\/2022\\\/04\\\/leicester-2022-04-14t183442z-222372904-up1ei4e1flr5u-rtrmadp-3-soccer-europaconf-psv-lei-report-20220414184455.jpg\",\"datePublished\":\"2022-04-15T00:47:25+00:00\",\"dateModified\":\"2022-04-15T00:47:26+00:00\",\"breadcrumb\":{\"@id\":\"https:\\\/\\\/radioljubuski.ba\\\/index.php\\\/2022\\\/04\\\/15\\\/prvi-europski-polufinale-leicester-cityja-u-povijesti\\\/#breadcrumb\"},\"inLanguage\":\"hr\",\"potentialAction\":[{\"@type\":\"ReadAction\",\"target\":[\"https:\\\/\\\/radioljubuski.ba\\\/index.php\\\/2022\\\/04\\\/15\\\/prvi-europski-polufinale-leicester-cityja-u-povijesti\\\/\"]}]},{\"@type\":\"ImageObject\",\"inLanguage\":\"hr\",\"@id\":\"https:\\\/\\\/radioljubuski.ba\\\/index.php\\\/2022\\\/04\\\/15\\\/prvi-europski-polufinale-leicester-cityja-u-povijesti\\\/#primaryimage\",\"url\":\"https:\\\/\\\/radioljubuski.ba\\\/wp-content\\\/uploads\\\/2022\\\/04\\\/leicester-2022-04-14t183442z-222372904-up1ei4e1flr5u-rtrmadp-3-soccer-europaconf-psv-lei-report-20220414184455.jpg\",\"contentUrl\":\"https:\\\/\\\/radioljubuski.ba\\\/wp-content\\\/uploads\\\/2022\\\/04\\\/leicester-2022-04-14t183442z-222372904-up1ei4e1flr5u-rtrmadp-3-soccer-europaconf-psv-lei-report-20220414184455.jpg\",\"width\":1600,\"height\":1058},{\"@type\":\"BreadcrumbList\",\"@id\":\"https:\\\/\\\/radioljubuski.ba\\\/index.php\\\/2022\\\/04\\\/15\\\/prvi-europski-polufinale-leicester-cityja-u-povijesti\\\/#breadcrumb\",\"itemListElement\":[{\"@type\":\"ListItem\",\"position\":1,\"name\":\"Po\u010detna stranica\",\"item\":\"https:\\\/\\\/radioljubuski.ba\\\/\"},{\"@type\":\"ListItem\",\"position\":2,\"name\":\"Prvi europski polufinale Leicester Cityja u povijesti\"}]},{\"@type\":\"WebSite\",\"@id\":\"https:\\\/\\\/radioljubuski.ba\\\/#website\",\"url\":\"https:\\\/\\\/radioljubuski.ba\\\/\",\"name\":\"Radio Ljubu\u0161ki\",\"description\":\"Sun\u010dana frekvencija Hercegovine\",\"publisher\":{\"@id\":\"https:\\\/\\\/radioljubuski.ba\\\/#organization\"},\"potentialAction\":[{\"@type\":\"SearchAction\",\"target\":{\"@type\":\"EntryPoint\",\"urlTemplate\":\"https:\\\/\\\/radioljubuski.ba\\\/?s={search_term_string}\"},\"query-input\":{\"@type\":\"PropertyValueSpecification\",\"valueRequired\":true,\"valueName\":\"search_term_string\"}}],\"inLanguage\":\"hr\"},{\"@type\":\"Organization\",\"@id\":\"https:\\\/\\\/radioljubuski.ba\\\/#organization\",\"name\":\"Radio Ljubu\u0161ki\",\"url\":\"https:\\\/\\\/radioljubuski.ba\\\/\",\"logo\":{\"@type\":\"ImageObject\",\"inLanguage\":\"hr\",\"@id\":\"https:\\\/\\\/radioljubuski.ba\\\/#\\\/schema\\\/logo\\\/image\\\/\",\"url\":\"https:\\\/\\\/radioljubuski.ba\\\/wp-content\\\/uploads\\\/2021\\\/02\\\/cropped-Radio_Ljubuski_logo1.jpg\",\"contentUrl\":\"https:\\\/\\\/radioljubuski.ba\\\/wp-content\\\/uploads\\\/2021\\\/02\\\/cropped-Radio_Ljubuski_logo1.jpg\",\"width\":512,\"height\":512,\"caption\":\"Radio Ljubu\u0161ki\"},\"image\":{\"@id\":\"https:\\\/\\\/radioljubuski.ba\\\/#\\\/schema\\\/logo\\\/image\\\/\"},\"sameAs\":[\"https:\\\/\\\/www.facebook.com\\\/Radiio-Ljubuski-1490835324566332\",\"https:\\\/\\\/x.com\\\/radioljubuski\",\"https:\\\/\\\/hr.linkedin.com\\\/company\\\/radio-ljubuski\",\"https:\\\/\\\/www.youtube.com\\\/channel\\\/UCHYaeO_n0Db3tjNGudGpXyw\"]},{\"@type\":\"Person\",\"@id\":\"https:\\\/\\\/radioljubuski.ba\\\/#\\\/schema\\\/person\\\/19fc700381a780f69665d7956c469e3b\",\"name\":\"Radio Ljubu\u0161ki\"}]}<\/script>\n<!-- \/ Yoast SEO plugin. -->","yoast_head_json":{"title":"Prvi europski polufinale Leicester Cityja u povijesti - RADIO LJUBU\u0160KI","robots":{"index":"index","follow":"follow","max-snippet":"max-snippet:-1","max-image-preview":"max-image-preview:large","max-video-preview":"max-video-preview:-1"},"canonical":"https:\/\/radioljubuski.ba\/index.php\/2022\/04\/15\/prvi-europski-polufinale-leicester-cityja-u-povijesti\/","og_locale":"hr_HR","og_type":"article","og_title":"Prvi europski polufinale Leicester Cityja u povijesti - RADIO LJUBU\u0160KI","og_description":"Preokretom u Eindhovenu protiv PSV-a i pobjedom 2-1 nogometa\u0161i Leicestera kao prvi su se plasirali u polufinale Konferencijske lige. Nakon \u0161to je prva utakmica zavr\u0161ila bez golova, u uzvratu je PSV kao doma\u0107in poveo u 27. minuti. Strijelac je bio Izraelac&nbsp;Eran Zahavi&nbsp;koji je spretno, potpuno iskosa, pogodio suparni\u010dku mre\u017eu. Sve do zavr\u0161nice PSV je \u010duvao [&hellip;]","og_url":"https:\/\/radioljubuski.ba\/index.php\/2022\/04\/15\/prvi-europski-polufinale-leicester-cityja-u-povijesti\/","og_site_name":"RADIO LJUBU\u0160KI","article_publisher":"https:\/\/www.facebook.com\/Radiio-Ljubuski-1490835324566332","article_published_time":"2022-04-15T00:47:25+00:00","article_modified_time":"2022-04-15T00:47:26+00:00","og_image":[{"width":1600,"height":1058,"url":"https:\/\/radioljubuski.ba\/wp-content\/uploads\/2022\/04\/leicester-2022-04-14t183442z-222372904-up1ei4e1flr5u-rtrmadp-3-soccer-europaconf-psv-lei-report-20220414184455.jpg","type":"image\/jpeg"}],"author":"Radio Ljubu\u0161ki","twitter_card":"summary_large_image","twitter_creator":"@radioljubuski","twitter_site":"@radioljubuski","twitter_misc":{"Napisao\/la":"Radio Ljubu\u0161ki","Procijenjeno vrijeme \u010ditanja":"1 minuta"},"schema":{"@context":"https:\/\/schema.org","@graph":[{"@type":"Article","@id":"https:\/\/radioljubuski.ba\/index.php\/2022\/04\/15\/prvi-europski-polufinale-leicester-cityja-u-povijesti\/#article","isPartOf":{"@id":"https:\/\/radioljubuski.ba\/index.php\/2022\/04\/15\/prvi-europski-polufinale-leicester-cityja-u-povijesti\/"},"author":{"name":"Radio Ljubu\u0161ki","@id":"https:\/\/radioljubuski.ba\/#\/schema\/person\/19fc700381a780f69665d7956c469e3b"},"headline":"Prvi europski polufinale Leicester Cityja u povijesti","datePublished":"2022-04-15T00:47:25+00:00","dateModified":"2022-04-15T00:47:26+00:00","mainEntityOfPage":{"@id":"https:\/\/radioljubuski.ba\/index.php\/2022\/04\/15\/prvi-europski-polufinale-leicester-cityja-u-povijesti\/"},"wordCount":181,"publisher":{"@id":"https:\/\/radioljubuski.ba\/#organization"},"image":{"@id":"https:\/\/radioljubuski.ba\/index.php\/2022\/04\/15\/prvi-europski-polufinale-leicester-cityja-u-povijesti\/#primaryimage"},"thumbnailUrl":"https:\/\/radioljubuski.ba\/wp-content\/uploads\/2022\/04\/leicester-2022-04-14t183442z-222372904-up1ei4e1flr5u-rtrmadp-3-soccer-europaconf-psv-lei-report-20220414184455.jpg","articleSection":["\u0160port"],"inLanguage":"hr"},{"@type":"WebPage","@id":"https:\/\/radioljubuski.ba\/index.php\/2022\/04\/15\/prvi-europski-polufinale-leicester-cityja-u-povijesti\/","url":"https:\/\/radioljubuski.ba\/index.php\/2022\/04\/15\/prvi-europski-polufinale-leicester-cityja-u-povijesti\/","name":"Prvi europski polufinale Leicester Cityja u povijesti - RADIO LJUBU\u0160KI","isPartOf":{"@id":"https:\/\/radioljubuski.ba\/#website"},"primaryImageOfPage":{"@id":"https:\/\/radioljubuski.ba\/index.php\/2022\/04\/15\/prvi-europski-polufinale-leicester-cityja-u-povijesti\/#primaryimage"},"image":{"@id":"https:\/\/radioljubuski.ba\/index.php\/2022\/04\/15\/prvi-europski-polufinale-leicester-cityja-u-povijesti\/#primaryimage"},"thumbnailUrl":"https:\/\/radioljubuski.ba\/wp-content\/uploads\/2022\/04\/leicester-2022-04-14t183442z-222372904-up1ei4e1flr5u-rtrmadp-3-soccer-europaconf-psv-lei-report-20220414184455.jpg","datePublished":"2022-04-15T00:47:25+00:00","dateModified":"2022-04-15T00:47:26+00:00","breadcrumb":{"@id":"https:\/\/radioljubuski.ba\/index.php\/2022\/04\/15\/prvi-europski-polufinale-leicester-cityja-u-povijesti\/#breadcrumb"},"inLanguage":"hr","potentialAction":[{"@type":"ReadAction","target":["https:\/\/radioljubuski.ba\/index.php\/2022\/04\/15\/prvi-europski-polufinale-leicester-cityja-u-povijesti\/"]}]},{"@type":"ImageObject","inLanguage":"hr","@id":"https:\/\/radioljubuski.ba\/index.php\/2022\/04\/15\/prvi-europski-polufinale-leicester-cityja-u-povijesti\/#primaryimage","url":"https:\/\/radioljubuski.ba\/wp-content\/uploads\/2022\/04\/leicester-2022-04-14t183442z-222372904-up1ei4e1flr5u-rtrmadp-3-soccer-europaconf-psv-lei-report-20220414184455.jpg","contentUrl":"https:\/\/radioljubuski.ba\/wp-content\/uploads\/2022\/04\/leicester-2022-04-14t183442z-222372904-up1ei4e1flr5u-rtrmadp-3-soccer-europaconf-psv-lei-report-20220414184455.jpg","width":1600,"height":1058},{"@type":"BreadcrumbList","@id":"https:\/\/radioljubuski.ba\/index.php\/2022\/04\/15\/prvi-europski-polufinale-leicester-cityja-u-povijesti\/#breadcrumb","itemListElement":[{"@type":"ListItem","position":1,"name":"Po\u010detna stranica","item":"https:\/\/radioljubuski.ba\/"},{"@type":"ListItem","position":2,"name":"Prvi europski polufinale Leicester Cityja u povijesti"}]},{"@type":"WebSite","@id":"https:\/\/radioljubuski.ba\/#website","url":"https:\/\/radioljubuski.ba\/","name":"Radio Ljubu\u0161ki","description":"Sun\u010dana frekvencija Hercegovine","publisher":{"@id":"https:\/\/radioljubuski.ba\/#organization"},"potentialAction":[{"@type":"SearchAction","target":{"@type":"EntryPoint","urlTemplate":"https:\/\/radioljubuski.ba\/?s={search_term_string}"},"query-input":{"@type":"PropertyValueSpecification","valueRequired":true,"valueName":"search_term_string"}}],"inLanguage":"hr"},{"@type":"Organization","@id":"https:\/\/radioljubuski.ba\/#organization","name":"Radio Ljubu\u0161ki","url":"https:\/\/radioljubuski.ba\/","logo":{"@type":"ImageObject","inLanguage":"hr","@id":"https:\/\/radioljubuski.ba\/#\/schema\/logo\/image\/","url":"https:\/\/radioljubuski.ba\/wp-content\/uploads\/2021\/02\/cropped-Radio_Ljubuski_logo1.jpg","contentUrl":"https:\/\/radioljubuski.ba\/wp-content\/uploads\/2021\/02\/cropped-Radio_Ljubuski_logo1.jpg","width":512,"height":512,"caption":"Radio Ljubu\u0161ki"},"image":{"@id":"https:\/\/radioljubuski.ba\/#\/schema\/logo\/image\/"},"sameAs":["https:\/\/www.facebook.com\/Radiio-Ljubuski-1490835324566332","https:\/\/x.com\/radioljubuski","https:\/\/hr.linkedin.com\/company\/radio-ljubuski","https:\/\/www.youtube.com\/channel\/UCHYaeO_n0Db3tjNGudGpXyw"]},{"@type":"Person","@id":"https:\/\/radioljubuski.ba\/#\/schema\/person\/19fc700381a780f69665d7956c469e3b","name":"Radio Ljubu\u0161ki"}]}},"_links":{"self":[{"href":"https:\/\/radioljubuski.ba\/index.php\/wp-json\/wp\/v2\/posts\/132806","targetHints":{"allow":["GET"]}}],"collection":[{"href":"https:\/\/radioljubuski.ba\/index.php\/wp-json\/wp\/v2\/posts"}],"about":[{"href":"https:\/\/radioljubuski.ba\/index.php\/wp-json\/wp\/v2\/types\/post"}],"author":[{"embeddable":true,"href":"https:\/\/radioljubuski.ba\/index.php\/wp-json\/wp\/v2\/users\/2"}],"replies":[{"embeddable":true,"href":"https:\/\/radioljubuski.ba\/index.php\/wp-json\/wp\/v2\/comments?post=132806"}],"version-history":[{"count":1,"href":"https:\/\/radioljubuski.ba\/index.php\/wp-json\/wp\/v2\/posts\/132806\/revisions"}],"predecessor-version":[{"id":132808,"href":"https:\/\/radioljubuski.ba\/index.php\/wp-json\/wp\/v2\/posts\/132806\/revisions\/132808"}],"wp:featuredmedia":[{"embeddable":true,"href":"https:\/\/radioljubuski.ba\/index.php\/wp-json\/wp\/v2\/media\/132807"}],"wp:attachment":[{"href":"https:\/\/radioljubuski.ba\/index.php\/wp-json\/wp\/v2\/media?parent=132806"}],"wp:term":[{"taxonomy":"category","embeddable":true,"href":"https:\/\/radioljubuski.ba\/index.php\/wp-json\/wp\/v2\/categories?post=132806"},{"taxonomy":"post_tag","embeddable":true,"href":"https:\/\/radioljubuski.ba\/index.php\/wp-json\/wp\/v2\/tags?post=132806"}],"curies":[{"name":"wp","href":"https:\/\/api.w.org\/{rel}","templated":true}]}}