{"id":132824,"date":"2022-04-15T01:58:16","date_gmt":"2022-04-15T00:58:16","guid":{"rendered":"https:\/\/radioljubuski.ba\/?p=132824"},"modified":"2022-04-15T01:58:41","modified_gmt":"2022-04-15T00:58:41","slug":"slovenska-vlada-proglasila-grobiste-u-hudinoj-jami-nacionalnim-spomenikom","status":"publish","type":"post","link":"https:\/\/radioljubuski.ba\/index.php\/2022\/04\/15\/slovenska-vlada-proglasila-grobiste-u-hudinoj-jami-nacionalnim-spomenikom\/","title":{"rendered":"Slovenska vlada proglasila grobi\u0161te u Hudoj Jami nacionalnim spomenikom"},"content":{"rendered":"\n<p>Slovenska vlada donijela je odluku kojom je masovnu grobnicu u mjestu Huda Jama kod La\u0161koga proglasila kulturnim spomenikom dr\u017eavnog zna\u010denja.<\/p>\n\n\n\n<p>Vlada objektima ili podru\u010djima koja za dr\u017eavu predstavljaju izuzetnu kulturnu vrijednost, a upisana su u registar nekretninske kulturne ba\u0161tine, mo\u017ee dati taj status kojim im se osigurava strog re\u017eim za\u0161tite, a obi\u010dno su to izuzetna arhitektonska, gra\u0111evinska i umjetni\u010dka djela, parkovi, dvorci i sli\u010dno, no takav status znaju dobiti i simboli\u010dne povijesne lokacije, pa takav status za\u0161tite imaju u Sloveniji i partizanske ratne bolnice iz vremena Drugog svjetskog rata.<\/p>\n\n\n\n<p>Ekshumiran velik broj \u017ertava<\/p>\n\n\n\n<p>Iz napu\u0161tenog dijela nekada\u0161njeg rudnika Barbarin rov u kojemu su se sredinom 1945. godine vr\u0161ile izvansudske egzekucije, dr\u017eavno je povjerenstvo iz tzv. &#8220;pre\u0161u\u0107enih&#8221; grobova 2009. godine ekshumiralo velik broj \u017ertava poratnog nasilja nad pripadnicima tzv. neprijateljskih vojski, ali i civilima.<\/p>\n\n\n\n<p>Prema podacima slovenske vlade, utvr\u0111eno je da su egzekutori po nalogu onda\u0161njih komunisti\u010dkih vlasti ondje u svibnju i lipnju 1945. usmrtili najmanje 1410 ljudi &#8220;ve\u0107inom pripadnika vojnih postrojbi NDH, slovenskih domobrana i civila&#8221;.<\/p>\n\n\n\n<p>Prema&nbsp;2015. godine donesenom zakonu o prikrivenim grobi\u0161tima i dostojnom pokopu \u017ertava, posmrtni ostaci na\u0111eni na tom strati\u0161tu preba\u010deni su i pokopani na spomen-groblju Dobrava u Mariboru, uz predstavnike vlasti Hrvatske i Slovenije.<\/p>\n\n\n\n<p>Odluka stigla pred izbore<\/p>\n\n\n\n<p>Da se dugi niz godina od javnosti skriveno strati\u0161te u starom rudniku proglasi kulturnim spomenikom dr\u017eavnog zna\u010daja i s&nbsp;posebnim re\u017eimom za\u0161tite prvi je 2010. godine predlo\u017eio tada\u0161nji predsjednik dr\u017eavnog povjerenstva za pre\u0161u\u0107ena grobi\u0161ta, povjesni\u010dar Jo\u017ee De\u017eman.<\/p>\n\n\n\n<p>Odluka Jan\u0161ine vlade da taj status grobi\u0161tu u Hudoj Jami dodijeli malo vi\u0161e od tjedan dana pred parlamentarne izbore zasigurno \u0107e zbog ideolo\u0161kih prijepora izme\u0111u desnice i ljevice u Sloveniji oko doga\u0111aja iz rata i pora\u0107a izazvati polemike, pa i prijepore je li taj potez bio opravdan.<\/p>\n\n\n\n<p>Izvor:pogled.ba<\/p>\n","protected":false},"excerpt":{"rendered":"<p>Slovenska vlada donijela je odluku kojom je masovnu grobnicu u mjestu Huda Jama kod La\u0161koga proglasila kulturnim spomenikom dr\u017eavnog zna\u010denja. Vlada objektima ili podru\u010djima koja za dr\u017eavu predstavljaju izuzetnu kulturnu vrijednost, a upisana su u registar nekretninske kulturne ba\u0161tine, mo\u017ee dati taj status kojim im se osigurava strog re\u017eim za\u0161tite, a obi\u010dno su to izuzetna [&hellip;]<\/p>\n","protected":false},"author":2,"featured_media":132825,"comment_status":"closed","ping_status":"closed","sticky":false,"template":"","format":"standard","meta":{"h5ap_radio_sources":[],"footnotes":""},"categories":[1],"tags":[],"class_list":["post-132824","post","type-post","status-publish","format-standard","has-post-thumbnail","hentry","category-bihiregija"],"yoast_head":"<!-- This site is optimized with the Yoast SEO plugin v27.5 - https:\/\/yoast.com\/product\/yoast-seo-wordpress\/ -->\n<title>Slovenska vlada proglasila grobi\u0161te u Hudoj Jami nacionalnim spomenikom - RADIO LJUBU\u0160KI<\/title>\n<meta name=\"robots\" content=\"index, follow, max-snippet:-1, max-image-preview:large, max-video-preview:-1\" \/>\n<link rel=\"canonical\" href=\"https:\/\/radioljubuski.ba\/index.php\/2022\/04\/15\/slovenska-vlada-proglasila-grobiste-u-hudinoj-jami-nacionalnim-spomenikom\/\" \/>\n<meta property=\"og:locale\" content=\"hr_HR\" \/>\n<meta property=\"og:type\" content=\"article\" \/>\n<meta property=\"og:title\" content=\"Slovenska vlada proglasila grobi\u0161te u Hudoj Jami nacionalnim spomenikom - RADIO LJUBU\u0160KI\" \/>\n<meta property=\"og:description\" content=\"Slovenska vlada donijela je odluku kojom je masovnu grobnicu u mjestu Huda Jama kod La\u0161koga proglasila kulturnim spomenikom dr\u017eavnog zna\u010denja. Vlada objektima ili podru\u010djima koja za dr\u017eavu predstavljaju izuzetnu kulturnu vrijednost, a upisana su u registar nekretninske kulturne ba\u0161tine, mo\u017ee dati taj status kojim im se osigurava strog re\u017eim za\u0161tite, a obi\u010dno su to izuzetna [&hellip;]\" \/>\n<meta property=\"og:url\" content=\"https:\/\/radioljubuski.ba\/index.php\/2022\/04\/15\/slovenska-vlada-proglasila-grobiste-u-hudinoj-jami-nacionalnim-spomenikom\/\" \/>\n<meta property=\"og:site_name\" content=\"RADIO LJUBU\u0160KI\" \/>\n<meta property=\"article:publisher\" content=\"https:\/\/www.facebook.com\/Radiio-Ljubuski-1490835324566332\" \/>\n<meta property=\"article:published_time\" content=\"2022-04-15T00:58:16+00:00\" \/>\n<meta property=\"article:modified_time\" content=\"2022-04-15T00:58:41+00:00\" \/>\n<meta property=\"og:image\" content=\"https:\/\/radioljubuski.ba\/wp-content\/uploads\/2022\/04\/10-2022-04-14-20-14-47-preuzmi.jpg\" \/>\n\t<meta property=\"og:image:width\" content=\"1000\" \/>\n\t<meta property=\"og:image:height\" content=\"625\" \/>\n\t<meta property=\"og:image:type\" content=\"image\/jpeg\" \/>\n<meta name=\"author\" content=\"Radio Ljubu\u0161ki\" \/>\n<meta name=\"twitter:card\" content=\"summary_large_image\" \/>\n<meta name=\"twitter:creator\" content=\"@radioljubuski\" \/>\n<meta name=\"twitter:site\" content=\"@radioljubuski\" \/>\n<meta name=\"twitter:label1\" content=\"Napisao\/la\" \/>\n\t<meta name=\"twitter:data1\" content=\"Radio Ljubu\u0161ki\" \/>\n\t<meta name=\"twitter:label2\" content=\"Procijenjeno vrijeme \u010ditanja\" \/>\n\t<meta name=\"twitter:data2\" content=\"2 minute\" \/>\n<script type=\"application\/ld+json\" class=\"yoast-schema-graph\">{\"@context\":\"https:\\\/\\\/schema.org\",\"@graph\":[{\"@type\":\"Article\",\"@id\":\"https:\\\/\\\/radioljubuski.ba\\\/index.php\\\/2022\\\/04\\\/15\\\/slovenska-vlada-proglasila-grobiste-u-hudinoj-jami-nacionalnim-spomenikom\\\/#article\",\"isPartOf\":{\"@id\":\"https:\\\/\\\/radioljubuski.ba\\\/index.php\\\/2022\\\/04\\\/15\\\/slovenska-vlada-proglasila-grobiste-u-hudinoj-jami-nacionalnim-spomenikom\\\/\"},\"author\":{\"name\":\"Radio Ljubu\u0161ki\",\"@id\":\"https:\\\/\\\/radioljubuski.ba\\\/#\\\/schema\\\/person\\\/19fc700381a780f69665d7956c469e3b\"},\"headline\":\"Slovenska vlada proglasila grobi\u0161te u Hudoj Jami nacionalnim spomenikom\",\"datePublished\":\"2022-04-15T00:58:16+00:00\",\"dateModified\":\"2022-04-15T00:58:41+00:00\",\"mainEntityOfPage\":{\"@id\":\"https:\\\/\\\/radioljubuski.ba\\\/index.php\\\/2022\\\/04\\\/15\\\/slovenska-vlada-proglasila-grobiste-u-hudinoj-jami-nacionalnim-spomenikom\\\/\"},\"wordCount\":346,\"publisher\":{\"@id\":\"https:\\\/\\\/radioljubuski.ba\\\/#organization\"},\"image\":{\"@id\":\"https:\\\/\\\/radioljubuski.ba\\\/index.php\\\/2022\\\/04\\\/15\\\/slovenska-vlada-proglasila-grobiste-u-hudinoj-jami-nacionalnim-spomenikom\\\/#primaryimage\"},\"thumbnailUrl\":\"https:\\\/\\\/radioljubuski.ba\\\/wp-content\\\/uploads\\\/2022\\\/04\\\/10-2022-04-14-20-14-47-preuzmi.jpg\",\"articleSection\":[\"BIH i regija\"],\"inLanguage\":\"hr\"},{\"@type\":\"WebPage\",\"@id\":\"https:\\\/\\\/radioljubuski.ba\\\/index.php\\\/2022\\\/04\\\/15\\\/slovenska-vlada-proglasila-grobiste-u-hudinoj-jami-nacionalnim-spomenikom\\\/\",\"url\":\"https:\\\/\\\/radioljubuski.ba\\\/index.php\\\/2022\\\/04\\\/15\\\/slovenska-vlada-proglasila-grobiste-u-hudinoj-jami-nacionalnim-spomenikom\\\/\",\"name\":\"Slovenska vlada proglasila grobi\u0161te u Hudoj Jami nacionalnim spomenikom - RADIO LJUBU\u0160KI\",\"isPartOf\":{\"@id\":\"https:\\\/\\\/radioljubuski.ba\\\/#website\"},\"primaryImageOfPage\":{\"@id\":\"https:\\\/\\\/radioljubuski.ba\\\/index.php\\\/2022\\\/04\\\/15\\\/slovenska-vlada-proglasila-grobiste-u-hudinoj-jami-nacionalnim-spomenikom\\\/#primaryimage\"},\"image\":{\"@id\":\"https:\\\/\\\/radioljubuski.ba\\\/index.php\\\/2022\\\/04\\\/15\\\/slovenska-vlada-proglasila-grobiste-u-hudinoj-jami-nacionalnim-spomenikom\\\/#primaryimage\"},\"thumbnailUrl\":\"https:\\\/\\\/radioljubuski.ba\\\/wp-content\\\/uploads\\\/2022\\\/04\\\/10-2022-04-14-20-14-47-preuzmi.jpg\",\"datePublished\":\"2022-04-15T00:58:16+00:00\",\"dateModified\":\"2022-04-15T00:58:41+00:00\",\"breadcrumb\":{\"@id\":\"https:\\\/\\\/radioljubuski.ba\\\/index.php\\\/2022\\\/04\\\/15\\\/slovenska-vlada-proglasila-grobiste-u-hudinoj-jami-nacionalnim-spomenikom\\\/#breadcrumb\"},\"inLanguage\":\"hr\",\"potentialAction\":[{\"@type\":\"ReadAction\",\"target\":[\"https:\\\/\\\/radioljubuski.ba\\\/index.php\\\/2022\\\/04\\\/15\\\/slovenska-vlada-proglasila-grobiste-u-hudinoj-jami-nacionalnim-spomenikom\\\/\"]}]},{\"@type\":\"ImageObject\",\"inLanguage\":\"hr\",\"@id\":\"https:\\\/\\\/radioljubuski.ba\\\/index.php\\\/2022\\\/04\\\/15\\\/slovenska-vlada-proglasila-grobiste-u-hudinoj-jami-nacionalnim-spomenikom\\\/#primaryimage\",\"url\":\"https:\\\/\\\/radioljubuski.ba\\\/wp-content\\\/uploads\\\/2022\\\/04\\\/10-2022-04-14-20-14-47-preuzmi.jpg\",\"contentUrl\":\"https:\\\/\\\/radioljubuski.ba\\\/wp-content\\\/uploads\\\/2022\\\/04\\\/10-2022-04-14-20-14-47-preuzmi.jpg\",\"width\":1000,\"height\":625},{\"@type\":\"BreadcrumbList\",\"@id\":\"https:\\\/\\\/radioljubuski.ba\\\/index.php\\\/2022\\\/04\\\/15\\\/slovenska-vlada-proglasila-grobiste-u-hudinoj-jami-nacionalnim-spomenikom\\\/#breadcrumb\",\"itemListElement\":[{\"@type\":\"ListItem\",\"position\":1,\"name\":\"Po\u010detna stranica\",\"item\":\"https:\\\/\\\/radioljubuski.ba\\\/\"},{\"@type\":\"ListItem\",\"position\":2,\"name\":\"Slovenska vlada proglasila grobi\u0161te u Hudoj Jami nacionalnim spomenikom\"}]},{\"@type\":\"WebSite\",\"@id\":\"https:\\\/\\\/radioljubuski.ba\\\/#website\",\"url\":\"https:\\\/\\\/radioljubuski.ba\\\/\",\"name\":\"Radio Ljubu\u0161ki\",\"description\":\"Sun\u010dana frekvencija Hercegovine\",\"publisher\":{\"@id\":\"https:\\\/\\\/radioljubuski.ba\\\/#organization\"},\"potentialAction\":[{\"@type\":\"SearchAction\",\"target\":{\"@type\":\"EntryPoint\",\"urlTemplate\":\"https:\\\/\\\/radioljubuski.ba\\\/?s={search_term_string}\"},\"query-input\":{\"@type\":\"PropertyValueSpecification\",\"valueRequired\":true,\"valueName\":\"search_term_string\"}}],\"inLanguage\":\"hr\"},{\"@type\":\"Organization\",\"@id\":\"https:\\\/\\\/radioljubuski.ba\\\/#organization\",\"name\":\"Radio Ljubu\u0161ki\",\"url\":\"https:\\\/\\\/radioljubuski.ba\\\/\",\"logo\":{\"@type\":\"ImageObject\",\"inLanguage\":\"hr\",\"@id\":\"https:\\\/\\\/radioljubuski.ba\\\/#\\\/schema\\\/logo\\\/image\\\/\",\"url\":\"https:\\\/\\\/radioljubuski.ba\\\/wp-content\\\/uploads\\\/2021\\\/02\\\/cropped-Radio_Ljubuski_logo1.jpg\",\"contentUrl\":\"https:\\\/\\\/radioljubuski.ba\\\/wp-content\\\/uploads\\\/2021\\\/02\\\/cropped-Radio_Ljubuski_logo1.jpg\",\"width\":512,\"height\":512,\"caption\":\"Radio Ljubu\u0161ki\"},\"image\":{\"@id\":\"https:\\\/\\\/radioljubuski.ba\\\/#\\\/schema\\\/logo\\\/image\\\/\"},\"sameAs\":[\"https:\\\/\\\/www.facebook.com\\\/Radiio-Ljubuski-1490835324566332\",\"https:\\\/\\\/x.com\\\/radioljubuski\",\"https:\\\/\\\/hr.linkedin.com\\\/company\\\/radio-ljubuski\",\"https:\\\/\\\/www.youtube.com\\\/channel\\\/UCHYaeO_n0Db3tjNGudGpXyw\"]},{\"@type\":\"Person\",\"@id\":\"https:\\\/\\\/radioljubuski.ba\\\/#\\\/schema\\\/person\\\/19fc700381a780f69665d7956c469e3b\",\"name\":\"Radio Ljubu\u0161ki\"}]}<\/script>\n<!-- \/ Yoast SEO plugin. -->","yoast_head_json":{"title":"Slovenska vlada proglasila grobi\u0161te u Hudoj Jami nacionalnim spomenikom - RADIO LJUBU\u0160KI","robots":{"index":"index","follow":"follow","max-snippet":"max-snippet:-1","max-image-preview":"max-image-preview:large","max-video-preview":"max-video-preview:-1"},"canonical":"https:\/\/radioljubuski.ba\/index.php\/2022\/04\/15\/slovenska-vlada-proglasila-grobiste-u-hudinoj-jami-nacionalnim-spomenikom\/","og_locale":"hr_HR","og_type":"article","og_title":"Slovenska vlada proglasila grobi\u0161te u Hudoj Jami nacionalnim spomenikom - RADIO LJUBU\u0160KI","og_description":"Slovenska vlada donijela je odluku kojom je masovnu grobnicu u mjestu Huda Jama kod La\u0161koga proglasila kulturnim spomenikom dr\u017eavnog zna\u010denja. Vlada objektima ili podru\u010djima koja za dr\u017eavu predstavljaju izuzetnu kulturnu vrijednost, a upisana su u registar nekretninske kulturne ba\u0161tine, mo\u017ee dati taj status kojim im se osigurava strog re\u017eim za\u0161tite, a obi\u010dno su to izuzetna [&hellip;]","og_url":"https:\/\/radioljubuski.ba\/index.php\/2022\/04\/15\/slovenska-vlada-proglasila-grobiste-u-hudinoj-jami-nacionalnim-spomenikom\/","og_site_name":"RADIO LJUBU\u0160KI","article_publisher":"https:\/\/www.facebook.com\/Radiio-Ljubuski-1490835324566332","article_published_time":"2022-04-15T00:58:16+00:00","article_modified_time":"2022-04-15T00:58:41+00:00","og_image":[{"width":1000,"height":625,"url":"https:\/\/radioljubuski.ba\/wp-content\/uploads\/2022\/04\/10-2022-04-14-20-14-47-preuzmi.jpg","type":"image\/jpeg"}],"author":"Radio Ljubu\u0161ki","twitter_card":"summary_large_image","twitter_creator":"@radioljubuski","twitter_site":"@radioljubuski","twitter_misc":{"Napisao\/la":"Radio Ljubu\u0161ki","Procijenjeno vrijeme \u010ditanja":"2 minute"},"schema":{"@context":"https:\/\/schema.org","@graph":[{"@type":"Article","@id":"https:\/\/radioljubuski.ba\/index.php\/2022\/04\/15\/slovenska-vlada-proglasila-grobiste-u-hudinoj-jami-nacionalnim-spomenikom\/#article","isPartOf":{"@id":"https:\/\/radioljubuski.ba\/index.php\/2022\/04\/15\/slovenska-vlada-proglasila-grobiste-u-hudinoj-jami-nacionalnim-spomenikom\/"},"author":{"name":"Radio Ljubu\u0161ki","@id":"https:\/\/radioljubuski.ba\/#\/schema\/person\/19fc700381a780f69665d7956c469e3b"},"headline":"Slovenska vlada proglasila grobi\u0161te u Hudoj Jami nacionalnim spomenikom","datePublished":"2022-04-15T00:58:16+00:00","dateModified":"2022-04-15T00:58:41+00:00","mainEntityOfPage":{"@id":"https:\/\/radioljubuski.ba\/index.php\/2022\/04\/15\/slovenska-vlada-proglasila-grobiste-u-hudinoj-jami-nacionalnim-spomenikom\/"},"wordCount":346,"publisher":{"@id":"https:\/\/radioljubuski.ba\/#organization"},"image":{"@id":"https:\/\/radioljubuski.ba\/index.php\/2022\/04\/15\/slovenska-vlada-proglasila-grobiste-u-hudinoj-jami-nacionalnim-spomenikom\/#primaryimage"},"thumbnailUrl":"https:\/\/radioljubuski.ba\/wp-content\/uploads\/2022\/04\/10-2022-04-14-20-14-47-preuzmi.jpg","articleSection":["BIH i regija"],"inLanguage":"hr"},{"@type":"WebPage","@id":"https:\/\/radioljubuski.ba\/index.php\/2022\/04\/15\/slovenska-vlada-proglasila-grobiste-u-hudinoj-jami-nacionalnim-spomenikom\/","url":"https:\/\/radioljubuski.ba\/index.php\/2022\/04\/15\/slovenska-vlada-proglasila-grobiste-u-hudinoj-jami-nacionalnim-spomenikom\/","name":"Slovenska vlada proglasila grobi\u0161te u Hudoj Jami nacionalnim spomenikom - RADIO LJUBU\u0160KI","isPartOf":{"@id":"https:\/\/radioljubuski.ba\/#website"},"primaryImageOfPage":{"@id":"https:\/\/radioljubuski.ba\/index.php\/2022\/04\/15\/slovenska-vlada-proglasila-grobiste-u-hudinoj-jami-nacionalnim-spomenikom\/#primaryimage"},"image":{"@id":"https:\/\/radioljubuski.ba\/index.php\/2022\/04\/15\/slovenska-vlada-proglasila-grobiste-u-hudinoj-jami-nacionalnim-spomenikom\/#primaryimage"},"thumbnailUrl":"https:\/\/radioljubuski.ba\/wp-content\/uploads\/2022\/04\/10-2022-04-14-20-14-47-preuzmi.jpg","datePublished":"2022-04-15T00:58:16+00:00","dateModified":"2022-04-15T00:58:41+00:00","breadcrumb":{"@id":"https:\/\/radioljubuski.ba\/index.php\/2022\/04\/15\/slovenska-vlada-proglasila-grobiste-u-hudinoj-jami-nacionalnim-spomenikom\/#breadcrumb"},"inLanguage":"hr","potentialAction":[{"@type":"ReadAction","target":["https:\/\/radioljubuski.ba\/index.php\/2022\/04\/15\/slovenska-vlada-proglasila-grobiste-u-hudinoj-jami-nacionalnim-spomenikom\/"]}]},{"@type":"ImageObject","inLanguage":"hr","@id":"https:\/\/radioljubuski.ba\/index.php\/2022\/04\/15\/slovenska-vlada-proglasila-grobiste-u-hudinoj-jami-nacionalnim-spomenikom\/#primaryimage","url":"https:\/\/radioljubuski.ba\/wp-content\/uploads\/2022\/04\/10-2022-04-14-20-14-47-preuzmi.jpg","contentUrl":"https:\/\/radioljubuski.ba\/wp-content\/uploads\/2022\/04\/10-2022-04-14-20-14-47-preuzmi.jpg","width":1000,"height":625},{"@type":"BreadcrumbList","@id":"https:\/\/radioljubuski.ba\/index.php\/2022\/04\/15\/slovenska-vlada-proglasila-grobiste-u-hudinoj-jami-nacionalnim-spomenikom\/#breadcrumb","itemListElement":[{"@type":"ListItem","position":1,"name":"Po\u010detna stranica","item":"https:\/\/radioljubuski.ba\/"},{"@type":"ListItem","position":2,"name":"Slovenska vlada proglasila grobi\u0161te u Hudoj Jami nacionalnim spomenikom"}]},{"@type":"WebSite","@id":"https:\/\/radioljubuski.ba\/#website","url":"https:\/\/radioljubuski.ba\/","name":"Radio Ljubu\u0161ki","description":"Sun\u010dana frekvencija Hercegovine","publisher":{"@id":"https:\/\/radioljubuski.ba\/#organization"},"potentialAction":[{"@type":"SearchAction","target":{"@type":"EntryPoint","urlTemplate":"https:\/\/radioljubuski.ba\/?s={search_term_string}"},"query-input":{"@type":"PropertyValueSpecification","valueRequired":true,"valueName":"search_term_string"}}],"inLanguage":"hr"},{"@type":"Organization","@id":"https:\/\/radioljubuski.ba\/#organization","name":"Radio Ljubu\u0161ki","url":"https:\/\/radioljubuski.ba\/","logo":{"@type":"ImageObject","inLanguage":"hr","@id":"https:\/\/radioljubuski.ba\/#\/schema\/logo\/image\/","url":"https:\/\/radioljubuski.ba\/wp-content\/uploads\/2021\/02\/cropped-Radio_Ljubuski_logo1.jpg","contentUrl":"https:\/\/radioljubuski.ba\/wp-content\/uploads\/2021\/02\/cropped-Radio_Ljubuski_logo1.jpg","width":512,"height":512,"caption":"Radio Ljubu\u0161ki"},"image":{"@id":"https:\/\/radioljubuski.ba\/#\/schema\/logo\/image\/"},"sameAs":["https:\/\/www.facebook.com\/Radiio-Ljubuski-1490835324566332","https:\/\/x.com\/radioljubuski","https:\/\/hr.linkedin.com\/company\/radio-ljubuski","https:\/\/www.youtube.com\/channel\/UCHYaeO_n0Db3tjNGudGpXyw"]},{"@type":"Person","@id":"https:\/\/radioljubuski.ba\/#\/schema\/person\/19fc700381a780f69665d7956c469e3b","name":"Radio Ljubu\u0161ki"}]}},"_links":{"self":[{"href":"https:\/\/radioljubuski.ba\/index.php\/wp-json\/wp\/v2\/posts\/132824","targetHints":{"allow":["GET"]}}],"collection":[{"href":"https:\/\/radioljubuski.ba\/index.php\/wp-json\/wp\/v2\/posts"}],"about":[{"href":"https:\/\/radioljubuski.ba\/index.php\/wp-json\/wp\/v2\/types\/post"}],"author":[{"embeddable":true,"href":"https:\/\/radioljubuski.ba\/index.php\/wp-json\/wp\/v2\/users\/2"}],"replies":[{"embeddable":true,"href":"https:\/\/radioljubuski.ba\/index.php\/wp-json\/wp\/v2\/comments?post=132824"}],"version-history":[{"count":2,"href":"https:\/\/radioljubuski.ba\/index.php\/wp-json\/wp\/v2\/posts\/132824\/revisions"}],"predecessor-version":[{"id":132827,"href":"https:\/\/radioljubuski.ba\/index.php\/wp-json\/wp\/v2\/posts\/132824\/revisions\/132827"}],"wp:featuredmedia":[{"embeddable":true,"href":"https:\/\/radioljubuski.ba\/index.php\/wp-json\/wp\/v2\/media\/132825"}],"wp:attachment":[{"href":"https:\/\/radioljubuski.ba\/index.php\/wp-json\/wp\/v2\/media?parent=132824"}],"wp:term":[{"taxonomy":"category","embeddable":true,"href":"https:\/\/radioljubuski.ba\/index.php\/wp-json\/wp\/v2\/categories?post=132824"},{"taxonomy":"post_tag","embeddable":true,"href":"https:\/\/radioljubuski.ba\/index.php\/wp-json\/wp\/v2\/tags?post=132824"}],"curies":[{"name":"wp","href":"https:\/\/api.w.org\/{rel}","templated":true}]}}