{"id":132830,"date":"2022-04-15T02:00:55","date_gmt":"2022-04-15T01:00:55","guid":{"rendered":"https:\/\/radioljubuski.ba\/?p=132830"},"modified":"2022-04-15T02:00:56","modified_gmt":"2022-04-15T01:00:56","slug":"ukrajinski-parlament-usvojio-rezoluciju-kojom-je-rusku-agresiju-proglasio-genocidom","status":"publish","type":"post","link":"https:\/\/radioljubuski.ba\/index.php\/2022\/04\/15\/ukrajinski-parlament-usvojio-rezoluciju-kojom-je-rusku-agresiju-proglasio-genocidom\/","title":{"rendered":"Ukrajinski parlament usvojio rezoluciju kojom je rusku agresiju proglasio genocidom"},"content":{"rendered":"\n<p>Ukrajinski parlament usvojio je danas rezoluciju kojom kvalificira kao genocid djelovanje ruske vojske u Ukrajini i poziva dr\u017eave i nevladine organizacije da ih slijede, prenosi BBC.&nbsp;<\/p>\n\n\n\n<p>&#8211; Djelovanje Rusije te\u017ei za tim da sistemski i koherentno izbri\u0161e ukrajinski narod, da ga li\u0161i prava na samoodre\u0111enje i neovisan razvoj &#8211; stoji u tekstu rezolucije koja je prihva\u0107ena ve\u0107inom od 363 glasa u parlamentu koji broji 450 zastupnika.<\/p>\n\n\n\n<p>Navodi se dalje u rezoluciji da je potrebno odmah prepoznati akcije koje \u010dine ruske oru\u017eane snage tijekom agresije koja je po\u010dela 24. velja\u010de 2022. godine kao genocid nad ukrajinskim narodom.<\/p>\n\n\n\n<p>Tekst rezolucije sadr\u017ei i zahtjeve prema Ujedinjenim narodima, Parlamentarnoj skup\u0161tini Vije\u0107a Europe, Europskom parlamentu, Parlamentarnoj skup\u0161tini Organizacije za europsku sigurnost i suradnju (OSCE) te NATO-u, kao i vladama i parlamentima \u0161irom svijeta od kojih se tra\u017ei da akcije ruske vojske u Ukrajini proglase genocidom nad ukrajinskim narodom.<\/p>\n\n\n\n<p>Ameri\u010dki predsjednik Joe Biden i nekoliko drugih stranih lidera optu\u017eili su ruskog predsjednika Vladimira Putina da \u010dini genocid u Ukrajini, \u0161to je slu\u017ebeni Kijev pozdravio, ali takve izjave, prema ocjeni nekih stru\u010dnjaka, proizlaze vi\u0161e iz politi\u010dke retorike nego iz pravno utvr\u0111enih \u010dinjenica.&nbsp;<\/p>\n\n\n\n<p>Francuski predsjednik Emmanuel Macron objasnio je svoju odluku da ne izgovori rije\u010d genocid jer smatra da &#8220;verbalna eskalacija ne\u0107e pomo\u0107i Ukrajini, a mogla bi \u010dak uvu\u0107i Zapad u rat&#8221;.<\/p>\n\n\n\n<p>Njema\u010dki kancelar Olaf Scholz tako\u0111er je odbio izgovoriti pojam genocid i umjesto toga govorio je o ratnim zlo\u010dinima.<\/p>\n\n\n\n<p>Izvor:pogled.ba<\/p>\n","protected":false},"excerpt":{"rendered":"<p>Ukrajinski parlament usvojio je danas rezoluciju kojom kvalificira kao genocid djelovanje ruske vojske u Ukrajini i poziva dr\u017eave i nevladine organizacije da ih slijede, prenosi BBC.&nbsp; &#8211; Djelovanje Rusije te\u017ei za tim da sistemski i koherentno izbri\u0161e ukrajinski narod, da ga li\u0161i prava na samoodre\u0111enje i neovisan razvoj &#8211; stoji u tekstu rezolucije koja je [&hellip;]<\/p>\n","protected":false},"author":2,"featured_media":132831,"comment_status":"closed","ping_status":"closed","sticky":false,"template":"","format":"standard","meta":{"h5ap_radio_sources":[],"footnotes":""},"categories":[1],"tags":[],"class_list":["post-132830","post","type-post","status-publish","format-standard","has-post-thumbnail","hentry","category-bihiregija"],"yoast_head":"<!-- This site is optimized with the Yoast SEO plugin v27.5 - https:\/\/yoast.com\/product\/yoast-seo-wordpress\/ -->\n<title>Ukrajinski parlament usvojio rezoluciju kojom je rusku agresiju proglasio genocidom - RADIO LJUBU\u0160KI<\/title>\n<meta name=\"robots\" content=\"index, follow, max-snippet:-1, max-image-preview:large, max-video-preview:-1\" \/>\n<link rel=\"canonical\" href=\"https:\/\/radioljubuski.ba\/index.php\/2022\/04\/15\/ukrajinski-parlament-usvojio-rezoluciju-kojom-je-rusku-agresiju-proglasio-genocidom\/\" \/>\n<meta property=\"og:locale\" content=\"hr_HR\" \/>\n<meta property=\"og:type\" content=\"article\" \/>\n<meta property=\"og:title\" content=\"Ukrajinski parlament usvojio rezoluciju kojom je rusku agresiju proglasio genocidom - RADIO LJUBU\u0160KI\" \/>\n<meta property=\"og:description\" content=\"Ukrajinski parlament usvojio je danas rezoluciju kojom kvalificira kao genocid djelovanje ruske vojske u Ukrajini i poziva dr\u017eave i nevladine organizacije da ih slijede, prenosi BBC.&nbsp; &#8211; Djelovanje Rusije te\u017ei za tim da sistemski i koherentno izbri\u0161e ukrajinski narod, da ga li\u0161i prava na samoodre\u0111enje i neovisan razvoj &#8211; stoji u tekstu rezolucije koja je [&hellip;]\" \/>\n<meta property=\"og:url\" content=\"https:\/\/radioljubuski.ba\/index.php\/2022\/04\/15\/ukrajinski-parlament-usvojio-rezoluciju-kojom-je-rusku-agresiju-proglasio-genocidom\/\" \/>\n<meta property=\"og:site_name\" content=\"RADIO LJUBU\u0160KI\" \/>\n<meta property=\"article:publisher\" content=\"https:\/\/www.facebook.com\/Radiio-Ljubuski-1490835324566332\" \/>\n<meta property=\"article:published_time\" content=\"2022-04-15T01:00:55+00:00\" \/>\n<meta property=\"article:modified_time\" content=\"2022-04-15T01:00:56+00:00\" \/>\n<meta property=\"og:image\" content=\"https:\/\/radioljubuski.ba\/wp-content\/uploads\/2022\/04\/10-2022-04-14-21-34-07-61025932_101.jpg\" \/>\n\t<meta property=\"og:image:width\" content=\"1000\" \/>\n\t<meta property=\"og:image:height\" content=\"625\" \/>\n\t<meta property=\"og:image:type\" content=\"image\/jpeg\" \/>\n<meta name=\"author\" content=\"Radio Ljubu\u0161ki\" \/>\n<meta name=\"twitter:card\" content=\"summary_large_image\" \/>\n<meta name=\"twitter:creator\" content=\"@radioljubuski\" \/>\n<meta name=\"twitter:site\" content=\"@radioljubuski\" \/>\n<meta name=\"twitter:label1\" content=\"Napisao\/la\" \/>\n\t<meta name=\"twitter:data1\" content=\"Radio Ljubu\u0161ki\" \/>\n\t<meta name=\"twitter:label2\" content=\"Procijenjeno vrijeme \u010ditanja\" \/>\n\t<meta name=\"twitter:data2\" content=\"2 minute\" \/>\n<script type=\"application\/ld+json\" class=\"yoast-schema-graph\">{\"@context\":\"https:\\\/\\\/schema.org\",\"@graph\":[{\"@type\":\"Article\",\"@id\":\"https:\\\/\\\/radioljubuski.ba\\\/index.php\\\/2022\\\/04\\\/15\\\/ukrajinski-parlament-usvojio-rezoluciju-kojom-je-rusku-agresiju-proglasio-genocidom\\\/#article\",\"isPartOf\":{\"@id\":\"https:\\\/\\\/radioljubuski.ba\\\/index.php\\\/2022\\\/04\\\/15\\\/ukrajinski-parlament-usvojio-rezoluciju-kojom-je-rusku-agresiju-proglasio-genocidom\\\/\"},\"author\":{\"name\":\"Radio Ljubu\u0161ki\",\"@id\":\"https:\\\/\\\/radioljubuski.ba\\\/#\\\/schema\\\/person\\\/19fc700381a780f69665d7956c469e3b\"},\"headline\":\"Ukrajinski parlament usvojio rezoluciju kojom je rusku agresiju proglasio genocidom\",\"datePublished\":\"2022-04-15T01:00:55+00:00\",\"dateModified\":\"2022-04-15T01:00:56+00:00\",\"mainEntityOfPage\":{\"@id\":\"https:\\\/\\\/radioljubuski.ba\\\/index.php\\\/2022\\\/04\\\/15\\\/ukrajinski-parlament-usvojio-rezoluciju-kojom-je-rusku-agresiju-proglasio-genocidom\\\/\"},\"wordCount\":271,\"publisher\":{\"@id\":\"https:\\\/\\\/radioljubuski.ba\\\/#organization\"},\"image\":{\"@id\":\"https:\\\/\\\/radioljubuski.ba\\\/index.php\\\/2022\\\/04\\\/15\\\/ukrajinski-parlament-usvojio-rezoluciju-kojom-je-rusku-agresiju-proglasio-genocidom\\\/#primaryimage\"},\"thumbnailUrl\":\"https:\\\/\\\/radioljubuski.ba\\\/wp-content\\\/uploads\\\/2022\\\/04\\\/10-2022-04-14-21-34-07-61025932_101.jpg\",\"articleSection\":[\"BIH i regija\"],\"inLanguage\":\"hr\"},{\"@type\":\"WebPage\",\"@id\":\"https:\\\/\\\/radioljubuski.ba\\\/index.php\\\/2022\\\/04\\\/15\\\/ukrajinski-parlament-usvojio-rezoluciju-kojom-je-rusku-agresiju-proglasio-genocidom\\\/\",\"url\":\"https:\\\/\\\/radioljubuski.ba\\\/index.php\\\/2022\\\/04\\\/15\\\/ukrajinski-parlament-usvojio-rezoluciju-kojom-je-rusku-agresiju-proglasio-genocidom\\\/\",\"name\":\"Ukrajinski parlament usvojio rezoluciju kojom je rusku agresiju proglasio genocidom - RADIO LJUBU\u0160KI\",\"isPartOf\":{\"@id\":\"https:\\\/\\\/radioljubuski.ba\\\/#website\"},\"primaryImageOfPage\":{\"@id\":\"https:\\\/\\\/radioljubuski.ba\\\/index.php\\\/2022\\\/04\\\/15\\\/ukrajinski-parlament-usvojio-rezoluciju-kojom-je-rusku-agresiju-proglasio-genocidom\\\/#primaryimage\"},\"image\":{\"@id\":\"https:\\\/\\\/radioljubuski.ba\\\/index.php\\\/2022\\\/04\\\/15\\\/ukrajinski-parlament-usvojio-rezoluciju-kojom-je-rusku-agresiju-proglasio-genocidom\\\/#primaryimage\"},\"thumbnailUrl\":\"https:\\\/\\\/radioljubuski.ba\\\/wp-content\\\/uploads\\\/2022\\\/04\\\/10-2022-04-14-21-34-07-61025932_101.jpg\",\"datePublished\":\"2022-04-15T01:00:55+00:00\",\"dateModified\":\"2022-04-15T01:00:56+00:00\",\"breadcrumb\":{\"@id\":\"https:\\\/\\\/radioljubuski.ba\\\/index.php\\\/2022\\\/04\\\/15\\\/ukrajinski-parlament-usvojio-rezoluciju-kojom-je-rusku-agresiju-proglasio-genocidom\\\/#breadcrumb\"},\"inLanguage\":\"hr\",\"potentialAction\":[{\"@type\":\"ReadAction\",\"target\":[\"https:\\\/\\\/radioljubuski.ba\\\/index.php\\\/2022\\\/04\\\/15\\\/ukrajinski-parlament-usvojio-rezoluciju-kojom-je-rusku-agresiju-proglasio-genocidom\\\/\"]}]},{\"@type\":\"ImageObject\",\"inLanguage\":\"hr\",\"@id\":\"https:\\\/\\\/radioljubuski.ba\\\/index.php\\\/2022\\\/04\\\/15\\\/ukrajinski-parlament-usvojio-rezoluciju-kojom-je-rusku-agresiju-proglasio-genocidom\\\/#primaryimage\",\"url\":\"https:\\\/\\\/radioljubuski.ba\\\/wp-content\\\/uploads\\\/2022\\\/04\\\/10-2022-04-14-21-34-07-61025932_101.jpg\",\"contentUrl\":\"https:\\\/\\\/radioljubuski.ba\\\/wp-content\\\/uploads\\\/2022\\\/04\\\/10-2022-04-14-21-34-07-61025932_101.jpg\",\"width\":1000,\"height\":625},{\"@type\":\"BreadcrumbList\",\"@id\":\"https:\\\/\\\/radioljubuski.ba\\\/index.php\\\/2022\\\/04\\\/15\\\/ukrajinski-parlament-usvojio-rezoluciju-kojom-je-rusku-agresiju-proglasio-genocidom\\\/#breadcrumb\",\"itemListElement\":[{\"@type\":\"ListItem\",\"position\":1,\"name\":\"Po\u010detna stranica\",\"item\":\"https:\\\/\\\/radioljubuski.ba\\\/\"},{\"@type\":\"ListItem\",\"position\":2,\"name\":\"Ukrajinski parlament usvojio rezoluciju kojom je rusku agresiju proglasio genocidom\"}]},{\"@type\":\"WebSite\",\"@id\":\"https:\\\/\\\/radioljubuski.ba\\\/#website\",\"url\":\"https:\\\/\\\/radioljubuski.ba\\\/\",\"name\":\"Radio Ljubu\u0161ki\",\"description\":\"Sun\u010dana frekvencija Hercegovine\",\"publisher\":{\"@id\":\"https:\\\/\\\/radioljubuski.ba\\\/#organization\"},\"potentialAction\":[{\"@type\":\"SearchAction\",\"target\":{\"@type\":\"EntryPoint\",\"urlTemplate\":\"https:\\\/\\\/radioljubuski.ba\\\/?s={search_term_string}\"},\"query-input\":{\"@type\":\"PropertyValueSpecification\",\"valueRequired\":true,\"valueName\":\"search_term_string\"}}],\"inLanguage\":\"hr\"},{\"@type\":\"Organization\",\"@id\":\"https:\\\/\\\/radioljubuski.ba\\\/#organization\",\"name\":\"Radio Ljubu\u0161ki\",\"url\":\"https:\\\/\\\/radioljubuski.ba\\\/\",\"logo\":{\"@type\":\"ImageObject\",\"inLanguage\":\"hr\",\"@id\":\"https:\\\/\\\/radioljubuski.ba\\\/#\\\/schema\\\/logo\\\/image\\\/\",\"url\":\"https:\\\/\\\/radioljubuski.ba\\\/wp-content\\\/uploads\\\/2021\\\/02\\\/cropped-Radio_Ljubuski_logo1.jpg\",\"contentUrl\":\"https:\\\/\\\/radioljubuski.ba\\\/wp-content\\\/uploads\\\/2021\\\/02\\\/cropped-Radio_Ljubuski_logo1.jpg\",\"width\":512,\"height\":512,\"caption\":\"Radio Ljubu\u0161ki\"},\"image\":{\"@id\":\"https:\\\/\\\/radioljubuski.ba\\\/#\\\/schema\\\/logo\\\/image\\\/\"},\"sameAs\":[\"https:\\\/\\\/www.facebook.com\\\/Radiio-Ljubuski-1490835324566332\",\"https:\\\/\\\/x.com\\\/radioljubuski\",\"https:\\\/\\\/hr.linkedin.com\\\/company\\\/radio-ljubuski\",\"https:\\\/\\\/www.youtube.com\\\/channel\\\/UCHYaeO_n0Db3tjNGudGpXyw\"]},{\"@type\":\"Person\",\"@id\":\"https:\\\/\\\/radioljubuski.ba\\\/#\\\/schema\\\/person\\\/19fc700381a780f69665d7956c469e3b\",\"name\":\"Radio Ljubu\u0161ki\"}]}<\/script>\n<!-- \/ Yoast SEO plugin. -->","yoast_head_json":{"title":"Ukrajinski parlament usvojio rezoluciju kojom je rusku agresiju proglasio genocidom - RADIO LJUBU\u0160KI","robots":{"index":"index","follow":"follow","max-snippet":"max-snippet:-1","max-image-preview":"max-image-preview:large","max-video-preview":"max-video-preview:-1"},"canonical":"https:\/\/radioljubuski.ba\/index.php\/2022\/04\/15\/ukrajinski-parlament-usvojio-rezoluciju-kojom-je-rusku-agresiju-proglasio-genocidom\/","og_locale":"hr_HR","og_type":"article","og_title":"Ukrajinski parlament usvojio rezoluciju kojom je rusku agresiju proglasio genocidom - RADIO LJUBU\u0160KI","og_description":"Ukrajinski parlament usvojio je danas rezoluciju kojom kvalificira kao genocid djelovanje ruske vojske u Ukrajini i poziva dr\u017eave i nevladine organizacije da ih slijede, prenosi BBC.&nbsp; &#8211; Djelovanje Rusije te\u017ei za tim da sistemski i koherentno izbri\u0161e ukrajinski narod, da ga li\u0161i prava na samoodre\u0111enje i neovisan razvoj &#8211; stoji u tekstu rezolucije koja je [&hellip;]","og_url":"https:\/\/radioljubuski.ba\/index.php\/2022\/04\/15\/ukrajinski-parlament-usvojio-rezoluciju-kojom-je-rusku-agresiju-proglasio-genocidom\/","og_site_name":"RADIO LJUBU\u0160KI","article_publisher":"https:\/\/www.facebook.com\/Radiio-Ljubuski-1490835324566332","article_published_time":"2022-04-15T01:00:55+00:00","article_modified_time":"2022-04-15T01:00:56+00:00","og_image":[{"width":1000,"height":625,"url":"https:\/\/radioljubuski.ba\/wp-content\/uploads\/2022\/04\/10-2022-04-14-21-34-07-61025932_101.jpg","type":"image\/jpeg"}],"author":"Radio Ljubu\u0161ki","twitter_card":"summary_large_image","twitter_creator":"@radioljubuski","twitter_site":"@radioljubuski","twitter_misc":{"Napisao\/la":"Radio Ljubu\u0161ki","Procijenjeno vrijeme \u010ditanja":"2 minute"},"schema":{"@context":"https:\/\/schema.org","@graph":[{"@type":"Article","@id":"https:\/\/radioljubuski.ba\/index.php\/2022\/04\/15\/ukrajinski-parlament-usvojio-rezoluciju-kojom-je-rusku-agresiju-proglasio-genocidom\/#article","isPartOf":{"@id":"https:\/\/radioljubuski.ba\/index.php\/2022\/04\/15\/ukrajinski-parlament-usvojio-rezoluciju-kojom-je-rusku-agresiju-proglasio-genocidom\/"},"author":{"name":"Radio Ljubu\u0161ki","@id":"https:\/\/radioljubuski.ba\/#\/schema\/person\/19fc700381a780f69665d7956c469e3b"},"headline":"Ukrajinski parlament usvojio rezoluciju kojom je rusku agresiju proglasio genocidom","datePublished":"2022-04-15T01:00:55+00:00","dateModified":"2022-04-15T01:00:56+00:00","mainEntityOfPage":{"@id":"https:\/\/radioljubuski.ba\/index.php\/2022\/04\/15\/ukrajinski-parlament-usvojio-rezoluciju-kojom-je-rusku-agresiju-proglasio-genocidom\/"},"wordCount":271,"publisher":{"@id":"https:\/\/radioljubuski.ba\/#organization"},"image":{"@id":"https:\/\/radioljubuski.ba\/index.php\/2022\/04\/15\/ukrajinski-parlament-usvojio-rezoluciju-kojom-je-rusku-agresiju-proglasio-genocidom\/#primaryimage"},"thumbnailUrl":"https:\/\/radioljubuski.ba\/wp-content\/uploads\/2022\/04\/10-2022-04-14-21-34-07-61025932_101.jpg","articleSection":["BIH i regija"],"inLanguage":"hr"},{"@type":"WebPage","@id":"https:\/\/radioljubuski.ba\/index.php\/2022\/04\/15\/ukrajinski-parlament-usvojio-rezoluciju-kojom-je-rusku-agresiju-proglasio-genocidom\/","url":"https:\/\/radioljubuski.ba\/index.php\/2022\/04\/15\/ukrajinski-parlament-usvojio-rezoluciju-kojom-je-rusku-agresiju-proglasio-genocidom\/","name":"Ukrajinski parlament usvojio rezoluciju kojom je rusku agresiju proglasio genocidom - RADIO LJUBU\u0160KI","isPartOf":{"@id":"https:\/\/radioljubuski.ba\/#website"},"primaryImageOfPage":{"@id":"https:\/\/radioljubuski.ba\/index.php\/2022\/04\/15\/ukrajinski-parlament-usvojio-rezoluciju-kojom-je-rusku-agresiju-proglasio-genocidom\/#primaryimage"},"image":{"@id":"https:\/\/radioljubuski.ba\/index.php\/2022\/04\/15\/ukrajinski-parlament-usvojio-rezoluciju-kojom-je-rusku-agresiju-proglasio-genocidom\/#primaryimage"},"thumbnailUrl":"https:\/\/radioljubuski.ba\/wp-content\/uploads\/2022\/04\/10-2022-04-14-21-34-07-61025932_101.jpg","datePublished":"2022-04-15T01:00:55+00:00","dateModified":"2022-04-15T01:00:56+00:00","breadcrumb":{"@id":"https:\/\/radioljubuski.ba\/index.php\/2022\/04\/15\/ukrajinski-parlament-usvojio-rezoluciju-kojom-je-rusku-agresiju-proglasio-genocidom\/#breadcrumb"},"inLanguage":"hr","potentialAction":[{"@type":"ReadAction","target":["https:\/\/radioljubuski.ba\/index.php\/2022\/04\/15\/ukrajinski-parlament-usvojio-rezoluciju-kojom-je-rusku-agresiju-proglasio-genocidom\/"]}]},{"@type":"ImageObject","inLanguage":"hr","@id":"https:\/\/radioljubuski.ba\/index.php\/2022\/04\/15\/ukrajinski-parlament-usvojio-rezoluciju-kojom-je-rusku-agresiju-proglasio-genocidom\/#primaryimage","url":"https:\/\/radioljubuski.ba\/wp-content\/uploads\/2022\/04\/10-2022-04-14-21-34-07-61025932_101.jpg","contentUrl":"https:\/\/radioljubuski.ba\/wp-content\/uploads\/2022\/04\/10-2022-04-14-21-34-07-61025932_101.jpg","width":1000,"height":625},{"@type":"BreadcrumbList","@id":"https:\/\/radioljubuski.ba\/index.php\/2022\/04\/15\/ukrajinski-parlament-usvojio-rezoluciju-kojom-je-rusku-agresiju-proglasio-genocidom\/#breadcrumb","itemListElement":[{"@type":"ListItem","position":1,"name":"Po\u010detna stranica","item":"https:\/\/radioljubuski.ba\/"},{"@type":"ListItem","position":2,"name":"Ukrajinski parlament usvojio rezoluciju kojom je rusku agresiju proglasio genocidom"}]},{"@type":"WebSite","@id":"https:\/\/radioljubuski.ba\/#website","url":"https:\/\/radioljubuski.ba\/","name":"Radio Ljubu\u0161ki","description":"Sun\u010dana frekvencija Hercegovine","publisher":{"@id":"https:\/\/radioljubuski.ba\/#organization"},"potentialAction":[{"@type":"SearchAction","target":{"@type":"EntryPoint","urlTemplate":"https:\/\/radioljubuski.ba\/?s={search_term_string}"},"query-input":{"@type":"PropertyValueSpecification","valueRequired":true,"valueName":"search_term_string"}}],"inLanguage":"hr"},{"@type":"Organization","@id":"https:\/\/radioljubuski.ba\/#organization","name":"Radio Ljubu\u0161ki","url":"https:\/\/radioljubuski.ba\/","logo":{"@type":"ImageObject","inLanguage":"hr","@id":"https:\/\/radioljubuski.ba\/#\/schema\/logo\/image\/","url":"https:\/\/radioljubuski.ba\/wp-content\/uploads\/2021\/02\/cropped-Radio_Ljubuski_logo1.jpg","contentUrl":"https:\/\/radioljubuski.ba\/wp-content\/uploads\/2021\/02\/cropped-Radio_Ljubuski_logo1.jpg","width":512,"height":512,"caption":"Radio Ljubu\u0161ki"},"image":{"@id":"https:\/\/radioljubuski.ba\/#\/schema\/logo\/image\/"},"sameAs":["https:\/\/www.facebook.com\/Radiio-Ljubuski-1490835324566332","https:\/\/x.com\/radioljubuski","https:\/\/hr.linkedin.com\/company\/radio-ljubuski","https:\/\/www.youtube.com\/channel\/UCHYaeO_n0Db3tjNGudGpXyw"]},{"@type":"Person","@id":"https:\/\/radioljubuski.ba\/#\/schema\/person\/19fc700381a780f69665d7956c469e3b","name":"Radio Ljubu\u0161ki"}]}},"_links":{"self":[{"href":"https:\/\/radioljubuski.ba\/index.php\/wp-json\/wp\/v2\/posts\/132830","targetHints":{"allow":["GET"]}}],"collection":[{"href":"https:\/\/radioljubuski.ba\/index.php\/wp-json\/wp\/v2\/posts"}],"about":[{"href":"https:\/\/radioljubuski.ba\/index.php\/wp-json\/wp\/v2\/types\/post"}],"author":[{"embeddable":true,"href":"https:\/\/radioljubuski.ba\/index.php\/wp-json\/wp\/v2\/users\/2"}],"replies":[{"embeddable":true,"href":"https:\/\/radioljubuski.ba\/index.php\/wp-json\/wp\/v2\/comments?post=132830"}],"version-history":[{"count":1,"href":"https:\/\/radioljubuski.ba\/index.php\/wp-json\/wp\/v2\/posts\/132830\/revisions"}],"predecessor-version":[{"id":132832,"href":"https:\/\/radioljubuski.ba\/index.php\/wp-json\/wp\/v2\/posts\/132830\/revisions\/132832"}],"wp:featuredmedia":[{"embeddable":true,"href":"https:\/\/radioljubuski.ba\/index.php\/wp-json\/wp\/v2\/media\/132831"}],"wp:attachment":[{"href":"https:\/\/radioljubuski.ba\/index.php\/wp-json\/wp\/v2\/media?parent=132830"}],"wp:term":[{"taxonomy":"category","embeddable":true,"href":"https:\/\/radioljubuski.ba\/index.php\/wp-json\/wp\/v2\/categories?post=132830"},{"taxonomy":"post_tag","embeddable":true,"href":"https:\/\/radioljubuski.ba\/index.php\/wp-json\/wp\/v2\/tags?post=132830"}],"curies":[{"name":"wp","href":"https:\/\/api.w.org\/{rel}","templated":true}]}}