{"id":132833,"date":"2022-04-15T02:03:12","date_gmt":"2022-04-15T01:03:12","guid":{"rendered":"https:\/\/radioljubuski.ba\/?p=132833"},"modified":"2022-04-15T02:03:14","modified_gmt":"2022-04-15T01:03:14","slug":"teska-je-glupost-isticanje-price-da-je-hvo-spasavao-bih-2","status":"publish","type":"post","link":"https:\/\/radioljubuski.ba\/index.php\/2022\/04\/15\/teska-je-glupost-isticanje-price-da-je-hvo-spasavao-bih-2\/","title":{"rendered":"Te\u0161ka je glupost isticanje pri\u010de da je HVO spa\u0161avao BiH"},"content":{"rendered":"\n<p><strong>Najvi\u0161e se la\u017ee u ljubavi, lovu i predizbornoj kampanji rekao je, otprilike, davno, jedan veliki europski dr\u017eavnik i jedan od najve\u0107ih svjetskih dr\u017eavnika ikada \u2013 Winston Churchill. Bit \u0107u slobodan pa dodati \u2013 i kada Hrvati iz Hrvatske, na politi\u010dkoj razini, govore o Hrvatskom vije\u0107u obrane.<\/strong><\/p>\n\n\n\n<p>\u0160to se sve tu la\u017ee \u2013 rat, lov i kampanja su male mace. Ovih je dana dostojanstveno i vrlo \u010destito proslavljen 30. ro\u0111endan HVO-a. Bilo je zaista divno biti svjedok takvom jednom \u010dinu. Parada koja se odr\u017eavala ispred Hrvatskog doma Hercega Stjepana Kosa\u010de ni po \u010demu se posebno nije razlikovala od drugih parada koje se drugdje obilje\u017eavaju na sli\u010dne godi\u0161njice i manifestacije, me\u0111utim, ovo je imalo jednu posebno dirljivu notu.<\/p>\n\n\n\n<p><strong>Pi\u0161e:&nbsp;<\/strong><em><strong>Ivan Crnjac<\/strong><\/em><strong>,&nbsp;<a href=\"https:\/\/blog.vecernji.hr\/ivan-crnjac\/teska-je-glupost-isticanje-price-da-je-hvo-spasavao-bih-12935\">Vecernji.hr<\/a><\/strong><\/p>\n\n\n\n<p>Je li to bilo zbog \u010dinjenice \u0161to je Milanovi\u0107 HVO vratio na oltar me\u0111u velike hrvatske simbole, je li to bilo zbog samih emocija koje su se mogle \u010ditati s lica obi\u010dnih ljudi \u2013 nekada\u0161njih vojnika, koji su do\u0161li na ro\u0111endan svojoj vojsci, zbog govora pojedinaca ili cijele ukupne situacije u BiH i energije koja je visila nad Mostarom \u2013 te\u0161ko je re\u0107i. Bit \u0107e da je razlog sve ovo na istoj hrpi.<\/p>\n\n\n\n<p><strong>Mit o spa\u0161avanju BiH<\/strong><\/p>\n\n\n\n<p>Jako se te\u0161ko oteti dojmu kako se o HVO-u, zapravo, dosta lagalo. Posebno su te la\u017ei bile primjetne dok su izlazile iz usta pojedinih politi\u010dara u Hrvatskoj, ali i nekih novinara, analiti\u010dara i, generalno, promatra\u010da na\u0161e dru\u0161tvene zbilje. Puno se, naime, govorilo o tomu da je HVO spa\u0161avao Bosnu i Hercegovinu, a sam kontekst takve izjave je velika la\u017e.<\/p>\n\n\n\n<p>Ljudi koji su se unutar te vojske borili uop\u0107e nisu bili time motivirani. Nitko nije uzeo pu\u0161ku, oti\u0161ao na neko od brda gdje su se dr\u017eale kote, i mislio u sebi pri tom: \u2018Joj, kako li sam, majko, ponosan jer ovim \u010dinom spa\u0161avam Bosnu i Hercegovinu!\u2019<\/p>\n\n\n\n<p>To o spa\u0161avanju BiH je licemjerna, poduplana la\u017e. Time se \u017eeli poru\u010diti ne\u0161to i Sarajevu, ali i unutar samog hrvatskog naroda, kako u BiH, tako i u RH, stvoriti svojevrsnu samoobmanu. A istina je druga\u010dija. HVO jest spasio BiH, ali HVO nije spa\u0161avao BiH niti mu je to bila primarna uloga ni namjera. HVO se borio za Herceg-Bosnu, a to je u tom trenutku bila plemenita i logi\u010dna politi\u010dka ideja. HVO je i nastao kao svojevrsni dodatak teritorijalne obrane bh. Hrvata s obzirom na to da su ostatke teritorijalne obrane SR BiH pograbili prvo Srbi a potom i Bo\u0161njaci.<\/p>\n\n\n\n<p>Herceg-Bosni i slobodi \u2013 HVO nas vodi \u2013 ka\u017ee stih himne HVO-a koju je na 30. godi\u0161njici maestralno prepjevala Klapa \u201cSveti Juraj\u201d Hrvatske ratne mornarice. Trideset godina nakon rata, iz \u010diste politi\u010dke infantilnosti i nadanja u neki politi\u010dki plus govoriti o tomu da je HVO spa\u0161avao BiH krajnje je licemjerno. HVO nije negacija Bosne i Hercegovine, HVO se nije borio protiv Bosne i Hercegovine, ali temeljna zada\u0107a HVO-a bila je za\u0161tititi hrvatski narod u BiH koji se u tim vremenima samoorganizirao kroz Herceg-Bosnu, a potom i kroz HVO.<\/p>\n\n\n\n<p>Govoriti o HVO-u kao o spasitelju BiH je licemjerno, jadno i poni\u017eavaju\u0107e prema samom HVO-u. Istinu treba re\u0107i, koliko god se ona \u010dinila nepopularnom, a ovdje je istina jasna, \u010dista i potpuno i politi\u010dki i ideolo\u0161ki opravdana.<\/p>\n\n\n\n<p><strong>Milanovi\u0107 nije nasjeo<\/strong><\/p>\n\n\n\n<p>Milanovi\u0107, primjerice, nije upao u ovu zamku. U svom govoru, 17-minutnom, niti jednom nije izvalio ovu glupost. Nije jasno ni rekao ono \u0161to jest bila primarna uloga, \u0161to je shvatljivo, ali nije bar pri\u010dao gluposti poput nekih koji su se uhvatili spa\u0161avanja BiH.<\/p>\n\n\n\n<p>HVO jest bio jedan od spasitelja Bosne i Hercegovine, ali kada 30 godina nakon rata vidimo kako ta BiH izgleda, kako u njoj vladaju politike koje ne \u017eele dobro ni njoj samoj, ni bh. Hrvatima, postavlja se sasvim logi\u010dno pitanje \u010dija je \u201cbriljantna\u201d ideja propagiranje pri\u010de o tomu da je glavna funkcija HVO-a spa\u0161avanje BiH!?<\/p>\n\n\n\n<p>Takve ideje zvu\u010de gotovo sablazno, one nisu utemeljenje u realnosti i \u010dak su i zlonamjerne. Bosanskohercegova\u010dkim Hrvatima je u tim vremenima bio va\u017ean goli opstanak. Ljudi se se samoorganizirali kroz HVO da bi spasili svoje njive, \u0161ljive, vinograde, krave, koze, ovce\u2026 Jezera i dio mora koji imaju, mater i \u0107a\u0107u, mla\u0111u bra\u0107u i sestre, slu\u017eili su djeci, pravdi, vjeri, a nisu ginuli za neku imaginarnu politi\u010dku ideju \u0161to je u tom trenutku bila Bosna i Hercegovina.<\/p>\n\n\n\n<p>Svi\u0111alo se to nekom ili, bilo mu politi\u010dki \u0161tetno ili korisno, o HVO-u treba re\u0107i onako kako je bilo. Forsiranjem pri\u010de o HVO-u kao nekom tko je spa\u0161avao BiH i \u010dija je to politi\u010dka nit vodilja bila se pljuje u lice svim onim Hrvatima koji su sami stradali ili nekog izgubili tijekom rata. 99 od 100 njih danas, da se mogu ustati i \u010duti \u0161to se pri\u010da o HVO-u u kontekstu spa\u0161avanja BiH, hladno bi se vratili nazad u grob.<\/p>\n\n\n\n<p>Politika je opet uspjela obezvrijediti jednu \u010distu hrvatsku pri\u010du. Jedini pokret otpora u Europi nakon Drugog svjetskog rata, vojsku koja je ratovala s prete\u010dom ISIL-a i Alkaide, vojsku koja se oduprla \u010detni\u010dkoj i JNA agresiji. Svoditi to danas na \u201cne bih se \u0161tel nikom zamerit\u201d je najodvratnija ideja od svih odvratnih ideja nastalih u zagreba\u010dkoj politi\u010dkoj kuhinji. Onaj tko je to osmislio bi trebao znati da se ne valja igrati s pljuvanjem po mrtvim kostima. To uvijek, na ovaj ili onaj na\u010din, do\u0111e na naplatu.<\/p>\n\n\n\n<p>\/HMS\/<\/p>\n","protected":false},"excerpt":{"rendered":"<p>Najvi\u0161e se la\u017ee u ljubavi, lovu i predizbornoj kampanji rekao je, otprilike, davno, jedan veliki europski dr\u017eavnik i jedan od najve\u0107ih svjetskih dr\u017eavnika ikada \u2013 Winston Churchill. Bit \u0107u slobodan pa dodati \u2013 i kada Hrvati iz Hrvatske, na politi\u010dkoj razini, govore o Hrvatskom vije\u0107u obrane. \u0160to se sve tu la\u017ee \u2013 rat, lov i [&hellip;]<\/p>\n","protected":false},"author":2,"featured_media":132834,"comment_status":"closed","ping_status":"closed","sticky":false,"template":"","format":"standard","meta":{"h5ap_radio_sources":[],"footnotes":""},"categories":[1],"tags":[],"class_list":["post-132833","post","type-post","status-publish","format-standard","has-post-thumbnail","hentry","category-bihiregija"],"yoast_head":"<!-- This site is optimized with the Yoast SEO plugin v27.5 - https:\/\/yoast.com\/product\/yoast-seo-wordpress\/ -->\n<title>Te\u0161ka je glupost isticanje pri\u010de da je HVO spa\u0161avao BiH - RADIO LJUBU\u0160KI<\/title>\n<meta name=\"robots\" content=\"index, follow, max-snippet:-1, max-image-preview:large, max-video-preview:-1\" \/>\n<link rel=\"canonical\" href=\"https:\/\/radioljubuski.ba\/index.php\/2022\/04\/15\/teska-je-glupost-isticanje-price-da-je-hvo-spasavao-bih-2\/\" \/>\n<meta property=\"og:locale\" content=\"hr_HR\" \/>\n<meta property=\"og:type\" content=\"article\" \/>\n<meta property=\"og:title\" content=\"Te\u0161ka je glupost isticanje pri\u010de da je HVO spa\u0161avao BiH - RADIO LJUBU\u0160KI\" \/>\n<meta property=\"og:description\" content=\"Najvi\u0161e se la\u017ee u ljubavi, lovu i predizbornoj kampanji rekao je, otprilike, davno, jedan veliki europski dr\u017eavnik i jedan od najve\u0107ih svjetskih dr\u017eavnika ikada \u2013 Winston Churchill. Bit \u0107u slobodan pa dodati \u2013 i kada Hrvati iz Hrvatske, na politi\u010dkoj razini, govore o Hrvatskom vije\u0107u obrane. \u0160to se sve tu la\u017ee \u2013 rat, lov i [&hellip;]\" \/>\n<meta property=\"og:url\" content=\"https:\/\/radioljubuski.ba\/index.php\/2022\/04\/15\/teska-je-glupost-isticanje-price-da-je-hvo-spasavao-bih-2\/\" \/>\n<meta property=\"og:site_name\" content=\"RADIO LJUBU\u0160KI\" \/>\n<meta property=\"article:publisher\" content=\"https:\/\/www.facebook.com\/Radiio-Ljubuski-1490835324566332\" \/>\n<meta property=\"article:published_time\" content=\"2022-04-15T01:03:12+00:00\" \/>\n<meta property=\"article:modified_time\" content=\"2022-04-15T01:03:14+00:00\" \/>\n<meta property=\"og:image\" content=\"https:\/\/radioljubuski.ba\/wp-content\/uploads\/2022\/04\/IMG_20220408_115904-1068x801-1.jpg\" \/>\n\t<meta property=\"og:image:width\" content=\"1068\" \/>\n\t<meta property=\"og:image:height\" content=\"801\" \/>\n\t<meta property=\"og:image:type\" content=\"image\/jpeg\" \/>\n<meta name=\"author\" content=\"Radio Ljubu\u0161ki\" \/>\n<meta name=\"twitter:card\" content=\"summary_large_image\" \/>\n<meta name=\"twitter:creator\" content=\"@radioljubuski\" \/>\n<meta name=\"twitter:site\" content=\"@radioljubuski\" \/>\n<meta name=\"twitter:label1\" content=\"Napisao\/la\" \/>\n\t<meta name=\"twitter:data1\" content=\"Radio Ljubu\u0161ki\" \/>\n\t<meta name=\"twitter:label2\" content=\"Procijenjeno vrijeme \u010ditanja\" \/>\n\t<meta name=\"twitter:data2\" content=\"4 minute\" \/>\n<script type=\"application\/ld+json\" class=\"yoast-schema-graph\">{\"@context\":\"https:\\\/\\\/schema.org\",\"@graph\":[{\"@type\":\"Article\",\"@id\":\"https:\\\/\\\/radioljubuski.ba\\\/index.php\\\/2022\\\/04\\\/15\\\/teska-je-glupost-isticanje-price-da-je-hvo-spasavao-bih-2\\\/#article\",\"isPartOf\":{\"@id\":\"https:\\\/\\\/radioljubuski.ba\\\/index.php\\\/2022\\\/04\\\/15\\\/teska-je-glupost-isticanje-price-da-je-hvo-spasavao-bih-2\\\/\"},\"author\":{\"name\":\"Radio Ljubu\u0161ki\",\"@id\":\"https:\\\/\\\/radioljubuski.ba\\\/#\\\/schema\\\/person\\\/19fc700381a780f69665d7956c469e3b\"},\"headline\":\"Te\u0161ka je glupost isticanje pri\u010de da je HVO spa\u0161avao BiH\",\"datePublished\":\"2022-04-15T01:03:12+00:00\",\"dateModified\":\"2022-04-15T01:03:14+00:00\",\"mainEntityOfPage\":{\"@id\":\"https:\\\/\\\/radioljubuski.ba\\\/index.php\\\/2022\\\/04\\\/15\\\/teska-je-glupost-isticanje-price-da-je-hvo-spasavao-bih-2\\\/\"},\"wordCount\":958,\"publisher\":{\"@id\":\"https:\\\/\\\/radioljubuski.ba\\\/#organization\"},\"image\":{\"@id\":\"https:\\\/\\\/radioljubuski.ba\\\/index.php\\\/2022\\\/04\\\/15\\\/teska-je-glupost-isticanje-price-da-je-hvo-spasavao-bih-2\\\/#primaryimage\"},\"thumbnailUrl\":\"https:\\\/\\\/radioljubuski.ba\\\/wp-content\\\/uploads\\\/2022\\\/04\\\/IMG_20220408_115904-1068x801-1.jpg\",\"articleSection\":[\"BIH i regija\"],\"inLanguage\":\"hr\"},{\"@type\":\"WebPage\",\"@id\":\"https:\\\/\\\/radioljubuski.ba\\\/index.php\\\/2022\\\/04\\\/15\\\/teska-je-glupost-isticanje-price-da-je-hvo-spasavao-bih-2\\\/\",\"url\":\"https:\\\/\\\/radioljubuski.ba\\\/index.php\\\/2022\\\/04\\\/15\\\/teska-je-glupost-isticanje-price-da-je-hvo-spasavao-bih-2\\\/\",\"name\":\"Te\u0161ka je glupost isticanje pri\u010de da je HVO spa\u0161avao BiH - RADIO LJUBU\u0160KI\",\"isPartOf\":{\"@id\":\"https:\\\/\\\/radioljubuski.ba\\\/#website\"},\"primaryImageOfPage\":{\"@id\":\"https:\\\/\\\/radioljubuski.ba\\\/index.php\\\/2022\\\/04\\\/15\\\/teska-je-glupost-isticanje-price-da-je-hvo-spasavao-bih-2\\\/#primaryimage\"},\"image\":{\"@id\":\"https:\\\/\\\/radioljubuski.ba\\\/index.php\\\/2022\\\/04\\\/15\\\/teska-je-glupost-isticanje-price-da-je-hvo-spasavao-bih-2\\\/#primaryimage\"},\"thumbnailUrl\":\"https:\\\/\\\/radioljubuski.ba\\\/wp-content\\\/uploads\\\/2022\\\/04\\\/IMG_20220408_115904-1068x801-1.jpg\",\"datePublished\":\"2022-04-15T01:03:12+00:00\",\"dateModified\":\"2022-04-15T01:03:14+00:00\",\"breadcrumb\":{\"@id\":\"https:\\\/\\\/radioljubuski.ba\\\/index.php\\\/2022\\\/04\\\/15\\\/teska-je-glupost-isticanje-price-da-je-hvo-spasavao-bih-2\\\/#breadcrumb\"},\"inLanguage\":\"hr\",\"potentialAction\":[{\"@type\":\"ReadAction\",\"target\":[\"https:\\\/\\\/radioljubuski.ba\\\/index.php\\\/2022\\\/04\\\/15\\\/teska-je-glupost-isticanje-price-da-je-hvo-spasavao-bih-2\\\/\"]}]},{\"@type\":\"ImageObject\",\"inLanguage\":\"hr\",\"@id\":\"https:\\\/\\\/radioljubuski.ba\\\/index.php\\\/2022\\\/04\\\/15\\\/teska-je-glupost-isticanje-price-da-je-hvo-spasavao-bih-2\\\/#primaryimage\",\"url\":\"https:\\\/\\\/radioljubuski.ba\\\/wp-content\\\/uploads\\\/2022\\\/04\\\/IMG_20220408_115904-1068x801-1.jpg\",\"contentUrl\":\"https:\\\/\\\/radioljubuski.ba\\\/wp-content\\\/uploads\\\/2022\\\/04\\\/IMG_20220408_115904-1068x801-1.jpg\",\"width\":1068,\"height\":801},{\"@type\":\"BreadcrumbList\",\"@id\":\"https:\\\/\\\/radioljubuski.ba\\\/index.php\\\/2022\\\/04\\\/15\\\/teska-je-glupost-isticanje-price-da-je-hvo-spasavao-bih-2\\\/#breadcrumb\",\"itemListElement\":[{\"@type\":\"ListItem\",\"position\":1,\"name\":\"Po\u010detna stranica\",\"item\":\"https:\\\/\\\/radioljubuski.ba\\\/\"},{\"@type\":\"ListItem\",\"position\":2,\"name\":\"Te\u0161ka je glupost isticanje pri\u010de da je HVO spa\u0161avao BiH\"}]},{\"@type\":\"WebSite\",\"@id\":\"https:\\\/\\\/radioljubuski.ba\\\/#website\",\"url\":\"https:\\\/\\\/radioljubuski.ba\\\/\",\"name\":\"Radio Ljubu\u0161ki\",\"description\":\"Sun\u010dana frekvencija Hercegovine\",\"publisher\":{\"@id\":\"https:\\\/\\\/radioljubuski.ba\\\/#organization\"},\"potentialAction\":[{\"@type\":\"SearchAction\",\"target\":{\"@type\":\"EntryPoint\",\"urlTemplate\":\"https:\\\/\\\/radioljubuski.ba\\\/?s={search_term_string}\"},\"query-input\":{\"@type\":\"PropertyValueSpecification\",\"valueRequired\":true,\"valueName\":\"search_term_string\"}}],\"inLanguage\":\"hr\"},{\"@type\":\"Organization\",\"@id\":\"https:\\\/\\\/radioljubuski.ba\\\/#organization\",\"name\":\"Radio Ljubu\u0161ki\",\"url\":\"https:\\\/\\\/radioljubuski.ba\\\/\",\"logo\":{\"@type\":\"ImageObject\",\"inLanguage\":\"hr\",\"@id\":\"https:\\\/\\\/radioljubuski.ba\\\/#\\\/schema\\\/logo\\\/image\\\/\",\"url\":\"https:\\\/\\\/radioljubuski.ba\\\/wp-content\\\/uploads\\\/2021\\\/02\\\/cropped-Radio_Ljubuski_logo1.jpg\",\"contentUrl\":\"https:\\\/\\\/radioljubuski.ba\\\/wp-content\\\/uploads\\\/2021\\\/02\\\/cropped-Radio_Ljubuski_logo1.jpg\",\"width\":512,\"height\":512,\"caption\":\"Radio Ljubu\u0161ki\"},\"image\":{\"@id\":\"https:\\\/\\\/radioljubuski.ba\\\/#\\\/schema\\\/logo\\\/image\\\/\"},\"sameAs\":[\"https:\\\/\\\/www.facebook.com\\\/Radiio-Ljubuski-1490835324566332\",\"https:\\\/\\\/x.com\\\/radioljubuski\",\"https:\\\/\\\/hr.linkedin.com\\\/company\\\/radio-ljubuski\",\"https:\\\/\\\/www.youtube.com\\\/channel\\\/UCHYaeO_n0Db3tjNGudGpXyw\"]},{\"@type\":\"Person\",\"@id\":\"https:\\\/\\\/radioljubuski.ba\\\/#\\\/schema\\\/person\\\/19fc700381a780f69665d7956c469e3b\",\"name\":\"Radio Ljubu\u0161ki\"}]}<\/script>\n<!-- \/ Yoast SEO plugin. -->","yoast_head_json":{"title":"Te\u0161ka je glupost isticanje pri\u010de da je HVO spa\u0161avao BiH - RADIO LJUBU\u0160KI","robots":{"index":"index","follow":"follow","max-snippet":"max-snippet:-1","max-image-preview":"max-image-preview:large","max-video-preview":"max-video-preview:-1"},"canonical":"https:\/\/radioljubuski.ba\/index.php\/2022\/04\/15\/teska-je-glupost-isticanje-price-da-je-hvo-spasavao-bih-2\/","og_locale":"hr_HR","og_type":"article","og_title":"Te\u0161ka je glupost isticanje pri\u010de da je HVO spa\u0161avao BiH - RADIO LJUBU\u0160KI","og_description":"Najvi\u0161e se la\u017ee u ljubavi, lovu i predizbornoj kampanji rekao je, otprilike, davno, jedan veliki europski dr\u017eavnik i jedan od najve\u0107ih svjetskih dr\u017eavnika ikada \u2013 Winston Churchill. Bit \u0107u slobodan pa dodati \u2013 i kada Hrvati iz Hrvatske, na politi\u010dkoj razini, govore o Hrvatskom vije\u0107u obrane. \u0160to se sve tu la\u017ee \u2013 rat, lov i [&hellip;]","og_url":"https:\/\/radioljubuski.ba\/index.php\/2022\/04\/15\/teska-je-glupost-isticanje-price-da-je-hvo-spasavao-bih-2\/","og_site_name":"RADIO LJUBU\u0160KI","article_publisher":"https:\/\/www.facebook.com\/Radiio-Ljubuski-1490835324566332","article_published_time":"2022-04-15T01:03:12+00:00","article_modified_time":"2022-04-15T01:03:14+00:00","og_image":[{"width":1068,"height":801,"url":"https:\/\/radioljubuski.ba\/wp-content\/uploads\/2022\/04\/IMG_20220408_115904-1068x801-1.jpg","type":"image\/jpeg"}],"author":"Radio Ljubu\u0161ki","twitter_card":"summary_large_image","twitter_creator":"@radioljubuski","twitter_site":"@radioljubuski","twitter_misc":{"Napisao\/la":"Radio Ljubu\u0161ki","Procijenjeno vrijeme \u010ditanja":"4 minute"},"schema":{"@context":"https:\/\/schema.org","@graph":[{"@type":"Article","@id":"https:\/\/radioljubuski.ba\/index.php\/2022\/04\/15\/teska-je-glupost-isticanje-price-da-je-hvo-spasavao-bih-2\/#article","isPartOf":{"@id":"https:\/\/radioljubuski.ba\/index.php\/2022\/04\/15\/teska-je-glupost-isticanje-price-da-je-hvo-spasavao-bih-2\/"},"author":{"name":"Radio Ljubu\u0161ki","@id":"https:\/\/radioljubuski.ba\/#\/schema\/person\/19fc700381a780f69665d7956c469e3b"},"headline":"Te\u0161ka je glupost isticanje pri\u010de da je HVO spa\u0161avao BiH","datePublished":"2022-04-15T01:03:12+00:00","dateModified":"2022-04-15T01:03:14+00:00","mainEntityOfPage":{"@id":"https:\/\/radioljubuski.ba\/index.php\/2022\/04\/15\/teska-je-glupost-isticanje-price-da-je-hvo-spasavao-bih-2\/"},"wordCount":958,"publisher":{"@id":"https:\/\/radioljubuski.ba\/#organization"},"image":{"@id":"https:\/\/radioljubuski.ba\/index.php\/2022\/04\/15\/teska-je-glupost-isticanje-price-da-je-hvo-spasavao-bih-2\/#primaryimage"},"thumbnailUrl":"https:\/\/radioljubuski.ba\/wp-content\/uploads\/2022\/04\/IMG_20220408_115904-1068x801-1.jpg","articleSection":["BIH i regija"],"inLanguage":"hr"},{"@type":"WebPage","@id":"https:\/\/radioljubuski.ba\/index.php\/2022\/04\/15\/teska-je-glupost-isticanje-price-da-je-hvo-spasavao-bih-2\/","url":"https:\/\/radioljubuski.ba\/index.php\/2022\/04\/15\/teska-je-glupost-isticanje-price-da-je-hvo-spasavao-bih-2\/","name":"Te\u0161ka je glupost isticanje pri\u010de da je HVO spa\u0161avao BiH - RADIO LJUBU\u0160KI","isPartOf":{"@id":"https:\/\/radioljubuski.ba\/#website"},"primaryImageOfPage":{"@id":"https:\/\/radioljubuski.ba\/index.php\/2022\/04\/15\/teska-je-glupost-isticanje-price-da-je-hvo-spasavao-bih-2\/#primaryimage"},"image":{"@id":"https:\/\/radioljubuski.ba\/index.php\/2022\/04\/15\/teska-je-glupost-isticanje-price-da-je-hvo-spasavao-bih-2\/#primaryimage"},"thumbnailUrl":"https:\/\/radioljubuski.ba\/wp-content\/uploads\/2022\/04\/IMG_20220408_115904-1068x801-1.jpg","datePublished":"2022-04-15T01:03:12+00:00","dateModified":"2022-04-15T01:03:14+00:00","breadcrumb":{"@id":"https:\/\/radioljubuski.ba\/index.php\/2022\/04\/15\/teska-je-glupost-isticanje-price-da-je-hvo-spasavao-bih-2\/#breadcrumb"},"inLanguage":"hr","potentialAction":[{"@type":"ReadAction","target":["https:\/\/radioljubuski.ba\/index.php\/2022\/04\/15\/teska-je-glupost-isticanje-price-da-je-hvo-spasavao-bih-2\/"]}]},{"@type":"ImageObject","inLanguage":"hr","@id":"https:\/\/radioljubuski.ba\/index.php\/2022\/04\/15\/teska-je-glupost-isticanje-price-da-je-hvo-spasavao-bih-2\/#primaryimage","url":"https:\/\/radioljubuski.ba\/wp-content\/uploads\/2022\/04\/IMG_20220408_115904-1068x801-1.jpg","contentUrl":"https:\/\/radioljubuski.ba\/wp-content\/uploads\/2022\/04\/IMG_20220408_115904-1068x801-1.jpg","width":1068,"height":801},{"@type":"BreadcrumbList","@id":"https:\/\/radioljubuski.ba\/index.php\/2022\/04\/15\/teska-je-glupost-isticanje-price-da-je-hvo-spasavao-bih-2\/#breadcrumb","itemListElement":[{"@type":"ListItem","position":1,"name":"Po\u010detna stranica","item":"https:\/\/radioljubuski.ba\/"},{"@type":"ListItem","position":2,"name":"Te\u0161ka je glupost isticanje pri\u010de da je HVO spa\u0161avao BiH"}]},{"@type":"WebSite","@id":"https:\/\/radioljubuski.ba\/#website","url":"https:\/\/radioljubuski.ba\/","name":"Radio Ljubu\u0161ki","description":"Sun\u010dana frekvencija Hercegovine","publisher":{"@id":"https:\/\/radioljubuski.ba\/#organization"},"potentialAction":[{"@type":"SearchAction","target":{"@type":"EntryPoint","urlTemplate":"https:\/\/radioljubuski.ba\/?s={search_term_string}"},"query-input":{"@type":"PropertyValueSpecification","valueRequired":true,"valueName":"search_term_string"}}],"inLanguage":"hr"},{"@type":"Organization","@id":"https:\/\/radioljubuski.ba\/#organization","name":"Radio Ljubu\u0161ki","url":"https:\/\/radioljubuski.ba\/","logo":{"@type":"ImageObject","inLanguage":"hr","@id":"https:\/\/radioljubuski.ba\/#\/schema\/logo\/image\/","url":"https:\/\/radioljubuski.ba\/wp-content\/uploads\/2021\/02\/cropped-Radio_Ljubuski_logo1.jpg","contentUrl":"https:\/\/radioljubuski.ba\/wp-content\/uploads\/2021\/02\/cropped-Radio_Ljubuski_logo1.jpg","width":512,"height":512,"caption":"Radio Ljubu\u0161ki"},"image":{"@id":"https:\/\/radioljubuski.ba\/#\/schema\/logo\/image\/"},"sameAs":["https:\/\/www.facebook.com\/Radiio-Ljubuski-1490835324566332","https:\/\/x.com\/radioljubuski","https:\/\/hr.linkedin.com\/company\/radio-ljubuski","https:\/\/www.youtube.com\/channel\/UCHYaeO_n0Db3tjNGudGpXyw"]},{"@type":"Person","@id":"https:\/\/radioljubuski.ba\/#\/schema\/person\/19fc700381a780f69665d7956c469e3b","name":"Radio Ljubu\u0161ki"}]}},"_links":{"self":[{"href":"https:\/\/radioljubuski.ba\/index.php\/wp-json\/wp\/v2\/posts\/132833","targetHints":{"allow":["GET"]}}],"collection":[{"href":"https:\/\/radioljubuski.ba\/index.php\/wp-json\/wp\/v2\/posts"}],"about":[{"href":"https:\/\/radioljubuski.ba\/index.php\/wp-json\/wp\/v2\/types\/post"}],"author":[{"embeddable":true,"href":"https:\/\/radioljubuski.ba\/index.php\/wp-json\/wp\/v2\/users\/2"}],"replies":[{"embeddable":true,"href":"https:\/\/radioljubuski.ba\/index.php\/wp-json\/wp\/v2\/comments?post=132833"}],"version-history":[{"count":1,"href":"https:\/\/radioljubuski.ba\/index.php\/wp-json\/wp\/v2\/posts\/132833\/revisions"}],"predecessor-version":[{"id":132835,"href":"https:\/\/radioljubuski.ba\/index.php\/wp-json\/wp\/v2\/posts\/132833\/revisions\/132835"}],"wp:featuredmedia":[{"embeddable":true,"href":"https:\/\/radioljubuski.ba\/index.php\/wp-json\/wp\/v2\/media\/132834"}],"wp:attachment":[{"href":"https:\/\/radioljubuski.ba\/index.php\/wp-json\/wp\/v2\/media?parent=132833"}],"wp:term":[{"taxonomy":"category","embeddable":true,"href":"https:\/\/radioljubuski.ba\/index.php\/wp-json\/wp\/v2\/categories?post=132833"},{"taxonomy":"post_tag","embeddable":true,"href":"https:\/\/radioljubuski.ba\/index.php\/wp-json\/wp\/v2\/tags?post=132833"}],"curies":[{"name":"wp","href":"https:\/\/api.w.org\/{rel}","templated":true}]}}