{"id":132836,"date":"2022-04-15T02:05:16","date_gmt":"2022-04-15T01:05:16","guid":{"rendered":"https:\/\/radioljubuski.ba\/?p=132836"},"modified":"2022-04-15T02:05:18","modified_gmt":"2022-04-15T01:05:18","slug":"komsic-u-mostaru-i-dalje-se-tucemo-treba-razbiti-maglu-o-majorizaciji","status":"publish","type":"post","link":"https:\/\/radioljubuski.ba\/index.php\/2022\/04\/15\/komsic-u-mostaru-i-dalje-se-tucemo-treba-razbiti-maglu-o-majorizaciji\/","title":{"rendered":"Kom\u0161i\u0107 u Mostaru: I dalje se tu\u010demo, treba razbiti maglu o majorizaciji"},"content":{"rendered":"\n<p><strong>\u2018\u2018Zagreb se bori za o\u017eivljavanje Herceg-Bosne, i nije se odustalo da se odluke o BiH donose u Zagrebu i Beogradu. Zato je ova situacija politi\u010dki komplicirana, jer treba razbiti maglu o majorizaciji i ugro\u017eenosti, jer je pravi cilj vladati Bosnom i Hercegovinom\u2018\u2018, rekao je u Mostaru  \u010dlan Predsjedni\u0161tvo BiH \u017deljko Kom\u0161i\u0107.<\/strong><\/p>\n\n\n\n<p>Rekao je kako se ovladati BiH \u201dsada poku\u0161ava politi\u010dkom silom, jer se nije uspjelo vojnom, a imali su i imaju podr\u0161ku me\u0111unarodne zajednice\u201d, javlja portal&nbsp;<a href=\"https:\/\/bljesak.info\/vijesti\/politika\/komsic-u-mostaru-i-dalje-se-tucemo-treba-razbiti-maglu-o-majorizaciji\/379924\">Bljesak<\/a>.<\/p>\n\n\n\n<p>Govore\u0107i povodom godi\u0161njice osnivanja bo\u0161nja\u010dke Armije RBiH, Kom\u0161i\u0107 je rekao kako je \u201dzemlja obranjena\u201d.<\/p>\n\n\n\n<p>\u201dBiH postoji, a da je onakva kakvom smo je zami\u0161ljali \u2013 nije. Mi imamo jo\u0161 posla, barem ova generacija i generacija iza nas, imamo mi jo\u0161 posla da pravimo ovu zemlju boljom i druga\u010dijom, odnosno onakvom kakvom smo je zami\u0161ljali devedesetih, zemljom otvorenom za sve njene ljude, bez obzira tko su, \u0161to su, kojem se Bogu mole ili ne mole, odnosno za sve one kojima je BiH domovina, kojima je ovo svoj komad zemlje\u201d, rekao je Kom\u0161i\u0107.<\/p>\n\n\n\n<p>Ka\u017ee kako \u201dne mo\u017ee\u0161 imati dvije domovine\u201d.<\/p>\n\n\n\n<p>\u201dDomovina je tamo gdje si se rodio i gdje ti je srce, a to je stvar s BiH\u201d, rekao je Kom\u0161i\u0107.<\/p>\n\n\n\n<p>Ka\u017ee da, kad se pogleda \u201dsve \u0161to se doga\u0111alo od po\u010detka rata do Daytona, \u010dovjek mo\u017ee re\u0107i da je ponosan \u0161to je bio dio Armije BiH i MUP-a BiH\u201d.<\/p>\n\n\n\n<p>\u201dDrugo, sve je to nevjerojatna pri\u010da jer Armija je nastala iz inata i ponosa da se sa\u010duva svoje, a zapravo ni iz \u010dega. Ja se sje\u0107am od onoga kad nema\u0161 ni\u0161ta, do organizirane ustrojene javne snage koja ostvaruje pobjede kao bilo koja druga armija u svijetu. I na\u0161i politi\u010dki lideri u tom trenutku u ratu su postajali va\u017eni faktori, i sve su ih vi\u0161e slu\u0161ali kako je rasla armija, i kako je postajala prava vojska\u201d, rekao je nakon polaganja cvije\u0107a na \u0160ehitlucima.<\/p>\n\n\n\n<p>\u201d\u010cini mi se da dok nije postojala Armija, stranci koji su mogli sve uraditi prije 1995., kao da su nas do tada prepustili du\u0161manima ove zemlje da nas pobiju, ali mi to nismo dozvolili i oni nisu u tome uspjeli, jer smo pokazali da znamo da se branimo i tada je spa\u0161ena BiH\u201d, rekao je.<\/p>\n\n\n\n<p>Ka\u017ee kako \u201dratne politike i planovi koji su doveli 1992. do agresije na BiH nisu nestale.<\/p>\n\n\n\n<p>\u201dTe politike stoje. Nama se u\u010dinilo nakon rata da se odustaje od tih planova, ali ovo vrijeme u kojemu sada \u017eivimo pokazuje da se nikada nije odustalo od toga\u201d, rekao je i dodao kako \u201dsusjedi u Beogradu i Zagrebu isto imaju utjecaj\u201d.<\/p>\n\n\n\n<p>Rekao je da je jedina razlika u odnosu na devedesete to \u0161to vlada mir. \u201dAli i dalje se tu\u010demo protiv istih politika. Ljudi nisu isti, neke je odnio \u0111avo, neki su zavr\u0161ili u Haagu, ali politike su i dalje iste. Nije stalo, nije prestalo, i to nas \u010deka u vremenu ispred nas. Zaustavljena je pri\u010da oko izmjena Izbornog zakona gdje se htjelo da se Zagrebu daju poluge vlasti kakve ima Beograd, i ne\u0107e se od toga odustati, i to nam je veliki problem\u201d, rekao je.<\/p>\n\n\n\n<p>\/HMS\/<\/p>\n","protected":false},"excerpt":{"rendered":"<p>\u2018\u2018Zagreb se bori za o\u017eivljavanje Herceg-Bosne, i nije se odustalo da se odluke o BiH donose u Zagrebu i Beogradu. Zato je ova situacija politi\u010dki komplicirana, jer treba razbiti maglu o majorizaciji i ugro\u017eenosti, jer je pravi cilj vladati Bosnom i Hercegovinom\u2018\u2018, rekao je u Mostaru \u010dlan Predsjedni\u0161tvo BiH \u017deljko Kom\u0161i\u0107. Rekao je kako se [&hellip;]<\/p>\n","protected":false},"author":2,"featured_media":0,"comment_status":"closed","ping_status":"closed","sticky":false,"template":"","format":"standard","meta":{"h5ap_radio_sources":[],"footnotes":""},"categories":[1],"tags":[],"class_list":["post-132836","post","type-post","status-publish","format-standard","hentry","category-bihiregija"],"yoast_head":"<!-- This site is optimized with the Yoast SEO plugin v27.5 - https:\/\/yoast.com\/product\/yoast-seo-wordpress\/ -->\n<title>Kom\u0161i\u0107 u Mostaru: I dalje se tu\u010demo, treba razbiti maglu o majorizaciji - RADIO LJUBU\u0160KI<\/title>\n<meta name=\"robots\" content=\"index, follow, max-snippet:-1, max-image-preview:large, max-video-preview:-1\" \/>\n<link rel=\"canonical\" href=\"https:\/\/radioljubuski.ba\/index.php\/2022\/04\/15\/komsic-u-mostaru-i-dalje-se-tucemo-treba-razbiti-maglu-o-majorizaciji\/\" \/>\n<meta property=\"og:locale\" content=\"hr_HR\" \/>\n<meta property=\"og:type\" content=\"article\" \/>\n<meta property=\"og:title\" content=\"Kom\u0161i\u0107 u Mostaru: I dalje se tu\u010demo, treba razbiti maglu o majorizaciji - RADIO LJUBU\u0160KI\" \/>\n<meta property=\"og:description\" content=\"\u2018\u2018Zagreb se bori za o\u017eivljavanje Herceg-Bosne, i nije se odustalo da se odluke o BiH donose u Zagrebu i Beogradu. Zato je ova situacija politi\u010dki komplicirana, jer treba razbiti maglu o majorizaciji i ugro\u017eenosti, jer je pravi cilj vladati Bosnom i Hercegovinom\u2018\u2018, rekao je u Mostaru \u010dlan Predsjedni\u0161tvo BiH \u017deljko Kom\u0161i\u0107. Rekao je kako se [&hellip;]\" \/>\n<meta property=\"og:url\" content=\"https:\/\/radioljubuski.ba\/index.php\/2022\/04\/15\/komsic-u-mostaru-i-dalje-se-tucemo-treba-razbiti-maglu-o-majorizaciji\/\" \/>\n<meta property=\"og:site_name\" content=\"RADIO LJUBU\u0160KI\" \/>\n<meta property=\"article:publisher\" content=\"https:\/\/www.facebook.com\/Radiio-Ljubuski-1490835324566332\" \/>\n<meta property=\"article:published_time\" content=\"2022-04-15T01:05:16+00:00\" \/>\n<meta property=\"article:modified_time\" content=\"2022-04-15T01:05:18+00:00\" \/>\n<meta property=\"og:image\" content=\"https:\/\/radioljubuski.ba\/wp-content\/uploads\/2022\/04\/KOmsicMostarArmija6-1068x734-1.jpg\" \/>\n\t<meta property=\"og:image:width\" content=\"1068\" \/>\n\t<meta property=\"og:image:height\" content=\"734\" \/>\n\t<meta property=\"og:image:type\" content=\"image\/jpeg\" \/>\n<meta name=\"author\" content=\"Radio Ljubu\u0161ki\" \/>\n<meta name=\"twitter:card\" content=\"summary_large_image\" \/>\n<meta name=\"twitter:creator\" content=\"@radioljubuski\" \/>\n<meta name=\"twitter:site\" content=\"@radioljubuski\" \/>\n<meta name=\"twitter:label1\" content=\"Napisao\/la\" \/>\n\t<meta name=\"twitter:data1\" content=\"Radio Ljubu\u0161ki\" \/>\n\t<meta name=\"twitter:label2\" content=\"Procijenjeno vrijeme \u010ditanja\" \/>\n\t<meta name=\"twitter:data2\" content=\"3 minute\" \/>\n<script type=\"application\/ld+json\" class=\"yoast-schema-graph\">{\"@context\":\"https:\\\/\\\/schema.org\",\"@graph\":[{\"@type\":\"Article\",\"@id\":\"https:\\\/\\\/radioljubuski.ba\\\/index.php\\\/2022\\\/04\\\/15\\\/komsic-u-mostaru-i-dalje-se-tucemo-treba-razbiti-maglu-o-majorizaciji\\\/#article\",\"isPartOf\":{\"@id\":\"https:\\\/\\\/radioljubuski.ba\\\/index.php\\\/2022\\\/04\\\/15\\\/komsic-u-mostaru-i-dalje-se-tucemo-treba-razbiti-maglu-o-majorizaciji\\\/\"},\"author\":{\"name\":\"Radio Ljubu\u0161ki\",\"@id\":\"https:\\\/\\\/radioljubuski.ba\\\/#\\\/schema\\\/person\\\/19fc700381a780f69665d7956c469e3b\"},\"headline\":\"Kom\u0161i\u0107 u Mostaru: I dalje se tu\u010demo, treba razbiti maglu o majorizaciji\",\"datePublished\":\"2022-04-15T01:05:16+00:00\",\"dateModified\":\"2022-04-15T01:05:18+00:00\",\"mainEntityOfPage\":{\"@id\":\"https:\\\/\\\/radioljubuski.ba\\\/index.php\\\/2022\\\/04\\\/15\\\/komsic-u-mostaru-i-dalje-se-tucemo-treba-razbiti-maglu-o-majorizaciji\\\/\"},\"wordCount\":562,\"publisher\":{\"@id\":\"https:\\\/\\\/radioljubuski.ba\\\/#organization\"},\"articleSection\":[\"BIH i regija\"],\"inLanguage\":\"hr\"},{\"@type\":\"WebPage\",\"@id\":\"https:\\\/\\\/radioljubuski.ba\\\/index.php\\\/2022\\\/04\\\/15\\\/komsic-u-mostaru-i-dalje-se-tucemo-treba-razbiti-maglu-o-majorizaciji\\\/\",\"url\":\"https:\\\/\\\/radioljubuski.ba\\\/index.php\\\/2022\\\/04\\\/15\\\/komsic-u-mostaru-i-dalje-se-tucemo-treba-razbiti-maglu-o-majorizaciji\\\/\",\"name\":\"Kom\u0161i\u0107 u Mostaru: I dalje se tu\u010demo, treba razbiti maglu o majorizaciji - RADIO LJUBU\u0160KI\",\"isPartOf\":{\"@id\":\"https:\\\/\\\/radioljubuski.ba\\\/#website\"},\"datePublished\":\"2022-04-15T01:05:16+00:00\",\"dateModified\":\"2022-04-15T01:05:18+00:00\",\"breadcrumb\":{\"@id\":\"https:\\\/\\\/radioljubuski.ba\\\/index.php\\\/2022\\\/04\\\/15\\\/komsic-u-mostaru-i-dalje-se-tucemo-treba-razbiti-maglu-o-majorizaciji\\\/#breadcrumb\"},\"inLanguage\":\"hr\",\"potentialAction\":[{\"@type\":\"ReadAction\",\"target\":[\"https:\\\/\\\/radioljubuski.ba\\\/index.php\\\/2022\\\/04\\\/15\\\/komsic-u-mostaru-i-dalje-se-tucemo-treba-razbiti-maglu-o-majorizaciji\\\/\"]}]},{\"@type\":\"BreadcrumbList\",\"@id\":\"https:\\\/\\\/radioljubuski.ba\\\/index.php\\\/2022\\\/04\\\/15\\\/komsic-u-mostaru-i-dalje-se-tucemo-treba-razbiti-maglu-o-majorizaciji\\\/#breadcrumb\",\"itemListElement\":[{\"@type\":\"ListItem\",\"position\":1,\"name\":\"Po\u010detna stranica\",\"item\":\"https:\\\/\\\/radioljubuski.ba\\\/\"},{\"@type\":\"ListItem\",\"position\":2,\"name\":\"Kom\u0161i\u0107 u Mostaru: I dalje se tu\u010demo, treba razbiti maglu o majorizaciji\"}]},{\"@type\":\"WebSite\",\"@id\":\"https:\\\/\\\/radioljubuski.ba\\\/#website\",\"url\":\"https:\\\/\\\/radioljubuski.ba\\\/\",\"name\":\"Radio Ljubu\u0161ki\",\"description\":\"Sun\u010dana frekvencija Hercegovine\",\"publisher\":{\"@id\":\"https:\\\/\\\/radioljubuski.ba\\\/#organization\"},\"potentialAction\":[{\"@type\":\"SearchAction\",\"target\":{\"@type\":\"EntryPoint\",\"urlTemplate\":\"https:\\\/\\\/radioljubuski.ba\\\/?s={search_term_string}\"},\"query-input\":{\"@type\":\"PropertyValueSpecification\",\"valueRequired\":true,\"valueName\":\"search_term_string\"}}],\"inLanguage\":\"hr\"},{\"@type\":\"Organization\",\"@id\":\"https:\\\/\\\/radioljubuski.ba\\\/#organization\",\"name\":\"Radio Ljubu\u0161ki\",\"url\":\"https:\\\/\\\/radioljubuski.ba\\\/\",\"logo\":{\"@type\":\"ImageObject\",\"inLanguage\":\"hr\",\"@id\":\"https:\\\/\\\/radioljubuski.ba\\\/#\\\/schema\\\/logo\\\/image\\\/\",\"url\":\"https:\\\/\\\/radioljubuski.ba\\\/wp-content\\\/uploads\\\/2021\\\/02\\\/cropped-Radio_Ljubuski_logo1.jpg\",\"contentUrl\":\"https:\\\/\\\/radioljubuski.ba\\\/wp-content\\\/uploads\\\/2021\\\/02\\\/cropped-Radio_Ljubuski_logo1.jpg\",\"width\":512,\"height\":512,\"caption\":\"Radio Ljubu\u0161ki\"},\"image\":{\"@id\":\"https:\\\/\\\/radioljubuski.ba\\\/#\\\/schema\\\/logo\\\/image\\\/\"},\"sameAs\":[\"https:\\\/\\\/www.facebook.com\\\/Radiio-Ljubuski-1490835324566332\",\"https:\\\/\\\/x.com\\\/radioljubuski\",\"https:\\\/\\\/hr.linkedin.com\\\/company\\\/radio-ljubuski\",\"https:\\\/\\\/www.youtube.com\\\/channel\\\/UCHYaeO_n0Db3tjNGudGpXyw\"]},{\"@type\":\"Person\",\"@id\":\"https:\\\/\\\/radioljubuski.ba\\\/#\\\/schema\\\/person\\\/19fc700381a780f69665d7956c469e3b\",\"name\":\"Radio Ljubu\u0161ki\"}]}<\/script>\n<!-- \/ Yoast SEO plugin. -->","yoast_head_json":{"title":"Kom\u0161i\u0107 u Mostaru: I dalje se tu\u010demo, treba razbiti maglu o majorizaciji - RADIO LJUBU\u0160KI","robots":{"index":"index","follow":"follow","max-snippet":"max-snippet:-1","max-image-preview":"max-image-preview:large","max-video-preview":"max-video-preview:-1"},"canonical":"https:\/\/radioljubuski.ba\/index.php\/2022\/04\/15\/komsic-u-mostaru-i-dalje-se-tucemo-treba-razbiti-maglu-o-majorizaciji\/","og_locale":"hr_HR","og_type":"article","og_title":"Kom\u0161i\u0107 u Mostaru: I dalje se tu\u010demo, treba razbiti maglu o majorizaciji - RADIO LJUBU\u0160KI","og_description":"\u2018\u2018Zagreb se bori za o\u017eivljavanje Herceg-Bosne, i nije se odustalo da se odluke o BiH donose u Zagrebu i Beogradu. Zato je ova situacija politi\u010dki komplicirana, jer treba razbiti maglu o majorizaciji i ugro\u017eenosti, jer je pravi cilj vladati Bosnom i Hercegovinom\u2018\u2018, rekao je u Mostaru \u010dlan Predsjedni\u0161tvo BiH \u017deljko Kom\u0161i\u0107. Rekao je kako se [&hellip;]","og_url":"https:\/\/radioljubuski.ba\/index.php\/2022\/04\/15\/komsic-u-mostaru-i-dalje-se-tucemo-treba-razbiti-maglu-o-majorizaciji\/","og_site_name":"RADIO LJUBU\u0160KI","article_publisher":"https:\/\/www.facebook.com\/Radiio-Ljubuski-1490835324566332","article_published_time":"2022-04-15T01:05:16+00:00","article_modified_time":"2022-04-15T01:05:18+00:00","og_image":[{"width":1068,"height":734,"url":"https:\/\/radioljubuski.ba\/wp-content\/uploads\/2022\/04\/KOmsicMostarArmija6-1068x734-1.jpg","type":"image\/jpeg"}],"author":"Radio Ljubu\u0161ki","twitter_card":"summary_large_image","twitter_creator":"@radioljubuski","twitter_site":"@radioljubuski","twitter_misc":{"Napisao\/la":"Radio Ljubu\u0161ki","Procijenjeno vrijeme \u010ditanja":"3 minute"},"schema":{"@context":"https:\/\/schema.org","@graph":[{"@type":"Article","@id":"https:\/\/radioljubuski.ba\/index.php\/2022\/04\/15\/komsic-u-mostaru-i-dalje-se-tucemo-treba-razbiti-maglu-o-majorizaciji\/#article","isPartOf":{"@id":"https:\/\/radioljubuski.ba\/index.php\/2022\/04\/15\/komsic-u-mostaru-i-dalje-se-tucemo-treba-razbiti-maglu-o-majorizaciji\/"},"author":{"name":"Radio Ljubu\u0161ki","@id":"https:\/\/radioljubuski.ba\/#\/schema\/person\/19fc700381a780f69665d7956c469e3b"},"headline":"Kom\u0161i\u0107 u Mostaru: I dalje se tu\u010demo, treba razbiti maglu o majorizaciji","datePublished":"2022-04-15T01:05:16+00:00","dateModified":"2022-04-15T01:05:18+00:00","mainEntityOfPage":{"@id":"https:\/\/radioljubuski.ba\/index.php\/2022\/04\/15\/komsic-u-mostaru-i-dalje-se-tucemo-treba-razbiti-maglu-o-majorizaciji\/"},"wordCount":562,"publisher":{"@id":"https:\/\/radioljubuski.ba\/#organization"},"articleSection":["BIH i regija"],"inLanguage":"hr"},{"@type":"WebPage","@id":"https:\/\/radioljubuski.ba\/index.php\/2022\/04\/15\/komsic-u-mostaru-i-dalje-se-tucemo-treba-razbiti-maglu-o-majorizaciji\/","url":"https:\/\/radioljubuski.ba\/index.php\/2022\/04\/15\/komsic-u-mostaru-i-dalje-se-tucemo-treba-razbiti-maglu-o-majorizaciji\/","name":"Kom\u0161i\u0107 u Mostaru: I dalje se tu\u010demo, treba razbiti maglu o majorizaciji - RADIO LJUBU\u0160KI","isPartOf":{"@id":"https:\/\/radioljubuski.ba\/#website"},"datePublished":"2022-04-15T01:05:16+00:00","dateModified":"2022-04-15T01:05:18+00:00","breadcrumb":{"@id":"https:\/\/radioljubuski.ba\/index.php\/2022\/04\/15\/komsic-u-mostaru-i-dalje-se-tucemo-treba-razbiti-maglu-o-majorizaciji\/#breadcrumb"},"inLanguage":"hr","potentialAction":[{"@type":"ReadAction","target":["https:\/\/radioljubuski.ba\/index.php\/2022\/04\/15\/komsic-u-mostaru-i-dalje-se-tucemo-treba-razbiti-maglu-o-majorizaciji\/"]}]},{"@type":"BreadcrumbList","@id":"https:\/\/radioljubuski.ba\/index.php\/2022\/04\/15\/komsic-u-mostaru-i-dalje-se-tucemo-treba-razbiti-maglu-o-majorizaciji\/#breadcrumb","itemListElement":[{"@type":"ListItem","position":1,"name":"Po\u010detna stranica","item":"https:\/\/radioljubuski.ba\/"},{"@type":"ListItem","position":2,"name":"Kom\u0161i\u0107 u Mostaru: I dalje se tu\u010demo, treba razbiti maglu o majorizaciji"}]},{"@type":"WebSite","@id":"https:\/\/radioljubuski.ba\/#website","url":"https:\/\/radioljubuski.ba\/","name":"Radio Ljubu\u0161ki","description":"Sun\u010dana frekvencija Hercegovine","publisher":{"@id":"https:\/\/radioljubuski.ba\/#organization"},"potentialAction":[{"@type":"SearchAction","target":{"@type":"EntryPoint","urlTemplate":"https:\/\/radioljubuski.ba\/?s={search_term_string}"},"query-input":{"@type":"PropertyValueSpecification","valueRequired":true,"valueName":"search_term_string"}}],"inLanguage":"hr"},{"@type":"Organization","@id":"https:\/\/radioljubuski.ba\/#organization","name":"Radio Ljubu\u0161ki","url":"https:\/\/radioljubuski.ba\/","logo":{"@type":"ImageObject","inLanguage":"hr","@id":"https:\/\/radioljubuski.ba\/#\/schema\/logo\/image\/","url":"https:\/\/radioljubuski.ba\/wp-content\/uploads\/2021\/02\/cropped-Radio_Ljubuski_logo1.jpg","contentUrl":"https:\/\/radioljubuski.ba\/wp-content\/uploads\/2021\/02\/cropped-Radio_Ljubuski_logo1.jpg","width":512,"height":512,"caption":"Radio Ljubu\u0161ki"},"image":{"@id":"https:\/\/radioljubuski.ba\/#\/schema\/logo\/image\/"},"sameAs":["https:\/\/www.facebook.com\/Radiio-Ljubuski-1490835324566332","https:\/\/x.com\/radioljubuski","https:\/\/hr.linkedin.com\/company\/radio-ljubuski","https:\/\/www.youtube.com\/channel\/UCHYaeO_n0Db3tjNGudGpXyw"]},{"@type":"Person","@id":"https:\/\/radioljubuski.ba\/#\/schema\/person\/19fc700381a780f69665d7956c469e3b","name":"Radio Ljubu\u0161ki"}]}},"_links":{"self":[{"href":"https:\/\/radioljubuski.ba\/index.php\/wp-json\/wp\/v2\/posts\/132836","targetHints":{"allow":["GET"]}}],"collection":[{"href":"https:\/\/radioljubuski.ba\/index.php\/wp-json\/wp\/v2\/posts"}],"about":[{"href":"https:\/\/radioljubuski.ba\/index.php\/wp-json\/wp\/v2\/types\/post"}],"author":[{"embeddable":true,"href":"https:\/\/radioljubuski.ba\/index.php\/wp-json\/wp\/v2\/users\/2"}],"replies":[{"embeddable":true,"href":"https:\/\/radioljubuski.ba\/index.php\/wp-json\/wp\/v2\/comments?post=132836"}],"version-history":[{"count":1,"href":"https:\/\/radioljubuski.ba\/index.php\/wp-json\/wp\/v2\/posts\/132836\/revisions"}],"predecessor-version":[{"id":132838,"href":"https:\/\/radioljubuski.ba\/index.php\/wp-json\/wp\/v2\/posts\/132836\/revisions\/132838"}],"wp:attachment":[{"href":"https:\/\/radioljubuski.ba\/index.php\/wp-json\/wp\/v2\/media?parent=132836"}],"wp:term":[{"taxonomy":"category","embeddable":true,"href":"https:\/\/radioljubuski.ba\/index.php\/wp-json\/wp\/v2\/categories?post=132836"},{"taxonomy":"post_tag","embeddable":true,"href":"https:\/\/radioljubuski.ba\/index.php\/wp-json\/wp\/v2\/tags?post=132836"}],"curies":[{"name":"wp","href":"https:\/\/api.w.org\/{rel}","templated":true}]}}