{"id":132855,"date":"2022-04-15T08:13:15","date_gmt":"2022-04-15T07:13:15","guid":{"rendered":"https:\/\/radioljubuski.ba\/?p=132855"},"modified":"2022-04-15T08:13:16","modified_gmt":"2022-04-15T07:13:16","slug":"nezaboravna-vecer-eintrachta-jakicu-cestitao-i-modric","status":"publish","type":"post","link":"https:\/\/radioljubuski.ba\/index.php\/2022\/04\/15\/nezaboravna-vecer-eintrachta-jakicu-cestitao-i-modric\/","title":{"rendered":"Nezaboravna ve\u010der Eintrachta, Jaki\u0107u \u010destitao i Modri\u0107"},"content":{"rendered":"\n<p>Nakon \u0161to je prvi susret u Frankfurtu zavr\u0161io 1-1, nogometa\u0161i Eintrachta priredili su veliko iznena\u0111enje pobijediv\u0161i na Camp Nou Barcelonu sa 3-2 izboriv\u0161i tako plasman u polufinale Europske lige.<\/p>\n\n\n\n<p>Eintracht je na Camp Nou imao podr\u0161ku od 30.000 navija\u010da, iako je klub imao pravo na samo 5000 ulaznica. No, svim mogu\u0107im kanalima, navija\u010di njema\u010dke mom\u010dadi do\u0161li su do ulaznica.<br><br>Trener Eintrachta\u00a0<strong>Oliver Glasner<\/strong>\u00a0bio je nevjerojatno ponosan na svoju ekipu, ina\u010de je veoma rezerviran, ali na kraju utakmice nije uspio sakriti svoju radost na travnjaku.<br><br>&#8211; Apsolutno je nevjerojatno kako su momci odigrali utakmicu. Na kraju smo sve u\u010dinili napetim, a nije bilo potrebno. Velike pohvale na\u0161im igra\u010dima i navija\u010dima. Svi koji su bili ovdje, nikad ne\u0107e zaboraviti ovu ve\u010der. Ovakve emocionalne trenutke ima\u0161 u nogometu i ne mo\u017ee\u0161 ih kupiti za sve novce na svijetu, kazao je Glasner.<br><br>Odu\u0161evljen je bio i\u00a0<strong>Sebastian Rode<\/strong>.<br><br>&#8211; Nevjerojatno sam sretan, odigrali smo fantasti\u010dnu utakmicu. Naje\u017eio sam se kad sam vidio na\u0161e navija\u010de na zagrijavanju. Prije deset godina igrali smo u drugoj ligi, a sada smo u polufinalu Europske lige drugi put. Poku\u0161ali smo ih duplirati svaki put kad je to bilo mogu\u0107e i nanijeti im \u0161tetu kroz tranziciju, rekao je Sebastian Rode, veznjak Frankfurta.<\/p>\n\n\n\n<p>Odli\u010dnu utakmicu odigrao je i hrvatski veznjak<strong>&nbsp;Kristijan Jaki\u0107<\/strong>.<\/p>\n\n\n\n<p>&#8211; Ovo je Eintracht! Polufinale! Posebna zahvala navija\u010dima koji su putovali, navijali i vjerovali u nas!, napisao je Jaki\u0107 na dru\u0161tvenim mre\u017eama.<\/p>\n\n\n\n<p>U komentarima na Instagramu javio mu se i&nbsp;<strong>Luka Modri\u0107<\/strong>.<\/p>\n\n\n\n<p>&#8211; Bravo! Obe\u0107anje ispunjeno!, objavio je hrvatski veznjak, \u010dlan rivala Barcelona, Real Madrida.<\/p>\n\n\n\n<p>izvor: hrt.hr<\/p>\n\n\n\n<p><br><\/p>\n","protected":false},"excerpt":{"rendered":"<p>Nakon \u0161to je prvi susret u Frankfurtu zavr\u0161io 1-1, nogometa\u0161i Eintrachta priredili su veliko iznena\u0111enje pobijediv\u0161i na Camp Nou Barcelonu sa 3-2 izboriv\u0161i tako plasman u polufinale Europske lige. Eintracht je na Camp Nou imao podr\u0161ku od 30.000 navija\u010da, iako je klub imao pravo na samo 5000 ulaznica. No, svim mogu\u0107im kanalima, navija\u010di njema\u010dke mom\u010dadi [&hellip;]<\/p>\n","protected":false},"author":2,"featured_media":132856,"comment_status":"closed","ping_status":"closed","sticky":false,"template":"","format":"standard","meta":{"h5ap_radio_sources":[],"footnotes":""},"categories":[7],"tags":[],"class_list":["post-132855","post","type-post","status-publish","format-standard","has-post-thumbnail","hentry","category-sport"],"yoast_head":"<!-- This site is optimized with the Yoast SEO plugin v27.5 - https:\/\/yoast.com\/product\/yoast-seo-wordpress\/ -->\n<title>Nezaboravna ve\u010der Eintrachta, Jaki\u0107u \u010destitao i Modri\u0107 - RADIO LJUBU\u0160KI<\/title>\n<meta name=\"robots\" content=\"index, follow, max-snippet:-1, max-image-preview:large, max-video-preview:-1\" \/>\n<link rel=\"canonical\" href=\"https:\/\/radioljubuski.ba\/index.php\/2022\/04\/15\/nezaboravna-vecer-eintrachta-jakicu-cestitao-i-modric\/\" \/>\n<meta property=\"og:locale\" content=\"hr_HR\" \/>\n<meta property=\"og:type\" content=\"article\" \/>\n<meta property=\"og:title\" content=\"Nezaboravna ve\u010der Eintrachta, Jaki\u0107u \u010destitao i Modri\u0107 - RADIO LJUBU\u0160KI\" \/>\n<meta property=\"og:description\" content=\"Nakon \u0161to je prvi susret u Frankfurtu zavr\u0161io 1-1, nogometa\u0161i Eintrachta priredili su veliko iznena\u0111enje pobijediv\u0161i na Camp Nou Barcelonu sa 3-2 izboriv\u0161i tako plasman u polufinale Europske lige. Eintracht je na Camp Nou imao podr\u0161ku od 30.000 navija\u010da, iako je klub imao pravo na samo 5000 ulaznica. No, svim mogu\u0107im kanalima, navija\u010di njema\u010dke mom\u010dadi [&hellip;]\" \/>\n<meta property=\"og:url\" content=\"https:\/\/radioljubuski.ba\/index.php\/2022\/04\/15\/nezaboravna-vecer-eintrachta-jakicu-cestitao-i-modric\/\" \/>\n<meta property=\"og:site_name\" content=\"RADIO LJUBU\u0160KI\" \/>\n<meta property=\"article:publisher\" content=\"https:\/\/www.facebook.com\/Radiio-Ljubuski-1490835324566332\" \/>\n<meta property=\"article:published_time\" content=\"2022-04-15T07:13:15+00:00\" \/>\n<meta property=\"article:modified_time\" content=\"2022-04-15T07:13:16+00:00\" \/>\n<meta property=\"og:image\" content=\"https:\/\/radioljubuski.ba\/wp-content\/uploads\/2022\/04\/jakic.jpg\" \/>\n\t<meta property=\"og:image:width\" content=\"300\" \/>\n\t<meta property=\"og:image:height\" content=\"168\" \/>\n\t<meta property=\"og:image:type\" content=\"image\/jpeg\" \/>\n<meta name=\"author\" content=\"Radio Ljubu\u0161ki\" \/>\n<meta name=\"twitter:card\" content=\"summary_large_image\" \/>\n<meta name=\"twitter:creator\" content=\"@radioljubuski\" \/>\n<meta name=\"twitter:site\" content=\"@radioljubuski\" \/>\n<meta name=\"twitter:label1\" content=\"Napisao\/la\" \/>\n\t<meta name=\"twitter:data1\" content=\"Radio Ljubu\u0161ki\" \/>\n\t<meta name=\"twitter:label2\" content=\"Procijenjeno vrijeme \u010ditanja\" \/>\n\t<meta name=\"twitter:data2\" content=\"2 minute\" \/>\n<script type=\"application\/ld+json\" class=\"yoast-schema-graph\">{\"@context\":\"https:\\\/\\\/schema.org\",\"@graph\":[{\"@type\":\"Article\",\"@id\":\"https:\\\/\\\/radioljubuski.ba\\\/index.php\\\/2022\\\/04\\\/15\\\/nezaboravna-vecer-eintrachta-jakicu-cestitao-i-modric\\\/#article\",\"isPartOf\":{\"@id\":\"https:\\\/\\\/radioljubuski.ba\\\/index.php\\\/2022\\\/04\\\/15\\\/nezaboravna-vecer-eintrachta-jakicu-cestitao-i-modric\\\/\"},\"author\":{\"name\":\"Radio Ljubu\u0161ki\",\"@id\":\"https:\\\/\\\/radioljubuski.ba\\\/#\\\/schema\\\/person\\\/19fc700381a780f69665d7956c469e3b\"},\"headline\":\"Nezaboravna ve\u010der Eintrachta, Jaki\u0107u \u010destitao i Modri\u0107\",\"datePublished\":\"2022-04-15T07:13:15+00:00\",\"dateModified\":\"2022-04-15T07:13:16+00:00\",\"mainEntityOfPage\":{\"@id\":\"https:\\\/\\\/radioljubuski.ba\\\/index.php\\\/2022\\\/04\\\/15\\\/nezaboravna-vecer-eintrachta-jakicu-cestitao-i-modric\\\/\"},\"wordCount\":301,\"publisher\":{\"@id\":\"https:\\\/\\\/radioljubuski.ba\\\/#organization\"},\"image\":{\"@id\":\"https:\\\/\\\/radioljubuski.ba\\\/index.php\\\/2022\\\/04\\\/15\\\/nezaboravna-vecer-eintrachta-jakicu-cestitao-i-modric\\\/#primaryimage\"},\"thumbnailUrl\":\"https:\\\/\\\/radioljubuski.ba\\\/wp-content\\\/uploads\\\/2022\\\/04\\\/jakic.jpg\",\"articleSection\":[\"\u0160port\"],\"inLanguage\":\"hr\"},{\"@type\":\"WebPage\",\"@id\":\"https:\\\/\\\/radioljubuski.ba\\\/index.php\\\/2022\\\/04\\\/15\\\/nezaboravna-vecer-eintrachta-jakicu-cestitao-i-modric\\\/\",\"url\":\"https:\\\/\\\/radioljubuski.ba\\\/index.php\\\/2022\\\/04\\\/15\\\/nezaboravna-vecer-eintrachta-jakicu-cestitao-i-modric\\\/\",\"name\":\"Nezaboravna ve\u010der Eintrachta, Jaki\u0107u \u010destitao i Modri\u0107 - RADIO LJUBU\u0160KI\",\"isPartOf\":{\"@id\":\"https:\\\/\\\/radioljubuski.ba\\\/#website\"},\"primaryImageOfPage\":{\"@id\":\"https:\\\/\\\/radioljubuski.ba\\\/index.php\\\/2022\\\/04\\\/15\\\/nezaboravna-vecer-eintrachta-jakicu-cestitao-i-modric\\\/#primaryimage\"},\"image\":{\"@id\":\"https:\\\/\\\/radioljubuski.ba\\\/index.php\\\/2022\\\/04\\\/15\\\/nezaboravna-vecer-eintrachta-jakicu-cestitao-i-modric\\\/#primaryimage\"},\"thumbnailUrl\":\"https:\\\/\\\/radioljubuski.ba\\\/wp-content\\\/uploads\\\/2022\\\/04\\\/jakic.jpg\",\"datePublished\":\"2022-04-15T07:13:15+00:00\",\"dateModified\":\"2022-04-15T07:13:16+00:00\",\"breadcrumb\":{\"@id\":\"https:\\\/\\\/radioljubuski.ba\\\/index.php\\\/2022\\\/04\\\/15\\\/nezaboravna-vecer-eintrachta-jakicu-cestitao-i-modric\\\/#breadcrumb\"},\"inLanguage\":\"hr\",\"potentialAction\":[{\"@type\":\"ReadAction\",\"target\":[\"https:\\\/\\\/radioljubuski.ba\\\/index.php\\\/2022\\\/04\\\/15\\\/nezaboravna-vecer-eintrachta-jakicu-cestitao-i-modric\\\/\"]}]},{\"@type\":\"ImageObject\",\"inLanguage\":\"hr\",\"@id\":\"https:\\\/\\\/radioljubuski.ba\\\/index.php\\\/2022\\\/04\\\/15\\\/nezaboravna-vecer-eintrachta-jakicu-cestitao-i-modric\\\/#primaryimage\",\"url\":\"https:\\\/\\\/radioljubuski.ba\\\/wp-content\\\/uploads\\\/2022\\\/04\\\/jakic.jpg\",\"contentUrl\":\"https:\\\/\\\/radioljubuski.ba\\\/wp-content\\\/uploads\\\/2022\\\/04\\\/jakic.jpg\",\"width\":300,\"height\":168},{\"@type\":\"BreadcrumbList\",\"@id\":\"https:\\\/\\\/radioljubuski.ba\\\/index.php\\\/2022\\\/04\\\/15\\\/nezaboravna-vecer-eintrachta-jakicu-cestitao-i-modric\\\/#breadcrumb\",\"itemListElement\":[{\"@type\":\"ListItem\",\"position\":1,\"name\":\"Po\u010detna stranica\",\"item\":\"https:\\\/\\\/radioljubuski.ba\\\/\"},{\"@type\":\"ListItem\",\"position\":2,\"name\":\"Nezaboravna ve\u010der Eintrachta, Jaki\u0107u \u010destitao i Modri\u0107\"}]},{\"@type\":\"WebSite\",\"@id\":\"https:\\\/\\\/radioljubuski.ba\\\/#website\",\"url\":\"https:\\\/\\\/radioljubuski.ba\\\/\",\"name\":\"Radio Ljubu\u0161ki\",\"description\":\"Sun\u010dana frekvencija Hercegovine\",\"publisher\":{\"@id\":\"https:\\\/\\\/radioljubuski.ba\\\/#organization\"},\"potentialAction\":[{\"@type\":\"SearchAction\",\"target\":{\"@type\":\"EntryPoint\",\"urlTemplate\":\"https:\\\/\\\/radioljubuski.ba\\\/?s={search_term_string}\"},\"query-input\":{\"@type\":\"PropertyValueSpecification\",\"valueRequired\":true,\"valueName\":\"search_term_string\"}}],\"inLanguage\":\"hr\"},{\"@type\":\"Organization\",\"@id\":\"https:\\\/\\\/radioljubuski.ba\\\/#organization\",\"name\":\"Radio Ljubu\u0161ki\",\"url\":\"https:\\\/\\\/radioljubuski.ba\\\/\",\"logo\":{\"@type\":\"ImageObject\",\"inLanguage\":\"hr\",\"@id\":\"https:\\\/\\\/radioljubuski.ba\\\/#\\\/schema\\\/logo\\\/image\\\/\",\"url\":\"https:\\\/\\\/radioljubuski.ba\\\/wp-content\\\/uploads\\\/2021\\\/02\\\/cropped-Radio_Ljubuski_logo1.jpg\",\"contentUrl\":\"https:\\\/\\\/radioljubuski.ba\\\/wp-content\\\/uploads\\\/2021\\\/02\\\/cropped-Radio_Ljubuski_logo1.jpg\",\"width\":512,\"height\":512,\"caption\":\"Radio Ljubu\u0161ki\"},\"image\":{\"@id\":\"https:\\\/\\\/radioljubuski.ba\\\/#\\\/schema\\\/logo\\\/image\\\/\"},\"sameAs\":[\"https:\\\/\\\/www.facebook.com\\\/Radiio-Ljubuski-1490835324566332\",\"https:\\\/\\\/x.com\\\/radioljubuski\",\"https:\\\/\\\/hr.linkedin.com\\\/company\\\/radio-ljubuski\",\"https:\\\/\\\/www.youtube.com\\\/channel\\\/UCHYaeO_n0Db3tjNGudGpXyw\"]},{\"@type\":\"Person\",\"@id\":\"https:\\\/\\\/radioljubuski.ba\\\/#\\\/schema\\\/person\\\/19fc700381a780f69665d7956c469e3b\",\"name\":\"Radio Ljubu\u0161ki\"}]}<\/script>\n<!-- \/ Yoast SEO plugin. -->","yoast_head_json":{"title":"Nezaboravna ve\u010der Eintrachta, Jaki\u0107u \u010destitao i Modri\u0107 - RADIO LJUBU\u0160KI","robots":{"index":"index","follow":"follow","max-snippet":"max-snippet:-1","max-image-preview":"max-image-preview:large","max-video-preview":"max-video-preview:-1"},"canonical":"https:\/\/radioljubuski.ba\/index.php\/2022\/04\/15\/nezaboravna-vecer-eintrachta-jakicu-cestitao-i-modric\/","og_locale":"hr_HR","og_type":"article","og_title":"Nezaboravna ve\u010der Eintrachta, Jaki\u0107u \u010destitao i Modri\u0107 - RADIO LJUBU\u0160KI","og_description":"Nakon \u0161to je prvi susret u Frankfurtu zavr\u0161io 1-1, nogometa\u0161i Eintrachta priredili su veliko iznena\u0111enje pobijediv\u0161i na Camp Nou Barcelonu sa 3-2 izboriv\u0161i tako plasman u polufinale Europske lige. Eintracht je na Camp Nou imao podr\u0161ku od 30.000 navija\u010da, iako je klub imao pravo na samo 5000 ulaznica. No, svim mogu\u0107im kanalima, navija\u010di njema\u010dke mom\u010dadi [&hellip;]","og_url":"https:\/\/radioljubuski.ba\/index.php\/2022\/04\/15\/nezaboravna-vecer-eintrachta-jakicu-cestitao-i-modric\/","og_site_name":"RADIO LJUBU\u0160KI","article_publisher":"https:\/\/www.facebook.com\/Radiio-Ljubuski-1490835324566332","article_published_time":"2022-04-15T07:13:15+00:00","article_modified_time":"2022-04-15T07:13:16+00:00","og_image":[{"width":300,"height":168,"url":"https:\/\/radioljubuski.ba\/wp-content\/uploads\/2022\/04\/jakic.jpg","type":"image\/jpeg"}],"author":"Radio Ljubu\u0161ki","twitter_card":"summary_large_image","twitter_creator":"@radioljubuski","twitter_site":"@radioljubuski","twitter_misc":{"Napisao\/la":"Radio Ljubu\u0161ki","Procijenjeno vrijeme \u010ditanja":"2 minute"},"schema":{"@context":"https:\/\/schema.org","@graph":[{"@type":"Article","@id":"https:\/\/radioljubuski.ba\/index.php\/2022\/04\/15\/nezaboravna-vecer-eintrachta-jakicu-cestitao-i-modric\/#article","isPartOf":{"@id":"https:\/\/radioljubuski.ba\/index.php\/2022\/04\/15\/nezaboravna-vecer-eintrachta-jakicu-cestitao-i-modric\/"},"author":{"name":"Radio Ljubu\u0161ki","@id":"https:\/\/radioljubuski.ba\/#\/schema\/person\/19fc700381a780f69665d7956c469e3b"},"headline":"Nezaboravna ve\u010der Eintrachta, Jaki\u0107u \u010destitao i Modri\u0107","datePublished":"2022-04-15T07:13:15+00:00","dateModified":"2022-04-15T07:13:16+00:00","mainEntityOfPage":{"@id":"https:\/\/radioljubuski.ba\/index.php\/2022\/04\/15\/nezaboravna-vecer-eintrachta-jakicu-cestitao-i-modric\/"},"wordCount":301,"publisher":{"@id":"https:\/\/radioljubuski.ba\/#organization"},"image":{"@id":"https:\/\/radioljubuski.ba\/index.php\/2022\/04\/15\/nezaboravna-vecer-eintrachta-jakicu-cestitao-i-modric\/#primaryimage"},"thumbnailUrl":"https:\/\/radioljubuski.ba\/wp-content\/uploads\/2022\/04\/jakic.jpg","articleSection":["\u0160port"],"inLanguage":"hr"},{"@type":"WebPage","@id":"https:\/\/radioljubuski.ba\/index.php\/2022\/04\/15\/nezaboravna-vecer-eintrachta-jakicu-cestitao-i-modric\/","url":"https:\/\/radioljubuski.ba\/index.php\/2022\/04\/15\/nezaboravna-vecer-eintrachta-jakicu-cestitao-i-modric\/","name":"Nezaboravna ve\u010der Eintrachta, Jaki\u0107u \u010destitao i Modri\u0107 - RADIO LJUBU\u0160KI","isPartOf":{"@id":"https:\/\/radioljubuski.ba\/#website"},"primaryImageOfPage":{"@id":"https:\/\/radioljubuski.ba\/index.php\/2022\/04\/15\/nezaboravna-vecer-eintrachta-jakicu-cestitao-i-modric\/#primaryimage"},"image":{"@id":"https:\/\/radioljubuski.ba\/index.php\/2022\/04\/15\/nezaboravna-vecer-eintrachta-jakicu-cestitao-i-modric\/#primaryimage"},"thumbnailUrl":"https:\/\/radioljubuski.ba\/wp-content\/uploads\/2022\/04\/jakic.jpg","datePublished":"2022-04-15T07:13:15+00:00","dateModified":"2022-04-15T07:13:16+00:00","breadcrumb":{"@id":"https:\/\/radioljubuski.ba\/index.php\/2022\/04\/15\/nezaboravna-vecer-eintrachta-jakicu-cestitao-i-modric\/#breadcrumb"},"inLanguage":"hr","potentialAction":[{"@type":"ReadAction","target":["https:\/\/radioljubuski.ba\/index.php\/2022\/04\/15\/nezaboravna-vecer-eintrachta-jakicu-cestitao-i-modric\/"]}]},{"@type":"ImageObject","inLanguage":"hr","@id":"https:\/\/radioljubuski.ba\/index.php\/2022\/04\/15\/nezaboravna-vecer-eintrachta-jakicu-cestitao-i-modric\/#primaryimage","url":"https:\/\/radioljubuski.ba\/wp-content\/uploads\/2022\/04\/jakic.jpg","contentUrl":"https:\/\/radioljubuski.ba\/wp-content\/uploads\/2022\/04\/jakic.jpg","width":300,"height":168},{"@type":"BreadcrumbList","@id":"https:\/\/radioljubuski.ba\/index.php\/2022\/04\/15\/nezaboravna-vecer-eintrachta-jakicu-cestitao-i-modric\/#breadcrumb","itemListElement":[{"@type":"ListItem","position":1,"name":"Po\u010detna stranica","item":"https:\/\/radioljubuski.ba\/"},{"@type":"ListItem","position":2,"name":"Nezaboravna ve\u010der Eintrachta, Jaki\u0107u \u010destitao i Modri\u0107"}]},{"@type":"WebSite","@id":"https:\/\/radioljubuski.ba\/#website","url":"https:\/\/radioljubuski.ba\/","name":"Radio Ljubu\u0161ki","description":"Sun\u010dana frekvencija Hercegovine","publisher":{"@id":"https:\/\/radioljubuski.ba\/#organization"},"potentialAction":[{"@type":"SearchAction","target":{"@type":"EntryPoint","urlTemplate":"https:\/\/radioljubuski.ba\/?s={search_term_string}"},"query-input":{"@type":"PropertyValueSpecification","valueRequired":true,"valueName":"search_term_string"}}],"inLanguage":"hr"},{"@type":"Organization","@id":"https:\/\/radioljubuski.ba\/#organization","name":"Radio Ljubu\u0161ki","url":"https:\/\/radioljubuski.ba\/","logo":{"@type":"ImageObject","inLanguage":"hr","@id":"https:\/\/radioljubuski.ba\/#\/schema\/logo\/image\/","url":"https:\/\/radioljubuski.ba\/wp-content\/uploads\/2021\/02\/cropped-Radio_Ljubuski_logo1.jpg","contentUrl":"https:\/\/radioljubuski.ba\/wp-content\/uploads\/2021\/02\/cropped-Radio_Ljubuski_logo1.jpg","width":512,"height":512,"caption":"Radio Ljubu\u0161ki"},"image":{"@id":"https:\/\/radioljubuski.ba\/#\/schema\/logo\/image\/"},"sameAs":["https:\/\/www.facebook.com\/Radiio-Ljubuski-1490835324566332","https:\/\/x.com\/radioljubuski","https:\/\/hr.linkedin.com\/company\/radio-ljubuski","https:\/\/www.youtube.com\/channel\/UCHYaeO_n0Db3tjNGudGpXyw"]},{"@type":"Person","@id":"https:\/\/radioljubuski.ba\/#\/schema\/person\/19fc700381a780f69665d7956c469e3b","name":"Radio Ljubu\u0161ki"}]}},"_links":{"self":[{"href":"https:\/\/radioljubuski.ba\/index.php\/wp-json\/wp\/v2\/posts\/132855","targetHints":{"allow":["GET"]}}],"collection":[{"href":"https:\/\/radioljubuski.ba\/index.php\/wp-json\/wp\/v2\/posts"}],"about":[{"href":"https:\/\/radioljubuski.ba\/index.php\/wp-json\/wp\/v2\/types\/post"}],"author":[{"embeddable":true,"href":"https:\/\/radioljubuski.ba\/index.php\/wp-json\/wp\/v2\/users\/2"}],"replies":[{"embeddable":true,"href":"https:\/\/radioljubuski.ba\/index.php\/wp-json\/wp\/v2\/comments?post=132855"}],"version-history":[{"count":1,"href":"https:\/\/radioljubuski.ba\/index.php\/wp-json\/wp\/v2\/posts\/132855\/revisions"}],"predecessor-version":[{"id":132857,"href":"https:\/\/radioljubuski.ba\/index.php\/wp-json\/wp\/v2\/posts\/132855\/revisions\/132857"}],"wp:featuredmedia":[{"embeddable":true,"href":"https:\/\/radioljubuski.ba\/index.php\/wp-json\/wp\/v2\/media\/132856"}],"wp:attachment":[{"href":"https:\/\/radioljubuski.ba\/index.php\/wp-json\/wp\/v2\/media?parent=132855"}],"wp:term":[{"taxonomy":"category","embeddable":true,"href":"https:\/\/radioljubuski.ba\/index.php\/wp-json\/wp\/v2\/categories?post=132855"},{"taxonomy":"post_tag","embeddable":true,"href":"https:\/\/radioljubuski.ba\/index.php\/wp-json\/wp\/v2\/tags?post=132855"}],"curies":[{"name":"wp","href":"https:\/\/api.w.org\/{rel}","templated":true}]}}