{"id":132858,"date":"2022-04-15T08:27:48","date_gmt":"2022-04-15T07:27:48","guid":{"rendered":"https:\/\/radioljubuski.ba\/?p=132858"},"modified":"2022-04-15T08:27:49","modified_gmt":"2022-04-15T07:27:49","slug":"bilic-evidentno-je-da-hajduk-ima-problem","status":"publish","type":"post","link":"https:\/\/radioljubuski.ba\/index.php\/2022\/04\/15\/bilic-evidentno-je-da-hajduk-ima-problem\/","title":{"rendered":"Bili\u0107: Evidentno je da Hajduk ima problem"},"content":{"rendered":"\n<p>U HNL-u se igra jedna od najuzbudljivijih sezona u povijesti. \u0160est kola prije kraja \u010dak \u010detiri kluba bore se za titulu. Dinamo, branitelj naslova, predvodi ljestvicu sa 63 boda, dva vi\u0161e od Osijeka i utakmicom manje. Hajduk ima 56 bodova uz utakmicu manje od Osijeka i Rijeke koja ima 55 bodova.<\/p>\n\n\n\n<p>Slaven Bili\u0107, biv\u0161i hrvatski izbornik i nekada\u0161nji brani\u010d Hajduka, smatra da je ovosezonski HNL jako zanimljiv, ali da nije najkvalitetniji ikad jer &#8220;ovo nisu ni najbolji Dinamo, ni Hajduk, ni Rijeka, a rekao bih ni Osijek&#8221;.\u00a0<\/p>\n\n\n\n<p>&#8220;Evidentno je da Hajduk ima problem. Relativno lako dobiva male utakmice, ali u velikima se ne mo\u017ee nametnuti. Nema gard, niti pokazuje dovoljno kvalitete da iznese derbije. Ima \u017eelju, ali nema mo\u0107. Glavni igra\u010di (Livaja, Kalini\u0107, Krovinovi\u0107) moraju iznijeti najve\u0107e utakmice. Zasad su nedovoljno dobri u derbijima. Moraju izrasti u protagoniste kad je najte\u017ee. Veliki igra\u010di su veliki jer su najbolji kad je najte\u017ee. Na najve\u0107oj sceni. U derbijima. To se pamti. I to odlu\u010duje. I oni tu pokazuju svoju veli\u010dinu. I iznimnost. U protivnom, nisu veliki&#8221;, rekao je Bili\u0107 za&nbsp;<a href=\"https:\/\/sportske.jutarnji.hr\/sn\/\" target=\"_blank\" rel=\"noreferrer noopener\">Sportske novosti<\/a>.<\/p>\n\n\n\n<p>Dodao je i da Dinamo pobje\u0111uje na kombinaciju kvalitete i respekta drugih, da Rijeka igra najljep\u0161e, ali da joj fali pritisak, dok za Osijek smatra da je najozbiljniji lovac na Dinamo.<\/p>\n\n\n\n<p>izvor: index.hr<\/p>\n","protected":false},"excerpt":{"rendered":"<p>U HNL-u se igra jedna od najuzbudljivijih sezona u povijesti. \u0160est kola prije kraja \u010dak \u010detiri kluba bore se za titulu. Dinamo, branitelj naslova, predvodi ljestvicu sa 63 boda, dva vi\u0161e od Osijeka i utakmicom manje. Hajduk ima 56 bodova uz utakmicu manje od Osijeka i Rijeke koja ima 55 bodova. Slaven Bili\u0107, biv\u0161i hrvatski [&hellip;]<\/p>\n","protected":false},"author":2,"featured_media":132859,"comment_status":"closed","ping_status":"closed","sticky":false,"template":"","format":"standard","meta":{"h5ap_radio_sources":[],"footnotes":""},"categories":[7],"tags":[],"class_list":["post-132858","post","type-post","status-publish","format-standard","has-post-thumbnail","hentry","category-sport"],"yoast_head":"<!-- This site is optimized with the Yoast SEO plugin v27.5 - https:\/\/yoast.com\/product\/yoast-seo-wordpress\/ -->\n<title>Bili\u0107: Evidentno je da Hajduk ima problem - RADIO LJUBU\u0160KI<\/title>\n<meta name=\"robots\" content=\"index, follow, max-snippet:-1, max-image-preview:large, max-video-preview:-1\" \/>\n<link rel=\"canonical\" href=\"https:\/\/radioljubuski.ba\/index.php\/2022\/04\/15\/bilic-evidentno-je-da-hajduk-ima-problem\/\" \/>\n<meta property=\"og:locale\" content=\"hr_HR\" \/>\n<meta property=\"og:type\" content=\"article\" \/>\n<meta property=\"og:title\" content=\"Bili\u0107: Evidentno je da Hajduk ima problem - RADIO LJUBU\u0160KI\" \/>\n<meta property=\"og:description\" content=\"U HNL-u se igra jedna od najuzbudljivijih sezona u povijesti. \u0160est kola prije kraja \u010dak \u010detiri kluba bore se za titulu. Dinamo, branitelj naslova, predvodi ljestvicu sa 63 boda, dva vi\u0161e od Osijeka i utakmicom manje. Hajduk ima 56 bodova uz utakmicu manje od Osijeka i Rijeke koja ima 55 bodova. Slaven Bili\u0107, biv\u0161i hrvatski [&hellip;]\" \/>\n<meta property=\"og:url\" content=\"https:\/\/radioljubuski.ba\/index.php\/2022\/04\/15\/bilic-evidentno-je-da-hajduk-ima-problem\/\" \/>\n<meta property=\"og:site_name\" content=\"RADIO LJUBU\u0160KI\" \/>\n<meta property=\"article:publisher\" content=\"https:\/\/www.facebook.com\/Radiio-Ljubuski-1490835324566332\" \/>\n<meta property=\"article:published_time\" content=\"2022-04-15T07:27:48+00:00\" \/>\n<meta property=\"article:modified_time\" content=\"2022-04-15T07:27:49+00:00\" \/>\n<meta property=\"og:image\" content=\"https:\/\/radioljubuski.ba\/wp-content\/uploads\/2022\/04\/bilic.jpg\" \/>\n\t<meta property=\"og:image:width\" content=\"300\" \/>\n\t<meta property=\"og:image:height\" content=\"168\" \/>\n\t<meta property=\"og:image:type\" content=\"image\/jpeg\" \/>\n<meta name=\"author\" content=\"Radio Ljubu\u0161ki\" \/>\n<meta name=\"twitter:card\" content=\"summary_large_image\" \/>\n<meta name=\"twitter:creator\" content=\"@radioljubuski\" \/>\n<meta name=\"twitter:site\" content=\"@radioljubuski\" \/>\n<meta name=\"twitter:label1\" content=\"Napisao\/la\" \/>\n\t<meta name=\"twitter:data1\" content=\"Radio Ljubu\u0161ki\" \/>\n\t<meta name=\"twitter:label2\" content=\"Procijenjeno vrijeme \u010ditanja\" \/>\n\t<meta name=\"twitter:data2\" content=\"1 minuta\" \/>\n<script type=\"application\/ld+json\" class=\"yoast-schema-graph\">{\"@context\":\"https:\\\/\\\/schema.org\",\"@graph\":[{\"@type\":\"Article\",\"@id\":\"https:\\\/\\\/radioljubuski.ba\\\/index.php\\\/2022\\\/04\\\/15\\\/bilic-evidentno-je-da-hajduk-ima-problem\\\/#article\",\"isPartOf\":{\"@id\":\"https:\\\/\\\/radioljubuski.ba\\\/index.php\\\/2022\\\/04\\\/15\\\/bilic-evidentno-je-da-hajduk-ima-problem\\\/\"},\"author\":{\"name\":\"Radio Ljubu\u0161ki\",\"@id\":\"https:\\\/\\\/radioljubuski.ba\\\/#\\\/schema\\\/person\\\/19fc700381a780f69665d7956c469e3b\"},\"headline\":\"Bili\u0107: Evidentno je da Hajduk ima problem\",\"datePublished\":\"2022-04-15T07:27:48+00:00\",\"dateModified\":\"2022-04-15T07:27:49+00:00\",\"mainEntityOfPage\":{\"@id\":\"https:\\\/\\\/radioljubuski.ba\\\/index.php\\\/2022\\\/04\\\/15\\\/bilic-evidentno-je-da-hajduk-ima-problem\\\/\"},\"wordCount\":233,\"publisher\":{\"@id\":\"https:\\\/\\\/radioljubuski.ba\\\/#organization\"},\"image\":{\"@id\":\"https:\\\/\\\/radioljubuski.ba\\\/index.php\\\/2022\\\/04\\\/15\\\/bilic-evidentno-je-da-hajduk-ima-problem\\\/#primaryimage\"},\"thumbnailUrl\":\"https:\\\/\\\/radioljubuski.ba\\\/wp-content\\\/uploads\\\/2022\\\/04\\\/bilic.jpg\",\"articleSection\":[\"\u0160port\"],\"inLanguage\":\"hr\"},{\"@type\":\"WebPage\",\"@id\":\"https:\\\/\\\/radioljubuski.ba\\\/index.php\\\/2022\\\/04\\\/15\\\/bilic-evidentno-je-da-hajduk-ima-problem\\\/\",\"url\":\"https:\\\/\\\/radioljubuski.ba\\\/index.php\\\/2022\\\/04\\\/15\\\/bilic-evidentno-je-da-hajduk-ima-problem\\\/\",\"name\":\"Bili\u0107: Evidentno je da Hajduk ima problem - RADIO LJUBU\u0160KI\",\"isPartOf\":{\"@id\":\"https:\\\/\\\/radioljubuski.ba\\\/#website\"},\"primaryImageOfPage\":{\"@id\":\"https:\\\/\\\/radioljubuski.ba\\\/index.php\\\/2022\\\/04\\\/15\\\/bilic-evidentno-je-da-hajduk-ima-problem\\\/#primaryimage\"},\"image\":{\"@id\":\"https:\\\/\\\/radioljubuski.ba\\\/index.php\\\/2022\\\/04\\\/15\\\/bilic-evidentno-je-da-hajduk-ima-problem\\\/#primaryimage\"},\"thumbnailUrl\":\"https:\\\/\\\/radioljubuski.ba\\\/wp-content\\\/uploads\\\/2022\\\/04\\\/bilic.jpg\",\"datePublished\":\"2022-04-15T07:27:48+00:00\",\"dateModified\":\"2022-04-15T07:27:49+00:00\",\"breadcrumb\":{\"@id\":\"https:\\\/\\\/radioljubuski.ba\\\/index.php\\\/2022\\\/04\\\/15\\\/bilic-evidentno-je-da-hajduk-ima-problem\\\/#breadcrumb\"},\"inLanguage\":\"hr\",\"potentialAction\":[{\"@type\":\"ReadAction\",\"target\":[\"https:\\\/\\\/radioljubuski.ba\\\/index.php\\\/2022\\\/04\\\/15\\\/bilic-evidentno-je-da-hajduk-ima-problem\\\/\"]}]},{\"@type\":\"ImageObject\",\"inLanguage\":\"hr\",\"@id\":\"https:\\\/\\\/radioljubuski.ba\\\/index.php\\\/2022\\\/04\\\/15\\\/bilic-evidentno-je-da-hajduk-ima-problem\\\/#primaryimage\",\"url\":\"https:\\\/\\\/radioljubuski.ba\\\/wp-content\\\/uploads\\\/2022\\\/04\\\/bilic.jpg\",\"contentUrl\":\"https:\\\/\\\/radioljubuski.ba\\\/wp-content\\\/uploads\\\/2022\\\/04\\\/bilic.jpg\",\"width\":300,\"height\":168},{\"@type\":\"BreadcrumbList\",\"@id\":\"https:\\\/\\\/radioljubuski.ba\\\/index.php\\\/2022\\\/04\\\/15\\\/bilic-evidentno-je-da-hajduk-ima-problem\\\/#breadcrumb\",\"itemListElement\":[{\"@type\":\"ListItem\",\"position\":1,\"name\":\"Po\u010detna stranica\",\"item\":\"https:\\\/\\\/radioljubuski.ba\\\/\"},{\"@type\":\"ListItem\",\"position\":2,\"name\":\"Bili\u0107: Evidentno je da Hajduk ima problem\"}]},{\"@type\":\"WebSite\",\"@id\":\"https:\\\/\\\/radioljubuski.ba\\\/#website\",\"url\":\"https:\\\/\\\/radioljubuski.ba\\\/\",\"name\":\"Radio Ljubu\u0161ki\",\"description\":\"Sun\u010dana frekvencija Hercegovine\",\"publisher\":{\"@id\":\"https:\\\/\\\/radioljubuski.ba\\\/#organization\"},\"potentialAction\":[{\"@type\":\"SearchAction\",\"target\":{\"@type\":\"EntryPoint\",\"urlTemplate\":\"https:\\\/\\\/radioljubuski.ba\\\/?s={search_term_string}\"},\"query-input\":{\"@type\":\"PropertyValueSpecification\",\"valueRequired\":true,\"valueName\":\"search_term_string\"}}],\"inLanguage\":\"hr\"},{\"@type\":\"Organization\",\"@id\":\"https:\\\/\\\/radioljubuski.ba\\\/#organization\",\"name\":\"Radio Ljubu\u0161ki\",\"url\":\"https:\\\/\\\/radioljubuski.ba\\\/\",\"logo\":{\"@type\":\"ImageObject\",\"inLanguage\":\"hr\",\"@id\":\"https:\\\/\\\/radioljubuski.ba\\\/#\\\/schema\\\/logo\\\/image\\\/\",\"url\":\"https:\\\/\\\/radioljubuski.ba\\\/wp-content\\\/uploads\\\/2021\\\/02\\\/cropped-Radio_Ljubuski_logo1.jpg\",\"contentUrl\":\"https:\\\/\\\/radioljubuski.ba\\\/wp-content\\\/uploads\\\/2021\\\/02\\\/cropped-Radio_Ljubuski_logo1.jpg\",\"width\":512,\"height\":512,\"caption\":\"Radio Ljubu\u0161ki\"},\"image\":{\"@id\":\"https:\\\/\\\/radioljubuski.ba\\\/#\\\/schema\\\/logo\\\/image\\\/\"},\"sameAs\":[\"https:\\\/\\\/www.facebook.com\\\/Radiio-Ljubuski-1490835324566332\",\"https:\\\/\\\/x.com\\\/radioljubuski\",\"https:\\\/\\\/hr.linkedin.com\\\/company\\\/radio-ljubuski\",\"https:\\\/\\\/www.youtube.com\\\/channel\\\/UCHYaeO_n0Db3tjNGudGpXyw\"]},{\"@type\":\"Person\",\"@id\":\"https:\\\/\\\/radioljubuski.ba\\\/#\\\/schema\\\/person\\\/19fc700381a780f69665d7956c469e3b\",\"name\":\"Radio Ljubu\u0161ki\"}]}<\/script>\n<!-- \/ Yoast SEO plugin. -->","yoast_head_json":{"title":"Bili\u0107: Evidentno je da Hajduk ima problem - RADIO LJUBU\u0160KI","robots":{"index":"index","follow":"follow","max-snippet":"max-snippet:-1","max-image-preview":"max-image-preview:large","max-video-preview":"max-video-preview:-1"},"canonical":"https:\/\/radioljubuski.ba\/index.php\/2022\/04\/15\/bilic-evidentno-je-da-hajduk-ima-problem\/","og_locale":"hr_HR","og_type":"article","og_title":"Bili\u0107: Evidentno je da Hajduk ima problem - RADIO LJUBU\u0160KI","og_description":"U HNL-u se igra jedna od najuzbudljivijih sezona u povijesti. \u0160est kola prije kraja \u010dak \u010detiri kluba bore se za titulu. Dinamo, branitelj naslova, predvodi ljestvicu sa 63 boda, dva vi\u0161e od Osijeka i utakmicom manje. Hajduk ima 56 bodova uz utakmicu manje od Osijeka i Rijeke koja ima 55 bodova. Slaven Bili\u0107, biv\u0161i hrvatski [&hellip;]","og_url":"https:\/\/radioljubuski.ba\/index.php\/2022\/04\/15\/bilic-evidentno-je-da-hajduk-ima-problem\/","og_site_name":"RADIO LJUBU\u0160KI","article_publisher":"https:\/\/www.facebook.com\/Radiio-Ljubuski-1490835324566332","article_published_time":"2022-04-15T07:27:48+00:00","article_modified_time":"2022-04-15T07:27:49+00:00","og_image":[{"width":300,"height":168,"url":"https:\/\/radioljubuski.ba\/wp-content\/uploads\/2022\/04\/bilic.jpg","type":"image\/jpeg"}],"author":"Radio Ljubu\u0161ki","twitter_card":"summary_large_image","twitter_creator":"@radioljubuski","twitter_site":"@radioljubuski","twitter_misc":{"Napisao\/la":"Radio Ljubu\u0161ki","Procijenjeno vrijeme \u010ditanja":"1 minuta"},"schema":{"@context":"https:\/\/schema.org","@graph":[{"@type":"Article","@id":"https:\/\/radioljubuski.ba\/index.php\/2022\/04\/15\/bilic-evidentno-je-da-hajduk-ima-problem\/#article","isPartOf":{"@id":"https:\/\/radioljubuski.ba\/index.php\/2022\/04\/15\/bilic-evidentno-je-da-hajduk-ima-problem\/"},"author":{"name":"Radio Ljubu\u0161ki","@id":"https:\/\/radioljubuski.ba\/#\/schema\/person\/19fc700381a780f69665d7956c469e3b"},"headline":"Bili\u0107: Evidentno je da Hajduk ima problem","datePublished":"2022-04-15T07:27:48+00:00","dateModified":"2022-04-15T07:27:49+00:00","mainEntityOfPage":{"@id":"https:\/\/radioljubuski.ba\/index.php\/2022\/04\/15\/bilic-evidentno-je-da-hajduk-ima-problem\/"},"wordCount":233,"publisher":{"@id":"https:\/\/radioljubuski.ba\/#organization"},"image":{"@id":"https:\/\/radioljubuski.ba\/index.php\/2022\/04\/15\/bilic-evidentno-je-da-hajduk-ima-problem\/#primaryimage"},"thumbnailUrl":"https:\/\/radioljubuski.ba\/wp-content\/uploads\/2022\/04\/bilic.jpg","articleSection":["\u0160port"],"inLanguage":"hr"},{"@type":"WebPage","@id":"https:\/\/radioljubuski.ba\/index.php\/2022\/04\/15\/bilic-evidentno-je-da-hajduk-ima-problem\/","url":"https:\/\/radioljubuski.ba\/index.php\/2022\/04\/15\/bilic-evidentno-je-da-hajduk-ima-problem\/","name":"Bili\u0107: Evidentno je da Hajduk ima problem - RADIO LJUBU\u0160KI","isPartOf":{"@id":"https:\/\/radioljubuski.ba\/#website"},"primaryImageOfPage":{"@id":"https:\/\/radioljubuski.ba\/index.php\/2022\/04\/15\/bilic-evidentno-je-da-hajduk-ima-problem\/#primaryimage"},"image":{"@id":"https:\/\/radioljubuski.ba\/index.php\/2022\/04\/15\/bilic-evidentno-je-da-hajduk-ima-problem\/#primaryimage"},"thumbnailUrl":"https:\/\/radioljubuski.ba\/wp-content\/uploads\/2022\/04\/bilic.jpg","datePublished":"2022-04-15T07:27:48+00:00","dateModified":"2022-04-15T07:27:49+00:00","breadcrumb":{"@id":"https:\/\/radioljubuski.ba\/index.php\/2022\/04\/15\/bilic-evidentno-je-da-hajduk-ima-problem\/#breadcrumb"},"inLanguage":"hr","potentialAction":[{"@type":"ReadAction","target":["https:\/\/radioljubuski.ba\/index.php\/2022\/04\/15\/bilic-evidentno-je-da-hajduk-ima-problem\/"]}]},{"@type":"ImageObject","inLanguage":"hr","@id":"https:\/\/radioljubuski.ba\/index.php\/2022\/04\/15\/bilic-evidentno-je-da-hajduk-ima-problem\/#primaryimage","url":"https:\/\/radioljubuski.ba\/wp-content\/uploads\/2022\/04\/bilic.jpg","contentUrl":"https:\/\/radioljubuski.ba\/wp-content\/uploads\/2022\/04\/bilic.jpg","width":300,"height":168},{"@type":"BreadcrumbList","@id":"https:\/\/radioljubuski.ba\/index.php\/2022\/04\/15\/bilic-evidentno-je-da-hajduk-ima-problem\/#breadcrumb","itemListElement":[{"@type":"ListItem","position":1,"name":"Po\u010detna stranica","item":"https:\/\/radioljubuski.ba\/"},{"@type":"ListItem","position":2,"name":"Bili\u0107: Evidentno je da Hajduk ima problem"}]},{"@type":"WebSite","@id":"https:\/\/radioljubuski.ba\/#website","url":"https:\/\/radioljubuski.ba\/","name":"Radio Ljubu\u0161ki","description":"Sun\u010dana frekvencija Hercegovine","publisher":{"@id":"https:\/\/radioljubuski.ba\/#organization"},"potentialAction":[{"@type":"SearchAction","target":{"@type":"EntryPoint","urlTemplate":"https:\/\/radioljubuski.ba\/?s={search_term_string}"},"query-input":{"@type":"PropertyValueSpecification","valueRequired":true,"valueName":"search_term_string"}}],"inLanguage":"hr"},{"@type":"Organization","@id":"https:\/\/radioljubuski.ba\/#organization","name":"Radio Ljubu\u0161ki","url":"https:\/\/radioljubuski.ba\/","logo":{"@type":"ImageObject","inLanguage":"hr","@id":"https:\/\/radioljubuski.ba\/#\/schema\/logo\/image\/","url":"https:\/\/radioljubuski.ba\/wp-content\/uploads\/2021\/02\/cropped-Radio_Ljubuski_logo1.jpg","contentUrl":"https:\/\/radioljubuski.ba\/wp-content\/uploads\/2021\/02\/cropped-Radio_Ljubuski_logo1.jpg","width":512,"height":512,"caption":"Radio Ljubu\u0161ki"},"image":{"@id":"https:\/\/radioljubuski.ba\/#\/schema\/logo\/image\/"},"sameAs":["https:\/\/www.facebook.com\/Radiio-Ljubuski-1490835324566332","https:\/\/x.com\/radioljubuski","https:\/\/hr.linkedin.com\/company\/radio-ljubuski","https:\/\/www.youtube.com\/channel\/UCHYaeO_n0Db3tjNGudGpXyw"]},{"@type":"Person","@id":"https:\/\/radioljubuski.ba\/#\/schema\/person\/19fc700381a780f69665d7956c469e3b","name":"Radio Ljubu\u0161ki"}]}},"_links":{"self":[{"href":"https:\/\/radioljubuski.ba\/index.php\/wp-json\/wp\/v2\/posts\/132858","targetHints":{"allow":["GET"]}}],"collection":[{"href":"https:\/\/radioljubuski.ba\/index.php\/wp-json\/wp\/v2\/posts"}],"about":[{"href":"https:\/\/radioljubuski.ba\/index.php\/wp-json\/wp\/v2\/types\/post"}],"author":[{"embeddable":true,"href":"https:\/\/radioljubuski.ba\/index.php\/wp-json\/wp\/v2\/users\/2"}],"replies":[{"embeddable":true,"href":"https:\/\/radioljubuski.ba\/index.php\/wp-json\/wp\/v2\/comments?post=132858"}],"version-history":[{"count":1,"href":"https:\/\/radioljubuski.ba\/index.php\/wp-json\/wp\/v2\/posts\/132858\/revisions"}],"predecessor-version":[{"id":132860,"href":"https:\/\/radioljubuski.ba\/index.php\/wp-json\/wp\/v2\/posts\/132858\/revisions\/132860"}],"wp:featuredmedia":[{"embeddable":true,"href":"https:\/\/radioljubuski.ba\/index.php\/wp-json\/wp\/v2\/media\/132859"}],"wp:attachment":[{"href":"https:\/\/radioljubuski.ba\/index.php\/wp-json\/wp\/v2\/media?parent=132858"}],"wp:term":[{"taxonomy":"category","embeddable":true,"href":"https:\/\/radioljubuski.ba\/index.php\/wp-json\/wp\/v2\/categories?post=132858"},{"taxonomy":"post_tag","embeddable":true,"href":"https:\/\/radioljubuski.ba\/index.php\/wp-json\/wp\/v2\/tags?post=132858"}],"curies":[{"name":"wp","href":"https:\/\/api.w.org\/{rel}","templated":true}]}}