{"id":132876,"date":"2022-04-15T10:18:41","date_gmt":"2022-04-15T09:18:41","guid":{"rendered":"https:\/\/radioljubuski.ba\/?p=132876"},"modified":"2022-04-15T10:18:43","modified_gmt":"2022-04-15T09:18:43","slug":"atletico-madrid-objasnio-zasto-je-vrsaljko-reagirao-u-kaosu-u-tunelu-video","status":"publish","type":"post","link":"https:\/\/radioljubuski.ba\/index.php\/2022\/04\/15\/atletico-madrid-objasnio-zasto-je-vrsaljko-reagirao-u-kaosu-u-tunelu-video\/","title":{"rendered":"Atletico Madrid objasnio za\u0161to je Vrsaljko reagirao u kaosu u tunelu &#8211; video"},"content":{"rendered":"\n<p>Atletico Madrid izvijestio je da su dvojica nogometa\u0161a Manchester Cityja isprovocirala \u0160imu Vrsaljka nakon utakmice Lige prvaka odigrane u utorak, no odbio je re\u0107i ho\u0107e li provesti disciplinski postupak i kazniti hrvatskog igra\u010da zbog nasilnog i nekulturnog pona\u0161anja u tunelu.<\/p>\n\n\n\n<p>Vrsaljko se, podsjetimo, htio u tunelu stadiona fizi\u010dki obra\u010dunati s igra\u010dima engleskog prvaka, na njih je bacio lak\u0161i predmet, a dok su ga ljudi iz njegovog kluba dr\u017eali, izgleda da je pljunuo prema protivnicima, pokazale su snimke. U tunel madridskog stadiona Wanda Metropolitano prelile su se tenzije s travnjaka iz 90. minute kada je Atleticov brani\u010d Felipe bio isklju\u010den zbog udaranja Cityjevog igra\u010da Fodena.<\/p>\n\n\n\n<p>&#8220;\u0160imu su, kada je razdvajao sudionike dviju ekipa, na vrlo ru\u017ean na\u010din odgurnuli rezervni Cityjev vratar i Walker te tako isprovocirali njegovu reakciju&#8221;, rekao je glasnogovornik Atletico Madrida za Hinu.<\/p>\n\n\n\n<p>Na snimci se vidi kako Cityjev brani\u010d Kyle Walker (31) prije ulaska u tunel odguruje jednog du\u017enosnika Atletico Madrida koji je najednom do\u0161ao ondje, a zatim drugi igra\u010d Cityja odguruje jo\u0161 jednog du\u017enosnika \u0161panjolskog kluba. Nakon toga se vidi da odguruje i Vrsaljka koji je krenuo prema njemu. Ljudi iz klubova zatim razdvajaju Vrsaljka i tog Cityjevog igra\u010da. Walker se tako\u0111er bio okrenuo i pribli\u017eio Vrsaljku, ali na snimci se ne vidi je li bilo fizi\u010dkog kontakta me\u0111u njima.<\/p>\n\n\n\n<p>Utakmicu, koja je zavr\u0161ila 0:0, Vrsaljko je odgledao s klupe za pri\u010duve. U polufinale Lige prvaka plasirao se Manchester City zbog pobjede od 1:0 u prvoj utakmici. \u0160imi Vrsaljku ugovor s madridskim klubom istje\u010de za dva i pol mjeseca. Za \u010detvrtoplasiranu mom\u010dad \u0161panjolskog prvenstva sudjelovao je u 24 utakmice ove sezone.<\/p>\n\n\n\n<blockquote class=\"twitter-tweet\"><p lang=\"en\" dir=\"ltr\">Tunnel incident <a href=\"https:\/\/t.co\/L2WDQJWnis\">pic.twitter.com\/L2WDQJWnis<\/a><\/p>&mdash; Tom McDermott (@MrTomMcDermott) <a href=\"https:\/\/twitter.com\/MrTomMcDermott\/status\/1514354781942394881?ref_src=twsrc%5Etfw\">April 13, 2022<\/a><\/blockquote> <script async src=\"https:\/\/platform.twitter.com\/widgets.js\" charset=\"utf-8\"><\/script> \n\n\n\n<p>Izor:pogled.ba<\/p>\n","protected":false},"excerpt":{"rendered":"<p>Atletico Madrid izvijestio je da su dvojica nogometa\u0161a Manchester Cityja isprovocirala \u0160imu Vrsaljka nakon utakmice Lige prvaka odigrane u utorak, no odbio je re\u0107i ho\u0107e li provesti disciplinski postupak i kazniti hrvatskog igra\u010da zbog nasilnog i nekulturnog pona\u0161anja u tunelu. Vrsaljko se, podsjetimo, htio u tunelu stadiona fizi\u010dki obra\u010dunati s igra\u010dima engleskog prvaka, na njih [&hellip;]<\/p>\n","protected":false},"author":2,"featured_media":132877,"comment_status":"closed","ping_status":"closed","sticky":false,"template":"","format":"standard","meta":{"h5ap_radio_sources":[],"footnotes":""},"categories":[7],"tags":[],"class_list":["post-132876","post","type-post","status-publish","format-standard","has-post-thumbnail","hentry","category-sport"],"yoast_head":"<!-- This site is optimized with the Yoast SEO plugin v27.5 - https:\/\/yoast.com\/product\/yoast-seo-wordpress\/ -->\n<title>Atletico Madrid objasnio za\u0161to je Vrsaljko reagirao u kaosu u tunelu - video - RADIO LJUBU\u0160KI<\/title>\n<meta name=\"robots\" content=\"index, follow, max-snippet:-1, max-image-preview:large, max-video-preview:-1\" \/>\n<link rel=\"canonical\" href=\"https:\/\/radioljubuski.ba\/index.php\/2022\/04\/15\/atletico-madrid-objasnio-zasto-je-vrsaljko-reagirao-u-kaosu-u-tunelu-video\/\" \/>\n<meta property=\"og:locale\" content=\"hr_HR\" \/>\n<meta property=\"og:type\" content=\"article\" \/>\n<meta property=\"og:title\" content=\"Atletico Madrid objasnio za\u0161to je Vrsaljko reagirao u kaosu u tunelu - video - RADIO LJUBU\u0160KI\" \/>\n<meta property=\"og:description\" content=\"Atletico Madrid izvijestio je da su dvojica nogometa\u0161a Manchester Cityja isprovocirala \u0160imu Vrsaljka nakon utakmice Lige prvaka odigrane u utorak, no odbio je re\u0107i ho\u0107e li provesti disciplinski postupak i kazniti hrvatskog igra\u010da zbog nasilnog i nekulturnog pona\u0161anja u tunelu. Vrsaljko se, podsjetimo, htio u tunelu stadiona fizi\u010dki obra\u010dunati s igra\u010dima engleskog prvaka, na njih [&hellip;]\" \/>\n<meta property=\"og:url\" content=\"https:\/\/radioljubuski.ba\/index.php\/2022\/04\/15\/atletico-madrid-objasnio-zasto-je-vrsaljko-reagirao-u-kaosu-u-tunelu-video\/\" \/>\n<meta property=\"og:site_name\" content=\"RADIO LJUBU\u0160KI\" \/>\n<meta property=\"article:publisher\" content=\"https:\/\/www.facebook.com\/Radiio-Ljubuski-1490835324566332\" \/>\n<meta property=\"article:published_time\" content=\"2022-04-15T09:18:41+00:00\" \/>\n<meta property=\"article:modified_time\" content=\"2022-04-15T09:18:43+00:00\" \/>\n<meta property=\"og:image\" content=\"https:\/\/radioljubuski.ba\/wp-content\/uploads\/2022\/04\/8-2022-04-15-07-25-56-atletico.jpg\" \/>\n\t<meta property=\"og:image:width\" content=\"1000\" \/>\n\t<meta property=\"og:image:height\" content=\"625\" \/>\n\t<meta property=\"og:image:type\" content=\"image\/jpeg\" \/>\n<meta name=\"author\" content=\"Radio Ljubu\u0161ki\" \/>\n<meta name=\"twitter:card\" content=\"summary_large_image\" \/>\n<meta name=\"twitter:creator\" content=\"@radioljubuski\" \/>\n<meta name=\"twitter:site\" content=\"@radioljubuski\" \/>\n<meta name=\"twitter:label1\" content=\"Napisao\/la\" \/>\n\t<meta name=\"twitter:data1\" content=\"Radio Ljubu\u0161ki\" \/>\n\t<meta name=\"twitter:label2\" content=\"Procijenjeno vrijeme \u010ditanja\" \/>\n\t<meta name=\"twitter:data2\" content=\"2 minute\" \/>\n<script type=\"application\/ld+json\" class=\"yoast-schema-graph\">{\"@context\":\"https:\\\/\\\/schema.org\",\"@graph\":[{\"@type\":\"Article\",\"@id\":\"https:\\\/\\\/radioljubuski.ba\\\/index.php\\\/2022\\\/04\\\/15\\\/atletico-madrid-objasnio-zasto-je-vrsaljko-reagirao-u-kaosu-u-tunelu-video\\\/#article\",\"isPartOf\":{\"@id\":\"https:\\\/\\\/radioljubuski.ba\\\/index.php\\\/2022\\\/04\\\/15\\\/atletico-madrid-objasnio-zasto-je-vrsaljko-reagirao-u-kaosu-u-tunelu-video\\\/\"},\"author\":{\"name\":\"Radio Ljubu\u0161ki\",\"@id\":\"https:\\\/\\\/radioljubuski.ba\\\/#\\\/schema\\\/person\\\/19fc700381a780f69665d7956c469e3b\"},\"headline\":\"Atletico Madrid objasnio za\u0161to je Vrsaljko reagirao u kaosu u tunelu &#8211; video\",\"datePublished\":\"2022-04-15T09:18:41+00:00\",\"dateModified\":\"2022-04-15T09:18:43+00:00\",\"mainEntityOfPage\":{\"@id\":\"https:\\\/\\\/radioljubuski.ba\\\/index.php\\\/2022\\\/04\\\/15\\\/atletico-madrid-objasnio-zasto-je-vrsaljko-reagirao-u-kaosu-u-tunelu-video\\\/\"},\"wordCount\":314,\"publisher\":{\"@id\":\"https:\\\/\\\/radioljubuski.ba\\\/#organization\"},\"image\":{\"@id\":\"https:\\\/\\\/radioljubuski.ba\\\/index.php\\\/2022\\\/04\\\/15\\\/atletico-madrid-objasnio-zasto-je-vrsaljko-reagirao-u-kaosu-u-tunelu-video\\\/#primaryimage\"},\"thumbnailUrl\":\"https:\\\/\\\/radioljubuski.ba\\\/wp-content\\\/uploads\\\/2022\\\/04\\\/8-2022-04-15-07-25-56-atletico.jpg\",\"articleSection\":[\"\u0160port\"],\"inLanguage\":\"hr\"},{\"@type\":\"WebPage\",\"@id\":\"https:\\\/\\\/radioljubuski.ba\\\/index.php\\\/2022\\\/04\\\/15\\\/atletico-madrid-objasnio-zasto-je-vrsaljko-reagirao-u-kaosu-u-tunelu-video\\\/\",\"url\":\"https:\\\/\\\/radioljubuski.ba\\\/index.php\\\/2022\\\/04\\\/15\\\/atletico-madrid-objasnio-zasto-je-vrsaljko-reagirao-u-kaosu-u-tunelu-video\\\/\",\"name\":\"Atletico Madrid objasnio za\u0161to je Vrsaljko reagirao u kaosu u tunelu - video - RADIO LJUBU\u0160KI\",\"isPartOf\":{\"@id\":\"https:\\\/\\\/radioljubuski.ba\\\/#website\"},\"primaryImageOfPage\":{\"@id\":\"https:\\\/\\\/radioljubuski.ba\\\/index.php\\\/2022\\\/04\\\/15\\\/atletico-madrid-objasnio-zasto-je-vrsaljko-reagirao-u-kaosu-u-tunelu-video\\\/#primaryimage\"},\"image\":{\"@id\":\"https:\\\/\\\/radioljubuski.ba\\\/index.php\\\/2022\\\/04\\\/15\\\/atletico-madrid-objasnio-zasto-je-vrsaljko-reagirao-u-kaosu-u-tunelu-video\\\/#primaryimage\"},\"thumbnailUrl\":\"https:\\\/\\\/radioljubuski.ba\\\/wp-content\\\/uploads\\\/2022\\\/04\\\/8-2022-04-15-07-25-56-atletico.jpg\",\"datePublished\":\"2022-04-15T09:18:41+00:00\",\"dateModified\":\"2022-04-15T09:18:43+00:00\",\"breadcrumb\":{\"@id\":\"https:\\\/\\\/radioljubuski.ba\\\/index.php\\\/2022\\\/04\\\/15\\\/atletico-madrid-objasnio-zasto-je-vrsaljko-reagirao-u-kaosu-u-tunelu-video\\\/#breadcrumb\"},\"inLanguage\":\"hr\",\"potentialAction\":[{\"@type\":\"ReadAction\",\"target\":[\"https:\\\/\\\/radioljubuski.ba\\\/index.php\\\/2022\\\/04\\\/15\\\/atletico-madrid-objasnio-zasto-je-vrsaljko-reagirao-u-kaosu-u-tunelu-video\\\/\"]}]},{\"@type\":\"ImageObject\",\"inLanguage\":\"hr\",\"@id\":\"https:\\\/\\\/radioljubuski.ba\\\/index.php\\\/2022\\\/04\\\/15\\\/atletico-madrid-objasnio-zasto-je-vrsaljko-reagirao-u-kaosu-u-tunelu-video\\\/#primaryimage\",\"url\":\"https:\\\/\\\/radioljubuski.ba\\\/wp-content\\\/uploads\\\/2022\\\/04\\\/8-2022-04-15-07-25-56-atletico.jpg\",\"contentUrl\":\"https:\\\/\\\/radioljubuski.ba\\\/wp-content\\\/uploads\\\/2022\\\/04\\\/8-2022-04-15-07-25-56-atletico.jpg\",\"width\":1000,\"height\":625},{\"@type\":\"BreadcrumbList\",\"@id\":\"https:\\\/\\\/radioljubuski.ba\\\/index.php\\\/2022\\\/04\\\/15\\\/atletico-madrid-objasnio-zasto-je-vrsaljko-reagirao-u-kaosu-u-tunelu-video\\\/#breadcrumb\",\"itemListElement\":[{\"@type\":\"ListItem\",\"position\":1,\"name\":\"Po\u010detna stranica\",\"item\":\"https:\\\/\\\/radioljubuski.ba\\\/\"},{\"@type\":\"ListItem\",\"position\":2,\"name\":\"Atletico Madrid objasnio za\u0161to je Vrsaljko reagirao u kaosu u tunelu &#8211; video\"}]},{\"@type\":\"WebSite\",\"@id\":\"https:\\\/\\\/radioljubuski.ba\\\/#website\",\"url\":\"https:\\\/\\\/radioljubuski.ba\\\/\",\"name\":\"Radio Ljubu\u0161ki\",\"description\":\"Sun\u010dana frekvencija Hercegovine\",\"publisher\":{\"@id\":\"https:\\\/\\\/radioljubuski.ba\\\/#organization\"},\"potentialAction\":[{\"@type\":\"SearchAction\",\"target\":{\"@type\":\"EntryPoint\",\"urlTemplate\":\"https:\\\/\\\/radioljubuski.ba\\\/?s={search_term_string}\"},\"query-input\":{\"@type\":\"PropertyValueSpecification\",\"valueRequired\":true,\"valueName\":\"search_term_string\"}}],\"inLanguage\":\"hr\"},{\"@type\":\"Organization\",\"@id\":\"https:\\\/\\\/radioljubuski.ba\\\/#organization\",\"name\":\"Radio Ljubu\u0161ki\",\"url\":\"https:\\\/\\\/radioljubuski.ba\\\/\",\"logo\":{\"@type\":\"ImageObject\",\"inLanguage\":\"hr\",\"@id\":\"https:\\\/\\\/radioljubuski.ba\\\/#\\\/schema\\\/logo\\\/image\\\/\",\"url\":\"https:\\\/\\\/radioljubuski.ba\\\/wp-content\\\/uploads\\\/2021\\\/02\\\/cropped-Radio_Ljubuski_logo1.jpg\",\"contentUrl\":\"https:\\\/\\\/radioljubuski.ba\\\/wp-content\\\/uploads\\\/2021\\\/02\\\/cropped-Radio_Ljubuski_logo1.jpg\",\"width\":512,\"height\":512,\"caption\":\"Radio Ljubu\u0161ki\"},\"image\":{\"@id\":\"https:\\\/\\\/radioljubuski.ba\\\/#\\\/schema\\\/logo\\\/image\\\/\"},\"sameAs\":[\"https:\\\/\\\/www.facebook.com\\\/Radiio-Ljubuski-1490835324566332\",\"https:\\\/\\\/x.com\\\/radioljubuski\",\"https:\\\/\\\/hr.linkedin.com\\\/company\\\/radio-ljubuski\",\"https:\\\/\\\/www.youtube.com\\\/channel\\\/UCHYaeO_n0Db3tjNGudGpXyw\"]},{\"@type\":\"Person\",\"@id\":\"https:\\\/\\\/radioljubuski.ba\\\/#\\\/schema\\\/person\\\/19fc700381a780f69665d7956c469e3b\",\"name\":\"Radio Ljubu\u0161ki\"}]}<\/script>\n<!-- \/ Yoast SEO plugin. -->","yoast_head_json":{"title":"Atletico Madrid objasnio za\u0161to je Vrsaljko reagirao u kaosu u tunelu - video - RADIO LJUBU\u0160KI","robots":{"index":"index","follow":"follow","max-snippet":"max-snippet:-1","max-image-preview":"max-image-preview:large","max-video-preview":"max-video-preview:-1"},"canonical":"https:\/\/radioljubuski.ba\/index.php\/2022\/04\/15\/atletico-madrid-objasnio-zasto-je-vrsaljko-reagirao-u-kaosu-u-tunelu-video\/","og_locale":"hr_HR","og_type":"article","og_title":"Atletico Madrid objasnio za\u0161to je Vrsaljko reagirao u kaosu u tunelu - video - RADIO LJUBU\u0160KI","og_description":"Atletico Madrid izvijestio je da su dvojica nogometa\u0161a Manchester Cityja isprovocirala \u0160imu Vrsaljka nakon utakmice Lige prvaka odigrane u utorak, no odbio je re\u0107i ho\u0107e li provesti disciplinski postupak i kazniti hrvatskog igra\u010da zbog nasilnog i nekulturnog pona\u0161anja u tunelu. Vrsaljko se, podsjetimo, htio u tunelu stadiona fizi\u010dki obra\u010dunati s igra\u010dima engleskog prvaka, na njih [&hellip;]","og_url":"https:\/\/radioljubuski.ba\/index.php\/2022\/04\/15\/atletico-madrid-objasnio-zasto-je-vrsaljko-reagirao-u-kaosu-u-tunelu-video\/","og_site_name":"RADIO LJUBU\u0160KI","article_publisher":"https:\/\/www.facebook.com\/Radiio-Ljubuski-1490835324566332","article_published_time":"2022-04-15T09:18:41+00:00","article_modified_time":"2022-04-15T09:18:43+00:00","og_image":[{"width":1000,"height":625,"url":"https:\/\/radioljubuski.ba\/wp-content\/uploads\/2022\/04\/8-2022-04-15-07-25-56-atletico.jpg","type":"image\/jpeg"}],"author":"Radio Ljubu\u0161ki","twitter_card":"summary_large_image","twitter_creator":"@radioljubuski","twitter_site":"@radioljubuski","twitter_misc":{"Napisao\/la":"Radio Ljubu\u0161ki","Procijenjeno vrijeme \u010ditanja":"2 minute"},"schema":{"@context":"https:\/\/schema.org","@graph":[{"@type":"Article","@id":"https:\/\/radioljubuski.ba\/index.php\/2022\/04\/15\/atletico-madrid-objasnio-zasto-je-vrsaljko-reagirao-u-kaosu-u-tunelu-video\/#article","isPartOf":{"@id":"https:\/\/radioljubuski.ba\/index.php\/2022\/04\/15\/atletico-madrid-objasnio-zasto-je-vrsaljko-reagirao-u-kaosu-u-tunelu-video\/"},"author":{"name":"Radio Ljubu\u0161ki","@id":"https:\/\/radioljubuski.ba\/#\/schema\/person\/19fc700381a780f69665d7956c469e3b"},"headline":"Atletico Madrid objasnio za\u0161to je Vrsaljko reagirao u kaosu u tunelu &#8211; video","datePublished":"2022-04-15T09:18:41+00:00","dateModified":"2022-04-15T09:18:43+00:00","mainEntityOfPage":{"@id":"https:\/\/radioljubuski.ba\/index.php\/2022\/04\/15\/atletico-madrid-objasnio-zasto-je-vrsaljko-reagirao-u-kaosu-u-tunelu-video\/"},"wordCount":314,"publisher":{"@id":"https:\/\/radioljubuski.ba\/#organization"},"image":{"@id":"https:\/\/radioljubuski.ba\/index.php\/2022\/04\/15\/atletico-madrid-objasnio-zasto-je-vrsaljko-reagirao-u-kaosu-u-tunelu-video\/#primaryimage"},"thumbnailUrl":"https:\/\/radioljubuski.ba\/wp-content\/uploads\/2022\/04\/8-2022-04-15-07-25-56-atletico.jpg","articleSection":["\u0160port"],"inLanguage":"hr"},{"@type":"WebPage","@id":"https:\/\/radioljubuski.ba\/index.php\/2022\/04\/15\/atletico-madrid-objasnio-zasto-je-vrsaljko-reagirao-u-kaosu-u-tunelu-video\/","url":"https:\/\/radioljubuski.ba\/index.php\/2022\/04\/15\/atletico-madrid-objasnio-zasto-je-vrsaljko-reagirao-u-kaosu-u-tunelu-video\/","name":"Atletico Madrid objasnio za\u0161to je Vrsaljko reagirao u kaosu u tunelu - video - RADIO LJUBU\u0160KI","isPartOf":{"@id":"https:\/\/radioljubuski.ba\/#website"},"primaryImageOfPage":{"@id":"https:\/\/radioljubuski.ba\/index.php\/2022\/04\/15\/atletico-madrid-objasnio-zasto-je-vrsaljko-reagirao-u-kaosu-u-tunelu-video\/#primaryimage"},"image":{"@id":"https:\/\/radioljubuski.ba\/index.php\/2022\/04\/15\/atletico-madrid-objasnio-zasto-je-vrsaljko-reagirao-u-kaosu-u-tunelu-video\/#primaryimage"},"thumbnailUrl":"https:\/\/radioljubuski.ba\/wp-content\/uploads\/2022\/04\/8-2022-04-15-07-25-56-atletico.jpg","datePublished":"2022-04-15T09:18:41+00:00","dateModified":"2022-04-15T09:18:43+00:00","breadcrumb":{"@id":"https:\/\/radioljubuski.ba\/index.php\/2022\/04\/15\/atletico-madrid-objasnio-zasto-je-vrsaljko-reagirao-u-kaosu-u-tunelu-video\/#breadcrumb"},"inLanguage":"hr","potentialAction":[{"@type":"ReadAction","target":["https:\/\/radioljubuski.ba\/index.php\/2022\/04\/15\/atletico-madrid-objasnio-zasto-je-vrsaljko-reagirao-u-kaosu-u-tunelu-video\/"]}]},{"@type":"ImageObject","inLanguage":"hr","@id":"https:\/\/radioljubuski.ba\/index.php\/2022\/04\/15\/atletico-madrid-objasnio-zasto-je-vrsaljko-reagirao-u-kaosu-u-tunelu-video\/#primaryimage","url":"https:\/\/radioljubuski.ba\/wp-content\/uploads\/2022\/04\/8-2022-04-15-07-25-56-atletico.jpg","contentUrl":"https:\/\/radioljubuski.ba\/wp-content\/uploads\/2022\/04\/8-2022-04-15-07-25-56-atletico.jpg","width":1000,"height":625},{"@type":"BreadcrumbList","@id":"https:\/\/radioljubuski.ba\/index.php\/2022\/04\/15\/atletico-madrid-objasnio-zasto-je-vrsaljko-reagirao-u-kaosu-u-tunelu-video\/#breadcrumb","itemListElement":[{"@type":"ListItem","position":1,"name":"Po\u010detna stranica","item":"https:\/\/radioljubuski.ba\/"},{"@type":"ListItem","position":2,"name":"Atletico Madrid objasnio za\u0161to je Vrsaljko reagirao u kaosu u tunelu &#8211; video"}]},{"@type":"WebSite","@id":"https:\/\/radioljubuski.ba\/#website","url":"https:\/\/radioljubuski.ba\/","name":"Radio Ljubu\u0161ki","description":"Sun\u010dana frekvencija Hercegovine","publisher":{"@id":"https:\/\/radioljubuski.ba\/#organization"},"potentialAction":[{"@type":"SearchAction","target":{"@type":"EntryPoint","urlTemplate":"https:\/\/radioljubuski.ba\/?s={search_term_string}"},"query-input":{"@type":"PropertyValueSpecification","valueRequired":true,"valueName":"search_term_string"}}],"inLanguage":"hr"},{"@type":"Organization","@id":"https:\/\/radioljubuski.ba\/#organization","name":"Radio Ljubu\u0161ki","url":"https:\/\/radioljubuski.ba\/","logo":{"@type":"ImageObject","inLanguage":"hr","@id":"https:\/\/radioljubuski.ba\/#\/schema\/logo\/image\/","url":"https:\/\/radioljubuski.ba\/wp-content\/uploads\/2021\/02\/cropped-Radio_Ljubuski_logo1.jpg","contentUrl":"https:\/\/radioljubuski.ba\/wp-content\/uploads\/2021\/02\/cropped-Radio_Ljubuski_logo1.jpg","width":512,"height":512,"caption":"Radio Ljubu\u0161ki"},"image":{"@id":"https:\/\/radioljubuski.ba\/#\/schema\/logo\/image\/"},"sameAs":["https:\/\/www.facebook.com\/Radiio-Ljubuski-1490835324566332","https:\/\/x.com\/radioljubuski","https:\/\/hr.linkedin.com\/company\/radio-ljubuski","https:\/\/www.youtube.com\/channel\/UCHYaeO_n0Db3tjNGudGpXyw"]},{"@type":"Person","@id":"https:\/\/radioljubuski.ba\/#\/schema\/person\/19fc700381a780f69665d7956c469e3b","name":"Radio Ljubu\u0161ki"}]}},"_links":{"self":[{"href":"https:\/\/radioljubuski.ba\/index.php\/wp-json\/wp\/v2\/posts\/132876","targetHints":{"allow":["GET"]}}],"collection":[{"href":"https:\/\/radioljubuski.ba\/index.php\/wp-json\/wp\/v2\/posts"}],"about":[{"href":"https:\/\/radioljubuski.ba\/index.php\/wp-json\/wp\/v2\/types\/post"}],"author":[{"embeddable":true,"href":"https:\/\/radioljubuski.ba\/index.php\/wp-json\/wp\/v2\/users\/2"}],"replies":[{"embeddable":true,"href":"https:\/\/radioljubuski.ba\/index.php\/wp-json\/wp\/v2\/comments?post=132876"}],"version-history":[{"count":1,"href":"https:\/\/radioljubuski.ba\/index.php\/wp-json\/wp\/v2\/posts\/132876\/revisions"}],"predecessor-version":[{"id":132878,"href":"https:\/\/radioljubuski.ba\/index.php\/wp-json\/wp\/v2\/posts\/132876\/revisions\/132878"}],"wp:featuredmedia":[{"embeddable":true,"href":"https:\/\/radioljubuski.ba\/index.php\/wp-json\/wp\/v2\/media\/132877"}],"wp:attachment":[{"href":"https:\/\/radioljubuski.ba\/index.php\/wp-json\/wp\/v2\/media?parent=132876"}],"wp:term":[{"taxonomy":"category","embeddable":true,"href":"https:\/\/radioljubuski.ba\/index.php\/wp-json\/wp\/v2\/categories?post=132876"},{"taxonomy":"post_tag","embeddable":true,"href":"https:\/\/radioljubuski.ba\/index.php\/wp-json\/wp\/v2\/tags?post=132876"}],"curies":[{"name":"wp","href":"https:\/\/api.w.org\/{rel}","templated":true}]}}