{"id":132902,"date":"2022-04-15T10:29:23","date_gmt":"2022-04-15T09:29:23","guid":{"rendered":"https:\/\/radioljubuski.ba\/?p=132902"},"modified":"2022-04-15T10:29:23","modified_gmt":"2022-04-15T09:29:23","slug":"pozari-u-mostaru-ugaseni-u-konjicu-gasenje-nije-moguce-zbog-sumnjive-minske-povrsine","status":"publish","type":"post","link":"https:\/\/radioljubuski.ba\/index.php\/2022\/04\/15\/pozari-u-mostaru-ugaseni-u-konjicu-gasenje-nije-moguce-zbog-sumnjive-minske-povrsine\/","title":{"rendered":"Po\u017eari u Mostaru uga\u0161eni, u Konjicu ga\u0161enje nije mogu\u0107e zbog sumnjive minske povr\u0161ine"},"content":{"rendered":"\n<p>U HN\u017d-u vatrogasci su imali nekoliko intervencija u protekla 24 sata.&nbsp;<\/p>\n\n\n\n<p><strong>Mostar<\/strong><br>Od 09:55 do 11:05 sati Hum \u2013 Kri\u017eni Put \u2013 gorila trava i nisko raslinje.<br>Od 16:55 do 18:00 sati na Fortici gorila trava i nisko raslinje.<br>Od 22:15 do 23:20 sati na Putu za Aluminijski gorila trava i nisko raslinje.<br><strong>\u010capljina<\/strong><br>Od 13:00 do 15:00 sati osiguravanje spaljivanja biljne otpadi u Dra\u010devu.<br><strong>Konjic<\/strong><br>Po\u017eari u mjestima Vrci i Bijela i dalje aktivni. Ga\u0161enje nije mogu\u0107e zbog sumnjive minske povr\u0161ine.<br><strong>Prozor \u2013 Rama<\/strong><br>Od 15:45 do 17:15 sati u blizini sela Ljubunci gorila trava i raslinje.<br><strong>Jablanica<\/strong><br>Od 23:05 do 23:30 sati na Koloniji gorio kontejner.<\/p>\n\n\n\n<p>Izvor:pogled.ba<\/p>\n","protected":false},"excerpt":{"rendered":"<p>U HN\u017d-u vatrogasci su imali nekoliko intervencija u protekla 24 sata.&nbsp; MostarOd 09:55 do 11:05 sati Hum \u2013 Kri\u017eni Put \u2013 gorila trava i nisko raslinje.Od 16:55 do 18:00 sati na Fortici gorila trava i nisko raslinje.Od 22:15 do 23:20 sati na Putu za Aluminijski gorila trava i nisko raslinje.\u010capljinaOd 13:00 do 15:00 sati osiguravanje [&hellip;]<\/p>\n","protected":false},"author":2,"featured_media":132903,"comment_status":"closed","ping_status":"closed","sticky":false,"template":"","format":"standard","meta":{"h5ap_radio_sources":[],"footnotes":""},"categories":[1],"tags":[],"class_list":["post-132902","post","type-post","status-publish","format-standard","has-post-thumbnail","hentry","category-bihiregija"],"yoast_head":"<!-- This site is optimized with the Yoast SEO plugin v27.5 - https:\/\/yoast.com\/product\/yoast-seo-wordpress\/ -->\n<title>Po\u017eari u Mostaru uga\u0161eni, u Konjicu ga\u0161enje nije mogu\u0107e zbog sumnjive minske povr\u0161ine - RADIO LJUBU\u0160KI<\/title>\n<meta name=\"robots\" content=\"index, follow, max-snippet:-1, max-image-preview:large, max-video-preview:-1\" \/>\n<link rel=\"canonical\" href=\"https:\/\/radioljubuski.ba\/index.php\/2022\/04\/15\/pozari-u-mostaru-ugaseni-u-konjicu-gasenje-nije-moguce-zbog-sumnjive-minske-povrsine\/\" \/>\n<meta property=\"og:locale\" content=\"hr_HR\" \/>\n<meta property=\"og:type\" content=\"article\" \/>\n<meta property=\"og:title\" content=\"Po\u017eari u Mostaru uga\u0161eni, u Konjicu ga\u0161enje nije mogu\u0107e zbog sumnjive minske povr\u0161ine - RADIO LJUBU\u0160KI\" \/>\n<meta property=\"og:description\" content=\"U HN\u017d-u vatrogasci su imali nekoliko intervencija u protekla 24 sata.&nbsp; MostarOd 09:55 do 11:05 sati Hum \u2013 Kri\u017eni Put \u2013 gorila trava i nisko raslinje.Od 16:55 do 18:00 sati na Fortici gorila trava i nisko raslinje.Od 22:15 do 23:20 sati na Putu za Aluminijski gorila trava i nisko raslinje.\u010capljinaOd 13:00 do 15:00 sati osiguravanje [&hellip;]\" \/>\n<meta property=\"og:url\" content=\"https:\/\/radioljubuski.ba\/index.php\/2022\/04\/15\/pozari-u-mostaru-ugaseni-u-konjicu-gasenje-nije-moguce-zbog-sumnjive-minske-povrsine\/\" \/>\n<meta property=\"og:site_name\" content=\"RADIO LJUBU\u0160KI\" \/>\n<meta property=\"article:publisher\" content=\"https:\/\/www.facebook.com\/Radiio-Ljubuski-1490835324566332\" \/>\n<meta property=\"article:published_time\" content=\"2022-04-15T09:29:23+00:00\" \/>\n<meta property=\"og:image\" content=\"https:\/\/radioljubuski.ba\/wp-content\/uploads\/2022\/04\/3-2022-03-23-19-20-23-pozar-konjic.jpg\" \/>\n\t<meta property=\"og:image:width\" content=\"1000\" \/>\n\t<meta property=\"og:image:height\" content=\"625\" \/>\n\t<meta property=\"og:image:type\" content=\"image\/jpeg\" \/>\n<meta name=\"author\" content=\"Radio Ljubu\u0161ki\" \/>\n<meta name=\"twitter:card\" content=\"summary_large_image\" \/>\n<meta name=\"twitter:creator\" content=\"@radioljubuski\" \/>\n<meta name=\"twitter:site\" content=\"@radioljubuski\" \/>\n<meta name=\"twitter:label1\" content=\"Napisao\/la\" \/>\n\t<meta name=\"twitter:data1\" content=\"Radio Ljubu\u0161ki\" \/>\n\t<meta name=\"twitter:label2\" content=\"Procijenjeno vrijeme \u010ditanja\" \/>\n\t<meta name=\"twitter:data2\" content=\"1 minuta\" \/>\n<script type=\"application\/ld+json\" class=\"yoast-schema-graph\">{\"@context\":\"https:\\\/\\\/schema.org\",\"@graph\":[{\"@type\":\"Article\",\"@id\":\"https:\\\/\\\/radioljubuski.ba\\\/index.php\\\/2022\\\/04\\\/15\\\/pozari-u-mostaru-ugaseni-u-konjicu-gasenje-nije-moguce-zbog-sumnjive-minske-povrsine\\\/#article\",\"isPartOf\":{\"@id\":\"https:\\\/\\\/radioljubuski.ba\\\/index.php\\\/2022\\\/04\\\/15\\\/pozari-u-mostaru-ugaseni-u-konjicu-gasenje-nije-moguce-zbog-sumnjive-minske-povrsine\\\/\"},\"author\":{\"name\":\"Radio Ljubu\u0161ki\",\"@id\":\"https:\\\/\\\/radioljubuski.ba\\\/#\\\/schema\\\/person\\\/19fc700381a780f69665d7956c469e3b\"},\"headline\":\"Po\u017eari u Mostaru uga\u0161eni, u Konjicu ga\u0161enje nije mogu\u0107e zbog sumnjive minske povr\u0161ine\",\"datePublished\":\"2022-04-15T09:29:23+00:00\",\"mainEntityOfPage\":{\"@id\":\"https:\\\/\\\/radioljubuski.ba\\\/index.php\\\/2022\\\/04\\\/15\\\/pozari-u-mostaru-ugaseni-u-konjicu-gasenje-nije-moguce-zbog-sumnjive-minske-povrsine\\\/\"},\"wordCount\":121,\"publisher\":{\"@id\":\"https:\\\/\\\/radioljubuski.ba\\\/#organization\"},\"image\":{\"@id\":\"https:\\\/\\\/radioljubuski.ba\\\/index.php\\\/2022\\\/04\\\/15\\\/pozari-u-mostaru-ugaseni-u-konjicu-gasenje-nije-moguce-zbog-sumnjive-minske-povrsine\\\/#primaryimage\"},\"thumbnailUrl\":\"https:\\\/\\\/radioljubuski.ba\\\/wp-content\\\/uploads\\\/2022\\\/04\\\/3-2022-03-23-19-20-23-pozar-konjic.jpg\",\"articleSection\":[\"BIH i regija\"],\"inLanguage\":\"hr\"},{\"@type\":\"WebPage\",\"@id\":\"https:\\\/\\\/radioljubuski.ba\\\/index.php\\\/2022\\\/04\\\/15\\\/pozari-u-mostaru-ugaseni-u-konjicu-gasenje-nije-moguce-zbog-sumnjive-minske-povrsine\\\/\",\"url\":\"https:\\\/\\\/radioljubuski.ba\\\/index.php\\\/2022\\\/04\\\/15\\\/pozari-u-mostaru-ugaseni-u-konjicu-gasenje-nije-moguce-zbog-sumnjive-minske-povrsine\\\/\",\"name\":\"Po\u017eari u Mostaru uga\u0161eni, u Konjicu ga\u0161enje nije mogu\u0107e zbog sumnjive minske povr\u0161ine - RADIO LJUBU\u0160KI\",\"isPartOf\":{\"@id\":\"https:\\\/\\\/radioljubuski.ba\\\/#website\"},\"primaryImageOfPage\":{\"@id\":\"https:\\\/\\\/radioljubuski.ba\\\/index.php\\\/2022\\\/04\\\/15\\\/pozari-u-mostaru-ugaseni-u-konjicu-gasenje-nije-moguce-zbog-sumnjive-minske-povrsine\\\/#primaryimage\"},\"image\":{\"@id\":\"https:\\\/\\\/radioljubuski.ba\\\/index.php\\\/2022\\\/04\\\/15\\\/pozari-u-mostaru-ugaseni-u-konjicu-gasenje-nije-moguce-zbog-sumnjive-minske-povrsine\\\/#primaryimage\"},\"thumbnailUrl\":\"https:\\\/\\\/radioljubuski.ba\\\/wp-content\\\/uploads\\\/2022\\\/04\\\/3-2022-03-23-19-20-23-pozar-konjic.jpg\",\"datePublished\":\"2022-04-15T09:29:23+00:00\",\"breadcrumb\":{\"@id\":\"https:\\\/\\\/radioljubuski.ba\\\/index.php\\\/2022\\\/04\\\/15\\\/pozari-u-mostaru-ugaseni-u-konjicu-gasenje-nije-moguce-zbog-sumnjive-minske-povrsine\\\/#breadcrumb\"},\"inLanguage\":\"hr\",\"potentialAction\":[{\"@type\":\"ReadAction\",\"target\":[\"https:\\\/\\\/radioljubuski.ba\\\/index.php\\\/2022\\\/04\\\/15\\\/pozari-u-mostaru-ugaseni-u-konjicu-gasenje-nije-moguce-zbog-sumnjive-minske-povrsine\\\/\"]}]},{\"@type\":\"ImageObject\",\"inLanguage\":\"hr\",\"@id\":\"https:\\\/\\\/radioljubuski.ba\\\/index.php\\\/2022\\\/04\\\/15\\\/pozari-u-mostaru-ugaseni-u-konjicu-gasenje-nije-moguce-zbog-sumnjive-minske-povrsine\\\/#primaryimage\",\"url\":\"https:\\\/\\\/radioljubuski.ba\\\/wp-content\\\/uploads\\\/2022\\\/04\\\/3-2022-03-23-19-20-23-pozar-konjic.jpg\",\"contentUrl\":\"https:\\\/\\\/radioljubuski.ba\\\/wp-content\\\/uploads\\\/2022\\\/04\\\/3-2022-03-23-19-20-23-pozar-konjic.jpg\",\"width\":1000,\"height\":625},{\"@type\":\"BreadcrumbList\",\"@id\":\"https:\\\/\\\/radioljubuski.ba\\\/index.php\\\/2022\\\/04\\\/15\\\/pozari-u-mostaru-ugaseni-u-konjicu-gasenje-nije-moguce-zbog-sumnjive-minske-povrsine\\\/#breadcrumb\",\"itemListElement\":[{\"@type\":\"ListItem\",\"position\":1,\"name\":\"Po\u010detna stranica\",\"item\":\"https:\\\/\\\/radioljubuski.ba\\\/\"},{\"@type\":\"ListItem\",\"position\":2,\"name\":\"Po\u017eari u Mostaru uga\u0161eni, u Konjicu ga\u0161enje nije mogu\u0107e zbog sumnjive minske povr\u0161ine\"}]},{\"@type\":\"WebSite\",\"@id\":\"https:\\\/\\\/radioljubuski.ba\\\/#website\",\"url\":\"https:\\\/\\\/radioljubuski.ba\\\/\",\"name\":\"Radio Ljubu\u0161ki\",\"description\":\"Sun\u010dana frekvencija Hercegovine\",\"publisher\":{\"@id\":\"https:\\\/\\\/radioljubuski.ba\\\/#organization\"},\"potentialAction\":[{\"@type\":\"SearchAction\",\"target\":{\"@type\":\"EntryPoint\",\"urlTemplate\":\"https:\\\/\\\/radioljubuski.ba\\\/?s={search_term_string}\"},\"query-input\":{\"@type\":\"PropertyValueSpecification\",\"valueRequired\":true,\"valueName\":\"search_term_string\"}}],\"inLanguage\":\"hr\"},{\"@type\":\"Organization\",\"@id\":\"https:\\\/\\\/radioljubuski.ba\\\/#organization\",\"name\":\"Radio Ljubu\u0161ki\",\"url\":\"https:\\\/\\\/radioljubuski.ba\\\/\",\"logo\":{\"@type\":\"ImageObject\",\"inLanguage\":\"hr\",\"@id\":\"https:\\\/\\\/radioljubuski.ba\\\/#\\\/schema\\\/logo\\\/image\\\/\",\"url\":\"https:\\\/\\\/radioljubuski.ba\\\/wp-content\\\/uploads\\\/2021\\\/02\\\/cropped-Radio_Ljubuski_logo1.jpg\",\"contentUrl\":\"https:\\\/\\\/radioljubuski.ba\\\/wp-content\\\/uploads\\\/2021\\\/02\\\/cropped-Radio_Ljubuski_logo1.jpg\",\"width\":512,\"height\":512,\"caption\":\"Radio Ljubu\u0161ki\"},\"image\":{\"@id\":\"https:\\\/\\\/radioljubuski.ba\\\/#\\\/schema\\\/logo\\\/image\\\/\"},\"sameAs\":[\"https:\\\/\\\/www.facebook.com\\\/Radiio-Ljubuski-1490835324566332\",\"https:\\\/\\\/x.com\\\/radioljubuski\",\"https:\\\/\\\/hr.linkedin.com\\\/company\\\/radio-ljubuski\",\"https:\\\/\\\/www.youtube.com\\\/channel\\\/UCHYaeO_n0Db3tjNGudGpXyw\"]},{\"@type\":\"Person\",\"@id\":\"https:\\\/\\\/radioljubuski.ba\\\/#\\\/schema\\\/person\\\/19fc700381a780f69665d7956c469e3b\",\"name\":\"Radio Ljubu\u0161ki\"}]}<\/script>\n<!-- \/ Yoast SEO plugin. -->","yoast_head_json":{"title":"Po\u017eari u Mostaru uga\u0161eni, u Konjicu ga\u0161enje nije mogu\u0107e zbog sumnjive minske povr\u0161ine - RADIO LJUBU\u0160KI","robots":{"index":"index","follow":"follow","max-snippet":"max-snippet:-1","max-image-preview":"max-image-preview:large","max-video-preview":"max-video-preview:-1"},"canonical":"https:\/\/radioljubuski.ba\/index.php\/2022\/04\/15\/pozari-u-mostaru-ugaseni-u-konjicu-gasenje-nije-moguce-zbog-sumnjive-minske-povrsine\/","og_locale":"hr_HR","og_type":"article","og_title":"Po\u017eari u Mostaru uga\u0161eni, u Konjicu ga\u0161enje nije mogu\u0107e zbog sumnjive minske povr\u0161ine - RADIO LJUBU\u0160KI","og_description":"U HN\u017d-u vatrogasci su imali nekoliko intervencija u protekla 24 sata.&nbsp; MostarOd 09:55 do 11:05 sati Hum \u2013 Kri\u017eni Put \u2013 gorila trava i nisko raslinje.Od 16:55 do 18:00 sati na Fortici gorila trava i nisko raslinje.Od 22:15 do 23:20 sati na Putu za Aluminijski gorila trava i nisko raslinje.\u010capljinaOd 13:00 do 15:00 sati osiguravanje [&hellip;]","og_url":"https:\/\/radioljubuski.ba\/index.php\/2022\/04\/15\/pozari-u-mostaru-ugaseni-u-konjicu-gasenje-nije-moguce-zbog-sumnjive-minske-povrsine\/","og_site_name":"RADIO LJUBU\u0160KI","article_publisher":"https:\/\/www.facebook.com\/Radiio-Ljubuski-1490835324566332","article_published_time":"2022-04-15T09:29:23+00:00","og_image":[{"width":1000,"height":625,"url":"https:\/\/radioljubuski.ba\/wp-content\/uploads\/2022\/04\/3-2022-03-23-19-20-23-pozar-konjic.jpg","type":"image\/jpeg"}],"author":"Radio Ljubu\u0161ki","twitter_card":"summary_large_image","twitter_creator":"@radioljubuski","twitter_site":"@radioljubuski","twitter_misc":{"Napisao\/la":"Radio Ljubu\u0161ki","Procijenjeno vrijeme \u010ditanja":"1 minuta"},"schema":{"@context":"https:\/\/schema.org","@graph":[{"@type":"Article","@id":"https:\/\/radioljubuski.ba\/index.php\/2022\/04\/15\/pozari-u-mostaru-ugaseni-u-konjicu-gasenje-nije-moguce-zbog-sumnjive-minske-povrsine\/#article","isPartOf":{"@id":"https:\/\/radioljubuski.ba\/index.php\/2022\/04\/15\/pozari-u-mostaru-ugaseni-u-konjicu-gasenje-nije-moguce-zbog-sumnjive-minske-povrsine\/"},"author":{"name":"Radio Ljubu\u0161ki","@id":"https:\/\/radioljubuski.ba\/#\/schema\/person\/19fc700381a780f69665d7956c469e3b"},"headline":"Po\u017eari u Mostaru uga\u0161eni, u Konjicu ga\u0161enje nije mogu\u0107e zbog sumnjive minske povr\u0161ine","datePublished":"2022-04-15T09:29:23+00:00","mainEntityOfPage":{"@id":"https:\/\/radioljubuski.ba\/index.php\/2022\/04\/15\/pozari-u-mostaru-ugaseni-u-konjicu-gasenje-nije-moguce-zbog-sumnjive-minske-povrsine\/"},"wordCount":121,"publisher":{"@id":"https:\/\/radioljubuski.ba\/#organization"},"image":{"@id":"https:\/\/radioljubuski.ba\/index.php\/2022\/04\/15\/pozari-u-mostaru-ugaseni-u-konjicu-gasenje-nije-moguce-zbog-sumnjive-minske-povrsine\/#primaryimage"},"thumbnailUrl":"https:\/\/radioljubuski.ba\/wp-content\/uploads\/2022\/04\/3-2022-03-23-19-20-23-pozar-konjic.jpg","articleSection":["BIH i regija"],"inLanguage":"hr"},{"@type":"WebPage","@id":"https:\/\/radioljubuski.ba\/index.php\/2022\/04\/15\/pozari-u-mostaru-ugaseni-u-konjicu-gasenje-nije-moguce-zbog-sumnjive-minske-povrsine\/","url":"https:\/\/radioljubuski.ba\/index.php\/2022\/04\/15\/pozari-u-mostaru-ugaseni-u-konjicu-gasenje-nije-moguce-zbog-sumnjive-minske-povrsine\/","name":"Po\u017eari u Mostaru uga\u0161eni, u Konjicu ga\u0161enje nije mogu\u0107e zbog sumnjive minske povr\u0161ine - RADIO LJUBU\u0160KI","isPartOf":{"@id":"https:\/\/radioljubuski.ba\/#website"},"primaryImageOfPage":{"@id":"https:\/\/radioljubuski.ba\/index.php\/2022\/04\/15\/pozari-u-mostaru-ugaseni-u-konjicu-gasenje-nije-moguce-zbog-sumnjive-minske-povrsine\/#primaryimage"},"image":{"@id":"https:\/\/radioljubuski.ba\/index.php\/2022\/04\/15\/pozari-u-mostaru-ugaseni-u-konjicu-gasenje-nije-moguce-zbog-sumnjive-minske-povrsine\/#primaryimage"},"thumbnailUrl":"https:\/\/radioljubuski.ba\/wp-content\/uploads\/2022\/04\/3-2022-03-23-19-20-23-pozar-konjic.jpg","datePublished":"2022-04-15T09:29:23+00:00","breadcrumb":{"@id":"https:\/\/radioljubuski.ba\/index.php\/2022\/04\/15\/pozari-u-mostaru-ugaseni-u-konjicu-gasenje-nije-moguce-zbog-sumnjive-minske-povrsine\/#breadcrumb"},"inLanguage":"hr","potentialAction":[{"@type":"ReadAction","target":["https:\/\/radioljubuski.ba\/index.php\/2022\/04\/15\/pozari-u-mostaru-ugaseni-u-konjicu-gasenje-nije-moguce-zbog-sumnjive-minske-povrsine\/"]}]},{"@type":"ImageObject","inLanguage":"hr","@id":"https:\/\/radioljubuski.ba\/index.php\/2022\/04\/15\/pozari-u-mostaru-ugaseni-u-konjicu-gasenje-nije-moguce-zbog-sumnjive-minske-povrsine\/#primaryimage","url":"https:\/\/radioljubuski.ba\/wp-content\/uploads\/2022\/04\/3-2022-03-23-19-20-23-pozar-konjic.jpg","contentUrl":"https:\/\/radioljubuski.ba\/wp-content\/uploads\/2022\/04\/3-2022-03-23-19-20-23-pozar-konjic.jpg","width":1000,"height":625},{"@type":"BreadcrumbList","@id":"https:\/\/radioljubuski.ba\/index.php\/2022\/04\/15\/pozari-u-mostaru-ugaseni-u-konjicu-gasenje-nije-moguce-zbog-sumnjive-minske-povrsine\/#breadcrumb","itemListElement":[{"@type":"ListItem","position":1,"name":"Po\u010detna stranica","item":"https:\/\/radioljubuski.ba\/"},{"@type":"ListItem","position":2,"name":"Po\u017eari u Mostaru uga\u0161eni, u Konjicu ga\u0161enje nije mogu\u0107e zbog sumnjive minske povr\u0161ine"}]},{"@type":"WebSite","@id":"https:\/\/radioljubuski.ba\/#website","url":"https:\/\/radioljubuski.ba\/","name":"Radio Ljubu\u0161ki","description":"Sun\u010dana frekvencija Hercegovine","publisher":{"@id":"https:\/\/radioljubuski.ba\/#organization"},"potentialAction":[{"@type":"SearchAction","target":{"@type":"EntryPoint","urlTemplate":"https:\/\/radioljubuski.ba\/?s={search_term_string}"},"query-input":{"@type":"PropertyValueSpecification","valueRequired":true,"valueName":"search_term_string"}}],"inLanguage":"hr"},{"@type":"Organization","@id":"https:\/\/radioljubuski.ba\/#organization","name":"Radio Ljubu\u0161ki","url":"https:\/\/radioljubuski.ba\/","logo":{"@type":"ImageObject","inLanguage":"hr","@id":"https:\/\/radioljubuski.ba\/#\/schema\/logo\/image\/","url":"https:\/\/radioljubuski.ba\/wp-content\/uploads\/2021\/02\/cropped-Radio_Ljubuski_logo1.jpg","contentUrl":"https:\/\/radioljubuski.ba\/wp-content\/uploads\/2021\/02\/cropped-Radio_Ljubuski_logo1.jpg","width":512,"height":512,"caption":"Radio Ljubu\u0161ki"},"image":{"@id":"https:\/\/radioljubuski.ba\/#\/schema\/logo\/image\/"},"sameAs":["https:\/\/www.facebook.com\/Radiio-Ljubuski-1490835324566332","https:\/\/x.com\/radioljubuski","https:\/\/hr.linkedin.com\/company\/radio-ljubuski","https:\/\/www.youtube.com\/channel\/UCHYaeO_n0Db3tjNGudGpXyw"]},{"@type":"Person","@id":"https:\/\/radioljubuski.ba\/#\/schema\/person\/19fc700381a780f69665d7956c469e3b","name":"Radio Ljubu\u0161ki"}]}},"_links":{"self":[{"href":"https:\/\/radioljubuski.ba\/index.php\/wp-json\/wp\/v2\/posts\/132902","targetHints":{"allow":["GET"]}}],"collection":[{"href":"https:\/\/radioljubuski.ba\/index.php\/wp-json\/wp\/v2\/posts"}],"about":[{"href":"https:\/\/radioljubuski.ba\/index.php\/wp-json\/wp\/v2\/types\/post"}],"author":[{"embeddable":true,"href":"https:\/\/radioljubuski.ba\/index.php\/wp-json\/wp\/v2\/users\/2"}],"replies":[{"embeddable":true,"href":"https:\/\/radioljubuski.ba\/index.php\/wp-json\/wp\/v2\/comments?post=132902"}],"version-history":[{"count":1,"href":"https:\/\/radioljubuski.ba\/index.php\/wp-json\/wp\/v2\/posts\/132902\/revisions"}],"predecessor-version":[{"id":132904,"href":"https:\/\/radioljubuski.ba\/index.php\/wp-json\/wp\/v2\/posts\/132902\/revisions\/132904"}],"wp:featuredmedia":[{"embeddable":true,"href":"https:\/\/radioljubuski.ba\/index.php\/wp-json\/wp\/v2\/media\/132903"}],"wp:attachment":[{"href":"https:\/\/radioljubuski.ba\/index.php\/wp-json\/wp\/v2\/media?parent=132902"}],"wp:term":[{"taxonomy":"category","embeddable":true,"href":"https:\/\/radioljubuski.ba\/index.php\/wp-json\/wp\/v2\/categories?post=132902"},{"taxonomy":"post_tag","embeddable":true,"href":"https:\/\/radioljubuski.ba\/index.php\/wp-json\/wp\/v2\/tags?post=132902"}],"curies":[{"name":"wp","href":"https:\/\/api.w.org\/{rel}","templated":true}]}}