{"id":132959,"date":"2022-04-15T13:16:42","date_gmt":"2022-04-15T12:16:42","guid":{"rendered":"https:\/\/radioljubuski.ba\/?p=132959"},"modified":"2022-04-15T13:16:43","modified_gmt":"2022-04-15T12:16:43","slug":"ljubuski-ce-dobiti-modernu-gradsku-galeriju","status":"publish","type":"post","link":"https:\/\/radioljubuski.ba\/index.php\/2022\/04\/15\/ljubuski-ce-dobiti-modernu-gradsku-galeriju\/","title":{"rendered":"Ljubu\u0161ki \u0107e dobiti modernu Gradsku galeriju"},"content":{"rendered":"\n<p>U Ljubu\u0161kom su po\u010deli radovi na preure\u0111enju i obnovi\u00a0 vrlo vrijedne povijesne gra\u0111evine. <\/p>\n\n\n\n<p>Rije\u010d je o zgradi uz sredi\u0161nji gradski park, Park hrvatskih banova, nasuprot O\u0160 Marka Maruli\u0107a, koja vi\u0161e godina nije kori\u0161tena i\u00a0 bila je u oronulom, gotovo ru\u0161evnom stanju te je bilo prijeko potrebno obnoviti je i sa\u010duvati. <\/p>\n\n\n\n<p>Po svom arhitektonskom izgledu, na\u010dinu gradnje i mjestu u sredi\u0161njem dijelu grada, gra\u0111evina ima povijesnu i kulturnu vrijednost i zna\u010daj, a nakon rekonstrukcije i obnove imat \u0107e dodatno kulturno poslanje i ulogu. <\/p>\n\n\n\n<p>Predvi\u0111eno je da to bude Gradska galerija s izlo\u017ebenim prostorom i dodatnim prostorijama za odre\u0111ene dru\u0161tvene doga\u0111aje. <\/p>\n\n\n\n<p>Ina\u010de, zgrada je gra\u0111ena je prije Prvog svjetskog rata, Ljubu\u0161aci je pamte i znaju po dobru \u2013 u njoj je nekada bila smje\u0161tena prva ljekarna u ljubu\u0161kom kraju. <\/p>\n\n\n\n<p>Na\u017ealost, zub vremena u\u010dinio je svoje, konstrukcijsko stanje zgrade bilo je takvo da vanjski i unutarnji pregradni zidovi nisu mogli ostati u izvornom obliku. <\/p>\n\n\n\n<p>Stoga je, nakon stru\u010dnog pregleda i uvida, odlu\u010deno da se sru\u0161e tri vanjska i unutarnji zidovi, a ostavi samo jedan vanjski zid, onaj okrenut prema ulici i O\u0160 Marka Maruli\u0107a.<\/p>\n\n\n\n<p>&#8211; Prema prihva\u0107enom projektu, u ovom trenutku izvodimo gra\u0111evinsko-zanatske radove predvi\u0111ene u prvoj fazi rekonstrukcije Gradske galerije. Rekonstrukcija podrazumijeva da se manji dio postoje\u0107e konstrukcije zadr\u017ei, a preostali novi dio izgradi kako bi se dobilo finalno \u017eeljeno stanje, u skladu s planiranim projektom. Zgrada \u0107e u kona\u010dnici, u najve\u0107oj mogu\u0107oj mjeri vanjskim izgledom biti onakva kakva je bila i prije, a u unutra\u0161njosti \u0107e biti novi raspored prostorija \u2013 ka\u017ee \u017deljko Marki\u0107, dipl. ing. gra\u0111evine, voditelj gradili\u0161ta, zaposlenik tvrtke T&amp;D company d.o.o. Ljubu\u0161ki. <\/p>\n\n\n\n<p>Ljubu\u0161ka tvrtka T&amp;D company je, kao najpovoljniji ponuditelj, dobila posao u postupku javne nabave &#8221;Adaptacija i rekonstrukcija Gradske galerije&#8221;, koji je proveo Grad Ljubu\u0161ki. <\/p>\n\n\n\n<p>Putem otvorenog postupka prihva\u0107ena je ponu\u0111ena cijena T&amp;D company u iznosu od 317.618 KM bez PDV-a, kao najpovoljnija jer je bila najni\u017ea, a sama ponuda tehni\u010dki prihvatljiva, zadovoljavaju\u0107i kriterije navedene u tenderskoj dokumentaciji. <\/p>\n\n\n\n<p>Ina\u010de, procijenjena vrijednost javne nabavke bez PDV-a iznosila je 318.000 KM.<\/p>\n\n\n\n<p>Projektant i nadzor je tvrtka ARH concept d.o.o Mostar. <\/p>\n\n\n\n<p>Gradnja ovog dijela radova, tj. prve faze, predvi\u0111ena je u trajanju od \u0161est mjeseci i trebala bi se okon\u010dati do 7. kolovoza. Vanjske dimenzije zgrade su 15&#215;12,60 m, uklju\u010duju\u0107i i ulazni trijem. Zgrada ima prizemlje i kat.<\/p>\n\n\n\n<p><strong>Ivan Kaleb \/ Ve\u010dernji list<\/strong><\/p>\n","protected":false},"excerpt":{"rendered":"<p>U Ljubu\u0161kom su po\u010deli radovi na preure\u0111enju i obnovi\u00a0 vrlo vrijedne povijesne gra\u0111evine. Rije\u010d je o zgradi uz sredi\u0161nji gradski park, Park hrvatskih banova, nasuprot O\u0160 Marka Maruli\u0107a, koja vi\u0161e godina nije kori\u0161tena i\u00a0 bila je u oronulom, gotovo ru\u0161evnom stanju te je bilo prijeko potrebno obnoviti je i sa\u010duvati. Po svom arhitektonskom izgledu, na\u010dinu [&hellip;]<\/p>\n","protected":false},"author":2,"featured_media":132964,"comment_status":"closed","ping_status":"closed","sticky":false,"template":"","format":"standard","meta":{"h5ap_radio_sources":[],"footnotes":""},"categories":[3],"tags":[],"class_list":["post-132959","post","type-post","status-publish","format-standard","has-post-thumbnail","hentry","category-ljubuski"],"yoast_head":"<!-- This site is optimized with the Yoast SEO plugin v27.5 - https:\/\/yoast.com\/product\/yoast-seo-wordpress\/ -->\n<title>Ljubu\u0161ki \u0107e dobiti modernu Gradsku galeriju - RADIO LJUBU\u0160KI<\/title>\n<meta name=\"robots\" content=\"index, follow, max-snippet:-1, max-image-preview:large, max-video-preview:-1\" \/>\n<link rel=\"canonical\" href=\"https:\/\/radioljubuski.ba\/index.php\/2022\/04\/15\/ljubuski-ce-dobiti-modernu-gradsku-galeriju\/\" \/>\n<meta property=\"og:locale\" content=\"hr_HR\" \/>\n<meta property=\"og:type\" content=\"article\" \/>\n<meta property=\"og:title\" content=\"Ljubu\u0161ki \u0107e dobiti modernu Gradsku galeriju - RADIO LJUBU\u0160KI\" \/>\n<meta property=\"og:description\" content=\"U Ljubu\u0161kom su po\u010deli radovi na preure\u0111enju i obnovi\u00a0 vrlo vrijedne povijesne gra\u0111evine. Rije\u010d je o zgradi uz sredi\u0161nji gradski park, Park hrvatskih banova, nasuprot O\u0160 Marka Maruli\u0107a, koja vi\u0161e godina nije kori\u0161tena i\u00a0 bila je u oronulom, gotovo ru\u0161evnom stanju te je bilo prijeko potrebno obnoviti je i sa\u010duvati. Po svom arhitektonskom izgledu, na\u010dinu [&hellip;]\" \/>\n<meta property=\"og:url\" content=\"https:\/\/radioljubuski.ba\/index.php\/2022\/04\/15\/ljubuski-ce-dobiti-modernu-gradsku-galeriju\/\" \/>\n<meta property=\"og:site_name\" content=\"RADIO LJUBU\u0160KI\" \/>\n<meta property=\"article:publisher\" content=\"https:\/\/www.facebook.com\/Radiio-Ljubuski-1490835324566332\" \/>\n<meta property=\"article:published_time\" content=\"2022-04-15T12:16:42+00:00\" \/>\n<meta property=\"article:modified_time\" content=\"2022-04-15T12:16:43+00:00\" \/>\n<meta property=\"og:image\" content=\"https:\/\/radioljubuski.ba\/wp-content\/uploads\/2022\/04\/Radovi-na-preuredjenju-i-obnovi-Gradke-galerije-u-Ljubuskom-1..jpg\" \/>\n\t<meta property=\"og:image:width\" content=\"1400\" \/>\n\t<meta property=\"og:image:height\" content=\"700\" \/>\n\t<meta property=\"og:image:type\" content=\"image\/jpeg\" \/>\n<meta name=\"author\" content=\"Radio Ljubu\u0161ki\" \/>\n<meta name=\"twitter:card\" content=\"summary_large_image\" \/>\n<meta name=\"twitter:creator\" content=\"@radioljubuski\" \/>\n<meta name=\"twitter:site\" content=\"@radioljubuski\" \/>\n<meta name=\"twitter:label1\" content=\"Napisao\/la\" \/>\n\t<meta name=\"twitter:data1\" content=\"Radio Ljubu\u0161ki\" \/>\n\t<meta name=\"twitter:label2\" content=\"Procijenjeno vrijeme \u010ditanja\" \/>\n\t<meta name=\"twitter:data2\" content=\"2 minute\" \/>\n<script type=\"application\/ld+json\" class=\"yoast-schema-graph\">{\"@context\":\"https:\\\/\\\/schema.org\",\"@graph\":[{\"@type\":\"Article\",\"@id\":\"https:\\\/\\\/radioljubuski.ba\\\/index.php\\\/2022\\\/04\\\/15\\\/ljubuski-ce-dobiti-modernu-gradsku-galeriju\\\/#article\",\"isPartOf\":{\"@id\":\"https:\\\/\\\/radioljubuski.ba\\\/index.php\\\/2022\\\/04\\\/15\\\/ljubuski-ce-dobiti-modernu-gradsku-galeriju\\\/\"},\"author\":{\"name\":\"Radio Ljubu\u0161ki\",\"@id\":\"https:\\\/\\\/radioljubuski.ba\\\/#\\\/schema\\\/person\\\/19fc700381a780f69665d7956c469e3b\"},\"headline\":\"Ljubu\u0161ki \u0107e dobiti modernu Gradsku galeriju\",\"datePublished\":\"2022-04-15T12:16:42+00:00\",\"dateModified\":\"2022-04-15T12:16:43+00:00\",\"mainEntityOfPage\":{\"@id\":\"https:\\\/\\\/radioljubuski.ba\\\/index.php\\\/2022\\\/04\\\/15\\\/ljubuski-ce-dobiti-modernu-gradsku-galeriju\\\/\"},\"wordCount\":450,\"publisher\":{\"@id\":\"https:\\\/\\\/radioljubuski.ba\\\/#organization\"},\"image\":{\"@id\":\"https:\\\/\\\/radioljubuski.ba\\\/index.php\\\/2022\\\/04\\\/15\\\/ljubuski-ce-dobiti-modernu-gradsku-galeriju\\\/#primaryimage\"},\"thumbnailUrl\":\"https:\\\/\\\/radioljubuski.ba\\\/wp-content\\\/uploads\\\/2022\\\/04\\\/Radovi-na-preuredjenju-i-obnovi-Gradke-galerije-u-Ljubuskom-1..jpg\",\"articleSection\":[\"Ljubu\u0161ki\"],\"inLanguage\":\"hr\"},{\"@type\":\"WebPage\",\"@id\":\"https:\\\/\\\/radioljubuski.ba\\\/index.php\\\/2022\\\/04\\\/15\\\/ljubuski-ce-dobiti-modernu-gradsku-galeriju\\\/\",\"url\":\"https:\\\/\\\/radioljubuski.ba\\\/index.php\\\/2022\\\/04\\\/15\\\/ljubuski-ce-dobiti-modernu-gradsku-galeriju\\\/\",\"name\":\"Ljubu\u0161ki \u0107e dobiti modernu Gradsku galeriju - RADIO LJUBU\u0160KI\",\"isPartOf\":{\"@id\":\"https:\\\/\\\/radioljubuski.ba\\\/#website\"},\"primaryImageOfPage\":{\"@id\":\"https:\\\/\\\/radioljubuski.ba\\\/index.php\\\/2022\\\/04\\\/15\\\/ljubuski-ce-dobiti-modernu-gradsku-galeriju\\\/#primaryimage\"},\"image\":{\"@id\":\"https:\\\/\\\/radioljubuski.ba\\\/index.php\\\/2022\\\/04\\\/15\\\/ljubuski-ce-dobiti-modernu-gradsku-galeriju\\\/#primaryimage\"},\"thumbnailUrl\":\"https:\\\/\\\/radioljubuski.ba\\\/wp-content\\\/uploads\\\/2022\\\/04\\\/Radovi-na-preuredjenju-i-obnovi-Gradke-galerije-u-Ljubuskom-1..jpg\",\"datePublished\":\"2022-04-15T12:16:42+00:00\",\"dateModified\":\"2022-04-15T12:16:43+00:00\",\"breadcrumb\":{\"@id\":\"https:\\\/\\\/radioljubuski.ba\\\/index.php\\\/2022\\\/04\\\/15\\\/ljubuski-ce-dobiti-modernu-gradsku-galeriju\\\/#breadcrumb\"},\"inLanguage\":\"hr\",\"potentialAction\":[{\"@type\":\"ReadAction\",\"target\":[\"https:\\\/\\\/radioljubuski.ba\\\/index.php\\\/2022\\\/04\\\/15\\\/ljubuski-ce-dobiti-modernu-gradsku-galeriju\\\/\"]}]},{\"@type\":\"ImageObject\",\"inLanguage\":\"hr\",\"@id\":\"https:\\\/\\\/radioljubuski.ba\\\/index.php\\\/2022\\\/04\\\/15\\\/ljubuski-ce-dobiti-modernu-gradsku-galeriju\\\/#primaryimage\",\"url\":\"https:\\\/\\\/radioljubuski.ba\\\/wp-content\\\/uploads\\\/2022\\\/04\\\/Radovi-na-preuredjenju-i-obnovi-Gradke-galerije-u-Ljubuskom-1..jpg\",\"contentUrl\":\"https:\\\/\\\/radioljubuski.ba\\\/wp-content\\\/uploads\\\/2022\\\/04\\\/Radovi-na-preuredjenju-i-obnovi-Gradke-galerije-u-Ljubuskom-1..jpg\",\"width\":1400,\"height\":700},{\"@type\":\"BreadcrumbList\",\"@id\":\"https:\\\/\\\/radioljubuski.ba\\\/index.php\\\/2022\\\/04\\\/15\\\/ljubuski-ce-dobiti-modernu-gradsku-galeriju\\\/#breadcrumb\",\"itemListElement\":[{\"@type\":\"ListItem\",\"position\":1,\"name\":\"Po\u010detna stranica\",\"item\":\"https:\\\/\\\/radioljubuski.ba\\\/\"},{\"@type\":\"ListItem\",\"position\":2,\"name\":\"Ljubu\u0161ki \u0107e dobiti modernu Gradsku galeriju\"}]},{\"@type\":\"WebSite\",\"@id\":\"https:\\\/\\\/radioljubuski.ba\\\/#website\",\"url\":\"https:\\\/\\\/radioljubuski.ba\\\/\",\"name\":\"Radio Ljubu\u0161ki\",\"description\":\"Sun\u010dana frekvencija Hercegovine\",\"publisher\":{\"@id\":\"https:\\\/\\\/radioljubuski.ba\\\/#organization\"},\"potentialAction\":[{\"@type\":\"SearchAction\",\"target\":{\"@type\":\"EntryPoint\",\"urlTemplate\":\"https:\\\/\\\/radioljubuski.ba\\\/?s={search_term_string}\"},\"query-input\":{\"@type\":\"PropertyValueSpecification\",\"valueRequired\":true,\"valueName\":\"search_term_string\"}}],\"inLanguage\":\"hr\"},{\"@type\":\"Organization\",\"@id\":\"https:\\\/\\\/radioljubuski.ba\\\/#organization\",\"name\":\"Radio Ljubu\u0161ki\",\"url\":\"https:\\\/\\\/radioljubuski.ba\\\/\",\"logo\":{\"@type\":\"ImageObject\",\"inLanguage\":\"hr\",\"@id\":\"https:\\\/\\\/radioljubuski.ba\\\/#\\\/schema\\\/logo\\\/image\\\/\",\"url\":\"https:\\\/\\\/radioljubuski.ba\\\/wp-content\\\/uploads\\\/2021\\\/02\\\/cropped-Radio_Ljubuski_logo1.jpg\",\"contentUrl\":\"https:\\\/\\\/radioljubuski.ba\\\/wp-content\\\/uploads\\\/2021\\\/02\\\/cropped-Radio_Ljubuski_logo1.jpg\",\"width\":512,\"height\":512,\"caption\":\"Radio Ljubu\u0161ki\"},\"image\":{\"@id\":\"https:\\\/\\\/radioljubuski.ba\\\/#\\\/schema\\\/logo\\\/image\\\/\"},\"sameAs\":[\"https:\\\/\\\/www.facebook.com\\\/Radiio-Ljubuski-1490835324566332\",\"https:\\\/\\\/x.com\\\/radioljubuski\",\"https:\\\/\\\/hr.linkedin.com\\\/company\\\/radio-ljubuski\",\"https:\\\/\\\/www.youtube.com\\\/channel\\\/UCHYaeO_n0Db3tjNGudGpXyw\"]},{\"@type\":\"Person\",\"@id\":\"https:\\\/\\\/radioljubuski.ba\\\/#\\\/schema\\\/person\\\/19fc700381a780f69665d7956c469e3b\",\"name\":\"Radio Ljubu\u0161ki\"}]}<\/script>\n<!-- \/ Yoast SEO plugin. -->","yoast_head_json":{"title":"Ljubu\u0161ki \u0107e dobiti modernu Gradsku galeriju - RADIO LJUBU\u0160KI","robots":{"index":"index","follow":"follow","max-snippet":"max-snippet:-1","max-image-preview":"max-image-preview:large","max-video-preview":"max-video-preview:-1"},"canonical":"https:\/\/radioljubuski.ba\/index.php\/2022\/04\/15\/ljubuski-ce-dobiti-modernu-gradsku-galeriju\/","og_locale":"hr_HR","og_type":"article","og_title":"Ljubu\u0161ki \u0107e dobiti modernu Gradsku galeriju - RADIO LJUBU\u0160KI","og_description":"U Ljubu\u0161kom su po\u010deli radovi na preure\u0111enju i obnovi\u00a0 vrlo vrijedne povijesne gra\u0111evine. Rije\u010d je o zgradi uz sredi\u0161nji gradski park, Park hrvatskih banova, nasuprot O\u0160 Marka Maruli\u0107a, koja vi\u0161e godina nije kori\u0161tena i\u00a0 bila je u oronulom, gotovo ru\u0161evnom stanju te je bilo prijeko potrebno obnoviti je i sa\u010duvati. Po svom arhitektonskom izgledu, na\u010dinu [&hellip;]","og_url":"https:\/\/radioljubuski.ba\/index.php\/2022\/04\/15\/ljubuski-ce-dobiti-modernu-gradsku-galeriju\/","og_site_name":"RADIO LJUBU\u0160KI","article_publisher":"https:\/\/www.facebook.com\/Radiio-Ljubuski-1490835324566332","article_published_time":"2022-04-15T12:16:42+00:00","article_modified_time":"2022-04-15T12:16:43+00:00","og_image":[{"width":1400,"height":700,"url":"https:\/\/radioljubuski.ba\/wp-content\/uploads\/2022\/04\/Radovi-na-preuredjenju-i-obnovi-Gradke-galerije-u-Ljubuskom-1..jpg","type":"image\/jpeg"}],"author":"Radio Ljubu\u0161ki","twitter_card":"summary_large_image","twitter_creator":"@radioljubuski","twitter_site":"@radioljubuski","twitter_misc":{"Napisao\/la":"Radio Ljubu\u0161ki","Procijenjeno vrijeme \u010ditanja":"2 minute"},"schema":{"@context":"https:\/\/schema.org","@graph":[{"@type":"Article","@id":"https:\/\/radioljubuski.ba\/index.php\/2022\/04\/15\/ljubuski-ce-dobiti-modernu-gradsku-galeriju\/#article","isPartOf":{"@id":"https:\/\/radioljubuski.ba\/index.php\/2022\/04\/15\/ljubuski-ce-dobiti-modernu-gradsku-galeriju\/"},"author":{"name":"Radio Ljubu\u0161ki","@id":"https:\/\/radioljubuski.ba\/#\/schema\/person\/19fc700381a780f69665d7956c469e3b"},"headline":"Ljubu\u0161ki \u0107e dobiti modernu Gradsku galeriju","datePublished":"2022-04-15T12:16:42+00:00","dateModified":"2022-04-15T12:16:43+00:00","mainEntityOfPage":{"@id":"https:\/\/radioljubuski.ba\/index.php\/2022\/04\/15\/ljubuski-ce-dobiti-modernu-gradsku-galeriju\/"},"wordCount":450,"publisher":{"@id":"https:\/\/radioljubuski.ba\/#organization"},"image":{"@id":"https:\/\/radioljubuski.ba\/index.php\/2022\/04\/15\/ljubuski-ce-dobiti-modernu-gradsku-galeriju\/#primaryimage"},"thumbnailUrl":"https:\/\/radioljubuski.ba\/wp-content\/uploads\/2022\/04\/Radovi-na-preuredjenju-i-obnovi-Gradke-galerije-u-Ljubuskom-1..jpg","articleSection":["Ljubu\u0161ki"],"inLanguage":"hr"},{"@type":"WebPage","@id":"https:\/\/radioljubuski.ba\/index.php\/2022\/04\/15\/ljubuski-ce-dobiti-modernu-gradsku-galeriju\/","url":"https:\/\/radioljubuski.ba\/index.php\/2022\/04\/15\/ljubuski-ce-dobiti-modernu-gradsku-galeriju\/","name":"Ljubu\u0161ki \u0107e dobiti modernu Gradsku galeriju - RADIO LJUBU\u0160KI","isPartOf":{"@id":"https:\/\/radioljubuski.ba\/#website"},"primaryImageOfPage":{"@id":"https:\/\/radioljubuski.ba\/index.php\/2022\/04\/15\/ljubuski-ce-dobiti-modernu-gradsku-galeriju\/#primaryimage"},"image":{"@id":"https:\/\/radioljubuski.ba\/index.php\/2022\/04\/15\/ljubuski-ce-dobiti-modernu-gradsku-galeriju\/#primaryimage"},"thumbnailUrl":"https:\/\/radioljubuski.ba\/wp-content\/uploads\/2022\/04\/Radovi-na-preuredjenju-i-obnovi-Gradke-galerije-u-Ljubuskom-1..jpg","datePublished":"2022-04-15T12:16:42+00:00","dateModified":"2022-04-15T12:16:43+00:00","breadcrumb":{"@id":"https:\/\/radioljubuski.ba\/index.php\/2022\/04\/15\/ljubuski-ce-dobiti-modernu-gradsku-galeriju\/#breadcrumb"},"inLanguage":"hr","potentialAction":[{"@type":"ReadAction","target":["https:\/\/radioljubuski.ba\/index.php\/2022\/04\/15\/ljubuski-ce-dobiti-modernu-gradsku-galeriju\/"]}]},{"@type":"ImageObject","inLanguage":"hr","@id":"https:\/\/radioljubuski.ba\/index.php\/2022\/04\/15\/ljubuski-ce-dobiti-modernu-gradsku-galeriju\/#primaryimage","url":"https:\/\/radioljubuski.ba\/wp-content\/uploads\/2022\/04\/Radovi-na-preuredjenju-i-obnovi-Gradke-galerije-u-Ljubuskom-1..jpg","contentUrl":"https:\/\/radioljubuski.ba\/wp-content\/uploads\/2022\/04\/Radovi-na-preuredjenju-i-obnovi-Gradke-galerije-u-Ljubuskom-1..jpg","width":1400,"height":700},{"@type":"BreadcrumbList","@id":"https:\/\/radioljubuski.ba\/index.php\/2022\/04\/15\/ljubuski-ce-dobiti-modernu-gradsku-galeriju\/#breadcrumb","itemListElement":[{"@type":"ListItem","position":1,"name":"Po\u010detna stranica","item":"https:\/\/radioljubuski.ba\/"},{"@type":"ListItem","position":2,"name":"Ljubu\u0161ki \u0107e dobiti modernu Gradsku galeriju"}]},{"@type":"WebSite","@id":"https:\/\/radioljubuski.ba\/#website","url":"https:\/\/radioljubuski.ba\/","name":"Radio Ljubu\u0161ki","description":"Sun\u010dana frekvencija Hercegovine","publisher":{"@id":"https:\/\/radioljubuski.ba\/#organization"},"potentialAction":[{"@type":"SearchAction","target":{"@type":"EntryPoint","urlTemplate":"https:\/\/radioljubuski.ba\/?s={search_term_string}"},"query-input":{"@type":"PropertyValueSpecification","valueRequired":true,"valueName":"search_term_string"}}],"inLanguage":"hr"},{"@type":"Organization","@id":"https:\/\/radioljubuski.ba\/#organization","name":"Radio Ljubu\u0161ki","url":"https:\/\/radioljubuski.ba\/","logo":{"@type":"ImageObject","inLanguage":"hr","@id":"https:\/\/radioljubuski.ba\/#\/schema\/logo\/image\/","url":"https:\/\/radioljubuski.ba\/wp-content\/uploads\/2021\/02\/cropped-Radio_Ljubuski_logo1.jpg","contentUrl":"https:\/\/radioljubuski.ba\/wp-content\/uploads\/2021\/02\/cropped-Radio_Ljubuski_logo1.jpg","width":512,"height":512,"caption":"Radio Ljubu\u0161ki"},"image":{"@id":"https:\/\/radioljubuski.ba\/#\/schema\/logo\/image\/"},"sameAs":["https:\/\/www.facebook.com\/Radiio-Ljubuski-1490835324566332","https:\/\/x.com\/radioljubuski","https:\/\/hr.linkedin.com\/company\/radio-ljubuski","https:\/\/www.youtube.com\/channel\/UCHYaeO_n0Db3tjNGudGpXyw"]},{"@type":"Person","@id":"https:\/\/radioljubuski.ba\/#\/schema\/person\/19fc700381a780f69665d7956c469e3b","name":"Radio Ljubu\u0161ki"}]}},"_links":{"self":[{"href":"https:\/\/radioljubuski.ba\/index.php\/wp-json\/wp\/v2\/posts\/132959","targetHints":{"allow":["GET"]}}],"collection":[{"href":"https:\/\/radioljubuski.ba\/index.php\/wp-json\/wp\/v2\/posts"}],"about":[{"href":"https:\/\/radioljubuski.ba\/index.php\/wp-json\/wp\/v2\/types\/post"}],"author":[{"embeddable":true,"href":"https:\/\/radioljubuski.ba\/index.php\/wp-json\/wp\/v2\/users\/2"}],"replies":[{"embeddable":true,"href":"https:\/\/radioljubuski.ba\/index.php\/wp-json\/wp\/v2\/comments?post=132959"}],"version-history":[{"count":1,"href":"https:\/\/radioljubuski.ba\/index.php\/wp-json\/wp\/v2\/posts\/132959\/revisions"}],"predecessor-version":[{"id":132965,"href":"https:\/\/radioljubuski.ba\/index.php\/wp-json\/wp\/v2\/posts\/132959\/revisions\/132965"}],"wp:featuredmedia":[{"embeddable":true,"href":"https:\/\/radioljubuski.ba\/index.php\/wp-json\/wp\/v2\/media\/132964"}],"wp:attachment":[{"href":"https:\/\/radioljubuski.ba\/index.php\/wp-json\/wp\/v2\/media?parent=132959"}],"wp:term":[{"taxonomy":"category","embeddable":true,"href":"https:\/\/radioljubuski.ba\/index.php\/wp-json\/wp\/v2\/categories?post=132959"},{"taxonomy":"post_tag","embeddable":true,"href":"https:\/\/radioljubuski.ba\/index.php\/wp-json\/wp\/v2\/tags?post=132959"}],"curies":[{"name":"wp","href":"https:\/\/api.w.org\/{rel}","templated":true}]}}