{"id":132970,"date":"2022-04-15T13:21:10","date_gmt":"2022-04-15T12:21:10","guid":{"rendered":"https:\/\/radioljubuski.ba\/?p=132970"},"modified":"2022-04-15T13:21:11","modified_gmt":"2022-04-15T12:21:11","slug":"prof-lauc-covid-teror-dehumanizira-covjeka-a-sljedeci-korak-je-eliminacija-takvih-opasnih-ljudi-iz-drustva","status":"publish","type":"post","link":"https:\/\/radioljubuski.ba\/index.php\/2022\/04\/15\/prof-lauc-covid-teror-dehumanizira-covjeka-a-sljedeci-korak-je-eliminacija-takvih-opasnih-ljudi-iz-drustva\/","title":{"rendered":"Prof. Lauc: COVID teror dehumanizira \u010dovjeka, a sljede\u0107i korak je eliminacija takvih \u2018opasnih ljudi\u2019 iz dru\u0161tva"},"content":{"rendered":"\n<p><strong>\u201cZanimljivo je kako \u010dak i <\/strong><em><strong>The New York Times<\/strong><\/em><strong>, koji je jako podr\u017eavao \u201estroge mjere\u201c, sada zaklju\u010duje da je \u2018Strogi pristup koronavirusu postala politi\u010dka kampanja Maovog stila koja ima katastrofalne posljedice\u2019.<\/strong><\/p>\n\n\n\n<p><strong>Procjenjuju da je trenuta\u010dno u Kini 373 milijuna ljudi u djelomi\u010dnom, ili potpunom lockdownu\u201d, pi\u0161e prof. dr. sc. Gordan Lauc na svom <a href=\"https:\/\/www.facebook.com\/gordan.lauc\">Facebooku<\/a><\/strong><\/p>\n\n\n\n<p>\u201cJedan od prvih koraka u eliminaciji odre\u0111ene skupine ljudi je dehumanizacija kojom ih u o\u010dima svojih pobornika pretvarate u opasnost koju treba eliminirati bez gri\u017enje savjesti. <strong>Od dehumanizacije do plinskih komora je vrlo mali korak\u2026<\/strong><\/p>\n\n\n\n<p>Pripadnicima sumanute zero-covid sekte je \u010dovjek koji je iza\u0161ao sam pro\u0161etati ulicom opasnost koju treba dr\u017eati na distanci nekakvim \u010dudnim spravama\u2026<\/p>\n\n\n\n<p><strong>Kada \u010dujete bilo koga da zagovara \u201estroge mjere\u201c, znajte da je od toga, do ovoga \u0161to vidite na snimci vrlo, vrlo mali korak\u2026\u201d<\/strong>, isti\u010de dr. Gordan Lauc na svom <a href=\"https:\/\/www.facebook.com\/gordan.lauc\">Facebooku<\/a><\/p>\n\n\n\n<p><em><strong>VIDEO \u2013 Neljudsko pona\u0161anje vlasti u Kini u vrijeme \u2018zero-covid\u2019 pristupa zatvaranja ljudi u svoje domove:<\/strong><\/em><\/p>\n\n\n\n<iframe loading=\"lazy\" src=\"https:\/\/www.facebook.com\/plugins\/video.php?height=476&#038;href=https%3A%2F%2Fwww.facebook.com%2Fgordan.lauc%2Fvideos%2F1125544858179560%2F&#038;show_text=false&#038;width=270&#038;t=0\" width=\"270\" height=\"476\" style=\"border:none;overflow:hidden\" scrolling=\"no\" frameborder=\"0\" allowfullscreen=\"true\" allow=\"autoplay; clipboard-write; encrypted-media; picture-in-picture; web-share\" allowFullScreen=\"true\"><\/iframe>\n\n\n\n<h5 class=\"wp-block-heading\">\u201cBilo kakve nametnute \u201emjere\u201c bile su iluzija \u010dinjenja od samog po\u010detka. \u201eMjere\u201c nisu spasile nikoga, a nanijele su stravi\u010dnu \u0161tetu mnogima.<\/h5>\n\n\n\n<p>Najbolji promjer toga je Hong Kong. Rezultat dvije godine strogih mjera je ravno nula. U svega nekoliko tjedana imaju jednako umrlih koliko je ostatak svijeta imao u dva vala tijekom \u010ditave prve godine pandemije, a za o\u010dekivati je da \u0107e imati i jo\u0161 nekoliko valova iza ovog (tako da ih ne mo\u017eemo uspore\u0111ivati s ukupnim brojem umrlih u dvije godine u ostatku svijeta).<\/p>\n\n\n\n<p>Virusi postoje oduvijek i nikada ih se ne\u0107emo rije\u0161iti. Jedino \u0161to mo\u017eemo je da se svatko od nas kao pojedinac brine da bude \u0161to boljeg metaboli\u010dkog zdravlja, a da kao dru\u0161tvo poku\u0161amo za\u0161titi najrizi\u010dnije skupine. Sve drugo je prevara pandemijskog marketinga i njihovih lobista koji se brinu da industrija pandemije nastavi zara\u0111ivati milijarde i milijarde dolara profita\u201d, zaklju\u010duje je prof. dr. Lauc.<\/p>\n\n\n\n<h5 class=\"wp-block-heading\"><strong>O prof. Laucu<\/strong><\/h5>\n\n\n\n<p>Prof. dr. sc. Gordan Lauc zaposlen je kao redoviti profesor u trajnom zvanju na Zavodu za biokemiju i molekularnu biologiju. Sudjeluje u izvo\u0111enju nastave iz kolegija diplomskog studija Molekularna biologija s geneti\u010dkim in\u017eenjerstvom te Glikobiologija na poslijediplomskom studiju. Prof. Lauc provodi istra\u017eivanja u dva podru\u010dja; glikoproteomici i forenzi\u010dnoj genetici i molekularnoj dijagnostici.<\/p>\n\n\n\n<p>U oba podru\u010dja prof. dr. sc. Lauc prepoznat je i priznat u svijetu, \u0161to potvr\u0111uje velik broj pozvanih predavanja i me\u0111unarodnih istra\u017eiva\u010dkih konzorcija u koje je uklju\u010den. Jedan je od malog broja hrvatskih znanstvenika kojima je odobren istra\u017eiva\u010dki projekt Instituta za zdravlje (NIH) SAD, koordinirao je ili bio jedan od glavnih istra\u017eiva\u010da na vi\u0161e od deset FP6 i FP7 projekata.<\/p>\n\n\n\n<p><em>Izvor: narod.hr\/Facebook<\/em><\/p>\n","protected":false},"excerpt":{"rendered":"<p>\u201cZanimljivo je kako \u010dak i The New York Times, koji je jako podr\u017eavao \u201estroge mjere\u201c, sada zaklju\u010duje da je \u2018Strogi pristup koronavirusu postala politi\u010dka kampanja Maovog stila koja ima katastrofalne posljedice\u2019. Procjenjuju da je trenuta\u010dno u Kini 373 milijuna ljudi u djelomi\u010dnom, ili potpunom lockdownu\u201d, pi\u0161e prof. dr. sc. Gordan Lauc na svom Facebooku \u201cJedan [&hellip;]<\/p>\n","protected":false},"author":2,"featured_media":132973,"comment_status":"closed","ping_status":"closed","sticky":false,"template":"","format":"standard","meta":{"h5ap_radio_sources":[],"footnotes":""},"categories":[1],"tags":[],"class_list":["post-132970","post","type-post","status-publish","format-standard","has-post-thumbnail","hentry","category-bihiregija"],"yoast_head":"<!-- This site is optimized with the Yoast SEO plugin v27.5 - https:\/\/yoast.com\/product\/yoast-seo-wordpress\/ -->\n<title>Prof. Lauc: COVID teror dehumanizira \u010dovjeka, a sljede\u0107i korak je eliminacija takvih \u2018opasnih ljudi\u2019 iz dru\u0161tva - RADIO LJUBU\u0160KI<\/title>\n<meta name=\"robots\" content=\"index, follow, max-snippet:-1, max-image-preview:large, max-video-preview:-1\" \/>\n<link rel=\"canonical\" href=\"https:\/\/radioljubuski.ba\/index.php\/2022\/04\/15\/prof-lauc-covid-teror-dehumanizira-covjeka-a-sljedeci-korak-je-eliminacija-takvih-opasnih-ljudi-iz-drustva\/\" \/>\n<meta property=\"og:locale\" content=\"hr_HR\" \/>\n<meta property=\"og:type\" content=\"article\" \/>\n<meta property=\"og:title\" content=\"Prof. Lauc: COVID teror dehumanizira \u010dovjeka, a sljede\u0107i korak je eliminacija takvih \u2018opasnih ljudi\u2019 iz dru\u0161tva - RADIO LJUBU\u0160KI\" \/>\n<meta property=\"og:description\" content=\"\u201cZanimljivo je kako \u010dak i The New York Times, koji je jako podr\u017eavao \u201estroge mjere\u201c, sada zaklju\u010duje da je \u2018Strogi pristup koronavirusu postala politi\u010dka kampanja Maovog stila koja ima katastrofalne posljedice\u2019. Procjenjuju da je trenuta\u010dno u Kini 373 milijuna ljudi u djelomi\u010dnom, ili potpunom lockdownu\u201d, pi\u0161e prof. dr. sc. Gordan Lauc na svom Facebooku \u201cJedan [&hellip;]\" \/>\n<meta property=\"og:url\" content=\"https:\/\/radioljubuski.ba\/index.php\/2022\/04\/15\/prof-lauc-covid-teror-dehumanizira-covjeka-a-sljedeci-korak-je-eliminacija-takvih-opasnih-ljudi-iz-drustva\/\" \/>\n<meta property=\"og:site_name\" content=\"RADIO LJUBU\u0160KI\" \/>\n<meta property=\"article:publisher\" content=\"https:\/\/www.facebook.com\/Radiio-Ljubuski-1490835324566332\" \/>\n<meta property=\"article:published_time\" content=\"2022-04-15T12:21:10+00:00\" \/>\n<meta property=\"article:modified_time\" content=\"2022-04-15T12:21:11+00:00\" \/>\n<meta property=\"og:image\" content=\"https:\/\/radioljubuski.ba\/wp-content\/uploads\/2022\/04\/kina-lauc-696x464-1.jpg\" \/>\n\t<meta property=\"og:image:width\" content=\"696\" \/>\n\t<meta property=\"og:image:height\" content=\"464\" \/>\n\t<meta property=\"og:image:type\" content=\"image\/jpeg\" \/>\n<meta name=\"author\" content=\"Radio Ljubu\u0161ki\" \/>\n<meta name=\"twitter:card\" content=\"summary_large_image\" \/>\n<meta name=\"twitter:creator\" content=\"@radioljubuski\" \/>\n<meta name=\"twitter:site\" content=\"@radioljubuski\" \/>\n<meta name=\"twitter:label1\" content=\"Napisao\/la\" \/>\n\t<meta name=\"twitter:data1\" content=\"Radio Ljubu\u0161ki\" \/>\n\t<meta name=\"twitter:label2\" content=\"Procijenjeno vrijeme \u010ditanja\" \/>\n\t<meta name=\"twitter:data2\" content=\"2 minute\" \/>\n<script type=\"application\/ld+json\" class=\"yoast-schema-graph\">{\"@context\":\"https:\\\/\\\/schema.org\",\"@graph\":[{\"@type\":\"Article\",\"@id\":\"https:\\\/\\\/radioljubuski.ba\\\/index.php\\\/2022\\\/04\\\/15\\\/prof-lauc-covid-teror-dehumanizira-covjeka-a-sljedeci-korak-je-eliminacija-takvih-opasnih-ljudi-iz-drustva\\\/#article\",\"isPartOf\":{\"@id\":\"https:\\\/\\\/radioljubuski.ba\\\/index.php\\\/2022\\\/04\\\/15\\\/prof-lauc-covid-teror-dehumanizira-covjeka-a-sljedeci-korak-je-eliminacija-takvih-opasnih-ljudi-iz-drustva\\\/\"},\"author\":{\"name\":\"Radio Ljubu\u0161ki\",\"@id\":\"https:\\\/\\\/radioljubuski.ba\\\/#\\\/schema\\\/person\\\/19fc700381a780f69665d7956c469e3b\"},\"headline\":\"Prof. Lauc: COVID teror dehumanizira \u010dovjeka, a sljede\u0107i korak je eliminacija takvih \u2018opasnih ljudi\u2019 iz dru\u0161tva\",\"datePublished\":\"2022-04-15T12:21:10+00:00\",\"dateModified\":\"2022-04-15T12:21:11+00:00\",\"mainEntityOfPage\":{\"@id\":\"https:\\\/\\\/radioljubuski.ba\\\/index.php\\\/2022\\\/04\\\/15\\\/prof-lauc-covid-teror-dehumanizira-covjeka-a-sljedeci-korak-je-eliminacija-takvih-opasnih-ljudi-iz-drustva\\\/\"},\"wordCount\":483,\"publisher\":{\"@id\":\"https:\\\/\\\/radioljubuski.ba\\\/#organization\"},\"image\":{\"@id\":\"https:\\\/\\\/radioljubuski.ba\\\/index.php\\\/2022\\\/04\\\/15\\\/prof-lauc-covid-teror-dehumanizira-covjeka-a-sljedeci-korak-je-eliminacija-takvih-opasnih-ljudi-iz-drustva\\\/#primaryimage\"},\"thumbnailUrl\":\"https:\\\/\\\/radioljubuski.ba\\\/wp-content\\\/uploads\\\/2022\\\/04\\\/kina-lauc-696x464-1.jpg\",\"articleSection\":[\"BIH i regija\"],\"inLanguage\":\"hr\"},{\"@type\":\"WebPage\",\"@id\":\"https:\\\/\\\/radioljubuski.ba\\\/index.php\\\/2022\\\/04\\\/15\\\/prof-lauc-covid-teror-dehumanizira-covjeka-a-sljedeci-korak-je-eliminacija-takvih-opasnih-ljudi-iz-drustva\\\/\",\"url\":\"https:\\\/\\\/radioljubuski.ba\\\/index.php\\\/2022\\\/04\\\/15\\\/prof-lauc-covid-teror-dehumanizira-covjeka-a-sljedeci-korak-je-eliminacija-takvih-opasnih-ljudi-iz-drustva\\\/\",\"name\":\"Prof. Lauc: COVID teror dehumanizira \u010dovjeka, a sljede\u0107i korak je eliminacija takvih \u2018opasnih ljudi\u2019 iz dru\u0161tva - RADIO LJUBU\u0160KI\",\"isPartOf\":{\"@id\":\"https:\\\/\\\/radioljubuski.ba\\\/#website\"},\"primaryImageOfPage\":{\"@id\":\"https:\\\/\\\/radioljubuski.ba\\\/index.php\\\/2022\\\/04\\\/15\\\/prof-lauc-covid-teror-dehumanizira-covjeka-a-sljedeci-korak-je-eliminacija-takvih-opasnih-ljudi-iz-drustva\\\/#primaryimage\"},\"image\":{\"@id\":\"https:\\\/\\\/radioljubuski.ba\\\/index.php\\\/2022\\\/04\\\/15\\\/prof-lauc-covid-teror-dehumanizira-covjeka-a-sljedeci-korak-je-eliminacija-takvih-opasnih-ljudi-iz-drustva\\\/#primaryimage\"},\"thumbnailUrl\":\"https:\\\/\\\/radioljubuski.ba\\\/wp-content\\\/uploads\\\/2022\\\/04\\\/kina-lauc-696x464-1.jpg\",\"datePublished\":\"2022-04-15T12:21:10+00:00\",\"dateModified\":\"2022-04-15T12:21:11+00:00\",\"breadcrumb\":{\"@id\":\"https:\\\/\\\/radioljubuski.ba\\\/index.php\\\/2022\\\/04\\\/15\\\/prof-lauc-covid-teror-dehumanizira-covjeka-a-sljedeci-korak-je-eliminacija-takvih-opasnih-ljudi-iz-drustva\\\/#breadcrumb\"},\"inLanguage\":\"hr\",\"potentialAction\":[{\"@type\":\"ReadAction\",\"target\":[\"https:\\\/\\\/radioljubuski.ba\\\/index.php\\\/2022\\\/04\\\/15\\\/prof-lauc-covid-teror-dehumanizira-covjeka-a-sljedeci-korak-je-eliminacija-takvih-opasnih-ljudi-iz-drustva\\\/\"]}]},{\"@type\":\"ImageObject\",\"inLanguage\":\"hr\",\"@id\":\"https:\\\/\\\/radioljubuski.ba\\\/index.php\\\/2022\\\/04\\\/15\\\/prof-lauc-covid-teror-dehumanizira-covjeka-a-sljedeci-korak-je-eliminacija-takvih-opasnih-ljudi-iz-drustva\\\/#primaryimage\",\"url\":\"https:\\\/\\\/radioljubuski.ba\\\/wp-content\\\/uploads\\\/2022\\\/04\\\/kina-lauc-696x464-1.jpg\",\"contentUrl\":\"https:\\\/\\\/radioljubuski.ba\\\/wp-content\\\/uploads\\\/2022\\\/04\\\/kina-lauc-696x464-1.jpg\",\"width\":696,\"height\":464},{\"@type\":\"BreadcrumbList\",\"@id\":\"https:\\\/\\\/radioljubuski.ba\\\/index.php\\\/2022\\\/04\\\/15\\\/prof-lauc-covid-teror-dehumanizira-covjeka-a-sljedeci-korak-je-eliminacija-takvih-opasnih-ljudi-iz-drustva\\\/#breadcrumb\",\"itemListElement\":[{\"@type\":\"ListItem\",\"position\":1,\"name\":\"Po\u010detna stranica\",\"item\":\"https:\\\/\\\/radioljubuski.ba\\\/\"},{\"@type\":\"ListItem\",\"position\":2,\"name\":\"Prof. Lauc: COVID teror dehumanizira \u010dovjeka, a sljede\u0107i korak je eliminacija takvih \u2018opasnih ljudi\u2019 iz dru\u0161tva\"}]},{\"@type\":\"WebSite\",\"@id\":\"https:\\\/\\\/radioljubuski.ba\\\/#website\",\"url\":\"https:\\\/\\\/radioljubuski.ba\\\/\",\"name\":\"Radio Ljubu\u0161ki\",\"description\":\"Sun\u010dana frekvencija Hercegovine\",\"publisher\":{\"@id\":\"https:\\\/\\\/radioljubuski.ba\\\/#organization\"},\"potentialAction\":[{\"@type\":\"SearchAction\",\"target\":{\"@type\":\"EntryPoint\",\"urlTemplate\":\"https:\\\/\\\/radioljubuski.ba\\\/?s={search_term_string}\"},\"query-input\":{\"@type\":\"PropertyValueSpecification\",\"valueRequired\":true,\"valueName\":\"search_term_string\"}}],\"inLanguage\":\"hr\"},{\"@type\":\"Organization\",\"@id\":\"https:\\\/\\\/radioljubuski.ba\\\/#organization\",\"name\":\"Radio Ljubu\u0161ki\",\"url\":\"https:\\\/\\\/radioljubuski.ba\\\/\",\"logo\":{\"@type\":\"ImageObject\",\"inLanguage\":\"hr\",\"@id\":\"https:\\\/\\\/radioljubuski.ba\\\/#\\\/schema\\\/logo\\\/image\\\/\",\"url\":\"https:\\\/\\\/radioljubuski.ba\\\/wp-content\\\/uploads\\\/2021\\\/02\\\/cropped-Radio_Ljubuski_logo1.jpg\",\"contentUrl\":\"https:\\\/\\\/radioljubuski.ba\\\/wp-content\\\/uploads\\\/2021\\\/02\\\/cropped-Radio_Ljubuski_logo1.jpg\",\"width\":512,\"height\":512,\"caption\":\"Radio Ljubu\u0161ki\"},\"image\":{\"@id\":\"https:\\\/\\\/radioljubuski.ba\\\/#\\\/schema\\\/logo\\\/image\\\/\"},\"sameAs\":[\"https:\\\/\\\/www.facebook.com\\\/Radiio-Ljubuski-1490835324566332\",\"https:\\\/\\\/x.com\\\/radioljubuski\",\"https:\\\/\\\/hr.linkedin.com\\\/company\\\/radio-ljubuski\",\"https:\\\/\\\/www.youtube.com\\\/channel\\\/UCHYaeO_n0Db3tjNGudGpXyw\"]},{\"@type\":\"Person\",\"@id\":\"https:\\\/\\\/radioljubuski.ba\\\/#\\\/schema\\\/person\\\/19fc700381a780f69665d7956c469e3b\",\"name\":\"Radio Ljubu\u0161ki\"}]}<\/script>\n<!-- \/ Yoast SEO plugin. -->","yoast_head_json":{"title":"Prof. Lauc: COVID teror dehumanizira \u010dovjeka, a sljede\u0107i korak je eliminacija takvih \u2018opasnih ljudi\u2019 iz dru\u0161tva - RADIO LJUBU\u0160KI","robots":{"index":"index","follow":"follow","max-snippet":"max-snippet:-1","max-image-preview":"max-image-preview:large","max-video-preview":"max-video-preview:-1"},"canonical":"https:\/\/radioljubuski.ba\/index.php\/2022\/04\/15\/prof-lauc-covid-teror-dehumanizira-covjeka-a-sljedeci-korak-je-eliminacija-takvih-opasnih-ljudi-iz-drustva\/","og_locale":"hr_HR","og_type":"article","og_title":"Prof. Lauc: COVID teror dehumanizira \u010dovjeka, a sljede\u0107i korak je eliminacija takvih \u2018opasnih ljudi\u2019 iz dru\u0161tva - RADIO LJUBU\u0160KI","og_description":"\u201cZanimljivo je kako \u010dak i The New York Times, koji je jako podr\u017eavao \u201estroge mjere\u201c, sada zaklju\u010duje da je \u2018Strogi pristup koronavirusu postala politi\u010dka kampanja Maovog stila koja ima katastrofalne posljedice\u2019. Procjenjuju da je trenuta\u010dno u Kini 373 milijuna ljudi u djelomi\u010dnom, ili potpunom lockdownu\u201d, pi\u0161e prof. dr. sc. Gordan Lauc na svom Facebooku \u201cJedan [&hellip;]","og_url":"https:\/\/radioljubuski.ba\/index.php\/2022\/04\/15\/prof-lauc-covid-teror-dehumanizira-covjeka-a-sljedeci-korak-je-eliminacija-takvih-opasnih-ljudi-iz-drustva\/","og_site_name":"RADIO LJUBU\u0160KI","article_publisher":"https:\/\/www.facebook.com\/Radiio-Ljubuski-1490835324566332","article_published_time":"2022-04-15T12:21:10+00:00","article_modified_time":"2022-04-15T12:21:11+00:00","og_image":[{"width":696,"height":464,"url":"https:\/\/radioljubuski.ba\/wp-content\/uploads\/2022\/04\/kina-lauc-696x464-1.jpg","type":"image\/jpeg"}],"author":"Radio Ljubu\u0161ki","twitter_card":"summary_large_image","twitter_creator":"@radioljubuski","twitter_site":"@radioljubuski","twitter_misc":{"Napisao\/la":"Radio Ljubu\u0161ki","Procijenjeno vrijeme \u010ditanja":"2 minute"},"schema":{"@context":"https:\/\/schema.org","@graph":[{"@type":"Article","@id":"https:\/\/radioljubuski.ba\/index.php\/2022\/04\/15\/prof-lauc-covid-teror-dehumanizira-covjeka-a-sljedeci-korak-je-eliminacija-takvih-opasnih-ljudi-iz-drustva\/#article","isPartOf":{"@id":"https:\/\/radioljubuski.ba\/index.php\/2022\/04\/15\/prof-lauc-covid-teror-dehumanizira-covjeka-a-sljedeci-korak-je-eliminacija-takvih-opasnih-ljudi-iz-drustva\/"},"author":{"name":"Radio Ljubu\u0161ki","@id":"https:\/\/radioljubuski.ba\/#\/schema\/person\/19fc700381a780f69665d7956c469e3b"},"headline":"Prof. Lauc: COVID teror dehumanizira \u010dovjeka, a sljede\u0107i korak je eliminacija takvih \u2018opasnih ljudi\u2019 iz dru\u0161tva","datePublished":"2022-04-15T12:21:10+00:00","dateModified":"2022-04-15T12:21:11+00:00","mainEntityOfPage":{"@id":"https:\/\/radioljubuski.ba\/index.php\/2022\/04\/15\/prof-lauc-covid-teror-dehumanizira-covjeka-a-sljedeci-korak-je-eliminacija-takvih-opasnih-ljudi-iz-drustva\/"},"wordCount":483,"publisher":{"@id":"https:\/\/radioljubuski.ba\/#organization"},"image":{"@id":"https:\/\/radioljubuski.ba\/index.php\/2022\/04\/15\/prof-lauc-covid-teror-dehumanizira-covjeka-a-sljedeci-korak-je-eliminacija-takvih-opasnih-ljudi-iz-drustva\/#primaryimage"},"thumbnailUrl":"https:\/\/radioljubuski.ba\/wp-content\/uploads\/2022\/04\/kina-lauc-696x464-1.jpg","articleSection":["BIH i regija"],"inLanguage":"hr"},{"@type":"WebPage","@id":"https:\/\/radioljubuski.ba\/index.php\/2022\/04\/15\/prof-lauc-covid-teror-dehumanizira-covjeka-a-sljedeci-korak-je-eliminacija-takvih-opasnih-ljudi-iz-drustva\/","url":"https:\/\/radioljubuski.ba\/index.php\/2022\/04\/15\/prof-lauc-covid-teror-dehumanizira-covjeka-a-sljedeci-korak-je-eliminacija-takvih-opasnih-ljudi-iz-drustva\/","name":"Prof. Lauc: COVID teror dehumanizira \u010dovjeka, a sljede\u0107i korak je eliminacija takvih \u2018opasnih ljudi\u2019 iz dru\u0161tva - RADIO LJUBU\u0160KI","isPartOf":{"@id":"https:\/\/radioljubuski.ba\/#website"},"primaryImageOfPage":{"@id":"https:\/\/radioljubuski.ba\/index.php\/2022\/04\/15\/prof-lauc-covid-teror-dehumanizira-covjeka-a-sljedeci-korak-je-eliminacija-takvih-opasnih-ljudi-iz-drustva\/#primaryimage"},"image":{"@id":"https:\/\/radioljubuski.ba\/index.php\/2022\/04\/15\/prof-lauc-covid-teror-dehumanizira-covjeka-a-sljedeci-korak-je-eliminacija-takvih-opasnih-ljudi-iz-drustva\/#primaryimage"},"thumbnailUrl":"https:\/\/radioljubuski.ba\/wp-content\/uploads\/2022\/04\/kina-lauc-696x464-1.jpg","datePublished":"2022-04-15T12:21:10+00:00","dateModified":"2022-04-15T12:21:11+00:00","breadcrumb":{"@id":"https:\/\/radioljubuski.ba\/index.php\/2022\/04\/15\/prof-lauc-covid-teror-dehumanizira-covjeka-a-sljedeci-korak-je-eliminacija-takvih-opasnih-ljudi-iz-drustva\/#breadcrumb"},"inLanguage":"hr","potentialAction":[{"@type":"ReadAction","target":["https:\/\/radioljubuski.ba\/index.php\/2022\/04\/15\/prof-lauc-covid-teror-dehumanizira-covjeka-a-sljedeci-korak-je-eliminacija-takvih-opasnih-ljudi-iz-drustva\/"]}]},{"@type":"ImageObject","inLanguage":"hr","@id":"https:\/\/radioljubuski.ba\/index.php\/2022\/04\/15\/prof-lauc-covid-teror-dehumanizira-covjeka-a-sljedeci-korak-je-eliminacija-takvih-opasnih-ljudi-iz-drustva\/#primaryimage","url":"https:\/\/radioljubuski.ba\/wp-content\/uploads\/2022\/04\/kina-lauc-696x464-1.jpg","contentUrl":"https:\/\/radioljubuski.ba\/wp-content\/uploads\/2022\/04\/kina-lauc-696x464-1.jpg","width":696,"height":464},{"@type":"BreadcrumbList","@id":"https:\/\/radioljubuski.ba\/index.php\/2022\/04\/15\/prof-lauc-covid-teror-dehumanizira-covjeka-a-sljedeci-korak-je-eliminacija-takvih-opasnih-ljudi-iz-drustva\/#breadcrumb","itemListElement":[{"@type":"ListItem","position":1,"name":"Po\u010detna stranica","item":"https:\/\/radioljubuski.ba\/"},{"@type":"ListItem","position":2,"name":"Prof. Lauc: COVID teror dehumanizira \u010dovjeka, a sljede\u0107i korak je eliminacija takvih \u2018opasnih ljudi\u2019 iz dru\u0161tva"}]},{"@type":"WebSite","@id":"https:\/\/radioljubuski.ba\/#website","url":"https:\/\/radioljubuski.ba\/","name":"Radio Ljubu\u0161ki","description":"Sun\u010dana frekvencija Hercegovine","publisher":{"@id":"https:\/\/radioljubuski.ba\/#organization"},"potentialAction":[{"@type":"SearchAction","target":{"@type":"EntryPoint","urlTemplate":"https:\/\/radioljubuski.ba\/?s={search_term_string}"},"query-input":{"@type":"PropertyValueSpecification","valueRequired":true,"valueName":"search_term_string"}}],"inLanguage":"hr"},{"@type":"Organization","@id":"https:\/\/radioljubuski.ba\/#organization","name":"Radio Ljubu\u0161ki","url":"https:\/\/radioljubuski.ba\/","logo":{"@type":"ImageObject","inLanguage":"hr","@id":"https:\/\/radioljubuski.ba\/#\/schema\/logo\/image\/","url":"https:\/\/radioljubuski.ba\/wp-content\/uploads\/2021\/02\/cropped-Radio_Ljubuski_logo1.jpg","contentUrl":"https:\/\/radioljubuski.ba\/wp-content\/uploads\/2021\/02\/cropped-Radio_Ljubuski_logo1.jpg","width":512,"height":512,"caption":"Radio Ljubu\u0161ki"},"image":{"@id":"https:\/\/radioljubuski.ba\/#\/schema\/logo\/image\/"},"sameAs":["https:\/\/www.facebook.com\/Radiio-Ljubuski-1490835324566332","https:\/\/x.com\/radioljubuski","https:\/\/hr.linkedin.com\/company\/radio-ljubuski","https:\/\/www.youtube.com\/channel\/UCHYaeO_n0Db3tjNGudGpXyw"]},{"@type":"Person","@id":"https:\/\/radioljubuski.ba\/#\/schema\/person\/19fc700381a780f69665d7956c469e3b","name":"Radio Ljubu\u0161ki"}]}},"_links":{"self":[{"href":"https:\/\/radioljubuski.ba\/index.php\/wp-json\/wp\/v2\/posts\/132970","targetHints":{"allow":["GET"]}}],"collection":[{"href":"https:\/\/radioljubuski.ba\/index.php\/wp-json\/wp\/v2\/posts"}],"about":[{"href":"https:\/\/radioljubuski.ba\/index.php\/wp-json\/wp\/v2\/types\/post"}],"author":[{"embeddable":true,"href":"https:\/\/radioljubuski.ba\/index.php\/wp-json\/wp\/v2\/users\/2"}],"replies":[{"embeddable":true,"href":"https:\/\/radioljubuski.ba\/index.php\/wp-json\/wp\/v2\/comments?post=132970"}],"version-history":[{"count":1,"href":"https:\/\/radioljubuski.ba\/index.php\/wp-json\/wp\/v2\/posts\/132970\/revisions"}],"predecessor-version":[{"id":132974,"href":"https:\/\/radioljubuski.ba\/index.php\/wp-json\/wp\/v2\/posts\/132970\/revisions\/132974"}],"wp:featuredmedia":[{"embeddable":true,"href":"https:\/\/radioljubuski.ba\/index.php\/wp-json\/wp\/v2\/media\/132973"}],"wp:attachment":[{"href":"https:\/\/radioljubuski.ba\/index.php\/wp-json\/wp\/v2\/media?parent=132970"}],"wp:term":[{"taxonomy":"category","embeddable":true,"href":"https:\/\/radioljubuski.ba\/index.php\/wp-json\/wp\/v2\/categories?post=132970"},{"taxonomy":"post_tag","embeddable":true,"href":"https:\/\/radioljubuski.ba\/index.php\/wp-json\/wp\/v2\/tags?post=132970"}],"curies":[{"name":"wp","href":"https:\/\/api.w.org\/{rel}","templated":true}]}}