{"id":132996,"date":"2022-04-15T13:36:36","date_gmt":"2022-04-15T12:36:36","guid":{"rendered":"https:\/\/radioljubuski.ba\/?p=132996"},"modified":"2022-04-15T13:36:37","modified_gmt":"2022-04-15T12:36:37","slug":"potpisite-peticiju-protiv-protjerivanja-caritasa-iz-skola-u-sisku-pod-palicom-sdp-ove-gradonacelnice","status":"publish","type":"post","link":"https:\/\/radioljubuski.ba\/index.php\/2022\/04\/15\/potpisite-peticiju-protiv-protjerivanja-caritasa-iz-skola-u-sisku-pod-palicom-sdp-ove-gradonacelnice\/","title":{"rendered":"Potpi\u0161ite peticiju protiv protjerivanja Caritasa iz \u0161kola u Sisku pod palicom SDP-ove gradona\u010delnice"},"content":{"rendered":"\n<p>Platforma CitizenGo pokrenula je peticiju kojom se tra\u017ei hitni povratak Caritasa u sisa\u010dke \u0161kole nakon \u0161to je SDP-ova sisa\u010dka gradona\u010delnica zabranila Caritasu da humanitarne akcije provodi u \u0161kolama tog grada. Priop\u0107enje prenosimo u cijelosti.<\/p>\n\n\n\n<p>\u2018Ta jednostavna djela ljubavi za bli\u017enje zabranjena su ove korizme mali\u0161anima iz devet sisa\u010dkih osnovnih \u0161kola koji nisu smjeli u za njih osmi\u0161ljenoj korizmenoj akciji darovati osnovne prehrambene namirnice, kao \u0161to su ri\u017ea, \u0161e\u0107er, ulje, sol, bra\u0161no, grah\u2026 za potrebe pu\u010dke kuhinje Caritasa, najsiroma\u0161nije \u010dlanove zajednice, ali i izbjeglice iz Ukrajine.<\/p>\n\n\n\n<h3 class=\"wp-block-heading\"><strong>Peticiju mo\u017eete potpisati <a href=\"https:\/\/citizengo.org\/hr\/rf\/207261-zastitimo-caritas?dr=3131121::19d413eb54d4013d22c4c1e34b3a1819&amp;utm_source=em&amp;utm_medium=e-mail&amp;utm_content=em_link3&amp;utm_campaign=HR-2022-03-30-Local-NA-DGA-207261-Zastitimo_Caritas.00_AA_Launch_Test&amp;mkt_tok=OTA3LU9EWS0wNTEAAAGDwjLg6CFZ5wNzdZYU6ELGHQYcrMtIHR5pRuLWIFhGz8l3tgE8GEhKPIDOL6JgkMOtZpFU7GbPWSGUj2LudKsCjrS11LopSh-fFcnhl3_757ShdE8L\">ovdje<\/a>.<\/strong><\/h3>\n\n\n\n<p>Rezultat je to skandalozne odluke SDP-ove gradona\u010delnice Siska Kristine Iki\u0107 Bani\u010dek koja je zabranila provedbu korizmene akcije<em> Srcem se najvi\u0161e daje<\/em> u \u0161kolama i tako zabranila djeci koja poha\u0111aju vjeronauk doniranje hrane za Caritas i sudjelovanje u drugim humanitarnim akcijama Caritasa u sklopu nastave vjeronauka.<\/p>\n\n\n\n<iframe loading=\"lazy\" src=\"https:\/\/www.facebook.com\/plugins\/post.php?href=https%3A%2F%2Fwww.facebook.com%2FCitizenGOhr%2Fposts%2F5269897046374319&#038;show_text=true&#038;width=500\" width=\"500\" height=\"793\" style=\"border:none;overflow:hidden\" scrolling=\"no\" frameborder=\"0\" allowfullscreen=\"true\" allow=\"autoplay; clipboard-write; encrypted-media; picture-in-picture; web-share\"><\/iframe>\n\n\n\n<p>Korizmenu akciju za \u0161kolarce <strong>Srcem se najvi\u0161e daje<\/strong> Caritas Sisa\u010dke biskupije tradicionalno organizira u \u0161kolama od 2014. godine, i kao takva je dio nacionalnog i \u0161kolskog kurikuluma katoli\u010dkog vjeronauka koji je odobren od Ministarstva znanosti i obrazovanja.<\/p>\n\n\n\n<p>Naime ovom akcijom \u017eeli se potaknuti djecu \u0161kolske dobi na darivanje i nesebi\u010dno dijeljenje s onima kojima je pomo\u0107 najpotrebnija, kako bi razvijali osje\u0107aj empatije za osobe u nevolji te se u\u010dili kako pomo\u0107i bli\u017enjima u potrebi. Time djeca u\u010de kako je korizma je vrijeme odricanja, \u017ertve i darivanja u ljubavi za bli\u017enje.<\/p>\n\n\n\n<p>Nacionalni kurikulum katoli\u010dkog vjeronauka objavljen u Narodnim novinama prema kojemu je Ministarstvo znanosti i obrazovanja odobrilo konkretni kurikulum vjeronauka za ove sisa\u010dke \u0161kole ka\u017ee:<\/p>\n\n\n\n<p>\u2018Vjerou\u010ditelj treba poticati iskustva u\u010denja koja \u0107e omogu\u0107iti razvoj u\u010denika u afektivnom podru\u010dju koje se o\u010dituje u prepoznavanju i prihva\u0107anju va\u017enosti djela milosr\u0111a kao vlastitih kriterija u promi\u0161ljanju i djelovanju osmi\u0161ljavanjem i provedbom razli\u010ditih aktivnosti u koje je u\u010denik izravno uklju\u010den, npr. humanitarne akcije za pomo\u0107 potrebitima u kojoj \u0107e do\u0107i do izra\u017eaja duhovna i tjelesna djela milosr\u0111a.\u2019<\/p>\n\n\n\n<h3 class=\"wp-block-heading\"><strong>Ministarstvo znanosti i obrazovanja nije reagiralo!<\/strong><\/h3>\n\n\n\n<p>Usprkos toj \u010dinjenici i medijskim natpisima o zabrani provedbe korizmene humanitarne akcije Caritasa osmi\u0161ljene ba\u0161 u tu svrhu za katoli\u010dke u\u010denike Ministarstvo znanosti i obrazovanja nije reagiralo!<\/p>\n\n\n\n<p>Zato se na\u0161a peticija obra\u0107a Radovanu Fuchsu, ministru znanosti i obrazovanja i tra\u017ei njegovu hitnu reakciju, kao i reakciju nadle\u017enih tijela ministarstva na spre\u010davanje provedbe nacionalnog kurikuluma katoli\u010dkog vjeronauka, te godi\u0161njeg nastavnog plana za vjeronauk ovih osnovnih \u0161kola.<\/p>\n\n\n\n<h3 class=\"wp-block-heading\"><strong>Pu\u010dka pravobraniteljica \u0161uti<\/strong><\/h3>\n\n\n\n<p>Peticiju \u0161aljemo na znanje i pu\u010dkoj pravobraniteljici Teni \u0160imonovi\u0107 Einwalter koja do danas, niti nakon prijave koju joj je o ovom podnijela zastupnica Marijana Petir, nije reagirala na ovu grubu povredu vjerskih prava i sloboda osnovno\u0161kolaca katolika. Iako je \u010dak i njena prethodnica, Lora Vidovi\u0107 u svom izvje\u0161\u0107u za 2020. Napisala:<\/p>\n\n\n\n<p>\u2018Hrvatski Caritas brine o siroma\u0161nim ili socijalno isklju\u010denim obiteljima, posebice samohranim roditeljima, vi\u0161e\u010dlanim ili obiteljima s prihodima ispod linije siroma\u0161tva, a u njegovom sastavu djeluju pu\u010dke kuhinje\u2026\u2019<\/p>\n\n\n\n<p>To je tek djeli\u0107 onoga \u0161to Caritas radi svakog dana u godini za brigu o najpotrebitijima.<\/p>\n\n\n\n<h3 class=\"wp-block-heading\"><strong>Lavovski doprinos Caritasa nakon potresa<\/strong><\/h3>\n\n\n\n<p>Upravo je Caritas Sisa\u010dke nadbiskupije odradio i jo\u0161 uvijek radi lavovski dio posla pomo\u0107i stradalima u potresu. Sisa\u010dki Caritas je 30. o\u017eujka poslao humanitarnim konvojem po\u0161iljku osnovnih potrep\u0161tina i prehrambenih namirnica u Ukrajinu.<\/p>\n\n\n\n<p>Suprotno tvrdnjama gradona\u010delnice Siska koja je zabranila pristup privatnim humanitarnim organizacijama u \u0161kole, Caritas to nije privatna organizacija, ve\u0107 je javna i pravna osoba Katoli\u010dke crkve koja djeluje za op\u0107e dobro.<\/p>\n\n\n\n<p>Kada su ravnatelji tra\u017eili obja\u0161njenje, dobili su odgovor iz Grada da zbog \u2018sekularnog karaktera \u0161kola\u2019 Caritasu nije dopu\u0161teno nikakvo djelovanje u \u0161kolama.<\/p>\n\n\n\n<p>No, sekularnost je dobrodo\u0161la pravna odvojenost koja u svom zdravom i izvornom obliku \u0161titi i vjerske institucije i dr\u017eavu. Ona ne zna\u010di dru\u0161tvenu, kulturnu i odgojnu odvojenost.<\/p>\n\n\n\n<p>Sekularnost ne zna\u010di brisanje vjere i kr\u0161\u0107anskih vrijednosti iz javnog prostora i nametanje dr\u017eavnog ateizma, \u0161to nehumano i protupravno poku\u0161ava u\u010diniti SDP-ova gradona\u010delnica.<\/p>\n\n\n\n<h3 class=\"wp-block-heading\"><strong>\u2018Institucije dr\u017eava du\u017ene su po\u0161tovati i \u0161tititi kr\u0161\u0107anski identitet\u2019<\/strong><\/h3>\n\n\n\n<p>Naprotiv, institucije dr\u017eava du\u017ene su po\u0161tovati i \u0161tititi kr\u0161\u0107anski identitet, vrijednosti i vjerske slobode i autonomiju.<\/p>\n\n\n\n<p>Posebno je zanimljivo \u0161to je gradona\u010delnica ovaj dopis poslala u ponedjeljak, 14. o\u017eujka uo\u010di kona\u010dnog potpisivanja provedbenog Ugovora o Caritasu Katoli\u010dke Crkve u Hrvatskoj izme\u0111u Vlade RH i Hrvatske biskupske konferencije (HBK). Provedeni ugovor na koji smo \u010dekali 25 godina i kojim Republika Hrvatska prepoznaje uloge i va\u017enosti Caritasa potpisan je u petak 18. o\u017eujka 2022.<\/p>\n\n\n\n<p>Dok je za pozdraviti kona\u010dno potpisivanje Ugovora ostaje pitanje kako i za\u0161to \u010dlan te iste vlade ministar znanosti i obrazovanja Radovan Fuchs nije reagirao na javno i skandaloznu zabranu provedbe ovog va\u017enog dijela kurikuluma katoli\u010dkog vjeronauka u \u0161kolama? Kako se provodi kurikulum ako se Caritas izbacuje iz sisa\u010dkih osnovnih \u0161kola?<\/p>\n\n\n\n<p>Za\u0161to nije reagirala od strane HDZ-a predlo\u017eena i izabrana pu\u010dka pravobraniteljica, Tena \u0160imonovi\u0107 Einwalter \u2013 usprkos prijavi koju je poslala 25. o\u017eujka 2022. neovisna zastupnica Marijana Petir?<\/p>\n\n\n\n<p>Potpi\u0161ite peticiju ministru znanosti i obrazovanja koju \u0161aljemo na znanje i pravobraniteljici. Zatra\u017eite njihovu hitnu reakciju i za\u0161titimo djecu i njihovo pravo na vjerski odgoj. Za\u0161titimo Caritas u \u0161kolama!\u2019, stoji u prio\u0107enju CitizeGo-a.<\/p>\n\n\n\n<p><em>Izvor: narod.hr<\/em><\/p>\n","protected":false},"excerpt":{"rendered":"<p>Platforma CitizenGo pokrenula je peticiju kojom se tra\u017ei hitni povratak Caritasa u sisa\u010dke \u0161kole nakon \u0161to je SDP-ova sisa\u010dka gradona\u010delnica zabranila Caritasu da humanitarne akcije provodi u \u0161kolama tog grada. Priop\u0107enje prenosimo u cijelosti. \u2018Ta jednostavna djela ljubavi za bli\u017enje zabranjena su ove korizme mali\u0161anima iz devet sisa\u010dkih osnovnih \u0161kola koji nisu smjeli u za [&hellip;]<\/p>\n","protected":false},"author":2,"featured_media":132997,"comment_status":"closed","ping_status":"closed","sticky":false,"template":"","format":"standard","meta":{"h5ap_radio_sources":[],"footnotes":""},"categories":[1],"tags":[],"class_list":["post-132996","post","type-post","status-publish","format-standard","has-post-thumbnail","hentry","category-bihiregija"],"yoast_head":"<!-- This site is optimized with the Yoast SEO plugin v27.5 - https:\/\/yoast.com\/product\/yoast-seo-wordpress\/ -->\n<title>Potpi\u0161ite peticiju protiv protjerivanja Caritasa iz \u0161kola u Sisku pod palicom SDP-ove gradona\u010delnice - RADIO LJUBU\u0160KI<\/title>\n<meta name=\"robots\" content=\"index, follow, max-snippet:-1, max-image-preview:large, max-video-preview:-1\" \/>\n<link rel=\"canonical\" href=\"https:\/\/radioljubuski.ba\/index.php\/2022\/04\/15\/potpisite-peticiju-protiv-protjerivanja-caritasa-iz-skola-u-sisku-pod-palicom-sdp-ove-gradonacelnice\/\" \/>\n<meta property=\"og:locale\" content=\"hr_HR\" \/>\n<meta property=\"og:type\" content=\"article\" \/>\n<meta property=\"og:title\" content=\"Potpi\u0161ite peticiju protiv protjerivanja Caritasa iz \u0161kola u Sisku pod palicom SDP-ove gradona\u010delnice - RADIO LJUBU\u0160KI\" \/>\n<meta property=\"og:description\" content=\"Platforma CitizenGo pokrenula je peticiju kojom se tra\u017ei hitni povratak Caritasa u sisa\u010dke \u0161kole nakon \u0161to je SDP-ova sisa\u010dka gradona\u010delnica zabranila Caritasu da humanitarne akcije provodi u \u0161kolama tog grada. Priop\u0107enje prenosimo u cijelosti. \u2018Ta jednostavna djela ljubavi za bli\u017enje zabranjena su ove korizme mali\u0161anima iz devet sisa\u010dkih osnovnih \u0161kola koji nisu smjeli u za [&hellip;]\" \/>\n<meta property=\"og:url\" content=\"https:\/\/radioljubuski.ba\/index.php\/2022\/04\/15\/potpisite-peticiju-protiv-protjerivanja-caritasa-iz-skola-u-sisku-pod-palicom-sdp-ove-gradonacelnice\/\" \/>\n<meta property=\"og:site_name\" content=\"RADIO LJUBU\u0160KI\" \/>\n<meta property=\"article:publisher\" content=\"https:\/\/www.facebook.com\/Radiio-Ljubuski-1490835324566332\" \/>\n<meta property=\"article:published_time\" content=\"2022-04-15T12:36:36+00:00\" \/>\n<meta property=\"article:modified_time\" content=\"2022-04-15T12:36:37+00:00\" \/>\n<meta property=\"og:image\" content=\"https:\/\/radioljubuski.ba\/wp-content\/uploads\/2022\/04\/FotoJet-2022-04-13T194349.515-696x406-1.jpg\" \/>\n\t<meta property=\"og:image:width\" content=\"696\" \/>\n\t<meta property=\"og:image:height\" content=\"406\" \/>\n\t<meta property=\"og:image:type\" content=\"image\/jpeg\" \/>\n<meta name=\"author\" content=\"Radio Ljubu\u0161ki\" \/>\n<meta name=\"twitter:card\" content=\"summary_large_image\" \/>\n<meta name=\"twitter:creator\" content=\"@radioljubuski\" \/>\n<meta name=\"twitter:site\" content=\"@radioljubuski\" \/>\n<meta name=\"twitter:label1\" content=\"Napisao\/la\" \/>\n\t<meta name=\"twitter:data1\" content=\"Radio Ljubu\u0161ki\" \/>\n\t<meta name=\"twitter:label2\" content=\"Procijenjeno vrijeme \u010ditanja\" \/>\n\t<meta name=\"twitter:data2\" content=\"4 minute\" \/>\n<script type=\"application\/ld+json\" class=\"yoast-schema-graph\">{\"@context\":\"https:\\\/\\\/schema.org\",\"@graph\":[{\"@type\":\"Article\",\"@id\":\"https:\\\/\\\/radioljubuski.ba\\\/index.php\\\/2022\\\/04\\\/15\\\/potpisite-peticiju-protiv-protjerivanja-caritasa-iz-skola-u-sisku-pod-palicom-sdp-ove-gradonacelnice\\\/#article\",\"isPartOf\":{\"@id\":\"https:\\\/\\\/radioljubuski.ba\\\/index.php\\\/2022\\\/04\\\/15\\\/potpisite-peticiju-protiv-protjerivanja-caritasa-iz-skola-u-sisku-pod-palicom-sdp-ove-gradonacelnice\\\/\"},\"author\":{\"name\":\"Radio Ljubu\u0161ki\",\"@id\":\"https:\\\/\\\/radioljubuski.ba\\\/#\\\/schema\\\/person\\\/19fc700381a780f69665d7956c469e3b\"},\"headline\":\"Potpi\u0161ite peticiju protiv protjerivanja Caritasa iz \u0161kola u Sisku pod palicom SDP-ove gradona\u010delnice\",\"datePublished\":\"2022-04-15T12:36:36+00:00\",\"dateModified\":\"2022-04-15T12:36:37+00:00\",\"mainEntityOfPage\":{\"@id\":\"https:\\\/\\\/radioljubuski.ba\\\/index.php\\\/2022\\\/04\\\/15\\\/potpisite-peticiju-protiv-protjerivanja-caritasa-iz-skola-u-sisku-pod-palicom-sdp-ove-gradonacelnice\\\/\"},\"wordCount\":935,\"publisher\":{\"@id\":\"https:\\\/\\\/radioljubuski.ba\\\/#organization\"},\"image\":{\"@id\":\"https:\\\/\\\/radioljubuski.ba\\\/index.php\\\/2022\\\/04\\\/15\\\/potpisite-peticiju-protiv-protjerivanja-caritasa-iz-skola-u-sisku-pod-palicom-sdp-ove-gradonacelnice\\\/#primaryimage\"},\"thumbnailUrl\":\"https:\\\/\\\/radioljubuski.ba\\\/wp-content\\\/uploads\\\/2022\\\/04\\\/FotoJet-2022-04-13T194349.515-696x406-1.jpg\",\"articleSection\":[\"BIH i regija\"],\"inLanguage\":\"hr\"},{\"@type\":\"WebPage\",\"@id\":\"https:\\\/\\\/radioljubuski.ba\\\/index.php\\\/2022\\\/04\\\/15\\\/potpisite-peticiju-protiv-protjerivanja-caritasa-iz-skola-u-sisku-pod-palicom-sdp-ove-gradonacelnice\\\/\",\"url\":\"https:\\\/\\\/radioljubuski.ba\\\/index.php\\\/2022\\\/04\\\/15\\\/potpisite-peticiju-protiv-protjerivanja-caritasa-iz-skola-u-sisku-pod-palicom-sdp-ove-gradonacelnice\\\/\",\"name\":\"Potpi\u0161ite peticiju protiv protjerivanja Caritasa iz \u0161kola u Sisku pod palicom SDP-ove gradona\u010delnice - RADIO LJUBU\u0160KI\",\"isPartOf\":{\"@id\":\"https:\\\/\\\/radioljubuski.ba\\\/#website\"},\"primaryImageOfPage\":{\"@id\":\"https:\\\/\\\/radioljubuski.ba\\\/index.php\\\/2022\\\/04\\\/15\\\/potpisite-peticiju-protiv-protjerivanja-caritasa-iz-skola-u-sisku-pod-palicom-sdp-ove-gradonacelnice\\\/#primaryimage\"},\"image\":{\"@id\":\"https:\\\/\\\/radioljubuski.ba\\\/index.php\\\/2022\\\/04\\\/15\\\/potpisite-peticiju-protiv-protjerivanja-caritasa-iz-skola-u-sisku-pod-palicom-sdp-ove-gradonacelnice\\\/#primaryimage\"},\"thumbnailUrl\":\"https:\\\/\\\/radioljubuski.ba\\\/wp-content\\\/uploads\\\/2022\\\/04\\\/FotoJet-2022-04-13T194349.515-696x406-1.jpg\",\"datePublished\":\"2022-04-15T12:36:36+00:00\",\"dateModified\":\"2022-04-15T12:36:37+00:00\",\"breadcrumb\":{\"@id\":\"https:\\\/\\\/radioljubuski.ba\\\/index.php\\\/2022\\\/04\\\/15\\\/potpisite-peticiju-protiv-protjerivanja-caritasa-iz-skola-u-sisku-pod-palicom-sdp-ove-gradonacelnice\\\/#breadcrumb\"},\"inLanguage\":\"hr\",\"potentialAction\":[{\"@type\":\"ReadAction\",\"target\":[\"https:\\\/\\\/radioljubuski.ba\\\/index.php\\\/2022\\\/04\\\/15\\\/potpisite-peticiju-protiv-protjerivanja-caritasa-iz-skola-u-sisku-pod-palicom-sdp-ove-gradonacelnice\\\/\"]}]},{\"@type\":\"ImageObject\",\"inLanguage\":\"hr\",\"@id\":\"https:\\\/\\\/radioljubuski.ba\\\/index.php\\\/2022\\\/04\\\/15\\\/potpisite-peticiju-protiv-protjerivanja-caritasa-iz-skola-u-sisku-pod-palicom-sdp-ove-gradonacelnice\\\/#primaryimage\",\"url\":\"https:\\\/\\\/radioljubuski.ba\\\/wp-content\\\/uploads\\\/2022\\\/04\\\/FotoJet-2022-04-13T194349.515-696x406-1.jpg\",\"contentUrl\":\"https:\\\/\\\/radioljubuski.ba\\\/wp-content\\\/uploads\\\/2022\\\/04\\\/FotoJet-2022-04-13T194349.515-696x406-1.jpg\",\"width\":696,\"height\":406},{\"@type\":\"BreadcrumbList\",\"@id\":\"https:\\\/\\\/radioljubuski.ba\\\/index.php\\\/2022\\\/04\\\/15\\\/potpisite-peticiju-protiv-protjerivanja-caritasa-iz-skola-u-sisku-pod-palicom-sdp-ove-gradonacelnice\\\/#breadcrumb\",\"itemListElement\":[{\"@type\":\"ListItem\",\"position\":1,\"name\":\"Po\u010detna stranica\",\"item\":\"https:\\\/\\\/radioljubuski.ba\\\/\"},{\"@type\":\"ListItem\",\"position\":2,\"name\":\"Potpi\u0161ite peticiju protiv protjerivanja Caritasa iz \u0161kola u Sisku pod palicom SDP-ove gradona\u010delnice\"}]},{\"@type\":\"WebSite\",\"@id\":\"https:\\\/\\\/radioljubuski.ba\\\/#website\",\"url\":\"https:\\\/\\\/radioljubuski.ba\\\/\",\"name\":\"Radio Ljubu\u0161ki\",\"description\":\"Sun\u010dana frekvencija Hercegovine\",\"publisher\":{\"@id\":\"https:\\\/\\\/radioljubuski.ba\\\/#organization\"},\"potentialAction\":[{\"@type\":\"SearchAction\",\"target\":{\"@type\":\"EntryPoint\",\"urlTemplate\":\"https:\\\/\\\/radioljubuski.ba\\\/?s={search_term_string}\"},\"query-input\":{\"@type\":\"PropertyValueSpecification\",\"valueRequired\":true,\"valueName\":\"search_term_string\"}}],\"inLanguage\":\"hr\"},{\"@type\":\"Organization\",\"@id\":\"https:\\\/\\\/radioljubuski.ba\\\/#organization\",\"name\":\"Radio Ljubu\u0161ki\",\"url\":\"https:\\\/\\\/radioljubuski.ba\\\/\",\"logo\":{\"@type\":\"ImageObject\",\"inLanguage\":\"hr\",\"@id\":\"https:\\\/\\\/radioljubuski.ba\\\/#\\\/schema\\\/logo\\\/image\\\/\",\"url\":\"https:\\\/\\\/radioljubuski.ba\\\/wp-content\\\/uploads\\\/2021\\\/02\\\/cropped-Radio_Ljubuski_logo1.jpg\",\"contentUrl\":\"https:\\\/\\\/radioljubuski.ba\\\/wp-content\\\/uploads\\\/2021\\\/02\\\/cropped-Radio_Ljubuski_logo1.jpg\",\"width\":512,\"height\":512,\"caption\":\"Radio Ljubu\u0161ki\"},\"image\":{\"@id\":\"https:\\\/\\\/radioljubuski.ba\\\/#\\\/schema\\\/logo\\\/image\\\/\"},\"sameAs\":[\"https:\\\/\\\/www.facebook.com\\\/Radiio-Ljubuski-1490835324566332\",\"https:\\\/\\\/x.com\\\/radioljubuski\",\"https:\\\/\\\/hr.linkedin.com\\\/company\\\/radio-ljubuski\",\"https:\\\/\\\/www.youtube.com\\\/channel\\\/UCHYaeO_n0Db3tjNGudGpXyw\"]},{\"@type\":\"Person\",\"@id\":\"https:\\\/\\\/radioljubuski.ba\\\/#\\\/schema\\\/person\\\/19fc700381a780f69665d7956c469e3b\",\"name\":\"Radio Ljubu\u0161ki\"}]}<\/script>\n<!-- \/ Yoast SEO plugin. -->","yoast_head_json":{"title":"Potpi\u0161ite peticiju protiv protjerivanja Caritasa iz \u0161kola u Sisku pod palicom SDP-ove gradona\u010delnice - RADIO LJUBU\u0160KI","robots":{"index":"index","follow":"follow","max-snippet":"max-snippet:-1","max-image-preview":"max-image-preview:large","max-video-preview":"max-video-preview:-1"},"canonical":"https:\/\/radioljubuski.ba\/index.php\/2022\/04\/15\/potpisite-peticiju-protiv-protjerivanja-caritasa-iz-skola-u-sisku-pod-palicom-sdp-ove-gradonacelnice\/","og_locale":"hr_HR","og_type":"article","og_title":"Potpi\u0161ite peticiju protiv protjerivanja Caritasa iz \u0161kola u Sisku pod palicom SDP-ove gradona\u010delnice - RADIO LJUBU\u0160KI","og_description":"Platforma CitizenGo pokrenula je peticiju kojom se tra\u017ei hitni povratak Caritasa u sisa\u010dke \u0161kole nakon \u0161to je SDP-ova sisa\u010dka gradona\u010delnica zabranila Caritasu da humanitarne akcije provodi u \u0161kolama tog grada. Priop\u0107enje prenosimo u cijelosti. \u2018Ta jednostavna djela ljubavi za bli\u017enje zabranjena su ove korizme mali\u0161anima iz devet sisa\u010dkih osnovnih \u0161kola koji nisu smjeli u za [&hellip;]","og_url":"https:\/\/radioljubuski.ba\/index.php\/2022\/04\/15\/potpisite-peticiju-protiv-protjerivanja-caritasa-iz-skola-u-sisku-pod-palicom-sdp-ove-gradonacelnice\/","og_site_name":"RADIO LJUBU\u0160KI","article_publisher":"https:\/\/www.facebook.com\/Radiio-Ljubuski-1490835324566332","article_published_time":"2022-04-15T12:36:36+00:00","article_modified_time":"2022-04-15T12:36:37+00:00","og_image":[{"width":696,"height":406,"url":"https:\/\/radioljubuski.ba\/wp-content\/uploads\/2022\/04\/FotoJet-2022-04-13T194349.515-696x406-1.jpg","type":"image\/jpeg"}],"author":"Radio Ljubu\u0161ki","twitter_card":"summary_large_image","twitter_creator":"@radioljubuski","twitter_site":"@radioljubuski","twitter_misc":{"Napisao\/la":"Radio Ljubu\u0161ki","Procijenjeno vrijeme \u010ditanja":"4 minute"},"schema":{"@context":"https:\/\/schema.org","@graph":[{"@type":"Article","@id":"https:\/\/radioljubuski.ba\/index.php\/2022\/04\/15\/potpisite-peticiju-protiv-protjerivanja-caritasa-iz-skola-u-sisku-pod-palicom-sdp-ove-gradonacelnice\/#article","isPartOf":{"@id":"https:\/\/radioljubuski.ba\/index.php\/2022\/04\/15\/potpisite-peticiju-protiv-protjerivanja-caritasa-iz-skola-u-sisku-pod-palicom-sdp-ove-gradonacelnice\/"},"author":{"name":"Radio Ljubu\u0161ki","@id":"https:\/\/radioljubuski.ba\/#\/schema\/person\/19fc700381a780f69665d7956c469e3b"},"headline":"Potpi\u0161ite peticiju protiv protjerivanja Caritasa iz \u0161kola u Sisku pod palicom SDP-ove gradona\u010delnice","datePublished":"2022-04-15T12:36:36+00:00","dateModified":"2022-04-15T12:36:37+00:00","mainEntityOfPage":{"@id":"https:\/\/radioljubuski.ba\/index.php\/2022\/04\/15\/potpisite-peticiju-protiv-protjerivanja-caritasa-iz-skola-u-sisku-pod-palicom-sdp-ove-gradonacelnice\/"},"wordCount":935,"publisher":{"@id":"https:\/\/radioljubuski.ba\/#organization"},"image":{"@id":"https:\/\/radioljubuski.ba\/index.php\/2022\/04\/15\/potpisite-peticiju-protiv-protjerivanja-caritasa-iz-skola-u-sisku-pod-palicom-sdp-ove-gradonacelnice\/#primaryimage"},"thumbnailUrl":"https:\/\/radioljubuski.ba\/wp-content\/uploads\/2022\/04\/FotoJet-2022-04-13T194349.515-696x406-1.jpg","articleSection":["BIH i regija"],"inLanguage":"hr"},{"@type":"WebPage","@id":"https:\/\/radioljubuski.ba\/index.php\/2022\/04\/15\/potpisite-peticiju-protiv-protjerivanja-caritasa-iz-skola-u-sisku-pod-palicom-sdp-ove-gradonacelnice\/","url":"https:\/\/radioljubuski.ba\/index.php\/2022\/04\/15\/potpisite-peticiju-protiv-protjerivanja-caritasa-iz-skola-u-sisku-pod-palicom-sdp-ove-gradonacelnice\/","name":"Potpi\u0161ite peticiju protiv protjerivanja Caritasa iz \u0161kola u Sisku pod palicom SDP-ove gradona\u010delnice - RADIO LJUBU\u0160KI","isPartOf":{"@id":"https:\/\/radioljubuski.ba\/#website"},"primaryImageOfPage":{"@id":"https:\/\/radioljubuski.ba\/index.php\/2022\/04\/15\/potpisite-peticiju-protiv-protjerivanja-caritasa-iz-skola-u-sisku-pod-palicom-sdp-ove-gradonacelnice\/#primaryimage"},"image":{"@id":"https:\/\/radioljubuski.ba\/index.php\/2022\/04\/15\/potpisite-peticiju-protiv-protjerivanja-caritasa-iz-skola-u-sisku-pod-palicom-sdp-ove-gradonacelnice\/#primaryimage"},"thumbnailUrl":"https:\/\/radioljubuski.ba\/wp-content\/uploads\/2022\/04\/FotoJet-2022-04-13T194349.515-696x406-1.jpg","datePublished":"2022-04-15T12:36:36+00:00","dateModified":"2022-04-15T12:36:37+00:00","breadcrumb":{"@id":"https:\/\/radioljubuski.ba\/index.php\/2022\/04\/15\/potpisite-peticiju-protiv-protjerivanja-caritasa-iz-skola-u-sisku-pod-palicom-sdp-ove-gradonacelnice\/#breadcrumb"},"inLanguage":"hr","potentialAction":[{"@type":"ReadAction","target":["https:\/\/radioljubuski.ba\/index.php\/2022\/04\/15\/potpisite-peticiju-protiv-protjerivanja-caritasa-iz-skola-u-sisku-pod-palicom-sdp-ove-gradonacelnice\/"]}]},{"@type":"ImageObject","inLanguage":"hr","@id":"https:\/\/radioljubuski.ba\/index.php\/2022\/04\/15\/potpisite-peticiju-protiv-protjerivanja-caritasa-iz-skola-u-sisku-pod-palicom-sdp-ove-gradonacelnice\/#primaryimage","url":"https:\/\/radioljubuski.ba\/wp-content\/uploads\/2022\/04\/FotoJet-2022-04-13T194349.515-696x406-1.jpg","contentUrl":"https:\/\/radioljubuski.ba\/wp-content\/uploads\/2022\/04\/FotoJet-2022-04-13T194349.515-696x406-1.jpg","width":696,"height":406},{"@type":"BreadcrumbList","@id":"https:\/\/radioljubuski.ba\/index.php\/2022\/04\/15\/potpisite-peticiju-protiv-protjerivanja-caritasa-iz-skola-u-sisku-pod-palicom-sdp-ove-gradonacelnice\/#breadcrumb","itemListElement":[{"@type":"ListItem","position":1,"name":"Po\u010detna stranica","item":"https:\/\/radioljubuski.ba\/"},{"@type":"ListItem","position":2,"name":"Potpi\u0161ite peticiju protiv protjerivanja Caritasa iz \u0161kola u Sisku pod palicom SDP-ove gradona\u010delnice"}]},{"@type":"WebSite","@id":"https:\/\/radioljubuski.ba\/#website","url":"https:\/\/radioljubuski.ba\/","name":"Radio Ljubu\u0161ki","description":"Sun\u010dana frekvencija Hercegovine","publisher":{"@id":"https:\/\/radioljubuski.ba\/#organization"},"potentialAction":[{"@type":"SearchAction","target":{"@type":"EntryPoint","urlTemplate":"https:\/\/radioljubuski.ba\/?s={search_term_string}"},"query-input":{"@type":"PropertyValueSpecification","valueRequired":true,"valueName":"search_term_string"}}],"inLanguage":"hr"},{"@type":"Organization","@id":"https:\/\/radioljubuski.ba\/#organization","name":"Radio Ljubu\u0161ki","url":"https:\/\/radioljubuski.ba\/","logo":{"@type":"ImageObject","inLanguage":"hr","@id":"https:\/\/radioljubuski.ba\/#\/schema\/logo\/image\/","url":"https:\/\/radioljubuski.ba\/wp-content\/uploads\/2021\/02\/cropped-Radio_Ljubuski_logo1.jpg","contentUrl":"https:\/\/radioljubuski.ba\/wp-content\/uploads\/2021\/02\/cropped-Radio_Ljubuski_logo1.jpg","width":512,"height":512,"caption":"Radio Ljubu\u0161ki"},"image":{"@id":"https:\/\/radioljubuski.ba\/#\/schema\/logo\/image\/"},"sameAs":["https:\/\/www.facebook.com\/Radiio-Ljubuski-1490835324566332","https:\/\/x.com\/radioljubuski","https:\/\/hr.linkedin.com\/company\/radio-ljubuski","https:\/\/www.youtube.com\/channel\/UCHYaeO_n0Db3tjNGudGpXyw"]},{"@type":"Person","@id":"https:\/\/radioljubuski.ba\/#\/schema\/person\/19fc700381a780f69665d7956c469e3b","name":"Radio Ljubu\u0161ki"}]}},"_links":{"self":[{"href":"https:\/\/radioljubuski.ba\/index.php\/wp-json\/wp\/v2\/posts\/132996","targetHints":{"allow":["GET"]}}],"collection":[{"href":"https:\/\/radioljubuski.ba\/index.php\/wp-json\/wp\/v2\/posts"}],"about":[{"href":"https:\/\/radioljubuski.ba\/index.php\/wp-json\/wp\/v2\/types\/post"}],"author":[{"embeddable":true,"href":"https:\/\/radioljubuski.ba\/index.php\/wp-json\/wp\/v2\/users\/2"}],"replies":[{"embeddable":true,"href":"https:\/\/radioljubuski.ba\/index.php\/wp-json\/wp\/v2\/comments?post=132996"}],"version-history":[{"count":1,"href":"https:\/\/radioljubuski.ba\/index.php\/wp-json\/wp\/v2\/posts\/132996\/revisions"}],"predecessor-version":[{"id":132998,"href":"https:\/\/radioljubuski.ba\/index.php\/wp-json\/wp\/v2\/posts\/132996\/revisions\/132998"}],"wp:featuredmedia":[{"embeddable":true,"href":"https:\/\/radioljubuski.ba\/index.php\/wp-json\/wp\/v2\/media\/132997"}],"wp:attachment":[{"href":"https:\/\/radioljubuski.ba\/index.php\/wp-json\/wp\/v2\/media?parent=132996"}],"wp:term":[{"taxonomy":"category","embeddable":true,"href":"https:\/\/radioljubuski.ba\/index.php\/wp-json\/wp\/v2\/categories?post=132996"},{"taxonomy":"post_tag","embeddable":true,"href":"https:\/\/radioljubuski.ba\/index.php\/wp-json\/wp\/v2\/tags?post=132996"}],"curies":[{"name":"wp","href":"https:\/\/api.w.org\/{rel}","templated":true}]}}