{"id":133002,"date":"2022-04-15T13:40:42","date_gmt":"2022-04-15T12:40:42","guid":{"rendered":"https:\/\/radioljubuski.ba\/?p=133002"},"modified":"2022-04-15T13:40:43","modified_gmt":"2022-04-15T12:40:43","slug":"ukrao-mu-golfa-i-ovce-ovce-prodao-golfa-vratio","status":"publish","type":"post","link":"https:\/\/radioljubuski.ba\/index.php\/2022\/04\/15\/ukrao-mu-golfa-i-ovce-ovce-prodao-golfa-vratio\/","title":{"rendered":"Ukrao mu Golfa i ovce. Ovce prodao, Golfa vratio"},"content":{"rendered":"\n<p>Prijedorsko Okru\u017eno javno tu\u017eiteljstvo podiglo je optu\u017enicu protiv B.R. koja ga tereti da je od o\u0161te\u0107enog kri\u0161om &#8220;posudio&#8221; Golfa u kojeg je stavio ovcu i ovna koje mu je ukrao, pa kada ih je prodao, vratio je mu je automobil.<\/p>\n\n\n\n<p>Naime, optu\u017enica ga tereti da je krivi\u010dno djelo kra\u0111a po\u010dinio izme\u0111u 06. i 07. studenog&nbsp; 2019. godine od 17 sati do 06.30 sati, u mjestu Poljavnice.<\/p>\n\n\n\n<p>&#8220;Pod okriljem no\u0107i neopa\u017eeno je do\u0161ao do nezaklju\u010danog objekta &#8211; \u0161tale vlasni\u0161tvo o\u0161te\u0107enog, &nbsp;pri\u0161ao Golfu 2 crvene boje, koji je bio otklju\u010dan i u kojem se nalazio klju\u010d za pokretanje i upalio ga&#8221;, navodi se u optu\u017enici.<\/p>\n\n\n\n<p>Potom je, prema navodima optu\u017enice, &nbsp;iz \u0161tale uzeo prvo jednu ovcu, te\u017eine oko 80 kg vrijednosti oko 250 KM, koju je stavio u vozilo i odvezao, te je prodao jednoj osobi &nbsp;za 80 KM.<\/p>\n\n\n\n<p>&#8220;Nakon toga se vozilom ponovo vratio do objekta, gdje je zatim uzeo jednog ovna, te\u017eine oko 80 kg u vrijednosti oko 250 &nbsp;KM, te ga stavio u vozilo, odvezao i prodao istoj osobi za 100 KM. Obe \u017eivotinje su vlasni\u0161tvo o\u0161te\u0107enog&#8221;, navodi se u optu\u017enici.<\/p>\n\n\n\n<p>Kako se dodaje, nakon tog &nbsp;je Golfa vratio o\u0161te\u0107enom, a sebi pribavio protivpravnu imovinsku korist od 180 KM.<\/p>\n\n\n\n<p>Izvor:pogled.ba<\/p>\n","protected":false},"excerpt":{"rendered":"<p>Prijedorsko Okru\u017eno javno tu\u017eiteljstvo podiglo je optu\u017enicu protiv B.R. koja ga tereti da je od o\u0161te\u0107enog kri\u0161om &#8220;posudio&#8221; Golfa u kojeg je stavio ovcu i ovna koje mu je ukrao, pa kada ih je prodao, vratio je mu je automobil. Naime, optu\u017enica ga tereti da je krivi\u010dno djelo kra\u0111a po\u010dinio izme\u0111u 06. i 07. studenog&nbsp; [&hellip;]<\/p>\n","protected":false},"author":2,"featured_media":133003,"comment_status":"closed","ping_status":"closed","sticky":false,"template":"","format":"standard","meta":{"h5ap_radio_sources":[],"footnotes":""},"categories":[1],"tags":[],"class_list":["post-133002","post","type-post","status-publish","format-standard","has-post-thumbnail","hentry","category-bihiregija"],"yoast_head":"<!-- This site is optimized with the Yoast SEO plugin v27.5 - https:\/\/yoast.com\/product\/yoast-seo-wordpress\/ -->\n<title>Ukrao mu Golfa i ovce. Ovce prodao, Golfa vratio - RADIO LJUBU\u0160KI<\/title>\n<meta name=\"robots\" content=\"index, follow, max-snippet:-1, max-image-preview:large, max-video-preview:-1\" \/>\n<link rel=\"canonical\" href=\"https:\/\/radioljubuski.ba\/index.php\/2022\/04\/15\/ukrao-mu-golfa-i-ovce-ovce-prodao-golfa-vratio\/\" \/>\n<meta property=\"og:locale\" content=\"hr_HR\" \/>\n<meta property=\"og:type\" content=\"article\" \/>\n<meta property=\"og:title\" content=\"Ukrao mu Golfa i ovce. Ovce prodao, Golfa vratio - RADIO LJUBU\u0160KI\" \/>\n<meta property=\"og:description\" content=\"Prijedorsko Okru\u017eno javno tu\u017eiteljstvo podiglo je optu\u017enicu protiv B.R. koja ga tereti da je od o\u0161te\u0107enog kri\u0161om &#8220;posudio&#8221; Golfa u kojeg je stavio ovcu i ovna koje mu je ukrao, pa kada ih je prodao, vratio je mu je automobil. Naime, optu\u017enica ga tereti da je krivi\u010dno djelo kra\u0111a po\u010dinio izme\u0111u 06. i 07. studenog&nbsp; [&hellip;]\" \/>\n<meta property=\"og:url\" content=\"https:\/\/radioljubuski.ba\/index.php\/2022\/04\/15\/ukrao-mu-golfa-i-ovce-ovce-prodao-golfa-vratio\/\" \/>\n<meta property=\"og:site_name\" content=\"RADIO LJUBU\u0160KI\" \/>\n<meta property=\"article:publisher\" content=\"https:\/\/www.facebook.com\/Radiio-Ljubuski-1490835324566332\" \/>\n<meta property=\"article:published_time\" content=\"2022-04-15T12:40:42+00:00\" \/>\n<meta property=\"article:modified_time\" content=\"2022-04-15T12:40:43+00:00\" \/>\n<meta property=\"og:image\" content=\"https:\/\/radioljubuski.ba\/wp-content\/uploads\/2022\/04\/8-2022-04-15-10-49-59-ovca-pixabay-ilustracija.jpg\" \/>\n\t<meta property=\"og:image:width\" content=\"1000\" \/>\n\t<meta property=\"og:image:height\" content=\"625\" \/>\n\t<meta property=\"og:image:type\" content=\"image\/jpeg\" \/>\n<meta name=\"author\" content=\"Radio Ljubu\u0161ki\" \/>\n<meta name=\"twitter:card\" content=\"summary_large_image\" \/>\n<meta name=\"twitter:creator\" content=\"@radioljubuski\" \/>\n<meta name=\"twitter:site\" content=\"@radioljubuski\" \/>\n<meta name=\"twitter:label1\" content=\"Napisao\/la\" \/>\n\t<meta name=\"twitter:data1\" content=\"Radio Ljubu\u0161ki\" \/>\n\t<meta name=\"twitter:label2\" content=\"Procijenjeno vrijeme \u010ditanja\" \/>\n\t<meta name=\"twitter:data2\" content=\"1 minuta\" \/>\n<script type=\"application\/ld+json\" class=\"yoast-schema-graph\">{\"@context\":\"https:\\\/\\\/schema.org\",\"@graph\":[{\"@type\":\"Article\",\"@id\":\"https:\\\/\\\/radioljubuski.ba\\\/index.php\\\/2022\\\/04\\\/15\\\/ukrao-mu-golfa-i-ovce-ovce-prodao-golfa-vratio\\\/#article\",\"isPartOf\":{\"@id\":\"https:\\\/\\\/radioljubuski.ba\\\/index.php\\\/2022\\\/04\\\/15\\\/ukrao-mu-golfa-i-ovce-ovce-prodao-golfa-vratio\\\/\"},\"author\":{\"name\":\"Radio Ljubu\u0161ki\",\"@id\":\"https:\\\/\\\/radioljubuski.ba\\\/#\\\/schema\\\/person\\\/19fc700381a780f69665d7956c469e3b\"},\"headline\":\"Ukrao mu Golfa i ovce. Ovce prodao, Golfa vratio\",\"datePublished\":\"2022-04-15T12:40:42+00:00\",\"dateModified\":\"2022-04-15T12:40:43+00:00\",\"mainEntityOfPage\":{\"@id\":\"https:\\\/\\\/radioljubuski.ba\\\/index.php\\\/2022\\\/04\\\/15\\\/ukrao-mu-golfa-i-ovce-ovce-prodao-golfa-vratio\\\/\"},\"wordCount\":236,\"publisher\":{\"@id\":\"https:\\\/\\\/radioljubuski.ba\\\/#organization\"},\"image\":{\"@id\":\"https:\\\/\\\/radioljubuski.ba\\\/index.php\\\/2022\\\/04\\\/15\\\/ukrao-mu-golfa-i-ovce-ovce-prodao-golfa-vratio\\\/#primaryimage\"},\"thumbnailUrl\":\"https:\\\/\\\/radioljubuski.ba\\\/wp-content\\\/uploads\\\/2022\\\/04\\\/8-2022-04-15-10-49-59-ovca-pixabay-ilustracija.jpg\",\"articleSection\":[\"BIH i regija\"],\"inLanguage\":\"hr\"},{\"@type\":\"WebPage\",\"@id\":\"https:\\\/\\\/radioljubuski.ba\\\/index.php\\\/2022\\\/04\\\/15\\\/ukrao-mu-golfa-i-ovce-ovce-prodao-golfa-vratio\\\/\",\"url\":\"https:\\\/\\\/radioljubuski.ba\\\/index.php\\\/2022\\\/04\\\/15\\\/ukrao-mu-golfa-i-ovce-ovce-prodao-golfa-vratio\\\/\",\"name\":\"Ukrao mu Golfa i ovce. Ovce prodao, Golfa vratio - RADIO LJUBU\u0160KI\",\"isPartOf\":{\"@id\":\"https:\\\/\\\/radioljubuski.ba\\\/#website\"},\"primaryImageOfPage\":{\"@id\":\"https:\\\/\\\/radioljubuski.ba\\\/index.php\\\/2022\\\/04\\\/15\\\/ukrao-mu-golfa-i-ovce-ovce-prodao-golfa-vratio\\\/#primaryimage\"},\"image\":{\"@id\":\"https:\\\/\\\/radioljubuski.ba\\\/index.php\\\/2022\\\/04\\\/15\\\/ukrao-mu-golfa-i-ovce-ovce-prodao-golfa-vratio\\\/#primaryimage\"},\"thumbnailUrl\":\"https:\\\/\\\/radioljubuski.ba\\\/wp-content\\\/uploads\\\/2022\\\/04\\\/8-2022-04-15-10-49-59-ovca-pixabay-ilustracija.jpg\",\"datePublished\":\"2022-04-15T12:40:42+00:00\",\"dateModified\":\"2022-04-15T12:40:43+00:00\",\"breadcrumb\":{\"@id\":\"https:\\\/\\\/radioljubuski.ba\\\/index.php\\\/2022\\\/04\\\/15\\\/ukrao-mu-golfa-i-ovce-ovce-prodao-golfa-vratio\\\/#breadcrumb\"},\"inLanguage\":\"hr\",\"potentialAction\":[{\"@type\":\"ReadAction\",\"target\":[\"https:\\\/\\\/radioljubuski.ba\\\/index.php\\\/2022\\\/04\\\/15\\\/ukrao-mu-golfa-i-ovce-ovce-prodao-golfa-vratio\\\/\"]}]},{\"@type\":\"ImageObject\",\"inLanguage\":\"hr\",\"@id\":\"https:\\\/\\\/radioljubuski.ba\\\/index.php\\\/2022\\\/04\\\/15\\\/ukrao-mu-golfa-i-ovce-ovce-prodao-golfa-vratio\\\/#primaryimage\",\"url\":\"https:\\\/\\\/radioljubuski.ba\\\/wp-content\\\/uploads\\\/2022\\\/04\\\/8-2022-04-15-10-49-59-ovca-pixabay-ilustracija.jpg\",\"contentUrl\":\"https:\\\/\\\/radioljubuski.ba\\\/wp-content\\\/uploads\\\/2022\\\/04\\\/8-2022-04-15-10-49-59-ovca-pixabay-ilustracija.jpg\",\"width\":1000,\"height\":625},{\"@type\":\"BreadcrumbList\",\"@id\":\"https:\\\/\\\/radioljubuski.ba\\\/index.php\\\/2022\\\/04\\\/15\\\/ukrao-mu-golfa-i-ovce-ovce-prodao-golfa-vratio\\\/#breadcrumb\",\"itemListElement\":[{\"@type\":\"ListItem\",\"position\":1,\"name\":\"Po\u010detna stranica\",\"item\":\"https:\\\/\\\/radioljubuski.ba\\\/\"},{\"@type\":\"ListItem\",\"position\":2,\"name\":\"Ukrao mu Golfa i ovce. Ovce prodao, Golfa vratio\"}]},{\"@type\":\"WebSite\",\"@id\":\"https:\\\/\\\/radioljubuski.ba\\\/#website\",\"url\":\"https:\\\/\\\/radioljubuski.ba\\\/\",\"name\":\"Radio Ljubu\u0161ki\",\"description\":\"Sun\u010dana frekvencija Hercegovine\",\"publisher\":{\"@id\":\"https:\\\/\\\/radioljubuski.ba\\\/#organization\"},\"potentialAction\":[{\"@type\":\"SearchAction\",\"target\":{\"@type\":\"EntryPoint\",\"urlTemplate\":\"https:\\\/\\\/radioljubuski.ba\\\/?s={search_term_string}\"},\"query-input\":{\"@type\":\"PropertyValueSpecification\",\"valueRequired\":true,\"valueName\":\"search_term_string\"}}],\"inLanguage\":\"hr\"},{\"@type\":\"Organization\",\"@id\":\"https:\\\/\\\/radioljubuski.ba\\\/#organization\",\"name\":\"Radio Ljubu\u0161ki\",\"url\":\"https:\\\/\\\/radioljubuski.ba\\\/\",\"logo\":{\"@type\":\"ImageObject\",\"inLanguage\":\"hr\",\"@id\":\"https:\\\/\\\/radioljubuski.ba\\\/#\\\/schema\\\/logo\\\/image\\\/\",\"url\":\"https:\\\/\\\/radioljubuski.ba\\\/wp-content\\\/uploads\\\/2021\\\/02\\\/cropped-Radio_Ljubuski_logo1.jpg\",\"contentUrl\":\"https:\\\/\\\/radioljubuski.ba\\\/wp-content\\\/uploads\\\/2021\\\/02\\\/cropped-Radio_Ljubuski_logo1.jpg\",\"width\":512,\"height\":512,\"caption\":\"Radio Ljubu\u0161ki\"},\"image\":{\"@id\":\"https:\\\/\\\/radioljubuski.ba\\\/#\\\/schema\\\/logo\\\/image\\\/\"},\"sameAs\":[\"https:\\\/\\\/www.facebook.com\\\/Radiio-Ljubuski-1490835324566332\",\"https:\\\/\\\/x.com\\\/radioljubuski\",\"https:\\\/\\\/hr.linkedin.com\\\/company\\\/radio-ljubuski\",\"https:\\\/\\\/www.youtube.com\\\/channel\\\/UCHYaeO_n0Db3tjNGudGpXyw\"]},{\"@type\":\"Person\",\"@id\":\"https:\\\/\\\/radioljubuski.ba\\\/#\\\/schema\\\/person\\\/19fc700381a780f69665d7956c469e3b\",\"name\":\"Radio Ljubu\u0161ki\"}]}<\/script>\n<!-- \/ Yoast SEO plugin. -->","yoast_head_json":{"title":"Ukrao mu Golfa i ovce. Ovce prodao, Golfa vratio - RADIO LJUBU\u0160KI","robots":{"index":"index","follow":"follow","max-snippet":"max-snippet:-1","max-image-preview":"max-image-preview:large","max-video-preview":"max-video-preview:-1"},"canonical":"https:\/\/radioljubuski.ba\/index.php\/2022\/04\/15\/ukrao-mu-golfa-i-ovce-ovce-prodao-golfa-vratio\/","og_locale":"hr_HR","og_type":"article","og_title":"Ukrao mu Golfa i ovce. Ovce prodao, Golfa vratio - RADIO LJUBU\u0160KI","og_description":"Prijedorsko Okru\u017eno javno tu\u017eiteljstvo podiglo je optu\u017enicu protiv B.R. koja ga tereti da je od o\u0161te\u0107enog kri\u0161om &#8220;posudio&#8221; Golfa u kojeg je stavio ovcu i ovna koje mu je ukrao, pa kada ih je prodao, vratio je mu je automobil. Naime, optu\u017enica ga tereti da je krivi\u010dno djelo kra\u0111a po\u010dinio izme\u0111u 06. i 07. studenog&nbsp; [&hellip;]","og_url":"https:\/\/radioljubuski.ba\/index.php\/2022\/04\/15\/ukrao-mu-golfa-i-ovce-ovce-prodao-golfa-vratio\/","og_site_name":"RADIO LJUBU\u0160KI","article_publisher":"https:\/\/www.facebook.com\/Radiio-Ljubuski-1490835324566332","article_published_time":"2022-04-15T12:40:42+00:00","article_modified_time":"2022-04-15T12:40:43+00:00","og_image":[{"width":1000,"height":625,"url":"https:\/\/radioljubuski.ba\/wp-content\/uploads\/2022\/04\/8-2022-04-15-10-49-59-ovca-pixabay-ilustracija.jpg","type":"image\/jpeg"}],"author":"Radio Ljubu\u0161ki","twitter_card":"summary_large_image","twitter_creator":"@radioljubuski","twitter_site":"@radioljubuski","twitter_misc":{"Napisao\/la":"Radio Ljubu\u0161ki","Procijenjeno vrijeme \u010ditanja":"1 minuta"},"schema":{"@context":"https:\/\/schema.org","@graph":[{"@type":"Article","@id":"https:\/\/radioljubuski.ba\/index.php\/2022\/04\/15\/ukrao-mu-golfa-i-ovce-ovce-prodao-golfa-vratio\/#article","isPartOf":{"@id":"https:\/\/radioljubuski.ba\/index.php\/2022\/04\/15\/ukrao-mu-golfa-i-ovce-ovce-prodao-golfa-vratio\/"},"author":{"name":"Radio Ljubu\u0161ki","@id":"https:\/\/radioljubuski.ba\/#\/schema\/person\/19fc700381a780f69665d7956c469e3b"},"headline":"Ukrao mu Golfa i ovce. Ovce prodao, Golfa vratio","datePublished":"2022-04-15T12:40:42+00:00","dateModified":"2022-04-15T12:40:43+00:00","mainEntityOfPage":{"@id":"https:\/\/radioljubuski.ba\/index.php\/2022\/04\/15\/ukrao-mu-golfa-i-ovce-ovce-prodao-golfa-vratio\/"},"wordCount":236,"publisher":{"@id":"https:\/\/radioljubuski.ba\/#organization"},"image":{"@id":"https:\/\/radioljubuski.ba\/index.php\/2022\/04\/15\/ukrao-mu-golfa-i-ovce-ovce-prodao-golfa-vratio\/#primaryimage"},"thumbnailUrl":"https:\/\/radioljubuski.ba\/wp-content\/uploads\/2022\/04\/8-2022-04-15-10-49-59-ovca-pixabay-ilustracija.jpg","articleSection":["BIH i regija"],"inLanguage":"hr"},{"@type":"WebPage","@id":"https:\/\/radioljubuski.ba\/index.php\/2022\/04\/15\/ukrao-mu-golfa-i-ovce-ovce-prodao-golfa-vratio\/","url":"https:\/\/radioljubuski.ba\/index.php\/2022\/04\/15\/ukrao-mu-golfa-i-ovce-ovce-prodao-golfa-vratio\/","name":"Ukrao mu Golfa i ovce. Ovce prodao, Golfa vratio - RADIO LJUBU\u0160KI","isPartOf":{"@id":"https:\/\/radioljubuski.ba\/#website"},"primaryImageOfPage":{"@id":"https:\/\/radioljubuski.ba\/index.php\/2022\/04\/15\/ukrao-mu-golfa-i-ovce-ovce-prodao-golfa-vratio\/#primaryimage"},"image":{"@id":"https:\/\/radioljubuski.ba\/index.php\/2022\/04\/15\/ukrao-mu-golfa-i-ovce-ovce-prodao-golfa-vratio\/#primaryimage"},"thumbnailUrl":"https:\/\/radioljubuski.ba\/wp-content\/uploads\/2022\/04\/8-2022-04-15-10-49-59-ovca-pixabay-ilustracija.jpg","datePublished":"2022-04-15T12:40:42+00:00","dateModified":"2022-04-15T12:40:43+00:00","breadcrumb":{"@id":"https:\/\/radioljubuski.ba\/index.php\/2022\/04\/15\/ukrao-mu-golfa-i-ovce-ovce-prodao-golfa-vratio\/#breadcrumb"},"inLanguage":"hr","potentialAction":[{"@type":"ReadAction","target":["https:\/\/radioljubuski.ba\/index.php\/2022\/04\/15\/ukrao-mu-golfa-i-ovce-ovce-prodao-golfa-vratio\/"]}]},{"@type":"ImageObject","inLanguage":"hr","@id":"https:\/\/radioljubuski.ba\/index.php\/2022\/04\/15\/ukrao-mu-golfa-i-ovce-ovce-prodao-golfa-vratio\/#primaryimage","url":"https:\/\/radioljubuski.ba\/wp-content\/uploads\/2022\/04\/8-2022-04-15-10-49-59-ovca-pixabay-ilustracija.jpg","contentUrl":"https:\/\/radioljubuski.ba\/wp-content\/uploads\/2022\/04\/8-2022-04-15-10-49-59-ovca-pixabay-ilustracija.jpg","width":1000,"height":625},{"@type":"BreadcrumbList","@id":"https:\/\/radioljubuski.ba\/index.php\/2022\/04\/15\/ukrao-mu-golfa-i-ovce-ovce-prodao-golfa-vratio\/#breadcrumb","itemListElement":[{"@type":"ListItem","position":1,"name":"Po\u010detna stranica","item":"https:\/\/radioljubuski.ba\/"},{"@type":"ListItem","position":2,"name":"Ukrao mu Golfa i ovce. Ovce prodao, Golfa vratio"}]},{"@type":"WebSite","@id":"https:\/\/radioljubuski.ba\/#website","url":"https:\/\/radioljubuski.ba\/","name":"Radio Ljubu\u0161ki","description":"Sun\u010dana frekvencija Hercegovine","publisher":{"@id":"https:\/\/radioljubuski.ba\/#organization"},"potentialAction":[{"@type":"SearchAction","target":{"@type":"EntryPoint","urlTemplate":"https:\/\/radioljubuski.ba\/?s={search_term_string}"},"query-input":{"@type":"PropertyValueSpecification","valueRequired":true,"valueName":"search_term_string"}}],"inLanguage":"hr"},{"@type":"Organization","@id":"https:\/\/radioljubuski.ba\/#organization","name":"Radio Ljubu\u0161ki","url":"https:\/\/radioljubuski.ba\/","logo":{"@type":"ImageObject","inLanguage":"hr","@id":"https:\/\/radioljubuski.ba\/#\/schema\/logo\/image\/","url":"https:\/\/radioljubuski.ba\/wp-content\/uploads\/2021\/02\/cropped-Radio_Ljubuski_logo1.jpg","contentUrl":"https:\/\/radioljubuski.ba\/wp-content\/uploads\/2021\/02\/cropped-Radio_Ljubuski_logo1.jpg","width":512,"height":512,"caption":"Radio Ljubu\u0161ki"},"image":{"@id":"https:\/\/radioljubuski.ba\/#\/schema\/logo\/image\/"},"sameAs":["https:\/\/www.facebook.com\/Radiio-Ljubuski-1490835324566332","https:\/\/x.com\/radioljubuski","https:\/\/hr.linkedin.com\/company\/radio-ljubuski","https:\/\/www.youtube.com\/channel\/UCHYaeO_n0Db3tjNGudGpXyw"]},{"@type":"Person","@id":"https:\/\/radioljubuski.ba\/#\/schema\/person\/19fc700381a780f69665d7956c469e3b","name":"Radio Ljubu\u0161ki"}]}},"_links":{"self":[{"href":"https:\/\/radioljubuski.ba\/index.php\/wp-json\/wp\/v2\/posts\/133002","targetHints":{"allow":["GET"]}}],"collection":[{"href":"https:\/\/radioljubuski.ba\/index.php\/wp-json\/wp\/v2\/posts"}],"about":[{"href":"https:\/\/radioljubuski.ba\/index.php\/wp-json\/wp\/v2\/types\/post"}],"author":[{"embeddable":true,"href":"https:\/\/radioljubuski.ba\/index.php\/wp-json\/wp\/v2\/users\/2"}],"replies":[{"embeddable":true,"href":"https:\/\/radioljubuski.ba\/index.php\/wp-json\/wp\/v2\/comments?post=133002"}],"version-history":[{"count":1,"href":"https:\/\/radioljubuski.ba\/index.php\/wp-json\/wp\/v2\/posts\/133002\/revisions"}],"predecessor-version":[{"id":133004,"href":"https:\/\/radioljubuski.ba\/index.php\/wp-json\/wp\/v2\/posts\/133002\/revisions\/133004"}],"wp:featuredmedia":[{"embeddable":true,"href":"https:\/\/radioljubuski.ba\/index.php\/wp-json\/wp\/v2\/media\/133003"}],"wp:attachment":[{"href":"https:\/\/radioljubuski.ba\/index.php\/wp-json\/wp\/v2\/media?parent=133002"}],"wp:term":[{"taxonomy":"category","embeddable":true,"href":"https:\/\/radioljubuski.ba\/index.php\/wp-json\/wp\/v2\/categories?post=133002"},{"taxonomy":"post_tag","embeddable":true,"href":"https:\/\/radioljubuski.ba\/index.php\/wp-json\/wp\/v2\/tags?post=133002"}],"curies":[{"name":"wp","href":"https:\/\/api.w.org\/{rel}","templated":true}]}}