{"id":133017,"date":"2022-04-15T13:47:41","date_gmt":"2022-04-15T12:47:41","guid":{"rendered":"https:\/\/radioljubuski.ba\/?p=133017"},"modified":"2022-04-15T13:47:42","modified_gmt":"2022-04-15T12:47:42","slug":"jakirovic-ne-opterecujemo-se-matematikom-naslov-ce-doci-kad-dode","status":"publish","type":"post","link":"https:\/\/radioljubuski.ba\/index.php\/2022\/04\/15\/jakirovic-ne-opterecujemo-se-matematikom-naslov-ce-doci-kad-dode\/","title":{"rendered":"Jakirovi\u0107: Ne optere\u0107ujemo se matematikom, naslov \u0107e do\u0107i kad do\u0111e"},"content":{"rendered":"\n<p>Nogometa\u0161i Zrinjskog imat \u0107e priliku u subotu na svom terenu u derbi susretu protiv Sarajeva osigurati naslov prvaka, no trener &#8220;Plemi\u0107a&#8221; ka\u017ee kako se ne optere\u0107uje matematikom.<\/p>\n\n\n\n<p>Da bi &#8220;Plemi\u0107i&#8221; potvrdili sedmi naslov prvaka, prvi nakon 2018. godine, Zrinjskom \u0107e sutra biti potrebna pobjeda nad Sarajevom i da u utakmici koja se igra u ranijem terminu Tuzla City na svom terenu ne pobijedi Borac.<\/p>\n\n\n\n<p>&#8211; Pratit \u0107emo kako \u0107e igrati Tuzla i Borac, ali mi \u0107emo i sutra gledati samo sebe. Koncentracija je na utakmicu sa Sarajevom. Radi se o derbiju, o\u010dekujem na utakmici pune tribine, napravljene su neke akcije da se \u0161to vi\u0161e ljudi animira i mislim da su to ovi momci zaslu\u017eili. \u017delim igrati bez nekog posebnog pritiska, a titula \u0107e se desiti prije ili poslije &#8211; izjavio je Jakirovi\u0107 na redovitoj konferenciji za novinare uo\u010di 26. kola nogometne Premijer lige BiH.<\/p>\n\n\n\n<p>Trener Zrinjskog osvrnuo se i na sutra\u0161njeg protivnika, kazav\u0161i kako se polako po\u010dinje prepoznavati rukopis novog trenera Aleksandra Vasoskog koji je preuzeo Sarajevo u zimskoj stanci.<\/p>\n\n\n\n<p>&#8211; Mislim da \u0107e mu trebati jo\u0161 malo vremena da se upozna sa svim &#8220;\u010darima&#8221; bh. lige, kao \u0161to je i meni trebalo. On inzistira na napada\u010dkom nogometu i to se za sada vi\u0161e vidi u njihovim doma\u0107im utakmicama: dali su 12 golova u dvije utakmice i to treba respektirati. U gostima je to malo druk\u010dije, ali i mi u gostima igramo druk\u010dije &#8211; istaknuo je Jakirovi\u0107.<\/p>\n\n\n\n<p>\u0160to se ti\u010de zdravstvenog biltena u redovima Zrinjskog od ranije nema ozlije\u0111enih Petra Boje, Irfana Had\u017ei\u0107a i Dragana Juranovi\u0107a, a Jakirovi\u0107 \u0107e odmoriti i Karla Kamenara koji je osjetio manje zdravstvene tegobe.<\/p>\n\n\n\n<p>&#8211; Vra\u0107a nam se Zlomisli\u0107 nakon tri \u017euta, Beki\u0107 je u konkurenciji tako da nas ima za ovu utakmicu i za sve ono \u0161to planiramo provesti &#8211; dodao je trener.<\/p>\n\n\n\n<p>Na novinarsko pitanje da prokomentira utakmicu pro\u0161log gola Borac \u2013 Zrinjski (1:1) kojom je prekinut niz od 14 uzastopnih prvenstvenih pobjeda njegove mom\u010dadi, Jakirovi\u0107 je odgovorio kako nema potreba vra\u0107ati se na to.<\/p>\n\n\n\n<p>&#8211; Ne znam trebali to i\u0161ta komentirati. Ja smatram da na\u0161u seriju nije prekinuo Borac. To je to \u2013 zaklju\u010dio je trener Zrinjskog.<\/p>\n\n\n\n<p>Utakmica Zrinjski \u2013 Sarajevo igra se na stadionu pod Bijelim brijegom u subotu od 19 sati.<\/p>\n\n\n\n<p>Izvor:pogled.ba<\/p>\n","protected":false},"excerpt":{"rendered":"<p>Nogometa\u0161i Zrinjskog imat \u0107e priliku u subotu na svom terenu u derbi susretu protiv Sarajeva osigurati naslov prvaka, no trener &#8220;Plemi\u0107a&#8221; ka\u017ee kako se ne optere\u0107uje matematikom. Da bi &#8220;Plemi\u0107i&#8221; potvrdili sedmi naslov prvaka, prvi nakon 2018. godine, Zrinjskom \u0107e sutra biti potrebna pobjeda nad Sarajevom i da u utakmici koja se igra u ranijem [&hellip;]<\/p>\n","protected":false},"author":2,"featured_media":91198,"comment_status":"closed","ping_status":"closed","sticky":false,"template":"","format":"standard","meta":{"h5ap_radio_sources":[],"footnotes":""},"categories":[7],"tags":[],"class_list":["post-133017","post","type-post","status-publish","format-standard","has-post-thumbnail","hentry","category-sport"],"yoast_head":"<!-- This site is optimized with the Yoast SEO plugin v27.5 - https:\/\/yoast.com\/product\/yoast-seo-wordpress\/ -->\n<title>Jakirovi\u0107: Ne optere\u0107ujemo se matematikom, naslov \u0107e do\u0107i kad do\u0111e - RADIO LJUBU\u0160KI<\/title>\n<meta name=\"robots\" content=\"index, follow, max-snippet:-1, max-image-preview:large, max-video-preview:-1\" \/>\n<link rel=\"canonical\" href=\"https:\/\/radioljubuski.ba\/index.php\/2022\/04\/15\/jakirovic-ne-opterecujemo-se-matematikom-naslov-ce-doci-kad-dode\/\" \/>\n<meta property=\"og:locale\" content=\"hr_HR\" \/>\n<meta property=\"og:type\" content=\"article\" \/>\n<meta property=\"og:title\" content=\"Jakirovi\u0107: Ne optere\u0107ujemo se matematikom, naslov \u0107e do\u0107i kad do\u0111e - RADIO LJUBU\u0160KI\" \/>\n<meta property=\"og:description\" content=\"Nogometa\u0161i Zrinjskog imat \u0107e priliku u subotu na svom terenu u derbi susretu protiv Sarajeva osigurati naslov prvaka, no trener &#8220;Plemi\u0107a&#8221; ka\u017ee kako se ne optere\u0107uje matematikom. Da bi &#8220;Plemi\u0107i&#8221; potvrdili sedmi naslov prvaka, prvi nakon 2018. godine, Zrinjskom \u0107e sutra biti potrebna pobjeda nad Sarajevom i da u utakmici koja se igra u ranijem [&hellip;]\" \/>\n<meta property=\"og:url\" content=\"https:\/\/radioljubuski.ba\/index.php\/2022\/04\/15\/jakirovic-ne-opterecujemo-se-matematikom-naslov-ce-doci-kad-dode\/\" \/>\n<meta property=\"og:site_name\" content=\"RADIO LJUBU\u0160KI\" \/>\n<meta property=\"article:publisher\" content=\"https:\/\/www.facebook.com\/Radiio-Ljubuski-1490835324566332\" \/>\n<meta property=\"article:published_time\" content=\"2022-04-15T12:47:41+00:00\" \/>\n<meta property=\"article:modified_time\" content=\"2022-04-15T12:47:42+00:00\" \/>\n<meta property=\"og:image\" content=\"https:\/\/radioljubuski.ba\/wp-content\/uploads\/2021\/11\/2-2021-08-28-11-52-21-jakirovic.jpg\" \/>\n\t<meta property=\"og:image:width\" content=\"1000\" \/>\n\t<meta property=\"og:image:height\" content=\"625\" \/>\n\t<meta property=\"og:image:type\" content=\"image\/jpeg\" \/>\n<meta name=\"author\" content=\"Radio Ljubu\u0161ki\" \/>\n<meta name=\"twitter:card\" content=\"summary_large_image\" \/>\n<meta name=\"twitter:creator\" content=\"@radioljubuski\" \/>\n<meta name=\"twitter:site\" content=\"@radioljubuski\" \/>\n<meta name=\"twitter:label1\" content=\"Napisao\/la\" \/>\n\t<meta name=\"twitter:data1\" content=\"Radio Ljubu\u0161ki\" \/>\n\t<meta name=\"twitter:label2\" content=\"Procijenjeno vrijeme \u010ditanja\" \/>\n\t<meta name=\"twitter:data2\" content=\"2 minute\" \/>\n<script type=\"application\/ld+json\" class=\"yoast-schema-graph\">{\"@context\":\"https:\\\/\\\/schema.org\",\"@graph\":[{\"@type\":\"Article\",\"@id\":\"https:\\\/\\\/radioljubuski.ba\\\/index.php\\\/2022\\\/04\\\/15\\\/jakirovic-ne-opterecujemo-se-matematikom-naslov-ce-doci-kad-dode\\\/#article\",\"isPartOf\":{\"@id\":\"https:\\\/\\\/radioljubuski.ba\\\/index.php\\\/2022\\\/04\\\/15\\\/jakirovic-ne-opterecujemo-se-matematikom-naslov-ce-doci-kad-dode\\\/\"},\"author\":{\"name\":\"Radio Ljubu\u0161ki\",\"@id\":\"https:\\\/\\\/radioljubuski.ba\\\/#\\\/schema\\\/person\\\/19fc700381a780f69665d7956c469e3b\"},\"headline\":\"Jakirovi\u0107: Ne optere\u0107ujemo se matematikom, naslov \u0107e do\u0107i kad do\u0111e\",\"datePublished\":\"2022-04-15T12:47:41+00:00\",\"dateModified\":\"2022-04-15T12:47:42+00:00\",\"mainEntityOfPage\":{\"@id\":\"https:\\\/\\\/radioljubuski.ba\\\/index.php\\\/2022\\\/04\\\/15\\\/jakirovic-ne-opterecujemo-se-matematikom-naslov-ce-doci-kad-dode\\\/\"},\"wordCount\":407,\"publisher\":{\"@id\":\"https:\\\/\\\/radioljubuski.ba\\\/#organization\"},\"image\":{\"@id\":\"https:\\\/\\\/radioljubuski.ba\\\/index.php\\\/2022\\\/04\\\/15\\\/jakirovic-ne-opterecujemo-se-matematikom-naslov-ce-doci-kad-dode\\\/#primaryimage\"},\"thumbnailUrl\":\"https:\\\/\\\/radioljubuski.ba\\\/wp-content\\\/uploads\\\/2021\\\/11\\\/2-2021-08-28-11-52-21-jakirovic.jpg\",\"articleSection\":[\"\u0160port\"],\"inLanguage\":\"hr\"},{\"@type\":\"WebPage\",\"@id\":\"https:\\\/\\\/radioljubuski.ba\\\/index.php\\\/2022\\\/04\\\/15\\\/jakirovic-ne-opterecujemo-se-matematikom-naslov-ce-doci-kad-dode\\\/\",\"url\":\"https:\\\/\\\/radioljubuski.ba\\\/index.php\\\/2022\\\/04\\\/15\\\/jakirovic-ne-opterecujemo-se-matematikom-naslov-ce-doci-kad-dode\\\/\",\"name\":\"Jakirovi\u0107: Ne optere\u0107ujemo se matematikom, naslov \u0107e do\u0107i kad do\u0111e - RADIO LJUBU\u0160KI\",\"isPartOf\":{\"@id\":\"https:\\\/\\\/radioljubuski.ba\\\/#website\"},\"primaryImageOfPage\":{\"@id\":\"https:\\\/\\\/radioljubuski.ba\\\/index.php\\\/2022\\\/04\\\/15\\\/jakirovic-ne-opterecujemo-se-matematikom-naslov-ce-doci-kad-dode\\\/#primaryimage\"},\"image\":{\"@id\":\"https:\\\/\\\/radioljubuski.ba\\\/index.php\\\/2022\\\/04\\\/15\\\/jakirovic-ne-opterecujemo-se-matematikom-naslov-ce-doci-kad-dode\\\/#primaryimage\"},\"thumbnailUrl\":\"https:\\\/\\\/radioljubuski.ba\\\/wp-content\\\/uploads\\\/2021\\\/11\\\/2-2021-08-28-11-52-21-jakirovic.jpg\",\"datePublished\":\"2022-04-15T12:47:41+00:00\",\"dateModified\":\"2022-04-15T12:47:42+00:00\",\"breadcrumb\":{\"@id\":\"https:\\\/\\\/radioljubuski.ba\\\/index.php\\\/2022\\\/04\\\/15\\\/jakirovic-ne-opterecujemo-se-matematikom-naslov-ce-doci-kad-dode\\\/#breadcrumb\"},\"inLanguage\":\"hr\",\"potentialAction\":[{\"@type\":\"ReadAction\",\"target\":[\"https:\\\/\\\/radioljubuski.ba\\\/index.php\\\/2022\\\/04\\\/15\\\/jakirovic-ne-opterecujemo-se-matematikom-naslov-ce-doci-kad-dode\\\/\"]}]},{\"@type\":\"ImageObject\",\"inLanguage\":\"hr\",\"@id\":\"https:\\\/\\\/radioljubuski.ba\\\/index.php\\\/2022\\\/04\\\/15\\\/jakirovic-ne-opterecujemo-se-matematikom-naslov-ce-doci-kad-dode\\\/#primaryimage\",\"url\":\"https:\\\/\\\/radioljubuski.ba\\\/wp-content\\\/uploads\\\/2021\\\/11\\\/2-2021-08-28-11-52-21-jakirovic.jpg\",\"contentUrl\":\"https:\\\/\\\/radioljubuski.ba\\\/wp-content\\\/uploads\\\/2021\\\/11\\\/2-2021-08-28-11-52-21-jakirovic.jpg\",\"width\":1000,\"height\":625},{\"@type\":\"BreadcrumbList\",\"@id\":\"https:\\\/\\\/radioljubuski.ba\\\/index.php\\\/2022\\\/04\\\/15\\\/jakirovic-ne-opterecujemo-se-matematikom-naslov-ce-doci-kad-dode\\\/#breadcrumb\",\"itemListElement\":[{\"@type\":\"ListItem\",\"position\":1,\"name\":\"Po\u010detna stranica\",\"item\":\"https:\\\/\\\/radioljubuski.ba\\\/\"},{\"@type\":\"ListItem\",\"position\":2,\"name\":\"Jakirovi\u0107: Ne optere\u0107ujemo se matematikom, naslov \u0107e do\u0107i kad do\u0111e\"}]},{\"@type\":\"WebSite\",\"@id\":\"https:\\\/\\\/radioljubuski.ba\\\/#website\",\"url\":\"https:\\\/\\\/radioljubuski.ba\\\/\",\"name\":\"Radio Ljubu\u0161ki\",\"description\":\"Sun\u010dana frekvencija Hercegovine\",\"publisher\":{\"@id\":\"https:\\\/\\\/radioljubuski.ba\\\/#organization\"},\"potentialAction\":[{\"@type\":\"SearchAction\",\"target\":{\"@type\":\"EntryPoint\",\"urlTemplate\":\"https:\\\/\\\/radioljubuski.ba\\\/?s={search_term_string}\"},\"query-input\":{\"@type\":\"PropertyValueSpecification\",\"valueRequired\":true,\"valueName\":\"search_term_string\"}}],\"inLanguage\":\"hr\"},{\"@type\":\"Organization\",\"@id\":\"https:\\\/\\\/radioljubuski.ba\\\/#organization\",\"name\":\"Radio Ljubu\u0161ki\",\"url\":\"https:\\\/\\\/radioljubuski.ba\\\/\",\"logo\":{\"@type\":\"ImageObject\",\"inLanguage\":\"hr\",\"@id\":\"https:\\\/\\\/radioljubuski.ba\\\/#\\\/schema\\\/logo\\\/image\\\/\",\"url\":\"https:\\\/\\\/radioljubuski.ba\\\/wp-content\\\/uploads\\\/2021\\\/02\\\/cropped-Radio_Ljubuski_logo1.jpg\",\"contentUrl\":\"https:\\\/\\\/radioljubuski.ba\\\/wp-content\\\/uploads\\\/2021\\\/02\\\/cropped-Radio_Ljubuski_logo1.jpg\",\"width\":512,\"height\":512,\"caption\":\"Radio Ljubu\u0161ki\"},\"image\":{\"@id\":\"https:\\\/\\\/radioljubuski.ba\\\/#\\\/schema\\\/logo\\\/image\\\/\"},\"sameAs\":[\"https:\\\/\\\/www.facebook.com\\\/Radiio-Ljubuski-1490835324566332\",\"https:\\\/\\\/x.com\\\/radioljubuski\",\"https:\\\/\\\/hr.linkedin.com\\\/company\\\/radio-ljubuski\",\"https:\\\/\\\/www.youtube.com\\\/channel\\\/UCHYaeO_n0Db3tjNGudGpXyw\"]},{\"@type\":\"Person\",\"@id\":\"https:\\\/\\\/radioljubuski.ba\\\/#\\\/schema\\\/person\\\/19fc700381a780f69665d7956c469e3b\",\"name\":\"Radio Ljubu\u0161ki\"}]}<\/script>\n<!-- \/ Yoast SEO plugin. -->","yoast_head_json":{"title":"Jakirovi\u0107: Ne optere\u0107ujemo se matematikom, naslov \u0107e do\u0107i kad do\u0111e - RADIO LJUBU\u0160KI","robots":{"index":"index","follow":"follow","max-snippet":"max-snippet:-1","max-image-preview":"max-image-preview:large","max-video-preview":"max-video-preview:-1"},"canonical":"https:\/\/radioljubuski.ba\/index.php\/2022\/04\/15\/jakirovic-ne-opterecujemo-se-matematikom-naslov-ce-doci-kad-dode\/","og_locale":"hr_HR","og_type":"article","og_title":"Jakirovi\u0107: Ne optere\u0107ujemo se matematikom, naslov \u0107e do\u0107i kad do\u0111e - RADIO LJUBU\u0160KI","og_description":"Nogometa\u0161i Zrinjskog imat \u0107e priliku u subotu na svom terenu u derbi susretu protiv Sarajeva osigurati naslov prvaka, no trener &#8220;Plemi\u0107a&#8221; ka\u017ee kako se ne optere\u0107uje matematikom. Da bi &#8220;Plemi\u0107i&#8221; potvrdili sedmi naslov prvaka, prvi nakon 2018. godine, Zrinjskom \u0107e sutra biti potrebna pobjeda nad Sarajevom i da u utakmici koja se igra u ranijem [&hellip;]","og_url":"https:\/\/radioljubuski.ba\/index.php\/2022\/04\/15\/jakirovic-ne-opterecujemo-se-matematikom-naslov-ce-doci-kad-dode\/","og_site_name":"RADIO LJUBU\u0160KI","article_publisher":"https:\/\/www.facebook.com\/Radiio-Ljubuski-1490835324566332","article_published_time":"2022-04-15T12:47:41+00:00","article_modified_time":"2022-04-15T12:47:42+00:00","og_image":[{"width":1000,"height":625,"url":"https:\/\/radioljubuski.ba\/wp-content\/uploads\/2021\/11\/2-2021-08-28-11-52-21-jakirovic.jpg","type":"image\/jpeg"}],"author":"Radio Ljubu\u0161ki","twitter_card":"summary_large_image","twitter_creator":"@radioljubuski","twitter_site":"@radioljubuski","twitter_misc":{"Napisao\/la":"Radio Ljubu\u0161ki","Procijenjeno vrijeme \u010ditanja":"2 minute"},"schema":{"@context":"https:\/\/schema.org","@graph":[{"@type":"Article","@id":"https:\/\/radioljubuski.ba\/index.php\/2022\/04\/15\/jakirovic-ne-opterecujemo-se-matematikom-naslov-ce-doci-kad-dode\/#article","isPartOf":{"@id":"https:\/\/radioljubuski.ba\/index.php\/2022\/04\/15\/jakirovic-ne-opterecujemo-se-matematikom-naslov-ce-doci-kad-dode\/"},"author":{"name":"Radio Ljubu\u0161ki","@id":"https:\/\/radioljubuski.ba\/#\/schema\/person\/19fc700381a780f69665d7956c469e3b"},"headline":"Jakirovi\u0107: Ne optere\u0107ujemo se matematikom, naslov \u0107e do\u0107i kad do\u0111e","datePublished":"2022-04-15T12:47:41+00:00","dateModified":"2022-04-15T12:47:42+00:00","mainEntityOfPage":{"@id":"https:\/\/radioljubuski.ba\/index.php\/2022\/04\/15\/jakirovic-ne-opterecujemo-se-matematikom-naslov-ce-doci-kad-dode\/"},"wordCount":407,"publisher":{"@id":"https:\/\/radioljubuski.ba\/#organization"},"image":{"@id":"https:\/\/radioljubuski.ba\/index.php\/2022\/04\/15\/jakirovic-ne-opterecujemo-se-matematikom-naslov-ce-doci-kad-dode\/#primaryimage"},"thumbnailUrl":"https:\/\/radioljubuski.ba\/wp-content\/uploads\/2021\/11\/2-2021-08-28-11-52-21-jakirovic.jpg","articleSection":["\u0160port"],"inLanguage":"hr"},{"@type":"WebPage","@id":"https:\/\/radioljubuski.ba\/index.php\/2022\/04\/15\/jakirovic-ne-opterecujemo-se-matematikom-naslov-ce-doci-kad-dode\/","url":"https:\/\/radioljubuski.ba\/index.php\/2022\/04\/15\/jakirovic-ne-opterecujemo-se-matematikom-naslov-ce-doci-kad-dode\/","name":"Jakirovi\u0107: Ne optere\u0107ujemo se matematikom, naslov \u0107e do\u0107i kad do\u0111e - RADIO LJUBU\u0160KI","isPartOf":{"@id":"https:\/\/radioljubuski.ba\/#website"},"primaryImageOfPage":{"@id":"https:\/\/radioljubuski.ba\/index.php\/2022\/04\/15\/jakirovic-ne-opterecujemo-se-matematikom-naslov-ce-doci-kad-dode\/#primaryimage"},"image":{"@id":"https:\/\/radioljubuski.ba\/index.php\/2022\/04\/15\/jakirovic-ne-opterecujemo-se-matematikom-naslov-ce-doci-kad-dode\/#primaryimage"},"thumbnailUrl":"https:\/\/radioljubuski.ba\/wp-content\/uploads\/2021\/11\/2-2021-08-28-11-52-21-jakirovic.jpg","datePublished":"2022-04-15T12:47:41+00:00","dateModified":"2022-04-15T12:47:42+00:00","breadcrumb":{"@id":"https:\/\/radioljubuski.ba\/index.php\/2022\/04\/15\/jakirovic-ne-opterecujemo-se-matematikom-naslov-ce-doci-kad-dode\/#breadcrumb"},"inLanguage":"hr","potentialAction":[{"@type":"ReadAction","target":["https:\/\/radioljubuski.ba\/index.php\/2022\/04\/15\/jakirovic-ne-opterecujemo-se-matematikom-naslov-ce-doci-kad-dode\/"]}]},{"@type":"ImageObject","inLanguage":"hr","@id":"https:\/\/radioljubuski.ba\/index.php\/2022\/04\/15\/jakirovic-ne-opterecujemo-se-matematikom-naslov-ce-doci-kad-dode\/#primaryimage","url":"https:\/\/radioljubuski.ba\/wp-content\/uploads\/2021\/11\/2-2021-08-28-11-52-21-jakirovic.jpg","contentUrl":"https:\/\/radioljubuski.ba\/wp-content\/uploads\/2021\/11\/2-2021-08-28-11-52-21-jakirovic.jpg","width":1000,"height":625},{"@type":"BreadcrumbList","@id":"https:\/\/radioljubuski.ba\/index.php\/2022\/04\/15\/jakirovic-ne-opterecujemo-se-matematikom-naslov-ce-doci-kad-dode\/#breadcrumb","itemListElement":[{"@type":"ListItem","position":1,"name":"Po\u010detna stranica","item":"https:\/\/radioljubuski.ba\/"},{"@type":"ListItem","position":2,"name":"Jakirovi\u0107: Ne optere\u0107ujemo se matematikom, naslov \u0107e do\u0107i kad do\u0111e"}]},{"@type":"WebSite","@id":"https:\/\/radioljubuski.ba\/#website","url":"https:\/\/radioljubuski.ba\/","name":"Radio Ljubu\u0161ki","description":"Sun\u010dana frekvencija Hercegovine","publisher":{"@id":"https:\/\/radioljubuski.ba\/#organization"},"potentialAction":[{"@type":"SearchAction","target":{"@type":"EntryPoint","urlTemplate":"https:\/\/radioljubuski.ba\/?s={search_term_string}"},"query-input":{"@type":"PropertyValueSpecification","valueRequired":true,"valueName":"search_term_string"}}],"inLanguage":"hr"},{"@type":"Organization","@id":"https:\/\/radioljubuski.ba\/#organization","name":"Radio Ljubu\u0161ki","url":"https:\/\/radioljubuski.ba\/","logo":{"@type":"ImageObject","inLanguage":"hr","@id":"https:\/\/radioljubuski.ba\/#\/schema\/logo\/image\/","url":"https:\/\/radioljubuski.ba\/wp-content\/uploads\/2021\/02\/cropped-Radio_Ljubuski_logo1.jpg","contentUrl":"https:\/\/radioljubuski.ba\/wp-content\/uploads\/2021\/02\/cropped-Radio_Ljubuski_logo1.jpg","width":512,"height":512,"caption":"Radio Ljubu\u0161ki"},"image":{"@id":"https:\/\/radioljubuski.ba\/#\/schema\/logo\/image\/"},"sameAs":["https:\/\/www.facebook.com\/Radiio-Ljubuski-1490835324566332","https:\/\/x.com\/radioljubuski","https:\/\/hr.linkedin.com\/company\/radio-ljubuski","https:\/\/www.youtube.com\/channel\/UCHYaeO_n0Db3tjNGudGpXyw"]},{"@type":"Person","@id":"https:\/\/radioljubuski.ba\/#\/schema\/person\/19fc700381a780f69665d7956c469e3b","name":"Radio Ljubu\u0161ki"}]}},"_links":{"self":[{"href":"https:\/\/radioljubuski.ba\/index.php\/wp-json\/wp\/v2\/posts\/133017","targetHints":{"allow":["GET"]}}],"collection":[{"href":"https:\/\/radioljubuski.ba\/index.php\/wp-json\/wp\/v2\/posts"}],"about":[{"href":"https:\/\/radioljubuski.ba\/index.php\/wp-json\/wp\/v2\/types\/post"}],"author":[{"embeddable":true,"href":"https:\/\/radioljubuski.ba\/index.php\/wp-json\/wp\/v2\/users\/2"}],"replies":[{"embeddable":true,"href":"https:\/\/radioljubuski.ba\/index.php\/wp-json\/wp\/v2\/comments?post=133017"}],"version-history":[{"count":1,"href":"https:\/\/radioljubuski.ba\/index.php\/wp-json\/wp\/v2\/posts\/133017\/revisions"}],"predecessor-version":[{"id":133018,"href":"https:\/\/radioljubuski.ba\/index.php\/wp-json\/wp\/v2\/posts\/133017\/revisions\/133018"}],"wp:featuredmedia":[{"embeddable":true,"href":"https:\/\/radioljubuski.ba\/index.php\/wp-json\/wp\/v2\/media\/91198"}],"wp:attachment":[{"href":"https:\/\/radioljubuski.ba\/index.php\/wp-json\/wp\/v2\/media?parent=133017"}],"wp:term":[{"taxonomy":"category","embeddable":true,"href":"https:\/\/radioljubuski.ba\/index.php\/wp-json\/wp\/v2\/categories?post=133017"},{"taxonomy":"post_tag","embeddable":true,"href":"https:\/\/radioljubuski.ba\/index.php\/wp-json\/wp\/v2\/tags?post=133017"}],"curies":[{"name":"wp","href":"https:\/\/api.w.org\/{rel}","templated":true}]}}