{"id":133024,"date":"2022-04-15T13:53:48","date_gmt":"2022-04-15T12:53:48","guid":{"rendered":"https:\/\/radioljubuski.ba\/?p=133024"},"modified":"2022-04-15T13:53:49","modified_gmt":"2022-04-15T12:53:49","slug":"gvardijan-tuzlanski-fra-zeljko-nikolic-uputio-uskrsnu-poruku-uskrs-radikalna-promjena-svega","status":"publish","type":"post","link":"https:\/\/radioljubuski.ba\/index.php\/2022\/04\/15\/gvardijan-tuzlanski-fra-zeljko-nikolic-uputio-uskrsnu-poruku-uskrs-radikalna-promjena-svega\/","title":{"rendered":"Gvardijan tuzlanski fra \u017deljko Nikoli\u0107 uputio uskrsnu poruku: Uskrs radikalna promjena svega"},"content":{"rendered":"\n<p>U povodu nastupaju\u0107ih uskrsnih blagdana, gvardijan franjeva\u010dkog samostana Sv. Petra i Pavla u Tuzli fra \u017deljko Nikoli\u0107, uputio je uskrsnu poruku.&nbsp;<\/p>\n\n\n\n<p>&#8211; Kr\u0161\u0107ani cijeloga svijeta, bez obzira na njihovu konfesionalnu raznolikost, u Isusu, kojega Novi Zavjet naziva Kristom (\u201ePomazanikom\u201c), prepoznaju novu Bo\u017eju objavu i Bo\u017eji odgovor na ona temeljna pitanja koja bi trebala mu\u010diti svakoga \u010dovjeka pojedina\u010dno: Tko smo? Odakle dolazimo? Kamo idemo? \u0160to je smisao dobrote, pravde, ljubavi i solidarnosti? Suvremeni \u010dovjek nije vi\u0161e, na\u017ealost, zainteresiran za ova temeljna ljudska i egzistencijalna pitanja. \u010covjek koji \u017eivi i u na\u0161oj zemlji i ovome na\u0161emu gradu, optere\u0107en brigama svakodnevice, nesigurno\u0161\u0107u vlastite egzistencije, materijalnom i duhovnom neima\u0161tinom, interesnom i neodgovornom politikom te suo\u010den s raspadom tradicionalnoga sustava vrijednosti tako\u0111er se odmaknuo od postavljanja i odgovaranja na ova temeljna pitanja. Situacija globalne i lokalne tjeskobe postala je i na\u0161 ovda\u0161nji na\u010din \u017eivota &#8211; istakao je na po\u010detku poruke gvardijan Nikoli\u0107.&nbsp;<\/p>\n\n\n\n<p>Spomenuo je kako pandemija koronavirusa nije pobije\u0111ena, a da se vodi i brutalni agresivni rat koji Rusija vodi na europskome Istoku, a koji, isti\u010de gvardijan Nikoli\u0107, u ranjenim sje\u0107anjima na\u0161ih sugra\u0111ana budi aluzije na stradanja u ratu kod nas, pridonose op\u0107em stanju o\u010daja, nesigurnosti i tjeskobe.<\/p>\n\n\n\n<p>&#8211; Teologija Uskrsa i vjernici kr\u0161\u0107ani na\u0161ega grada i na\u0161e zemlje Bosne i Hercegovine \u017eele, pozivaju\u0107i se na osloboditeljsku poruku \u010dinjenice da se njihov U\u010ditelj, poslije tragedije Velikoga Petka, pojavio \u017eiv me\u0111u njima, tome svijetu tjeskobe, straha i nesnala\u017eenja ponuditi jedan okvir i prostor nove nade, novi smisao i novu to\u010dku orijentacije&#8230; I nije Uskrs, to se mora naglasiti, samo ovosvjetska nada i ovosvjetska poruka o nekoj utopijskoj budu\u0107nosti. Sekularne ideologije koje se prodaju kao religije \u017eive na\u017ealost jo\u0161 i danas: fa\u0161izam, nacionalsocijalizam, komunizam, nacionalizam, ekonomizam obe\u0107avale su i obe\u0107avaju i danas neodre\u0111enu nadu i &#8216;spasenje&#8217; i &#8216;otkupljenje&#8217; \u010dovjeku, uvla\u010de\u0107i ga u mre\u017eu robovanja &#8216;djelima ljudskih ruku&#8217; i ljudske \u017eelje za mo\u0107i. Da je to tako treba samo \u010duti kojim se kvalifikacijama \u010daste zara\u0107ene strane u Ukrajini &#8211; isti\u010de gvardijan Nikoli\u0107 i zaklju\u010duje:&nbsp;<\/p>\n\n\n\n<p>&#8211; Uskrsli U\u010ditelj, s druge strane, \u017eeli istrgnuti \u010dovjeka iz robovanja bilo kakvoj &#8216;zemljanoj&#8217; ideologiji, \u017eeli \u010dovjekov pogled okrenuti prema Bo\u017ejoj budu\u0107nosti, prema punini praznoga groba, prema orijentacijskoj to\u010dci koju ne mo\u017ee producirati suvremeni nadmeni &#8216;ekonomski, vojni i politi\u010dki progres&#8217;. Uskrsna je poruka zapravo poziv da \u010dovjek promijeni perspektivu gledanja na \u017eivot, na zajednicu, na dr\u017eavu, politiku, ekonomiju, da promijeni pogled na svijet.&nbsp;<\/p>\n\n\n\n<p>Vjernici u na\u0161oj zemlji i na\u0161emu gradu prvi su pozvani da to u\u010dine. I da u njihovu \u017eivotu, djelovanju i radikalnoj nesebi\u010dnoj &#8216;isusovskoj&#8217; ljubavi i odgovornosti svi drugi prepoznaju tu novu, uskrsnu, obnovljenu perspektivu koja mo\u017ee, korak po korak, preobraziti na\u0161e izobli\u010dene i nepravedne socijalne, politi\u010dke pa i religijske zajednice.<\/p>\n\n\n\n<p>Jer Uskrs i jest radikalna promjena svega. Promjena rezignacije u nadu, promjena besmisla u smisao, bolesti u zdravlje, rata u mir, promjena smrti u \u017eivot.<\/p>\n\n\n\n<p>Svim kr\u0161\u0107anskim vjernicima na\u0161ega grada i na\u0161e domovine \u017eelim sretan Uskrs, a osobito onima malenim, jednostavnim ljudima koji u svome svakodnevlju, kroz svoj posao te svojom blizinom konkretnom \u010dovjeku, svjedo\u010de poruku nade i novosti \u017eivota uskrsloga Krista Gospodina. Sve ljude dobre volje u na\u0161emu gradu Tuzli i cijeloj BiH pozivam da s nama podijele radost ove velike i preva\u017ene svetkovine, svetkovine nade u Bo\u017eji svijet pomirenoga \u010dovjeka i izmirenoga \u010dovje\u010danstva. Sretan Uskrs!&#8221;<\/p>\n\n\n\n<p>Izvor:pogled.ba<\/p>\n","protected":false},"excerpt":{"rendered":"<p>U povodu nastupaju\u0107ih uskrsnih blagdana, gvardijan franjeva\u010dkog samostana Sv. Petra i Pavla u Tuzli fra \u017deljko Nikoli\u0107, uputio je uskrsnu poruku.&nbsp; &#8211; Kr\u0161\u0107ani cijeloga svijeta, bez obzira na njihovu konfesionalnu raznolikost, u Isusu, kojega Novi Zavjet naziva Kristom (\u201ePomazanikom\u201c), prepoznaju novu Bo\u017eju objavu i Bo\u017eji odgovor na ona temeljna pitanja koja bi trebala mu\u010diti svakoga [&hellip;]<\/p>\n","protected":false},"author":2,"featured_media":133025,"comment_status":"closed","ping_status":"closed","sticky":false,"template":"","format":"standard","meta":{"h5ap_radio_sources":[],"footnotes":""},"categories":[1],"tags":[],"class_list":["post-133024","post","type-post","status-publish","format-standard","has-post-thumbnail","hentry","category-bihiregija"],"yoast_head":"<!-- This site is optimized with the Yoast SEO plugin v27.5 - https:\/\/yoast.com\/product\/yoast-seo-wordpress\/ -->\n<title>Gvardijan tuzlanski fra \u017deljko Nikoli\u0107 uputio uskrsnu poruku: Uskrs radikalna promjena svega - RADIO LJUBU\u0160KI<\/title>\n<meta name=\"robots\" content=\"index, follow, max-snippet:-1, max-image-preview:large, max-video-preview:-1\" \/>\n<link rel=\"canonical\" href=\"https:\/\/radioljubuski.ba\/index.php\/2022\/04\/15\/gvardijan-tuzlanski-fra-zeljko-nikolic-uputio-uskrsnu-poruku-uskrs-radikalna-promjena-svega\/\" \/>\n<meta property=\"og:locale\" content=\"hr_HR\" \/>\n<meta property=\"og:type\" content=\"article\" \/>\n<meta property=\"og:title\" content=\"Gvardijan tuzlanski fra \u017deljko Nikoli\u0107 uputio uskrsnu poruku: Uskrs radikalna promjena svega - RADIO LJUBU\u0160KI\" \/>\n<meta property=\"og:description\" content=\"U povodu nastupaju\u0107ih uskrsnih blagdana, gvardijan franjeva\u010dkog samostana Sv. Petra i Pavla u Tuzli fra \u017deljko Nikoli\u0107, uputio je uskrsnu poruku.&nbsp; &#8211; Kr\u0161\u0107ani cijeloga svijeta, bez obzira na njihovu konfesionalnu raznolikost, u Isusu, kojega Novi Zavjet naziva Kristom (\u201ePomazanikom\u201c), prepoznaju novu Bo\u017eju objavu i Bo\u017eji odgovor na ona temeljna pitanja koja bi trebala mu\u010diti svakoga [&hellip;]\" \/>\n<meta property=\"og:url\" content=\"https:\/\/radioljubuski.ba\/index.php\/2022\/04\/15\/gvardijan-tuzlanski-fra-zeljko-nikolic-uputio-uskrsnu-poruku-uskrs-radikalna-promjena-svega\/\" \/>\n<meta property=\"og:site_name\" content=\"RADIO LJUBU\u0160KI\" \/>\n<meta property=\"article:publisher\" content=\"https:\/\/www.facebook.com\/Radiio-Ljubuski-1490835324566332\" \/>\n<meta property=\"article:published_time\" content=\"2022-04-15T12:53:48+00:00\" \/>\n<meta property=\"article:modified_time\" content=\"2022-04-15T12:53:49+00:00\" \/>\n<meta property=\"og:image\" content=\"https:\/\/radioljubuski.ba\/wp-content\/uploads\/2022\/04\/2-2022-04-15-12-45-04-l_7e2676a55e42b80c831ff2b668362749.jpeg\" \/>\n\t<meta property=\"og:image:width\" content=\"1000\" \/>\n\t<meta property=\"og:image:height\" content=\"625\" \/>\n\t<meta property=\"og:image:type\" content=\"image\/jpeg\" \/>\n<meta name=\"author\" content=\"Radio Ljubu\u0161ki\" \/>\n<meta name=\"twitter:card\" content=\"summary_large_image\" \/>\n<meta name=\"twitter:creator\" content=\"@radioljubuski\" \/>\n<meta name=\"twitter:site\" content=\"@radioljubuski\" \/>\n<meta name=\"twitter:label1\" content=\"Napisao\/la\" \/>\n\t<meta name=\"twitter:data1\" content=\"Radio Ljubu\u0161ki\" \/>\n\t<meta name=\"twitter:label2\" content=\"Procijenjeno vrijeme \u010ditanja\" \/>\n\t<meta name=\"twitter:data2\" content=\"3 minute\" \/>\n<script type=\"application\/ld+json\" class=\"yoast-schema-graph\">{\"@context\":\"https:\\\/\\\/schema.org\",\"@graph\":[{\"@type\":\"Article\",\"@id\":\"https:\\\/\\\/radioljubuski.ba\\\/index.php\\\/2022\\\/04\\\/15\\\/gvardijan-tuzlanski-fra-zeljko-nikolic-uputio-uskrsnu-poruku-uskrs-radikalna-promjena-svega\\\/#article\",\"isPartOf\":{\"@id\":\"https:\\\/\\\/radioljubuski.ba\\\/index.php\\\/2022\\\/04\\\/15\\\/gvardijan-tuzlanski-fra-zeljko-nikolic-uputio-uskrsnu-poruku-uskrs-radikalna-promjena-svega\\\/\"},\"author\":{\"name\":\"Radio Ljubu\u0161ki\",\"@id\":\"https:\\\/\\\/radioljubuski.ba\\\/#\\\/schema\\\/person\\\/19fc700381a780f69665d7956c469e3b\"},\"headline\":\"Gvardijan tuzlanski fra \u017deljko Nikoli\u0107 uputio uskrsnu poruku: Uskrs radikalna promjena svega\",\"datePublished\":\"2022-04-15T12:53:48+00:00\",\"dateModified\":\"2022-04-15T12:53:49+00:00\",\"mainEntityOfPage\":{\"@id\":\"https:\\\/\\\/radioljubuski.ba\\\/index.php\\\/2022\\\/04\\\/15\\\/gvardijan-tuzlanski-fra-zeljko-nikolic-uputio-uskrsnu-poruku-uskrs-radikalna-promjena-svega\\\/\"},\"wordCount\":625,\"publisher\":{\"@id\":\"https:\\\/\\\/radioljubuski.ba\\\/#organization\"},\"image\":{\"@id\":\"https:\\\/\\\/radioljubuski.ba\\\/index.php\\\/2022\\\/04\\\/15\\\/gvardijan-tuzlanski-fra-zeljko-nikolic-uputio-uskrsnu-poruku-uskrs-radikalna-promjena-svega\\\/#primaryimage\"},\"thumbnailUrl\":\"https:\\\/\\\/radioljubuski.ba\\\/wp-content\\\/uploads\\\/2022\\\/04\\\/2-2022-04-15-12-45-04-l_7e2676a55e42b80c831ff2b668362749.jpeg\",\"articleSection\":[\"BIH i regija\"],\"inLanguage\":\"hr\"},{\"@type\":\"WebPage\",\"@id\":\"https:\\\/\\\/radioljubuski.ba\\\/index.php\\\/2022\\\/04\\\/15\\\/gvardijan-tuzlanski-fra-zeljko-nikolic-uputio-uskrsnu-poruku-uskrs-radikalna-promjena-svega\\\/\",\"url\":\"https:\\\/\\\/radioljubuski.ba\\\/index.php\\\/2022\\\/04\\\/15\\\/gvardijan-tuzlanski-fra-zeljko-nikolic-uputio-uskrsnu-poruku-uskrs-radikalna-promjena-svega\\\/\",\"name\":\"Gvardijan tuzlanski fra \u017deljko Nikoli\u0107 uputio uskrsnu poruku: Uskrs radikalna promjena svega - RADIO LJUBU\u0160KI\",\"isPartOf\":{\"@id\":\"https:\\\/\\\/radioljubuski.ba\\\/#website\"},\"primaryImageOfPage\":{\"@id\":\"https:\\\/\\\/radioljubuski.ba\\\/index.php\\\/2022\\\/04\\\/15\\\/gvardijan-tuzlanski-fra-zeljko-nikolic-uputio-uskrsnu-poruku-uskrs-radikalna-promjena-svega\\\/#primaryimage\"},\"image\":{\"@id\":\"https:\\\/\\\/radioljubuski.ba\\\/index.php\\\/2022\\\/04\\\/15\\\/gvardijan-tuzlanski-fra-zeljko-nikolic-uputio-uskrsnu-poruku-uskrs-radikalna-promjena-svega\\\/#primaryimage\"},\"thumbnailUrl\":\"https:\\\/\\\/radioljubuski.ba\\\/wp-content\\\/uploads\\\/2022\\\/04\\\/2-2022-04-15-12-45-04-l_7e2676a55e42b80c831ff2b668362749.jpeg\",\"datePublished\":\"2022-04-15T12:53:48+00:00\",\"dateModified\":\"2022-04-15T12:53:49+00:00\",\"breadcrumb\":{\"@id\":\"https:\\\/\\\/radioljubuski.ba\\\/index.php\\\/2022\\\/04\\\/15\\\/gvardijan-tuzlanski-fra-zeljko-nikolic-uputio-uskrsnu-poruku-uskrs-radikalna-promjena-svega\\\/#breadcrumb\"},\"inLanguage\":\"hr\",\"potentialAction\":[{\"@type\":\"ReadAction\",\"target\":[\"https:\\\/\\\/radioljubuski.ba\\\/index.php\\\/2022\\\/04\\\/15\\\/gvardijan-tuzlanski-fra-zeljko-nikolic-uputio-uskrsnu-poruku-uskrs-radikalna-promjena-svega\\\/\"]}]},{\"@type\":\"ImageObject\",\"inLanguage\":\"hr\",\"@id\":\"https:\\\/\\\/radioljubuski.ba\\\/index.php\\\/2022\\\/04\\\/15\\\/gvardijan-tuzlanski-fra-zeljko-nikolic-uputio-uskrsnu-poruku-uskrs-radikalna-promjena-svega\\\/#primaryimage\",\"url\":\"https:\\\/\\\/radioljubuski.ba\\\/wp-content\\\/uploads\\\/2022\\\/04\\\/2-2022-04-15-12-45-04-l_7e2676a55e42b80c831ff2b668362749.jpeg\",\"contentUrl\":\"https:\\\/\\\/radioljubuski.ba\\\/wp-content\\\/uploads\\\/2022\\\/04\\\/2-2022-04-15-12-45-04-l_7e2676a55e42b80c831ff2b668362749.jpeg\",\"width\":1000,\"height\":625},{\"@type\":\"BreadcrumbList\",\"@id\":\"https:\\\/\\\/radioljubuski.ba\\\/index.php\\\/2022\\\/04\\\/15\\\/gvardijan-tuzlanski-fra-zeljko-nikolic-uputio-uskrsnu-poruku-uskrs-radikalna-promjena-svega\\\/#breadcrumb\",\"itemListElement\":[{\"@type\":\"ListItem\",\"position\":1,\"name\":\"Po\u010detna stranica\",\"item\":\"https:\\\/\\\/radioljubuski.ba\\\/\"},{\"@type\":\"ListItem\",\"position\":2,\"name\":\"Gvardijan tuzlanski fra \u017deljko Nikoli\u0107 uputio uskrsnu poruku: Uskrs radikalna promjena svega\"}]},{\"@type\":\"WebSite\",\"@id\":\"https:\\\/\\\/radioljubuski.ba\\\/#website\",\"url\":\"https:\\\/\\\/radioljubuski.ba\\\/\",\"name\":\"Radio Ljubu\u0161ki\",\"description\":\"Sun\u010dana frekvencija Hercegovine\",\"publisher\":{\"@id\":\"https:\\\/\\\/radioljubuski.ba\\\/#organization\"},\"potentialAction\":[{\"@type\":\"SearchAction\",\"target\":{\"@type\":\"EntryPoint\",\"urlTemplate\":\"https:\\\/\\\/radioljubuski.ba\\\/?s={search_term_string}\"},\"query-input\":{\"@type\":\"PropertyValueSpecification\",\"valueRequired\":true,\"valueName\":\"search_term_string\"}}],\"inLanguage\":\"hr\"},{\"@type\":\"Organization\",\"@id\":\"https:\\\/\\\/radioljubuski.ba\\\/#organization\",\"name\":\"Radio Ljubu\u0161ki\",\"url\":\"https:\\\/\\\/radioljubuski.ba\\\/\",\"logo\":{\"@type\":\"ImageObject\",\"inLanguage\":\"hr\",\"@id\":\"https:\\\/\\\/radioljubuski.ba\\\/#\\\/schema\\\/logo\\\/image\\\/\",\"url\":\"https:\\\/\\\/radioljubuski.ba\\\/wp-content\\\/uploads\\\/2021\\\/02\\\/cropped-Radio_Ljubuski_logo1.jpg\",\"contentUrl\":\"https:\\\/\\\/radioljubuski.ba\\\/wp-content\\\/uploads\\\/2021\\\/02\\\/cropped-Radio_Ljubuski_logo1.jpg\",\"width\":512,\"height\":512,\"caption\":\"Radio Ljubu\u0161ki\"},\"image\":{\"@id\":\"https:\\\/\\\/radioljubuski.ba\\\/#\\\/schema\\\/logo\\\/image\\\/\"},\"sameAs\":[\"https:\\\/\\\/www.facebook.com\\\/Radiio-Ljubuski-1490835324566332\",\"https:\\\/\\\/x.com\\\/radioljubuski\",\"https:\\\/\\\/hr.linkedin.com\\\/company\\\/radio-ljubuski\",\"https:\\\/\\\/www.youtube.com\\\/channel\\\/UCHYaeO_n0Db3tjNGudGpXyw\"]},{\"@type\":\"Person\",\"@id\":\"https:\\\/\\\/radioljubuski.ba\\\/#\\\/schema\\\/person\\\/19fc700381a780f69665d7956c469e3b\",\"name\":\"Radio Ljubu\u0161ki\"}]}<\/script>\n<!-- \/ Yoast SEO plugin. -->","yoast_head_json":{"title":"Gvardijan tuzlanski fra \u017deljko Nikoli\u0107 uputio uskrsnu poruku: Uskrs radikalna promjena svega - RADIO LJUBU\u0160KI","robots":{"index":"index","follow":"follow","max-snippet":"max-snippet:-1","max-image-preview":"max-image-preview:large","max-video-preview":"max-video-preview:-1"},"canonical":"https:\/\/radioljubuski.ba\/index.php\/2022\/04\/15\/gvardijan-tuzlanski-fra-zeljko-nikolic-uputio-uskrsnu-poruku-uskrs-radikalna-promjena-svega\/","og_locale":"hr_HR","og_type":"article","og_title":"Gvardijan tuzlanski fra \u017deljko Nikoli\u0107 uputio uskrsnu poruku: Uskrs radikalna promjena svega - RADIO LJUBU\u0160KI","og_description":"U povodu nastupaju\u0107ih uskrsnih blagdana, gvardijan franjeva\u010dkog samostana Sv. Petra i Pavla u Tuzli fra \u017deljko Nikoli\u0107, uputio je uskrsnu poruku.&nbsp; &#8211; Kr\u0161\u0107ani cijeloga svijeta, bez obzira na njihovu konfesionalnu raznolikost, u Isusu, kojega Novi Zavjet naziva Kristom (\u201ePomazanikom\u201c), prepoznaju novu Bo\u017eju objavu i Bo\u017eji odgovor na ona temeljna pitanja koja bi trebala mu\u010diti svakoga [&hellip;]","og_url":"https:\/\/radioljubuski.ba\/index.php\/2022\/04\/15\/gvardijan-tuzlanski-fra-zeljko-nikolic-uputio-uskrsnu-poruku-uskrs-radikalna-promjena-svega\/","og_site_name":"RADIO LJUBU\u0160KI","article_publisher":"https:\/\/www.facebook.com\/Radiio-Ljubuski-1490835324566332","article_published_time":"2022-04-15T12:53:48+00:00","article_modified_time":"2022-04-15T12:53:49+00:00","og_image":[{"width":1000,"height":625,"url":"https:\/\/radioljubuski.ba\/wp-content\/uploads\/2022\/04\/2-2022-04-15-12-45-04-l_7e2676a55e42b80c831ff2b668362749.jpeg","type":"image\/jpeg"}],"author":"Radio Ljubu\u0161ki","twitter_card":"summary_large_image","twitter_creator":"@radioljubuski","twitter_site":"@radioljubuski","twitter_misc":{"Napisao\/la":"Radio Ljubu\u0161ki","Procijenjeno vrijeme \u010ditanja":"3 minute"},"schema":{"@context":"https:\/\/schema.org","@graph":[{"@type":"Article","@id":"https:\/\/radioljubuski.ba\/index.php\/2022\/04\/15\/gvardijan-tuzlanski-fra-zeljko-nikolic-uputio-uskrsnu-poruku-uskrs-radikalna-promjena-svega\/#article","isPartOf":{"@id":"https:\/\/radioljubuski.ba\/index.php\/2022\/04\/15\/gvardijan-tuzlanski-fra-zeljko-nikolic-uputio-uskrsnu-poruku-uskrs-radikalna-promjena-svega\/"},"author":{"name":"Radio Ljubu\u0161ki","@id":"https:\/\/radioljubuski.ba\/#\/schema\/person\/19fc700381a780f69665d7956c469e3b"},"headline":"Gvardijan tuzlanski fra \u017deljko Nikoli\u0107 uputio uskrsnu poruku: Uskrs radikalna promjena svega","datePublished":"2022-04-15T12:53:48+00:00","dateModified":"2022-04-15T12:53:49+00:00","mainEntityOfPage":{"@id":"https:\/\/radioljubuski.ba\/index.php\/2022\/04\/15\/gvardijan-tuzlanski-fra-zeljko-nikolic-uputio-uskrsnu-poruku-uskrs-radikalna-promjena-svega\/"},"wordCount":625,"publisher":{"@id":"https:\/\/radioljubuski.ba\/#organization"},"image":{"@id":"https:\/\/radioljubuski.ba\/index.php\/2022\/04\/15\/gvardijan-tuzlanski-fra-zeljko-nikolic-uputio-uskrsnu-poruku-uskrs-radikalna-promjena-svega\/#primaryimage"},"thumbnailUrl":"https:\/\/radioljubuski.ba\/wp-content\/uploads\/2022\/04\/2-2022-04-15-12-45-04-l_7e2676a55e42b80c831ff2b668362749.jpeg","articleSection":["BIH i regija"],"inLanguage":"hr"},{"@type":"WebPage","@id":"https:\/\/radioljubuski.ba\/index.php\/2022\/04\/15\/gvardijan-tuzlanski-fra-zeljko-nikolic-uputio-uskrsnu-poruku-uskrs-radikalna-promjena-svega\/","url":"https:\/\/radioljubuski.ba\/index.php\/2022\/04\/15\/gvardijan-tuzlanski-fra-zeljko-nikolic-uputio-uskrsnu-poruku-uskrs-radikalna-promjena-svega\/","name":"Gvardijan tuzlanski fra \u017deljko Nikoli\u0107 uputio uskrsnu poruku: Uskrs radikalna promjena svega - RADIO LJUBU\u0160KI","isPartOf":{"@id":"https:\/\/radioljubuski.ba\/#website"},"primaryImageOfPage":{"@id":"https:\/\/radioljubuski.ba\/index.php\/2022\/04\/15\/gvardijan-tuzlanski-fra-zeljko-nikolic-uputio-uskrsnu-poruku-uskrs-radikalna-promjena-svega\/#primaryimage"},"image":{"@id":"https:\/\/radioljubuski.ba\/index.php\/2022\/04\/15\/gvardijan-tuzlanski-fra-zeljko-nikolic-uputio-uskrsnu-poruku-uskrs-radikalna-promjena-svega\/#primaryimage"},"thumbnailUrl":"https:\/\/radioljubuski.ba\/wp-content\/uploads\/2022\/04\/2-2022-04-15-12-45-04-l_7e2676a55e42b80c831ff2b668362749.jpeg","datePublished":"2022-04-15T12:53:48+00:00","dateModified":"2022-04-15T12:53:49+00:00","breadcrumb":{"@id":"https:\/\/radioljubuski.ba\/index.php\/2022\/04\/15\/gvardijan-tuzlanski-fra-zeljko-nikolic-uputio-uskrsnu-poruku-uskrs-radikalna-promjena-svega\/#breadcrumb"},"inLanguage":"hr","potentialAction":[{"@type":"ReadAction","target":["https:\/\/radioljubuski.ba\/index.php\/2022\/04\/15\/gvardijan-tuzlanski-fra-zeljko-nikolic-uputio-uskrsnu-poruku-uskrs-radikalna-promjena-svega\/"]}]},{"@type":"ImageObject","inLanguage":"hr","@id":"https:\/\/radioljubuski.ba\/index.php\/2022\/04\/15\/gvardijan-tuzlanski-fra-zeljko-nikolic-uputio-uskrsnu-poruku-uskrs-radikalna-promjena-svega\/#primaryimage","url":"https:\/\/radioljubuski.ba\/wp-content\/uploads\/2022\/04\/2-2022-04-15-12-45-04-l_7e2676a55e42b80c831ff2b668362749.jpeg","contentUrl":"https:\/\/radioljubuski.ba\/wp-content\/uploads\/2022\/04\/2-2022-04-15-12-45-04-l_7e2676a55e42b80c831ff2b668362749.jpeg","width":1000,"height":625},{"@type":"BreadcrumbList","@id":"https:\/\/radioljubuski.ba\/index.php\/2022\/04\/15\/gvardijan-tuzlanski-fra-zeljko-nikolic-uputio-uskrsnu-poruku-uskrs-radikalna-promjena-svega\/#breadcrumb","itemListElement":[{"@type":"ListItem","position":1,"name":"Po\u010detna stranica","item":"https:\/\/radioljubuski.ba\/"},{"@type":"ListItem","position":2,"name":"Gvardijan tuzlanski fra \u017deljko Nikoli\u0107 uputio uskrsnu poruku: Uskrs radikalna promjena svega"}]},{"@type":"WebSite","@id":"https:\/\/radioljubuski.ba\/#website","url":"https:\/\/radioljubuski.ba\/","name":"Radio Ljubu\u0161ki","description":"Sun\u010dana frekvencija Hercegovine","publisher":{"@id":"https:\/\/radioljubuski.ba\/#organization"},"potentialAction":[{"@type":"SearchAction","target":{"@type":"EntryPoint","urlTemplate":"https:\/\/radioljubuski.ba\/?s={search_term_string}"},"query-input":{"@type":"PropertyValueSpecification","valueRequired":true,"valueName":"search_term_string"}}],"inLanguage":"hr"},{"@type":"Organization","@id":"https:\/\/radioljubuski.ba\/#organization","name":"Radio Ljubu\u0161ki","url":"https:\/\/radioljubuski.ba\/","logo":{"@type":"ImageObject","inLanguage":"hr","@id":"https:\/\/radioljubuski.ba\/#\/schema\/logo\/image\/","url":"https:\/\/radioljubuski.ba\/wp-content\/uploads\/2021\/02\/cropped-Radio_Ljubuski_logo1.jpg","contentUrl":"https:\/\/radioljubuski.ba\/wp-content\/uploads\/2021\/02\/cropped-Radio_Ljubuski_logo1.jpg","width":512,"height":512,"caption":"Radio Ljubu\u0161ki"},"image":{"@id":"https:\/\/radioljubuski.ba\/#\/schema\/logo\/image\/"},"sameAs":["https:\/\/www.facebook.com\/Radiio-Ljubuski-1490835324566332","https:\/\/x.com\/radioljubuski","https:\/\/hr.linkedin.com\/company\/radio-ljubuski","https:\/\/www.youtube.com\/channel\/UCHYaeO_n0Db3tjNGudGpXyw"]},{"@type":"Person","@id":"https:\/\/radioljubuski.ba\/#\/schema\/person\/19fc700381a780f69665d7956c469e3b","name":"Radio Ljubu\u0161ki"}]}},"_links":{"self":[{"href":"https:\/\/radioljubuski.ba\/index.php\/wp-json\/wp\/v2\/posts\/133024","targetHints":{"allow":["GET"]}}],"collection":[{"href":"https:\/\/radioljubuski.ba\/index.php\/wp-json\/wp\/v2\/posts"}],"about":[{"href":"https:\/\/radioljubuski.ba\/index.php\/wp-json\/wp\/v2\/types\/post"}],"author":[{"embeddable":true,"href":"https:\/\/radioljubuski.ba\/index.php\/wp-json\/wp\/v2\/users\/2"}],"replies":[{"embeddable":true,"href":"https:\/\/radioljubuski.ba\/index.php\/wp-json\/wp\/v2\/comments?post=133024"}],"version-history":[{"count":1,"href":"https:\/\/radioljubuski.ba\/index.php\/wp-json\/wp\/v2\/posts\/133024\/revisions"}],"predecessor-version":[{"id":133026,"href":"https:\/\/radioljubuski.ba\/index.php\/wp-json\/wp\/v2\/posts\/133024\/revisions\/133026"}],"wp:featuredmedia":[{"embeddable":true,"href":"https:\/\/radioljubuski.ba\/index.php\/wp-json\/wp\/v2\/media\/133025"}],"wp:attachment":[{"href":"https:\/\/radioljubuski.ba\/index.php\/wp-json\/wp\/v2\/media?parent=133024"}],"wp:term":[{"taxonomy":"category","embeddable":true,"href":"https:\/\/radioljubuski.ba\/index.php\/wp-json\/wp\/v2\/categories?post=133024"},{"taxonomy":"post_tag","embeddable":true,"href":"https:\/\/radioljubuski.ba\/index.php\/wp-json\/wp\/v2\/tags?post=133024"}],"curies":[{"name":"wp","href":"https:\/\/api.w.org\/{rel}","templated":true}]}}