{"id":133042,"date":"2022-04-15T14:05:36","date_gmt":"2022-04-15T13:05:36","guid":{"rendered":"https:\/\/radioljubuski.ba\/?p=133042"},"modified":"2022-04-15T14:05:37","modified_gmt":"2022-04-15T13:05:37","slug":"potpisan-sporazum-o-osnovici-za-obracun-placa-policijskih-sluzbenika","status":"publish","type":"post","link":"https:\/\/radioljubuski.ba\/index.php\/2022\/04\/15\/potpisan-sporazum-o-osnovici-za-obracun-placa-policijskih-sluzbenika\/","title":{"rendered":"Potpisan Sporazum o osnovici za obra\u010dun pla\u0107a policijskih slu\u017ebenika"},"content":{"rendered":"\n<p>Premijer Federacije BiH Fadil Novali\u0107 danas je, u sjedi\u0161tu Vlade Federacije BiH, s predsjednikom Upravnog odbora Sindikata slu\u017ebenika Federalnog ministarstva unutarnjih poslova Mihretom Roti\u0107em potpisao Sporazum o osnovici za obra\u010dun pla\u0107a policijskih slu\u017ebenika.<\/p>\n\n\n\n<p>&#8211; Zadovoljstvo mi je \u0161to smo uspjeli, poslije du\u017eeg perioda, omogu\u0107iti uskla\u0111ivanje pla\u0107a policijskim slu\u017ebenicima Federalne uprave policije, a uzev\u0161i u obzir rast indeksa potro\u0161a\u010dkih cijena, odnosno tro\u0161kova \u017eivota u proteklom periodu. Nadam se da \u0107e bud\u017eetski okviri i u budu\u0107im godinama osigurati dovoljna sredstva za adekvatno vrednovanje rada slu\u017ebenika koji osiguravaju na\u0161e dru\u0161tvo i omogu\u0107avaju provo\u0111enje zakona &#8211; rekao je Novali\u0107.<\/p>\n\n\n\n<p>Sporazumom je odre\u0111eno da osnovica za obra\u010dun pla\u0107a policijskih slu\u017ebenika iznosi 346,5 KM, u skladu s \u010dlanom 8. Zakona o pla\u0107ama i naknadama policijskih slu\u017ebenika Federacije BiH. Primjena ove osnovice po\u010dinje od 1. o\u017eujka ove godine.<\/p>\n\n\n\n<p>&#8211; Potpisivanjem dana\u0161njeg sporazuma omogu\u0107eno je uskla\u0111ivanje pla\u0107a i za policijske slu\u017ebenike Federalne uprave policije na na\u010din da je utvr\u0111ena nova osnovica za obra\u010dun pla\u0107a u iznosu od 346,50 KM. Ovim je prakti\u010dno izvr\u0161ena supstitucija modaliteta uskla\u0111ivanja pla\u0107a. S obzirom na to da Zakonom o pla\u0107ama i naknadama policijskih slu\u017ebenika Federacije BiH bod nije definiran kao jedan od elemenata za obra\u010dun pla\u0107e, ura\u0111ena je korekcija osnovice u ekvivalentnoj vrijednosti novog boda za obra\u010dun pla\u0107a ostalih kategorija zaposlenika u organima vlasti Federacije BiH \u2013 rekao je Roti\u0107.<\/p>\n\n\n\n<p>Dodao je da Sindikat slu\u017ebenika FMUP-a ovaj sporazum vidi kao korak u pravom smjeru koji vodi ka zaklju\u010divanju kolektivnog ugovora za zaposlene u Federalnom ministarstvu unutarnjih poslova i Federalnoj upravi policije.<\/p>\n\n\n\n<p>Vlada FBiH je na posljednjoj sjednici, na prijedlog premijera Federacije BiH, usvojila informaciju o uskla\u0111ivanju pla\u0107a policijskih slu\u017ebenika FBiH, te ga zadu\u017eila da sa sindikatom Federalne uprave policije zaklju\u010di Sporazum o osnovici za obra\u010dun pla\u0107a policijskih slu\u017ebenika.<\/p>\n\n\n\n<p>Ovogodi\u0161nji prora\u010dun Federacije BiH predvi\u0111a uve\u0107ana sredstava za pla\u0107e policijskih slu\u017ebenika u Federalnoj upravi policije, odnosno pove\u0107anje pla\u0107e za pet posto.<\/p>\n\n\n\n<p>Potpisivanju Sporazuma prisustvovao je zamjenik direktora FUP-a Ensad Korman, priop\u0107eno je iz Ureda Vlade FBiH za odnose s javno\u0161\u0107u.<\/p>\n\n\n\n<p>Izvor:pogled.ba<\/p>\n","protected":false},"excerpt":{"rendered":"<p>Premijer Federacije BiH Fadil Novali\u0107 danas je, u sjedi\u0161tu Vlade Federacije BiH, s predsjednikom Upravnog odbora Sindikata slu\u017ebenika Federalnog ministarstva unutarnjih poslova Mihretom Roti\u0107em potpisao Sporazum o osnovici za obra\u010dun pla\u0107a policijskih slu\u017ebenika. &#8211; Zadovoljstvo mi je \u0161to smo uspjeli, poslije du\u017eeg perioda, omogu\u0107iti uskla\u0111ivanje pla\u0107a policijskim slu\u017ebenicima Federalne uprave policije, a uzev\u0161i u obzir [&hellip;]<\/p>\n","protected":false},"author":2,"featured_media":133043,"comment_status":"closed","ping_status":"closed","sticky":false,"template":"","format":"standard","meta":{"h5ap_radio_sources":[],"footnotes":""},"categories":[1],"tags":[],"class_list":["post-133042","post","type-post","status-publish","format-standard","has-post-thumbnail","hentry","category-bihiregija"],"yoast_head":"<!-- This site is optimized with the Yoast SEO plugin v27.5 - https:\/\/yoast.com\/product\/yoast-seo-wordpress\/ -->\n<title>Potpisan Sporazum o osnovici za obra\u010dun pla\u0107a policijskih slu\u017ebenika - RADIO LJUBU\u0160KI<\/title>\n<meta name=\"robots\" content=\"index, follow, max-snippet:-1, max-image-preview:large, max-video-preview:-1\" \/>\n<link rel=\"canonical\" href=\"https:\/\/radioljubuski.ba\/index.php\/2022\/04\/15\/potpisan-sporazum-o-osnovici-za-obracun-placa-policijskih-sluzbenika\/\" \/>\n<meta property=\"og:locale\" content=\"hr_HR\" \/>\n<meta property=\"og:type\" content=\"article\" \/>\n<meta property=\"og:title\" content=\"Potpisan Sporazum o osnovici za obra\u010dun pla\u0107a policijskih slu\u017ebenika - RADIO LJUBU\u0160KI\" \/>\n<meta property=\"og:description\" content=\"Premijer Federacije BiH Fadil Novali\u0107 danas je, u sjedi\u0161tu Vlade Federacije BiH, s predsjednikom Upravnog odbora Sindikata slu\u017ebenika Federalnog ministarstva unutarnjih poslova Mihretom Roti\u0107em potpisao Sporazum o osnovici za obra\u010dun pla\u0107a policijskih slu\u017ebenika. &#8211; Zadovoljstvo mi je \u0161to smo uspjeli, poslije du\u017eeg perioda, omogu\u0107iti uskla\u0111ivanje pla\u0107a policijskim slu\u017ebenicima Federalne uprave policije, a uzev\u0161i u obzir [&hellip;]\" \/>\n<meta property=\"og:url\" content=\"https:\/\/radioljubuski.ba\/index.php\/2022\/04\/15\/potpisan-sporazum-o-osnovici-za-obracun-placa-policijskih-sluzbenika\/\" \/>\n<meta property=\"og:site_name\" content=\"RADIO LJUBU\u0160KI\" \/>\n<meta property=\"article:publisher\" content=\"https:\/\/www.facebook.com\/Radiio-Ljubuski-1490835324566332\" \/>\n<meta property=\"article:published_time\" content=\"2022-04-15T13:05:36+00:00\" \/>\n<meta property=\"article:modified_time\" content=\"2022-04-15T13:05:37+00:00\" \/>\n<meta property=\"og:image\" content=\"https:\/\/radioljubuski.ba\/wp-content\/uploads\/2022\/04\/2-2022-04-15-14-36-59-l_e564559e6df41abf11a13f099b86ad93.jpeg\" \/>\n\t<meta property=\"og:image:width\" content=\"1000\" \/>\n\t<meta property=\"og:image:height\" content=\"625\" \/>\n\t<meta property=\"og:image:type\" content=\"image\/jpeg\" \/>\n<meta name=\"author\" content=\"Radio Ljubu\u0161ki\" \/>\n<meta name=\"twitter:card\" content=\"summary_large_image\" \/>\n<meta name=\"twitter:creator\" content=\"@radioljubuski\" \/>\n<meta name=\"twitter:site\" content=\"@radioljubuski\" \/>\n<meta name=\"twitter:label1\" content=\"Napisao\/la\" \/>\n\t<meta name=\"twitter:data1\" content=\"Radio Ljubu\u0161ki\" \/>\n\t<meta name=\"twitter:label2\" content=\"Procijenjeno vrijeme \u010ditanja\" \/>\n\t<meta name=\"twitter:data2\" content=\"2 minute\" \/>\n<script type=\"application\/ld+json\" class=\"yoast-schema-graph\">{\"@context\":\"https:\\\/\\\/schema.org\",\"@graph\":[{\"@type\":\"Article\",\"@id\":\"https:\\\/\\\/radioljubuski.ba\\\/index.php\\\/2022\\\/04\\\/15\\\/potpisan-sporazum-o-osnovici-za-obracun-placa-policijskih-sluzbenika\\\/#article\",\"isPartOf\":{\"@id\":\"https:\\\/\\\/radioljubuski.ba\\\/index.php\\\/2022\\\/04\\\/15\\\/potpisan-sporazum-o-osnovici-za-obracun-placa-policijskih-sluzbenika\\\/\"},\"author\":{\"name\":\"Radio Ljubu\u0161ki\",\"@id\":\"https:\\\/\\\/radioljubuski.ba\\\/#\\\/schema\\\/person\\\/19fc700381a780f69665d7956c469e3b\"},\"headline\":\"Potpisan Sporazum o osnovici za obra\u010dun pla\u0107a policijskih slu\u017ebenika\",\"datePublished\":\"2022-04-15T13:05:36+00:00\",\"dateModified\":\"2022-04-15T13:05:37+00:00\",\"mainEntityOfPage\":{\"@id\":\"https:\\\/\\\/radioljubuski.ba\\\/index.php\\\/2022\\\/04\\\/15\\\/potpisan-sporazum-o-osnovici-za-obracun-placa-policijskih-sluzbenika\\\/\"},\"wordCount\":405,\"publisher\":{\"@id\":\"https:\\\/\\\/radioljubuski.ba\\\/#organization\"},\"image\":{\"@id\":\"https:\\\/\\\/radioljubuski.ba\\\/index.php\\\/2022\\\/04\\\/15\\\/potpisan-sporazum-o-osnovici-za-obracun-placa-policijskih-sluzbenika\\\/#primaryimage\"},\"thumbnailUrl\":\"https:\\\/\\\/radioljubuski.ba\\\/wp-content\\\/uploads\\\/2022\\\/04\\\/2-2022-04-15-14-36-59-l_e564559e6df41abf11a13f099b86ad93.jpeg\",\"articleSection\":[\"BIH i regija\"],\"inLanguage\":\"hr\"},{\"@type\":\"WebPage\",\"@id\":\"https:\\\/\\\/radioljubuski.ba\\\/index.php\\\/2022\\\/04\\\/15\\\/potpisan-sporazum-o-osnovici-za-obracun-placa-policijskih-sluzbenika\\\/\",\"url\":\"https:\\\/\\\/radioljubuski.ba\\\/index.php\\\/2022\\\/04\\\/15\\\/potpisan-sporazum-o-osnovici-za-obracun-placa-policijskih-sluzbenika\\\/\",\"name\":\"Potpisan Sporazum o osnovici za obra\u010dun pla\u0107a policijskih slu\u017ebenika - RADIO LJUBU\u0160KI\",\"isPartOf\":{\"@id\":\"https:\\\/\\\/radioljubuski.ba\\\/#website\"},\"primaryImageOfPage\":{\"@id\":\"https:\\\/\\\/radioljubuski.ba\\\/index.php\\\/2022\\\/04\\\/15\\\/potpisan-sporazum-o-osnovici-za-obracun-placa-policijskih-sluzbenika\\\/#primaryimage\"},\"image\":{\"@id\":\"https:\\\/\\\/radioljubuski.ba\\\/index.php\\\/2022\\\/04\\\/15\\\/potpisan-sporazum-o-osnovici-za-obracun-placa-policijskih-sluzbenika\\\/#primaryimage\"},\"thumbnailUrl\":\"https:\\\/\\\/radioljubuski.ba\\\/wp-content\\\/uploads\\\/2022\\\/04\\\/2-2022-04-15-14-36-59-l_e564559e6df41abf11a13f099b86ad93.jpeg\",\"datePublished\":\"2022-04-15T13:05:36+00:00\",\"dateModified\":\"2022-04-15T13:05:37+00:00\",\"breadcrumb\":{\"@id\":\"https:\\\/\\\/radioljubuski.ba\\\/index.php\\\/2022\\\/04\\\/15\\\/potpisan-sporazum-o-osnovici-za-obracun-placa-policijskih-sluzbenika\\\/#breadcrumb\"},\"inLanguage\":\"hr\",\"potentialAction\":[{\"@type\":\"ReadAction\",\"target\":[\"https:\\\/\\\/radioljubuski.ba\\\/index.php\\\/2022\\\/04\\\/15\\\/potpisan-sporazum-o-osnovici-za-obracun-placa-policijskih-sluzbenika\\\/\"]}]},{\"@type\":\"ImageObject\",\"inLanguage\":\"hr\",\"@id\":\"https:\\\/\\\/radioljubuski.ba\\\/index.php\\\/2022\\\/04\\\/15\\\/potpisan-sporazum-o-osnovici-za-obracun-placa-policijskih-sluzbenika\\\/#primaryimage\",\"url\":\"https:\\\/\\\/radioljubuski.ba\\\/wp-content\\\/uploads\\\/2022\\\/04\\\/2-2022-04-15-14-36-59-l_e564559e6df41abf11a13f099b86ad93.jpeg\",\"contentUrl\":\"https:\\\/\\\/radioljubuski.ba\\\/wp-content\\\/uploads\\\/2022\\\/04\\\/2-2022-04-15-14-36-59-l_e564559e6df41abf11a13f099b86ad93.jpeg\",\"width\":1000,\"height\":625},{\"@type\":\"BreadcrumbList\",\"@id\":\"https:\\\/\\\/radioljubuski.ba\\\/index.php\\\/2022\\\/04\\\/15\\\/potpisan-sporazum-o-osnovici-za-obracun-placa-policijskih-sluzbenika\\\/#breadcrumb\",\"itemListElement\":[{\"@type\":\"ListItem\",\"position\":1,\"name\":\"Po\u010detna stranica\",\"item\":\"https:\\\/\\\/radioljubuski.ba\\\/\"},{\"@type\":\"ListItem\",\"position\":2,\"name\":\"Potpisan Sporazum o osnovici za obra\u010dun pla\u0107a policijskih slu\u017ebenika\"}]},{\"@type\":\"WebSite\",\"@id\":\"https:\\\/\\\/radioljubuski.ba\\\/#website\",\"url\":\"https:\\\/\\\/radioljubuski.ba\\\/\",\"name\":\"Radio Ljubu\u0161ki\",\"description\":\"Sun\u010dana frekvencija Hercegovine\",\"publisher\":{\"@id\":\"https:\\\/\\\/radioljubuski.ba\\\/#organization\"},\"potentialAction\":[{\"@type\":\"SearchAction\",\"target\":{\"@type\":\"EntryPoint\",\"urlTemplate\":\"https:\\\/\\\/radioljubuski.ba\\\/?s={search_term_string}\"},\"query-input\":{\"@type\":\"PropertyValueSpecification\",\"valueRequired\":true,\"valueName\":\"search_term_string\"}}],\"inLanguage\":\"hr\"},{\"@type\":\"Organization\",\"@id\":\"https:\\\/\\\/radioljubuski.ba\\\/#organization\",\"name\":\"Radio Ljubu\u0161ki\",\"url\":\"https:\\\/\\\/radioljubuski.ba\\\/\",\"logo\":{\"@type\":\"ImageObject\",\"inLanguage\":\"hr\",\"@id\":\"https:\\\/\\\/radioljubuski.ba\\\/#\\\/schema\\\/logo\\\/image\\\/\",\"url\":\"https:\\\/\\\/radioljubuski.ba\\\/wp-content\\\/uploads\\\/2021\\\/02\\\/cropped-Radio_Ljubuski_logo1.jpg\",\"contentUrl\":\"https:\\\/\\\/radioljubuski.ba\\\/wp-content\\\/uploads\\\/2021\\\/02\\\/cropped-Radio_Ljubuski_logo1.jpg\",\"width\":512,\"height\":512,\"caption\":\"Radio Ljubu\u0161ki\"},\"image\":{\"@id\":\"https:\\\/\\\/radioljubuski.ba\\\/#\\\/schema\\\/logo\\\/image\\\/\"},\"sameAs\":[\"https:\\\/\\\/www.facebook.com\\\/Radiio-Ljubuski-1490835324566332\",\"https:\\\/\\\/x.com\\\/radioljubuski\",\"https:\\\/\\\/hr.linkedin.com\\\/company\\\/radio-ljubuski\",\"https:\\\/\\\/www.youtube.com\\\/channel\\\/UCHYaeO_n0Db3tjNGudGpXyw\"]},{\"@type\":\"Person\",\"@id\":\"https:\\\/\\\/radioljubuski.ba\\\/#\\\/schema\\\/person\\\/19fc700381a780f69665d7956c469e3b\",\"name\":\"Radio Ljubu\u0161ki\"}]}<\/script>\n<!-- \/ Yoast SEO plugin. -->","yoast_head_json":{"title":"Potpisan Sporazum o osnovici za obra\u010dun pla\u0107a policijskih slu\u017ebenika - RADIO LJUBU\u0160KI","robots":{"index":"index","follow":"follow","max-snippet":"max-snippet:-1","max-image-preview":"max-image-preview:large","max-video-preview":"max-video-preview:-1"},"canonical":"https:\/\/radioljubuski.ba\/index.php\/2022\/04\/15\/potpisan-sporazum-o-osnovici-za-obracun-placa-policijskih-sluzbenika\/","og_locale":"hr_HR","og_type":"article","og_title":"Potpisan Sporazum o osnovici za obra\u010dun pla\u0107a policijskih slu\u017ebenika - RADIO LJUBU\u0160KI","og_description":"Premijer Federacije BiH Fadil Novali\u0107 danas je, u sjedi\u0161tu Vlade Federacije BiH, s predsjednikom Upravnog odbora Sindikata slu\u017ebenika Federalnog ministarstva unutarnjih poslova Mihretom Roti\u0107em potpisao Sporazum o osnovici za obra\u010dun pla\u0107a policijskih slu\u017ebenika. &#8211; Zadovoljstvo mi je \u0161to smo uspjeli, poslije du\u017eeg perioda, omogu\u0107iti uskla\u0111ivanje pla\u0107a policijskim slu\u017ebenicima Federalne uprave policije, a uzev\u0161i u obzir [&hellip;]","og_url":"https:\/\/radioljubuski.ba\/index.php\/2022\/04\/15\/potpisan-sporazum-o-osnovici-za-obracun-placa-policijskih-sluzbenika\/","og_site_name":"RADIO LJUBU\u0160KI","article_publisher":"https:\/\/www.facebook.com\/Radiio-Ljubuski-1490835324566332","article_published_time":"2022-04-15T13:05:36+00:00","article_modified_time":"2022-04-15T13:05:37+00:00","og_image":[{"width":1000,"height":625,"url":"https:\/\/radioljubuski.ba\/wp-content\/uploads\/2022\/04\/2-2022-04-15-14-36-59-l_e564559e6df41abf11a13f099b86ad93.jpeg","type":"image\/jpeg"}],"author":"Radio Ljubu\u0161ki","twitter_card":"summary_large_image","twitter_creator":"@radioljubuski","twitter_site":"@radioljubuski","twitter_misc":{"Napisao\/la":"Radio Ljubu\u0161ki","Procijenjeno vrijeme \u010ditanja":"2 minute"},"schema":{"@context":"https:\/\/schema.org","@graph":[{"@type":"Article","@id":"https:\/\/radioljubuski.ba\/index.php\/2022\/04\/15\/potpisan-sporazum-o-osnovici-za-obracun-placa-policijskih-sluzbenika\/#article","isPartOf":{"@id":"https:\/\/radioljubuski.ba\/index.php\/2022\/04\/15\/potpisan-sporazum-o-osnovici-za-obracun-placa-policijskih-sluzbenika\/"},"author":{"name":"Radio Ljubu\u0161ki","@id":"https:\/\/radioljubuski.ba\/#\/schema\/person\/19fc700381a780f69665d7956c469e3b"},"headline":"Potpisan Sporazum o osnovici za obra\u010dun pla\u0107a policijskih slu\u017ebenika","datePublished":"2022-04-15T13:05:36+00:00","dateModified":"2022-04-15T13:05:37+00:00","mainEntityOfPage":{"@id":"https:\/\/radioljubuski.ba\/index.php\/2022\/04\/15\/potpisan-sporazum-o-osnovici-za-obracun-placa-policijskih-sluzbenika\/"},"wordCount":405,"publisher":{"@id":"https:\/\/radioljubuski.ba\/#organization"},"image":{"@id":"https:\/\/radioljubuski.ba\/index.php\/2022\/04\/15\/potpisan-sporazum-o-osnovici-za-obracun-placa-policijskih-sluzbenika\/#primaryimage"},"thumbnailUrl":"https:\/\/radioljubuski.ba\/wp-content\/uploads\/2022\/04\/2-2022-04-15-14-36-59-l_e564559e6df41abf11a13f099b86ad93.jpeg","articleSection":["BIH i regija"],"inLanguage":"hr"},{"@type":"WebPage","@id":"https:\/\/radioljubuski.ba\/index.php\/2022\/04\/15\/potpisan-sporazum-o-osnovici-za-obracun-placa-policijskih-sluzbenika\/","url":"https:\/\/radioljubuski.ba\/index.php\/2022\/04\/15\/potpisan-sporazum-o-osnovici-za-obracun-placa-policijskih-sluzbenika\/","name":"Potpisan Sporazum o osnovici za obra\u010dun pla\u0107a policijskih slu\u017ebenika - RADIO LJUBU\u0160KI","isPartOf":{"@id":"https:\/\/radioljubuski.ba\/#website"},"primaryImageOfPage":{"@id":"https:\/\/radioljubuski.ba\/index.php\/2022\/04\/15\/potpisan-sporazum-o-osnovici-za-obracun-placa-policijskih-sluzbenika\/#primaryimage"},"image":{"@id":"https:\/\/radioljubuski.ba\/index.php\/2022\/04\/15\/potpisan-sporazum-o-osnovici-za-obracun-placa-policijskih-sluzbenika\/#primaryimage"},"thumbnailUrl":"https:\/\/radioljubuski.ba\/wp-content\/uploads\/2022\/04\/2-2022-04-15-14-36-59-l_e564559e6df41abf11a13f099b86ad93.jpeg","datePublished":"2022-04-15T13:05:36+00:00","dateModified":"2022-04-15T13:05:37+00:00","breadcrumb":{"@id":"https:\/\/radioljubuski.ba\/index.php\/2022\/04\/15\/potpisan-sporazum-o-osnovici-za-obracun-placa-policijskih-sluzbenika\/#breadcrumb"},"inLanguage":"hr","potentialAction":[{"@type":"ReadAction","target":["https:\/\/radioljubuski.ba\/index.php\/2022\/04\/15\/potpisan-sporazum-o-osnovici-za-obracun-placa-policijskih-sluzbenika\/"]}]},{"@type":"ImageObject","inLanguage":"hr","@id":"https:\/\/radioljubuski.ba\/index.php\/2022\/04\/15\/potpisan-sporazum-o-osnovici-za-obracun-placa-policijskih-sluzbenika\/#primaryimage","url":"https:\/\/radioljubuski.ba\/wp-content\/uploads\/2022\/04\/2-2022-04-15-14-36-59-l_e564559e6df41abf11a13f099b86ad93.jpeg","contentUrl":"https:\/\/radioljubuski.ba\/wp-content\/uploads\/2022\/04\/2-2022-04-15-14-36-59-l_e564559e6df41abf11a13f099b86ad93.jpeg","width":1000,"height":625},{"@type":"BreadcrumbList","@id":"https:\/\/radioljubuski.ba\/index.php\/2022\/04\/15\/potpisan-sporazum-o-osnovici-za-obracun-placa-policijskih-sluzbenika\/#breadcrumb","itemListElement":[{"@type":"ListItem","position":1,"name":"Po\u010detna stranica","item":"https:\/\/radioljubuski.ba\/"},{"@type":"ListItem","position":2,"name":"Potpisan Sporazum o osnovici za obra\u010dun pla\u0107a policijskih slu\u017ebenika"}]},{"@type":"WebSite","@id":"https:\/\/radioljubuski.ba\/#website","url":"https:\/\/radioljubuski.ba\/","name":"Radio Ljubu\u0161ki","description":"Sun\u010dana frekvencija Hercegovine","publisher":{"@id":"https:\/\/radioljubuski.ba\/#organization"},"potentialAction":[{"@type":"SearchAction","target":{"@type":"EntryPoint","urlTemplate":"https:\/\/radioljubuski.ba\/?s={search_term_string}"},"query-input":{"@type":"PropertyValueSpecification","valueRequired":true,"valueName":"search_term_string"}}],"inLanguage":"hr"},{"@type":"Organization","@id":"https:\/\/radioljubuski.ba\/#organization","name":"Radio Ljubu\u0161ki","url":"https:\/\/radioljubuski.ba\/","logo":{"@type":"ImageObject","inLanguage":"hr","@id":"https:\/\/radioljubuski.ba\/#\/schema\/logo\/image\/","url":"https:\/\/radioljubuski.ba\/wp-content\/uploads\/2021\/02\/cropped-Radio_Ljubuski_logo1.jpg","contentUrl":"https:\/\/radioljubuski.ba\/wp-content\/uploads\/2021\/02\/cropped-Radio_Ljubuski_logo1.jpg","width":512,"height":512,"caption":"Radio Ljubu\u0161ki"},"image":{"@id":"https:\/\/radioljubuski.ba\/#\/schema\/logo\/image\/"},"sameAs":["https:\/\/www.facebook.com\/Radiio-Ljubuski-1490835324566332","https:\/\/x.com\/radioljubuski","https:\/\/hr.linkedin.com\/company\/radio-ljubuski","https:\/\/www.youtube.com\/channel\/UCHYaeO_n0Db3tjNGudGpXyw"]},{"@type":"Person","@id":"https:\/\/radioljubuski.ba\/#\/schema\/person\/19fc700381a780f69665d7956c469e3b","name":"Radio Ljubu\u0161ki"}]}},"_links":{"self":[{"href":"https:\/\/radioljubuski.ba\/index.php\/wp-json\/wp\/v2\/posts\/133042","targetHints":{"allow":["GET"]}}],"collection":[{"href":"https:\/\/radioljubuski.ba\/index.php\/wp-json\/wp\/v2\/posts"}],"about":[{"href":"https:\/\/radioljubuski.ba\/index.php\/wp-json\/wp\/v2\/types\/post"}],"author":[{"embeddable":true,"href":"https:\/\/radioljubuski.ba\/index.php\/wp-json\/wp\/v2\/users\/2"}],"replies":[{"embeddable":true,"href":"https:\/\/radioljubuski.ba\/index.php\/wp-json\/wp\/v2\/comments?post=133042"}],"version-history":[{"count":1,"href":"https:\/\/radioljubuski.ba\/index.php\/wp-json\/wp\/v2\/posts\/133042\/revisions"}],"predecessor-version":[{"id":133044,"href":"https:\/\/radioljubuski.ba\/index.php\/wp-json\/wp\/v2\/posts\/133042\/revisions\/133044"}],"wp:featuredmedia":[{"embeddable":true,"href":"https:\/\/radioljubuski.ba\/index.php\/wp-json\/wp\/v2\/media\/133043"}],"wp:attachment":[{"href":"https:\/\/radioljubuski.ba\/index.php\/wp-json\/wp\/v2\/media?parent=133042"}],"wp:term":[{"taxonomy":"category","embeddable":true,"href":"https:\/\/radioljubuski.ba\/index.php\/wp-json\/wp\/v2\/categories?post=133042"},{"taxonomy":"post_tag","embeddable":true,"href":"https:\/\/radioljubuski.ba\/index.php\/wp-json\/wp\/v2\/tags?post=133042"}],"curies":[{"name":"wp","href":"https:\/\/api.w.org\/{rel}","templated":true}]}}