{"id":133045,"date":"2022-04-15T14:07:07","date_gmt":"2022-04-15T13:07:07","guid":{"rendered":"https:\/\/radioljubuski.ba\/?p=133045"},"modified":"2022-04-15T14:07:08","modified_gmt":"2022-04-15T13:07:08","slug":"promjena-radnog-vremena-pojedinih-granicnih-prijelaza-za-pogranicni-promet","status":"publish","type":"post","link":"https:\/\/radioljubuski.ba\/index.php\/2022\/04\/15\/promjena-radnog-vremena-pojedinih-granicnih-prijelaza-za-pogranicni-promet\/","title":{"rendered":"Promjena radnog vremena pojedinih grani\u010dnih prijelaza za pograni\u010dni promet"},"content":{"rendered":"\n<p>Mje\u0161ovita komisija za pra\u0107enje provo\u0111enja Ugovora izme\u0111u Bosne i Hercegovine i Republike Hrvatske o grani\u010dnim prijelazima na sjednici odr\u017eanoj 13. travnja 2022. godine donijela je odluke o promjeni radnog vremena i privremenom me\u0111unarodnom prometu putnika preko stalnih grani\u010dnih prijelaza za pograni\u010dni promet.&nbsp;<\/p>\n\n\n\n<p>Donesene su odluke kojima se odobrava privremeni me\u0111unarodni promet putnika preko stalnog grani\u010dnog prijelaza za pograni\u010dni promet Gabela &#8211; Gabela Polje I, Kozarska Dubica &#8211; Hrvatska Dubica, Vaganj &#8211; Bili Brig i Had\u017ein Potok &#8211; Bogovolja, u trajanju od tri mjeseca, odnosno do odr\u017eavanja naredne redovite sjednice Mje\u0161ovite komisije.<\/p>\n\n\n\n<p>Tako\u0111er, donesena je Odluka kojom se privremeno mijenja radno vrijeme (na 24 sata) stalnih grani\u010dnih prijelaza za pograni\u010dni promet Vinica &#8211; Ar\u017eano Pazar, Suba\u0161i\u0107i &#8211; Dvorine, Tr\u017ea\u010dka Ra\u0161tela &#8211; Kordunski Ljeskovac, Zagrad &#8211; Pa\u0161in Potok, Kaldrma &#8211; Li\u010dka Kaldrma i Prolog \u2013 Podprolog, u trajanju od tri mjeseca, odnosno do odr\u017eavanja naredne redovite sjednice Mje\u0161ovite komisije.<\/p>\n\n\n\n<p>Odlukama se odobrava i privremeni me\u0111unarodni promet putnika preko stalnog grani\u010dnog prijelaza za pograni\u010dni promet Orahov Do \u2013 Slano i Du\u017ei &#8211; Imotica, u trajanju od tri mjeseca, odnosno do odr\u017eavanja naredne redovite sjednice Mje\u0161ovite komisije. Odluka stupa na snagu i primjenjivat \u0107e se od 15. travnja 2022. godine.<\/p>\n\n\n\n<p>Tako\u0111er, odobrene su odluke kojima se odobrava privremeni me\u0111unarodni promet putnika preko stalnog grani\u010dnog prijelaza za pograni\u010dni promet \u010citluk \u2013 Jovi\u0107a Most na period od 10. lipnja do 10. rujna 2022. godine.<\/p>\n\n\n\n<p>Izvor:avaz.ba<\/p>\n","protected":false},"excerpt":{"rendered":"<p>Mje\u0161ovita komisija za pra\u0107enje provo\u0111enja Ugovora izme\u0111u Bosne i Hercegovine i Republike Hrvatske o grani\u010dnim prijelazima na sjednici odr\u017eanoj 13. travnja 2022. godine donijela je odluke o promjeni radnog vremena i privremenom me\u0111unarodnom prometu putnika preko stalnih grani\u010dnih prijelaza za pograni\u010dni promet.&nbsp; Donesene su odluke kojima se odobrava privremeni me\u0111unarodni promet putnika preko stalnog grani\u010dnog [&hellip;]<\/p>\n","protected":false},"author":2,"featured_media":22278,"comment_status":"closed","ping_status":"closed","sticky":false,"template":"","format":"standard","meta":{"h5ap_radio_sources":[],"footnotes":""},"categories":[1],"tags":[],"class_list":["post-133045","post","type-post","status-publish","format-standard","has-post-thumbnail","hentry","category-bihiregija"],"yoast_head":"<!-- This site is optimized with the Yoast SEO plugin v27.4 - https:\/\/yoast.com\/product\/yoast-seo-wordpress\/ -->\n<title>Promjena radnog vremena pojedinih grani\u010dnih prijelaza za pograni\u010dni promet - RADIO LJUBU\u0160KI<\/title>\n<meta name=\"robots\" content=\"index, follow, max-snippet:-1, max-image-preview:large, max-video-preview:-1\" \/>\n<link rel=\"canonical\" href=\"https:\/\/radioljubuski.ba\/index.php\/2022\/04\/15\/promjena-radnog-vremena-pojedinih-granicnih-prijelaza-za-pogranicni-promet\/\" \/>\n<meta property=\"og:locale\" content=\"hr_HR\" \/>\n<meta property=\"og:type\" content=\"article\" \/>\n<meta property=\"og:title\" content=\"Promjena radnog vremena pojedinih grani\u010dnih prijelaza za pograni\u010dni promet - RADIO LJUBU\u0160KI\" \/>\n<meta property=\"og:description\" content=\"Mje\u0161ovita komisija za pra\u0107enje provo\u0111enja Ugovora izme\u0111u Bosne i Hercegovine i Republike Hrvatske o grani\u010dnim prijelazima na sjednici odr\u017eanoj 13. travnja 2022. godine donijela je odluke o promjeni radnog vremena i privremenom me\u0111unarodnom prometu putnika preko stalnih grani\u010dnih prijelaza za pograni\u010dni promet.&nbsp; Donesene su odluke kojima se odobrava privremeni me\u0111unarodni promet putnika preko stalnog grani\u010dnog [&hellip;]\" \/>\n<meta property=\"og:url\" content=\"https:\/\/radioljubuski.ba\/index.php\/2022\/04\/15\/promjena-radnog-vremena-pojedinih-granicnih-prijelaza-za-pogranicni-promet\/\" \/>\n<meta property=\"og:site_name\" content=\"RADIO LJUBU\u0160KI\" \/>\n<meta property=\"article:publisher\" content=\"https:\/\/www.facebook.com\/Radiio-Ljubuski-1490835324566332\" \/>\n<meta property=\"article:published_time\" content=\"2022-04-15T13:07:07+00:00\" \/>\n<meta property=\"article:modified_time\" content=\"2022-04-15T13:07:08+00:00\" \/>\n<meta property=\"og:image\" content=\"https:\/\/radioljubuski.ba\/wp-content\/uploads\/2021\/05\/granica.png\" \/>\n\t<meta property=\"og:image:width\" content=\"1042\" \/>\n\t<meta property=\"og:image:height\" content=\"610\" \/>\n\t<meta property=\"og:image:type\" content=\"image\/png\" \/>\n<meta name=\"author\" content=\"Radio Ljubu\u0161ki\" \/>\n<meta name=\"twitter:card\" content=\"summary_large_image\" \/>\n<meta name=\"twitter:creator\" content=\"@radioljubuski\" \/>\n<meta name=\"twitter:site\" content=\"@radioljubuski\" \/>\n<meta name=\"twitter:label1\" content=\"Napisao\/la\" \/>\n\t<meta name=\"twitter:data1\" content=\"Radio Ljubu\u0161ki\" \/>\n\t<meta name=\"twitter:label2\" content=\"Procijenjeno vrijeme \u010ditanja\" \/>\n\t<meta name=\"twitter:data2\" content=\"1 minuta\" \/>\n<script type=\"application\/ld+json\" class=\"yoast-schema-graph\">{\"@context\":\"https:\\\/\\\/schema.org\",\"@graph\":[{\"@type\":\"Article\",\"@id\":\"https:\\\/\\\/radioljubuski.ba\\\/index.php\\\/2022\\\/04\\\/15\\\/promjena-radnog-vremena-pojedinih-granicnih-prijelaza-za-pogranicni-promet\\\/#article\",\"isPartOf\":{\"@id\":\"https:\\\/\\\/radioljubuski.ba\\\/index.php\\\/2022\\\/04\\\/15\\\/promjena-radnog-vremena-pojedinih-granicnih-prijelaza-za-pogranicni-promet\\\/\"},\"author\":{\"name\":\"Radio Ljubu\u0161ki\",\"@id\":\"https:\\\/\\\/radioljubuski.ba\\\/#\\\/schema\\\/person\\\/19fc700381a780f69665d7956c469e3b\"},\"headline\":\"Promjena radnog vremena pojedinih grani\u010dnih prijelaza za pograni\u010dni promet\",\"datePublished\":\"2022-04-15T13:07:07+00:00\",\"dateModified\":\"2022-04-15T13:07:08+00:00\",\"mainEntityOfPage\":{\"@id\":\"https:\\\/\\\/radioljubuski.ba\\\/index.php\\\/2022\\\/04\\\/15\\\/promjena-radnog-vremena-pojedinih-granicnih-prijelaza-za-pogranicni-promet\\\/\"},\"wordCount\":271,\"publisher\":{\"@id\":\"https:\\\/\\\/radioljubuski.ba\\\/#organization\"},\"image\":{\"@id\":\"https:\\\/\\\/radioljubuski.ba\\\/index.php\\\/2022\\\/04\\\/15\\\/promjena-radnog-vremena-pojedinih-granicnih-prijelaza-za-pogranicni-promet\\\/#primaryimage\"},\"thumbnailUrl\":\"https:\\\/\\\/radioljubuski.ba\\\/wp-content\\\/uploads\\\/2021\\\/05\\\/granica.png\",\"articleSection\":[\"BIH i regija\"],\"inLanguage\":\"hr\"},{\"@type\":\"WebPage\",\"@id\":\"https:\\\/\\\/radioljubuski.ba\\\/index.php\\\/2022\\\/04\\\/15\\\/promjena-radnog-vremena-pojedinih-granicnih-prijelaza-za-pogranicni-promet\\\/\",\"url\":\"https:\\\/\\\/radioljubuski.ba\\\/index.php\\\/2022\\\/04\\\/15\\\/promjena-radnog-vremena-pojedinih-granicnih-prijelaza-za-pogranicni-promet\\\/\",\"name\":\"Promjena radnog vremena pojedinih grani\u010dnih prijelaza za pograni\u010dni promet - RADIO LJUBU\u0160KI\",\"isPartOf\":{\"@id\":\"https:\\\/\\\/radioljubuski.ba\\\/#website\"},\"primaryImageOfPage\":{\"@id\":\"https:\\\/\\\/radioljubuski.ba\\\/index.php\\\/2022\\\/04\\\/15\\\/promjena-radnog-vremena-pojedinih-granicnih-prijelaza-za-pogranicni-promet\\\/#primaryimage\"},\"image\":{\"@id\":\"https:\\\/\\\/radioljubuski.ba\\\/index.php\\\/2022\\\/04\\\/15\\\/promjena-radnog-vremena-pojedinih-granicnih-prijelaza-za-pogranicni-promet\\\/#primaryimage\"},\"thumbnailUrl\":\"https:\\\/\\\/radioljubuski.ba\\\/wp-content\\\/uploads\\\/2021\\\/05\\\/granica.png\",\"datePublished\":\"2022-04-15T13:07:07+00:00\",\"dateModified\":\"2022-04-15T13:07:08+00:00\",\"breadcrumb\":{\"@id\":\"https:\\\/\\\/radioljubuski.ba\\\/index.php\\\/2022\\\/04\\\/15\\\/promjena-radnog-vremena-pojedinih-granicnih-prijelaza-za-pogranicni-promet\\\/#breadcrumb\"},\"inLanguage\":\"hr\",\"potentialAction\":[{\"@type\":\"ReadAction\",\"target\":[\"https:\\\/\\\/radioljubuski.ba\\\/index.php\\\/2022\\\/04\\\/15\\\/promjena-radnog-vremena-pojedinih-granicnih-prijelaza-za-pogranicni-promet\\\/\"]}]},{\"@type\":\"ImageObject\",\"inLanguage\":\"hr\",\"@id\":\"https:\\\/\\\/radioljubuski.ba\\\/index.php\\\/2022\\\/04\\\/15\\\/promjena-radnog-vremena-pojedinih-granicnih-prijelaza-za-pogranicni-promet\\\/#primaryimage\",\"url\":\"https:\\\/\\\/radioljubuski.ba\\\/wp-content\\\/uploads\\\/2021\\\/05\\\/granica.png\",\"contentUrl\":\"https:\\\/\\\/radioljubuski.ba\\\/wp-content\\\/uploads\\\/2021\\\/05\\\/granica.png\",\"width\":1042,\"height\":610},{\"@type\":\"BreadcrumbList\",\"@id\":\"https:\\\/\\\/radioljubuski.ba\\\/index.php\\\/2022\\\/04\\\/15\\\/promjena-radnog-vremena-pojedinih-granicnih-prijelaza-za-pogranicni-promet\\\/#breadcrumb\",\"itemListElement\":[{\"@type\":\"ListItem\",\"position\":1,\"name\":\"Po\u010detna stranica\",\"item\":\"https:\\\/\\\/radioljubuski.ba\\\/\"},{\"@type\":\"ListItem\",\"position\":2,\"name\":\"Promjena radnog vremena pojedinih grani\u010dnih prijelaza za pograni\u010dni promet\"}]},{\"@type\":\"WebSite\",\"@id\":\"https:\\\/\\\/radioljubuski.ba\\\/#website\",\"url\":\"https:\\\/\\\/radioljubuski.ba\\\/\",\"name\":\"Radio Ljubu\u0161ki\",\"description\":\"Sun\u010dana frekvencija Hercegovine\",\"publisher\":{\"@id\":\"https:\\\/\\\/radioljubuski.ba\\\/#organization\"},\"potentialAction\":[{\"@type\":\"SearchAction\",\"target\":{\"@type\":\"EntryPoint\",\"urlTemplate\":\"https:\\\/\\\/radioljubuski.ba\\\/?s={search_term_string}\"},\"query-input\":{\"@type\":\"PropertyValueSpecification\",\"valueRequired\":true,\"valueName\":\"search_term_string\"}}],\"inLanguage\":\"hr\"},{\"@type\":\"Organization\",\"@id\":\"https:\\\/\\\/radioljubuski.ba\\\/#organization\",\"name\":\"Radio Ljubu\u0161ki\",\"url\":\"https:\\\/\\\/radioljubuski.ba\\\/\",\"logo\":{\"@type\":\"ImageObject\",\"inLanguage\":\"hr\",\"@id\":\"https:\\\/\\\/radioljubuski.ba\\\/#\\\/schema\\\/logo\\\/image\\\/\",\"url\":\"https:\\\/\\\/radioljubuski.ba\\\/wp-content\\\/uploads\\\/2021\\\/02\\\/cropped-Radio_Ljubuski_logo1.jpg\",\"contentUrl\":\"https:\\\/\\\/radioljubuski.ba\\\/wp-content\\\/uploads\\\/2021\\\/02\\\/cropped-Radio_Ljubuski_logo1.jpg\",\"width\":512,\"height\":512,\"caption\":\"Radio Ljubu\u0161ki\"},\"image\":{\"@id\":\"https:\\\/\\\/radioljubuski.ba\\\/#\\\/schema\\\/logo\\\/image\\\/\"},\"sameAs\":[\"https:\\\/\\\/www.facebook.com\\\/Radiio-Ljubuski-1490835324566332\",\"https:\\\/\\\/x.com\\\/radioljubuski\",\"https:\\\/\\\/hr.linkedin.com\\\/company\\\/radio-ljubuski\",\"https:\\\/\\\/www.youtube.com\\\/channel\\\/UCHYaeO_n0Db3tjNGudGpXyw\"]},{\"@type\":\"Person\",\"@id\":\"https:\\\/\\\/radioljubuski.ba\\\/#\\\/schema\\\/person\\\/19fc700381a780f69665d7956c469e3b\",\"name\":\"Radio Ljubu\u0161ki\"}]}<\/script>\n<!-- \/ Yoast SEO plugin. -->","yoast_head_json":{"title":"Promjena radnog vremena pojedinih grani\u010dnih prijelaza za pograni\u010dni promet - RADIO LJUBU\u0160KI","robots":{"index":"index","follow":"follow","max-snippet":"max-snippet:-1","max-image-preview":"max-image-preview:large","max-video-preview":"max-video-preview:-1"},"canonical":"https:\/\/radioljubuski.ba\/index.php\/2022\/04\/15\/promjena-radnog-vremena-pojedinih-granicnih-prijelaza-za-pogranicni-promet\/","og_locale":"hr_HR","og_type":"article","og_title":"Promjena radnog vremena pojedinih grani\u010dnih prijelaza za pograni\u010dni promet - RADIO LJUBU\u0160KI","og_description":"Mje\u0161ovita komisija za pra\u0107enje provo\u0111enja Ugovora izme\u0111u Bosne i Hercegovine i Republike Hrvatske o grani\u010dnim prijelazima na sjednici odr\u017eanoj 13. travnja 2022. godine donijela je odluke o promjeni radnog vremena i privremenom me\u0111unarodnom prometu putnika preko stalnih grani\u010dnih prijelaza za pograni\u010dni promet.&nbsp; Donesene su odluke kojima se odobrava privremeni me\u0111unarodni promet putnika preko stalnog grani\u010dnog [&hellip;]","og_url":"https:\/\/radioljubuski.ba\/index.php\/2022\/04\/15\/promjena-radnog-vremena-pojedinih-granicnih-prijelaza-za-pogranicni-promet\/","og_site_name":"RADIO LJUBU\u0160KI","article_publisher":"https:\/\/www.facebook.com\/Radiio-Ljubuski-1490835324566332","article_published_time":"2022-04-15T13:07:07+00:00","article_modified_time":"2022-04-15T13:07:08+00:00","og_image":[{"width":1042,"height":610,"url":"https:\/\/radioljubuski.ba\/wp-content\/uploads\/2021\/05\/granica.png","type":"image\/png"}],"author":"Radio Ljubu\u0161ki","twitter_card":"summary_large_image","twitter_creator":"@radioljubuski","twitter_site":"@radioljubuski","twitter_misc":{"Napisao\/la":"Radio Ljubu\u0161ki","Procijenjeno vrijeme \u010ditanja":"1 minuta"},"schema":{"@context":"https:\/\/schema.org","@graph":[{"@type":"Article","@id":"https:\/\/radioljubuski.ba\/index.php\/2022\/04\/15\/promjena-radnog-vremena-pojedinih-granicnih-prijelaza-za-pogranicni-promet\/#article","isPartOf":{"@id":"https:\/\/radioljubuski.ba\/index.php\/2022\/04\/15\/promjena-radnog-vremena-pojedinih-granicnih-prijelaza-za-pogranicni-promet\/"},"author":{"name":"Radio Ljubu\u0161ki","@id":"https:\/\/radioljubuski.ba\/#\/schema\/person\/19fc700381a780f69665d7956c469e3b"},"headline":"Promjena radnog vremena pojedinih grani\u010dnih prijelaza za pograni\u010dni promet","datePublished":"2022-04-15T13:07:07+00:00","dateModified":"2022-04-15T13:07:08+00:00","mainEntityOfPage":{"@id":"https:\/\/radioljubuski.ba\/index.php\/2022\/04\/15\/promjena-radnog-vremena-pojedinih-granicnih-prijelaza-za-pogranicni-promet\/"},"wordCount":271,"publisher":{"@id":"https:\/\/radioljubuski.ba\/#organization"},"image":{"@id":"https:\/\/radioljubuski.ba\/index.php\/2022\/04\/15\/promjena-radnog-vremena-pojedinih-granicnih-prijelaza-za-pogranicni-promet\/#primaryimage"},"thumbnailUrl":"https:\/\/radioljubuski.ba\/wp-content\/uploads\/2021\/05\/granica.png","articleSection":["BIH i regija"],"inLanguage":"hr"},{"@type":"WebPage","@id":"https:\/\/radioljubuski.ba\/index.php\/2022\/04\/15\/promjena-radnog-vremena-pojedinih-granicnih-prijelaza-za-pogranicni-promet\/","url":"https:\/\/radioljubuski.ba\/index.php\/2022\/04\/15\/promjena-radnog-vremena-pojedinih-granicnih-prijelaza-za-pogranicni-promet\/","name":"Promjena radnog vremena pojedinih grani\u010dnih prijelaza za pograni\u010dni promet - RADIO LJUBU\u0160KI","isPartOf":{"@id":"https:\/\/radioljubuski.ba\/#website"},"primaryImageOfPage":{"@id":"https:\/\/radioljubuski.ba\/index.php\/2022\/04\/15\/promjena-radnog-vremena-pojedinih-granicnih-prijelaza-za-pogranicni-promet\/#primaryimage"},"image":{"@id":"https:\/\/radioljubuski.ba\/index.php\/2022\/04\/15\/promjena-radnog-vremena-pojedinih-granicnih-prijelaza-za-pogranicni-promet\/#primaryimage"},"thumbnailUrl":"https:\/\/radioljubuski.ba\/wp-content\/uploads\/2021\/05\/granica.png","datePublished":"2022-04-15T13:07:07+00:00","dateModified":"2022-04-15T13:07:08+00:00","breadcrumb":{"@id":"https:\/\/radioljubuski.ba\/index.php\/2022\/04\/15\/promjena-radnog-vremena-pojedinih-granicnih-prijelaza-za-pogranicni-promet\/#breadcrumb"},"inLanguage":"hr","potentialAction":[{"@type":"ReadAction","target":["https:\/\/radioljubuski.ba\/index.php\/2022\/04\/15\/promjena-radnog-vremena-pojedinih-granicnih-prijelaza-za-pogranicni-promet\/"]}]},{"@type":"ImageObject","inLanguage":"hr","@id":"https:\/\/radioljubuski.ba\/index.php\/2022\/04\/15\/promjena-radnog-vremena-pojedinih-granicnih-prijelaza-za-pogranicni-promet\/#primaryimage","url":"https:\/\/radioljubuski.ba\/wp-content\/uploads\/2021\/05\/granica.png","contentUrl":"https:\/\/radioljubuski.ba\/wp-content\/uploads\/2021\/05\/granica.png","width":1042,"height":610},{"@type":"BreadcrumbList","@id":"https:\/\/radioljubuski.ba\/index.php\/2022\/04\/15\/promjena-radnog-vremena-pojedinih-granicnih-prijelaza-za-pogranicni-promet\/#breadcrumb","itemListElement":[{"@type":"ListItem","position":1,"name":"Po\u010detna stranica","item":"https:\/\/radioljubuski.ba\/"},{"@type":"ListItem","position":2,"name":"Promjena radnog vremena pojedinih grani\u010dnih prijelaza za pograni\u010dni promet"}]},{"@type":"WebSite","@id":"https:\/\/radioljubuski.ba\/#website","url":"https:\/\/radioljubuski.ba\/","name":"Radio Ljubu\u0161ki","description":"Sun\u010dana frekvencija Hercegovine","publisher":{"@id":"https:\/\/radioljubuski.ba\/#organization"},"potentialAction":[{"@type":"SearchAction","target":{"@type":"EntryPoint","urlTemplate":"https:\/\/radioljubuski.ba\/?s={search_term_string}"},"query-input":{"@type":"PropertyValueSpecification","valueRequired":true,"valueName":"search_term_string"}}],"inLanguage":"hr"},{"@type":"Organization","@id":"https:\/\/radioljubuski.ba\/#organization","name":"Radio Ljubu\u0161ki","url":"https:\/\/radioljubuski.ba\/","logo":{"@type":"ImageObject","inLanguage":"hr","@id":"https:\/\/radioljubuski.ba\/#\/schema\/logo\/image\/","url":"https:\/\/radioljubuski.ba\/wp-content\/uploads\/2021\/02\/cropped-Radio_Ljubuski_logo1.jpg","contentUrl":"https:\/\/radioljubuski.ba\/wp-content\/uploads\/2021\/02\/cropped-Radio_Ljubuski_logo1.jpg","width":512,"height":512,"caption":"Radio Ljubu\u0161ki"},"image":{"@id":"https:\/\/radioljubuski.ba\/#\/schema\/logo\/image\/"},"sameAs":["https:\/\/www.facebook.com\/Radiio-Ljubuski-1490835324566332","https:\/\/x.com\/radioljubuski","https:\/\/hr.linkedin.com\/company\/radio-ljubuski","https:\/\/www.youtube.com\/channel\/UCHYaeO_n0Db3tjNGudGpXyw"]},{"@type":"Person","@id":"https:\/\/radioljubuski.ba\/#\/schema\/person\/19fc700381a780f69665d7956c469e3b","name":"Radio Ljubu\u0161ki"}]}},"_links":{"self":[{"href":"https:\/\/radioljubuski.ba\/index.php\/wp-json\/wp\/v2\/posts\/133045","targetHints":{"allow":["GET"]}}],"collection":[{"href":"https:\/\/radioljubuski.ba\/index.php\/wp-json\/wp\/v2\/posts"}],"about":[{"href":"https:\/\/radioljubuski.ba\/index.php\/wp-json\/wp\/v2\/types\/post"}],"author":[{"embeddable":true,"href":"https:\/\/radioljubuski.ba\/index.php\/wp-json\/wp\/v2\/users\/2"}],"replies":[{"embeddable":true,"href":"https:\/\/radioljubuski.ba\/index.php\/wp-json\/wp\/v2\/comments?post=133045"}],"version-history":[{"count":1,"href":"https:\/\/radioljubuski.ba\/index.php\/wp-json\/wp\/v2\/posts\/133045\/revisions"}],"predecessor-version":[{"id":133046,"href":"https:\/\/radioljubuski.ba\/index.php\/wp-json\/wp\/v2\/posts\/133045\/revisions\/133046"}],"wp:featuredmedia":[{"embeddable":true,"href":"https:\/\/radioljubuski.ba\/index.php\/wp-json\/wp\/v2\/media\/22278"}],"wp:attachment":[{"href":"https:\/\/radioljubuski.ba\/index.php\/wp-json\/wp\/v2\/media?parent=133045"}],"wp:term":[{"taxonomy":"category","embeddable":true,"href":"https:\/\/radioljubuski.ba\/index.php\/wp-json\/wp\/v2\/categories?post=133045"},{"taxonomy":"post_tag","embeddable":true,"href":"https:\/\/radioljubuski.ba\/index.php\/wp-json\/wp\/v2\/tags?post=133045"}],"curies":[{"name":"wp","href":"https:\/\/api.w.org\/{rel}","templated":true}]}}