{"id":133051,"date":"2022-04-16T06:53:07","date_gmt":"2022-04-16T05:53:07","guid":{"rendered":"https:\/\/radioljubuski.ba\/?p=133051"},"modified":"2022-04-16T06:53:08","modified_gmt":"2022-04-16T05:53:08","slug":"nema-gdje-nisu-svirali-a-u-prosincu-planiraju-zapaliti-i-ljubuski","status":"publish","type":"post","link":"https:\/\/radioljubuski.ba\/index.php\/2022\/04\/16\/nema-gdje-nisu-svirali-a-u-prosincu-planiraju-zapaliti-i-ljubuski\/","title":{"rendered":"Nema gdje nisu svirali, a u prosincu planiraju &#8216;zapaliti&#8217; i Ljubu\u0161ki"},"content":{"rendered":"\n<p><strong>Njihove pjesme mnoge ga\u0111aju &#8220;direktno u srce&#8221;, a od koncerta naprave koncert za pam\u0107enje.<\/strong><\/p>\n\n\n\n<p>Jedni su od rijetkih koji se i nakon 20 godina glazbene karijere mogu pohvaliti da gdje god se pojave za njihov nastup se tra\u017ei karta vi\u0161e. <\/p>\n\n\n\n<p>Svi njihovi albumi nose status best-seller izdanja. <\/p>\n\n\n\n<p>Rije\u010d je pokreta\u010dima revolucije u dalmatinskoj pop glazbi, jednim imenom Grupa Dalmatino, navodi portal Dalmacijanews.<\/p>\n\n\n\n<p>Nakon dvadeset godina predanog rada, pjesama koje ne &#8220;izlaze iz u\u0161iju&#8221;, koncertnih nastupa diljem svijeta, od Amerike do Australije, ovaj sastav pro\u017eivljava, slobodno mo\u017eemo kazati drugi vrhunac karijere. <\/p>\n\n\n\n<p>Uskoro \u0107e pjevati pred punom dvoranom Gripe u svom Splitu, \u0161to je jedan od povoda za razgovor s osniva\u010dima i pokreta\u010dkom snagom grupe Dalmatino, Ivom Jagnji\u0107em i Zdravkom Sunarom.\u00a0<\/p>\n\n\n\n<p><strong>Danas iza sebe imate zavidan broj uspjeha, te zaista impresivan niz koncerata po Hrvatskoj, ali i po svijetu. Slobodno mo\u017eemo kazati da je ovo va\u0161 drugi vrhunac karijere. \u0160to je to \u0161to vas pokre\u0107e, ali i &#8216;gura&#8217; dalje te odakle toliko interes publike za va\u0161om glazbom?\u00a0<\/strong><\/p>\n\n\n\n<p>&#8211; Moramo re\u0107i da je ovo vrlo zanimljivo pitanje. Prvi na\u0161 vrhunac je bio 2001. prve godine kada je iza\u0161ao na\u0161 prvi album &#8216;Cukar i sol&#8217;. <\/p>\n\n\n\n<p>Dogodila se za nas jedna senzacija, a album je nadma\u0161io je sva na\u0161a o\u010dekivanja. Znali smo da su te pjesme ono \u0161to bi se moglo svidjeti publici te da imaju jednu dozu komercijalnosti.\u00a0<\/p>\n\n\n\n<p>\u0160to se ti\u010de drugog vrhunca, za to je zaslu\u017ena pjesma &#8216;Refu\u017eo&#8217;.\u00a0&#8216;Refu\u017eo&#8217; je jedna od onih pjesma za koju slobodno mo\u017eemo re\u0107i da &#8216;ne izlazi iz u\u0161iju&#8217;. Jedan dokaz za to je vi\u0161e od 3,3 milijuna pregleda na digitalnoj platformi YouTube. Najbolji dokaz je reakcija publike na koncertima.\u00a0<\/p>\n\n\n\n<p>-Kada sam ju napravio znao sam da je ta pjesma jako dobra i da ima jednu prekrasnu emociju. Ne bih htio ispast neskroman, ali ba\u0161 je ono puno volim. <\/p>\n\n\n\n<p>Kada sam zavr\u0161io glazbu i tekst, svirao sam ju po nekoliko puta na gitari i u momentu kada mi se to dogodi znam da sam napisao pjesmu koja \u0107e &#8216;pro\u0107i&#8217; dobro. <\/p>\n\n\n\n<p>O\u010dekivao sam da \u0107e ljudi reagirati fantasti\u010dno, ali da \u0107e ovako reagirati tome se nisam nadao. Hvala svima jo\u0161 jedan put! &#8211; kazuje Jagnji\u0107.\u00a0<\/p>\n\n\n\n<p><strong>Mo\u017eemo li ju smjestiti &#8216;uz bok&#8217; va\u0161im dosada\u0161njim hitovima?\u00a0<\/strong><\/p>\n\n\n\n<p>&#8211; Ne volim uspore\u0111ivati pisme. Svaki put dam svoj maksimum. Bitan je trenutak inspiracije, lucidnosti i momenta kada te Bog dotakne. To se ne mo\u017ee napraviti svaki dan, to je moment koji se \u010deka i tra\u017ei &#8211; rekao je Jagnji\u0107.\u00a0<\/p>\n\n\n\n<p>&#8211; Ako bismo govorili o na\u0161oj karijeri i usporedili svoje pjesme, e tu bi se dalo izdvojiti deset, mo\u017eda i petnaest posebnih pjesma &#8211; dodaje Sunara.\u00a0<\/p>\n\n\n\n<p><strong>E sada nam morate otkriti neke od petnaest izabranih.<\/strong><\/p>\n\n\n\n<p>\u00a0&#8211; To je sli\u010dno kao da nas pita\u0161 koje mi je najdra\u017ee dijete od njih troje. Ali evo izdvajaju se &#8216;Dajem ti ri\u010d&#8217;, pa famozna &#8216;Ditelina s \u010detri lista&#8217; &#8211; to je duet s legendarnim Oliverom koji je ostavio golem trag. Potom &#8216;Dvi sestre blizanke&#8217;, &#8216;Croatia&#8217;, &#8216;Refu\u017eo&#8217;, &#8216;Bura okri\u0107e&#8217; &#8211; pjesma koja mi je iznena\u0111enje. Napravio sam ju lijevom rukom, a u\u017eivo ta pjesma radi dar mar. Iskreno to nisam o\u010dekivao &#8211; kazuje Jagnji\u0107.\u00a0<\/p>\n\n\n\n<p><strong>Imate dugogodi\u0161nju glazbenu karijeru. Nakon \u0161to je iza\u0161la pjesma &#8216;Refu\u017eo&#8217; va\u0161a zavidna pjesmarica bogatija je za jo\u0161 jedan veliki hit kojeg je publika u kratkom periodu zavoljela. Smatrate li da je radio postaja va\u017ena u formiranju hitova?\u00a0<\/strong><\/p>\n\n\n\n<p>&#8211; Moramo biti iskreni. Za nas glazbenike, radio je najva\u017eniji mediji. Radio slu\u0161a doma\u0107ica dok kuha, slu\u0161a se i u autu, autobusu, pauzi od predavanja. To je medij koji je nezaobilazan. <\/p>\n\n\n\n<p>Zahvaljujemo se svim medijskim postajama u Hrvatskoj koje vrte na\u0161e pjesme i koje su prepoznale na\u0161 rad i na\u0161 trud.\u00a0Primjerice &#8211;\u00a0 ima\u0161 fantasti\u010dnu pjesmu, a nitko je ne vrti. <\/p>\n\n\n\n<p>\u0160to \u0107e se dogoditi? Ne\u0107e se dogoditi ni\u0161ta, ne mo\u017ee\u0161 ju prezentirati. Iako u dana\u0161nje vrijeme postoji digitalni svijet koji raspola\u017ee s digitalnim servisima preko kojih se mo\u017eete prezentirati pjesmu. <\/p>\n\n\n\n<p>Na takvim platformama imate \u0161iri radijus\u00a0 kretanja i mogu\u0107nost prezentacije rada umjetnika koji mo\u017eda \u017eivi samozatajan \u017eivot.\u00a0Nastavno na prija\u0161nje pitanje, mo\u017ee li radio napraviti hit od pjesme koja to i nije?<\/p>\n\n\n\n<p>&#8211; Mislimo da ne mo\u017ee. Ako ga napravi, onda je on jako kratkog dometa. Mislimo da nikad od pjesme koja nema predispoziciju da bude hit, ne mo\u017ee na silu napraviti hit.\u00a0<\/p>\n\n\n\n<p><strong>Ukinuta je ve\u0107ina epidemiolo\u0161kih mjera. Klubovi nakon dvije godine ponovno rade po uobi\u010dajenom radnom vremenu. Ljudi su \u017eeljni glazbe, veselja i izlazaka. Mo\u017eete li nam i vi to potvrditi po broju dogovorenih nastupa na ljeto?\u00a0<\/strong><\/p>\n\n\n\n<p>&#8211; Presretni smo jer za ljeto imamo iznena\u0111uju\u0107e puno rasprodanih termina. Imali smo od po\u010detka lipnja pro\u0161le godine pa sve do sada odli\u010dan period.\u00a0Kakva je situacija po pitanju novih pjesama, albuma&#8230;?\u00a0<\/p>\n\n\n\n<p>&#8211; \u0160to se ti\u010de pjesama trenutno smo vi\u0161e u izvo\u0111a\u010dkoj fazi, a manje u kreativnoj. Koncentrirani smo na koncerte koji nam slijede &#8211; rekao je Jagnji\u0107.\u00a0<\/p>\n\n\n\n<p><strong>Bli\u017ei se 21. travnja kada vas \u010deka nastup u velikoj dvorani Gripe u Splitu. Jeste li spremni?\u00a0\u00a0<\/strong><\/p>\n\n\n\n<p>&#8211; Veselimo se izuzetno Gripama. Nadamo se da \u0107e to biti sjajno. \u010cujemo sada 7 dana prije koncerta da je prodano 4 i pol tisu\u0107e karata, tako da smo presretni. Split je na\u0161 grad, mi smo splitska dica. <\/p>\n\n\n\n<p>Tu smo ro\u0111eni, tu \u017eivimo i tu \u0107emo umrijeti. Nije isto svirati u Rijeci, Vancouveru ili u Splitu, ako si ro\u0111en u Splitu. Taj nam nastup posebno imponira.\u00a0<\/p>\n\n\n\n<p><strong>Triput ste napunili zagreba\u010dku dvoranu Lisinski. Prema informacijama koje posjedujemo, interes publike za koncert je bio toliki da biste rasprodali dvoranu barem jo\u0161 dvaput. Kakvi su vas osje\u0107aju prolazili kada ste kro\u010dili na binu?\u00a0<\/strong><\/p>\n\n\n\n<p>-Kad smo iza\u0161li na pozornicu u Lisinskom mi smo se smrzli. Evo i koji je razlog tomu. Mi smo bend kakvi jesmo i imamo glazbu kakvu imamo. Oni koji nas dobro poznaju, znaju o \u010demu govorimo. <\/p>\n\n\n\n<p>&#8216;Oni \u0161ta se vole, znaju to&#8217; rekao bi pjesnik &#8211; kroz smijeh \u0107e Jagnji\u0107.\u00a0<\/p>\n\n\n\n<p>-Lisinski je odavno na\u0161a \u017eelja. Kada smo organizirali prvi koncert, 17. velja\u010de znali smo da \u0107e taj koncert biti rasprodan jer znamo kakva nam je putanja i kako prolazimo u Zagrebu. Iskreno o\u010dekivali smo jedan koncert, me\u0111utim nakon toga prodali smo jo\u0161 dva koncerta. Tre\u0107i se rasprodao najprije. D<\/p>\n\n\n\n<p>ino Bahtijarevi\u0107, direktor firme Baba production tvrdi da je pritisak na njegov telefon bio toliki da bi prodali jo\u0161 dva koncerta da smo htjeli. Me\u0111utim \u010deka nas koncert u Splitu. Nismo se htjeli optere\u0107ivati. Danas je to ne\u0161to senzacionalno i prekrasno &#8211; rekao je Sunara.\u00a0<\/p>\n\n\n\n<p>-Kad gledam videa iz dvorane Lisinski ne mogu vjerovati da se to dogodilo, mislim da sanjam &#8211; dodaje Jagnji\u0107.\u00a0<\/p>\n\n\n\n<p><strong>Je li izvorna dalmatinska pjesma u krizi ili je to pogre\u0161an dojam?\u00a0<\/strong><\/p>\n\n\n\n<p>&#8211; Mislim da ni malo nije u krizi. Kad stanete nogom na balun i izdvojite sve izvo\u0111a\u010de dalmatinske glazbe, mo\u017eete nabrojiti desetak fantasti\u010dnih izvo\u0111a\u010da. <\/p>\n\n\n\n<p>Ne mogu odoljeti da ne spomenem Olivera. On je veteran te glazbe, on je tu pri\u010du zapo\u010deo i nas sve &#8216;zarazio&#8217;. Hvala mu za to!<\/p>\n\n\n\n<p>Imate sjajnih izvo\u0111a\u010da, autora i pisama. Pravi primjer je na\u0161a svirka u Mostaru u jednom klubu koji prima poprili\u010dan broj ljudi. <\/p>\n\n\n\n<p>Zna\u010di ne govorimo o klubu koji prima 200 ljudi. Prodali smo dva koncerta u dok se &#8216;nismo ni okrenuli&#8217;. Ni\u0161ta to nije iznena\u0111uju\u0107e osim sljede\u0107e \u010dinjenice, a to je da je to narodnja\u010dki klub. Mi to tek naknadno saznali.\u00a0Rezime svega, ako ima\u0161 dobru i kvalitetnu pjesmu, bez obzira na glazbenu formu, ona ru\u0161i sve granice &#8211; kazuje Jagnji\u0107.\u00a0<\/p>\n\n\n\n<p>&#8211; Dobra pjesma ne zna \u0161to je kriza. Uvijek na\u0111e put do uha i srca pravoga slu\u0161atelja. Na sre\u0107u, imamo dosta pjesama koje su na\u0161le put do srca na\u0161e glazbene obitelji odnosno svih koji vole na\u0161e pjesme. Hladno i previ\u0161e slu\u017ebeno mi zvu\u010di rije\u010d publika. Nama su svi koji nas vole i po\u0161tuju puuuuno vi\u0161e od publike i uvijek \u0107emo uzvrati za ljubav i po\u0161tovanje &#8211; zaklju\u010dio je Sunara.\u00a0<\/p>\n\n\n\n<p>I za kraj. Poruka uo\u010di velikog koncerta na Gripama 21. travnja.\u00a0<\/p>\n\n\n\n<p>&#8211; Pozivamo Vas na \u0161to glasnije pjevanje na koncertu 21.travnja jer \u0107emo snimiti i izdati live album i DVD Dalmatino u Splitu \u010dime ispunjavamo na\u0161u \u017eelju staru vi\u0161e od dvadeset godina. \u017delimo Vam svima sretan Uskrs &#8211; poru\u010dili su Sunara i Jagnji\u0107.\u00a0<\/p>\n\n\n\n<p>Kako smo doznali od organizatora, koji je zasad htio ostati anoniman, Grupa Dalmatino planira u prosincu u Gradskoj \u0161portskoj dvorani Ljubu\u0161ki odr\u017eati koncert koji \u0107e zasigurno &#8216;zapaliti&#8217; Ljubu\u0161ki i regiju.<\/p>\n\n\n\n<iframe loading=\"lazy\" width=\"560\" height=\"315\" src=\"https:\/\/www.youtube.com\/embed\/x8rt_zEt91Q\" title=\"YouTube video player\" frameborder=\"0\" allow=\"accelerometer; autoplay; clipboard-write; encrypted-media; gyroscope; picture-in-picture\" allowfullscreen><\/iframe>\n\n\n\n<p><strong>Izvor: Iks-portal.info<\/strong><\/p>\n","protected":false},"excerpt":{"rendered":"<p>Njihove pjesme mnoge ga\u0111aju &#8220;direktno u srce&#8221;, a od koncerta naprave koncert za pam\u0107enje. Jedni su od rijetkih koji se i nakon 20 godina glazbene karijere mogu pohvaliti da gdje god se pojave za njihov nastup se tra\u017ei karta vi\u0161e. Svi njihovi albumi nose status best-seller izdanja. Rije\u010d je pokreta\u010dima revolucije u dalmatinskoj pop glazbi, [&hellip;]<\/p>\n","protected":false},"author":2,"featured_media":133052,"comment_status":"closed","ping_status":"closed","sticky":false,"template":"","format":"standard","meta":{"h5ap_radio_sources":[],"footnotes":""},"categories":[1],"tags":[],"class_list":["post-133051","post","type-post","status-publish","format-standard","has-post-thumbnail","hentry","category-bihiregija"],"yoast_head":"<!-- This site is optimized with the Yoast SEO plugin v27.5 - https:\/\/yoast.com\/product\/yoast-seo-wordpress\/ -->\n<title>Nema gdje nisu svirali, a u prosincu planiraju &#039;zapaliti&#039; i Ljubu\u0161ki - RADIO LJUBU\u0160KI<\/title>\n<meta name=\"robots\" content=\"index, follow, max-snippet:-1, max-image-preview:large, max-video-preview:-1\" \/>\n<link rel=\"canonical\" href=\"https:\/\/radioljubuski.ba\/index.php\/2022\/04\/16\/nema-gdje-nisu-svirali-a-u-prosincu-planiraju-zapaliti-i-ljubuski\/\" \/>\n<meta property=\"og:locale\" content=\"hr_HR\" \/>\n<meta property=\"og:type\" content=\"article\" \/>\n<meta property=\"og:title\" content=\"Nema gdje nisu svirali, a u prosincu planiraju &#039;zapaliti&#039; i Ljubu\u0161ki - RADIO LJUBU\u0160KI\" \/>\n<meta property=\"og:description\" content=\"Njihove pjesme mnoge ga\u0111aju &#8220;direktno u srce&#8221;, a od koncerta naprave koncert za pam\u0107enje. Jedni su od rijetkih koji se i nakon 20 godina glazbene karijere mogu pohvaliti da gdje god se pojave za njihov nastup se tra\u017ei karta vi\u0161e. Svi njihovi albumi nose status best-seller izdanja. Rije\u010d je pokreta\u010dima revolucije u dalmatinskoj pop glazbi, [&hellip;]\" \/>\n<meta property=\"og:url\" content=\"https:\/\/radioljubuski.ba\/index.php\/2022\/04\/16\/nema-gdje-nisu-svirali-a-u-prosincu-planiraju-zapaliti-i-ljubuski\/\" \/>\n<meta property=\"og:site_name\" content=\"RADIO LJUBU\u0160KI\" \/>\n<meta property=\"article:publisher\" content=\"https:\/\/www.facebook.com\/Radiio-Ljubuski-1490835324566332\" \/>\n<meta property=\"article:published_time\" content=\"2022-04-16T05:53:07+00:00\" \/>\n<meta property=\"article:modified_time\" content=\"2022-04-16T05:53:08+00:00\" \/>\n<meta property=\"og:image\" content=\"https:\/\/radioljubuski.ba\/wp-content\/uploads\/2022\/04\/dalmatino.jpg\" \/>\n\t<meta property=\"og:image:width\" content=\"1024\" \/>\n\t<meta property=\"og:image:height\" content=\"694\" \/>\n\t<meta property=\"og:image:type\" content=\"image\/jpeg\" \/>\n<meta name=\"author\" content=\"Radio Ljubu\u0161ki\" \/>\n<meta name=\"twitter:card\" content=\"summary_large_image\" \/>\n<meta name=\"twitter:creator\" content=\"@radioljubuski\" \/>\n<meta name=\"twitter:site\" content=\"@radioljubuski\" \/>\n<meta name=\"twitter:label1\" content=\"Napisao\/la\" \/>\n\t<meta name=\"twitter:data1\" content=\"Radio Ljubu\u0161ki\" \/>\n\t<meta name=\"twitter:label2\" content=\"Procijenjeno vrijeme \u010ditanja\" \/>\n\t<meta name=\"twitter:data2\" content=\"6 minuta\" \/>\n<script type=\"application\/ld+json\" class=\"yoast-schema-graph\">{\"@context\":\"https:\\\/\\\/schema.org\",\"@graph\":[{\"@type\":\"Article\",\"@id\":\"https:\\\/\\\/radioljubuski.ba\\\/index.php\\\/2022\\\/04\\\/16\\\/nema-gdje-nisu-svirali-a-u-prosincu-planiraju-zapaliti-i-ljubuski\\\/#article\",\"isPartOf\":{\"@id\":\"https:\\\/\\\/radioljubuski.ba\\\/index.php\\\/2022\\\/04\\\/16\\\/nema-gdje-nisu-svirali-a-u-prosincu-planiraju-zapaliti-i-ljubuski\\\/\"},\"author\":{\"name\":\"Radio Ljubu\u0161ki\",\"@id\":\"https:\\\/\\\/radioljubuski.ba\\\/#\\\/schema\\\/person\\\/19fc700381a780f69665d7956c469e3b\"},\"headline\":\"Nema gdje nisu svirali, a u prosincu planiraju &#8216;zapaliti&#8217; i Ljubu\u0161ki\",\"datePublished\":\"2022-04-16T05:53:07+00:00\",\"dateModified\":\"2022-04-16T05:53:08+00:00\",\"mainEntityOfPage\":{\"@id\":\"https:\\\/\\\/radioljubuski.ba\\\/index.php\\\/2022\\\/04\\\/16\\\/nema-gdje-nisu-svirali-a-u-prosincu-planiraju-zapaliti-i-ljubuski\\\/\"},\"wordCount\":1515,\"publisher\":{\"@id\":\"https:\\\/\\\/radioljubuski.ba\\\/#organization\"},\"image\":{\"@id\":\"https:\\\/\\\/radioljubuski.ba\\\/index.php\\\/2022\\\/04\\\/16\\\/nema-gdje-nisu-svirali-a-u-prosincu-planiraju-zapaliti-i-ljubuski\\\/#primaryimage\"},\"thumbnailUrl\":\"https:\\\/\\\/radioljubuski.ba\\\/wp-content\\\/uploads\\\/2022\\\/04\\\/dalmatino.jpg\",\"articleSection\":[\"BIH i regija\"],\"inLanguage\":\"hr\"},{\"@type\":\"WebPage\",\"@id\":\"https:\\\/\\\/radioljubuski.ba\\\/index.php\\\/2022\\\/04\\\/16\\\/nema-gdje-nisu-svirali-a-u-prosincu-planiraju-zapaliti-i-ljubuski\\\/\",\"url\":\"https:\\\/\\\/radioljubuski.ba\\\/index.php\\\/2022\\\/04\\\/16\\\/nema-gdje-nisu-svirali-a-u-prosincu-planiraju-zapaliti-i-ljubuski\\\/\",\"name\":\"Nema gdje nisu svirali, a u prosincu planiraju 'zapaliti' i Ljubu\u0161ki - RADIO LJUBU\u0160KI\",\"isPartOf\":{\"@id\":\"https:\\\/\\\/radioljubuski.ba\\\/#website\"},\"primaryImageOfPage\":{\"@id\":\"https:\\\/\\\/radioljubuski.ba\\\/index.php\\\/2022\\\/04\\\/16\\\/nema-gdje-nisu-svirali-a-u-prosincu-planiraju-zapaliti-i-ljubuski\\\/#primaryimage\"},\"image\":{\"@id\":\"https:\\\/\\\/radioljubuski.ba\\\/index.php\\\/2022\\\/04\\\/16\\\/nema-gdje-nisu-svirali-a-u-prosincu-planiraju-zapaliti-i-ljubuski\\\/#primaryimage\"},\"thumbnailUrl\":\"https:\\\/\\\/radioljubuski.ba\\\/wp-content\\\/uploads\\\/2022\\\/04\\\/dalmatino.jpg\",\"datePublished\":\"2022-04-16T05:53:07+00:00\",\"dateModified\":\"2022-04-16T05:53:08+00:00\",\"breadcrumb\":{\"@id\":\"https:\\\/\\\/radioljubuski.ba\\\/index.php\\\/2022\\\/04\\\/16\\\/nema-gdje-nisu-svirali-a-u-prosincu-planiraju-zapaliti-i-ljubuski\\\/#breadcrumb\"},\"inLanguage\":\"hr\",\"potentialAction\":[{\"@type\":\"ReadAction\",\"target\":[\"https:\\\/\\\/radioljubuski.ba\\\/index.php\\\/2022\\\/04\\\/16\\\/nema-gdje-nisu-svirali-a-u-prosincu-planiraju-zapaliti-i-ljubuski\\\/\"]}]},{\"@type\":\"ImageObject\",\"inLanguage\":\"hr\",\"@id\":\"https:\\\/\\\/radioljubuski.ba\\\/index.php\\\/2022\\\/04\\\/16\\\/nema-gdje-nisu-svirali-a-u-prosincu-planiraju-zapaliti-i-ljubuski\\\/#primaryimage\",\"url\":\"https:\\\/\\\/radioljubuski.ba\\\/wp-content\\\/uploads\\\/2022\\\/04\\\/dalmatino.jpg\",\"contentUrl\":\"https:\\\/\\\/radioljubuski.ba\\\/wp-content\\\/uploads\\\/2022\\\/04\\\/dalmatino.jpg\",\"width\":1024,\"height\":694},{\"@type\":\"BreadcrumbList\",\"@id\":\"https:\\\/\\\/radioljubuski.ba\\\/index.php\\\/2022\\\/04\\\/16\\\/nema-gdje-nisu-svirali-a-u-prosincu-planiraju-zapaliti-i-ljubuski\\\/#breadcrumb\",\"itemListElement\":[{\"@type\":\"ListItem\",\"position\":1,\"name\":\"Po\u010detna stranica\",\"item\":\"https:\\\/\\\/radioljubuski.ba\\\/\"},{\"@type\":\"ListItem\",\"position\":2,\"name\":\"Nema gdje nisu svirali, a u prosincu planiraju &#8216;zapaliti&#8217; i Ljubu\u0161ki\"}]},{\"@type\":\"WebSite\",\"@id\":\"https:\\\/\\\/radioljubuski.ba\\\/#website\",\"url\":\"https:\\\/\\\/radioljubuski.ba\\\/\",\"name\":\"Radio Ljubu\u0161ki\",\"description\":\"Sun\u010dana frekvencija Hercegovine\",\"publisher\":{\"@id\":\"https:\\\/\\\/radioljubuski.ba\\\/#organization\"},\"potentialAction\":[{\"@type\":\"SearchAction\",\"target\":{\"@type\":\"EntryPoint\",\"urlTemplate\":\"https:\\\/\\\/radioljubuski.ba\\\/?s={search_term_string}\"},\"query-input\":{\"@type\":\"PropertyValueSpecification\",\"valueRequired\":true,\"valueName\":\"search_term_string\"}}],\"inLanguage\":\"hr\"},{\"@type\":\"Organization\",\"@id\":\"https:\\\/\\\/radioljubuski.ba\\\/#organization\",\"name\":\"Radio Ljubu\u0161ki\",\"url\":\"https:\\\/\\\/radioljubuski.ba\\\/\",\"logo\":{\"@type\":\"ImageObject\",\"inLanguage\":\"hr\",\"@id\":\"https:\\\/\\\/radioljubuski.ba\\\/#\\\/schema\\\/logo\\\/image\\\/\",\"url\":\"https:\\\/\\\/radioljubuski.ba\\\/wp-content\\\/uploads\\\/2021\\\/02\\\/cropped-Radio_Ljubuski_logo1.jpg\",\"contentUrl\":\"https:\\\/\\\/radioljubuski.ba\\\/wp-content\\\/uploads\\\/2021\\\/02\\\/cropped-Radio_Ljubuski_logo1.jpg\",\"width\":512,\"height\":512,\"caption\":\"Radio Ljubu\u0161ki\"},\"image\":{\"@id\":\"https:\\\/\\\/radioljubuski.ba\\\/#\\\/schema\\\/logo\\\/image\\\/\"},\"sameAs\":[\"https:\\\/\\\/www.facebook.com\\\/Radiio-Ljubuski-1490835324566332\",\"https:\\\/\\\/x.com\\\/radioljubuski\",\"https:\\\/\\\/hr.linkedin.com\\\/company\\\/radio-ljubuski\",\"https:\\\/\\\/www.youtube.com\\\/channel\\\/UCHYaeO_n0Db3tjNGudGpXyw\"]},{\"@type\":\"Person\",\"@id\":\"https:\\\/\\\/radioljubuski.ba\\\/#\\\/schema\\\/person\\\/19fc700381a780f69665d7956c469e3b\",\"name\":\"Radio Ljubu\u0161ki\"}]}<\/script>\n<!-- \/ Yoast SEO plugin. -->","yoast_head_json":{"title":"Nema gdje nisu svirali, a u prosincu planiraju 'zapaliti' i Ljubu\u0161ki - RADIO LJUBU\u0160KI","robots":{"index":"index","follow":"follow","max-snippet":"max-snippet:-1","max-image-preview":"max-image-preview:large","max-video-preview":"max-video-preview:-1"},"canonical":"https:\/\/radioljubuski.ba\/index.php\/2022\/04\/16\/nema-gdje-nisu-svirali-a-u-prosincu-planiraju-zapaliti-i-ljubuski\/","og_locale":"hr_HR","og_type":"article","og_title":"Nema gdje nisu svirali, a u prosincu planiraju 'zapaliti' i Ljubu\u0161ki - RADIO LJUBU\u0160KI","og_description":"Njihove pjesme mnoge ga\u0111aju &#8220;direktno u srce&#8221;, a od koncerta naprave koncert za pam\u0107enje. Jedni su od rijetkih koji se i nakon 20 godina glazbene karijere mogu pohvaliti da gdje god se pojave za njihov nastup se tra\u017ei karta vi\u0161e. Svi njihovi albumi nose status best-seller izdanja. Rije\u010d je pokreta\u010dima revolucije u dalmatinskoj pop glazbi, [&hellip;]","og_url":"https:\/\/radioljubuski.ba\/index.php\/2022\/04\/16\/nema-gdje-nisu-svirali-a-u-prosincu-planiraju-zapaliti-i-ljubuski\/","og_site_name":"RADIO LJUBU\u0160KI","article_publisher":"https:\/\/www.facebook.com\/Radiio-Ljubuski-1490835324566332","article_published_time":"2022-04-16T05:53:07+00:00","article_modified_time":"2022-04-16T05:53:08+00:00","og_image":[{"width":1024,"height":694,"url":"https:\/\/radioljubuski.ba\/wp-content\/uploads\/2022\/04\/dalmatino.jpg","type":"image\/jpeg"}],"author":"Radio Ljubu\u0161ki","twitter_card":"summary_large_image","twitter_creator":"@radioljubuski","twitter_site":"@radioljubuski","twitter_misc":{"Napisao\/la":"Radio Ljubu\u0161ki","Procijenjeno vrijeme \u010ditanja":"6 minuta"},"schema":{"@context":"https:\/\/schema.org","@graph":[{"@type":"Article","@id":"https:\/\/radioljubuski.ba\/index.php\/2022\/04\/16\/nema-gdje-nisu-svirali-a-u-prosincu-planiraju-zapaliti-i-ljubuski\/#article","isPartOf":{"@id":"https:\/\/radioljubuski.ba\/index.php\/2022\/04\/16\/nema-gdje-nisu-svirali-a-u-prosincu-planiraju-zapaliti-i-ljubuski\/"},"author":{"name":"Radio Ljubu\u0161ki","@id":"https:\/\/radioljubuski.ba\/#\/schema\/person\/19fc700381a780f69665d7956c469e3b"},"headline":"Nema gdje nisu svirali, a u prosincu planiraju &#8216;zapaliti&#8217; i Ljubu\u0161ki","datePublished":"2022-04-16T05:53:07+00:00","dateModified":"2022-04-16T05:53:08+00:00","mainEntityOfPage":{"@id":"https:\/\/radioljubuski.ba\/index.php\/2022\/04\/16\/nema-gdje-nisu-svirali-a-u-prosincu-planiraju-zapaliti-i-ljubuski\/"},"wordCount":1515,"publisher":{"@id":"https:\/\/radioljubuski.ba\/#organization"},"image":{"@id":"https:\/\/radioljubuski.ba\/index.php\/2022\/04\/16\/nema-gdje-nisu-svirali-a-u-prosincu-planiraju-zapaliti-i-ljubuski\/#primaryimage"},"thumbnailUrl":"https:\/\/radioljubuski.ba\/wp-content\/uploads\/2022\/04\/dalmatino.jpg","articleSection":["BIH i regija"],"inLanguage":"hr"},{"@type":"WebPage","@id":"https:\/\/radioljubuski.ba\/index.php\/2022\/04\/16\/nema-gdje-nisu-svirali-a-u-prosincu-planiraju-zapaliti-i-ljubuski\/","url":"https:\/\/radioljubuski.ba\/index.php\/2022\/04\/16\/nema-gdje-nisu-svirali-a-u-prosincu-planiraju-zapaliti-i-ljubuski\/","name":"Nema gdje nisu svirali, a u prosincu planiraju 'zapaliti' i Ljubu\u0161ki - RADIO LJUBU\u0160KI","isPartOf":{"@id":"https:\/\/radioljubuski.ba\/#website"},"primaryImageOfPage":{"@id":"https:\/\/radioljubuski.ba\/index.php\/2022\/04\/16\/nema-gdje-nisu-svirali-a-u-prosincu-planiraju-zapaliti-i-ljubuski\/#primaryimage"},"image":{"@id":"https:\/\/radioljubuski.ba\/index.php\/2022\/04\/16\/nema-gdje-nisu-svirali-a-u-prosincu-planiraju-zapaliti-i-ljubuski\/#primaryimage"},"thumbnailUrl":"https:\/\/radioljubuski.ba\/wp-content\/uploads\/2022\/04\/dalmatino.jpg","datePublished":"2022-04-16T05:53:07+00:00","dateModified":"2022-04-16T05:53:08+00:00","breadcrumb":{"@id":"https:\/\/radioljubuski.ba\/index.php\/2022\/04\/16\/nema-gdje-nisu-svirali-a-u-prosincu-planiraju-zapaliti-i-ljubuski\/#breadcrumb"},"inLanguage":"hr","potentialAction":[{"@type":"ReadAction","target":["https:\/\/radioljubuski.ba\/index.php\/2022\/04\/16\/nema-gdje-nisu-svirali-a-u-prosincu-planiraju-zapaliti-i-ljubuski\/"]}]},{"@type":"ImageObject","inLanguage":"hr","@id":"https:\/\/radioljubuski.ba\/index.php\/2022\/04\/16\/nema-gdje-nisu-svirali-a-u-prosincu-planiraju-zapaliti-i-ljubuski\/#primaryimage","url":"https:\/\/radioljubuski.ba\/wp-content\/uploads\/2022\/04\/dalmatino.jpg","contentUrl":"https:\/\/radioljubuski.ba\/wp-content\/uploads\/2022\/04\/dalmatino.jpg","width":1024,"height":694},{"@type":"BreadcrumbList","@id":"https:\/\/radioljubuski.ba\/index.php\/2022\/04\/16\/nema-gdje-nisu-svirali-a-u-prosincu-planiraju-zapaliti-i-ljubuski\/#breadcrumb","itemListElement":[{"@type":"ListItem","position":1,"name":"Po\u010detna stranica","item":"https:\/\/radioljubuski.ba\/"},{"@type":"ListItem","position":2,"name":"Nema gdje nisu svirali, a u prosincu planiraju &#8216;zapaliti&#8217; i Ljubu\u0161ki"}]},{"@type":"WebSite","@id":"https:\/\/radioljubuski.ba\/#website","url":"https:\/\/radioljubuski.ba\/","name":"Radio Ljubu\u0161ki","description":"Sun\u010dana frekvencija Hercegovine","publisher":{"@id":"https:\/\/radioljubuski.ba\/#organization"},"potentialAction":[{"@type":"SearchAction","target":{"@type":"EntryPoint","urlTemplate":"https:\/\/radioljubuski.ba\/?s={search_term_string}"},"query-input":{"@type":"PropertyValueSpecification","valueRequired":true,"valueName":"search_term_string"}}],"inLanguage":"hr"},{"@type":"Organization","@id":"https:\/\/radioljubuski.ba\/#organization","name":"Radio Ljubu\u0161ki","url":"https:\/\/radioljubuski.ba\/","logo":{"@type":"ImageObject","inLanguage":"hr","@id":"https:\/\/radioljubuski.ba\/#\/schema\/logo\/image\/","url":"https:\/\/radioljubuski.ba\/wp-content\/uploads\/2021\/02\/cropped-Radio_Ljubuski_logo1.jpg","contentUrl":"https:\/\/radioljubuski.ba\/wp-content\/uploads\/2021\/02\/cropped-Radio_Ljubuski_logo1.jpg","width":512,"height":512,"caption":"Radio Ljubu\u0161ki"},"image":{"@id":"https:\/\/radioljubuski.ba\/#\/schema\/logo\/image\/"},"sameAs":["https:\/\/www.facebook.com\/Radiio-Ljubuski-1490835324566332","https:\/\/x.com\/radioljubuski","https:\/\/hr.linkedin.com\/company\/radio-ljubuski","https:\/\/www.youtube.com\/channel\/UCHYaeO_n0Db3tjNGudGpXyw"]},{"@type":"Person","@id":"https:\/\/radioljubuski.ba\/#\/schema\/person\/19fc700381a780f69665d7956c469e3b","name":"Radio Ljubu\u0161ki"}]}},"_links":{"self":[{"href":"https:\/\/radioljubuski.ba\/index.php\/wp-json\/wp\/v2\/posts\/133051","targetHints":{"allow":["GET"]}}],"collection":[{"href":"https:\/\/radioljubuski.ba\/index.php\/wp-json\/wp\/v2\/posts"}],"about":[{"href":"https:\/\/radioljubuski.ba\/index.php\/wp-json\/wp\/v2\/types\/post"}],"author":[{"embeddable":true,"href":"https:\/\/radioljubuski.ba\/index.php\/wp-json\/wp\/v2\/users\/2"}],"replies":[{"embeddable":true,"href":"https:\/\/radioljubuski.ba\/index.php\/wp-json\/wp\/v2\/comments?post=133051"}],"version-history":[{"count":1,"href":"https:\/\/radioljubuski.ba\/index.php\/wp-json\/wp\/v2\/posts\/133051\/revisions"}],"predecessor-version":[{"id":133053,"href":"https:\/\/radioljubuski.ba\/index.php\/wp-json\/wp\/v2\/posts\/133051\/revisions\/133053"}],"wp:featuredmedia":[{"embeddable":true,"href":"https:\/\/radioljubuski.ba\/index.php\/wp-json\/wp\/v2\/media\/133052"}],"wp:attachment":[{"href":"https:\/\/radioljubuski.ba\/index.php\/wp-json\/wp\/v2\/media?parent=133051"}],"wp:term":[{"taxonomy":"category","embeddable":true,"href":"https:\/\/radioljubuski.ba\/index.php\/wp-json\/wp\/v2\/categories?post=133051"},{"taxonomy":"post_tag","embeddable":true,"href":"https:\/\/radioljubuski.ba\/index.php\/wp-json\/wp\/v2\/tags?post=133051"}],"curies":[{"name":"wp","href":"https:\/\/api.w.org\/{rel}","templated":true}]}}