{"id":133054,"date":"2022-04-16T06:55:09","date_gmt":"2022-04-16T05:55:09","guid":{"rendered":"https:\/\/radioljubuski.ba\/?p=133054"},"modified":"2022-04-16T06:55:10","modified_gmt":"2022-04-16T05:55:10","slug":"poskupljenja-sve-veca-gradani-u-bih-zive-ispod-svakog-prosjeka","status":"publish","type":"post","link":"https:\/\/radioljubuski.ba\/index.php\/2022\/04\/16\/poskupljenja-sve-veca-gradani-u-bih-zive-ispod-svakog-prosjeka\/","title":{"rendered":"Poskupljenja sve ve\u0107a, gra\u0111ani u BiH \u017eive ispod svakog prosjeka"},"content":{"rendered":"\n<p>Stalna i sve ve\u0107a poskupljenja osnovnih \u017eivotnih namirnica i energenata dovela su do toga da je ambijent u kojem \u017eive gra\u0111ani u Bosni i Hercegovini odavno ispod svakog prosjeka.&nbsp;<\/p>\n\n\n\n<p>260 tisu\u0107a radnika u Federaciji \u017eive s mjese\u010dnim primanjima manjim od 650 maraka. <\/p>\n\n\n\n<p>Ve\u0107 odavno minimalna pla\u0107a od 543 marke, a onda i prosje\u010dna od tisu\u0107u maraka nisu dovoljne ni za osnovne potrep\u0161tine, budu\u0107i da nam je posljednja potro\u0161a\u010dka korpa iz o\u017eujka, dosegla cifru od gotovo dvije i po tisu\u0107e maraka. <\/p>\n\n\n\n<p>Pla\u0107e ne prate poskupljenja, ali je Vlada Federacije predlo\u017eila novi zakon o minimalnoj pla\u0107i kojim bi se plata pove\u0107ala s 543 marke na 722. <\/p>\n\n\n\n<p>No, ovaj zakon, kako su zaklju\u010dili poslodavci, u koliziji je sa Zakonom o radu, Zakonom o zdravstvenom osiguranju te zakonima o doprinosima i porezu na dohodak, pa ga je neophodno korigirati.<\/p>\n\n\n\n<p><strong>ADNAN SMAILBEGOVI\u0106, Udru\u017eenje poslodavaca Federacije BiH<\/strong><\/p>\n\n\n\n<p>&#8220;Dogovor je da u narednih 10 dana sindikat i poslodavci sjednu i da poku\u0161amo usuglasiti te zakone, da bar raspravimoi da onda u naredne dva tri tjedna najvi\u0161e zaka\u017eemo sjednicu ESV, gdje bi razgovaralii o svim tim zakonima u jednom paketu&#8221;.<\/p>\n\n\n\n<p>Savez samostalnih sindikata Bosne i Hercegovine tra\u017ei izmjenu uredbe o izra\u010dunavanju i metodologiji uskla\u0111ivanja najni\u017ee pla\u0107e u Federaciji kako bi je mogli uskladiti sa indeksom rasta cijena. Osnovne zamjerke sindikata na ovaj zakon, izme\u0111u ostalog, odnose se na \u010dinjenicu da je institut uskla\u0111ivanja plata ostao promjenljiv. Smatraju da je 1. sije\u010dnja 2023. godine dalek rok za primjenu zakona o minimalnoj pla\u0107i, budu\u0107i da nas \u010deka, kako su rekli, galopiraju\u0107a inflacija.<\/p>\n\n\n\n<p><strong>MEVLUDIN BEKTI\u0106, Savez samostalnih<\/strong><\/p>\n\n\n\n<p>&#8220;\u0160to \u0107e zna\u010diti 722 marke, to zaista ne znamo, ni kolika \u0107e biti kupovna mo\u0107. Ona \u0107e ona biti nominalno ve\u0107a, ova \u0107e plata biti nedostatna jer znamo \u0161to inflacija mo\u017ee u\u010diniti, a deset mjeseci nas \u010deka ova kriza sa kompletnim ovim energetskim sektorom&#8221;.<\/p>\n\n\n\n<p>Minimalna pla\u0107a se mo\u017ee pove\u0107ati samo ako se smanji fiskalno optere\u0107enje na rad &#8211; \u0161to je najve\u0107i problem doma\u0107eg fiskalnog sistema i razlog niskih pla\u0107a, visoke nezaposlenosti i odlaska radnika, poru\u010duju ekonomisti. Nagla\u0161avaju da u narednom periodu pla\u0107e ne\u0107e zna\u010dajnije rasti jer svijet ulazi u takozvano stanje stagflacije.<\/p>\n\n\n\n<p><strong>ADMIR \u010cAVALI\u0106, ekonomista<\/strong><\/p>\n\n\n\n<p>&#8220;U slu\u010daju nepove\u0107anja pla\u0107a u privatnom sektoru oni su daleko spremniji da tra\u017ee posao negdje drugo. To je problem za na\u0161e kompanije i vra\u0107am se na tu stagflaciju i ovo mo\u017ee biti veliki problem za privatan sektor u na\u0161oj zemlji, razumijevaju\u0107i da smo imali problema sa na\u0161im izvoznicima i generalno da na\u0161e kompanije imaju problema sa uvozom materijala&#8221;.<\/p>\n\n\n\n<p>Politi\u010dki analiti\u010dari poru\u010duju da nije ni \u010dudo \u0161to smo sve siroma\u0161niji kada se politi\u010dari umjesto interesima gra\u0111ana, godinama bave samo prepucavanjima i optu\u017eivanjima.<\/p>\n\n\n\n<p><strong>TANJA TOPI\u0106<\/strong><\/p>\n\n\n\n<p>&#8220;Oni su godine i godine na\u0161eg \u017eivota potro\u0161ili na politi\u010dkim prepucavanjima, upravo na proizvodnji straha jedni od drugih, a da je izostao konkretan plan koji \u0107e doprinijeti blagostanju \u017eivotnog standarda&#8221;.<\/p>\n\n\n\n<p>Bosna i Hercegovina se od visoke inflacije mo\u017ee za\u0161tititi osloba\u0111anjem gospodarstva od poreza, omogu\u0107avanjem vi\u0161e uvoza sirovine i materijala za kompanije, te osiguranjem socijalnih programa \u0161to bi za\u0161titilo barem 20 posto populacije.<\/p>\n\n\n\n<p><strong>Izvor: Pogled.ba<\/strong><\/p>\n","protected":false},"excerpt":{"rendered":"<p>Stalna i sve ve\u0107a poskupljenja osnovnih \u017eivotnih namirnica i energenata dovela su do toga da je ambijent u kojem \u017eive gra\u0111ani u Bosni i Hercegovini odavno ispod svakog prosjeka.&nbsp; 260 tisu\u0107a radnika u Federaciji \u017eive s mjese\u010dnim primanjima manjim od 650 maraka. Ve\u0107 odavno minimalna pla\u0107a od 543 marke, a onda i prosje\u010dna od tisu\u0107u [&hellip;]<\/p>\n","protected":false},"author":2,"featured_media":126380,"comment_status":"closed","ping_status":"closed","sticky":false,"template":"","format":"standard","meta":{"h5ap_radio_sources":[],"footnotes":""},"categories":[1],"tags":[],"class_list":["post-133054","post","type-post","status-publish","format-standard","has-post-thumbnail","hentry","category-bihiregija"],"yoast_head":"<!-- This site is optimized with the Yoast SEO plugin v27.5 - https:\/\/yoast.com\/product\/yoast-seo-wordpress\/ -->\n<title>Poskupljenja sve ve\u0107a, gra\u0111ani u BiH \u017eive ispod svakog prosjeka - RADIO LJUBU\u0160KI<\/title>\n<meta name=\"robots\" content=\"index, follow, max-snippet:-1, max-image-preview:large, max-video-preview:-1\" \/>\n<link rel=\"canonical\" href=\"https:\/\/radioljubuski.ba\/index.php\/2022\/04\/16\/poskupljenja-sve-veca-gradani-u-bih-zive-ispod-svakog-prosjeka\/\" \/>\n<meta property=\"og:locale\" content=\"hr_HR\" \/>\n<meta property=\"og:type\" content=\"article\" \/>\n<meta property=\"og:title\" content=\"Poskupljenja sve ve\u0107a, gra\u0111ani u BiH \u017eive ispod svakog prosjeka - RADIO LJUBU\u0160KI\" \/>\n<meta property=\"og:description\" content=\"Stalna i sve ve\u0107a poskupljenja osnovnih \u017eivotnih namirnica i energenata dovela su do toga da je ambijent u kojem \u017eive gra\u0111ani u Bosni i Hercegovini odavno ispod svakog prosjeka.&nbsp; 260 tisu\u0107a radnika u Federaciji \u017eive s mjese\u010dnim primanjima manjim od 650 maraka. Ve\u0107 odavno minimalna pla\u0107a od 543 marke, a onda i prosje\u010dna od tisu\u0107u [&hellip;]\" \/>\n<meta property=\"og:url\" content=\"https:\/\/radioljubuski.ba\/index.php\/2022\/04\/16\/poskupljenja-sve-veca-gradani-u-bih-zive-ispod-svakog-prosjeka\/\" \/>\n<meta property=\"og:site_name\" content=\"RADIO LJUBU\u0160KI\" \/>\n<meta property=\"article:publisher\" content=\"https:\/\/www.facebook.com\/Radiio-Ljubuski-1490835324566332\" \/>\n<meta property=\"article:published_time\" content=\"2022-04-16T05:55:09+00:00\" \/>\n<meta property=\"article:modified_time\" content=\"2022-04-16T05:55:10+00:00\" \/>\n<meta property=\"og:image\" content=\"https:\/\/radioljubuski.ba\/wp-content\/uploads\/2022\/03\/8-2021-09-28-07-23-20-novac_marke_ilustracija_RSA.jpg\" \/>\n\t<meta property=\"og:image:width\" content=\"1000\" \/>\n\t<meta property=\"og:image:height\" content=\"625\" \/>\n\t<meta property=\"og:image:type\" content=\"image\/jpeg\" \/>\n<meta name=\"author\" content=\"Radio Ljubu\u0161ki\" \/>\n<meta name=\"twitter:card\" content=\"summary_large_image\" \/>\n<meta name=\"twitter:creator\" content=\"@radioljubuski\" \/>\n<meta name=\"twitter:site\" content=\"@radioljubuski\" \/>\n<meta name=\"twitter:label1\" content=\"Napisao\/la\" \/>\n\t<meta name=\"twitter:data1\" content=\"Radio Ljubu\u0161ki\" \/>\n\t<meta name=\"twitter:label2\" content=\"Procijenjeno vrijeme \u010ditanja\" \/>\n\t<meta name=\"twitter:data2\" content=\"3 minute\" \/>\n<script type=\"application\/ld+json\" class=\"yoast-schema-graph\">{\"@context\":\"https:\\\/\\\/schema.org\",\"@graph\":[{\"@type\":\"Article\",\"@id\":\"https:\\\/\\\/radioljubuski.ba\\\/index.php\\\/2022\\\/04\\\/16\\\/poskupljenja-sve-veca-gradani-u-bih-zive-ispod-svakog-prosjeka\\\/#article\",\"isPartOf\":{\"@id\":\"https:\\\/\\\/radioljubuski.ba\\\/index.php\\\/2022\\\/04\\\/16\\\/poskupljenja-sve-veca-gradani-u-bih-zive-ispod-svakog-prosjeka\\\/\"},\"author\":{\"name\":\"Radio Ljubu\u0161ki\",\"@id\":\"https:\\\/\\\/radioljubuski.ba\\\/#\\\/schema\\\/person\\\/19fc700381a780f69665d7956c469e3b\"},\"headline\":\"Poskupljenja sve ve\u0107a, gra\u0111ani u BiH \u017eive ispod svakog prosjeka\",\"datePublished\":\"2022-04-16T05:55:09+00:00\",\"dateModified\":\"2022-04-16T05:55:10+00:00\",\"mainEntityOfPage\":{\"@id\":\"https:\\\/\\\/radioljubuski.ba\\\/index.php\\\/2022\\\/04\\\/16\\\/poskupljenja-sve-veca-gradani-u-bih-zive-ispod-svakog-prosjeka\\\/\"},\"wordCount\":578,\"publisher\":{\"@id\":\"https:\\\/\\\/radioljubuski.ba\\\/#organization\"},\"image\":{\"@id\":\"https:\\\/\\\/radioljubuski.ba\\\/index.php\\\/2022\\\/04\\\/16\\\/poskupljenja-sve-veca-gradani-u-bih-zive-ispod-svakog-prosjeka\\\/#primaryimage\"},\"thumbnailUrl\":\"https:\\\/\\\/radioljubuski.ba\\\/wp-content\\\/uploads\\\/2022\\\/03\\\/8-2021-09-28-07-23-20-novac_marke_ilustracija_RSA.jpg\",\"articleSection\":[\"BIH i regija\"],\"inLanguage\":\"hr\"},{\"@type\":\"WebPage\",\"@id\":\"https:\\\/\\\/radioljubuski.ba\\\/index.php\\\/2022\\\/04\\\/16\\\/poskupljenja-sve-veca-gradani-u-bih-zive-ispod-svakog-prosjeka\\\/\",\"url\":\"https:\\\/\\\/radioljubuski.ba\\\/index.php\\\/2022\\\/04\\\/16\\\/poskupljenja-sve-veca-gradani-u-bih-zive-ispod-svakog-prosjeka\\\/\",\"name\":\"Poskupljenja sve ve\u0107a, gra\u0111ani u BiH \u017eive ispod svakog prosjeka - RADIO LJUBU\u0160KI\",\"isPartOf\":{\"@id\":\"https:\\\/\\\/radioljubuski.ba\\\/#website\"},\"primaryImageOfPage\":{\"@id\":\"https:\\\/\\\/radioljubuski.ba\\\/index.php\\\/2022\\\/04\\\/16\\\/poskupljenja-sve-veca-gradani-u-bih-zive-ispod-svakog-prosjeka\\\/#primaryimage\"},\"image\":{\"@id\":\"https:\\\/\\\/radioljubuski.ba\\\/index.php\\\/2022\\\/04\\\/16\\\/poskupljenja-sve-veca-gradani-u-bih-zive-ispod-svakog-prosjeka\\\/#primaryimage\"},\"thumbnailUrl\":\"https:\\\/\\\/radioljubuski.ba\\\/wp-content\\\/uploads\\\/2022\\\/03\\\/8-2021-09-28-07-23-20-novac_marke_ilustracija_RSA.jpg\",\"datePublished\":\"2022-04-16T05:55:09+00:00\",\"dateModified\":\"2022-04-16T05:55:10+00:00\",\"breadcrumb\":{\"@id\":\"https:\\\/\\\/radioljubuski.ba\\\/index.php\\\/2022\\\/04\\\/16\\\/poskupljenja-sve-veca-gradani-u-bih-zive-ispod-svakog-prosjeka\\\/#breadcrumb\"},\"inLanguage\":\"hr\",\"potentialAction\":[{\"@type\":\"ReadAction\",\"target\":[\"https:\\\/\\\/radioljubuski.ba\\\/index.php\\\/2022\\\/04\\\/16\\\/poskupljenja-sve-veca-gradani-u-bih-zive-ispod-svakog-prosjeka\\\/\"]}]},{\"@type\":\"ImageObject\",\"inLanguage\":\"hr\",\"@id\":\"https:\\\/\\\/radioljubuski.ba\\\/index.php\\\/2022\\\/04\\\/16\\\/poskupljenja-sve-veca-gradani-u-bih-zive-ispod-svakog-prosjeka\\\/#primaryimage\",\"url\":\"https:\\\/\\\/radioljubuski.ba\\\/wp-content\\\/uploads\\\/2022\\\/03\\\/8-2021-09-28-07-23-20-novac_marke_ilustracija_RSA.jpg\",\"contentUrl\":\"https:\\\/\\\/radioljubuski.ba\\\/wp-content\\\/uploads\\\/2022\\\/03\\\/8-2021-09-28-07-23-20-novac_marke_ilustracija_RSA.jpg\",\"width\":1000,\"height\":625},{\"@type\":\"BreadcrumbList\",\"@id\":\"https:\\\/\\\/radioljubuski.ba\\\/index.php\\\/2022\\\/04\\\/16\\\/poskupljenja-sve-veca-gradani-u-bih-zive-ispod-svakog-prosjeka\\\/#breadcrumb\",\"itemListElement\":[{\"@type\":\"ListItem\",\"position\":1,\"name\":\"Po\u010detna stranica\",\"item\":\"https:\\\/\\\/radioljubuski.ba\\\/\"},{\"@type\":\"ListItem\",\"position\":2,\"name\":\"Poskupljenja sve ve\u0107a, gra\u0111ani u BiH \u017eive ispod svakog prosjeka\"}]},{\"@type\":\"WebSite\",\"@id\":\"https:\\\/\\\/radioljubuski.ba\\\/#website\",\"url\":\"https:\\\/\\\/radioljubuski.ba\\\/\",\"name\":\"Radio Ljubu\u0161ki\",\"description\":\"Sun\u010dana frekvencija Hercegovine\",\"publisher\":{\"@id\":\"https:\\\/\\\/radioljubuski.ba\\\/#organization\"},\"potentialAction\":[{\"@type\":\"SearchAction\",\"target\":{\"@type\":\"EntryPoint\",\"urlTemplate\":\"https:\\\/\\\/radioljubuski.ba\\\/?s={search_term_string}\"},\"query-input\":{\"@type\":\"PropertyValueSpecification\",\"valueRequired\":true,\"valueName\":\"search_term_string\"}}],\"inLanguage\":\"hr\"},{\"@type\":\"Organization\",\"@id\":\"https:\\\/\\\/radioljubuski.ba\\\/#organization\",\"name\":\"Radio Ljubu\u0161ki\",\"url\":\"https:\\\/\\\/radioljubuski.ba\\\/\",\"logo\":{\"@type\":\"ImageObject\",\"inLanguage\":\"hr\",\"@id\":\"https:\\\/\\\/radioljubuski.ba\\\/#\\\/schema\\\/logo\\\/image\\\/\",\"url\":\"https:\\\/\\\/radioljubuski.ba\\\/wp-content\\\/uploads\\\/2021\\\/02\\\/cropped-Radio_Ljubuski_logo1.jpg\",\"contentUrl\":\"https:\\\/\\\/radioljubuski.ba\\\/wp-content\\\/uploads\\\/2021\\\/02\\\/cropped-Radio_Ljubuski_logo1.jpg\",\"width\":512,\"height\":512,\"caption\":\"Radio Ljubu\u0161ki\"},\"image\":{\"@id\":\"https:\\\/\\\/radioljubuski.ba\\\/#\\\/schema\\\/logo\\\/image\\\/\"},\"sameAs\":[\"https:\\\/\\\/www.facebook.com\\\/Radiio-Ljubuski-1490835324566332\",\"https:\\\/\\\/x.com\\\/radioljubuski\",\"https:\\\/\\\/hr.linkedin.com\\\/company\\\/radio-ljubuski\",\"https:\\\/\\\/www.youtube.com\\\/channel\\\/UCHYaeO_n0Db3tjNGudGpXyw\"]},{\"@type\":\"Person\",\"@id\":\"https:\\\/\\\/radioljubuski.ba\\\/#\\\/schema\\\/person\\\/19fc700381a780f69665d7956c469e3b\",\"name\":\"Radio Ljubu\u0161ki\"}]}<\/script>\n<!-- \/ Yoast SEO plugin. -->","yoast_head_json":{"title":"Poskupljenja sve ve\u0107a, gra\u0111ani u BiH \u017eive ispod svakog prosjeka - RADIO LJUBU\u0160KI","robots":{"index":"index","follow":"follow","max-snippet":"max-snippet:-1","max-image-preview":"max-image-preview:large","max-video-preview":"max-video-preview:-1"},"canonical":"https:\/\/radioljubuski.ba\/index.php\/2022\/04\/16\/poskupljenja-sve-veca-gradani-u-bih-zive-ispod-svakog-prosjeka\/","og_locale":"hr_HR","og_type":"article","og_title":"Poskupljenja sve ve\u0107a, gra\u0111ani u BiH \u017eive ispod svakog prosjeka - RADIO LJUBU\u0160KI","og_description":"Stalna i sve ve\u0107a poskupljenja osnovnih \u017eivotnih namirnica i energenata dovela su do toga da je ambijent u kojem \u017eive gra\u0111ani u Bosni i Hercegovini odavno ispod svakog prosjeka.&nbsp; 260 tisu\u0107a radnika u Federaciji \u017eive s mjese\u010dnim primanjima manjim od 650 maraka. Ve\u0107 odavno minimalna pla\u0107a od 543 marke, a onda i prosje\u010dna od tisu\u0107u [&hellip;]","og_url":"https:\/\/radioljubuski.ba\/index.php\/2022\/04\/16\/poskupljenja-sve-veca-gradani-u-bih-zive-ispod-svakog-prosjeka\/","og_site_name":"RADIO LJUBU\u0160KI","article_publisher":"https:\/\/www.facebook.com\/Radiio-Ljubuski-1490835324566332","article_published_time":"2022-04-16T05:55:09+00:00","article_modified_time":"2022-04-16T05:55:10+00:00","og_image":[{"width":1000,"height":625,"url":"https:\/\/radioljubuski.ba\/wp-content\/uploads\/2022\/03\/8-2021-09-28-07-23-20-novac_marke_ilustracija_RSA.jpg","type":"image\/jpeg"}],"author":"Radio Ljubu\u0161ki","twitter_card":"summary_large_image","twitter_creator":"@radioljubuski","twitter_site":"@radioljubuski","twitter_misc":{"Napisao\/la":"Radio Ljubu\u0161ki","Procijenjeno vrijeme \u010ditanja":"3 minute"},"schema":{"@context":"https:\/\/schema.org","@graph":[{"@type":"Article","@id":"https:\/\/radioljubuski.ba\/index.php\/2022\/04\/16\/poskupljenja-sve-veca-gradani-u-bih-zive-ispod-svakog-prosjeka\/#article","isPartOf":{"@id":"https:\/\/radioljubuski.ba\/index.php\/2022\/04\/16\/poskupljenja-sve-veca-gradani-u-bih-zive-ispod-svakog-prosjeka\/"},"author":{"name":"Radio Ljubu\u0161ki","@id":"https:\/\/radioljubuski.ba\/#\/schema\/person\/19fc700381a780f69665d7956c469e3b"},"headline":"Poskupljenja sve ve\u0107a, gra\u0111ani u BiH \u017eive ispod svakog prosjeka","datePublished":"2022-04-16T05:55:09+00:00","dateModified":"2022-04-16T05:55:10+00:00","mainEntityOfPage":{"@id":"https:\/\/radioljubuski.ba\/index.php\/2022\/04\/16\/poskupljenja-sve-veca-gradani-u-bih-zive-ispod-svakog-prosjeka\/"},"wordCount":578,"publisher":{"@id":"https:\/\/radioljubuski.ba\/#organization"},"image":{"@id":"https:\/\/radioljubuski.ba\/index.php\/2022\/04\/16\/poskupljenja-sve-veca-gradani-u-bih-zive-ispod-svakog-prosjeka\/#primaryimage"},"thumbnailUrl":"https:\/\/radioljubuski.ba\/wp-content\/uploads\/2022\/03\/8-2021-09-28-07-23-20-novac_marke_ilustracija_RSA.jpg","articleSection":["BIH i regija"],"inLanguage":"hr"},{"@type":"WebPage","@id":"https:\/\/radioljubuski.ba\/index.php\/2022\/04\/16\/poskupljenja-sve-veca-gradani-u-bih-zive-ispod-svakog-prosjeka\/","url":"https:\/\/radioljubuski.ba\/index.php\/2022\/04\/16\/poskupljenja-sve-veca-gradani-u-bih-zive-ispod-svakog-prosjeka\/","name":"Poskupljenja sve ve\u0107a, gra\u0111ani u BiH \u017eive ispod svakog prosjeka - RADIO LJUBU\u0160KI","isPartOf":{"@id":"https:\/\/radioljubuski.ba\/#website"},"primaryImageOfPage":{"@id":"https:\/\/radioljubuski.ba\/index.php\/2022\/04\/16\/poskupljenja-sve-veca-gradani-u-bih-zive-ispod-svakog-prosjeka\/#primaryimage"},"image":{"@id":"https:\/\/radioljubuski.ba\/index.php\/2022\/04\/16\/poskupljenja-sve-veca-gradani-u-bih-zive-ispod-svakog-prosjeka\/#primaryimage"},"thumbnailUrl":"https:\/\/radioljubuski.ba\/wp-content\/uploads\/2022\/03\/8-2021-09-28-07-23-20-novac_marke_ilustracija_RSA.jpg","datePublished":"2022-04-16T05:55:09+00:00","dateModified":"2022-04-16T05:55:10+00:00","breadcrumb":{"@id":"https:\/\/radioljubuski.ba\/index.php\/2022\/04\/16\/poskupljenja-sve-veca-gradani-u-bih-zive-ispod-svakog-prosjeka\/#breadcrumb"},"inLanguage":"hr","potentialAction":[{"@type":"ReadAction","target":["https:\/\/radioljubuski.ba\/index.php\/2022\/04\/16\/poskupljenja-sve-veca-gradani-u-bih-zive-ispod-svakog-prosjeka\/"]}]},{"@type":"ImageObject","inLanguage":"hr","@id":"https:\/\/radioljubuski.ba\/index.php\/2022\/04\/16\/poskupljenja-sve-veca-gradani-u-bih-zive-ispod-svakog-prosjeka\/#primaryimage","url":"https:\/\/radioljubuski.ba\/wp-content\/uploads\/2022\/03\/8-2021-09-28-07-23-20-novac_marke_ilustracija_RSA.jpg","contentUrl":"https:\/\/radioljubuski.ba\/wp-content\/uploads\/2022\/03\/8-2021-09-28-07-23-20-novac_marke_ilustracija_RSA.jpg","width":1000,"height":625},{"@type":"BreadcrumbList","@id":"https:\/\/radioljubuski.ba\/index.php\/2022\/04\/16\/poskupljenja-sve-veca-gradani-u-bih-zive-ispod-svakog-prosjeka\/#breadcrumb","itemListElement":[{"@type":"ListItem","position":1,"name":"Po\u010detna stranica","item":"https:\/\/radioljubuski.ba\/"},{"@type":"ListItem","position":2,"name":"Poskupljenja sve ve\u0107a, gra\u0111ani u BiH \u017eive ispod svakog prosjeka"}]},{"@type":"WebSite","@id":"https:\/\/radioljubuski.ba\/#website","url":"https:\/\/radioljubuski.ba\/","name":"Radio Ljubu\u0161ki","description":"Sun\u010dana frekvencija Hercegovine","publisher":{"@id":"https:\/\/radioljubuski.ba\/#organization"},"potentialAction":[{"@type":"SearchAction","target":{"@type":"EntryPoint","urlTemplate":"https:\/\/radioljubuski.ba\/?s={search_term_string}"},"query-input":{"@type":"PropertyValueSpecification","valueRequired":true,"valueName":"search_term_string"}}],"inLanguage":"hr"},{"@type":"Organization","@id":"https:\/\/radioljubuski.ba\/#organization","name":"Radio Ljubu\u0161ki","url":"https:\/\/radioljubuski.ba\/","logo":{"@type":"ImageObject","inLanguage":"hr","@id":"https:\/\/radioljubuski.ba\/#\/schema\/logo\/image\/","url":"https:\/\/radioljubuski.ba\/wp-content\/uploads\/2021\/02\/cropped-Radio_Ljubuski_logo1.jpg","contentUrl":"https:\/\/radioljubuski.ba\/wp-content\/uploads\/2021\/02\/cropped-Radio_Ljubuski_logo1.jpg","width":512,"height":512,"caption":"Radio Ljubu\u0161ki"},"image":{"@id":"https:\/\/radioljubuski.ba\/#\/schema\/logo\/image\/"},"sameAs":["https:\/\/www.facebook.com\/Radiio-Ljubuski-1490835324566332","https:\/\/x.com\/radioljubuski","https:\/\/hr.linkedin.com\/company\/radio-ljubuski","https:\/\/www.youtube.com\/channel\/UCHYaeO_n0Db3tjNGudGpXyw"]},{"@type":"Person","@id":"https:\/\/radioljubuski.ba\/#\/schema\/person\/19fc700381a780f69665d7956c469e3b","name":"Radio Ljubu\u0161ki"}]}},"_links":{"self":[{"href":"https:\/\/radioljubuski.ba\/index.php\/wp-json\/wp\/v2\/posts\/133054","targetHints":{"allow":["GET"]}}],"collection":[{"href":"https:\/\/radioljubuski.ba\/index.php\/wp-json\/wp\/v2\/posts"}],"about":[{"href":"https:\/\/radioljubuski.ba\/index.php\/wp-json\/wp\/v2\/types\/post"}],"author":[{"embeddable":true,"href":"https:\/\/radioljubuski.ba\/index.php\/wp-json\/wp\/v2\/users\/2"}],"replies":[{"embeddable":true,"href":"https:\/\/radioljubuski.ba\/index.php\/wp-json\/wp\/v2\/comments?post=133054"}],"version-history":[{"count":1,"href":"https:\/\/radioljubuski.ba\/index.php\/wp-json\/wp\/v2\/posts\/133054\/revisions"}],"predecessor-version":[{"id":133055,"href":"https:\/\/radioljubuski.ba\/index.php\/wp-json\/wp\/v2\/posts\/133054\/revisions\/133055"}],"wp:featuredmedia":[{"embeddable":true,"href":"https:\/\/radioljubuski.ba\/index.php\/wp-json\/wp\/v2\/media\/126380"}],"wp:attachment":[{"href":"https:\/\/radioljubuski.ba\/index.php\/wp-json\/wp\/v2\/media?parent=133054"}],"wp:term":[{"taxonomy":"category","embeddable":true,"href":"https:\/\/radioljubuski.ba\/index.php\/wp-json\/wp\/v2\/categories?post=133054"},{"taxonomy":"post_tag","embeddable":true,"href":"https:\/\/radioljubuski.ba\/index.php\/wp-json\/wp\/v2\/tags?post=133054"}],"curies":[{"name":"wp","href":"https:\/\/api.w.org\/{rel}","templated":true}]}}