{"id":133059,"date":"2022-04-16T07:02:37","date_gmt":"2022-04-16T06:02:37","guid":{"rendered":"https:\/\/radioljubuski.ba\/?p=133059"},"modified":"2022-04-16T07:02:38","modified_gmt":"2022-04-16T06:02:38","slug":"u-drvaru-postavljeni-bilbordi-protiv-bogopsovke","status":"publish","type":"post","link":"https:\/\/radioljubuski.ba\/index.php\/2022\/04\/16\/u-drvaru-postavljeni-bilbordi-protiv-bogopsovke\/","title":{"rendered":"U Drvaru postavljeni bilbordi protiv bogopsovke"},"content":{"rendered":"\n<p>\u017dupa Sv. Josipa Drvar odlu\u010dila je u vremenu korizme provesti duhovnu inicijativu protiv bogopsovke.<\/p>\n\n\n\n<p>Osim \u0161to se u propovijedima na sv. misama govorilo o drugoj Bo\u017ejoj zapovijedi i o bogopsovci i bogohuljenju kao najte\u017eim prekr\u0161ajima te zapovijedi, \u017eeljelo se i na izvanjski na\u010din kajati za taj grijeh na\u0161eg naroda i dati neku zadovolj\u0161tinu za po\u010dinjene grijehe na tom podru\u010dju.<\/p>\n\n\n\n<p>Tim povodom je kroz korizmene petke uprili\u010dena pobo\u017enost kri\u017enog puta kod kri\u017ea na gradili\u0161tu nove \u017eupne crkve, a svakodnevni zajedni\u010dki \u017eupni post o kruhu i vodi te euharistijska klanjanja imali su kao nakanu davanje zadovolj\u0161tine za grijeh bogopsovke.<\/p>\n\n\n\n<p>To je bila i jedna od nakana \u017eupnog hodo\u010da\u0161\u0107a u Me\u0111ugorje koje je uprili\u010deno na Cvjetnu subotu 9. travnja, poebno u molitvi kri\u017enog puta uz brdo Kri\u017eevac.<\/p>\n\n\n\n<p>Kao trajni plod te duhovne inicijative ostat \u0107e veliki bilbord postavljen ispred nove crkve u izgradnji, uz magistralnu cestu Drvar-Livno, na kojem je \u2013 s jedne strane \u2013 prikazano Isusovo krvavo lice s natpisom: Dao sam \u017eivot za tebe. Za\u0161to me psuje\u0161?, dok su s druge strane bilborda prikazane osobe Presvetog Trojstva uz dva zaziva iz pohvala Bo\u017ejem imenu: Blagoslovljen budi Bog. Blagoslovljeno njegovo sveto Ime.<\/p>\n\n\n\n<p>Na poticaj \u0111akona vl\u010d. Pere Vladi\u0107a, koji obavlja svoj \u0111akonski praktikum u \u017eupi Drvar, bilbord je \u2013 kao svoj dar duhovnoj inicijativi &#8211; dao izraditi i postaviti \u017eupljanin iz Drvara Pero Zori\u0107, priop\u0107eno je iz \u017dupe Sv. Josipa Drvar, prenosi Nedjelja.ba.<\/p>\n","protected":false},"excerpt":{"rendered":"<p>\u017dupa Sv. Josipa Drvar odlu\u010dila je u vremenu korizme provesti duhovnu inicijativu protiv bogopsovke. Osim \u0161to se u propovijedima na sv. misama govorilo o drugoj Bo\u017ejoj zapovijedi i o bogopsovci i bogohuljenju kao najte\u017eim prekr\u0161ajima te zapovijedi, \u017eeljelo se i na izvanjski na\u010din kajati za taj grijeh na\u0161eg naroda i dati neku zadovolj\u0161tinu za po\u010dinjene [&hellip;]<\/p>\n","protected":false},"author":2,"featured_media":133060,"comment_status":"closed","ping_status":"closed","sticky":false,"template":"","format":"standard","meta":{"h5ap_radio_sources":[],"footnotes":""},"categories":[1],"tags":[],"class_list":["post-133059","post","type-post","status-publish","format-standard","has-post-thumbnail","hentry","category-bihiregija"],"yoast_head":"<!-- This site is optimized with the Yoast SEO plugin v27.5 - https:\/\/yoast.com\/product\/yoast-seo-wordpress\/ -->\n<title>U Drvaru postavljeni bilbordi protiv bogopsovke - RADIO LJUBU\u0160KI<\/title>\n<meta name=\"robots\" content=\"index, follow, max-snippet:-1, max-image-preview:large, max-video-preview:-1\" \/>\n<link rel=\"canonical\" href=\"https:\/\/radioljubuski.ba\/index.php\/2022\/04\/16\/u-drvaru-postavljeni-bilbordi-protiv-bogopsovke\/\" \/>\n<meta property=\"og:locale\" content=\"hr_HR\" \/>\n<meta property=\"og:type\" content=\"article\" \/>\n<meta property=\"og:title\" content=\"U Drvaru postavljeni bilbordi protiv bogopsovke - RADIO LJUBU\u0160KI\" \/>\n<meta property=\"og:description\" content=\"\u017dupa Sv. Josipa Drvar odlu\u010dila je u vremenu korizme provesti duhovnu inicijativu protiv bogopsovke. Osim \u0161to se u propovijedima na sv. misama govorilo o drugoj Bo\u017ejoj zapovijedi i o bogopsovci i bogohuljenju kao najte\u017eim prekr\u0161ajima te zapovijedi, \u017eeljelo se i na izvanjski na\u010din kajati za taj grijeh na\u0161eg naroda i dati neku zadovolj\u0161tinu za po\u010dinjene [&hellip;]\" \/>\n<meta property=\"og:url\" content=\"https:\/\/radioljubuski.ba\/index.php\/2022\/04\/16\/u-drvaru-postavljeni-bilbordi-protiv-bogopsovke\/\" \/>\n<meta property=\"og:site_name\" content=\"RADIO LJUBU\u0160KI\" \/>\n<meta property=\"article:publisher\" content=\"https:\/\/www.facebook.com\/Radiio-Ljubuski-1490835324566332\" \/>\n<meta property=\"article:published_time\" content=\"2022-04-16T06:02:37+00:00\" \/>\n<meta property=\"article:modified_time\" content=\"2022-04-16T06:02:38+00:00\" \/>\n<meta property=\"og:image\" content=\"https:\/\/radioljubuski.ba\/wp-content\/uploads\/2022\/04\/plakati-isus.jpeg\" \/>\n\t<meta property=\"og:image:width\" content=\"1000\" \/>\n\t<meta property=\"og:image:height\" content=\"625\" \/>\n\t<meta property=\"og:image:type\" content=\"image\/jpeg\" \/>\n<meta name=\"author\" content=\"Radio Ljubu\u0161ki\" \/>\n<meta name=\"twitter:card\" content=\"summary_large_image\" \/>\n<meta name=\"twitter:creator\" content=\"@radioljubuski\" \/>\n<meta name=\"twitter:site\" content=\"@radioljubuski\" \/>\n<meta name=\"twitter:label1\" content=\"Napisao\/la\" \/>\n\t<meta name=\"twitter:data1\" content=\"Radio Ljubu\u0161ki\" \/>\n\t<meta name=\"twitter:label2\" content=\"Procijenjeno vrijeme \u010ditanja\" \/>\n\t<meta name=\"twitter:data2\" content=\"1 minuta\" \/>\n<script type=\"application\/ld+json\" class=\"yoast-schema-graph\">{\"@context\":\"https:\\\/\\\/schema.org\",\"@graph\":[{\"@type\":\"Article\",\"@id\":\"https:\\\/\\\/radioljubuski.ba\\\/index.php\\\/2022\\\/04\\\/16\\\/u-drvaru-postavljeni-bilbordi-protiv-bogopsovke\\\/#article\",\"isPartOf\":{\"@id\":\"https:\\\/\\\/radioljubuski.ba\\\/index.php\\\/2022\\\/04\\\/16\\\/u-drvaru-postavljeni-bilbordi-protiv-bogopsovke\\\/\"},\"author\":{\"name\":\"Radio Ljubu\u0161ki\",\"@id\":\"https:\\\/\\\/radioljubuski.ba\\\/#\\\/schema\\\/person\\\/19fc700381a780f69665d7956c469e3b\"},\"headline\":\"U Drvaru postavljeni bilbordi protiv bogopsovke\",\"datePublished\":\"2022-04-16T06:02:37+00:00\",\"dateModified\":\"2022-04-16T06:02:38+00:00\",\"mainEntityOfPage\":{\"@id\":\"https:\\\/\\\/radioljubuski.ba\\\/index.php\\\/2022\\\/04\\\/16\\\/u-drvaru-postavljeni-bilbordi-protiv-bogopsovke\\\/\"},\"wordCount\":260,\"publisher\":{\"@id\":\"https:\\\/\\\/radioljubuski.ba\\\/#organization\"},\"image\":{\"@id\":\"https:\\\/\\\/radioljubuski.ba\\\/index.php\\\/2022\\\/04\\\/16\\\/u-drvaru-postavljeni-bilbordi-protiv-bogopsovke\\\/#primaryimage\"},\"thumbnailUrl\":\"https:\\\/\\\/radioljubuski.ba\\\/wp-content\\\/uploads\\\/2022\\\/04\\\/plakati-isus.jpeg\",\"articleSection\":[\"BIH i regija\"],\"inLanguage\":\"hr\"},{\"@type\":\"WebPage\",\"@id\":\"https:\\\/\\\/radioljubuski.ba\\\/index.php\\\/2022\\\/04\\\/16\\\/u-drvaru-postavljeni-bilbordi-protiv-bogopsovke\\\/\",\"url\":\"https:\\\/\\\/radioljubuski.ba\\\/index.php\\\/2022\\\/04\\\/16\\\/u-drvaru-postavljeni-bilbordi-protiv-bogopsovke\\\/\",\"name\":\"U Drvaru postavljeni bilbordi protiv bogopsovke - RADIO LJUBU\u0160KI\",\"isPartOf\":{\"@id\":\"https:\\\/\\\/radioljubuski.ba\\\/#website\"},\"primaryImageOfPage\":{\"@id\":\"https:\\\/\\\/radioljubuski.ba\\\/index.php\\\/2022\\\/04\\\/16\\\/u-drvaru-postavljeni-bilbordi-protiv-bogopsovke\\\/#primaryimage\"},\"image\":{\"@id\":\"https:\\\/\\\/radioljubuski.ba\\\/index.php\\\/2022\\\/04\\\/16\\\/u-drvaru-postavljeni-bilbordi-protiv-bogopsovke\\\/#primaryimage\"},\"thumbnailUrl\":\"https:\\\/\\\/radioljubuski.ba\\\/wp-content\\\/uploads\\\/2022\\\/04\\\/plakati-isus.jpeg\",\"datePublished\":\"2022-04-16T06:02:37+00:00\",\"dateModified\":\"2022-04-16T06:02:38+00:00\",\"breadcrumb\":{\"@id\":\"https:\\\/\\\/radioljubuski.ba\\\/index.php\\\/2022\\\/04\\\/16\\\/u-drvaru-postavljeni-bilbordi-protiv-bogopsovke\\\/#breadcrumb\"},\"inLanguage\":\"hr\",\"potentialAction\":[{\"@type\":\"ReadAction\",\"target\":[\"https:\\\/\\\/radioljubuski.ba\\\/index.php\\\/2022\\\/04\\\/16\\\/u-drvaru-postavljeni-bilbordi-protiv-bogopsovke\\\/\"]}]},{\"@type\":\"ImageObject\",\"inLanguage\":\"hr\",\"@id\":\"https:\\\/\\\/radioljubuski.ba\\\/index.php\\\/2022\\\/04\\\/16\\\/u-drvaru-postavljeni-bilbordi-protiv-bogopsovke\\\/#primaryimage\",\"url\":\"https:\\\/\\\/radioljubuski.ba\\\/wp-content\\\/uploads\\\/2022\\\/04\\\/plakati-isus.jpeg\",\"contentUrl\":\"https:\\\/\\\/radioljubuski.ba\\\/wp-content\\\/uploads\\\/2022\\\/04\\\/plakati-isus.jpeg\",\"width\":1000,\"height\":625},{\"@type\":\"BreadcrumbList\",\"@id\":\"https:\\\/\\\/radioljubuski.ba\\\/index.php\\\/2022\\\/04\\\/16\\\/u-drvaru-postavljeni-bilbordi-protiv-bogopsovke\\\/#breadcrumb\",\"itemListElement\":[{\"@type\":\"ListItem\",\"position\":1,\"name\":\"Po\u010detna stranica\",\"item\":\"https:\\\/\\\/radioljubuski.ba\\\/\"},{\"@type\":\"ListItem\",\"position\":2,\"name\":\"U Drvaru postavljeni bilbordi protiv bogopsovke\"}]},{\"@type\":\"WebSite\",\"@id\":\"https:\\\/\\\/radioljubuski.ba\\\/#website\",\"url\":\"https:\\\/\\\/radioljubuski.ba\\\/\",\"name\":\"Radio Ljubu\u0161ki\",\"description\":\"Sun\u010dana frekvencija Hercegovine\",\"publisher\":{\"@id\":\"https:\\\/\\\/radioljubuski.ba\\\/#organization\"},\"potentialAction\":[{\"@type\":\"SearchAction\",\"target\":{\"@type\":\"EntryPoint\",\"urlTemplate\":\"https:\\\/\\\/radioljubuski.ba\\\/?s={search_term_string}\"},\"query-input\":{\"@type\":\"PropertyValueSpecification\",\"valueRequired\":true,\"valueName\":\"search_term_string\"}}],\"inLanguage\":\"hr\"},{\"@type\":\"Organization\",\"@id\":\"https:\\\/\\\/radioljubuski.ba\\\/#organization\",\"name\":\"Radio Ljubu\u0161ki\",\"url\":\"https:\\\/\\\/radioljubuski.ba\\\/\",\"logo\":{\"@type\":\"ImageObject\",\"inLanguage\":\"hr\",\"@id\":\"https:\\\/\\\/radioljubuski.ba\\\/#\\\/schema\\\/logo\\\/image\\\/\",\"url\":\"https:\\\/\\\/radioljubuski.ba\\\/wp-content\\\/uploads\\\/2021\\\/02\\\/cropped-Radio_Ljubuski_logo1.jpg\",\"contentUrl\":\"https:\\\/\\\/radioljubuski.ba\\\/wp-content\\\/uploads\\\/2021\\\/02\\\/cropped-Radio_Ljubuski_logo1.jpg\",\"width\":512,\"height\":512,\"caption\":\"Radio Ljubu\u0161ki\"},\"image\":{\"@id\":\"https:\\\/\\\/radioljubuski.ba\\\/#\\\/schema\\\/logo\\\/image\\\/\"},\"sameAs\":[\"https:\\\/\\\/www.facebook.com\\\/Radiio-Ljubuski-1490835324566332\",\"https:\\\/\\\/x.com\\\/radioljubuski\",\"https:\\\/\\\/hr.linkedin.com\\\/company\\\/radio-ljubuski\",\"https:\\\/\\\/www.youtube.com\\\/channel\\\/UCHYaeO_n0Db3tjNGudGpXyw\"]},{\"@type\":\"Person\",\"@id\":\"https:\\\/\\\/radioljubuski.ba\\\/#\\\/schema\\\/person\\\/19fc700381a780f69665d7956c469e3b\",\"name\":\"Radio Ljubu\u0161ki\"}]}<\/script>\n<!-- \/ Yoast SEO plugin. -->","yoast_head_json":{"title":"U Drvaru postavljeni bilbordi protiv bogopsovke - RADIO LJUBU\u0160KI","robots":{"index":"index","follow":"follow","max-snippet":"max-snippet:-1","max-image-preview":"max-image-preview:large","max-video-preview":"max-video-preview:-1"},"canonical":"https:\/\/radioljubuski.ba\/index.php\/2022\/04\/16\/u-drvaru-postavljeni-bilbordi-protiv-bogopsovke\/","og_locale":"hr_HR","og_type":"article","og_title":"U Drvaru postavljeni bilbordi protiv bogopsovke - RADIO LJUBU\u0160KI","og_description":"\u017dupa Sv. Josipa Drvar odlu\u010dila je u vremenu korizme provesti duhovnu inicijativu protiv bogopsovke. Osim \u0161to se u propovijedima na sv. misama govorilo o drugoj Bo\u017ejoj zapovijedi i o bogopsovci i bogohuljenju kao najte\u017eim prekr\u0161ajima te zapovijedi, \u017eeljelo se i na izvanjski na\u010din kajati za taj grijeh na\u0161eg naroda i dati neku zadovolj\u0161tinu za po\u010dinjene [&hellip;]","og_url":"https:\/\/radioljubuski.ba\/index.php\/2022\/04\/16\/u-drvaru-postavljeni-bilbordi-protiv-bogopsovke\/","og_site_name":"RADIO LJUBU\u0160KI","article_publisher":"https:\/\/www.facebook.com\/Radiio-Ljubuski-1490835324566332","article_published_time":"2022-04-16T06:02:37+00:00","article_modified_time":"2022-04-16T06:02:38+00:00","og_image":[{"width":1000,"height":625,"url":"https:\/\/radioljubuski.ba\/wp-content\/uploads\/2022\/04\/plakati-isus.jpeg","type":"image\/jpeg"}],"author":"Radio Ljubu\u0161ki","twitter_card":"summary_large_image","twitter_creator":"@radioljubuski","twitter_site":"@radioljubuski","twitter_misc":{"Napisao\/la":"Radio Ljubu\u0161ki","Procijenjeno vrijeme \u010ditanja":"1 minuta"},"schema":{"@context":"https:\/\/schema.org","@graph":[{"@type":"Article","@id":"https:\/\/radioljubuski.ba\/index.php\/2022\/04\/16\/u-drvaru-postavljeni-bilbordi-protiv-bogopsovke\/#article","isPartOf":{"@id":"https:\/\/radioljubuski.ba\/index.php\/2022\/04\/16\/u-drvaru-postavljeni-bilbordi-protiv-bogopsovke\/"},"author":{"name":"Radio Ljubu\u0161ki","@id":"https:\/\/radioljubuski.ba\/#\/schema\/person\/19fc700381a780f69665d7956c469e3b"},"headline":"U Drvaru postavljeni bilbordi protiv bogopsovke","datePublished":"2022-04-16T06:02:37+00:00","dateModified":"2022-04-16T06:02:38+00:00","mainEntityOfPage":{"@id":"https:\/\/radioljubuski.ba\/index.php\/2022\/04\/16\/u-drvaru-postavljeni-bilbordi-protiv-bogopsovke\/"},"wordCount":260,"publisher":{"@id":"https:\/\/radioljubuski.ba\/#organization"},"image":{"@id":"https:\/\/radioljubuski.ba\/index.php\/2022\/04\/16\/u-drvaru-postavljeni-bilbordi-protiv-bogopsovke\/#primaryimage"},"thumbnailUrl":"https:\/\/radioljubuski.ba\/wp-content\/uploads\/2022\/04\/plakati-isus.jpeg","articleSection":["BIH i regija"],"inLanguage":"hr"},{"@type":"WebPage","@id":"https:\/\/radioljubuski.ba\/index.php\/2022\/04\/16\/u-drvaru-postavljeni-bilbordi-protiv-bogopsovke\/","url":"https:\/\/radioljubuski.ba\/index.php\/2022\/04\/16\/u-drvaru-postavljeni-bilbordi-protiv-bogopsovke\/","name":"U Drvaru postavljeni bilbordi protiv bogopsovke - RADIO LJUBU\u0160KI","isPartOf":{"@id":"https:\/\/radioljubuski.ba\/#website"},"primaryImageOfPage":{"@id":"https:\/\/radioljubuski.ba\/index.php\/2022\/04\/16\/u-drvaru-postavljeni-bilbordi-protiv-bogopsovke\/#primaryimage"},"image":{"@id":"https:\/\/radioljubuski.ba\/index.php\/2022\/04\/16\/u-drvaru-postavljeni-bilbordi-protiv-bogopsovke\/#primaryimage"},"thumbnailUrl":"https:\/\/radioljubuski.ba\/wp-content\/uploads\/2022\/04\/plakati-isus.jpeg","datePublished":"2022-04-16T06:02:37+00:00","dateModified":"2022-04-16T06:02:38+00:00","breadcrumb":{"@id":"https:\/\/radioljubuski.ba\/index.php\/2022\/04\/16\/u-drvaru-postavljeni-bilbordi-protiv-bogopsovke\/#breadcrumb"},"inLanguage":"hr","potentialAction":[{"@type":"ReadAction","target":["https:\/\/radioljubuski.ba\/index.php\/2022\/04\/16\/u-drvaru-postavljeni-bilbordi-protiv-bogopsovke\/"]}]},{"@type":"ImageObject","inLanguage":"hr","@id":"https:\/\/radioljubuski.ba\/index.php\/2022\/04\/16\/u-drvaru-postavljeni-bilbordi-protiv-bogopsovke\/#primaryimage","url":"https:\/\/radioljubuski.ba\/wp-content\/uploads\/2022\/04\/plakati-isus.jpeg","contentUrl":"https:\/\/radioljubuski.ba\/wp-content\/uploads\/2022\/04\/plakati-isus.jpeg","width":1000,"height":625},{"@type":"BreadcrumbList","@id":"https:\/\/radioljubuski.ba\/index.php\/2022\/04\/16\/u-drvaru-postavljeni-bilbordi-protiv-bogopsovke\/#breadcrumb","itemListElement":[{"@type":"ListItem","position":1,"name":"Po\u010detna stranica","item":"https:\/\/radioljubuski.ba\/"},{"@type":"ListItem","position":2,"name":"U Drvaru postavljeni bilbordi protiv bogopsovke"}]},{"@type":"WebSite","@id":"https:\/\/radioljubuski.ba\/#website","url":"https:\/\/radioljubuski.ba\/","name":"Radio Ljubu\u0161ki","description":"Sun\u010dana frekvencija Hercegovine","publisher":{"@id":"https:\/\/radioljubuski.ba\/#organization"},"potentialAction":[{"@type":"SearchAction","target":{"@type":"EntryPoint","urlTemplate":"https:\/\/radioljubuski.ba\/?s={search_term_string}"},"query-input":{"@type":"PropertyValueSpecification","valueRequired":true,"valueName":"search_term_string"}}],"inLanguage":"hr"},{"@type":"Organization","@id":"https:\/\/radioljubuski.ba\/#organization","name":"Radio Ljubu\u0161ki","url":"https:\/\/radioljubuski.ba\/","logo":{"@type":"ImageObject","inLanguage":"hr","@id":"https:\/\/radioljubuski.ba\/#\/schema\/logo\/image\/","url":"https:\/\/radioljubuski.ba\/wp-content\/uploads\/2021\/02\/cropped-Radio_Ljubuski_logo1.jpg","contentUrl":"https:\/\/radioljubuski.ba\/wp-content\/uploads\/2021\/02\/cropped-Radio_Ljubuski_logo1.jpg","width":512,"height":512,"caption":"Radio Ljubu\u0161ki"},"image":{"@id":"https:\/\/radioljubuski.ba\/#\/schema\/logo\/image\/"},"sameAs":["https:\/\/www.facebook.com\/Radiio-Ljubuski-1490835324566332","https:\/\/x.com\/radioljubuski","https:\/\/hr.linkedin.com\/company\/radio-ljubuski","https:\/\/www.youtube.com\/channel\/UCHYaeO_n0Db3tjNGudGpXyw"]},{"@type":"Person","@id":"https:\/\/radioljubuski.ba\/#\/schema\/person\/19fc700381a780f69665d7956c469e3b","name":"Radio Ljubu\u0161ki"}]}},"_links":{"self":[{"href":"https:\/\/radioljubuski.ba\/index.php\/wp-json\/wp\/v2\/posts\/133059","targetHints":{"allow":["GET"]}}],"collection":[{"href":"https:\/\/radioljubuski.ba\/index.php\/wp-json\/wp\/v2\/posts"}],"about":[{"href":"https:\/\/radioljubuski.ba\/index.php\/wp-json\/wp\/v2\/types\/post"}],"author":[{"embeddable":true,"href":"https:\/\/radioljubuski.ba\/index.php\/wp-json\/wp\/v2\/users\/2"}],"replies":[{"embeddable":true,"href":"https:\/\/radioljubuski.ba\/index.php\/wp-json\/wp\/v2\/comments?post=133059"}],"version-history":[{"count":1,"href":"https:\/\/radioljubuski.ba\/index.php\/wp-json\/wp\/v2\/posts\/133059\/revisions"}],"predecessor-version":[{"id":133061,"href":"https:\/\/radioljubuski.ba\/index.php\/wp-json\/wp\/v2\/posts\/133059\/revisions\/133061"}],"wp:featuredmedia":[{"embeddable":true,"href":"https:\/\/radioljubuski.ba\/index.php\/wp-json\/wp\/v2\/media\/133060"}],"wp:attachment":[{"href":"https:\/\/radioljubuski.ba\/index.php\/wp-json\/wp\/v2\/media?parent=133059"}],"wp:term":[{"taxonomy":"category","embeddable":true,"href":"https:\/\/radioljubuski.ba\/index.php\/wp-json\/wp\/v2\/categories?post=133059"},{"taxonomy":"post_tag","embeddable":true,"href":"https:\/\/radioljubuski.ba\/index.php\/wp-json\/wp\/v2\/tags?post=133059"}],"curies":[{"name":"wp","href":"https:\/\/api.w.org\/{rel}","templated":true}]}}