{"id":133086,"date":"2022-04-16T17:43:03","date_gmt":"2022-04-16T16:43:03","guid":{"rendered":"https:\/\/radioljubuski.ba\/?p=133086"},"modified":"2022-04-16T17:43:05","modified_gmt":"2022-04-16T16:43:05","slug":"za-velike-sportske-manifestacije-u-ovoj-godini-gotovo-30-milijuna-kuna","status":"publish","type":"post","link":"https:\/\/radioljubuski.ba\/index.php\/2022\/04\/16\/za-velike-sportske-manifestacije-u-ovoj-godini-gotovo-30-milijuna-kuna\/","title":{"rendered":"Za velike sportske manifestacije u ovoj godini gotovo 30 milijuna kuna"},"content":{"rendered":"\n<p><strong>Ministrica turizma i sporta Nikolina Brnjac donijela je odluku o sufinanciranju organizacije velikih sportskih manifestacija u 2022. godini kojom \u0107e se sufinancirati 15 velikih sportskih manifestacija, priop\u0107eno je iz ministarstva.<\/strong><\/p>\n\n\n\n<p>Odluka je donesena temeljem provedenog Javnog poziva za sufinanciranje organizacije velikih sportskih manifestacija u 2022. godini u ukupnom iznosu od 13.818.874 kuna.<br><br>&#8211; Za promociju Republike Hrvatske kroz sport osim uspjeha na\u0161ih sporta\u0161ica i sporta\u0161a iznimno je va\u017eno i odr\u017eavanje velikih sportskih manifestacija. One osim promotivnog, imaju i zna\u010dajan gospodarski u\u010dinak, a Hrvatska se kroz godine pokazala kao izvrstan organizator i doma\u0107in najve\u0107ih svjetskih sportskih doga\u0111aja. Iznimno mi je drago \u0161to \u0107emo i ove godine ugostiti europska i svjetska prvenstva, svjetske kupove, Grand Prix natjecanja te velike turnire u razli\u010ditim sportovima. Uz manifestacije koje \u0107emo sufinancirati temeljem ovog Javnog poziva, ove godine sufinanciramo i Svjetsko prvenstvo u reliju koje po\u010dinje za manje od tjedan dana te Europsko prvenstvo u vaterpolu kojem \u0107e Split biti doma\u0107in krajem kolovoza. U ovoj godini tako \u0107emo odr\u017eavanje velikih sportskih manifestacija podr\u017eati u ukupnom iznosu od gotovo 30 milijuna kuna, poru\u010dila je ministrica turizma i sporta Nikolina Brnjac.<br><br>Temeljem provedenog Javnog poziva Ministarstvo turizma i sporta sufinancirat \u0107e WACT Zagreb 2022. &#8211; Boris Han\u017eekovi\u0107 memorijal i memorijal Ivana Ivan\u010di\u0107a, CRO Race, DOBRO World Cup Osijek 2022., Svjetsko prvenstvo u strelja\u0161tvu u ga\u0111anju glinenih golubova 2022., Europsko prvenstvo u boksu za seniore i seniorke do 22 godine, IJF Judo Grand Prix Zagreb 2022., Zlatnu europsku ligu u odbojci 2022. &#8211; Final four Zlatne Europske lige 2022., ATP turnir &#8211; Croatia Open Umag, Croatia tennis pro tournaments 2022., UWW Zagreb Open Grand Prix (hrvanje), FIM Croatian Speedway Grand Prix, Super United Croatian Grand Chess Tour, WTA Makarska Open hosted by Valamar, Lipik FIBA 3&#215;3 Challenger 2022., te 26. Sportske igre mladih 2022.Osim ovih manifestacija, Ministarstvo turizma i sporta u ovoj godini je sufinanciralo odr\u017eavanje Svjetskog prvenstva u reliju (WRC) sa 7.5 milijuna kuna te sa 7.75 milijuna kuna Europsko prvenstvo u vaterpolu za koje je od 2020. godine ukupno izdvojeno 19 milijuna kuna &#8211; 2020. godine 5.6 milijuna, 2021. iznos od 5,6 milijuna, a ove godine 7.75 milijuna kuna.<\/p>\n\n\n\n<p>Izvor:hrt.hr<\/p>\n","protected":false},"excerpt":{"rendered":"<p>Ministrica turizma i sporta Nikolina Brnjac donijela je odluku o sufinanciranju organizacije velikih sportskih manifestacija u 2022. godini kojom \u0107e se sufinancirati 15 velikih sportskih manifestacija, priop\u0107eno je iz ministarstva. Odluka je donesena temeljem provedenog Javnog poziva za sufinanciranje organizacije velikih sportskih manifestacija u 2022. godini u ukupnom iznosu od 13.818.874 kuna. &#8211; Za promociju [&hellip;]<\/p>\n","protected":false},"author":2,"featured_media":133087,"comment_status":"closed","ping_status":"closed","sticky":false,"template":"","format":"standard","meta":{"h5ap_radio_sources":[],"footnotes":""},"categories":[7],"tags":[],"class_list":["post-133086","post","type-post","status-publish","format-standard","has-post-thumbnail","hentry","category-sport"],"yoast_head":"<!-- This site is optimized with the Yoast SEO plugin v27.5 - https:\/\/yoast.com\/product\/yoast-seo-wordpress\/ -->\n<title>Za velike sportske manifestacije u ovoj godini gotovo 30 milijuna kuna - RADIO LJUBU\u0160KI<\/title>\n<meta name=\"robots\" content=\"index, follow, max-snippet:-1, max-image-preview:large, max-video-preview:-1\" \/>\n<link rel=\"canonical\" href=\"https:\/\/radioljubuski.ba\/index.php\/2022\/04\/16\/za-velike-sportske-manifestacije-u-ovoj-godini-gotovo-30-milijuna-kuna\/\" \/>\n<meta property=\"og:locale\" content=\"hr_HR\" \/>\n<meta property=\"og:type\" content=\"article\" \/>\n<meta property=\"og:title\" content=\"Za velike sportske manifestacije u ovoj godini gotovo 30 milijuna kuna - RADIO LJUBU\u0160KI\" \/>\n<meta property=\"og:description\" content=\"Ministrica turizma i sporta Nikolina Brnjac donijela je odluku o sufinanciranju organizacije velikih sportskih manifestacija u 2022. godini kojom \u0107e se sufinancirati 15 velikih sportskih manifestacija, priop\u0107eno je iz ministarstva. Odluka je donesena temeljem provedenog Javnog poziva za sufinanciranje organizacije velikih sportskih manifestacija u 2022. godini u ukupnom iznosu od 13.818.874 kuna. &#8211; Za promociju [&hellip;]\" \/>\n<meta property=\"og:url\" content=\"https:\/\/radioljubuski.ba\/index.php\/2022\/04\/16\/za-velike-sportske-manifestacije-u-ovoj-godini-gotovo-30-milijuna-kuna\/\" \/>\n<meta property=\"og:site_name\" content=\"RADIO LJUBU\u0160KI\" \/>\n<meta property=\"article:publisher\" content=\"https:\/\/www.facebook.com\/Radiio-Ljubuski-1490835324566332\" \/>\n<meta property=\"article:published_time\" content=\"2022-04-16T16:43:03+00:00\" \/>\n<meta property=\"article:modified_time\" content=\"2022-04-16T16:43:05+00:00\" \/>\n<meta property=\"og:image\" content=\"https:\/\/radioljubuski.ba\/wp-content\/uploads\/2022\/04\/pxl-080422-92896050-20220415091224.jpg\" \/>\n\t<meta property=\"og:image:width\" content=\"1600\" \/>\n\t<meta property=\"og:image:height\" content=\"1067\" \/>\n\t<meta property=\"og:image:type\" content=\"image\/jpeg\" \/>\n<meta name=\"author\" content=\"Radio Ljubu\u0161ki\" \/>\n<meta name=\"twitter:card\" content=\"summary_large_image\" \/>\n<meta name=\"twitter:creator\" content=\"@radioljubuski\" \/>\n<meta name=\"twitter:site\" content=\"@radioljubuski\" \/>\n<meta name=\"twitter:label1\" content=\"Napisao\/la\" \/>\n\t<meta name=\"twitter:data1\" content=\"Radio Ljubu\u0161ki\" \/>\n\t<meta name=\"twitter:label2\" content=\"Procijenjeno vrijeme \u010ditanja\" \/>\n\t<meta name=\"twitter:data2\" content=\"2 minute\" \/>\n<script type=\"application\/ld+json\" class=\"yoast-schema-graph\">{\"@context\":\"https:\\\/\\\/schema.org\",\"@graph\":[{\"@type\":\"Article\",\"@id\":\"https:\\\/\\\/radioljubuski.ba\\\/index.php\\\/2022\\\/04\\\/16\\\/za-velike-sportske-manifestacije-u-ovoj-godini-gotovo-30-milijuna-kuna\\\/#article\",\"isPartOf\":{\"@id\":\"https:\\\/\\\/radioljubuski.ba\\\/index.php\\\/2022\\\/04\\\/16\\\/za-velike-sportske-manifestacije-u-ovoj-godini-gotovo-30-milijuna-kuna\\\/\"},\"author\":{\"name\":\"Radio Ljubu\u0161ki\",\"@id\":\"https:\\\/\\\/radioljubuski.ba\\\/#\\\/schema\\\/person\\\/19fc700381a780f69665d7956c469e3b\"},\"headline\":\"Za velike sportske manifestacije u ovoj godini gotovo 30 milijuna kuna\",\"datePublished\":\"2022-04-16T16:43:03+00:00\",\"dateModified\":\"2022-04-16T16:43:05+00:00\",\"mainEntityOfPage\":{\"@id\":\"https:\\\/\\\/radioljubuski.ba\\\/index.php\\\/2022\\\/04\\\/16\\\/za-velike-sportske-manifestacije-u-ovoj-godini-gotovo-30-milijuna-kuna\\\/\"},\"wordCount\":364,\"publisher\":{\"@id\":\"https:\\\/\\\/radioljubuski.ba\\\/#organization\"},\"image\":{\"@id\":\"https:\\\/\\\/radioljubuski.ba\\\/index.php\\\/2022\\\/04\\\/16\\\/za-velike-sportske-manifestacije-u-ovoj-godini-gotovo-30-milijuna-kuna\\\/#primaryimage\"},\"thumbnailUrl\":\"https:\\\/\\\/radioljubuski.ba\\\/wp-content\\\/uploads\\\/2022\\\/04\\\/pxl-080422-92896050-20220415091224.jpg\",\"articleSection\":[\"\u0160port\"],\"inLanguage\":\"hr\"},{\"@type\":\"WebPage\",\"@id\":\"https:\\\/\\\/radioljubuski.ba\\\/index.php\\\/2022\\\/04\\\/16\\\/za-velike-sportske-manifestacije-u-ovoj-godini-gotovo-30-milijuna-kuna\\\/\",\"url\":\"https:\\\/\\\/radioljubuski.ba\\\/index.php\\\/2022\\\/04\\\/16\\\/za-velike-sportske-manifestacije-u-ovoj-godini-gotovo-30-milijuna-kuna\\\/\",\"name\":\"Za velike sportske manifestacije u ovoj godini gotovo 30 milijuna kuna - RADIO LJUBU\u0160KI\",\"isPartOf\":{\"@id\":\"https:\\\/\\\/radioljubuski.ba\\\/#website\"},\"primaryImageOfPage\":{\"@id\":\"https:\\\/\\\/radioljubuski.ba\\\/index.php\\\/2022\\\/04\\\/16\\\/za-velike-sportske-manifestacije-u-ovoj-godini-gotovo-30-milijuna-kuna\\\/#primaryimage\"},\"image\":{\"@id\":\"https:\\\/\\\/radioljubuski.ba\\\/index.php\\\/2022\\\/04\\\/16\\\/za-velike-sportske-manifestacije-u-ovoj-godini-gotovo-30-milijuna-kuna\\\/#primaryimage\"},\"thumbnailUrl\":\"https:\\\/\\\/radioljubuski.ba\\\/wp-content\\\/uploads\\\/2022\\\/04\\\/pxl-080422-92896050-20220415091224.jpg\",\"datePublished\":\"2022-04-16T16:43:03+00:00\",\"dateModified\":\"2022-04-16T16:43:05+00:00\",\"breadcrumb\":{\"@id\":\"https:\\\/\\\/radioljubuski.ba\\\/index.php\\\/2022\\\/04\\\/16\\\/za-velike-sportske-manifestacije-u-ovoj-godini-gotovo-30-milijuna-kuna\\\/#breadcrumb\"},\"inLanguage\":\"hr\",\"potentialAction\":[{\"@type\":\"ReadAction\",\"target\":[\"https:\\\/\\\/radioljubuski.ba\\\/index.php\\\/2022\\\/04\\\/16\\\/za-velike-sportske-manifestacije-u-ovoj-godini-gotovo-30-milijuna-kuna\\\/\"]}]},{\"@type\":\"ImageObject\",\"inLanguage\":\"hr\",\"@id\":\"https:\\\/\\\/radioljubuski.ba\\\/index.php\\\/2022\\\/04\\\/16\\\/za-velike-sportske-manifestacije-u-ovoj-godini-gotovo-30-milijuna-kuna\\\/#primaryimage\",\"url\":\"https:\\\/\\\/radioljubuski.ba\\\/wp-content\\\/uploads\\\/2022\\\/04\\\/pxl-080422-92896050-20220415091224.jpg\",\"contentUrl\":\"https:\\\/\\\/radioljubuski.ba\\\/wp-content\\\/uploads\\\/2022\\\/04\\\/pxl-080422-92896050-20220415091224.jpg\",\"width\":1600,\"height\":1067,\"caption\":\"08.04.2022., Zagreb - Svecano otvorenje 9. PLACE2GO medjunarodnog sajma turizma u Areni Zagreb. Photo: Davor Puklavec\\\/PIXSELL\"},{\"@type\":\"BreadcrumbList\",\"@id\":\"https:\\\/\\\/radioljubuski.ba\\\/index.php\\\/2022\\\/04\\\/16\\\/za-velike-sportske-manifestacije-u-ovoj-godini-gotovo-30-milijuna-kuna\\\/#breadcrumb\",\"itemListElement\":[{\"@type\":\"ListItem\",\"position\":1,\"name\":\"Po\u010detna stranica\",\"item\":\"https:\\\/\\\/radioljubuski.ba\\\/\"},{\"@type\":\"ListItem\",\"position\":2,\"name\":\"Za velike sportske manifestacije u ovoj godini gotovo 30 milijuna kuna\"}]},{\"@type\":\"WebSite\",\"@id\":\"https:\\\/\\\/radioljubuski.ba\\\/#website\",\"url\":\"https:\\\/\\\/radioljubuski.ba\\\/\",\"name\":\"Radio Ljubu\u0161ki\",\"description\":\"Sun\u010dana frekvencija Hercegovine\",\"publisher\":{\"@id\":\"https:\\\/\\\/radioljubuski.ba\\\/#organization\"},\"potentialAction\":[{\"@type\":\"SearchAction\",\"target\":{\"@type\":\"EntryPoint\",\"urlTemplate\":\"https:\\\/\\\/radioljubuski.ba\\\/?s={search_term_string}\"},\"query-input\":{\"@type\":\"PropertyValueSpecification\",\"valueRequired\":true,\"valueName\":\"search_term_string\"}}],\"inLanguage\":\"hr\"},{\"@type\":\"Organization\",\"@id\":\"https:\\\/\\\/radioljubuski.ba\\\/#organization\",\"name\":\"Radio Ljubu\u0161ki\",\"url\":\"https:\\\/\\\/radioljubuski.ba\\\/\",\"logo\":{\"@type\":\"ImageObject\",\"inLanguage\":\"hr\",\"@id\":\"https:\\\/\\\/radioljubuski.ba\\\/#\\\/schema\\\/logo\\\/image\\\/\",\"url\":\"https:\\\/\\\/radioljubuski.ba\\\/wp-content\\\/uploads\\\/2021\\\/02\\\/cropped-Radio_Ljubuski_logo1.jpg\",\"contentUrl\":\"https:\\\/\\\/radioljubuski.ba\\\/wp-content\\\/uploads\\\/2021\\\/02\\\/cropped-Radio_Ljubuski_logo1.jpg\",\"width\":512,\"height\":512,\"caption\":\"Radio Ljubu\u0161ki\"},\"image\":{\"@id\":\"https:\\\/\\\/radioljubuski.ba\\\/#\\\/schema\\\/logo\\\/image\\\/\"},\"sameAs\":[\"https:\\\/\\\/www.facebook.com\\\/Radiio-Ljubuski-1490835324566332\",\"https:\\\/\\\/x.com\\\/radioljubuski\",\"https:\\\/\\\/hr.linkedin.com\\\/company\\\/radio-ljubuski\",\"https:\\\/\\\/www.youtube.com\\\/channel\\\/UCHYaeO_n0Db3tjNGudGpXyw\"]},{\"@type\":\"Person\",\"@id\":\"https:\\\/\\\/radioljubuski.ba\\\/#\\\/schema\\\/person\\\/19fc700381a780f69665d7956c469e3b\",\"name\":\"Radio Ljubu\u0161ki\"}]}<\/script>\n<!-- \/ Yoast SEO plugin. -->","yoast_head_json":{"title":"Za velike sportske manifestacije u ovoj godini gotovo 30 milijuna kuna - RADIO LJUBU\u0160KI","robots":{"index":"index","follow":"follow","max-snippet":"max-snippet:-1","max-image-preview":"max-image-preview:large","max-video-preview":"max-video-preview:-1"},"canonical":"https:\/\/radioljubuski.ba\/index.php\/2022\/04\/16\/za-velike-sportske-manifestacije-u-ovoj-godini-gotovo-30-milijuna-kuna\/","og_locale":"hr_HR","og_type":"article","og_title":"Za velike sportske manifestacije u ovoj godini gotovo 30 milijuna kuna - RADIO LJUBU\u0160KI","og_description":"Ministrica turizma i sporta Nikolina Brnjac donijela je odluku o sufinanciranju organizacije velikih sportskih manifestacija u 2022. godini kojom \u0107e se sufinancirati 15 velikih sportskih manifestacija, priop\u0107eno je iz ministarstva. Odluka je donesena temeljem provedenog Javnog poziva za sufinanciranje organizacije velikih sportskih manifestacija u 2022. godini u ukupnom iznosu od 13.818.874 kuna. &#8211; Za promociju [&hellip;]","og_url":"https:\/\/radioljubuski.ba\/index.php\/2022\/04\/16\/za-velike-sportske-manifestacije-u-ovoj-godini-gotovo-30-milijuna-kuna\/","og_site_name":"RADIO LJUBU\u0160KI","article_publisher":"https:\/\/www.facebook.com\/Radiio-Ljubuski-1490835324566332","article_published_time":"2022-04-16T16:43:03+00:00","article_modified_time":"2022-04-16T16:43:05+00:00","og_image":[{"width":1600,"height":1067,"url":"https:\/\/radioljubuski.ba\/wp-content\/uploads\/2022\/04\/pxl-080422-92896050-20220415091224.jpg","type":"image\/jpeg"}],"author":"Radio Ljubu\u0161ki","twitter_card":"summary_large_image","twitter_creator":"@radioljubuski","twitter_site":"@radioljubuski","twitter_misc":{"Napisao\/la":"Radio Ljubu\u0161ki","Procijenjeno vrijeme \u010ditanja":"2 minute"},"schema":{"@context":"https:\/\/schema.org","@graph":[{"@type":"Article","@id":"https:\/\/radioljubuski.ba\/index.php\/2022\/04\/16\/za-velike-sportske-manifestacije-u-ovoj-godini-gotovo-30-milijuna-kuna\/#article","isPartOf":{"@id":"https:\/\/radioljubuski.ba\/index.php\/2022\/04\/16\/za-velike-sportske-manifestacije-u-ovoj-godini-gotovo-30-milijuna-kuna\/"},"author":{"name":"Radio Ljubu\u0161ki","@id":"https:\/\/radioljubuski.ba\/#\/schema\/person\/19fc700381a780f69665d7956c469e3b"},"headline":"Za velike sportske manifestacije u ovoj godini gotovo 30 milijuna kuna","datePublished":"2022-04-16T16:43:03+00:00","dateModified":"2022-04-16T16:43:05+00:00","mainEntityOfPage":{"@id":"https:\/\/radioljubuski.ba\/index.php\/2022\/04\/16\/za-velike-sportske-manifestacije-u-ovoj-godini-gotovo-30-milijuna-kuna\/"},"wordCount":364,"publisher":{"@id":"https:\/\/radioljubuski.ba\/#organization"},"image":{"@id":"https:\/\/radioljubuski.ba\/index.php\/2022\/04\/16\/za-velike-sportske-manifestacije-u-ovoj-godini-gotovo-30-milijuna-kuna\/#primaryimage"},"thumbnailUrl":"https:\/\/radioljubuski.ba\/wp-content\/uploads\/2022\/04\/pxl-080422-92896050-20220415091224.jpg","articleSection":["\u0160port"],"inLanguage":"hr"},{"@type":"WebPage","@id":"https:\/\/radioljubuski.ba\/index.php\/2022\/04\/16\/za-velike-sportske-manifestacije-u-ovoj-godini-gotovo-30-milijuna-kuna\/","url":"https:\/\/radioljubuski.ba\/index.php\/2022\/04\/16\/za-velike-sportske-manifestacije-u-ovoj-godini-gotovo-30-milijuna-kuna\/","name":"Za velike sportske manifestacije u ovoj godini gotovo 30 milijuna kuna - RADIO LJUBU\u0160KI","isPartOf":{"@id":"https:\/\/radioljubuski.ba\/#website"},"primaryImageOfPage":{"@id":"https:\/\/radioljubuski.ba\/index.php\/2022\/04\/16\/za-velike-sportske-manifestacije-u-ovoj-godini-gotovo-30-milijuna-kuna\/#primaryimage"},"image":{"@id":"https:\/\/radioljubuski.ba\/index.php\/2022\/04\/16\/za-velike-sportske-manifestacije-u-ovoj-godini-gotovo-30-milijuna-kuna\/#primaryimage"},"thumbnailUrl":"https:\/\/radioljubuski.ba\/wp-content\/uploads\/2022\/04\/pxl-080422-92896050-20220415091224.jpg","datePublished":"2022-04-16T16:43:03+00:00","dateModified":"2022-04-16T16:43:05+00:00","breadcrumb":{"@id":"https:\/\/radioljubuski.ba\/index.php\/2022\/04\/16\/za-velike-sportske-manifestacije-u-ovoj-godini-gotovo-30-milijuna-kuna\/#breadcrumb"},"inLanguage":"hr","potentialAction":[{"@type":"ReadAction","target":["https:\/\/radioljubuski.ba\/index.php\/2022\/04\/16\/za-velike-sportske-manifestacije-u-ovoj-godini-gotovo-30-milijuna-kuna\/"]}]},{"@type":"ImageObject","inLanguage":"hr","@id":"https:\/\/radioljubuski.ba\/index.php\/2022\/04\/16\/za-velike-sportske-manifestacije-u-ovoj-godini-gotovo-30-milijuna-kuna\/#primaryimage","url":"https:\/\/radioljubuski.ba\/wp-content\/uploads\/2022\/04\/pxl-080422-92896050-20220415091224.jpg","contentUrl":"https:\/\/radioljubuski.ba\/wp-content\/uploads\/2022\/04\/pxl-080422-92896050-20220415091224.jpg","width":1600,"height":1067,"caption":"08.04.2022., Zagreb - Svecano otvorenje 9. PLACE2GO medjunarodnog sajma turizma u Areni Zagreb. Photo: Davor Puklavec\/PIXSELL"},{"@type":"BreadcrumbList","@id":"https:\/\/radioljubuski.ba\/index.php\/2022\/04\/16\/za-velike-sportske-manifestacije-u-ovoj-godini-gotovo-30-milijuna-kuna\/#breadcrumb","itemListElement":[{"@type":"ListItem","position":1,"name":"Po\u010detna stranica","item":"https:\/\/radioljubuski.ba\/"},{"@type":"ListItem","position":2,"name":"Za velike sportske manifestacije u ovoj godini gotovo 30 milijuna kuna"}]},{"@type":"WebSite","@id":"https:\/\/radioljubuski.ba\/#website","url":"https:\/\/radioljubuski.ba\/","name":"Radio Ljubu\u0161ki","description":"Sun\u010dana frekvencija Hercegovine","publisher":{"@id":"https:\/\/radioljubuski.ba\/#organization"},"potentialAction":[{"@type":"SearchAction","target":{"@type":"EntryPoint","urlTemplate":"https:\/\/radioljubuski.ba\/?s={search_term_string}"},"query-input":{"@type":"PropertyValueSpecification","valueRequired":true,"valueName":"search_term_string"}}],"inLanguage":"hr"},{"@type":"Organization","@id":"https:\/\/radioljubuski.ba\/#organization","name":"Radio Ljubu\u0161ki","url":"https:\/\/radioljubuski.ba\/","logo":{"@type":"ImageObject","inLanguage":"hr","@id":"https:\/\/radioljubuski.ba\/#\/schema\/logo\/image\/","url":"https:\/\/radioljubuski.ba\/wp-content\/uploads\/2021\/02\/cropped-Radio_Ljubuski_logo1.jpg","contentUrl":"https:\/\/radioljubuski.ba\/wp-content\/uploads\/2021\/02\/cropped-Radio_Ljubuski_logo1.jpg","width":512,"height":512,"caption":"Radio Ljubu\u0161ki"},"image":{"@id":"https:\/\/radioljubuski.ba\/#\/schema\/logo\/image\/"},"sameAs":["https:\/\/www.facebook.com\/Radiio-Ljubuski-1490835324566332","https:\/\/x.com\/radioljubuski","https:\/\/hr.linkedin.com\/company\/radio-ljubuski","https:\/\/www.youtube.com\/channel\/UCHYaeO_n0Db3tjNGudGpXyw"]},{"@type":"Person","@id":"https:\/\/radioljubuski.ba\/#\/schema\/person\/19fc700381a780f69665d7956c469e3b","name":"Radio Ljubu\u0161ki"}]}},"_links":{"self":[{"href":"https:\/\/radioljubuski.ba\/index.php\/wp-json\/wp\/v2\/posts\/133086","targetHints":{"allow":["GET"]}}],"collection":[{"href":"https:\/\/radioljubuski.ba\/index.php\/wp-json\/wp\/v2\/posts"}],"about":[{"href":"https:\/\/radioljubuski.ba\/index.php\/wp-json\/wp\/v2\/types\/post"}],"author":[{"embeddable":true,"href":"https:\/\/radioljubuski.ba\/index.php\/wp-json\/wp\/v2\/users\/2"}],"replies":[{"embeddable":true,"href":"https:\/\/radioljubuski.ba\/index.php\/wp-json\/wp\/v2\/comments?post=133086"}],"version-history":[{"count":1,"href":"https:\/\/radioljubuski.ba\/index.php\/wp-json\/wp\/v2\/posts\/133086\/revisions"}],"predecessor-version":[{"id":133088,"href":"https:\/\/radioljubuski.ba\/index.php\/wp-json\/wp\/v2\/posts\/133086\/revisions\/133088"}],"wp:featuredmedia":[{"embeddable":true,"href":"https:\/\/radioljubuski.ba\/index.php\/wp-json\/wp\/v2\/media\/133087"}],"wp:attachment":[{"href":"https:\/\/radioljubuski.ba\/index.php\/wp-json\/wp\/v2\/media?parent=133086"}],"wp:term":[{"taxonomy":"category","embeddable":true,"href":"https:\/\/radioljubuski.ba\/index.php\/wp-json\/wp\/v2\/categories?post=133086"},{"taxonomy":"post_tag","embeddable":true,"href":"https:\/\/radioljubuski.ba\/index.php\/wp-json\/wp\/v2\/tags?post=133086"}],"curies":[{"name":"wp","href":"https:\/\/api.w.org\/{rel}","templated":true}]}}