{"id":133089,"date":"2022-04-16T17:45:05","date_gmt":"2022-04-16T16:45:05","guid":{"rendered":"https:\/\/radioljubuski.ba\/?p=133089"},"modified":"2022-04-16T17:45:06","modified_gmt":"2022-04-16T16:45:06","slug":"pred-nama-je-sada-profesionalni-rang-a-mi-smo-doslovce-teski-amateri","status":"publish","type":"post","link":"https:\/\/radioljubuski.ba\/index.php\/2022\/04\/16\/pred-nama-je-sada-profesionalni-rang-a-mi-smo-doslovce-teski-amateri\/","title":{"rendered":"&#8220;Pred nama je sada profesionalni rang, a mi smo doslovce te\u0161ki amateri&#8221;"},"content":{"rendered":"\n<p><strong>Pro\u0161log vikenda hrvatski ragbija\u0161i ostvarili su povijesni uspjeh plasmanom u vi\u0161u jakosnu skupinu europskog ragbija. Pobjedom u Izraelu, premijerno su iskora\u010dili u tre\u0107u diviziju, gdje \u0107e ih sljede\u0107e sezone \u010dekati znatno ja\u010di suparnici. Iz amaterskog, ulaze u dru\u0161tvo profesionalaca, objasnio je kapetan reprezentacije Nik Juri\u0161i\u0107 gostuju\u0107i u programu Hrvatskog radija.<\/strong><\/p>\n\n\n\n<p>&#8211; Iako je tradicija ragbija u Hrvatskoj duga 60 godina, kod nas to nije osobito ra\u0161iren i pra\u0107en sport, no reprezentacija od 1991. nastupa u svim europskim natjecanjima. \u010cekali smo tri desetlje\u0107a na ovaj iskorak. Zbog velikih oscilacija i razlika u kvaliteti ekipa, ragbi se igra u jakosnim skupinama, a mi smo uz pomo\u0107 Hrvata iz inozemstva godinama poku\u0161avali u\u0107i u vi\u0161i razred. Ponosni smo \u0161to smo to uspjeli, osobito u ovim okolnostima, kad je korona poljuljala i nas i cijeli amaterski sport. Veselimo se novim izazovima najesen, iako je pred nama sada profesionalni rang, a mi smo doslovce te\u0161ki amateri, govori Nik Juri\u0161i\u0107, dugogodi\u0161nji reprezentativac i kapetan generacije koja je izborila povijesni plasman.<br><br>Hrvatska \u0107e tako nakon niza godina u dru\u0161tvu Cipra, Malte i Izraela, sljede\u0107e sezone igrati protiv ekipa poput Njema\u010dke, Belgije, Poljske &#8230;<br><br>&#8211; Skupinu u kojoj smo dosad bili smo nadja\u010dali, ali iako Cipar i Malta zvu\u010de smije\u0161no, treba imati na umu da su to zemlje Commonwealtha s igra\u010dima koji vuku porijeklo iz Engleske, Walesa &#8230; I da je ragbi sport u kojem oni mogu pobje\u0111ivati, pa mu daju i vi\u0161e pozornosti i ozbiljni su suparnici. No, sad nas \u010dekaju puno te\u017ei izazovi, kako organizacijski tako i za na\u0161 fond igra\u010da. Ujedno je to veliki motiv za mla\u0111e igra\u010de. Ne mogu vam opisati koliko je te\u017ei posao pred nama, jer radi se o dr\u017eavama koje imaju profesionalne lige u ragbiju, velik broj igra\u010da koji igraju u inozemnim profi-ligama &#8230;<\/p>\n\n\n\n<p>Stoga su, veli Juri\u0161i\u0107, ve\u0107 stupili u kontakt s Hrvatima koji igraju diljem svijeta na ozbiljnim razinama i koji \u0107e, koliko im klupske obaveze budu dopu\u0161tale, &#8221;pro bono&#8221; biti na raspolaganju hrvatskoj reprezentaciji, koja je pak u zadnje vrijeme sastavljena od igra\u010da ro\u0111enih u Hrvatskoj, koji nastupaju za doma\u0107e klubove. A dojma radi, imamo ih svega \u010detiri (!) &#8211; Mladost, Zagreb, Sinj i splitsku Nadu.<\/p>\n\n\n\n<p>&#8211; Od sredine 90-ih bili smo ve\u0107inom pomognuti Hrvatima s Novog Zelanda koji ragbi igraju profesionalno. Utjecali su na na\u0161u kvalitetu, pomogli da igramo iznad svojih mogu\u0107nosti. No, zadnjih godinu-dvije su svi igra\u010di iz Hrvatske lige i to je veliki uspjeh. Sad \u0107emo morati posegnuti za pomo\u0107i sa strane, jer Hrvata ima svuda u svijetu, ali nipo\u0161to dovode\u0107i bilo koga, nego ciljana poja\u010danja na pozicijama na kojima nam je to potrebno. Ovo je mlada mom\u010dad, sastavljena ve\u0107inom od studenata i ljudi koji imaju svoje poslove, ka\u017ee Juri\u0161i\u0107, koji je nakon pobjede u Izraelu sa suigra\u010dima putovao \u010ditavu no\u0107, jer u ponedjeljak ujutro \u010dekale su \u2013 radne obaveze.<br><br>&#8211; Ljudi moraju znati da je velika razlika baviti se sportom rekreativno i amaterski. Razlika je u tome \u0161to se amater pona\u0161a skoro kao profesionalac, ali za to nije pla\u0107en. Ragbi je sport koji se ne mo\u017ee igrati rekreativno, jer potrebna vam je prije svega dobra fizi\u010dka sprema. Zato nas \u010deka jo\u0161 vi\u0161e ulaganja u osobni trening&nbsp; da bismo mogli konkurirati budu\u0107im protivnicima, zaklju\u010dio je kapetan na\u0161e reprezentacije u ragbiju.<br><br>Cijeli razgovor s Nikom Juri\u0161i\u0107em poslu\u0161ajte&nbsp;<strong><a href=\"https:\/\/radio.hrt.hr\/drugi-program\/sport\/povijesni-iskorak-hr-ragbija-teski-amateri-od-jeseni-medu-profesionalcima-6740625\" target=\"_blank\" rel=\"noreferrer noopener\">OVDJE<\/a><\/strong>.<\/p>\n\n\n\n<p>Izvor:hrt.hr<\/p>\n","protected":false},"excerpt":{"rendered":"<p>Pro\u0161log vikenda hrvatski ragbija\u0161i ostvarili su povijesni uspjeh plasmanom u vi\u0161u jakosnu skupinu europskog ragbija. Pobjedom u Izraelu, premijerno su iskora\u010dili u tre\u0107u diviziju, gdje \u0107e ih sljede\u0107e sezone \u010dekati znatno ja\u010di suparnici. Iz amaterskog, ulaze u dru\u0161tvo profesionalaca, objasnio je kapetan reprezentacije Nik Juri\u0161i\u0107 gostuju\u0107i u programu Hrvatskog radija. &#8211; Iako je tradicija ragbija [&hellip;]<\/p>\n","protected":false},"author":2,"featured_media":133090,"comment_status":"closed","ping_status":"closed","sticky":false,"template":"","format":"standard","meta":{"h5ap_radio_sources":[],"footnotes":""},"categories":[7],"tags":[],"class_list":["post-133089","post","type-post","status-publish","format-standard","has-post-thumbnail","hentry","category-sport"],"yoast_head":"<!-- This site is optimized with the Yoast SEO plugin v27.5 - https:\/\/yoast.com\/product\/yoast-seo-wordpress\/ -->\n<title>&quot;Pred nama je sada profesionalni rang, a mi smo doslovce te\u0161ki amateri&quot; - RADIO LJUBU\u0160KI<\/title>\n<meta name=\"robots\" content=\"index, follow, max-snippet:-1, max-image-preview:large, max-video-preview:-1\" \/>\n<link rel=\"canonical\" href=\"https:\/\/radioljubuski.ba\/index.php\/2022\/04\/16\/pred-nama-je-sada-profesionalni-rang-a-mi-smo-doslovce-teski-amateri\/\" \/>\n<meta property=\"og:locale\" content=\"hr_HR\" \/>\n<meta property=\"og:type\" content=\"article\" \/>\n<meta property=\"og:title\" content=\"&quot;Pred nama je sada profesionalni rang, a mi smo doslovce te\u0161ki amateri&quot; - RADIO LJUBU\u0160KI\" \/>\n<meta property=\"og:description\" content=\"Pro\u0161log vikenda hrvatski ragbija\u0161i ostvarili su povijesni uspjeh plasmanom u vi\u0161u jakosnu skupinu europskog ragbija. Pobjedom u Izraelu, premijerno su iskora\u010dili u tre\u0107u diviziju, gdje \u0107e ih sljede\u0107e sezone \u010dekati znatno ja\u010di suparnici. Iz amaterskog, ulaze u dru\u0161tvo profesionalaca, objasnio je kapetan reprezentacije Nik Juri\u0161i\u0107 gostuju\u0107i u programu Hrvatskog radija. &#8211; Iako je tradicija ragbija [&hellip;]\" \/>\n<meta property=\"og:url\" content=\"https:\/\/radioljubuski.ba\/index.php\/2022\/04\/16\/pred-nama-je-sada-profesionalni-rang-a-mi-smo-doslovce-teski-amateri\/\" \/>\n<meta property=\"og:site_name\" content=\"RADIO LJUBU\u0160KI\" \/>\n<meta property=\"article:publisher\" content=\"https:\/\/www.facebook.com\/Radiio-Ljubuski-1490835324566332\" \/>\n<meta property=\"article:published_time\" content=\"2022-04-16T16:45:05+00:00\" \/>\n<meta property=\"article:modified_time\" content=\"2022-04-16T16:45:06+00:00\" \/>\n<meta property=\"og:image\" content=\"https:\/\/radioljubuski.ba\/wp-content\/uploads\/2022\/04\/pxl-020422-92802652-20220415093517.jpg\" \/>\n\t<meta property=\"og:image:width\" content=\"1600\" \/>\n\t<meta property=\"og:image:height\" content=\"1094\" \/>\n\t<meta property=\"og:image:type\" content=\"image\/jpeg\" \/>\n<meta name=\"author\" content=\"Radio Ljubu\u0161ki\" \/>\n<meta name=\"twitter:card\" content=\"summary_large_image\" \/>\n<meta name=\"twitter:creator\" content=\"@radioljubuski\" \/>\n<meta name=\"twitter:site\" content=\"@radioljubuski\" \/>\n<meta name=\"twitter:label1\" content=\"Napisao\/la\" \/>\n\t<meta name=\"twitter:data1\" content=\"Radio Ljubu\u0161ki\" \/>\n\t<meta name=\"twitter:label2\" content=\"Procijenjeno vrijeme \u010ditanja\" \/>\n\t<meta name=\"twitter:data2\" content=\"3 minute\" \/>\n<script type=\"application\/ld+json\" class=\"yoast-schema-graph\">{\"@context\":\"https:\\\/\\\/schema.org\",\"@graph\":[{\"@type\":\"Article\",\"@id\":\"https:\\\/\\\/radioljubuski.ba\\\/index.php\\\/2022\\\/04\\\/16\\\/pred-nama-je-sada-profesionalni-rang-a-mi-smo-doslovce-teski-amateri\\\/#article\",\"isPartOf\":{\"@id\":\"https:\\\/\\\/radioljubuski.ba\\\/index.php\\\/2022\\\/04\\\/16\\\/pred-nama-je-sada-profesionalni-rang-a-mi-smo-doslovce-teski-amateri\\\/\"},\"author\":{\"name\":\"Radio Ljubu\u0161ki\",\"@id\":\"https:\\\/\\\/radioljubuski.ba\\\/#\\\/schema\\\/person\\\/19fc700381a780f69665d7956c469e3b\"},\"headline\":\"&#8220;Pred nama je sada profesionalni rang, a mi smo doslovce te\u0161ki amateri&#8221;\",\"datePublished\":\"2022-04-16T16:45:05+00:00\",\"dateModified\":\"2022-04-16T16:45:06+00:00\",\"mainEntityOfPage\":{\"@id\":\"https:\\\/\\\/radioljubuski.ba\\\/index.php\\\/2022\\\/04\\\/16\\\/pred-nama-je-sada-profesionalni-rang-a-mi-smo-doslovce-teski-amateri\\\/\"},\"wordCount\":617,\"publisher\":{\"@id\":\"https:\\\/\\\/radioljubuski.ba\\\/#organization\"},\"image\":{\"@id\":\"https:\\\/\\\/radioljubuski.ba\\\/index.php\\\/2022\\\/04\\\/16\\\/pred-nama-je-sada-profesionalni-rang-a-mi-smo-doslovce-teski-amateri\\\/#primaryimage\"},\"thumbnailUrl\":\"https:\\\/\\\/radioljubuski.ba\\\/wp-content\\\/uploads\\\/2022\\\/04\\\/pxl-020422-92802652-20220415093517.jpg\",\"articleSection\":[\"\u0160port\"],\"inLanguage\":\"hr\"},{\"@type\":\"WebPage\",\"@id\":\"https:\\\/\\\/radioljubuski.ba\\\/index.php\\\/2022\\\/04\\\/16\\\/pred-nama-je-sada-profesionalni-rang-a-mi-smo-doslovce-teski-amateri\\\/\",\"url\":\"https:\\\/\\\/radioljubuski.ba\\\/index.php\\\/2022\\\/04\\\/16\\\/pred-nama-je-sada-profesionalni-rang-a-mi-smo-doslovce-teski-amateri\\\/\",\"name\":\"\\\"Pred nama je sada profesionalni rang, a mi smo doslovce te\u0161ki amateri\\\" - RADIO LJUBU\u0160KI\",\"isPartOf\":{\"@id\":\"https:\\\/\\\/radioljubuski.ba\\\/#website\"},\"primaryImageOfPage\":{\"@id\":\"https:\\\/\\\/radioljubuski.ba\\\/index.php\\\/2022\\\/04\\\/16\\\/pred-nama-je-sada-profesionalni-rang-a-mi-smo-doslovce-teski-amateri\\\/#primaryimage\"},\"image\":{\"@id\":\"https:\\\/\\\/radioljubuski.ba\\\/index.php\\\/2022\\\/04\\\/16\\\/pred-nama-je-sada-profesionalni-rang-a-mi-smo-doslovce-teski-amateri\\\/#primaryimage\"},\"thumbnailUrl\":\"https:\\\/\\\/radioljubuski.ba\\\/wp-content\\\/uploads\\\/2022\\\/04\\\/pxl-020422-92802652-20220415093517.jpg\",\"datePublished\":\"2022-04-16T16:45:05+00:00\",\"dateModified\":\"2022-04-16T16:45:06+00:00\",\"breadcrumb\":{\"@id\":\"https:\\\/\\\/radioljubuski.ba\\\/index.php\\\/2022\\\/04\\\/16\\\/pred-nama-je-sada-profesionalni-rang-a-mi-smo-doslovce-teski-amateri\\\/#breadcrumb\"},\"inLanguage\":\"hr\",\"potentialAction\":[{\"@type\":\"ReadAction\",\"target\":[\"https:\\\/\\\/radioljubuski.ba\\\/index.php\\\/2022\\\/04\\\/16\\\/pred-nama-je-sada-profesionalni-rang-a-mi-smo-doslovce-teski-amateri\\\/\"]}]},{\"@type\":\"ImageObject\",\"inLanguage\":\"hr\",\"@id\":\"https:\\\/\\\/radioljubuski.ba\\\/index.php\\\/2022\\\/04\\\/16\\\/pred-nama-je-sada-profesionalni-rang-a-mi-smo-doslovce-teski-amateri\\\/#primaryimage\",\"url\":\"https:\\\/\\\/radioljubuski.ba\\\/wp-content\\\/uploads\\\/2022\\\/04\\\/pxl-020422-92802652-20220415093517.jpg\",\"contentUrl\":\"https:\\\/\\\/radioljubuski.ba\\\/wp-content\\\/uploads\\\/2022\\\/04\\\/pxl-020422-92802652-20220415093517.jpg\",\"width\":1600,\"height\":1094,\"caption\":\"02.04.2022., NSC Stjepan Spajic, Zagreb - Europski kup nacija, Konferencija 1 Jug, Hrvatska - Malta. Nik Jurisic Photo: Slavko Midzor\\\/PIXSELL\"},{\"@type\":\"BreadcrumbList\",\"@id\":\"https:\\\/\\\/radioljubuski.ba\\\/index.php\\\/2022\\\/04\\\/16\\\/pred-nama-je-sada-profesionalni-rang-a-mi-smo-doslovce-teski-amateri\\\/#breadcrumb\",\"itemListElement\":[{\"@type\":\"ListItem\",\"position\":1,\"name\":\"Po\u010detna stranica\",\"item\":\"https:\\\/\\\/radioljubuski.ba\\\/\"},{\"@type\":\"ListItem\",\"position\":2,\"name\":\"&#8220;Pred nama je sada profesionalni rang, a mi smo doslovce te\u0161ki amateri&#8221;\"}]},{\"@type\":\"WebSite\",\"@id\":\"https:\\\/\\\/radioljubuski.ba\\\/#website\",\"url\":\"https:\\\/\\\/radioljubuski.ba\\\/\",\"name\":\"Radio Ljubu\u0161ki\",\"description\":\"Sun\u010dana frekvencija Hercegovine\",\"publisher\":{\"@id\":\"https:\\\/\\\/radioljubuski.ba\\\/#organization\"},\"potentialAction\":[{\"@type\":\"SearchAction\",\"target\":{\"@type\":\"EntryPoint\",\"urlTemplate\":\"https:\\\/\\\/radioljubuski.ba\\\/?s={search_term_string}\"},\"query-input\":{\"@type\":\"PropertyValueSpecification\",\"valueRequired\":true,\"valueName\":\"search_term_string\"}}],\"inLanguage\":\"hr\"},{\"@type\":\"Organization\",\"@id\":\"https:\\\/\\\/radioljubuski.ba\\\/#organization\",\"name\":\"Radio Ljubu\u0161ki\",\"url\":\"https:\\\/\\\/radioljubuski.ba\\\/\",\"logo\":{\"@type\":\"ImageObject\",\"inLanguage\":\"hr\",\"@id\":\"https:\\\/\\\/radioljubuski.ba\\\/#\\\/schema\\\/logo\\\/image\\\/\",\"url\":\"https:\\\/\\\/radioljubuski.ba\\\/wp-content\\\/uploads\\\/2021\\\/02\\\/cropped-Radio_Ljubuski_logo1.jpg\",\"contentUrl\":\"https:\\\/\\\/radioljubuski.ba\\\/wp-content\\\/uploads\\\/2021\\\/02\\\/cropped-Radio_Ljubuski_logo1.jpg\",\"width\":512,\"height\":512,\"caption\":\"Radio Ljubu\u0161ki\"},\"image\":{\"@id\":\"https:\\\/\\\/radioljubuski.ba\\\/#\\\/schema\\\/logo\\\/image\\\/\"},\"sameAs\":[\"https:\\\/\\\/www.facebook.com\\\/Radiio-Ljubuski-1490835324566332\",\"https:\\\/\\\/x.com\\\/radioljubuski\",\"https:\\\/\\\/hr.linkedin.com\\\/company\\\/radio-ljubuski\",\"https:\\\/\\\/www.youtube.com\\\/channel\\\/UCHYaeO_n0Db3tjNGudGpXyw\"]},{\"@type\":\"Person\",\"@id\":\"https:\\\/\\\/radioljubuski.ba\\\/#\\\/schema\\\/person\\\/19fc700381a780f69665d7956c469e3b\",\"name\":\"Radio Ljubu\u0161ki\"}]}<\/script>\n<!-- \/ Yoast SEO plugin. -->","yoast_head_json":{"title":"\"Pred nama je sada profesionalni rang, a mi smo doslovce te\u0161ki amateri\" - RADIO LJUBU\u0160KI","robots":{"index":"index","follow":"follow","max-snippet":"max-snippet:-1","max-image-preview":"max-image-preview:large","max-video-preview":"max-video-preview:-1"},"canonical":"https:\/\/radioljubuski.ba\/index.php\/2022\/04\/16\/pred-nama-je-sada-profesionalni-rang-a-mi-smo-doslovce-teski-amateri\/","og_locale":"hr_HR","og_type":"article","og_title":"\"Pred nama je sada profesionalni rang, a mi smo doslovce te\u0161ki amateri\" - RADIO LJUBU\u0160KI","og_description":"Pro\u0161log vikenda hrvatski ragbija\u0161i ostvarili su povijesni uspjeh plasmanom u vi\u0161u jakosnu skupinu europskog ragbija. Pobjedom u Izraelu, premijerno su iskora\u010dili u tre\u0107u diviziju, gdje \u0107e ih sljede\u0107e sezone \u010dekati znatno ja\u010di suparnici. Iz amaterskog, ulaze u dru\u0161tvo profesionalaca, objasnio je kapetan reprezentacije Nik Juri\u0161i\u0107 gostuju\u0107i u programu Hrvatskog radija. &#8211; Iako je tradicija ragbija [&hellip;]","og_url":"https:\/\/radioljubuski.ba\/index.php\/2022\/04\/16\/pred-nama-je-sada-profesionalni-rang-a-mi-smo-doslovce-teski-amateri\/","og_site_name":"RADIO LJUBU\u0160KI","article_publisher":"https:\/\/www.facebook.com\/Radiio-Ljubuski-1490835324566332","article_published_time":"2022-04-16T16:45:05+00:00","article_modified_time":"2022-04-16T16:45:06+00:00","og_image":[{"width":1600,"height":1094,"url":"https:\/\/radioljubuski.ba\/wp-content\/uploads\/2022\/04\/pxl-020422-92802652-20220415093517.jpg","type":"image\/jpeg"}],"author":"Radio Ljubu\u0161ki","twitter_card":"summary_large_image","twitter_creator":"@radioljubuski","twitter_site":"@radioljubuski","twitter_misc":{"Napisao\/la":"Radio Ljubu\u0161ki","Procijenjeno vrijeme \u010ditanja":"3 minute"},"schema":{"@context":"https:\/\/schema.org","@graph":[{"@type":"Article","@id":"https:\/\/radioljubuski.ba\/index.php\/2022\/04\/16\/pred-nama-je-sada-profesionalni-rang-a-mi-smo-doslovce-teski-amateri\/#article","isPartOf":{"@id":"https:\/\/radioljubuski.ba\/index.php\/2022\/04\/16\/pred-nama-je-sada-profesionalni-rang-a-mi-smo-doslovce-teski-amateri\/"},"author":{"name":"Radio Ljubu\u0161ki","@id":"https:\/\/radioljubuski.ba\/#\/schema\/person\/19fc700381a780f69665d7956c469e3b"},"headline":"&#8220;Pred nama je sada profesionalni rang, a mi smo doslovce te\u0161ki amateri&#8221;","datePublished":"2022-04-16T16:45:05+00:00","dateModified":"2022-04-16T16:45:06+00:00","mainEntityOfPage":{"@id":"https:\/\/radioljubuski.ba\/index.php\/2022\/04\/16\/pred-nama-je-sada-profesionalni-rang-a-mi-smo-doslovce-teski-amateri\/"},"wordCount":617,"publisher":{"@id":"https:\/\/radioljubuski.ba\/#organization"},"image":{"@id":"https:\/\/radioljubuski.ba\/index.php\/2022\/04\/16\/pred-nama-je-sada-profesionalni-rang-a-mi-smo-doslovce-teski-amateri\/#primaryimage"},"thumbnailUrl":"https:\/\/radioljubuski.ba\/wp-content\/uploads\/2022\/04\/pxl-020422-92802652-20220415093517.jpg","articleSection":["\u0160port"],"inLanguage":"hr"},{"@type":"WebPage","@id":"https:\/\/radioljubuski.ba\/index.php\/2022\/04\/16\/pred-nama-je-sada-profesionalni-rang-a-mi-smo-doslovce-teski-amateri\/","url":"https:\/\/radioljubuski.ba\/index.php\/2022\/04\/16\/pred-nama-je-sada-profesionalni-rang-a-mi-smo-doslovce-teski-amateri\/","name":"\"Pred nama je sada profesionalni rang, a mi smo doslovce te\u0161ki amateri\" - RADIO LJUBU\u0160KI","isPartOf":{"@id":"https:\/\/radioljubuski.ba\/#website"},"primaryImageOfPage":{"@id":"https:\/\/radioljubuski.ba\/index.php\/2022\/04\/16\/pred-nama-je-sada-profesionalni-rang-a-mi-smo-doslovce-teski-amateri\/#primaryimage"},"image":{"@id":"https:\/\/radioljubuski.ba\/index.php\/2022\/04\/16\/pred-nama-je-sada-profesionalni-rang-a-mi-smo-doslovce-teski-amateri\/#primaryimage"},"thumbnailUrl":"https:\/\/radioljubuski.ba\/wp-content\/uploads\/2022\/04\/pxl-020422-92802652-20220415093517.jpg","datePublished":"2022-04-16T16:45:05+00:00","dateModified":"2022-04-16T16:45:06+00:00","breadcrumb":{"@id":"https:\/\/radioljubuski.ba\/index.php\/2022\/04\/16\/pred-nama-je-sada-profesionalni-rang-a-mi-smo-doslovce-teski-amateri\/#breadcrumb"},"inLanguage":"hr","potentialAction":[{"@type":"ReadAction","target":["https:\/\/radioljubuski.ba\/index.php\/2022\/04\/16\/pred-nama-je-sada-profesionalni-rang-a-mi-smo-doslovce-teski-amateri\/"]}]},{"@type":"ImageObject","inLanguage":"hr","@id":"https:\/\/radioljubuski.ba\/index.php\/2022\/04\/16\/pred-nama-je-sada-profesionalni-rang-a-mi-smo-doslovce-teski-amateri\/#primaryimage","url":"https:\/\/radioljubuski.ba\/wp-content\/uploads\/2022\/04\/pxl-020422-92802652-20220415093517.jpg","contentUrl":"https:\/\/radioljubuski.ba\/wp-content\/uploads\/2022\/04\/pxl-020422-92802652-20220415093517.jpg","width":1600,"height":1094,"caption":"02.04.2022., NSC Stjepan Spajic, Zagreb - Europski kup nacija, Konferencija 1 Jug, Hrvatska - Malta. Nik Jurisic Photo: Slavko Midzor\/PIXSELL"},{"@type":"BreadcrumbList","@id":"https:\/\/radioljubuski.ba\/index.php\/2022\/04\/16\/pred-nama-je-sada-profesionalni-rang-a-mi-smo-doslovce-teski-amateri\/#breadcrumb","itemListElement":[{"@type":"ListItem","position":1,"name":"Po\u010detna stranica","item":"https:\/\/radioljubuski.ba\/"},{"@type":"ListItem","position":2,"name":"&#8220;Pred nama je sada profesionalni rang, a mi smo doslovce te\u0161ki amateri&#8221;"}]},{"@type":"WebSite","@id":"https:\/\/radioljubuski.ba\/#website","url":"https:\/\/radioljubuski.ba\/","name":"Radio Ljubu\u0161ki","description":"Sun\u010dana frekvencija Hercegovine","publisher":{"@id":"https:\/\/radioljubuski.ba\/#organization"},"potentialAction":[{"@type":"SearchAction","target":{"@type":"EntryPoint","urlTemplate":"https:\/\/radioljubuski.ba\/?s={search_term_string}"},"query-input":{"@type":"PropertyValueSpecification","valueRequired":true,"valueName":"search_term_string"}}],"inLanguage":"hr"},{"@type":"Organization","@id":"https:\/\/radioljubuski.ba\/#organization","name":"Radio Ljubu\u0161ki","url":"https:\/\/radioljubuski.ba\/","logo":{"@type":"ImageObject","inLanguage":"hr","@id":"https:\/\/radioljubuski.ba\/#\/schema\/logo\/image\/","url":"https:\/\/radioljubuski.ba\/wp-content\/uploads\/2021\/02\/cropped-Radio_Ljubuski_logo1.jpg","contentUrl":"https:\/\/radioljubuski.ba\/wp-content\/uploads\/2021\/02\/cropped-Radio_Ljubuski_logo1.jpg","width":512,"height":512,"caption":"Radio Ljubu\u0161ki"},"image":{"@id":"https:\/\/radioljubuski.ba\/#\/schema\/logo\/image\/"},"sameAs":["https:\/\/www.facebook.com\/Radiio-Ljubuski-1490835324566332","https:\/\/x.com\/radioljubuski","https:\/\/hr.linkedin.com\/company\/radio-ljubuski","https:\/\/www.youtube.com\/channel\/UCHYaeO_n0Db3tjNGudGpXyw"]},{"@type":"Person","@id":"https:\/\/radioljubuski.ba\/#\/schema\/person\/19fc700381a780f69665d7956c469e3b","name":"Radio Ljubu\u0161ki"}]}},"_links":{"self":[{"href":"https:\/\/radioljubuski.ba\/index.php\/wp-json\/wp\/v2\/posts\/133089","targetHints":{"allow":["GET"]}}],"collection":[{"href":"https:\/\/radioljubuski.ba\/index.php\/wp-json\/wp\/v2\/posts"}],"about":[{"href":"https:\/\/radioljubuski.ba\/index.php\/wp-json\/wp\/v2\/types\/post"}],"author":[{"embeddable":true,"href":"https:\/\/radioljubuski.ba\/index.php\/wp-json\/wp\/v2\/users\/2"}],"replies":[{"embeddable":true,"href":"https:\/\/radioljubuski.ba\/index.php\/wp-json\/wp\/v2\/comments?post=133089"}],"version-history":[{"count":1,"href":"https:\/\/radioljubuski.ba\/index.php\/wp-json\/wp\/v2\/posts\/133089\/revisions"}],"predecessor-version":[{"id":133091,"href":"https:\/\/radioljubuski.ba\/index.php\/wp-json\/wp\/v2\/posts\/133089\/revisions\/133091"}],"wp:featuredmedia":[{"embeddable":true,"href":"https:\/\/radioljubuski.ba\/index.php\/wp-json\/wp\/v2\/media\/133090"}],"wp:attachment":[{"href":"https:\/\/radioljubuski.ba\/index.php\/wp-json\/wp\/v2\/media?parent=133089"}],"wp:term":[{"taxonomy":"category","embeddable":true,"href":"https:\/\/radioljubuski.ba\/index.php\/wp-json\/wp\/v2\/categories?post=133089"},{"taxonomy":"post_tag","embeddable":true,"href":"https:\/\/radioljubuski.ba\/index.php\/wp-json\/wp\/v2\/tags?post=133089"}],"curies":[{"name":"wp","href":"https:\/\/api.w.org\/{rel}","templated":true}]}}