{"id":133092,"date":"2022-04-16T17:46:23","date_gmt":"2022-04-16T16:46:23","guid":{"rendered":"https:\/\/radioljubuski.ba\/?p=133092"},"modified":"2022-04-16T17:49:58","modified_gmt":"2022-04-16T16:49:58","slug":"ruske-odbojkase-na-sp-u-ce-zamijeniti-ukrajinci","status":"publish","type":"post","link":"https:\/\/radioljubuski.ba\/index.php\/2022\/04\/16\/ruske-odbojkase-na-sp-u-ce-zamijeniti-ukrajinci\/","title":{"rendered":"Ruske odbojka\u0161e na SP-u \u0107e zamijeniti Ukrajinci"},"content":{"rendered":"\n<p><strong>Me\u0111unarodna odbojka\u0161ka organizacija odlu\u010dila je kako \u0107e Rusiju na ovogodi\u0161njem Svjetskom prvenstvu zamijeniti ukrajinska reprezentacija.<\/strong><\/p>\n\n\n\n<p>Uslijed ruske invazije na Ukrajinu krovna svjetska odbojka\u0161ka organizacija nije samo izbacila Rusiju, ina\u010de aktualnog olimpijskog doprvaka, sa Svjetskog prvenstva, ve\u0107 je toj zemlji oduzela doma\u0107instvo ovog natjecanja.<\/p>\n\n\n\n<p>Prvotno je Rusija trebala organizirati SP od 26. kolovoza do 11. rujna ove godine, a sada \u0107e najbolje svjetske odbojka\u0161ke mom\u010dadi ugostiti Poljska i Slovenija.<br><br>Ukrajina je na mjesto Rusije upala kao prva najbolja reprezentacija na ljestvici FIVB-e koja se nije uspjela plasirati na prvenstvo. Ukrajinci \u0107e igrati u skupini A zajedno sa Srbijom, Portorikom i Tunisom.<\/p>\n\n\n\n<p>Izvor:hrt.hr<\/p>\n","protected":false},"excerpt":{"rendered":"<p>Me\u0111unarodna odbojka\u0161ka organizacija odlu\u010dila je kako \u0107e Rusiju na ovogodi\u0161njem Svjetskom prvenstvu zamijeniti ukrajinska reprezentacija. Uslijed ruske invazije na Ukrajinu krovna svjetska odbojka\u0161ka organizacija nije samo izbacila Rusiju, ina\u010de aktualnog olimpijskog doprvaka, sa Svjetskog prvenstva, ve\u0107 je toj zemlji oduzela doma\u0107instvo ovog natjecanja. Prvotno je Rusija trebala organizirati SP od 26. kolovoza do 11. rujna [&hellip;]<\/p>\n","protected":false},"author":2,"featured_media":133093,"comment_status":"closed","ping_status":"closed","sticky":false,"template":"","format":"standard","meta":{"h5ap_radio_sources":[],"footnotes":""},"categories":[7],"tags":[],"class_list":["post-133092","post","type-post","status-publish","format-standard","has-post-thumbnail","hentry","category-sport"],"yoast_head":"<!-- This site is optimized with the Yoast SEO plugin v27.5 - https:\/\/yoast.com\/product\/yoast-seo-wordpress\/ -->\n<title>Ruske odbojka\u0161e na SP-u \u0107e zamijeniti Ukrajinci - RADIO LJUBU\u0160KI<\/title>\n<meta name=\"robots\" content=\"index, follow, max-snippet:-1, max-image-preview:large, max-video-preview:-1\" \/>\n<link rel=\"canonical\" href=\"https:\/\/radioljubuski.ba\/index.php\/2022\/04\/16\/ruske-odbojkase-na-sp-u-ce-zamijeniti-ukrajinci\/\" \/>\n<meta property=\"og:locale\" content=\"hr_HR\" \/>\n<meta property=\"og:type\" content=\"article\" \/>\n<meta property=\"og:title\" content=\"Ruske odbojka\u0161e na SP-u \u0107e zamijeniti Ukrajinci - RADIO LJUBU\u0160KI\" \/>\n<meta property=\"og:description\" content=\"Me\u0111unarodna odbojka\u0161ka organizacija odlu\u010dila je kako \u0107e Rusiju na ovogodi\u0161njem Svjetskom prvenstvu zamijeniti ukrajinska reprezentacija. Uslijed ruske invazije na Ukrajinu krovna svjetska odbojka\u0161ka organizacija nije samo izbacila Rusiju, ina\u010de aktualnog olimpijskog doprvaka, sa Svjetskog prvenstva, ve\u0107 je toj zemlji oduzela doma\u0107instvo ovog natjecanja. Prvotno je Rusija trebala organizirati SP od 26. kolovoza do 11. rujna [&hellip;]\" \/>\n<meta property=\"og:url\" content=\"https:\/\/radioljubuski.ba\/index.php\/2022\/04\/16\/ruske-odbojkase-na-sp-u-ce-zamijeniti-ukrajinci\/\" \/>\n<meta property=\"og:site_name\" content=\"RADIO LJUBU\u0160KI\" \/>\n<meta property=\"article:publisher\" content=\"https:\/\/www.facebook.com\/Radiio-Ljubuski-1490835324566332\" \/>\n<meta property=\"article:published_time\" content=\"2022-04-16T16:46:23+00:00\" \/>\n<meta property=\"article:modified_time\" content=\"2022-04-16T16:49:58+00:00\" \/>\n<meta property=\"og:image\" content=\"https:\/\/radioljubuski.ba\/wp-content\/uploads\/2022\/04\/preuzmi-20.jpg\" \/>\n\t<meta property=\"og:image:width\" content=\"259\" \/>\n\t<meta property=\"og:image:height\" content=\"194\" \/>\n\t<meta property=\"og:image:type\" content=\"image\/jpeg\" \/>\n<meta name=\"author\" content=\"Radio Ljubu\u0161ki\" \/>\n<meta name=\"twitter:card\" content=\"summary_large_image\" \/>\n<meta name=\"twitter:creator\" content=\"@radioljubuski\" \/>\n<meta name=\"twitter:site\" content=\"@radioljubuski\" \/>\n<meta name=\"twitter:label1\" content=\"Napisao\/la\" \/>\n\t<meta name=\"twitter:data1\" content=\"Radio Ljubu\u0161ki\" \/>\n\t<meta name=\"twitter:label2\" content=\"Procijenjeno vrijeme \u010ditanja\" \/>\n\t<meta name=\"twitter:data2\" content=\"1 minuta\" \/>\n<script type=\"application\/ld+json\" class=\"yoast-schema-graph\">{\"@context\":\"https:\\\/\\\/schema.org\",\"@graph\":[{\"@type\":\"Article\",\"@id\":\"https:\\\/\\\/radioljubuski.ba\\\/index.php\\\/2022\\\/04\\\/16\\\/ruske-odbojkase-na-sp-u-ce-zamijeniti-ukrajinci\\\/#article\",\"isPartOf\":{\"@id\":\"https:\\\/\\\/radioljubuski.ba\\\/index.php\\\/2022\\\/04\\\/16\\\/ruske-odbojkase-na-sp-u-ce-zamijeniti-ukrajinci\\\/\"},\"author\":{\"name\":\"Radio Ljubu\u0161ki\",\"@id\":\"https:\\\/\\\/radioljubuski.ba\\\/#\\\/schema\\\/person\\\/19fc700381a780f69665d7956c469e3b\"},\"headline\":\"Ruske odbojka\u0161e na SP-u \u0107e zamijeniti Ukrajinci\",\"datePublished\":\"2022-04-16T16:46:23+00:00\",\"dateModified\":\"2022-04-16T16:49:58+00:00\",\"mainEntityOfPage\":{\"@id\":\"https:\\\/\\\/radioljubuski.ba\\\/index.php\\\/2022\\\/04\\\/16\\\/ruske-odbojkase-na-sp-u-ce-zamijeniti-ukrajinci\\\/\"},\"wordCount\":118,\"publisher\":{\"@id\":\"https:\\\/\\\/radioljubuski.ba\\\/#organization\"},\"image\":{\"@id\":\"https:\\\/\\\/radioljubuski.ba\\\/index.php\\\/2022\\\/04\\\/16\\\/ruske-odbojkase-na-sp-u-ce-zamijeniti-ukrajinci\\\/#primaryimage\"},\"thumbnailUrl\":\"https:\\\/\\\/radioljubuski.ba\\\/wp-content\\\/uploads\\\/2022\\\/04\\\/preuzmi-20.jpg\",\"articleSection\":[\"\u0160port\"],\"inLanguage\":\"hr\"},{\"@type\":\"WebPage\",\"@id\":\"https:\\\/\\\/radioljubuski.ba\\\/index.php\\\/2022\\\/04\\\/16\\\/ruske-odbojkase-na-sp-u-ce-zamijeniti-ukrajinci\\\/\",\"url\":\"https:\\\/\\\/radioljubuski.ba\\\/index.php\\\/2022\\\/04\\\/16\\\/ruske-odbojkase-na-sp-u-ce-zamijeniti-ukrajinci\\\/\",\"name\":\"Ruske odbojka\u0161e na SP-u \u0107e zamijeniti Ukrajinci - RADIO LJUBU\u0160KI\",\"isPartOf\":{\"@id\":\"https:\\\/\\\/radioljubuski.ba\\\/#website\"},\"primaryImageOfPage\":{\"@id\":\"https:\\\/\\\/radioljubuski.ba\\\/index.php\\\/2022\\\/04\\\/16\\\/ruske-odbojkase-na-sp-u-ce-zamijeniti-ukrajinci\\\/#primaryimage\"},\"image\":{\"@id\":\"https:\\\/\\\/radioljubuski.ba\\\/index.php\\\/2022\\\/04\\\/16\\\/ruske-odbojkase-na-sp-u-ce-zamijeniti-ukrajinci\\\/#primaryimage\"},\"thumbnailUrl\":\"https:\\\/\\\/radioljubuski.ba\\\/wp-content\\\/uploads\\\/2022\\\/04\\\/preuzmi-20.jpg\",\"datePublished\":\"2022-04-16T16:46:23+00:00\",\"dateModified\":\"2022-04-16T16:49:58+00:00\",\"breadcrumb\":{\"@id\":\"https:\\\/\\\/radioljubuski.ba\\\/index.php\\\/2022\\\/04\\\/16\\\/ruske-odbojkase-na-sp-u-ce-zamijeniti-ukrajinci\\\/#breadcrumb\"},\"inLanguage\":\"hr\",\"potentialAction\":[{\"@type\":\"ReadAction\",\"target\":[\"https:\\\/\\\/radioljubuski.ba\\\/index.php\\\/2022\\\/04\\\/16\\\/ruske-odbojkase-na-sp-u-ce-zamijeniti-ukrajinci\\\/\"]}]},{\"@type\":\"ImageObject\",\"inLanguage\":\"hr\",\"@id\":\"https:\\\/\\\/radioljubuski.ba\\\/index.php\\\/2022\\\/04\\\/16\\\/ruske-odbojkase-na-sp-u-ce-zamijeniti-ukrajinci\\\/#primaryimage\",\"url\":\"https:\\\/\\\/radioljubuski.ba\\\/wp-content\\\/uploads\\\/2022\\\/04\\\/preuzmi-20.jpg\",\"contentUrl\":\"https:\\\/\\\/radioljubuski.ba\\\/wp-content\\\/uploads\\\/2022\\\/04\\\/preuzmi-20.jpg\",\"width\":259,\"height\":194},{\"@type\":\"BreadcrumbList\",\"@id\":\"https:\\\/\\\/radioljubuski.ba\\\/index.php\\\/2022\\\/04\\\/16\\\/ruske-odbojkase-na-sp-u-ce-zamijeniti-ukrajinci\\\/#breadcrumb\",\"itemListElement\":[{\"@type\":\"ListItem\",\"position\":1,\"name\":\"Po\u010detna stranica\",\"item\":\"https:\\\/\\\/radioljubuski.ba\\\/\"},{\"@type\":\"ListItem\",\"position\":2,\"name\":\"Ruske odbojka\u0161e na SP-u \u0107e zamijeniti Ukrajinci\"}]},{\"@type\":\"WebSite\",\"@id\":\"https:\\\/\\\/radioljubuski.ba\\\/#website\",\"url\":\"https:\\\/\\\/radioljubuski.ba\\\/\",\"name\":\"Radio Ljubu\u0161ki\",\"description\":\"Sun\u010dana frekvencija Hercegovine\",\"publisher\":{\"@id\":\"https:\\\/\\\/radioljubuski.ba\\\/#organization\"},\"potentialAction\":[{\"@type\":\"SearchAction\",\"target\":{\"@type\":\"EntryPoint\",\"urlTemplate\":\"https:\\\/\\\/radioljubuski.ba\\\/?s={search_term_string}\"},\"query-input\":{\"@type\":\"PropertyValueSpecification\",\"valueRequired\":true,\"valueName\":\"search_term_string\"}}],\"inLanguage\":\"hr\"},{\"@type\":\"Organization\",\"@id\":\"https:\\\/\\\/radioljubuski.ba\\\/#organization\",\"name\":\"Radio Ljubu\u0161ki\",\"url\":\"https:\\\/\\\/radioljubuski.ba\\\/\",\"logo\":{\"@type\":\"ImageObject\",\"inLanguage\":\"hr\",\"@id\":\"https:\\\/\\\/radioljubuski.ba\\\/#\\\/schema\\\/logo\\\/image\\\/\",\"url\":\"https:\\\/\\\/radioljubuski.ba\\\/wp-content\\\/uploads\\\/2021\\\/02\\\/cropped-Radio_Ljubuski_logo1.jpg\",\"contentUrl\":\"https:\\\/\\\/radioljubuski.ba\\\/wp-content\\\/uploads\\\/2021\\\/02\\\/cropped-Radio_Ljubuski_logo1.jpg\",\"width\":512,\"height\":512,\"caption\":\"Radio Ljubu\u0161ki\"},\"image\":{\"@id\":\"https:\\\/\\\/radioljubuski.ba\\\/#\\\/schema\\\/logo\\\/image\\\/\"},\"sameAs\":[\"https:\\\/\\\/www.facebook.com\\\/Radiio-Ljubuski-1490835324566332\",\"https:\\\/\\\/x.com\\\/radioljubuski\",\"https:\\\/\\\/hr.linkedin.com\\\/company\\\/radio-ljubuski\",\"https:\\\/\\\/www.youtube.com\\\/channel\\\/UCHYaeO_n0Db3tjNGudGpXyw\"]},{\"@type\":\"Person\",\"@id\":\"https:\\\/\\\/radioljubuski.ba\\\/#\\\/schema\\\/person\\\/19fc700381a780f69665d7956c469e3b\",\"name\":\"Radio Ljubu\u0161ki\"}]}<\/script>\n<!-- \/ Yoast SEO plugin. -->","yoast_head_json":{"title":"Ruske odbojka\u0161e na SP-u \u0107e zamijeniti Ukrajinci - RADIO LJUBU\u0160KI","robots":{"index":"index","follow":"follow","max-snippet":"max-snippet:-1","max-image-preview":"max-image-preview:large","max-video-preview":"max-video-preview:-1"},"canonical":"https:\/\/radioljubuski.ba\/index.php\/2022\/04\/16\/ruske-odbojkase-na-sp-u-ce-zamijeniti-ukrajinci\/","og_locale":"hr_HR","og_type":"article","og_title":"Ruske odbojka\u0161e na SP-u \u0107e zamijeniti Ukrajinci - RADIO LJUBU\u0160KI","og_description":"Me\u0111unarodna odbojka\u0161ka organizacija odlu\u010dila je kako \u0107e Rusiju na ovogodi\u0161njem Svjetskom prvenstvu zamijeniti ukrajinska reprezentacija. Uslijed ruske invazije na Ukrajinu krovna svjetska odbojka\u0161ka organizacija nije samo izbacila Rusiju, ina\u010de aktualnog olimpijskog doprvaka, sa Svjetskog prvenstva, ve\u0107 je toj zemlji oduzela doma\u0107instvo ovog natjecanja. Prvotno je Rusija trebala organizirati SP od 26. kolovoza do 11. rujna [&hellip;]","og_url":"https:\/\/radioljubuski.ba\/index.php\/2022\/04\/16\/ruske-odbojkase-na-sp-u-ce-zamijeniti-ukrajinci\/","og_site_name":"RADIO LJUBU\u0160KI","article_publisher":"https:\/\/www.facebook.com\/Radiio-Ljubuski-1490835324566332","article_published_time":"2022-04-16T16:46:23+00:00","article_modified_time":"2022-04-16T16:49:58+00:00","og_image":[{"width":259,"height":194,"url":"https:\/\/radioljubuski.ba\/wp-content\/uploads\/2022\/04\/preuzmi-20.jpg","type":"image\/jpeg"}],"author":"Radio Ljubu\u0161ki","twitter_card":"summary_large_image","twitter_creator":"@radioljubuski","twitter_site":"@radioljubuski","twitter_misc":{"Napisao\/la":"Radio Ljubu\u0161ki","Procijenjeno vrijeme \u010ditanja":"1 minuta"},"schema":{"@context":"https:\/\/schema.org","@graph":[{"@type":"Article","@id":"https:\/\/radioljubuski.ba\/index.php\/2022\/04\/16\/ruske-odbojkase-na-sp-u-ce-zamijeniti-ukrajinci\/#article","isPartOf":{"@id":"https:\/\/radioljubuski.ba\/index.php\/2022\/04\/16\/ruske-odbojkase-na-sp-u-ce-zamijeniti-ukrajinci\/"},"author":{"name":"Radio Ljubu\u0161ki","@id":"https:\/\/radioljubuski.ba\/#\/schema\/person\/19fc700381a780f69665d7956c469e3b"},"headline":"Ruske odbojka\u0161e na SP-u \u0107e zamijeniti Ukrajinci","datePublished":"2022-04-16T16:46:23+00:00","dateModified":"2022-04-16T16:49:58+00:00","mainEntityOfPage":{"@id":"https:\/\/radioljubuski.ba\/index.php\/2022\/04\/16\/ruske-odbojkase-na-sp-u-ce-zamijeniti-ukrajinci\/"},"wordCount":118,"publisher":{"@id":"https:\/\/radioljubuski.ba\/#organization"},"image":{"@id":"https:\/\/radioljubuski.ba\/index.php\/2022\/04\/16\/ruske-odbojkase-na-sp-u-ce-zamijeniti-ukrajinci\/#primaryimage"},"thumbnailUrl":"https:\/\/radioljubuski.ba\/wp-content\/uploads\/2022\/04\/preuzmi-20.jpg","articleSection":["\u0160port"],"inLanguage":"hr"},{"@type":"WebPage","@id":"https:\/\/radioljubuski.ba\/index.php\/2022\/04\/16\/ruske-odbojkase-na-sp-u-ce-zamijeniti-ukrajinci\/","url":"https:\/\/radioljubuski.ba\/index.php\/2022\/04\/16\/ruske-odbojkase-na-sp-u-ce-zamijeniti-ukrajinci\/","name":"Ruske odbojka\u0161e na SP-u \u0107e zamijeniti Ukrajinci - RADIO LJUBU\u0160KI","isPartOf":{"@id":"https:\/\/radioljubuski.ba\/#website"},"primaryImageOfPage":{"@id":"https:\/\/radioljubuski.ba\/index.php\/2022\/04\/16\/ruske-odbojkase-na-sp-u-ce-zamijeniti-ukrajinci\/#primaryimage"},"image":{"@id":"https:\/\/radioljubuski.ba\/index.php\/2022\/04\/16\/ruske-odbojkase-na-sp-u-ce-zamijeniti-ukrajinci\/#primaryimage"},"thumbnailUrl":"https:\/\/radioljubuski.ba\/wp-content\/uploads\/2022\/04\/preuzmi-20.jpg","datePublished":"2022-04-16T16:46:23+00:00","dateModified":"2022-04-16T16:49:58+00:00","breadcrumb":{"@id":"https:\/\/radioljubuski.ba\/index.php\/2022\/04\/16\/ruske-odbojkase-na-sp-u-ce-zamijeniti-ukrajinci\/#breadcrumb"},"inLanguage":"hr","potentialAction":[{"@type":"ReadAction","target":["https:\/\/radioljubuski.ba\/index.php\/2022\/04\/16\/ruske-odbojkase-na-sp-u-ce-zamijeniti-ukrajinci\/"]}]},{"@type":"ImageObject","inLanguage":"hr","@id":"https:\/\/radioljubuski.ba\/index.php\/2022\/04\/16\/ruske-odbojkase-na-sp-u-ce-zamijeniti-ukrajinci\/#primaryimage","url":"https:\/\/radioljubuski.ba\/wp-content\/uploads\/2022\/04\/preuzmi-20.jpg","contentUrl":"https:\/\/radioljubuski.ba\/wp-content\/uploads\/2022\/04\/preuzmi-20.jpg","width":259,"height":194},{"@type":"BreadcrumbList","@id":"https:\/\/radioljubuski.ba\/index.php\/2022\/04\/16\/ruske-odbojkase-na-sp-u-ce-zamijeniti-ukrajinci\/#breadcrumb","itemListElement":[{"@type":"ListItem","position":1,"name":"Po\u010detna stranica","item":"https:\/\/radioljubuski.ba\/"},{"@type":"ListItem","position":2,"name":"Ruske odbojka\u0161e na SP-u \u0107e zamijeniti Ukrajinci"}]},{"@type":"WebSite","@id":"https:\/\/radioljubuski.ba\/#website","url":"https:\/\/radioljubuski.ba\/","name":"Radio Ljubu\u0161ki","description":"Sun\u010dana frekvencija Hercegovine","publisher":{"@id":"https:\/\/radioljubuski.ba\/#organization"},"potentialAction":[{"@type":"SearchAction","target":{"@type":"EntryPoint","urlTemplate":"https:\/\/radioljubuski.ba\/?s={search_term_string}"},"query-input":{"@type":"PropertyValueSpecification","valueRequired":true,"valueName":"search_term_string"}}],"inLanguage":"hr"},{"@type":"Organization","@id":"https:\/\/radioljubuski.ba\/#organization","name":"Radio Ljubu\u0161ki","url":"https:\/\/radioljubuski.ba\/","logo":{"@type":"ImageObject","inLanguage":"hr","@id":"https:\/\/radioljubuski.ba\/#\/schema\/logo\/image\/","url":"https:\/\/radioljubuski.ba\/wp-content\/uploads\/2021\/02\/cropped-Radio_Ljubuski_logo1.jpg","contentUrl":"https:\/\/radioljubuski.ba\/wp-content\/uploads\/2021\/02\/cropped-Radio_Ljubuski_logo1.jpg","width":512,"height":512,"caption":"Radio Ljubu\u0161ki"},"image":{"@id":"https:\/\/radioljubuski.ba\/#\/schema\/logo\/image\/"},"sameAs":["https:\/\/www.facebook.com\/Radiio-Ljubuski-1490835324566332","https:\/\/x.com\/radioljubuski","https:\/\/hr.linkedin.com\/company\/radio-ljubuski","https:\/\/www.youtube.com\/channel\/UCHYaeO_n0Db3tjNGudGpXyw"]},{"@type":"Person","@id":"https:\/\/radioljubuski.ba\/#\/schema\/person\/19fc700381a780f69665d7956c469e3b","name":"Radio Ljubu\u0161ki"}]}},"_links":{"self":[{"href":"https:\/\/radioljubuski.ba\/index.php\/wp-json\/wp\/v2\/posts\/133092","targetHints":{"allow":["GET"]}}],"collection":[{"href":"https:\/\/radioljubuski.ba\/index.php\/wp-json\/wp\/v2\/posts"}],"about":[{"href":"https:\/\/radioljubuski.ba\/index.php\/wp-json\/wp\/v2\/types\/post"}],"author":[{"embeddable":true,"href":"https:\/\/radioljubuski.ba\/index.php\/wp-json\/wp\/v2\/users\/2"}],"replies":[{"embeddable":true,"href":"https:\/\/radioljubuski.ba\/index.php\/wp-json\/wp\/v2\/comments?post=133092"}],"version-history":[{"count":1,"href":"https:\/\/radioljubuski.ba\/index.php\/wp-json\/wp\/v2\/posts\/133092\/revisions"}],"predecessor-version":[{"id":133094,"href":"https:\/\/radioljubuski.ba\/index.php\/wp-json\/wp\/v2\/posts\/133092\/revisions\/133094"}],"wp:featuredmedia":[{"embeddable":true,"href":"https:\/\/radioljubuski.ba\/index.php\/wp-json\/wp\/v2\/media\/133093"}],"wp:attachment":[{"href":"https:\/\/radioljubuski.ba\/index.php\/wp-json\/wp\/v2\/media?parent=133092"}],"wp:term":[{"taxonomy":"category","embeddable":true,"href":"https:\/\/radioljubuski.ba\/index.php\/wp-json\/wp\/v2\/categories?post=133092"},{"taxonomy":"post_tag","embeddable":true,"href":"https:\/\/radioljubuski.ba\/index.php\/wp-json\/wp\/v2\/tags?post=133092"}],"curies":[{"name":"wp","href":"https:\/\/api.w.org\/{rel}","templated":true}]}}