{"id":133121,"date":"2022-04-16T18:04:18","date_gmt":"2022-04-16T17:04:18","guid":{"rendered":"https:\/\/radioljubuski.ba\/?p=133121"},"modified":"2022-04-16T18:04:19","modified_gmt":"2022-04-16T17:04:19","slug":"kalinic-nakon-pobjede-nad-goricom-najbitnije-je-da-smo-dosli-do-nova-tri-boda","status":"publish","type":"post","link":"https:\/\/radioljubuski.ba\/index.php\/2022\/04\/16\/kalinic-nakon-pobjede-nad-goricom-najbitnije-je-da-smo-dosli-do-nova-tri-boda\/","title":{"rendered":"Kalini\u0107 nakon pobjede nad Goricom: Najbitnije je da smo do\u0161li do nova tri boda"},"content":{"rendered":"\n<p><strong>Nogometa\u0161i Hajduka ju\u010der su u susretu 31. kola Prve HNL na Poljudu svladali Goricu s minimalnih 1-0 (1-0).<\/strong><\/p>\n\n\n\n<p>Trener Hajduka&nbsp;<strong>Valdas Dambrauskas<\/strong>&nbsp;nije krio zadovoljstvo zbog pobjede.<br><br>&#8211; Sretan sam. Najva\u017enija su tri boda. U\u010dinili smo sami sebe nervoznima do kraja utakmice. Da smo iskoristili 50 posto stvorenih \u0161ansi rije\u0161ili bi ranije pitanje pobjednika. Nismo Gorici dali nijednu pravu priliku. U drugom dijelu smo izgubili posjed, rekao je trener nakon susreta.<br><br>&#8211; Kada imate vodstvo, va\u017ena je utakmica, imamo ih tri u tjedan dana, u glavama igra\u010da je samo da pobijedimo. Igra\u010di su imali taj teret. Idemo po pobjedu u srijedu. Znamo \u0161to pobjeda zna\u010di za navija\u010de, svla\u010dionicu. Sve \u0107emo u\u010diniti za pobjedu u srijedu, istaknuo je strateg Bijelih.<\/p>\n\n\n\n<p>Kapetan Hajduka&nbsp;<strong>Lovre Kalini\u0107<\/strong>&nbsp;ostavio je svoju mre\u017eu netaknutu.<br><br>&#8211; U utakmicu smo u\u0161li dobro, oni su iza\u0161li u visoki presing, ali nam nisu uspijevali raditi ozbiljnije probleme. Imali smo dosta \u0161ansi koje smo propustili i ova pobjeda je mogla biti uvjerljivija. Svjesni smo da ovo nije bila na\u0161a najbolja utakmica, ali najbitnije je da smo do\u0161li do nova tri boda, rekao je Kalini\u0107.<br><br>Ovom pobjedom tre\u0107i Hajduk stigao je do u\u010dinka od 59 bodova, sedam manje od vode\u0107eg Dinama, koji je ju\u010der sa 3-0 svladao Istru 1961, a dva manje od drugog Osijeka. Gorica je, pak, ostala \u0161esta sa 40 bodova, koliko ima i peta Lokomotiva.<\/p>\n\n\n\n<p>Izvor:hrt.hr<\/p>\n","protected":false},"excerpt":{"rendered":"<p>Nogometa\u0161i Hajduka ju\u010der su u susretu 31. kola Prve HNL na Poljudu svladali Goricu s minimalnih 1-0 (1-0). Trener Hajduka&nbsp;Valdas Dambrauskas&nbsp;nije krio zadovoljstvo zbog pobjede. &#8211; Sretan sam. Najva\u017enija su tri boda. U\u010dinili smo sami sebe nervoznima do kraja utakmice. Da smo iskoristili 50 posto stvorenih \u0161ansi rije\u0161ili bi ranije pitanje pobjednika. Nismo Gorici dali [&hellip;]<\/p>\n","protected":false},"author":2,"featured_media":133122,"comment_status":"closed","ping_status":"closed","sticky":false,"template":"","format":"standard","meta":{"h5ap_radio_sources":[],"footnotes":""},"categories":[7],"tags":[],"class_list":["post-133121","post","type-post","status-publish","format-standard","has-post-thumbnail","hentry","category-sport"],"yoast_head":"<!-- This site is optimized with the Yoast SEO plugin v27.5 - https:\/\/yoast.com\/product\/yoast-seo-wordpress\/ -->\n<title>Kalini\u0107 nakon pobjede nad Goricom: Najbitnije je da smo do\u0161li do nova tri boda - RADIO LJUBU\u0160KI<\/title>\n<meta name=\"robots\" content=\"index, follow, max-snippet:-1, max-image-preview:large, max-video-preview:-1\" \/>\n<link rel=\"canonical\" href=\"https:\/\/radioljubuski.ba\/index.php\/2022\/04\/16\/kalinic-nakon-pobjede-nad-goricom-najbitnije-je-da-smo-dosli-do-nova-tri-boda\/\" \/>\n<meta property=\"og:locale\" content=\"hr_HR\" \/>\n<meta property=\"og:type\" content=\"article\" \/>\n<meta property=\"og:title\" content=\"Kalini\u0107 nakon pobjede nad Goricom: Najbitnije je da smo do\u0161li do nova tri boda - RADIO LJUBU\u0160KI\" \/>\n<meta property=\"og:description\" content=\"Nogometa\u0161i Hajduka ju\u010der su u susretu 31. kola Prve HNL na Poljudu svladali Goricu s minimalnih 1-0 (1-0). Trener Hajduka&nbsp;Valdas Dambrauskas&nbsp;nije krio zadovoljstvo zbog pobjede. &#8211; Sretan sam. Najva\u017enija su tri boda. U\u010dinili smo sami sebe nervoznima do kraja utakmice. Da smo iskoristili 50 posto stvorenih \u0161ansi rije\u0161ili bi ranije pitanje pobjednika. Nismo Gorici dali [&hellip;]\" \/>\n<meta property=\"og:url\" content=\"https:\/\/radioljubuski.ba\/index.php\/2022\/04\/16\/kalinic-nakon-pobjede-nad-goricom-najbitnije-je-da-smo-dosli-do-nova-tri-boda\/\" \/>\n<meta property=\"og:site_name\" content=\"RADIO LJUBU\u0160KI\" \/>\n<meta property=\"article:publisher\" content=\"https:\/\/www.facebook.com\/Radiio-Ljubuski-1490835324566332\" \/>\n<meta property=\"article:published_time\" content=\"2022-04-16T17:04:18+00:00\" \/>\n<meta property=\"article:modified_time\" content=\"2022-04-16T17:04:19+00:00\" \/>\n<meta property=\"og:image\" content=\"https:\/\/radioljubuski.ba\/wp-content\/uploads\/2022\/04\/1594698.jpeg\" \/>\n\t<meta property=\"og:image:width\" content=\"900\" \/>\n\t<meta property=\"og:image:height\" content=\"540\" \/>\n\t<meta property=\"og:image:type\" content=\"image\/jpeg\" \/>\n<meta name=\"author\" content=\"Radio Ljubu\u0161ki\" \/>\n<meta name=\"twitter:card\" content=\"summary_large_image\" \/>\n<meta name=\"twitter:creator\" content=\"@radioljubuski\" \/>\n<meta name=\"twitter:site\" content=\"@radioljubuski\" \/>\n<meta name=\"twitter:label1\" content=\"Napisao\/la\" \/>\n\t<meta name=\"twitter:data1\" content=\"Radio Ljubu\u0161ki\" \/>\n\t<meta name=\"twitter:label2\" content=\"Procijenjeno vrijeme \u010ditanja\" \/>\n\t<meta name=\"twitter:data2\" content=\"1 minuta\" \/>\n<script type=\"application\/ld+json\" class=\"yoast-schema-graph\">{\"@context\":\"https:\\\/\\\/schema.org\",\"@graph\":[{\"@type\":\"Article\",\"@id\":\"https:\\\/\\\/radioljubuski.ba\\\/index.php\\\/2022\\\/04\\\/16\\\/kalinic-nakon-pobjede-nad-goricom-najbitnije-je-da-smo-dosli-do-nova-tri-boda\\\/#article\",\"isPartOf\":{\"@id\":\"https:\\\/\\\/radioljubuski.ba\\\/index.php\\\/2022\\\/04\\\/16\\\/kalinic-nakon-pobjede-nad-goricom-najbitnije-je-da-smo-dosli-do-nova-tri-boda\\\/\"},\"author\":{\"name\":\"Radio Ljubu\u0161ki\",\"@id\":\"https:\\\/\\\/radioljubuski.ba\\\/#\\\/schema\\\/person\\\/19fc700381a780f69665d7956c469e3b\"},\"headline\":\"Kalini\u0107 nakon pobjede nad Goricom: Najbitnije je da smo do\u0161li do nova tri boda\",\"datePublished\":\"2022-04-16T17:04:18+00:00\",\"dateModified\":\"2022-04-16T17:04:19+00:00\",\"mainEntityOfPage\":{\"@id\":\"https:\\\/\\\/radioljubuski.ba\\\/index.php\\\/2022\\\/04\\\/16\\\/kalinic-nakon-pobjede-nad-goricom-najbitnije-je-da-smo-dosli-do-nova-tri-boda\\\/\"},\"wordCount\":264,\"publisher\":{\"@id\":\"https:\\\/\\\/radioljubuski.ba\\\/#organization\"},\"image\":{\"@id\":\"https:\\\/\\\/radioljubuski.ba\\\/index.php\\\/2022\\\/04\\\/16\\\/kalinic-nakon-pobjede-nad-goricom-najbitnije-je-da-smo-dosli-do-nova-tri-boda\\\/#primaryimage\"},\"thumbnailUrl\":\"https:\\\/\\\/radioljubuski.ba\\\/wp-content\\\/uploads\\\/2022\\\/04\\\/1594698.jpeg\",\"articleSection\":[\"\u0160port\"],\"inLanguage\":\"hr\"},{\"@type\":\"WebPage\",\"@id\":\"https:\\\/\\\/radioljubuski.ba\\\/index.php\\\/2022\\\/04\\\/16\\\/kalinic-nakon-pobjede-nad-goricom-najbitnije-je-da-smo-dosli-do-nova-tri-boda\\\/\",\"url\":\"https:\\\/\\\/radioljubuski.ba\\\/index.php\\\/2022\\\/04\\\/16\\\/kalinic-nakon-pobjede-nad-goricom-najbitnije-je-da-smo-dosli-do-nova-tri-boda\\\/\",\"name\":\"Kalini\u0107 nakon pobjede nad Goricom: Najbitnije je da smo do\u0161li do nova tri boda - RADIO LJUBU\u0160KI\",\"isPartOf\":{\"@id\":\"https:\\\/\\\/radioljubuski.ba\\\/#website\"},\"primaryImageOfPage\":{\"@id\":\"https:\\\/\\\/radioljubuski.ba\\\/index.php\\\/2022\\\/04\\\/16\\\/kalinic-nakon-pobjede-nad-goricom-najbitnije-je-da-smo-dosli-do-nova-tri-boda\\\/#primaryimage\"},\"image\":{\"@id\":\"https:\\\/\\\/radioljubuski.ba\\\/index.php\\\/2022\\\/04\\\/16\\\/kalinic-nakon-pobjede-nad-goricom-najbitnije-je-da-smo-dosli-do-nova-tri-boda\\\/#primaryimage\"},\"thumbnailUrl\":\"https:\\\/\\\/radioljubuski.ba\\\/wp-content\\\/uploads\\\/2022\\\/04\\\/1594698.jpeg\",\"datePublished\":\"2022-04-16T17:04:18+00:00\",\"dateModified\":\"2022-04-16T17:04:19+00:00\",\"breadcrumb\":{\"@id\":\"https:\\\/\\\/radioljubuski.ba\\\/index.php\\\/2022\\\/04\\\/16\\\/kalinic-nakon-pobjede-nad-goricom-najbitnije-je-da-smo-dosli-do-nova-tri-boda\\\/#breadcrumb\"},\"inLanguage\":\"hr\",\"potentialAction\":[{\"@type\":\"ReadAction\",\"target\":[\"https:\\\/\\\/radioljubuski.ba\\\/index.php\\\/2022\\\/04\\\/16\\\/kalinic-nakon-pobjede-nad-goricom-najbitnije-je-da-smo-dosli-do-nova-tri-boda\\\/\"]}]},{\"@type\":\"ImageObject\",\"inLanguage\":\"hr\",\"@id\":\"https:\\\/\\\/radioljubuski.ba\\\/index.php\\\/2022\\\/04\\\/16\\\/kalinic-nakon-pobjede-nad-goricom-najbitnije-je-da-smo-dosli-do-nova-tri-boda\\\/#primaryimage\",\"url\":\"https:\\\/\\\/radioljubuski.ba\\\/wp-content\\\/uploads\\\/2022\\\/04\\\/1594698.jpeg\",\"contentUrl\":\"https:\\\/\\\/radioljubuski.ba\\\/wp-content\\\/uploads\\\/2022\\\/04\\\/1594698.jpeg\",\"width\":900,\"height\":540},{\"@type\":\"BreadcrumbList\",\"@id\":\"https:\\\/\\\/radioljubuski.ba\\\/index.php\\\/2022\\\/04\\\/16\\\/kalinic-nakon-pobjede-nad-goricom-najbitnije-je-da-smo-dosli-do-nova-tri-boda\\\/#breadcrumb\",\"itemListElement\":[{\"@type\":\"ListItem\",\"position\":1,\"name\":\"Po\u010detna stranica\",\"item\":\"https:\\\/\\\/radioljubuski.ba\\\/\"},{\"@type\":\"ListItem\",\"position\":2,\"name\":\"Kalini\u0107 nakon pobjede nad Goricom: Najbitnije je da smo do\u0161li do nova tri boda\"}]},{\"@type\":\"WebSite\",\"@id\":\"https:\\\/\\\/radioljubuski.ba\\\/#website\",\"url\":\"https:\\\/\\\/radioljubuski.ba\\\/\",\"name\":\"Radio Ljubu\u0161ki\",\"description\":\"Sun\u010dana frekvencija Hercegovine\",\"publisher\":{\"@id\":\"https:\\\/\\\/radioljubuski.ba\\\/#organization\"},\"potentialAction\":[{\"@type\":\"SearchAction\",\"target\":{\"@type\":\"EntryPoint\",\"urlTemplate\":\"https:\\\/\\\/radioljubuski.ba\\\/?s={search_term_string}\"},\"query-input\":{\"@type\":\"PropertyValueSpecification\",\"valueRequired\":true,\"valueName\":\"search_term_string\"}}],\"inLanguage\":\"hr\"},{\"@type\":\"Organization\",\"@id\":\"https:\\\/\\\/radioljubuski.ba\\\/#organization\",\"name\":\"Radio Ljubu\u0161ki\",\"url\":\"https:\\\/\\\/radioljubuski.ba\\\/\",\"logo\":{\"@type\":\"ImageObject\",\"inLanguage\":\"hr\",\"@id\":\"https:\\\/\\\/radioljubuski.ba\\\/#\\\/schema\\\/logo\\\/image\\\/\",\"url\":\"https:\\\/\\\/radioljubuski.ba\\\/wp-content\\\/uploads\\\/2021\\\/02\\\/cropped-Radio_Ljubuski_logo1.jpg\",\"contentUrl\":\"https:\\\/\\\/radioljubuski.ba\\\/wp-content\\\/uploads\\\/2021\\\/02\\\/cropped-Radio_Ljubuski_logo1.jpg\",\"width\":512,\"height\":512,\"caption\":\"Radio Ljubu\u0161ki\"},\"image\":{\"@id\":\"https:\\\/\\\/radioljubuski.ba\\\/#\\\/schema\\\/logo\\\/image\\\/\"},\"sameAs\":[\"https:\\\/\\\/www.facebook.com\\\/Radiio-Ljubuski-1490835324566332\",\"https:\\\/\\\/x.com\\\/radioljubuski\",\"https:\\\/\\\/hr.linkedin.com\\\/company\\\/radio-ljubuski\",\"https:\\\/\\\/www.youtube.com\\\/channel\\\/UCHYaeO_n0Db3tjNGudGpXyw\"]},{\"@type\":\"Person\",\"@id\":\"https:\\\/\\\/radioljubuski.ba\\\/#\\\/schema\\\/person\\\/19fc700381a780f69665d7956c469e3b\",\"name\":\"Radio Ljubu\u0161ki\"}]}<\/script>\n<!-- \/ Yoast SEO plugin. -->","yoast_head_json":{"title":"Kalini\u0107 nakon pobjede nad Goricom: Najbitnije je da smo do\u0161li do nova tri boda - RADIO LJUBU\u0160KI","robots":{"index":"index","follow":"follow","max-snippet":"max-snippet:-1","max-image-preview":"max-image-preview:large","max-video-preview":"max-video-preview:-1"},"canonical":"https:\/\/radioljubuski.ba\/index.php\/2022\/04\/16\/kalinic-nakon-pobjede-nad-goricom-najbitnije-je-da-smo-dosli-do-nova-tri-boda\/","og_locale":"hr_HR","og_type":"article","og_title":"Kalini\u0107 nakon pobjede nad Goricom: Najbitnije je da smo do\u0161li do nova tri boda - RADIO LJUBU\u0160KI","og_description":"Nogometa\u0161i Hajduka ju\u010der su u susretu 31. kola Prve HNL na Poljudu svladali Goricu s minimalnih 1-0 (1-0). Trener Hajduka&nbsp;Valdas Dambrauskas&nbsp;nije krio zadovoljstvo zbog pobjede. &#8211; Sretan sam. Najva\u017enija su tri boda. U\u010dinili smo sami sebe nervoznima do kraja utakmice. Da smo iskoristili 50 posto stvorenih \u0161ansi rije\u0161ili bi ranije pitanje pobjednika. Nismo Gorici dali [&hellip;]","og_url":"https:\/\/radioljubuski.ba\/index.php\/2022\/04\/16\/kalinic-nakon-pobjede-nad-goricom-najbitnije-je-da-smo-dosli-do-nova-tri-boda\/","og_site_name":"RADIO LJUBU\u0160KI","article_publisher":"https:\/\/www.facebook.com\/Radiio-Ljubuski-1490835324566332","article_published_time":"2022-04-16T17:04:18+00:00","article_modified_time":"2022-04-16T17:04:19+00:00","og_image":[{"width":900,"height":540,"url":"https:\/\/radioljubuski.ba\/wp-content\/uploads\/2022\/04\/1594698.jpeg","type":"image\/jpeg"}],"author":"Radio Ljubu\u0161ki","twitter_card":"summary_large_image","twitter_creator":"@radioljubuski","twitter_site":"@radioljubuski","twitter_misc":{"Napisao\/la":"Radio Ljubu\u0161ki","Procijenjeno vrijeme \u010ditanja":"1 minuta"},"schema":{"@context":"https:\/\/schema.org","@graph":[{"@type":"Article","@id":"https:\/\/radioljubuski.ba\/index.php\/2022\/04\/16\/kalinic-nakon-pobjede-nad-goricom-najbitnije-je-da-smo-dosli-do-nova-tri-boda\/#article","isPartOf":{"@id":"https:\/\/radioljubuski.ba\/index.php\/2022\/04\/16\/kalinic-nakon-pobjede-nad-goricom-najbitnije-je-da-smo-dosli-do-nova-tri-boda\/"},"author":{"name":"Radio Ljubu\u0161ki","@id":"https:\/\/radioljubuski.ba\/#\/schema\/person\/19fc700381a780f69665d7956c469e3b"},"headline":"Kalini\u0107 nakon pobjede nad Goricom: Najbitnije je da smo do\u0161li do nova tri boda","datePublished":"2022-04-16T17:04:18+00:00","dateModified":"2022-04-16T17:04:19+00:00","mainEntityOfPage":{"@id":"https:\/\/radioljubuski.ba\/index.php\/2022\/04\/16\/kalinic-nakon-pobjede-nad-goricom-najbitnije-je-da-smo-dosli-do-nova-tri-boda\/"},"wordCount":264,"publisher":{"@id":"https:\/\/radioljubuski.ba\/#organization"},"image":{"@id":"https:\/\/radioljubuski.ba\/index.php\/2022\/04\/16\/kalinic-nakon-pobjede-nad-goricom-najbitnije-je-da-smo-dosli-do-nova-tri-boda\/#primaryimage"},"thumbnailUrl":"https:\/\/radioljubuski.ba\/wp-content\/uploads\/2022\/04\/1594698.jpeg","articleSection":["\u0160port"],"inLanguage":"hr"},{"@type":"WebPage","@id":"https:\/\/radioljubuski.ba\/index.php\/2022\/04\/16\/kalinic-nakon-pobjede-nad-goricom-najbitnije-je-da-smo-dosli-do-nova-tri-boda\/","url":"https:\/\/radioljubuski.ba\/index.php\/2022\/04\/16\/kalinic-nakon-pobjede-nad-goricom-najbitnije-je-da-smo-dosli-do-nova-tri-boda\/","name":"Kalini\u0107 nakon pobjede nad Goricom: Najbitnije je da smo do\u0161li do nova tri boda - RADIO LJUBU\u0160KI","isPartOf":{"@id":"https:\/\/radioljubuski.ba\/#website"},"primaryImageOfPage":{"@id":"https:\/\/radioljubuski.ba\/index.php\/2022\/04\/16\/kalinic-nakon-pobjede-nad-goricom-najbitnije-je-da-smo-dosli-do-nova-tri-boda\/#primaryimage"},"image":{"@id":"https:\/\/radioljubuski.ba\/index.php\/2022\/04\/16\/kalinic-nakon-pobjede-nad-goricom-najbitnije-je-da-smo-dosli-do-nova-tri-boda\/#primaryimage"},"thumbnailUrl":"https:\/\/radioljubuski.ba\/wp-content\/uploads\/2022\/04\/1594698.jpeg","datePublished":"2022-04-16T17:04:18+00:00","dateModified":"2022-04-16T17:04:19+00:00","breadcrumb":{"@id":"https:\/\/radioljubuski.ba\/index.php\/2022\/04\/16\/kalinic-nakon-pobjede-nad-goricom-najbitnije-je-da-smo-dosli-do-nova-tri-boda\/#breadcrumb"},"inLanguage":"hr","potentialAction":[{"@type":"ReadAction","target":["https:\/\/radioljubuski.ba\/index.php\/2022\/04\/16\/kalinic-nakon-pobjede-nad-goricom-najbitnije-je-da-smo-dosli-do-nova-tri-boda\/"]}]},{"@type":"ImageObject","inLanguage":"hr","@id":"https:\/\/radioljubuski.ba\/index.php\/2022\/04\/16\/kalinic-nakon-pobjede-nad-goricom-najbitnije-je-da-smo-dosli-do-nova-tri-boda\/#primaryimage","url":"https:\/\/radioljubuski.ba\/wp-content\/uploads\/2022\/04\/1594698.jpeg","contentUrl":"https:\/\/radioljubuski.ba\/wp-content\/uploads\/2022\/04\/1594698.jpeg","width":900,"height":540},{"@type":"BreadcrumbList","@id":"https:\/\/radioljubuski.ba\/index.php\/2022\/04\/16\/kalinic-nakon-pobjede-nad-goricom-najbitnije-je-da-smo-dosli-do-nova-tri-boda\/#breadcrumb","itemListElement":[{"@type":"ListItem","position":1,"name":"Po\u010detna stranica","item":"https:\/\/radioljubuski.ba\/"},{"@type":"ListItem","position":2,"name":"Kalini\u0107 nakon pobjede nad Goricom: Najbitnije je da smo do\u0161li do nova tri boda"}]},{"@type":"WebSite","@id":"https:\/\/radioljubuski.ba\/#website","url":"https:\/\/radioljubuski.ba\/","name":"Radio Ljubu\u0161ki","description":"Sun\u010dana frekvencija Hercegovine","publisher":{"@id":"https:\/\/radioljubuski.ba\/#organization"},"potentialAction":[{"@type":"SearchAction","target":{"@type":"EntryPoint","urlTemplate":"https:\/\/radioljubuski.ba\/?s={search_term_string}"},"query-input":{"@type":"PropertyValueSpecification","valueRequired":true,"valueName":"search_term_string"}}],"inLanguage":"hr"},{"@type":"Organization","@id":"https:\/\/radioljubuski.ba\/#organization","name":"Radio Ljubu\u0161ki","url":"https:\/\/radioljubuski.ba\/","logo":{"@type":"ImageObject","inLanguage":"hr","@id":"https:\/\/radioljubuski.ba\/#\/schema\/logo\/image\/","url":"https:\/\/radioljubuski.ba\/wp-content\/uploads\/2021\/02\/cropped-Radio_Ljubuski_logo1.jpg","contentUrl":"https:\/\/radioljubuski.ba\/wp-content\/uploads\/2021\/02\/cropped-Radio_Ljubuski_logo1.jpg","width":512,"height":512,"caption":"Radio Ljubu\u0161ki"},"image":{"@id":"https:\/\/radioljubuski.ba\/#\/schema\/logo\/image\/"},"sameAs":["https:\/\/www.facebook.com\/Radiio-Ljubuski-1490835324566332","https:\/\/x.com\/radioljubuski","https:\/\/hr.linkedin.com\/company\/radio-ljubuski","https:\/\/www.youtube.com\/channel\/UCHYaeO_n0Db3tjNGudGpXyw"]},{"@type":"Person","@id":"https:\/\/radioljubuski.ba\/#\/schema\/person\/19fc700381a780f69665d7956c469e3b","name":"Radio Ljubu\u0161ki"}]}},"_links":{"self":[{"href":"https:\/\/radioljubuski.ba\/index.php\/wp-json\/wp\/v2\/posts\/133121","targetHints":{"allow":["GET"]}}],"collection":[{"href":"https:\/\/radioljubuski.ba\/index.php\/wp-json\/wp\/v2\/posts"}],"about":[{"href":"https:\/\/radioljubuski.ba\/index.php\/wp-json\/wp\/v2\/types\/post"}],"author":[{"embeddable":true,"href":"https:\/\/radioljubuski.ba\/index.php\/wp-json\/wp\/v2\/users\/2"}],"replies":[{"embeddable":true,"href":"https:\/\/radioljubuski.ba\/index.php\/wp-json\/wp\/v2\/comments?post=133121"}],"version-history":[{"count":1,"href":"https:\/\/radioljubuski.ba\/index.php\/wp-json\/wp\/v2\/posts\/133121\/revisions"}],"predecessor-version":[{"id":133123,"href":"https:\/\/radioljubuski.ba\/index.php\/wp-json\/wp\/v2\/posts\/133121\/revisions\/133123"}],"wp:featuredmedia":[{"embeddable":true,"href":"https:\/\/radioljubuski.ba\/index.php\/wp-json\/wp\/v2\/media\/133122"}],"wp:attachment":[{"href":"https:\/\/radioljubuski.ba\/index.php\/wp-json\/wp\/v2\/media?parent=133121"}],"wp:term":[{"taxonomy":"category","embeddable":true,"href":"https:\/\/radioljubuski.ba\/index.php\/wp-json\/wp\/v2\/categories?post=133121"},{"taxonomy":"post_tag","embeddable":true,"href":"https:\/\/radioljubuski.ba\/index.php\/wp-json\/wp\/v2\/tags?post=133121"}],"curies":[{"name":"wp","href":"https:\/\/api.w.org\/{rel}","templated":true}]}}