{"id":133131,"date":"2022-04-16T18:10:25","date_gmt":"2022-04-16T17:10:25","guid":{"rendered":"https:\/\/radioljubuski.ba\/?p=133131"},"modified":"2022-04-16T18:10:26","modified_gmt":"2022-04-16T17:10:26","slug":"bjk-pobjeda-petre-martic-za-slavlje-hrvatske","status":"publish","type":"post","link":"https:\/\/radioljubuski.ba\/index.php\/2022\/04\/16\/bjk-pobjeda-petre-martic-za-slavlje-hrvatske\/","title":{"rendered":"BJK: Pobjeda Petre Marti\u0107 za slavlje Hrvatske"},"content":{"rendered":"\n<p><strong>Petra Marti\u0107 donijela je Hrvatskoj klju\u010dni drugi bod u borbi sa srpskim tenisa\u010dicama na turniru Prve Euro-afri\u010dke grupe Billie Jean King Cupa u turskoj Antalyji.<\/strong><\/p>\n\n\n\n<p>Marti\u0107 je u dramati\u010dnom i dugotrajnom me\u010du protiv&nbsp;<strong>Aleksandre Kruni\u0107<\/strong>, 116. igra\u010dice s WTA ljestvice, slavila 4-6, 7-5, 6-4 \u010dime je Hrvatska do\u0161la i do druge pojedina\u010dne pobjede, dovoljne za play-off ovog natjecanja koji \u0107e se odr\u017eati tijekom studenoga ove godine, a za plasman u Svjetsku skupinu 2023. godine.<br><br>Podsjetimo kako je u prvom dvoboju&nbsp;<strong>Petra Mar\u010dinko<\/strong>, 16-godi\u0161nja hrvatska tenisa\u010dica i najbolja svjetska juniorka, pobijedila sa 6-1, 2-6, 6-0 godinu dana stariju&nbsp;<strong>Lolu Radivojevi\u0107<\/strong>, ina\u010de 60. juniorku na svijetu.<br><br>Marti\u0107 je bila pred porazom protiv Kruni\u0107 koja je vodila 6-4, 5-3. Srpska tenisa\u010dica je kod 5-4 servirala za me\u010d, no iz svih golemih problema izvukla se hrvatska tenisa\u010dica i dobila drugu dionicu 7-5.<br><br>Kruni\u0107 je tre\u0107i set otvorila s 2-0, no Marti\u0107 se brzo vratila u egal, a onda je kod 5-4 napravila klju\u010dni break za veliko slavlje hrvatske reprezentacije.<br><br>Ranije su direktan odlazak u play-off izborile Ma\u0111arska i Slovenija, pobjednici skupina u Antalyji. Hrvatska i Srbija su bile drugoplasirane ekipe obje skupine te su dodatno razigravale za jo\u0161 jedno mjesto koje vodi prema play-offu. Uspje\u0161nije su na kraju bile izabranice Ive Majoli.<\/p>\n\n\n\n<p><strong>Billie Jean King Cup, razigravanje:<\/strong><br><br>Hrvatska &#8211; Srbija 2-0<br><br>Petra Mar\u010dinko (Hrv) &#8211; Lola Radivojevi\u0107 (Srb) 6-1, 2-6, 6-0<br><br>Petra Marti\u0107 (Hrv) &#8211; Aleksandra Kruni\u0107 (Srb) 4-6, 7-5, 6-4<\/p>\n\n\n\n<p>Izvor:hrt.hr<\/p>\n","protected":false},"excerpt":{"rendered":"<p>Petra Marti\u0107 donijela je Hrvatskoj klju\u010dni drugi bod u borbi sa srpskim tenisa\u010dicama na turniru Prve Euro-afri\u010dke grupe Billie Jean King Cupa u turskoj Antalyji. Marti\u0107 je u dramati\u010dnom i dugotrajnom me\u010du protiv&nbsp;Aleksandre Kruni\u0107, 116. igra\u010dice s WTA ljestvice, slavila 4-6, 7-5, 6-4 \u010dime je Hrvatska do\u0161la i do druge pojedina\u010dne pobjede, dovoljne za play-off [&hellip;]<\/p>\n","protected":false},"author":2,"featured_media":37166,"comment_status":"closed","ping_status":"closed","sticky":false,"template":"","format":"standard","meta":{"h5ap_radio_sources":[],"footnotes":""},"categories":[7],"tags":[],"class_list":["post-133131","post","type-post","status-publish","format-standard","has-post-thumbnail","hentry","category-sport"],"yoast_head":"<!-- This site is optimized with the Yoast SEO plugin v27.5 - https:\/\/yoast.com\/product\/yoast-seo-wordpress\/ -->\n<title>BJK: Pobjeda Petre Marti\u0107 za slavlje Hrvatske - RADIO LJUBU\u0160KI<\/title>\n<meta name=\"robots\" content=\"index, follow, max-snippet:-1, max-image-preview:large, max-video-preview:-1\" \/>\n<link rel=\"canonical\" href=\"https:\/\/radioljubuski.ba\/index.php\/2022\/04\/16\/bjk-pobjeda-petre-martic-za-slavlje-hrvatske\/\" \/>\n<meta property=\"og:locale\" content=\"hr_HR\" \/>\n<meta property=\"og:type\" content=\"article\" \/>\n<meta property=\"og:title\" content=\"BJK: Pobjeda Petre Marti\u0107 za slavlje Hrvatske - RADIO LJUBU\u0160KI\" \/>\n<meta property=\"og:description\" content=\"Petra Marti\u0107 donijela je Hrvatskoj klju\u010dni drugi bod u borbi sa srpskim tenisa\u010dicama na turniru Prve Euro-afri\u010dke grupe Billie Jean King Cupa u turskoj Antalyji. Marti\u0107 je u dramati\u010dnom i dugotrajnom me\u010du protiv&nbsp;Aleksandre Kruni\u0107, 116. igra\u010dice s WTA ljestvice, slavila 4-6, 7-5, 6-4 \u010dime je Hrvatska do\u0161la i do druge pojedina\u010dne pobjede, dovoljne za play-off [&hellip;]\" \/>\n<meta property=\"og:url\" content=\"https:\/\/radioljubuski.ba\/index.php\/2022\/04\/16\/bjk-pobjeda-petre-martic-za-slavlje-hrvatske\/\" \/>\n<meta property=\"og:site_name\" content=\"RADIO LJUBU\u0160KI\" \/>\n<meta property=\"article:publisher\" content=\"https:\/\/www.facebook.com\/Radiio-Ljubuski-1490835324566332\" \/>\n<meta property=\"article:published_time\" content=\"2022-04-16T17:10:25+00:00\" \/>\n<meta property=\"article:modified_time\" content=\"2022-04-16T17:10:26+00:00\" \/>\n<meta property=\"og:image\" content=\"https:\/\/radioljubuski.ba\/wp-content\/uploads\/2021\/06\/petra-martic-310x165-1.jpg\" \/>\n\t<meta property=\"og:image:width\" content=\"310\" \/>\n\t<meta property=\"og:image:height\" content=\"165\" \/>\n\t<meta property=\"og:image:type\" content=\"image\/jpeg\" \/>\n<meta name=\"author\" content=\"Radio Ljubu\u0161ki\" \/>\n<meta name=\"twitter:card\" content=\"summary_large_image\" \/>\n<meta name=\"twitter:creator\" content=\"@radioljubuski\" \/>\n<meta name=\"twitter:site\" content=\"@radioljubuski\" \/>\n<meta name=\"twitter:label1\" content=\"Napisao\/la\" \/>\n\t<meta name=\"twitter:data1\" content=\"Radio Ljubu\u0161ki\" \/>\n\t<meta name=\"twitter:label2\" content=\"Procijenjeno vrijeme \u010ditanja\" \/>\n\t<meta name=\"twitter:data2\" content=\"2 minute\" \/>\n<script type=\"application\/ld+json\" class=\"yoast-schema-graph\">{\"@context\":\"https:\\\/\\\/schema.org\",\"@graph\":[{\"@type\":\"Article\",\"@id\":\"https:\\\/\\\/radioljubuski.ba\\\/index.php\\\/2022\\\/04\\\/16\\\/bjk-pobjeda-petre-martic-za-slavlje-hrvatske\\\/#article\",\"isPartOf\":{\"@id\":\"https:\\\/\\\/radioljubuski.ba\\\/index.php\\\/2022\\\/04\\\/16\\\/bjk-pobjeda-petre-martic-za-slavlje-hrvatske\\\/\"},\"author\":{\"name\":\"Radio Ljubu\u0161ki\",\"@id\":\"https:\\\/\\\/radioljubuski.ba\\\/#\\\/schema\\\/person\\\/19fc700381a780f69665d7956c469e3b\"},\"headline\":\"BJK: Pobjeda Petre Marti\u0107 za slavlje Hrvatske\",\"datePublished\":\"2022-04-16T17:10:25+00:00\",\"dateModified\":\"2022-04-16T17:10:26+00:00\",\"mainEntityOfPage\":{\"@id\":\"https:\\\/\\\/radioljubuski.ba\\\/index.php\\\/2022\\\/04\\\/16\\\/bjk-pobjeda-petre-martic-za-slavlje-hrvatske\\\/\"},\"wordCount\":267,\"publisher\":{\"@id\":\"https:\\\/\\\/radioljubuski.ba\\\/#organization\"},\"image\":{\"@id\":\"https:\\\/\\\/radioljubuski.ba\\\/index.php\\\/2022\\\/04\\\/16\\\/bjk-pobjeda-petre-martic-za-slavlje-hrvatske\\\/#primaryimage\"},\"thumbnailUrl\":\"https:\\\/\\\/radioljubuski.ba\\\/wp-content\\\/uploads\\\/2021\\\/06\\\/petra-martic-310x165-1.jpg\",\"articleSection\":[\"\u0160port\"],\"inLanguage\":\"hr\"},{\"@type\":\"WebPage\",\"@id\":\"https:\\\/\\\/radioljubuski.ba\\\/index.php\\\/2022\\\/04\\\/16\\\/bjk-pobjeda-petre-martic-za-slavlje-hrvatske\\\/\",\"url\":\"https:\\\/\\\/radioljubuski.ba\\\/index.php\\\/2022\\\/04\\\/16\\\/bjk-pobjeda-petre-martic-za-slavlje-hrvatske\\\/\",\"name\":\"BJK: Pobjeda Petre Marti\u0107 za slavlje Hrvatske - RADIO LJUBU\u0160KI\",\"isPartOf\":{\"@id\":\"https:\\\/\\\/radioljubuski.ba\\\/#website\"},\"primaryImageOfPage\":{\"@id\":\"https:\\\/\\\/radioljubuski.ba\\\/index.php\\\/2022\\\/04\\\/16\\\/bjk-pobjeda-petre-martic-za-slavlje-hrvatske\\\/#primaryimage\"},\"image\":{\"@id\":\"https:\\\/\\\/radioljubuski.ba\\\/index.php\\\/2022\\\/04\\\/16\\\/bjk-pobjeda-petre-martic-za-slavlje-hrvatske\\\/#primaryimage\"},\"thumbnailUrl\":\"https:\\\/\\\/radioljubuski.ba\\\/wp-content\\\/uploads\\\/2021\\\/06\\\/petra-martic-310x165-1.jpg\",\"datePublished\":\"2022-04-16T17:10:25+00:00\",\"dateModified\":\"2022-04-16T17:10:26+00:00\",\"breadcrumb\":{\"@id\":\"https:\\\/\\\/radioljubuski.ba\\\/index.php\\\/2022\\\/04\\\/16\\\/bjk-pobjeda-petre-martic-za-slavlje-hrvatske\\\/#breadcrumb\"},\"inLanguage\":\"hr\",\"potentialAction\":[{\"@type\":\"ReadAction\",\"target\":[\"https:\\\/\\\/radioljubuski.ba\\\/index.php\\\/2022\\\/04\\\/16\\\/bjk-pobjeda-petre-martic-za-slavlje-hrvatske\\\/\"]}]},{\"@type\":\"ImageObject\",\"inLanguage\":\"hr\",\"@id\":\"https:\\\/\\\/radioljubuski.ba\\\/index.php\\\/2022\\\/04\\\/16\\\/bjk-pobjeda-petre-martic-za-slavlje-hrvatske\\\/#primaryimage\",\"url\":\"https:\\\/\\\/radioljubuski.ba\\\/wp-content\\\/uploads\\\/2021\\\/06\\\/petra-martic-310x165-1.jpg\",\"contentUrl\":\"https:\\\/\\\/radioljubuski.ba\\\/wp-content\\\/uploads\\\/2021\\\/06\\\/petra-martic-310x165-1.jpg\",\"width\":310,\"height\":165},{\"@type\":\"BreadcrumbList\",\"@id\":\"https:\\\/\\\/radioljubuski.ba\\\/index.php\\\/2022\\\/04\\\/16\\\/bjk-pobjeda-petre-martic-za-slavlje-hrvatske\\\/#breadcrumb\",\"itemListElement\":[{\"@type\":\"ListItem\",\"position\":1,\"name\":\"Po\u010detna stranica\",\"item\":\"https:\\\/\\\/radioljubuski.ba\\\/\"},{\"@type\":\"ListItem\",\"position\":2,\"name\":\"BJK: Pobjeda Petre Marti\u0107 za slavlje Hrvatske\"}]},{\"@type\":\"WebSite\",\"@id\":\"https:\\\/\\\/radioljubuski.ba\\\/#website\",\"url\":\"https:\\\/\\\/radioljubuski.ba\\\/\",\"name\":\"Radio Ljubu\u0161ki\",\"description\":\"Sun\u010dana frekvencija Hercegovine\",\"publisher\":{\"@id\":\"https:\\\/\\\/radioljubuski.ba\\\/#organization\"},\"potentialAction\":[{\"@type\":\"SearchAction\",\"target\":{\"@type\":\"EntryPoint\",\"urlTemplate\":\"https:\\\/\\\/radioljubuski.ba\\\/?s={search_term_string}\"},\"query-input\":{\"@type\":\"PropertyValueSpecification\",\"valueRequired\":true,\"valueName\":\"search_term_string\"}}],\"inLanguage\":\"hr\"},{\"@type\":\"Organization\",\"@id\":\"https:\\\/\\\/radioljubuski.ba\\\/#organization\",\"name\":\"Radio Ljubu\u0161ki\",\"url\":\"https:\\\/\\\/radioljubuski.ba\\\/\",\"logo\":{\"@type\":\"ImageObject\",\"inLanguage\":\"hr\",\"@id\":\"https:\\\/\\\/radioljubuski.ba\\\/#\\\/schema\\\/logo\\\/image\\\/\",\"url\":\"https:\\\/\\\/radioljubuski.ba\\\/wp-content\\\/uploads\\\/2021\\\/02\\\/cropped-Radio_Ljubuski_logo1.jpg\",\"contentUrl\":\"https:\\\/\\\/radioljubuski.ba\\\/wp-content\\\/uploads\\\/2021\\\/02\\\/cropped-Radio_Ljubuski_logo1.jpg\",\"width\":512,\"height\":512,\"caption\":\"Radio Ljubu\u0161ki\"},\"image\":{\"@id\":\"https:\\\/\\\/radioljubuski.ba\\\/#\\\/schema\\\/logo\\\/image\\\/\"},\"sameAs\":[\"https:\\\/\\\/www.facebook.com\\\/Radiio-Ljubuski-1490835324566332\",\"https:\\\/\\\/x.com\\\/radioljubuski\",\"https:\\\/\\\/hr.linkedin.com\\\/company\\\/radio-ljubuski\",\"https:\\\/\\\/www.youtube.com\\\/channel\\\/UCHYaeO_n0Db3tjNGudGpXyw\"]},{\"@type\":\"Person\",\"@id\":\"https:\\\/\\\/radioljubuski.ba\\\/#\\\/schema\\\/person\\\/19fc700381a780f69665d7956c469e3b\",\"name\":\"Radio Ljubu\u0161ki\"}]}<\/script>\n<!-- \/ Yoast SEO plugin. -->","yoast_head_json":{"title":"BJK: Pobjeda Petre Marti\u0107 za slavlje Hrvatske - RADIO LJUBU\u0160KI","robots":{"index":"index","follow":"follow","max-snippet":"max-snippet:-1","max-image-preview":"max-image-preview:large","max-video-preview":"max-video-preview:-1"},"canonical":"https:\/\/radioljubuski.ba\/index.php\/2022\/04\/16\/bjk-pobjeda-petre-martic-za-slavlje-hrvatske\/","og_locale":"hr_HR","og_type":"article","og_title":"BJK: Pobjeda Petre Marti\u0107 za slavlje Hrvatske - RADIO LJUBU\u0160KI","og_description":"Petra Marti\u0107 donijela je Hrvatskoj klju\u010dni drugi bod u borbi sa srpskim tenisa\u010dicama na turniru Prve Euro-afri\u010dke grupe Billie Jean King Cupa u turskoj Antalyji. Marti\u0107 je u dramati\u010dnom i dugotrajnom me\u010du protiv&nbsp;Aleksandre Kruni\u0107, 116. igra\u010dice s WTA ljestvice, slavila 4-6, 7-5, 6-4 \u010dime je Hrvatska do\u0161la i do druge pojedina\u010dne pobjede, dovoljne za play-off [&hellip;]","og_url":"https:\/\/radioljubuski.ba\/index.php\/2022\/04\/16\/bjk-pobjeda-petre-martic-za-slavlje-hrvatske\/","og_site_name":"RADIO LJUBU\u0160KI","article_publisher":"https:\/\/www.facebook.com\/Radiio-Ljubuski-1490835324566332","article_published_time":"2022-04-16T17:10:25+00:00","article_modified_time":"2022-04-16T17:10:26+00:00","og_image":[{"width":310,"height":165,"url":"https:\/\/radioljubuski.ba\/wp-content\/uploads\/2021\/06\/petra-martic-310x165-1.jpg","type":"image\/jpeg"}],"author":"Radio Ljubu\u0161ki","twitter_card":"summary_large_image","twitter_creator":"@radioljubuski","twitter_site":"@radioljubuski","twitter_misc":{"Napisao\/la":"Radio Ljubu\u0161ki","Procijenjeno vrijeme \u010ditanja":"2 minute"},"schema":{"@context":"https:\/\/schema.org","@graph":[{"@type":"Article","@id":"https:\/\/radioljubuski.ba\/index.php\/2022\/04\/16\/bjk-pobjeda-petre-martic-za-slavlje-hrvatske\/#article","isPartOf":{"@id":"https:\/\/radioljubuski.ba\/index.php\/2022\/04\/16\/bjk-pobjeda-petre-martic-za-slavlje-hrvatske\/"},"author":{"name":"Radio Ljubu\u0161ki","@id":"https:\/\/radioljubuski.ba\/#\/schema\/person\/19fc700381a780f69665d7956c469e3b"},"headline":"BJK: Pobjeda Petre Marti\u0107 za slavlje Hrvatske","datePublished":"2022-04-16T17:10:25+00:00","dateModified":"2022-04-16T17:10:26+00:00","mainEntityOfPage":{"@id":"https:\/\/radioljubuski.ba\/index.php\/2022\/04\/16\/bjk-pobjeda-petre-martic-za-slavlje-hrvatske\/"},"wordCount":267,"publisher":{"@id":"https:\/\/radioljubuski.ba\/#organization"},"image":{"@id":"https:\/\/radioljubuski.ba\/index.php\/2022\/04\/16\/bjk-pobjeda-petre-martic-za-slavlje-hrvatske\/#primaryimage"},"thumbnailUrl":"https:\/\/radioljubuski.ba\/wp-content\/uploads\/2021\/06\/petra-martic-310x165-1.jpg","articleSection":["\u0160port"],"inLanguage":"hr"},{"@type":"WebPage","@id":"https:\/\/radioljubuski.ba\/index.php\/2022\/04\/16\/bjk-pobjeda-petre-martic-za-slavlje-hrvatske\/","url":"https:\/\/radioljubuski.ba\/index.php\/2022\/04\/16\/bjk-pobjeda-petre-martic-za-slavlje-hrvatske\/","name":"BJK: Pobjeda Petre Marti\u0107 za slavlje Hrvatske - RADIO LJUBU\u0160KI","isPartOf":{"@id":"https:\/\/radioljubuski.ba\/#website"},"primaryImageOfPage":{"@id":"https:\/\/radioljubuski.ba\/index.php\/2022\/04\/16\/bjk-pobjeda-petre-martic-za-slavlje-hrvatske\/#primaryimage"},"image":{"@id":"https:\/\/radioljubuski.ba\/index.php\/2022\/04\/16\/bjk-pobjeda-petre-martic-za-slavlje-hrvatske\/#primaryimage"},"thumbnailUrl":"https:\/\/radioljubuski.ba\/wp-content\/uploads\/2021\/06\/petra-martic-310x165-1.jpg","datePublished":"2022-04-16T17:10:25+00:00","dateModified":"2022-04-16T17:10:26+00:00","breadcrumb":{"@id":"https:\/\/radioljubuski.ba\/index.php\/2022\/04\/16\/bjk-pobjeda-petre-martic-za-slavlje-hrvatske\/#breadcrumb"},"inLanguage":"hr","potentialAction":[{"@type":"ReadAction","target":["https:\/\/radioljubuski.ba\/index.php\/2022\/04\/16\/bjk-pobjeda-petre-martic-za-slavlje-hrvatske\/"]}]},{"@type":"ImageObject","inLanguage":"hr","@id":"https:\/\/radioljubuski.ba\/index.php\/2022\/04\/16\/bjk-pobjeda-petre-martic-za-slavlje-hrvatske\/#primaryimage","url":"https:\/\/radioljubuski.ba\/wp-content\/uploads\/2021\/06\/petra-martic-310x165-1.jpg","contentUrl":"https:\/\/radioljubuski.ba\/wp-content\/uploads\/2021\/06\/petra-martic-310x165-1.jpg","width":310,"height":165},{"@type":"BreadcrumbList","@id":"https:\/\/radioljubuski.ba\/index.php\/2022\/04\/16\/bjk-pobjeda-petre-martic-za-slavlje-hrvatske\/#breadcrumb","itemListElement":[{"@type":"ListItem","position":1,"name":"Po\u010detna stranica","item":"https:\/\/radioljubuski.ba\/"},{"@type":"ListItem","position":2,"name":"BJK: Pobjeda Petre Marti\u0107 za slavlje Hrvatske"}]},{"@type":"WebSite","@id":"https:\/\/radioljubuski.ba\/#website","url":"https:\/\/radioljubuski.ba\/","name":"Radio Ljubu\u0161ki","description":"Sun\u010dana frekvencija Hercegovine","publisher":{"@id":"https:\/\/radioljubuski.ba\/#organization"},"potentialAction":[{"@type":"SearchAction","target":{"@type":"EntryPoint","urlTemplate":"https:\/\/radioljubuski.ba\/?s={search_term_string}"},"query-input":{"@type":"PropertyValueSpecification","valueRequired":true,"valueName":"search_term_string"}}],"inLanguage":"hr"},{"@type":"Organization","@id":"https:\/\/radioljubuski.ba\/#organization","name":"Radio Ljubu\u0161ki","url":"https:\/\/radioljubuski.ba\/","logo":{"@type":"ImageObject","inLanguage":"hr","@id":"https:\/\/radioljubuski.ba\/#\/schema\/logo\/image\/","url":"https:\/\/radioljubuski.ba\/wp-content\/uploads\/2021\/02\/cropped-Radio_Ljubuski_logo1.jpg","contentUrl":"https:\/\/radioljubuski.ba\/wp-content\/uploads\/2021\/02\/cropped-Radio_Ljubuski_logo1.jpg","width":512,"height":512,"caption":"Radio Ljubu\u0161ki"},"image":{"@id":"https:\/\/radioljubuski.ba\/#\/schema\/logo\/image\/"},"sameAs":["https:\/\/www.facebook.com\/Radiio-Ljubuski-1490835324566332","https:\/\/x.com\/radioljubuski","https:\/\/hr.linkedin.com\/company\/radio-ljubuski","https:\/\/www.youtube.com\/channel\/UCHYaeO_n0Db3tjNGudGpXyw"]},{"@type":"Person","@id":"https:\/\/radioljubuski.ba\/#\/schema\/person\/19fc700381a780f69665d7956c469e3b","name":"Radio Ljubu\u0161ki"}]}},"_links":{"self":[{"href":"https:\/\/radioljubuski.ba\/index.php\/wp-json\/wp\/v2\/posts\/133131","targetHints":{"allow":["GET"]}}],"collection":[{"href":"https:\/\/radioljubuski.ba\/index.php\/wp-json\/wp\/v2\/posts"}],"about":[{"href":"https:\/\/radioljubuski.ba\/index.php\/wp-json\/wp\/v2\/types\/post"}],"author":[{"embeddable":true,"href":"https:\/\/radioljubuski.ba\/index.php\/wp-json\/wp\/v2\/users\/2"}],"replies":[{"embeddable":true,"href":"https:\/\/radioljubuski.ba\/index.php\/wp-json\/wp\/v2\/comments?post=133131"}],"version-history":[{"count":1,"href":"https:\/\/radioljubuski.ba\/index.php\/wp-json\/wp\/v2\/posts\/133131\/revisions"}],"predecessor-version":[{"id":133132,"href":"https:\/\/radioljubuski.ba\/index.php\/wp-json\/wp\/v2\/posts\/133131\/revisions\/133132"}],"wp:featuredmedia":[{"embeddable":true,"href":"https:\/\/radioljubuski.ba\/index.php\/wp-json\/wp\/v2\/media\/37166"}],"wp:attachment":[{"href":"https:\/\/radioljubuski.ba\/index.php\/wp-json\/wp\/v2\/media?parent=133131"}],"wp:term":[{"taxonomy":"category","embeddable":true,"href":"https:\/\/radioljubuski.ba\/index.php\/wp-json\/wp\/v2\/categories?post=133131"},{"taxonomy":"post_tag","embeddable":true,"href":"https:\/\/radioljubuski.ba\/index.php\/wp-json\/wp\/v2\/tags?post=133131"}],"curies":[{"name":"wp","href":"https:\/\/api.w.org\/{rel}","templated":true}]}}