{"id":133153,"date":"2022-04-16T18:26:24","date_gmt":"2022-04-16T17:26:24","guid":{"rendered":"https:\/\/radioljubuski.ba\/?p=133153"},"modified":"2022-04-16T18:26:25","modified_gmt":"2022-04-16T17:26:25","slug":"uskrsna-cestitka-kardinala-bozanica-svi-u-dubini-srca-zele-mir","status":"publish","type":"post","link":"https:\/\/radioljubuski.ba\/index.php\/2022\/04\/16\/uskrsna-cestitka-kardinala-bozanica-svi-u-dubini-srca-zele-mir\/","title":{"rendered":"Uskrsna \u010destitka kardinala Bozani\u0107a: Svi u dubini srca \u017eele mir"},"content":{"rendered":"\n<p><strong>Vjernicima se uo\u010di Uskrsa obratio zagreba\u010dki nadbiskup, kardinal Josip Bozani\u0107. U tradicionalnoj \u010destitki istaknuo je va\u017enost i zna\u010denje mira koji svi \u017eelimo, osobito u ovom vremenu obilje\u017eenom ratnim stradanjima i \u017ertvama u Ukrajini. &#8211; Svjedoci smo kako se \u0161ire patnje zbog stvaranja, uno\u0161enja i podr\u017eavanja nemira i straha. U toj zastra\u0161uju\u0107oj buci rata svi govore da se zala\u017eu za mir i da \u017eele uspostaviti mir. Ali kako? Dok suosje\u0107amo sa \u017ertvama rata u kojem su ukrajinski narod i dr\u017eavljani prisiljeni braniti svoje \u017eivote i \u017eivote svojih bli\u017enjih, slobodu i demokratsko pravo na samoodre\u0111enje molim za sve koji stvarno mogu i \u017eele prona\u0107i i uspostaviti pravedni mir, rekao je kardinal Bozani\u0107.<\/strong><\/p>\n\n\n\n<p>Podsje\u0107aju\u0107i na Isusove rije\u010di, koje je neposredno prije svoje muke, smrti i uskrsnu\u0107a, rekao svojim u\u010denicima: &#8216;Mir vam ostavljam, mir vam svoj dajem. Dajem vam ga, ali ne kao \u0161to svijet daje&#8221;, kardinal<strong>\u00a0Bozani\u0107<\/strong>\u00a0je istaknuo da svi u dubini svoga srca \u017eele mir.<br><br>&#8211; Tu \u010de\u017enju osje\u0107amo osobito u ovom vremenu, sna\u017eno obilje\u017eenu ratnim stradanjima i \u017ertvama u Ukrajini. Svjedoci smo kako se \u0161ire patnje zbog stvaranja, uno\u0161enja te podr\u017eavanja nemira i straha, naglasio je. U toj zastra\u0161uju\u0107oj buci rata svi govore da se zala\u017eu za mir i da \u017eele uspostaviti mir. Ali kako? upitao je te pozvao na molitvu.<br><br>&#8211; Dok suosje\u0107amo sa \u017ertvama rata, u kojem su ukrajinski narod i ukrajinski dr\u017eavljani prisiljeni braniti svoje \u017eivote i \u017eivote svojih bli\u017enjih, slobodu i demokratsko pravo na samoodre\u0111enje, molimo za sve koji mogu i \u017eele stvarno pomo\u0107i u uspostavi pravednoga mira.<br><br>Bozani\u0107 je naglasio da &#8220;uskrsnuli Gospodin dolazi osloboditi nas strahova koji dr\u017ee zaklju\u010dana vrata na\u0161ega srca za novost mira, ljubavi i nade&#8221;.<br><br>&#8211; Ako Isusu dopustimo, On ih otvara, ozdravlja nas i spa\u0161ava&#8221;, naveo je te dodao kako je uskrsni dar mira &#8220;unutarnja preobrazba na\u0161ega srca, na\u0161ega \u017eivota.<\/p>\n\n\n\n<div style=\"width: 640px;\" class=\"wp-video\"><video class=\"wp-video-shortcode\" id=\"video-133153-1\" width=\"640\" height=\"360\" preload=\"metadata\" controls=\"controls\"><source type=\"video\/mp4\" src=\"https:\/\/api.hrt.hr\/media\/a7\/7e\/tvd-160422-tonbozanic-20220416151238.mp4?_=1\" \/><a href=\"https:\/\/api.hrt.hr\/media\/a7\/7e\/tvd-160422-tonbozanic-20220416151238.mp4\">https:\/\/api.hrt.hr\/media\/a7\/7e\/tvd-160422-tonbozanic-20220416151238.mp4<\/a><\/video><\/div>\n\n\n\n<p>&#8211; Ona se suprotstavlja strahu, nesigurnosti, uznemirenosti i tjeskobi. Isusov se mir uvijek ti\u010de ljudskoga srca i dostojanstva \u010dovjeka koje je ljudima darovano, a nisu ga sami postigli. Istinski mir pripada svima koji se odva\u017ee u\u0107i u dubinu bi\u0107a i prona\u0107i Bo\u017eju sliku na koju smo stvoreni, a koja je tako \u010desto unaka\u017eena ljudskom zlo\u0107om i mr\u017enjom, grijehom, poru\u010dio je.<br><br>Za kr\u0161\u0107ane je, dodao je, istinski smisao Uskrsa upravo prisutnost pravoga Boga i pravoga \u010dovjeka, koji je pobijedio i tjelesnu i duhovnu smrt u koju vodi grijeh. &#8220;Ta prisutnost \u010dovjeku daruje takav odnos prema \u017eivotu da u njegovoj dramati\u010dnosti ne bude uni\u0161ten i da u trpljenjima ne prevlada neuspjeh&#8221;, naveo je.<br><br>&#8211; Prvi je dar Otkupljenja upravo mir, kao plod Kristove pobjede nad grijehom i smr\u0107u. To je mir Spasiteljeve ljubavi od koje nas ni\u0161ta ne mo\u017ee rastaviti. On je duboki osje\u0107aj ljudskoga srca da smo u Bo\u017ejim rukama. To je istinska radosna vijest koja mijenja svijet, obilje\u017een sukobima koji razdiru \u010dovje\u010dnost i \u010dovje\u010danstvo, rekao je kardinal Bozani\u0107 i istaknuo da je &#8220;Kristov Uskrs u ljudsku povijest unio neslu\u0107ene prostore pomirenja, kona\u010dnu mogu\u0107nost za \u010dovje\u010danstvo koje \u017eeli iza\u0107i iz vrtloga zla&#8221;.<br><br>Kardinal Bozani\u0107 rekao je i da dar mira kao jedan od svojih najizvrsnijih plodova ima radost.<br><br>&#8211; Molimo stoga: Gospodine, ne uskrati nam milost da te vidimo u svom \u017eivotu i ja\u010daj nas svojim Duhom da drugima budemo i darujemo tvoj mir. S tim mislima i \u017eeljama \u010destitam Uskrs vama, bra\u0107o i sestre, koji vjerujete u Isusovo uskrsnu\u0107e, i svim ljudima dobre volje. Sretan vam Uskrs!, napisao je Bozani\u0107 u Uskrsnoj \u010destitki.<\/p>\n\n\n\n<p>Izvor:hrt.hr<\/p>\n","protected":false},"excerpt":{"rendered":"<p>Vjernicima se uo\u010di Uskrsa obratio zagreba\u010dki nadbiskup, kardinal Josip Bozani\u0107. U tradicionalnoj \u010destitki istaknuo je va\u017enost i zna\u010denje mira koji svi \u017eelimo, osobito u ovom vremenu obilje\u017eenom ratnim stradanjima i \u017ertvama u Ukrajini. &#8211; Svjedoci smo kako se \u0161ire patnje zbog stvaranja, uno\u0161enja i podr\u017eavanja nemira i straha. U toj zastra\u0161uju\u0107oj buci rata svi govore [&hellip;]<\/p>\n","protected":false},"author":2,"featured_media":133154,"comment_status":"closed","ping_status":"closed","sticky":false,"template":"","format":"standard","meta":{"h5ap_radio_sources":[],"footnotes":""},"categories":[1],"tags":[],"class_list":["post-133153","post","type-post","status-publish","format-standard","has-post-thumbnail","hentry","category-bihiregija"],"yoast_head":"<!-- This site is optimized with the Yoast SEO plugin v27.5 - https:\/\/yoast.com\/product\/yoast-seo-wordpress\/ -->\n<title>Uskrsna \u010destitka kardinala Bozani\u0107a: Svi u dubini srca \u017eele mir - RADIO LJUBU\u0160KI<\/title>\n<meta name=\"robots\" content=\"index, follow, max-snippet:-1, max-image-preview:large, max-video-preview:-1\" \/>\n<link rel=\"canonical\" href=\"https:\/\/radioljubuski.ba\/index.php\/2022\/04\/16\/uskrsna-cestitka-kardinala-bozanica-svi-u-dubini-srca-zele-mir\/\" \/>\n<meta property=\"og:locale\" content=\"hr_HR\" \/>\n<meta property=\"og:type\" content=\"article\" \/>\n<meta property=\"og:title\" content=\"Uskrsna \u010destitka kardinala Bozani\u0107a: Svi u dubini srca \u017eele mir - RADIO LJUBU\u0160KI\" \/>\n<meta property=\"og:description\" content=\"Vjernicima se uo\u010di Uskrsa obratio zagreba\u010dki nadbiskup, kardinal Josip Bozani\u0107. U tradicionalnoj \u010destitki istaknuo je va\u017enost i zna\u010denje mira koji svi \u017eelimo, osobito u ovom vremenu obilje\u017eenom ratnim stradanjima i \u017ertvama u Ukrajini. &#8211; Svjedoci smo kako se \u0161ire patnje zbog stvaranja, uno\u0161enja i podr\u017eavanja nemira i straha. U toj zastra\u0161uju\u0107oj buci rata svi govore [&hellip;]\" \/>\n<meta property=\"og:url\" content=\"https:\/\/radioljubuski.ba\/index.php\/2022\/04\/16\/uskrsna-cestitka-kardinala-bozanica-svi-u-dubini-srca-zele-mir\/\" \/>\n<meta property=\"og:site_name\" content=\"RADIO LJUBU\u0160KI\" \/>\n<meta property=\"article:publisher\" content=\"https:\/\/www.facebook.com\/Radiio-Ljubuski-1490835324566332\" \/>\n<meta property=\"article:published_time\" content=\"2022-04-16T17:26:24+00:00\" \/>\n<meta property=\"article:modified_time\" content=\"2022-04-16T17:26:25+00:00\" \/>\n<meta property=\"og:image\" content=\"https:\/\/radioljubuski.ba\/wp-content\/uploads\/2022\/04\/a4c96262d40dd7d793f8.jpeg\" \/>\n\t<meta property=\"og:image:width\" content=\"612\" \/>\n\t<meta property=\"og:image:height\" content=\"408\" \/>\n\t<meta property=\"og:image:type\" content=\"image\/jpeg\" \/>\n<meta name=\"author\" content=\"Radio Ljubu\u0161ki\" \/>\n<meta name=\"twitter:card\" content=\"summary_large_image\" \/>\n<meta name=\"twitter:creator\" content=\"@radioljubuski\" \/>\n<meta name=\"twitter:site\" content=\"@radioljubuski\" \/>\n<meta name=\"twitter:label1\" content=\"Napisao\/la\" \/>\n\t<meta name=\"twitter:data1\" content=\"Radio Ljubu\u0161ki\" \/>\n\t<meta name=\"twitter:label2\" content=\"Procijenjeno vrijeme \u010ditanja\" \/>\n\t<meta name=\"twitter:data2\" content=\"3 minute\" \/>\n<script type=\"application\/ld+json\" class=\"yoast-schema-graph\">{\"@context\":\"https:\\\/\\\/schema.org\",\"@graph\":[{\"@type\":\"Article\",\"@id\":\"https:\\\/\\\/radioljubuski.ba\\\/index.php\\\/2022\\\/04\\\/16\\\/uskrsna-cestitka-kardinala-bozanica-svi-u-dubini-srca-zele-mir\\\/#article\",\"isPartOf\":{\"@id\":\"https:\\\/\\\/radioljubuski.ba\\\/index.php\\\/2022\\\/04\\\/16\\\/uskrsna-cestitka-kardinala-bozanica-svi-u-dubini-srca-zele-mir\\\/\"},\"author\":{\"name\":\"Radio Ljubu\u0161ki\",\"@id\":\"https:\\\/\\\/radioljubuski.ba\\\/#\\\/schema\\\/person\\\/19fc700381a780f69665d7956c469e3b\"},\"headline\":\"Uskrsna \u010destitka kardinala Bozani\u0107a: Svi u dubini srca \u017eele mir\",\"datePublished\":\"2022-04-16T17:26:24+00:00\",\"dateModified\":\"2022-04-16T17:26:25+00:00\",\"mainEntityOfPage\":{\"@id\":\"https:\\\/\\\/radioljubuski.ba\\\/index.php\\\/2022\\\/04\\\/16\\\/uskrsna-cestitka-kardinala-bozanica-svi-u-dubini-srca-zele-mir\\\/\"},\"wordCount\":656,\"publisher\":{\"@id\":\"https:\\\/\\\/radioljubuski.ba\\\/#organization\"},\"image\":{\"@id\":\"https:\\\/\\\/radioljubuski.ba\\\/index.php\\\/2022\\\/04\\\/16\\\/uskrsna-cestitka-kardinala-bozanica-svi-u-dubini-srca-zele-mir\\\/#primaryimage\"},\"thumbnailUrl\":\"https:\\\/\\\/radioljubuski.ba\\\/wp-content\\\/uploads\\\/2022\\\/04\\\/a4c96262d40dd7d793f8.jpeg\",\"articleSection\":[\"BIH i regija\"],\"inLanguage\":\"hr\"},{\"@type\":\"WebPage\",\"@id\":\"https:\\\/\\\/radioljubuski.ba\\\/index.php\\\/2022\\\/04\\\/16\\\/uskrsna-cestitka-kardinala-bozanica-svi-u-dubini-srca-zele-mir\\\/\",\"url\":\"https:\\\/\\\/radioljubuski.ba\\\/index.php\\\/2022\\\/04\\\/16\\\/uskrsna-cestitka-kardinala-bozanica-svi-u-dubini-srca-zele-mir\\\/\",\"name\":\"Uskrsna \u010destitka kardinala Bozani\u0107a: Svi u dubini srca \u017eele mir - RADIO LJUBU\u0160KI\",\"isPartOf\":{\"@id\":\"https:\\\/\\\/radioljubuski.ba\\\/#website\"},\"primaryImageOfPage\":{\"@id\":\"https:\\\/\\\/radioljubuski.ba\\\/index.php\\\/2022\\\/04\\\/16\\\/uskrsna-cestitka-kardinala-bozanica-svi-u-dubini-srca-zele-mir\\\/#primaryimage\"},\"image\":{\"@id\":\"https:\\\/\\\/radioljubuski.ba\\\/index.php\\\/2022\\\/04\\\/16\\\/uskrsna-cestitka-kardinala-bozanica-svi-u-dubini-srca-zele-mir\\\/#primaryimage\"},\"thumbnailUrl\":\"https:\\\/\\\/radioljubuski.ba\\\/wp-content\\\/uploads\\\/2022\\\/04\\\/a4c96262d40dd7d793f8.jpeg\",\"datePublished\":\"2022-04-16T17:26:24+00:00\",\"dateModified\":\"2022-04-16T17:26:25+00:00\",\"breadcrumb\":{\"@id\":\"https:\\\/\\\/radioljubuski.ba\\\/index.php\\\/2022\\\/04\\\/16\\\/uskrsna-cestitka-kardinala-bozanica-svi-u-dubini-srca-zele-mir\\\/#breadcrumb\"},\"inLanguage\":\"hr\",\"potentialAction\":[{\"@type\":\"ReadAction\",\"target\":[\"https:\\\/\\\/radioljubuski.ba\\\/index.php\\\/2022\\\/04\\\/16\\\/uskrsna-cestitka-kardinala-bozanica-svi-u-dubini-srca-zele-mir\\\/\"]}]},{\"@type\":\"ImageObject\",\"inLanguage\":\"hr\",\"@id\":\"https:\\\/\\\/radioljubuski.ba\\\/index.php\\\/2022\\\/04\\\/16\\\/uskrsna-cestitka-kardinala-bozanica-svi-u-dubini-srca-zele-mir\\\/#primaryimage\",\"url\":\"https:\\\/\\\/radioljubuski.ba\\\/wp-content\\\/uploads\\\/2022\\\/04\\\/a4c96262d40dd7d793f8.jpeg\",\"contentUrl\":\"https:\\\/\\\/radioljubuski.ba\\\/wp-content\\\/uploads\\\/2022\\\/04\\\/a4c96262d40dd7d793f8.jpeg\",\"width\":612,\"height\":408},{\"@type\":\"BreadcrumbList\",\"@id\":\"https:\\\/\\\/radioljubuski.ba\\\/index.php\\\/2022\\\/04\\\/16\\\/uskrsna-cestitka-kardinala-bozanica-svi-u-dubini-srca-zele-mir\\\/#breadcrumb\",\"itemListElement\":[{\"@type\":\"ListItem\",\"position\":1,\"name\":\"Po\u010detna stranica\",\"item\":\"https:\\\/\\\/radioljubuski.ba\\\/\"},{\"@type\":\"ListItem\",\"position\":2,\"name\":\"Uskrsna \u010destitka kardinala Bozani\u0107a: Svi u dubini srca \u017eele mir\"}]},{\"@type\":\"WebSite\",\"@id\":\"https:\\\/\\\/radioljubuski.ba\\\/#website\",\"url\":\"https:\\\/\\\/radioljubuski.ba\\\/\",\"name\":\"Radio Ljubu\u0161ki\",\"description\":\"Sun\u010dana frekvencija Hercegovine\",\"publisher\":{\"@id\":\"https:\\\/\\\/radioljubuski.ba\\\/#organization\"},\"potentialAction\":[{\"@type\":\"SearchAction\",\"target\":{\"@type\":\"EntryPoint\",\"urlTemplate\":\"https:\\\/\\\/radioljubuski.ba\\\/?s={search_term_string}\"},\"query-input\":{\"@type\":\"PropertyValueSpecification\",\"valueRequired\":true,\"valueName\":\"search_term_string\"}}],\"inLanguage\":\"hr\"},{\"@type\":\"Organization\",\"@id\":\"https:\\\/\\\/radioljubuski.ba\\\/#organization\",\"name\":\"Radio Ljubu\u0161ki\",\"url\":\"https:\\\/\\\/radioljubuski.ba\\\/\",\"logo\":{\"@type\":\"ImageObject\",\"inLanguage\":\"hr\",\"@id\":\"https:\\\/\\\/radioljubuski.ba\\\/#\\\/schema\\\/logo\\\/image\\\/\",\"url\":\"https:\\\/\\\/radioljubuski.ba\\\/wp-content\\\/uploads\\\/2021\\\/02\\\/cropped-Radio_Ljubuski_logo1.jpg\",\"contentUrl\":\"https:\\\/\\\/radioljubuski.ba\\\/wp-content\\\/uploads\\\/2021\\\/02\\\/cropped-Radio_Ljubuski_logo1.jpg\",\"width\":512,\"height\":512,\"caption\":\"Radio Ljubu\u0161ki\"},\"image\":{\"@id\":\"https:\\\/\\\/radioljubuski.ba\\\/#\\\/schema\\\/logo\\\/image\\\/\"},\"sameAs\":[\"https:\\\/\\\/www.facebook.com\\\/Radiio-Ljubuski-1490835324566332\",\"https:\\\/\\\/x.com\\\/radioljubuski\",\"https:\\\/\\\/hr.linkedin.com\\\/company\\\/radio-ljubuski\",\"https:\\\/\\\/www.youtube.com\\\/channel\\\/UCHYaeO_n0Db3tjNGudGpXyw\"]},{\"@type\":\"Person\",\"@id\":\"https:\\\/\\\/radioljubuski.ba\\\/#\\\/schema\\\/person\\\/19fc700381a780f69665d7956c469e3b\",\"name\":\"Radio Ljubu\u0161ki\"}]}<\/script>\n<!-- \/ Yoast SEO plugin. -->","yoast_head_json":{"title":"Uskrsna \u010destitka kardinala Bozani\u0107a: Svi u dubini srca \u017eele mir - RADIO LJUBU\u0160KI","robots":{"index":"index","follow":"follow","max-snippet":"max-snippet:-1","max-image-preview":"max-image-preview:large","max-video-preview":"max-video-preview:-1"},"canonical":"https:\/\/radioljubuski.ba\/index.php\/2022\/04\/16\/uskrsna-cestitka-kardinala-bozanica-svi-u-dubini-srca-zele-mir\/","og_locale":"hr_HR","og_type":"article","og_title":"Uskrsna \u010destitka kardinala Bozani\u0107a: Svi u dubini srca \u017eele mir - RADIO LJUBU\u0160KI","og_description":"Vjernicima se uo\u010di Uskrsa obratio zagreba\u010dki nadbiskup, kardinal Josip Bozani\u0107. U tradicionalnoj \u010destitki istaknuo je va\u017enost i zna\u010denje mira koji svi \u017eelimo, osobito u ovom vremenu obilje\u017eenom ratnim stradanjima i \u017ertvama u Ukrajini. &#8211; Svjedoci smo kako se \u0161ire patnje zbog stvaranja, uno\u0161enja i podr\u017eavanja nemira i straha. U toj zastra\u0161uju\u0107oj buci rata svi govore [&hellip;]","og_url":"https:\/\/radioljubuski.ba\/index.php\/2022\/04\/16\/uskrsna-cestitka-kardinala-bozanica-svi-u-dubini-srca-zele-mir\/","og_site_name":"RADIO LJUBU\u0160KI","article_publisher":"https:\/\/www.facebook.com\/Radiio-Ljubuski-1490835324566332","article_published_time":"2022-04-16T17:26:24+00:00","article_modified_time":"2022-04-16T17:26:25+00:00","og_image":[{"width":612,"height":408,"url":"https:\/\/radioljubuski.ba\/wp-content\/uploads\/2022\/04\/a4c96262d40dd7d793f8.jpeg","type":"image\/jpeg"}],"author":"Radio Ljubu\u0161ki","twitter_card":"summary_large_image","twitter_creator":"@radioljubuski","twitter_site":"@radioljubuski","twitter_misc":{"Napisao\/la":"Radio Ljubu\u0161ki","Procijenjeno vrijeme \u010ditanja":"3 minute"},"schema":{"@context":"https:\/\/schema.org","@graph":[{"@type":"Article","@id":"https:\/\/radioljubuski.ba\/index.php\/2022\/04\/16\/uskrsna-cestitka-kardinala-bozanica-svi-u-dubini-srca-zele-mir\/#article","isPartOf":{"@id":"https:\/\/radioljubuski.ba\/index.php\/2022\/04\/16\/uskrsna-cestitka-kardinala-bozanica-svi-u-dubini-srca-zele-mir\/"},"author":{"name":"Radio Ljubu\u0161ki","@id":"https:\/\/radioljubuski.ba\/#\/schema\/person\/19fc700381a780f69665d7956c469e3b"},"headline":"Uskrsna \u010destitka kardinala Bozani\u0107a: Svi u dubini srca \u017eele mir","datePublished":"2022-04-16T17:26:24+00:00","dateModified":"2022-04-16T17:26:25+00:00","mainEntityOfPage":{"@id":"https:\/\/radioljubuski.ba\/index.php\/2022\/04\/16\/uskrsna-cestitka-kardinala-bozanica-svi-u-dubini-srca-zele-mir\/"},"wordCount":656,"publisher":{"@id":"https:\/\/radioljubuski.ba\/#organization"},"image":{"@id":"https:\/\/radioljubuski.ba\/index.php\/2022\/04\/16\/uskrsna-cestitka-kardinala-bozanica-svi-u-dubini-srca-zele-mir\/#primaryimage"},"thumbnailUrl":"https:\/\/radioljubuski.ba\/wp-content\/uploads\/2022\/04\/a4c96262d40dd7d793f8.jpeg","articleSection":["BIH i regija"],"inLanguage":"hr"},{"@type":"WebPage","@id":"https:\/\/radioljubuski.ba\/index.php\/2022\/04\/16\/uskrsna-cestitka-kardinala-bozanica-svi-u-dubini-srca-zele-mir\/","url":"https:\/\/radioljubuski.ba\/index.php\/2022\/04\/16\/uskrsna-cestitka-kardinala-bozanica-svi-u-dubini-srca-zele-mir\/","name":"Uskrsna \u010destitka kardinala Bozani\u0107a: Svi u dubini srca \u017eele mir - RADIO LJUBU\u0160KI","isPartOf":{"@id":"https:\/\/radioljubuski.ba\/#website"},"primaryImageOfPage":{"@id":"https:\/\/radioljubuski.ba\/index.php\/2022\/04\/16\/uskrsna-cestitka-kardinala-bozanica-svi-u-dubini-srca-zele-mir\/#primaryimage"},"image":{"@id":"https:\/\/radioljubuski.ba\/index.php\/2022\/04\/16\/uskrsna-cestitka-kardinala-bozanica-svi-u-dubini-srca-zele-mir\/#primaryimage"},"thumbnailUrl":"https:\/\/radioljubuski.ba\/wp-content\/uploads\/2022\/04\/a4c96262d40dd7d793f8.jpeg","datePublished":"2022-04-16T17:26:24+00:00","dateModified":"2022-04-16T17:26:25+00:00","breadcrumb":{"@id":"https:\/\/radioljubuski.ba\/index.php\/2022\/04\/16\/uskrsna-cestitka-kardinala-bozanica-svi-u-dubini-srca-zele-mir\/#breadcrumb"},"inLanguage":"hr","potentialAction":[{"@type":"ReadAction","target":["https:\/\/radioljubuski.ba\/index.php\/2022\/04\/16\/uskrsna-cestitka-kardinala-bozanica-svi-u-dubini-srca-zele-mir\/"]}]},{"@type":"ImageObject","inLanguage":"hr","@id":"https:\/\/radioljubuski.ba\/index.php\/2022\/04\/16\/uskrsna-cestitka-kardinala-bozanica-svi-u-dubini-srca-zele-mir\/#primaryimage","url":"https:\/\/radioljubuski.ba\/wp-content\/uploads\/2022\/04\/a4c96262d40dd7d793f8.jpeg","contentUrl":"https:\/\/radioljubuski.ba\/wp-content\/uploads\/2022\/04\/a4c96262d40dd7d793f8.jpeg","width":612,"height":408},{"@type":"BreadcrumbList","@id":"https:\/\/radioljubuski.ba\/index.php\/2022\/04\/16\/uskrsna-cestitka-kardinala-bozanica-svi-u-dubini-srca-zele-mir\/#breadcrumb","itemListElement":[{"@type":"ListItem","position":1,"name":"Po\u010detna stranica","item":"https:\/\/radioljubuski.ba\/"},{"@type":"ListItem","position":2,"name":"Uskrsna \u010destitka kardinala Bozani\u0107a: Svi u dubini srca \u017eele mir"}]},{"@type":"WebSite","@id":"https:\/\/radioljubuski.ba\/#website","url":"https:\/\/radioljubuski.ba\/","name":"Radio Ljubu\u0161ki","description":"Sun\u010dana frekvencija Hercegovine","publisher":{"@id":"https:\/\/radioljubuski.ba\/#organization"},"potentialAction":[{"@type":"SearchAction","target":{"@type":"EntryPoint","urlTemplate":"https:\/\/radioljubuski.ba\/?s={search_term_string}"},"query-input":{"@type":"PropertyValueSpecification","valueRequired":true,"valueName":"search_term_string"}}],"inLanguage":"hr"},{"@type":"Organization","@id":"https:\/\/radioljubuski.ba\/#organization","name":"Radio Ljubu\u0161ki","url":"https:\/\/radioljubuski.ba\/","logo":{"@type":"ImageObject","inLanguage":"hr","@id":"https:\/\/radioljubuski.ba\/#\/schema\/logo\/image\/","url":"https:\/\/radioljubuski.ba\/wp-content\/uploads\/2021\/02\/cropped-Radio_Ljubuski_logo1.jpg","contentUrl":"https:\/\/radioljubuski.ba\/wp-content\/uploads\/2021\/02\/cropped-Radio_Ljubuski_logo1.jpg","width":512,"height":512,"caption":"Radio Ljubu\u0161ki"},"image":{"@id":"https:\/\/radioljubuski.ba\/#\/schema\/logo\/image\/"},"sameAs":["https:\/\/www.facebook.com\/Radiio-Ljubuski-1490835324566332","https:\/\/x.com\/radioljubuski","https:\/\/hr.linkedin.com\/company\/radio-ljubuski","https:\/\/www.youtube.com\/channel\/UCHYaeO_n0Db3tjNGudGpXyw"]},{"@type":"Person","@id":"https:\/\/radioljubuski.ba\/#\/schema\/person\/19fc700381a780f69665d7956c469e3b","name":"Radio Ljubu\u0161ki"}]}},"_links":{"self":[{"href":"https:\/\/radioljubuski.ba\/index.php\/wp-json\/wp\/v2\/posts\/133153","targetHints":{"allow":["GET"]}}],"collection":[{"href":"https:\/\/radioljubuski.ba\/index.php\/wp-json\/wp\/v2\/posts"}],"about":[{"href":"https:\/\/radioljubuski.ba\/index.php\/wp-json\/wp\/v2\/types\/post"}],"author":[{"embeddable":true,"href":"https:\/\/radioljubuski.ba\/index.php\/wp-json\/wp\/v2\/users\/2"}],"replies":[{"embeddable":true,"href":"https:\/\/radioljubuski.ba\/index.php\/wp-json\/wp\/v2\/comments?post=133153"}],"version-history":[{"count":1,"href":"https:\/\/radioljubuski.ba\/index.php\/wp-json\/wp\/v2\/posts\/133153\/revisions"}],"predecessor-version":[{"id":133155,"href":"https:\/\/radioljubuski.ba\/index.php\/wp-json\/wp\/v2\/posts\/133153\/revisions\/133155"}],"wp:featuredmedia":[{"embeddable":true,"href":"https:\/\/radioljubuski.ba\/index.php\/wp-json\/wp\/v2\/media\/133154"}],"wp:attachment":[{"href":"https:\/\/radioljubuski.ba\/index.php\/wp-json\/wp\/v2\/media?parent=133153"}],"wp:term":[{"taxonomy":"category","embeddable":true,"href":"https:\/\/radioljubuski.ba\/index.php\/wp-json\/wp\/v2\/categories?post=133153"},{"taxonomy":"post_tag","embeddable":true,"href":"https:\/\/radioljubuski.ba\/index.php\/wp-json\/wp\/v2\/tags?post=133153"}],"curies":[{"name":"wp","href":"https:\/\/api.w.org\/{rel}","templated":true}]}}