{"id":133159,"date":"2022-04-16T20:43:49","date_gmt":"2022-04-16T19:43:49","guid":{"rendered":"https:\/\/radioljubuski.ba\/?p=133159"},"modified":"2022-04-16T20:43:50","modified_gmt":"2022-04-16T19:43:50","slug":"patrijarh-porfirije-cestitao-uskrs","status":"publish","type":"post","link":"https:\/\/radioljubuski.ba\/index.php\/2022\/04\/16\/patrijarh-porfirije-cestitao-uskrs\/","title":{"rendered":"Patrijarh Porfirije \u010destitao Uskrs"},"content":{"rendered":"\n<p>Patrijarh Srpske pravoslavne crkve Porfirije u subotu je \u010destitao Uskrs svima koji ga ove godine slave 17. travnja, Rimokatoli\u010dkoj Crkvi i crkvama Reformacije u Hrvatskoj i Sloveniji te zadarskom nadbiskupu \u017delimiru Pulji\u0107u, predsjedniku Hrvatske biskupske konferencije.<\/p>\n\n\n\n<p>&#8220;S istim ushi\u0107enjem svatko tko na sebi nosi ime Kristovo ovih \u0107e dana svjedo\u010diti da je Bog sa nama i da \u0107e biti sa nama do svr\u0161etka svijeta i vijeka&#8221;, istaknuo je patrijarh Porfirije u uskrsnoj \u010destitki.<\/p>\n\n\n\n<p>&#8220;Bez obzira na \u010dinjenicu da &#8216;svijet&nbsp;sav u zlu le\u017ei&#8217;,&nbsp;\u010dinjenicu \u010diji smo svakodnevni svjedoci i u vremenu koje nam je Bog podario kao na\u0161e, istovremeno slu\u0161amo i rije\u010di Evan\u0111elja koje nam radosno priop\u0107avaju&nbsp;&#8211; &#8216;U&nbsp;svijetu&nbsp;\u0107ete imati \u017ealost, ali ne bojte se, ja sam pobijedio svijet'&#8221;, naglasio je.<\/p>\n\n\n\n<p>Naveo je i stihove pjesnika P. P. Njego\u0161a iz filozofsko-religioznog spjeva &#8220;Lu\u010da mikrokozma&#8221;: &#8220;O preblagi, tihi u\u010ditelju, Slatka li je sveta bistra voda, S isto\u010dnika tvoga besmrtnoga!&nbsp;[\u2026]&nbsp;Vaskrsenjem smrt si porazio, Nebo tvojom hvalom odjekuje,&nbsp;Zemlja slavi svoga Spasitelja&#8221;.<\/p>\n\n\n\n<p>&#8220;Veliki pjesnik, \u010dije smo stihove naveli, podsje\u0107a nas da se pobjeda o kojoj govori Krist&nbsp;prepoznaje u tajni dolaze\u0107eg praznika Uskrsa, koji sa\u010dinjava temelj na\u0161eg bi\u0107a i bez koga je uzalud vjera na\u0161a. Ni danas, niti u bilo kojem&nbsp;vremenu, pro\u0161lom ili budu\u0107em, ne \u017eivimo samo u atmosferi sje\u0107anja na prazan grob u Jeruzalemu&nbsp;ve\u0107, blagodare\u0107i Svetoj Euharistiji, bivamo istinski suu\u010desnici&nbsp;pashalne tajne, na na\u010din na koji su to bili Ivan&nbsp;i Petar, \u017eene mironosice i mnogi drugi u Novom zavjetu spomenuti svjedoci&#8221;, naglasio je patrijarh Porfirije.<\/p>\n\n\n\n<p>&#8220;Prolazi obli\u010dje ovoga svijeta, a nastupa zora tajanstvenoga dana. Stoga, kao i apostol neznabo\u017eaca, mo\u017eemo samo uskliknuti&nbsp;&#8211; radujte se svagda u Gospodu, i opet velim: radujte se&#8221;,&nbsp; napisao je te u \u010destitki&nbsp;predsjedniku HBK po\u017eelio da radost Uskrsa ispuni du\u0161u svakog kr\u0161\u0107anina.&nbsp;&nbsp;<\/p>\n\n\n\n<p>&#8220;Neka radost nastupaju\u0107eg Uskrsa, preuzvi\u0161eni nadbiskupe i brate u Kristu, ispuni du\u0161u i srce svakog kr\u0161\u0107anina, a me\u0111u njima i Vas i Va\u0161e pastve, kao i svih vjernika Rimokatoli\u010dke Crkve u Hrvatskoj, i da \u0161irom svekolike Bo\u017eje tvorevine gromko odjeknu rije\u010di prazni\u010dnog pozdrava: Hristos Vaskrse \u2013 Vaistinu Vaskrse!&#8221;, stoji u patrijarhovoj Uskr\u0161njoj \u010destitki.<\/p>\n\n\n\n<p>Izvor:pogled.ba<\/p>\n","protected":false},"excerpt":{"rendered":"<p>Patrijarh Srpske pravoslavne crkve Porfirije u subotu je \u010destitao Uskrs svima koji ga ove godine slave 17. travnja, Rimokatoli\u010dkoj Crkvi i crkvama Reformacije u Hrvatskoj i Sloveniji te zadarskom nadbiskupu \u017delimiru Pulji\u0107u, predsjedniku Hrvatske biskupske konferencije. &#8220;S istim ushi\u0107enjem svatko tko na sebi nosi ime Kristovo ovih \u0107e dana svjedo\u010diti da je Bog sa nama [&hellip;]<\/p>\n","protected":false},"author":2,"featured_media":133160,"comment_status":"closed","ping_status":"closed","sticky":false,"template":"","format":"standard","meta":{"h5ap_radio_sources":[],"footnotes":""},"categories":[1],"tags":[],"class_list":["post-133159","post","type-post","status-publish","format-standard","has-post-thumbnail","hentry","category-bihiregija"],"yoast_head":"<!-- This site is optimized with the Yoast SEO plugin v27.5 - https:\/\/yoast.com\/product\/yoast-seo-wordpress\/ -->\n<title>Patrijarh Porfirije \u010destitao Uskrs - RADIO LJUBU\u0160KI<\/title>\n<meta name=\"robots\" content=\"index, follow, max-snippet:-1, max-image-preview:large, max-video-preview:-1\" \/>\n<link rel=\"canonical\" href=\"https:\/\/radioljubuski.ba\/index.php\/2022\/04\/16\/patrijarh-porfirije-cestitao-uskrs\/\" \/>\n<meta property=\"og:locale\" content=\"hr_HR\" \/>\n<meta property=\"og:type\" content=\"article\" \/>\n<meta property=\"og:title\" content=\"Patrijarh Porfirije \u010destitao Uskrs - RADIO LJUBU\u0160KI\" \/>\n<meta property=\"og:description\" content=\"Patrijarh Srpske pravoslavne crkve Porfirije u subotu je \u010destitao Uskrs svima koji ga ove godine slave 17. travnja, Rimokatoli\u010dkoj Crkvi i crkvama Reformacije u Hrvatskoj i Sloveniji te zadarskom nadbiskupu \u017delimiru Pulji\u0107u, predsjedniku Hrvatske biskupske konferencije. &#8220;S istim ushi\u0107enjem svatko tko na sebi nosi ime Kristovo ovih \u0107e dana svjedo\u010diti da je Bog sa nama [&hellip;]\" \/>\n<meta property=\"og:url\" content=\"https:\/\/radioljubuski.ba\/index.php\/2022\/04\/16\/patrijarh-porfirije-cestitao-uskrs\/\" \/>\n<meta property=\"og:site_name\" content=\"RADIO LJUBU\u0160KI\" \/>\n<meta property=\"article:publisher\" content=\"https:\/\/www.facebook.com\/Radiio-Ljubuski-1490835324566332\" \/>\n<meta property=\"article:published_time\" content=\"2022-04-16T19:43:49+00:00\" \/>\n<meta property=\"article:modified_time\" content=\"2022-04-16T19:43:50+00:00\" \/>\n<meta property=\"og:image\" content=\"https:\/\/radioljubuski.ba\/wp-content\/uploads\/2022\/04\/10-2022-04-16-17-13-44-PXL_120121_31423282-1024x683-1.jpg\" \/>\n\t<meta property=\"og:image:width\" content=\"1000\" \/>\n\t<meta property=\"og:image:height\" content=\"625\" \/>\n\t<meta property=\"og:image:type\" content=\"image\/jpeg\" \/>\n<meta name=\"author\" content=\"Radio Ljubu\u0161ki\" \/>\n<meta name=\"twitter:card\" content=\"summary_large_image\" \/>\n<meta name=\"twitter:creator\" content=\"@radioljubuski\" \/>\n<meta name=\"twitter:site\" content=\"@radioljubuski\" \/>\n<meta name=\"twitter:label1\" content=\"Napisao\/la\" \/>\n\t<meta name=\"twitter:data1\" content=\"Radio Ljubu\u0161ki\" \/>\n\t<meta name=\"twitter:label2\" content=\"Procijenjeno vrijeme \u010ditanja\" \/>\n\t<meta name=\"twitter:data2\" content=\"2 minute\" \/>\n<script type=\"application\/ld+json\" class=\"yoast-schema-graph\">{\"@context\":\"https:\\\/\\\/schema.org\",\"@graph\":[{\"@type\":\"Article\",\"@id\":\"https:\\\/\\\/radioljubuski.ba\\\/index.php\\\/2022\\\/04\\\/16\\\/patrijarh-porfirije-cestitao-uskrs\\\/#article\",\"isPartOf\":{\"@id\":\"https:\\\/\\\/radioljubuski.ba\\\/index.php\\\/2022\\\/04\\\/16\\\/patrijarh-porfirije-cestitao-uskrs\\\/\"},\"author\":{\"name\":\"Radio Ljubu\u0161ki\",\"@id\":\"https:\\\/\\\/radioljubuski.ba\\\/#\\\/schema\\\/person\\\/19fc700381a780f69665d7956c469e3b\"},\"headline\":\"Patrijarh Porfirije \u010destitao Uskrs\",\"datePublished\":\"2022-04-16T19:43:49+00:00\",\"dateModified\":\"2022-04-16T19:43:50+00:00\",\"mainEntityOfPage\":{\"@id\":\"https:\\\/\\\/radioljubuski.ba\\\/index.php\\\/2022\\\/04\\\/16\\\/patrijarh-porfirije-cestitao-uskrs\\\/\"},\"wordCount\":412,\"publisher\":{\"@id\":\"https:\\\/\\\/radioljubuski.ba\\\/#organization\"},\"image\":{\"@id\":\"https:\\\/\\\/radioljubuski.ba\\\/index.php\\\/2022\\\/04\\\/16\\\/patrijarh-porfirije-cestitao-uskrs\\\/#primaryimage\"},\"thumbnailUrl\":\"https:\\\/\\\/radioljubuski.ba\\\/wp-content\\\/uploads\\\/2022\\\/04\\\/10-2022-04-16-17-13-44-PXL_120121_31423282-1024x683-1.jpg\",\"articleSection\":[\"BIH i regija\"],\"inLanguage\":\"hr\"},{\"@type\":\"WebPage\",\"@id\":\"https:\\\/\\\/radioljubuski.ba\\\/index.php\\\/2022\\\/04\\\/16\\\/patrijarh-porfirije-cestitao-uskrs\\\/\",\"url\":\"https:\\\/\\\/radioljubuski.ba\\\/index.php\\\/2022\\\/04\\\/16\\\/patrijarh-porfirije-cestitao-uskrs\\\/\",\"name\":\"Patrijarh Porfirije \u010destitao Uskrs - RADIO LJUBU\u0160KI\",\"isPartOf\":{\"@id\":\"https:\\\/\\\/radioljubuski.ba\\\/#website\"},\"primaryImageOfPage\":{\"@id\":\"https:\\\/\\\/radioljubuski.ba\\\/index.php\\\/2022\\\/04\\\/16\\\/patrijarh-porfirije-cestitao-uskrs\\\/#primaryimage\"},\"image\":{\"@id\":\"https:\\\/\\\/radioljubuski.ba\\\/index.php\\\/2022\\\/04\\\/16\\\/patrijarh-porfirije-cestitao-uskrs\\\/#primaryimage\"},\"thumbnailUrl\":\"https:\\\/\\\/radioljubuski.ba\\\/wp-content\\\/uploads\\\/2022\\\/04\\\/10-2022-04-16-17-13-44-PXL_120121_31423282-1024x683-1.jpg\",\"datePublished\":\"2022-04-16T19:43:49+00:00\",\"dateModified\":\"2022-04-16T19:43:50+00:00\",\"breadcrumb\":{\"@id\":\"https:\\\/\\\/radioljubuski.ba\\\/index.php\\\/2022\\\/04\\\/16\\\/patrijarh-porfirije-cestitao-uskrs\\\/#breadcrumb\"},\"inLanguage\":\"hr\",\"potentialAction\":[{\"@type\":\"ReadAction\",\"target\":[\"https:\\\/\\\/radioljubuski.ba\\\/index.php\\\/2022\\\/04\\\/16\\\/patrijarh-porfirije-cestitao-uskrs\\\/\"]}]},{\"@type\":\"ImageObject\",\"inLanguage\":\"hr\",\"@id\":\"https:\\\/\\\/radioljubuski.ba\\\/index.php\\\/2022\\\/04\\\/16\\\/patrijarh-porfirije-cestitao-uskrs\\\/#primaryimage\",\"url\":\"https:\\\/\\\/radioljubuski.ba\\\/wp-content\\\/uploads\\\/2022\\\/04\\\/10-2022-04-16-17-13-44-PXL_120121_31423282-1024x683-1.jpg\",\"contentUrl\":\"https:\\\/\\\/radioljubuski.ba\\\/wp-content\\\/uploads\\\/2022\\\/04\\\/10-2022-04-16-17-13-44-PXL_120121_31423282-1024x683-1.jpg\",\"width\":1000,\"height\":625},{\"@type\":\"BreadcrumbList\",\"@id\":\"https:\\\/\\\/radioljubuski.ba\\\/index.php\\\/2022\\\/04\\\/16\\\/patrijarh-porfirije-cestitao-uskrs\\\/#breadcrumb\",\"itemListElement\":[{\"@type\":\"ListItem\",\"position\":1,\"name\":\"Po\u010detna stranica\",\"item\":\"https:\\\/\\\/radioljubuski.ba\\\/\"},{\"@type\":\"ListItem\",\"position\":2,\"name\":\"Patrijarh Porfirije \u010destitao Uskrs\"}]},{\"@type\":\"WebSite\",\"@id\":\"https:\\\/\\\/radioljubuski.ba\\\/#website\",\"url\":\"https:\\\/\\\/radioljubuski.ba\\\/\",\"name\":\"Radio Ljubu\u0161ki\",\"description\":\"Sun\u010dana frekvencija Hercegovine\",\"publisher\":{\"@id\":\"https:\\\/\\\/radioljubuski.ba\\\/#organization\"},\"potentialAction\":[{\"@type\":\"SearchAction\",\"target\":{\"@type\":\"EntryPoint\",\"urlTemplate\":\"https:\\\/\\\/radioljubuski.ba\\\/?s={search_term_string}\"},\"query-input\":{\"@type\":\"PropertyValueSpecification\",\"valueRequired\":true,\"valueName\":\"search_term_string\"}}],\"inLanguage\":\"hr\"},{\"@type\":\"Organization\",\"@id\":\"https:\\\/\\\/radioljubuski.ba\\\/#organization\",\"name\":\"Radio Ljubu\u0161ki\",\"url\":\"https:\\\/\\\/radioljubuski.ba\\\/\",\"logo\":{\"@type\":\"ImageObject\",\"inLanguage\":\"hr\",\"@id\":\"https:\\\/\\\/radioljubuski.ba\\\/#\\\/schema\\\/logo\\\/image\\\/\",\"url\":\"https:\\\/\\\/radioljubuski.ba\\\/wp-content\\\/uploads\\\/2021\\\/02\\\/cropped-Radio_Ljubuski_logo1.jpg\",\"contentUrl\":\"https:\\\/\\\/radioljubuski.ba\\\/wp-content\\\/uploads\\\/2021\\\/02\\\/cropped-Radio_Ljubuski_logo1.jpg\",\"width\":512,\"height\":512,\"caption\":\"Radio Ljubu\u0161ki\"},\"image\":{\"@id\":\"https:\\\/\\\/radioljubuski.ba\\\/#\\\/schema\\\/logo\\\/image\\\/\"},\"sameAs\":[\"https:\\\/\\\/www.facebook.com\\\/Radiio-Ljubuski-1490835324566332\",\"https:\\\/\\\/x.com\\\/radioljubuski\",\"https:\\\/\\\/hr.linkedin.com\\\/company\\\/radio-ljubuski\",\"https:\\\/\\\/www.youtube.com\\\/channel\\\/UCHYaeO_n0Db3tjNGudGpXyw\"]},{\"@type\":\"Person\",\"@id\":\"https:\\\/\\\/radioljubuski.ba\\\/#\\\/schema\\\/person\\\/19fc700381a780f69665d7956c469e3b\",\"name\":\"Radio Ljubu\u0161ki\"}]}<\/script>\n<!-- \/ Yoast SEO plugin. -->","yoast_head_json":{"title":"Patrijarh Porfirije \u010destitao Uskrs - RADIO LJUBU\u0160KI","robots":{"index":"index","follow":"follow","max-snippet":"max-snippet:-1","max-image-preview":"max-image-preview:large","max-video-preview":"max-video-preview:-1"},"canonical":"https:\/\/radioljubuski.ba\/index.php\/2022\/04\/16\/patrijarh-porfirije-cestitao-uskrs\/","og_locale":"hr_HR","og_type":"article","og_title":"Patrijarh Porfirije \u010destitao Uskrs - RADIO LJUBU\u0160KI","og_description":"Patrijarh Srpske pravoslavne crkve Porfirije u subotu je \u010destitao Uskrs svima koji ga ove godine slave 17. travnja, Rimokatoli\u010dkoj Crkvi i crkvama Reformacije u Hrvatskoj i Sloveniji te zadarskom nadbiskupu \u017delimiru Pulji\u0107u, predsjedniku Hrvatske biskupske konferencije. &#8220;S istim ushi\u0107enjem svatko tko na sebi nosi ime Kristovo ovih \u0107e dana svjedo\u010diti da je Bog sa nama [&hellip;]","og_url":"https:\/\/radioljubuski.ba\/index.php\/2022\/04\/16\/patrijarh-porfirije-cestitao-uskrs\/","og_site_name":"RADIO LJUBU\u0160KI","article_publisher":"https:\/\/www.facebook.com\/Radiio-Ljubuski-1490835324566332","article_published_time":"2022-04-16T19:43:49+00:00","article_modified_time":"2022-04-16T19:43:50+00:00","og_image":[{"width":1000,"height":625,"url":"https:\/\/radioljubuski.ba\/wp-content\/uploads\/2022\/04\/10-2022-04-16-17-13-44-PXL_120121_31423282-1024x683-1.jpg","type":"image\/jpeg"}],"author":"Radio Ljubu\u0161ki","twitter_card":"summary_large_image","twitter_creator":"@radioljubuski","twitter_site":"@radioljubuski","twitter_misc":{"Napisao\/la":"Radio Ljubu\u0161ki","Procijenjeno vrijeme \u010ditanja":"2 minute"},"schema":{"@context":"https:\/\/schema.org","@graph":[{"@type":"Article","@id":"https:\/\/radioljubuski.ba\/index.php\/2022\/04\/16\/patrijarh-porfirije-cestitao-uskrs\/#article","isPartOf":{"@id":"https:\/\/radioljubuski.ba\/index.php\/2022\/04\/16\/patrijarh-porfirije-cestitao-uskrs\/"},"author":{"name":"Radio Ljubu\u0161ki","@id":"https:\/\/radioljubuski.ba\/#\/schema\/person\/19fc700381a780f69665d7956c469e3b"},"headline":"Patrijarh Porfirije \u010destitao Uskrs","datePublished":"2022-04-16T19:43:49+00:00","dateModified":"2022-04-16T19:43:50+00:00","mainEntityOfPage":{"@id":"https:\/\/radioljubuski.ba\/index.php\/2022\/04\/16\/patrijarh-porfirije-cestitao-uskrs\/"},"wordCount":412,"publisher":{"@id":"https:\/\/radioljubuski.ba\/#organization"},"image":{"@id":"https:\/\/radioljubuski.ba\/index.php\/2022\/04\/16\/patrijarh-porfirije-cestitao-uskrs\/#primaryimage"},"thumbnailUrl":"https:\/\/radioljubuski.ba\/wp-content\/uploads\/2022\/04\/10-2022-04-16-17-13-44-PXL_120121_31423282-1024x683-1.jpg","articleSection":["BIH i regija"],"inLanguage":"hr"},{"@type":"WebPage","@id":"https:\/\/radioljubuski.ba\/index.php\/2022\/04\/16\/patrijarh-porfirije-cestitao-uskrs\/","url":"https:\/\/radioljubuski.ba\/index.php\/2022\/04\/16\/patrijarh-porfirije-cestitao-uskrs\/","name":"Patrijarh Porfirije \u010destitao Uskrs - RADIO LJUBU\u0160KI","isPartOf":{"@id":"https:\/\/radioljubuski.ba\/#website"},"primaryImageOfPage":{"@id":"https:\/\/radioljubuski.ba\/index.php\/2022\/04\/16\/patrijarh-porfirije-cestitao-uskrs\/#primaryimage"},"image":{"@id":"https:\/\/radioljubuski.ba\/index.php\/2022\/04\/16\/patrijarh-porfirije-cestitao-uskrs\/#primaryimage"},"thumbnailUrl":"https:\/\/radioljubuski.ba\/wp-content\/uploads\/2022\/04\/10-2022-04-16-17-13-44-PXL_120121_31423282-1024x683-1.jpg","datePublished":"2022-04-16T19:43:49+00:00","dateModified":"2022-04-16T19:43:50+00:00","breadcrumb":{"@id":"https:\/\/radioljubuski.ba\/index.php\/2022\/04\/16\/patrijarh-porfirije-cestitao-uskrs\/#breadcrumb"},"inLanguage":"hr","potentialAction":[{"@type":"ReadAction","target":["https:\/\/radioljubuski.ba\/index.php\/2022\/04\/16\/patrijarh-porfirije-cestitao-uskrs\/"]}]},{"@type":"ImageObject","inLanguage":"hr","@id":"https:\/\/radioljubuski.ba\/index.php\/2022\/04\/16\/patrijarh-porfirije-cestitao-uskrs\/#primaryimage","url":"https:\/\/radioljubuski.ba\/wp-content\/uploads\/2022\/04\/10-2022-04-16-17-13-44-PXL_120121_31423282-1024x683-1.jpg","contentUrl":"https:\/\/radioljubuski.ba\/wp-content\/uploads\/2022\/04\/10-2022-04-16-17-13-44-PXL_120121_31423282-1024x683-1.jpg","width":1000,"height":625},{"@type":"BreadcrumbList","@id":"https:\/\/radioljubuski.ba\/index.php\/2022\/04\/16\/patrijarh-porfirije-cestitao-uskrs\/#breadcrumb","itemListElement":[{"@type":"ListItem","position":1,"name":"Po\u010detna stranica","item":"https:\/\/radioljubuski.ba\/"},{"@type":"ListItem","position":2,"name":"Patrijarh Porfirije \u010destitao Uskrs"}]},{"@type":"WebSite","@id":"https:\/\/radioljubuski.ba\/#website","url":"https:\/\/radioljubuski.ba\/","name":"Radio Ljubu\u0161ki","description":"Sun\u010dana frekvencija Hercegovine","publisher":{"@id":"https:\/\/radioljubuski.ba\/#organization"},"potentialAction":[{"@type":"SearchAction","target":{"@type":"EntryPoint","urlTemplate":"https:\/\/radioljubuski.ba\/?s={search_term_string}"},"query-input":{"@type":"PropertyValueSpecification","valueRequired":true,"valueName":"search_term_string"}}],"inLanguage":"hr"},{"@type":"Organization","@id":"https:\/\/radioljubuski.ba\/#organization","name":"Radio Ljubu\u0161ki","url":"https:\/\/radioljubuski.ba\/","logo":{"@type":"ImageObject","inLanguage":"hr","@id":"https:\/\/radioljubuski.ba\/#\/schema\/logo\/image\/","url":"https:\/\/radioljubuski.ba\/wp-content\/uploads\/2021\/02\/cropped-Radio_Ljubuski_logo1.jpg","contentUrl":"https:\/\/radioljubuski.ba\/wp-content\/uploads\/2021\/02\/cropped-Radio_Ljubuski_logo1.jpg","width":512,"height":512,"caption":"Radio Ljubu\u0161ki"},"image":{"@id":"https:\/\/radioljubuski.ba\/#\/schema\/logo\/image\/"},"sameAs":["https:\/\/www.facebook.com\/Radiio-Ljubuski-1490835324566332","https:\/\/x.com\/radioljubuski","https:\/\/hr.linkedin.com\/company\/radio-ljubuski","https:\/\/www.youtube.com\/channel\/UCHYaeO_n0Db3tjNGudGpXyw"]},{"@type":"Person","@id":"https:\/\/radioljubuski.ba\/#\/schema\/person\/19fc700381a780f69665d7956c469e3b","name":"Radio Ljubu\u0161ki"}]}},"_links":{"self":[{"href":"https:\/\/radioljubuski.ba\/index.php\/wp-json\/wp\/v2\/posts\/133159","targetHints":{"allow":["GET"]}}],"collection":[{"href":"https:\/\/radioljubuski.ba\/index.php\/wp-json\/wp\/v2\/posts"}],"about":[{"href":"https:\/\/radioljubuski.ba\/index.php\/wp-json\/wp\/v2\/types\/post"}],"author":[{"embeddable":true,"href":"https:\/\/radioljubuski.ba\/index.php\/wp-json\/wp\/v2\/users\/2"}],"replies":[{"embeddable":true,"href":"https:\/\/radioljubuski.ba\/index.php\/wp-json\/wp\/v2\/comments?post=133159"}],"version-history":[{"count":1,"href":"https:\/\/radioljubuski.ba\/index.php\/wp-json\/wp\/v2\/posts\/133159\/revisions"}],"predecessor-version":[{"id":133161,"href":"https:\/\/radioljubuski.ba\/index.php\/wp-json\/wp\/v2\/posts\/133159\/revisions\/133161"}],"wp:featuredmedia":[{"embeddable":true,"href":"https:\/\/radioljubuski.ba\/index.php\/wp-json\/wp\/v2\/media\/133160"}],"wp:attachment":[{"href":"https:\/\/radioljubuski.ba\/index.php\/wp-json\/wp\/v2\/media?parent=133159"}],"wp:term":[{"taxonomy":"category","embeddable":true,"href":"https:\/\/radioljubuski.ba\/index.php\/wp-json\/wp\/v2\/categories?post=133159"},{"taxonomy":"post_tag","embeddable":true,"href":"https:\/\/radioljubuski.ba\/index.php\/wp-json\/wp\/v2\/tags?post=133159"}],"curies":[{"name":"wp","href":"https:\/\/api.w.org\/{rel}","templated":true}]}}