{"id":133176,"date":"2022-04-16T20:51:24","date_gmt":"2022-04-16T19:51:24","guid":{"rendered":"https:\/\/radioljubuski.ba\/?p=133176"},"modified":"2022-04-16T20:51:25","modified_gmt":"2022-04-16T19:51:25","slug":"cikloturizam-moze-dati-dodatni-zamah-hercegovackom-turizmu","status":"publish","type":"post","link":"https:\/\/radioljubuski.ba\/index.php\/2022\/04\/16\/cikloturizam-moze-dati-dodatni-zamah-hercegovackom-turizmu\/","title":{"rendered":"Cikloturizam mo\u017ee dati dodatni zamah hercegova\u010dkom turizmu"},"content":{"rendered":"\n<p>Hercegovina ima ogromne potencijale za biciklisti\u010dki turizam tj. cikloturizam, a u proteklih desetak godina veliki broj udruga, institucija i pojedinaca naporno radi kako bi se taj potencijal iskoristio i kako bi Hercegovina postala top destinacija za ljubitelje rekreativnog, ali i profesionalnog biciklizma.<\/p>\n\n\n\n<p>Po rije\u010dima predsjednika udruge &#8220;Herzegovina Bike&#8221; Tonija Zori\u0107a, ideja je da se Hercegovina biciklisti\u010dki uredi po uzoru na Istru u kojoj je taj vid turizma iznimno razvijen.<\/p>\n\n\n\n<p>&#8211; Nedavno smo ovdje imali goste iz Istre koji su bili odu\u0161evljeni onim \u0161to su vidjeli i zbog toga mislim da smo na dobrom putu da od Hercegovine u\u010dinimo top cikloturisti\u010dku destinaciju kako bismo privukli \u0161to vi\u0161e turista &#8211; kazao je Zori\u0107 u razgovoru za Fenu.<\/p>\n\n\n\n<p>On je podsjetio da je biciklizam postao neizostavan dio turisti\u010dkih aran\u017emana, pa tako svaki ve\u0107i hotel u Dalmaciji ima u svojoj ponudi bicikle za iznajmljivanje, biciklisti\u010dke karte, staza&#8230;<\/p>\n\n\n\n<p>&#8211; \u0160to se ti\u010de Hercegovine, doista imamo ogromne potencijale o kojim su pisali veliki svjetski mediji. Naglasak je na stazi &#8220;\u0106iro&#8221;, koju je Lonely Planet uvrstio na \u010detvrto mjesto liste cikloturisti\u010dkih destinacija. To je velika stvar i ponosni smo na to &#8211; istaknuo je Zori\u0107.<\/p>\n\n\n\n<p>&#8220;\u0106iro&#8221; je 150 kilometra duga biciklisti\u010dka staza koja ide trasom napu\u0161tene austrougarske uskotra\u010dne pruge od Mostara do Dubrovnika.<\/p>\n\n\n\n<p>Zori\u0107 isti\u010de kako su cikloturisti iznimno zahvalni gosti o \u010demu svjedo\u010de iskustva ugostitelja \u010diji je posao vezan uz trasu &#8220;\u0106ire&#8221;.<\/p>\n\n\n\n<p>&#8211; Samo bih se osvrnuo na jedan primjer kod nas. Vlasnik jedne gostionice koja je izravno na \u0106irinoj turi iznio je podatke da je prve godine imao pove\u0107anje prometa od 20 posto, idu\u0107e godine ve\u0107 40 posto, a u tre\u0107oj godini porast prometa od \u010dak 80 posto &#8211; kazao je predsjednika udruge &#8220;Herzegovina Bike&#8221;.<\/p>\n\n\n\n<p>Biciklisti\u010dka autocesta<\/p>\n\n\n\n<p>Ivica Sivri\u0107, izvr\u0161ni direktor Regionalne agencije za ekonomski razvoj (REDAH) iz Mostara koja je sudjelovala u ure\u0111enju staze &#8220;\u0106iro&#8221;, istaknuo je kako su rezultati tog projekta daleko ve\u0107i i zna\u010dajniji od o\u010dekivanog.<\/p>\n\n\n\n<p>Po njegovim rije\u010dima, &#8220;\u0106iro&#8221; je danas biciklisti\u010dka autocesta na koju se ve\u017eu druge biciklisti\u010dke rute tako da Hercegovini sada ima preko dvije tisu\u0107e kilometara mapiranih staza.<\/p>\n\n\n\n<p>&#8220;\u0106iro&#8221; se tako\u0111er uvezuje s okolnim prirodnim i kulturno-povijesnem odredi\u0161tima koja nisu to\u010dno na biciklisti\u010dkoj ruti, ali se nalaze u neposrednoj blizini.<\/p>\n\n\n\n<p>&#8211; To je na primjer podru\u010dja Stoca koje je iznimno bogato takvim sadr\u017eajima. Kroz taj projekt smo mapirali stazu koja ide od \u010capljine i Po\u010ditelja, Radimlje, Stoca do Boljuna, pa sve do Ravnog i Vjetrenice &#8211; istaknuo je Sivri\u0107.<\/p>\n\n\n\n<p>Projekt \u0106iro ima i svoj nastavak kroz koji \u0107e du\u017eina postoje\u0107e staze biti vi\u0161e nego uduplana.<\/p>\n\n\n\n<p>&#8211; Radi se o projekt &#8220;\u0106iro II&#8221; koji je Inter-reg projekt s partnerima Ravno \u2013 Konavle \u2013 Herceg Novi, a REDAH je tu tehni\u010dka podr\u0161ka. U okviru tog projekta planirano je povezivanje samostana iz Hercegovine s onima u Fojnici i Kreljevoj Sutjesci stazom Franciscana, koja \u0107e biti duga oko 400 kilometara \u2013 kazao je Sivri\u0107.<\/p>\n\n\n\n<p>Za one najzahtjevnije u pripremi je i biciklisti\u010dka staza od Beograda do Dubrovnika.<\/p>\n\n\n\n<p>&#8211; Planiraju se urediti dvije trase, ju\u017ena bi i\u0161la preko Srbije do Crne Gore, kroz Boku kotorsku do Dubrovnik, dok je druga staza nama interesantnija. Iz Beograda se ide kroz Ma\u010dvu, do Drine u Gora\u017ede, preko Jahorine i Bjela\u0161nice na Ivan-sedlo, a zatim na \u0106irinu stazu koju onda ide cijelom du\u017einom kroz Hercegovinu do Dubrovnika &#8211; pojasnio je Sivri\u0107.<\/p>\n\n\n\n<p>Zajedno s mapiranjem i obilje\u017eavanjem biciklisti\u010dkih staza radi se na pobolj\u0161anju prate\u0107ih sadr\u017eaja koji jo\u0161 nisu na potrebnoj razini.<\/p>\n\n\n\n<p>&#8211; Na\u0161i ugostitelji jo\u0161 nisu spremni u onome obimu koji bi mi \u017eeljeli, ali shva\u0107amo da je to jedna novost i proces, i radimo na tome. Kao nastavak projekta \u0106iro uvidjeli smo potrebu podizanja usluge i kvalitete pogotovo kroz marketing, kako bi to prepoznao privatni sektor. U suradnji s partnerima iz Srbije i Crne Gore razvili smo i &#8216;Bike Friendly Standard&#8217; &#8211; kazao je Sivri\u0107.<\/p>\n\n\n\n<p>Bike Friendly Standard je program koji daje priznanje i certifikat pru\u017eateljima usluga u cikloturizmu i to u pet kategorija: kategorija smje\u0161taja, kategorija ugostiteljskih objekata, kategorija turisti\u010dkih agencija, kategorija servisnih stanica i kategorija parkinga.<\/p>\n\n\n\n<p>Sivri\u0107 nagla\u0161ava kako cikloturizma otvara brojne mogu\u0107nosti za lokalnu ekonomiju.<\/p>\n\n\n\n<p>&#8211; Cilj je da se u ovu pri\u010du uklju\u010di \u0161to vi\u0161e ljudi kako bi se Hercegovina brendirala, a onda iza toga i unutar Hercegovine promovirale mikroregije. \u017delimo turizam ubaciti u ruralnu sredinu, gdje bi onda postojala mogu\u0107nost &#8220;bed &amp; breakfast&#8221; objekata, ku\u0161aonica, gdje bi se mogli prodavati doma\u0107i proizvodi i mnoge druge stvari. Time bi se pove\u0107ala razina lokalne ekonomije, a indirektna bi mjera bila ostanku ljudima u ruralnim sredinama &#8211; ustvrdio je Sivri\u0107.<\/p>\n\n\n\n<p>Profesionalni biciklizam<\/p>\n\n\n\n<p>Usporedo s razvojem rekreativnog biciklizma u Hercegovini se radi na promociji biciklizma kao profesionalnog sporta.<\/p>\n\n\n\n<p>Toni Zori\u0107, koji je ujedno i predsjednik Biciklisti\u010dkog saveza BiH, smatra kako Hercegovina i tu ima \u0161to ponuditi.<\/p>\n\n\n\n<p>&#8211; Po pitanju profesionalnog biciklizma, \u017eelimo Hercegovinu, ali i BiH u\u010diniti jednom od top destinacija. Nedavno smo imali kamp bh. reprezentacije ovdje u Mostaru. Sve svjetske federacije vode svoje mlade sporta\u0161e na trening kampove u Tursku, Istru, na Kanare, a mi ih \u017eelimo dovesti ovdje kod nas. Zamislite da do\u0111e vi\u0161e stotina biciklista na mjesec dana, koliko bi to veliki zna\u010daj bio i kolika je to dobit &#8211; kazao je Zori\u0107.<\/p>\n\n\n\n<p>Ono \u010demu se tako\u0111er mora posvetiti dodatna pa\u017enja je ure\u0111enje gradskih biciklisti\u010dkih staza.<\/p>\n\n\n\n<p>&#8211; U Mostaru imamo jednu stazu kod Rondoa i jednu u Sjevernom logoru. Prije nekoliko godina smo s upravom Grada Mostara razgovarali o tome i obe\u0107ano nam je da \u0107e prilikom rekonstrukcije starih prometnica i izgradnje novih biti uklju\u010dene i biciklisti\u010dke staze. Nadamo se da \u0107e to tako biti, a mislim da bi se time pove\u0107ao broj ljudi koji bi bicikl koristili kao prometno sredstvo, barem u Mostaru &#8211; zaklju\u010dio je Zori\u0107.<\/p>\n\n\n\n<p>Izvor:pogled.ba<\/p>\n","protected":false},"excerpt":{"rendered":"<p>Hercegovina ima ogromne potencijale za biciklisti\u010dki turizam tj. cikloturizam, a u proteklih desetak godina veliki broj udruga, institucija i pojedinaca naporno radi kako bi se taj potencijal iskoristio i kako bi Hercegovina postala top destinacija za ljubitelje rekreativnog, ali i profesionalnog biciklizma. Po rije\u010dima predsjednika udruge &#8220;Herzegovina Bike&#8221; Tonija Zori\u0107a, ideja je da se Hercegovina [&hellip;]<\/p>\n","protected":false},"author":2,"featured_media":133177,"comment_status":"closed","ping_status":"closed","sticky":false,"template":"","format":"standard","meta":{"h5ap_radio_sources":[],"footnotes":""},"categories":[1],"tags":[],"class_list":["post-133176","post","type-post","status-publish","format-standard","has-post-thumbnail","hentry","category-bihiregija"],"yoast_head":"<!-- This site is optimized with the Yoast SEO plugin v27.5 - https:\/\/yoast.com\/product\/yoast-seo-wordpress\/ -->\n<title>Cikloturizam mo\u017ee dati dodatni zamah hercegova\u010dkom turizmu - RADIO LJUBU\u0160KI<\/title>\n<meta name=\"robots\" content=\"index, follow, max-snippet:-1, max-image-preview:large, max-video-preview:-1\" \/>\n<link rel=\"canonical\" href=\"https:\/\/radioljubuski.ba\/index.php\/2022\/04\/16\/cikloturizam-moze-dati-dodatni-zamah-hercegovackom-turizmu\/\" \/>\n<meta property=\"og:locale\" content=\"hr_HR\" \/>\n<meta property=\"og:type\" content=\"article\" \/>\n<meta property=\"og:title\" content=\"Cikloturizam mo\u017ee dati dodatni zamah hercegova\u010dkom turizmu - RADIO LJUBU\u0160KI\" \/>\n<meta property=\"og:description\" content=\"Hercegovina ima ogromne potencijale za biciklisti\u010dki turizam tj. cikloturizam, a u proteklih desetak godina veliki broj udruga, institucija i pojedinaca naporno radi kako bi se taj potencijal iskoristio i kako bi Hercegovina postala top destinacija za ljubitelje rekreativnog, ali i profesionalnog biciklizma. Po rije\u010dima predsjednika udruge &#8220;Herzegovina Bike&#8221; Tonija Zori\u0107a, ideja je da se Hercegovina [&hellip;]\" \/>\n<meta property=\"og:url\" content=\"https:\/\/radioljubuski.ba\/index.php\/2022\/04\/16\/cikloturizam-moze-dati-dodatni-zamah-hercegovackom-turizmu\/\" \/>\n<meta property=\"og:site_name\" content=\"RADIO LJUBU\u0160KI\" \/>\n<meta property=\"article:publisher\" content=\"https:\/\/www.facebook.com\/Radiio-Ljubuski-1490835324566332\" \/>\n<meta property=\"article:published_time\" content=\"2022-04-16T19:51:24+00:00\" \/>\n<meta property=\"article:modified_time\" content=\"2022-04-16T19:51:25+00:00\" \/>\n<meta property=\"og:image\" content=\"https:\/\/radioljubuski.ba\/wp-content\/uploads\/2022\/04\/2-2022-04-16-10-17-06-TURIZAM.png\" \/>\n\t<meta property=\"og:image:width\" content=\"1000\" \/>\n\t<meta property=\"og:image:height\" content=\"625\" \/>\n\t<meta property=\"og:image:type\" content=\"image\/png\" \/>\n<meta name=\"author\" content=\"Radio Ljubu\u0161ki\" \/>\n<meta name=\"twitter:card\" content=\"summary_large_image\" \/>\n<meta name=\"twitter:creator\" content=\"@radioljubuski\" \/>\n<meta name=\"twitter:site\" content=\"@radioljubuski\" \/>\n<meta name=\"twitter:label1\" content=\"Napisao\/la\" \/>\n\t<meta name=\"twitter:data1\" content=\"Radio Ljubu\u0161ki\" \/>\n\t<meta name=\"twitter:label2\" content=\"Procijenjeno vrijeme \u010ditanja\" \/>\n\t<meta name=\"twitter:data2\" content=\"5 minuta\" \/>\n<script type=\"application\/ld+json\" class=\"yoast-schema-graph\">{\"@context\":\"https:\\\/\\\/schema.org\",\"@graph\":[{\"@type\":\"Article\",\"@id\":\"https:\\\/\\\/radioljubuski.ba\\\/index.php\\\/2022\\\/04\\\/16\\\/cikloturizam-moze-dati-dodatni-zamah-hercegovackom-turizmu\\\/#article\",\"isPartOf\":{\"@id\":\"https:\\\/\\\/radioljubuski.ba\\\/index.php\\\/2022\\\/04\\\/16\\\/cikloturizam-moze-dati-dodatni-zamah-hercegovackom-turizmu\\\/\"},\"author\":{\"name\":\"Radio Ljubu\u0161ki\",\"@id\":\"https:\\\/\\\/radioljubuski.ba\\\/#\\\/schema\\\/person\\\/19fc700381a780f69665d7956c469e3b\"},\"headline\":\"Cikloturizam mo\u017ee dati dodatni zamah hercegova\u010dkom turizmu\",\"datePublished\":\"2022-04-16T19:51:24+00:00\",\"dateModified\":\"2022-04-16T19:51:25+00:00\",\"mainEntityOfPage\":{\"@id\":\"https:\\\/\\\/radioljubuski.ba\\\/index.php\\\/2022\\\/04\\\/16\\\/cikloturizam-moze-dati-dodatni-zamah-hercegovackom-turizmu\\\/\"},\"wordCount\":1026,\"publisher\":{\"@id\":\"https:\\\/\\\/radioljubuski.ba\\\/#organization\"},\"image\":{\"@id\":\"https:\\\/\\\/radioljubuski.ba\\\/index.php\\\/2022\\\/04\\\/16\\\/cikloturizam-moze-dati-dodatni-zamah-hercegovackom-turizmu\\\/#primaryimage\"},\"thumbnailUrl\":\"https:\\\/\\\/radioljubuski.ba\\\/wp-content\\\/uploads\\\/2022\\\/04\\\/2-2022-04-16-10-17-06-TURIZAM.png\",\"articleSection\":[\"BIH i regija\"],\"inLanguage\":\"hr\"},{\"@type\":\"WebPage\",\"@id\":\"https:\\\/\\\/radioljubuski.ba\\\/index.php\\\/2022\\\/04\\\/16\\\/cikloturizam-moze-dati-dodatni-zamah-hercegovackom-turizmu\\\/\",\"url\":\"https:\\\/\\\/radioljubuski.ba\\\/index.php\\\/2022\\\/04\\\/16\\\/cikloturizam-moze-dati-dodatni-zamah-hercegovackom-turizmu\\\/\",\"name\":\"Cikloturizam mo\u017ee dati dodatni zamah hercegova\u010dkom turizmu - RADIO LJUBU\u0160KI\",\"isPartOf\":{\"@id\":\"https:\\\/\\\/radioljubuski.ba\\\/#website\"},\"primaryImageOfPage\":{\"@id\":\"https:\\\/\\\/radioljubuski.ba\\\/index.php\\\/2022\\\/04\\\/16\\\/cikloturizam-moze-dati-dodatni-zamah-hercegovackom-turizmu\\\/#primaryimage\"},\"image\":{\"@id\":\"https:\\\/\\\/radioljubuski.ba\\\/index.php\\\/2022\\\/04\\\/16\\\/cikloturizam-moze-dati-dodatni-zamah-hercegovackom-turizmu\\\/#primaryimage\"},\"thumbnailUrl\":\"https:\\\/\\\/radioljubuski.ba\\\/wp-content\\\/uploads\\\/2022\\\/04\\\/2-2022-04-16-10-17-06-TURIZAM.png\",\"datePublished\":\"2022-04-16T19:51:24+00:00\",\"dateModified\":\"2022-04-16T19:51:25+00:00\",\"breadcrumb\":{\"@id\":\"https:\\\/\\\/radioljubuski.ba\\\/index.php\\\/2022\\\/04\\\/16\\\/cikloturizam-moze-dati-dodatni-zamah-hercegovackom-turizmu\\\/#breadcrumb\"},\"inLanguage\":\"hr\",\"potentialAction\":[{\"@type\":\"ReadAction\",\"target\":[\"https:\\\/\\\/radioljubuski.ba\\\/index.php\\\/2022\\\/04\\\/16\\\/cikloturizam-moze-dati-dodatni-zamah-hercegovackom-turizmu\\\/\"]}]},{\"@type\":\"ImageObject\",\"inLanguage\":\"hr\",\"@id\":\"https:\\\/\\\/radioljubuski.ba\\\/index.php\\\/2022\\\/04\\\/16\\\/cikloturizam-moze-dati-dodatni-zamah-hercegovackom-turizmu\\\/#primaryimage\",\"url\":\"https:\\\/\\\/radioljubuski.ba\\\/wp-content\\\/uploads\\\/2022\\\/04\\\/2-2022-04-16-10-17-06-TURIZAM.png\",\"contentUrl\":\"https:\\\/\\\/radioljubuski.ba\\\/wp-content\\\/uploads\\\/2022\\\/04\\\/2-2022-04-16-10-17-06-TURIZAM.png\",\"width\":1000,\"height\":625},{\"@type\":\"BreadcrumbList\",\"@id\":\"https:\\\/\\\/radioljubuski.ba\\\/index.php\\\/2022\\\/04\\\/16\\\/cikloturizam-moze-dati-dodatni-zamah-hercegovackom-turizmu\\\/#breadcrumb\",\"itemListElement\":[{\"@type\":\"ListItem\",\"position\":1,\"name\":\"Po\u010detna stranica\",\"item\":\"https:\\\/\\\/radioljubuski.ba\\\/\"},{\"@type\":\"ListItem\",\"position\":2,\"name\":\"Cikloturizam mo\u017ee dati dodatni zamah hercegova\u010dkom turizmu\"}]},{\"@type\":\"WebSite\",\"@id\":\"https:\\\/\\\/radioljubuski.ba\\\/#website\",\"url\":\"https:\\\/\\\/radioljubuski.ba\\\/\",\"name\":\"Radio Ljubu\u0161ki\",\"description\":\"Sun\u010dana frekvencija Hercegovine\",\"publisher\":{\"@id\":\"https:\\\/\\\/radioljubuski.ba\\\/#organization\"},\"potentialAction\":[{\"@type\":\"SearchAction\",\"target\":{\"@type\":\"EntryPoint\",\"urlTemplate\":\"https:\\\/\\\/radioljubuski.ba\\\/?s={search_term_string}\"},\"query-input\":{\"@type\":\"PropertyValueSpecification\",\"valueRequired\":true,\"valueName\":\"search_term_string\"}}],\"inLanguage\":\"hr\"},{\"@type\":\"Organization\",\"@id\":\"https:\\\/\\\/radioljubuski.ba\\\/#organization\",\"name\":\"Radio Ljubu\u0161ki\",\"url\":\"https:\\\/\\\/radioljubuski.ba\\\/\",\"logo\":{\"@type\":\"ImageObject\",\"inLanguage\":\"hr\",\"@id\":\"https:\\\/\\\/radioljubuski.ba\\\/#\\\/schema\\\/logo\\\/image\\\/\",\"url\":\"https:\\\/\\\/radioljubuski.ba\\\/wp-content\\\/uploads\\\/2021\\\/02\\\/cropped-Radio_Ljubuski_logo1.jpg\",\"contentUrl\":\"https:\\\/\\\/radioljubuski.ba\\\/wp-content\\\/uploads\\\/2021\\\/02\\\/cropped-Radio_Ljubuski_logo1.jpg\",\"width\":512,\"height\":512,\"caption\":\"Radio Ljubu\u0161ki\"},\"image\":{\"@id\":\"https:\\\/\\\/radioljubuski.ba\\\/#\\\/schema\\\/logo\\\/image\\\/\"},\"sameAs\":[\"https:\\\/\\\/www.facebook.com\\\/Radiio-Ljubuski-1490835324566332\",\"https:\\\/\\\/x.com\\\/radioljubuski\",\"https:\\\/\\\/hr.linkedin.com\\\/company\\\/radio-ljubuski\",\"https:\\\/\\\/www.youtube.com\\\/channel\\\/UCHYaeO_n0Db3tjNGudGpXyw\"]},{\"@type\":\"Person\",\"@id\":\"https:\\\/\\\/radioljubuski.ba\\\/#\\\/schema\\\/person\\\/19fc700381a780f69665d7956c469e3b\",\"name\":\"Radio Ljubu\u0161ki\"}]}<\/script>\n<!-- \/ Yoast SEO plugin. -->","yoast_head_json":{"title":"Cikloturizam mo\u017ee dati dodatni zamah hercegova\u010dkom turizmu - RADIO LJUBU\u0160KI","robots":{"index":"index","follow":"follow","max-snippet":"max-snippet:-1","max-image-preview":"max-image-preview:large","max-video-preview":"max-video-preview:-1"},"canonical":"https:\/\/radioljubuski.ba\/index.php\/2022\/04\/16\/cikloturizam-moze-dati-dodatni-zamah-hercegovackom-turizmu\/","og_locale":"hr_HR","og_type":"article","og_title":"Cikloturizam mo\u017ee dati dodatni zamah hercegova\u010dkom turizmu - RADIO LJUBU\u0160KI","og_description":"Hercegovina ima ogromne potencijale za biciklisti\u010dki turizam tj. cikloturizam, a u proteklih desetak godina veliki broj udruga, institucija i pojedinaca naporno radi kako bi se taj potencijal iskoristio i kako bi Hercegovina postala top destinacija za ljubitelje rekreativnog, ali i profesionalnog biciklizma. Po rije\u010dima predsjednika udruge &#8220;Herzegovina Bike&#8221; Tonija Zori\u0107a, ideja je da se Hercegovina [&hellip;]","og_url":"https:\/\/radioljubuski.ba\/index.php\/2022\/04\/16\/cikloturizam-moze-dati-dodatni-zamah-hercegovackom-turizmu\/","og_site_name":"RADIO LJUBU\u0160KI","article_publisher":"https:\/\/www.facebook.com\/Radiio-Ljubuski-1490835324566332","article_published_time":"2022-04-16T19:51:24+00:00","article_modified_time":"2022-04-16T19:51:25+00:00","og_image":[{"width":1000,"height":625,"url":"https:\/\/radioljubuski.ba\/wp-content\/uploads\/2022\/04\/2-2022-04-16-10-17-06-TURIZAM.png","type":"image\/png"}],"author":"Radio Ljubu\u0161ki","twitter_card":"summary_large_image","twitter_creator":"@radioljubuski","twitter_site":"@radioljubuski","twitter_misc":{"Napisao\/la":"Radio Ljubu\u0161ki","Procijenjeno vrijeme \u010ditanja":"5 minuta"},"schema":{"@context":"https:\/\/schema.org","@graph":[{"@type":"Article","@id":"https:\/\/radioljubuski.ba\/index.php\/2022\/04\/16\/cikloturizam-moze-dati-dodatni-zamah-hercegovackom-turizmu\/#article","isPartOf":{"@id":"https:\/\/radioljubuski.ba\/index.php\/2022\/04\/16\/cikloturizam-moze-dati-dodatni-zamah-hercegovackom-turizmu\/"},"author":{"name":"Radio Ljubu\u0161ki","@id":"https:\/\/radioljubuski.ba\/#\/schema\/person\/19fc700381a780f69665d7956c469e3b"},"headline":"Cikloturizam mo\u017ee dati dodatni zamah hercegova\u010dkom turizmu","datePublished":"2022-04-16T19:51:24+00:00","dateModified":"2022-04-16T19:51:25+00:00","mainEntityOfPage":{"@id":"https:\/\/radioljubuski.ba\/index.php\/2022\/04\/16\/cikloturizam-moze-dati-dodatni-zamah-hercegovackom-turizmu\/"},"wordCount":1026,"publisher":{"@id":"https:\/\/radioljubuski.ba\/#organization"},"image":{"@id":"https:\/\/radioljubuski.ba\/index.php\/2022\/04\/16\/cikloturizam-moze-dati-dodatni-zamah-hercegovackom-turizmu\/#primaryimage"},"thumbnailUrl":"https:\/\/radioljubuski.ba\/wp-content\/uploads\/2022\/04\/2-2022-04-16-10-17-06-TURIZAM.png","articleSection":["BIH i regija"],"inLanguage":"hr"},{"@type":"WebPage","@id":"https:\/\/radioljubuski.ba\/index.php\/2022\/04\/16\/cikloturizam-moze-dati-dodatni-zamah-hercegovackom-turizmu\/","url":"https:\/\/radioljubuski.ba\/index.php\/2022\/04\/16\/cikloturizam-moze-dati-dodatni-zamah-hercegovackom-turizmu\/","name":"Cikloturizam mo\u017ee dati dodatni zamah hercegova\u010dkom turizmu - RADIO LJUBU\u0160KI","isPartOf":{"@id":"https:\/\/radioljubuski.ba\/#website"},"primaryImageOfPage":{"@id":"https:\/\/radioljubuski.ba\/index.php\/2022\/04\/16\/cikloturizam-moze-dati-dodatni-zamah-hercegovackom-turizmu\/#primaryimage"},"image":{"@id":"https:\/\/radioljubuski.ba\/index.php\/2022\/04\/16\/cikloturizam-moze-dati-dodatni-zamah-hercegovackom-turizmu\/#primaryimage"},"thumbnailUrl":"https:\/\/radioljubuski.ba\/wp-content\/uploads\/2022\/04\/2-2022-04-16-10-17-06-TURIZAM.png","datePublished":"2022-04-16T19:51:24+00:00","dateModified":"2022-04-16T19:51:25+00:00","breadcrumb":{"@id":"https:\/\/radioljubuski.ba\/index.php\/2022\/04\/16\/cikloturizam-moze-dati-dodatni-zamah-hercegovackom-turizmu\/#breadcrumb"},"inLanguage":"hr","potentialAction":[{"@type":"ReadAction","target":["https:\/\/radioljubuski.ba\/index.php\/2022\/04\/16\/cikloturizam-moze-dati-dodatni-zamah-hercegovackom-turizmu\/"]}]},{"@type":"ImageObject","inLanguage":"hr","@id":"https:\/\/radioljubuski.ba\/index.php\/2022\/04\/16\/cikloturizam-moze-dati-dodatni-zamah-hercegovackom-turizmu\/#primaryimage","url":"https:\/\/radioljubuski.ba\/wp-content\/uploads\/2022\/04\/2-2022-04-16-10-17-06-TURIZAM.png","contentUrl":"https:\/\/radioljubuski.ba\/wp-content\/uploads\/2022\/04\/2-2022-04-16-10-17-06-TURIZAM.png","width":1000,"height":625},{"@type":"BreadcrumbList","@id":"https:\/\/radioljubuski.ba\/index.php\/2022\/04\/16\/cikloturizam-moze-dati-dodatni-zamah-hercegovackom-turizmu\/#breadcrumb","itemListElement":[{"@type":"ListItem","position":1,"name":"Po\u010detna stranica","item":"https:\/\/radioljubuski.ba\/"},{"@type":"ListItem","position":2,"name":"Cikloturizam mo\u017ee dati dodatni zamah hercegova\u010dkom turizmu"}]},{"@type":"WebSite","@id":"https:\/\/radioljubuski.ba\/#website","url":"https:\/\/radioljubuski.ba\/","name":"Radio Ljubu\u0161ki","description":"Sun\u010dana frekvencija Hercegovine","publisher":{"@id":"https:\/\/radioljubuski.ba\/#organization"},"potentialAction":[{"@type":"SearchAction","target":{"@type":"EntryPoint","urlTemplate":"https:\/\/radioljubuski.ba\/?s={search_term_string}"},"query-input":{"@type":"PropertyValueSpecification","valueRequired":true,"valueName":"search_term_string"}}],"inLanguage":"hr"},{"@type":"Organization","@id":"https:\/\/radioljubuski.ba\/#organization","name":"Radio Ljubu\u0161ki","url":"https:\/\/radioljubuski.ba\/","logo":{"@type":"ImageObject","inLanguage":"hr","@id":"https:\/\/radioljubuski.ba\/#\/schema\/logo\/image\/","url":"https:\/\/radioljubuski.ba\/wp-content\/uploads\/2021\/02\/cropped-Radio_Ljubuski_logo1.jpg","contentUrl":"https:\/\/radioljubuski.ba\/wp-content\/uploads\/2021\/02\/cropped-Radio_Ljubuski_logo1.jpg","width":512,"height":512,"caption":"Radio Ljubu\u0161ki"},"image":{"@id":"https:\/\/radioljubuski.ba\/#\/schema\/logo\/image\/"},"sameAs":["https:\/\/www.facebook.com\/Radiio-Ljubuski-1490835324566332","https:\/\/x.com\/radioljubuski","https:\/\/hr.linkedin.com\/company\/radio-ljubuski","https:\/\/www.youtube.com\/channel\/UCHYaeO_n0Db3tjNGudGpXyw"]},{"@type":"Person","@id":"https:\/\/radioljubuski.ba\/#\/schema\/person\/19fc700381a780f69665d7956c469e3b","name":"Radio Ljubu\u0161ki"}]}},"_links":{"self":[{"href":"https:\/\/radioljubuski.ba\/index.php\/wp-json\/wp\/v2\/posts\/133176","targetHints":{"allow":["GET"]}}],"collection":[{"href":"https:\/\/radioljubuski.ba\/index.php\/wp-json\/wp\/v2\/posts"}],"about":[{"href":"https:\/\/radioljubuski.ba\/index.php\/wp-json\/wp\/v2\/types\/post"}],"author":[{"embeddable":true,"href":"https:\/\/radioljubuski.ba\/index.php\/wp-json\/wp\/v2\/users\/2"}],"replies":[{"embeddable":true,"href":"https:\/\/radioljubuski.ba\/index.php\/wp-json\/wp\/v2\/comments?post=133176"}],"version-history":[{"count":1,"href":"https:\/\/radioljubuski.ba\/index.php\/wp-json\/wp\/v2\/posts\/133176\/revisions"}],"predecessor-version":[{"id":133178,"href":"https:\/\/radioljubuski.ba\/index.php\/wp-json\/wp\/v2\/posts\/133176\/revisions\/133178"}],"wp:featuredmedia":[{"embeddable":true,"href":"https:\/\/radioljubuski.ba\/index.php\/wp-json\/wp\/v2\/media\/133177"}],"wp:attachment":[{"href":"https:\/\/radioljubuski.ba\/index.php\/wp-json\/wp\/v2\/media?parent=133176"}],"wp:term":[{"taxonomy":"category","embeddable":true,"href":"https:\/\/radioljubuski.ba\/index.php\/wp-json\/wp\/v2\/categories?post=133176"},{"taxonomy":"post_tag","embeddable":true,"href":"https:\/\/radioljubuski.ba\/index.php\/wp-json\/wp\/v2\/tags?post=133176"}],"curies":[{"name":"wp","href":"https:\/\/api.w.org\/{rel}","templated":true}]}}