{"id":133189,"date":"2022-04-16T20:57:18","date_gmt":"2022-04-16T19:57:18","guid":{"rendered":"https:\/\/radioljubuski.ba\/?p=133189"},"modified":"2022-04-16T20:57:19","modified_gmt":"2022-04-16T19:57:19","slug":"sprijeceno-krijumcarenje-26-nezakonitih-migranata","status":"publish","type":"post","link":"https:\/\/radioljubuski.ba\/index.php\/2022\/04\/16\/sprijeceno-krijumcarenje-26-nezakonitih-migranata\/","title":{"rendered":"Sprije\u010deno krijum\u010darenje 26 nezakonitih migranata"},"content":{"rendered":"\n<p>Pripadnici Postrojbe grani\u010dne policije (PGP) Zvornik u subotu su sprije\u010dili krijum\u010darenje migranata u mjestu Kozluk u ovoj op\u0107ini, gdje su prilikom nadzora dr\u017eavne granice i uz kori\u0161tenje specijalisti\u010dke opreme uo\u010dili \u010damac iz Republike Srbije koji je plovio rijekom Drinom prema teritoriju BiH.<\/p>\n\n\n\n<p>Pripadnici PGP Zvornik zaustavili su \u010damac u kojemu se nalazilo 26 osoba (nezakonitih migranata) od kojih su 20 dr\u017eavljani Indije, tri Pakistana, te po jedan dr\u017eavljanin Gane, Zambije i Tunisa, priop\u0107eno je iz Grani\u010dne policije (GP) BiH.<\/p>\n\n\n\n<p>Pod nadzorom de\u017eurnog tu\u017eitelja Tu\u017eiteljstva BiH provode se mjere i radnje na dokumentiranju kaznenog djela &#8220;krijum\u010darenje ljudi&#8221;.<\/p>\n\n\n\n<p>Ravnatelj GP BiH Zoran Gali\u0107 pohvalio je rad pripadnika Postrojbe grani\u010dne policije Zvornik i istaknuo da ostvaruju sve bolje rezultate rada.<\/p>\n\n\n\n<p>&#8220;Pripadnici PGP Zvornik kontinuirano rade na sprje\u010davanju krijum\u010darenja migranata, kao i svih oblika prekograni\u010dnog kriminaliteta, te ovim putem im zahvaljujem na jako dobrim rezultatima koje ostvaruju posebno posljednjih godina, ula\u017eu\u0107i maksimalne napore u za\u0161titi dr\u017eavne granice. Istaknuo bih posebno policijske slu\u017ebenike koji su dobrovoljno anga\u017eirani u ovu postrojbu, na mjestima gdje je najve\u0107i migracijski pritisak, kako bi se u\u010dinkovitije \u0161titila dr\u017eavna granica&#8221;, istaknuo je Gali\u0107.<\/p>\n\n\n\n<p>Jedna osoba, dr\u017eavljanin Afganistana, li\u0161ena je slobode te \u0107e u zakonskom roku biti predana tu\u017eitelju Tu\u017eiteljstva BiH uz izvje\u0161\u0107e o po\u010dinjenom kaznenom djelu.<\/p>\n\n\n\n<p>Izvor:pogled.ba<\/p>\n","protected":false},"excerpt":{"rendered":"<p>Pripadnici Postrojbe grani\u010dne policije (PGP) Zvornik u subotu su sprije\u010dili krijum\u010darenje migranata u mjestu Kozluk u ovoj op\u0107ini, gdje su prilikom nadzora dr\u017eavne granice i uz kori\u0161tenje specijalisti\u010dke opreme uo\u010dili \u010damac iz Republike Srbije koji je plovio rijekom Drinom prema teritoriju BiH. Pripadnici PGP Zvornik zaustavili su \u010damac u kojemu se nalazilo 26 osoba (nezakonitih [&hellip;]<\/p>\n","protected":false},"author":2,"featured_media":133190,"comment_status":"closed","ping_status":"closed","sticky":false,"template":"","format":"standard","meta":{"h5ap_radio_sources":[],"footnotes":""},"categories":[1],"tags":[],"class_list":["post-133189","post","type-post","status-publish","format-standard","has-post-thumbnail","hentry","category-bihiregija"],"yoast_head":"<!-- This site is optimized with the Yoast SEO plugin v27.5 - https:\/\/yoast.com\/product\/yoast-seo-wordpress\/ -->\n<title>Sprije\u010deno krijum\u010darenje 26 nezakonitih migranata - RADIO LJUBU\u0160KI<\/title>\n<meta name=\"robots\" content=\"index, follow, max-snippet:-1, max-image-preview:large, max-video-preview:-1\" \/>\n<link rel=\"canonical\" href=\"https:\/\/radioljubuski.ba\/index.php\/2022\/04\/16\/sprijeceno-krijumcarenje-26-nezakonitih-migranata\/\" \/>\n<meta property=\"og:locale\" content=\"hr_HR\" \/>\n<meta property=\"og:type\" content=\"article\" \/>\n<meta property=\"og:title\" content=\"Sprije\u010deno krijum\u010darenje 26 nezakonitih migranata - RADIO LJUBU\u0160KI\" \/>\n<meta property=\"og:description\" content=\"Pripadnici Postrojbe grani\u010dne policije (PGP) Zvornik u subotu su sprije\u010dili krijum\u010darenje migranata u mjestu Kozluk u ovoj op\u0107ini, gdje su prilikom nadzora dr\u017eavne granice i uz kori\u0161tenje specijalisti\u010dke opreme uo\u010dili \u010damac iz Republike Srbije koji je plovio rijekom Drinom prema teritoriju BiH. Pripadnici PGP Zvornik zaustavili su \u010damac u kojemu se nalazilo 26 osoba (nezakonitih [&hellip;]\" \/>\n<meta property=\"og:url\" content=\"https:\/\/radioljubuski.ba\/index.php\/2022\/04\/16\/sprijeceno-krijumcarenje-26-nezakonitih-migranata\/\" \/>\n<meta property=\"og:site_name\" content=\"RADIO LJUBU\u0160KI\" \/>\n<meta property=\"article:publisher\" content=\"https:\/\/www.facebook.com\/Radiio-Ljubuski-1490835324566332\" \/>\n<meta property=\"article:published_time\" content=\"2022-04-16T19:57:18+00:00\" \/>\n<meta property=\"article:modified_time\" content=\"2022-04-16T19:57:19+00:00\" \/>\n<meta property=\"og:image\" content=\"https:\/\/radioljubuski.ba\/wp-content\/uploads\/2022\/04\/2-2022-04-16-11-46-02-l_917f2bb12d1ae2dbc02ea3cb030cba31.jpeg\" \/>\n\t<meta property=\"og:image:width\" content=\"1000\" \/>\n\t<meta property=\"og:image:height\" content=\"625\" \/>\n\t<meta property=\"og:image:type\" content=\"image\/jpeg\" \/>\n<meta name=\"author\" content=\"Radio Ljubu\u0161ki\" \/>\n<meta name=\"twitter:card\" content=\"summary_large_image\" \/>\n<meta name=\"twitter:creator\" content=\"@radioljubuski\" \/>\n<meta name=\"twitter:site\" content=\"@radioljubuski\" \/>\n<meta name=\"twitter:label1\" content=\"Napisao\/la\" \/>\n\t<meta name=\"twitter:data1\" content=\"Radio Ljubu\u0161ki\" \/>\n\t<meta name=\"twitter:label2\" content=\"Procijenjeno vrijeme \u010ditanja\" \/>\n\t<meta name=\"twitter:data2\" content=\"1 minuta\" \/>\n<script type=\"application\/ld+json\" class=\"yoast-schema-graph\">{\"@context\":\"https:\\\/\\\/schema.org\",\"@graph\":[{\"@type\":\"Article\",\"@id\":\"https:\\\/\\\/radioljubuski.ba\\\/index.php\\\/2022\\\/04\\\/16\\\/sprijeceno-krijumcarenje-26-nezakonitih-migranata\\\/#article\",\"isPartOf\":{\"@id\":\"https:\\\/\\\/radioljubuski.ba\\\/index.php\\\/2022\\\/04\\\/16\\\/sprijeceno-krijumcarenje-26-nezakonitih-migranata\\\/\"},\"author\":{\"name\":\"Radio Ljubu\u0161ki\",\"@id\":\"https:\\\/\\\/radioljubuski.ba\\\/#\\\/schema\\\/person\\\/19fc700381a780f69665d7956c469e3b\"},\"headline\":\"Sprije\u010deno krijum\u010darenje 26 nezakonitih migranata\",\"datePublished\":\"2022-04-16T19:57:18+00:00\",\"dateModified\":\"2022-04-16T19:57:19+00:00\",\"mainEntityOfPage\":{\"@id\":\"https:\\\/\\\/radioljubuski.ba\\\/index.php\\\/2022\\\/04\\\/16\\\/sprijeceno-krijumcarenje-26-nezakonitih-migranata\\\/\"},\"wordCount\":247,\"publisher\":{\"@id\":\"https:\\\/\\\/radioljubuski.ba\\\/#organization\"},\"image\":{\"@id\":\"https:\\\/\\\/radioljubuski.ba\\\/index.php\\\/2022\\\/04\\\/16\\\/sprijeceno-krijumcarenje-26-nezakonitih-migranata\\\/#primaryimage\"},\"thumbnailUrl\":\"https:\\\/\\\/radioljubuski.ba\\\/wp-content\\\/uploads\\\/2022\\\/04\\\/2-2022-04-16-11-46-02-l_917f2bb12d1ae2dbc02ea3cb030cba31.jpeg\",\"articleSection\":[\"BIH i regija\"],\"inLanguage\":\"hr\"},{\"@type\":\"WebPage\",\"@id\":\"https:\\\/\\\/radioljubuski.ba\\\/index.php\\\/2022\\\/04\\\/16\\\/sprijeceno-krijumcarenje-26-nezakonitih-migranata\\\/\",\"url\":\"https:\\\/\\\/radioljubuski.ba\\\/index.php\\\/2022\\\/04\\\/16\\\/sprijeceno-krijumcarenje-26-nezakonitih-migranata\\\/\",\"name\":\"Sprije\u010deno krijum\u010darenje 26 nezakonitih migranata - RADIO LJUBU\u0160KI\",\"isPartOf\":{\"@id\":\"https:\\\/\\\/radioljubuski.ba\\\/#website\"},\"primaryImageOfPage\":{\"@id\":\"https:\\\/\\\/radioljubuski.ba\\\/index.php\\\/2022\\\/04\\\/16\\\/sprijeceno-krijumcarenje-26-nezakonitih-migranata\\\/#primaryimage\"},\"image\":{\"@id\":\"https:\\\/\\\/radioljubuski.ba\\\/index.php\\\/2022\\\/04\\\/16\\\/sprijeceno-krijumcarenje-26-nezakonitih-migranata\\\/#primaryimage\"},\"thumbnailUrl\":\"https:\\\/\\\/radioljubuski.ba\\\/wp-content\\\/uploads\\\/2022\\\/04\\\/2-2022-04-16-11-46-02-l_917f2bb12d1ae2dbc02ea3cb030cba31.jpeg\",\"datePublished\":\"2022-04-16T19:57:18+00:00\",\"dateModified\":\"2022-04-16T19:57:19+00:00\",\"breadcrumb\":{\"@id\":\"https:\\\/\\\/radioljubuski.ba\\\/index.php\\\/2022\\\/04\\\/16\\\/sprijeceno-krijumcarenje-26-nezakonitih-migranata\\\/#breadcrumb\"},\"inLanguage\":\"hr\",\"potentialAction\":[{\"@type\":\"ReadAction\",\"target\":[\"https:\\\/\\\/radioljubuski.ba\\\/index.php\\\/2022\\\/04\\\/16\\\/sprijeceno-krijumcarenje-26-nezakonitih-migranata\\\/\"]}]},{\"@type\":\"ImageObject\",\"inLanguage\":\"hr\",\"@id\":\"https:\\\/\\\/radioljubuski.ba\\\/index.php\\\/2022\\\/04\\\/16\\\/sprijeceno-krijumcarenje-26-nezakonitih-migranata\\\/#primaryimage\",\"url\":\"https:\\\/\\\/radioljubuski.ba\\\/wp-content\\\/uploads\\\/2022\\\/04\\\/2-2022-04-16-11-46-02-l_917f2bb12d1ae2dbc02ea3cb030cba31.jpeg\",\"contentUrl\":\"https:\\\/\\\/radioljubuski.ba\\\/wp-content\\\/uploads\\\/2022\\\/04\\\/2-2022-04-16-11-46-02-l_917f2bb12d1ae2dbc02ea3cb030cba31.jpeg\",\"width\":1000,\"height\":625},{\"@type\":\"BreadcrumbList\",\"@id\":\"https:\\\/\\\/radioljubuski.ba\\\/index.php\\\/2022\\\/04\\\/16\\\/sprijeceno-krijumcarenje-26-nezakonitih-migranata\\\/#breadcrumb\",\"itemListElement\":[{\"@type\":\"ListItem\",\"position\":1,\"name\":\"Po\u010detna stranica\",\"item\":\"https:\\\/\\\/radioljubuski.ba\\\/\"},{\"@type\":\"ListItem\",\"position\":2,\"name\":\"Sprije\u010deno krijum\u010darenje 26 nezakonitih migranata\"}]},{\"@type\":\"WebSite\",\"@id\":\"https:\\\/\\\/radioljubuski.ba\\\/#website\",\"url\":\"https:\\\/\\\/radioljubuski.ba\\\/\",\"name\":\"Radio Ljubu\u0161ki\",\"description\":\"Sun\u010dana frekvencija Hercegovine\",\"publisher\":{\"@id\":\"https:\\\/\\\/radioljubuski.ba\\\/#organization\"},\"potentialAction\":[{\"@type\":\"SearchAction\",\"target\":{\"@type\":\"EntryPoint\",\"urlTemplate\":\"https:\\\/\\\/radioljubuski.ba\\\/?s={search_term_string}\"},\"query-input\":{\"@type\":\"PropertyValueSpecification\",\"valueRequired\":true,\"valueName\":\"search_term_string\"}}],\"inLanguage\":\"hr\"},{\"@type\":\"Organization\",\"@id\":\"https:\\\/\\\/radioljubuski.ba\\\/#organization\",\"name\":\"Radio Ljubu\u0161ki\",\"url\":\"https:\\\/\\\/radioljubuski.ba\\\/\",\"logo\":{\"@type\":\"ImageObject\",\"inLanguage\":\"hr\",\"@id\":\"https:\\\/\\\/radioljubuski.ba\\\/#\\\/schema\\\/logo\\\/image\\\/\",\"url\":\"https:\\\/\\\/radioljubuski.ba\\\/wp-content\\\/uploads\\\/2021\\\/02\\\/cropped-Radio_Ljubuski_logo1.jpg\",\"contentUrl\":\"https:\\\/\\\/radioljubuski.ba\\\/wp-content\\\/uploads\\\/2021\\\/02\\\/cropped-Radio_Ljubuski_logo1.jpg\",\"width\":512,\"height\":512,\"caption\":\"Radio Ljubu\u0161ki\"},\"image\":{\"@id\":\"https:\\\/\\\/radioljubuski.ba\\\/#\\\/schema\\\/logo\\\/image\\\/\"},\"sameAs\":[\"https:\\\/\\\/www.facebook.com\\\/Radiio-Ljubuski-1490835324566332\",\"https:\\\/\\\/x.com\\\/radioljubuski\",\"https:\\\/\\\/hr.linkedin.com\\\/company\\\/radio-ljubuski\",\"https:\\\/\\\/www.youtube.com\\\/channel\\\/UCHYaeO_n0Db3tjNGudGpXyw\"]},{\"@type\":\"Person\",\"@id\":\"https:\\\/\\\/radioljubuski.ba\\\/#\\\/schema\\\/person\\\/19fc700381a780f69665d7956c469e3b\",\"name\":\"Radio Ljubu\u0161ki\"}]}<\/script>\n<!-- \/ Yoast SEO plugin. -->","yoast_head_json":{"title":"Sprije\u010deno krijum\u010darenje 26 nezakonitih migranata - RADIO LJUBU\u0160KI","robots":{"index":"index","follow":"follow","max-snippet":"max-snippet:-1","max-image-preview":"max-image-preview:large","max-video-preview":"max-video-preview:-1"},"canonical":"https:\/\/radioljubuski.ba\/index.php\/2022\/04\/16\/sprijeceno-krijumcarenje-26-nezakonitih-migranata\/","og_locale":"hr_HR","og_type":"article","og_title":"Sprije\u010deno krijum\u010darenje 26 nezakonitih migranata - RADIO LJUBU\u0160KI","og_description":"Pripadnici Postrojbe grani\u010dne policije (PGP) Zvornik u subotu su sprije\u010dili krijum\u010darenje migranata u mjestu Kozluk u ovoj op\u0107ini, gdje su prilikom nadzora dr\u017eavne granice i uz kori\u0161tenje specijalisti\u010dke opreme uo\u010dili \u010damac iz Republike Srbije koji je plovio rijekom Drinom prema teritoriju BiH. Pripadnici PGP Zvornik zaustavili su \u010damac u kojemu se nalazilo 26 osoba (nezakonitih [&hellip;]","og_url":"https:\/\/radioljubuski.ba\/index.php\/2022\/04\/16\/sprijeceno-krijumcarenje-26-nezakonitih-migranata\/","og_site_name":"RADIO LJUBU\u0160KI","article_publisher":"https:\/\/www.facebook.com\/Radiio-Ljubuski-1490835324566332","article_published_time":"2022-04-16T19:57:18+00:00","article_modified_time":"2022-04-16T19:57:19+00:00","og_image":[{"width":1000,"height":625,"url":"https:\/\/radioljubuski.ba\/wp-content\/uploads\/2022\/04\/2-2022-04-16-11-46-02-l_917f2bb12d1ae2dbc02ea3cb030cba31.jpeg","type":"image\/jpeg"}],"author":"Radio Ljubu\u0161ki","twitter_card":"summary_large_image","twitter_creator":"@radioljubuski","twitter_site":"@radioljubuski","twitter_misc":{"Napisao\/la":"Radio Ljubu\u0161ki","Procijenjeno vrijeme \u010ditanja":"1 minuta"},"schema":{"@context":"https:\/\/schema.org","@graph":[{"@type":"Article","@id":"https:\/\/radioljubuski.ba\/index.php\/2022\/04\/16\/sprijeceno-krijumcarenje-26-nezakonitih-migranata\/#article","isPartOf":{"@id":"https:\/\/radioljubuski.ba\/index.php\/2022\/04\/16\/sprijeceno-krijumcarenje-26-nezakonitih-migranata\/"},"author":{"name":"Radio Ljubu\u0161ki","@id":"https:\/\/radioljubuski.ba\/#\/schema\/person\/19fc700381a780f69665d7956c469e3b"},"headline":"Sprije\u010deno krijum\u010darenje 26 nezakonitih migranata","datePublished":"2022-04-16T19:57:18+00:00","dateModified":"2022-04-16T19:57:19+00:00","mainEntityOfPage":{"@id":"https:\/\/radioljubuski.ba\/index.php\/2022\/04\/16\/sprijeceno-krijumcarenje-26-nezakonitih-migranata\/"},"wordCount":247,"publisher":{"@id":"https:\/\/radioljubuski.ba\/#organization"},"image":{"@id":"https:\/\/radioljubuski.ba\/index.php\/2022\/04\/16\/sprijeceno-krijumcarenje-26-nezakonitih-migranata\/#primaryimage"},"thumbnailUrl":"https:\/\/radioljubuski.ba\/wp-content\/uploads\/2022\/04\/2-2022-04-16-11-46-02-l_917f2bb12d1ae2dbc02ea3cb030cba31.jpeg","articleSection":["BIH i regija"],"inLanguage":"hr"},{"@type":"WebPage","@id":"https:\/\/radioljubuski.ba\/index.php\/2022\/04\/16\/sprijeceno-krijumcarenje-26-nezakonitih-migranata\/","url":"https:\/\/radioljubuski.ba\/index.php\/2022\/04\/16\/sprijeceno-krijumcarenje-26-nezakonitih-migranata\/","name":"Sprije\u010deno krijum\u010darenje 26 nezakonitih migranata - RADIO LJUBU\u0160KI","isPartOf":{"@id":"https:\/\/radioljubuski.ba\/#website"},"primaryImageOfPage":{"@id":"https:\/\/radioljubuski.ba\/index.php\/2022\/04\/16\/sprijeceno-krijumcarenje-26-nezakonitih-migranata\/#primaryimage"},"image":{"@id":"https:\/\/radioljubuski.ba\/index.php\/2022\/04\/16\/sprijeceno-krijumcarenje-26-nezakonitih-migranata\/#primaryimage"},"thumbnailUrl":"https:\/\/radioljubuski.ba\/wp-content\/uploads\/2022\/04\/2-2022-04-16-11-46-02-l_917f2bb12d1ae2dbc02ea3cb030cba31.jpeg","datePublished":"2022-04-16T19:57:18+00:00","dateModified":"2022-04-16T19:57:19+00:00","breadcrumb":{"@id":"https:\/\/radioljubuski.ba\/index.php\/2022\/04\/16\/sprijeceno-krijumcarenje-26-nezakonitih-migranata\/#breadcrumb"},"inLanguage":"hr","potentialAction":[{"@type":"ReadAction","target":["https:\/\/radioljubuski.ba\/index.php\/2022\/04\/16\/sprijeceno-krijumcarenje-26-nezakonitih-migranata\/"]}]},{"@type":"ImageObject","inLanguage":"hr","@id":"https:\/\/radioljubuski.ba\/index.php\/2022\/04\/16\/sprijeceno-krijumcarenje-26-nezakonitih-migranata\/#primaryimage","url":"https:\/\/radioljubuski.ba\/wp-content\/uploads\/2022\/04\/2-2022-04-16-11-46-02-l_917f2bb12d1ae2dbc02ea3cb030cba31.jpeg","contentUrl":"https:\/\/radioljubuski.ba\/wp-content\/uploads\/2022\/04\/2-2022-04-16-11-46-02-l_917f2bb12d1ae2dbc02ea3cb030cba31.jpeg","width":1000,"height":625},{"@type":"BreadcrumbList","@id":"https:\/\/radioljubuski.ba\/index.php\/2022\/04\/16\/sprijeceno-krijumcarenje-26-nezakonitih-migranata\/#breadcrumb","itemListElement":[{"@type":"ListItem","position":1,"name":"Po\u010detna stranica","item":"https:\/\/radioljubuski.ba\/"},{"@type":"ListItem","position":2,"name":"Sprije\u010deno krijum\u010darenje 26 nezakonitih migranata"}]},{"@type":"WebSite","@id":"https:\/\/radioljubuski.ba\/#website","url":"https:\/\/radioljubuski.ba\/","name":"Radio Ljubu\u0161ki","description":"Sun\u010dana frekvencija Hercegovine","publisher":{"@id":"https:\/\/radioljubuski.ba\/#organization"},"potentialAction":[{"@type":"SearchAction","target":{"@type":"EntryPoint","urlTemplate":"https:\/\/radioljubuski.ba\/?s={search_term_string}"},"query-input":{"@type":"PropertyValueSpecification","valueRequired":true,"valueName":"search_term_string"}}],"inLanguage":"hr"},{"@type":"Organization","@id":"https:\/\/radioljubuski.ba\/#organization","name":"Radio Ljubu\u0161ki","url":"https:\/\/radioljubuski.ba\/","logo":{"@type":"ImageObject","inLanguage":"hr","@id":"https:\/\/radioljubuski.ba\/#\/schema\/logo\/image\/","url":"https:\/\/radioljubuski.ba\/wp-content\/uploads\/2021\/02\/cropped-Radio_Ljubuski_logo1.jpg","contentUrl":"https:\/\/radioljubuski.ba\/wp-content\/uploads\/2021\/02\/cropped-Radio_Ljubuski_logo1.jpg","width":512,"height":512,"caption":"Radio Ljubu\u0161ki"},"image":{"@id":"https:\/\/radioljubuski.ba\/#\/schema\/logo\/image\/"},"sameAs":["https:\/\/www.facebook.com\/Radiio-Ljubuski-1490835324566332","https:\/\/x.com\/radioljubuski","https:\/\/hr.linkedin.com\/company\/radio-ljubuski","https:\/\/www.youtube.com\/channel\/UCHYaeO_n0Db3tjNGudGpXyw"]},{"@type":"Person","@id":"https:\/\/radioljubuski.ba\/#\/schema\/person\/19fc700381a780f69665d7956c469e3b","name":"Radio Ljubu\u0161ki"}]}},"_links":{"self":[{"href":"https:\/\/radioljubuski.ba\/index.php\/wp-json\/wp\/v2\/posts\/133189","targetHints":{"allow":["GET"]}}],"collection":[{"href":"https:\/\/radioljubuski.ba\/index.php\/wp-json\/wp\/v2\/posts"}],"about":[{"href":"https:\/\/radioljubuski.ba\/index.php\/wp-json\/wp\/v2\/types\/post"}],"author":[{"embeddable":true,"href":"https:\/\/radioljubuski.ba\/index.php\/wp-json\/wp\/v2\/users\/2"}],"replies":[{"embeddable":true,"href":"https:\/\/radioljubuski.ba\/index.php\/wp-json\/wp\/v2\/comments?post=133189"}],"version-history":[{"count":1,"href":"https:\/\/radioljubuski.ba\/index.php\/wp-json\/wp\/v2\/posts\/133189\/revisions"}],"predecessor-version":[{"id":133191,"href":"https:\/\/radioljubuski.ba\/index.php\/wp-json\/wp\/v2\/posts\/133189\/revisions\/133191"}],"wp:featuredmedia":[{"embeddable":true,"href":"https:\/\/radioljubuski.ba\/index.php\/wp-json\/wp\/v2\/media\/133190"}],"wp:attachment":[{"href":"https:\/\/radioljubuski.ba\/index.php\/wp-json\/wp\/v2\/media?parent=133189"}],"wp:term":[{"taxonomy":"category","embeddable":true,"href":"https:\/\/radioljubuski.ba\/index.php\/wp-json\/wp\/v2\/categories?post=133189"},{"taxonomy":"post_tag","embeddable":true,"href":"https:\/\/radioljubuski.ba\/index.php\/wp-json\/wp\/v2\/tags?post=133189"}],"curies":[{"name":"wp","href":"https:\/\/api.w.org\/{rel}","templated":true}]}}