{"id":133203,"date":"2022-04-16T21:04:15","date_gmt":"2022-04-16T20:04:15","guid":{"rendered":"https:\/\/radioljubuski.ba\/?p=133203"},"modified":"2022-04-16T21:04:16","modified_gmt":"2022-04-16T20:04:16","slug":"turizam-u-njemackoj-ponovo-cvjeta-ali-nedostaje-radnika","status":"publish","type":"post","link":"https:\/\/radioljubuski.ba\/index.php\/2022\/04\/16\/turizam-u-njemackoj-ponovo-cvjeta-ali-nedostaje-radnika\/","title":{"rendered":"Turizam u Njema\u010dkoj ponovo cvjeta \u2013 ali nedostaje radnika"},"content":{"rendered":"\n<p>Ve\u0107ina pandemijskih mjera ograni\u010denja u Njema\u010dkoj ukinuta je prije uskr\u0161njih praznika. To je veliki broj ljudi potaknulo da po\u017eele ponovno oti\u0107i na godi\u0161nji odmor, da kona\u010dno opet odu u restoran ili hotel bez za\u0161tite za usta i nos. Razumljiva \u017eelja, nakon vi\u0161e od dvije godine pandemije.<\/p>\n\n\n\n<p>Za njema\u010dku hotelsku i restoransku industriju je to naravno dobra vijest \u2013 kona\u010dno svjetlo na kraju tunela, ka\u017ee za&nbsp;<a href=\"https:\/\/www.dw.com\/hr\/turizam-u-njema%C4%8Dkoj-ponovo-cvjeta-ali-nedostaje-radnika\/a-61476046?fbclid=IwAR2MUEZeexMvUMSrGsO_RVzPAJKu3RPHCfoztz63Ni8lDaLns1eewc2Zb9M\">DW<\/a>&nbsp;Ingrid Hartges, generalna direktorica krovne organizacije njema\u010dkih ugostitelja DEHOGA: \u201eGotovo dvije tre\u0107ine tvrtki koje smo anketirali procijenilo je stanje rezervacija za nadolaze\u0107e praznike kao zadovoljavaju\u0107e ili i vi\u0161e od toga.&#8221; Nakon dugog razdoblja apstinencije, ljudi imaju posebno veliku potrebu za opu\u0161tanjem i u\u017eivanjem.<\/p>\n\n\n\n<p>Povjerenje &#8211; i jedan stari problem<\/p>\n\n\n\n<p>I zato ugostitelji \u0161irom zemlje ponovno iznose stolice i stolove van, a sobe u hotelima se ponovo ure\u0111uju da budu udobne. No o\u010dekivana navala gostiju iznosi na svjetlo dana i jedan problem koji ve\u0107 dugo izaziva zabrinutost u turizmu, napominje Hartges: \u201eZbog nedostatka potra\u017enje tijekom pandemije korone, ugostiteljska industrija je zabilje\u017eila pad zaposlenosti &#8211; unato\u010d svim naporima da se zaposleni zadr\u017ee. A bez mjera o skra\u0107enom radnom vremenu i s tim povezane podr\u0161ke dr\u017eave, gubitak zaposlenika bio bi jo\u0161 znatno ve\u0107i.&#8221;<\/p>\n\n\n\n<p>Konkretne brojke pokazuju razmjere manjka zaposlenih: u cijeloj zemlji izgubljeno je vi\u0161e od 130.000 punih radnih mjesta za koje se pla\u0107aju doprinosi za socijalno osiguranje u posljednje dvije godine, te uz to jo\u0161 vi\u0161e od 217 000 tzv. Mini-poslova, gdje se socijalno osiguranje ili ne pla\u0107a, ili ga pla\u0107aju sami radnici.<\/p>\n\n\n\n<p>Mnogi koji su ranije radili te mini-poslova u hotelima i restoranima pre\u0161li su na druge poslove u maloprodaji, koja je bila otvorena i tijekom karantene. A sada je te ljude te\u0161ko ili nemogu\u0107e ponovo vratiti jer su se u me\u0111uvremenu navikli na redovno radno vrijeme i slobodne vikende.<\/p>\n\n\n\n<p>\u201eNa natje\u010daje se nitko ne prijavi&#8221;<\/p>\n\n\n\n<p>Samo u regiji Berlin-Brandenburg, prema podacima turisti\u010dke udruge &#8220;Seenland Oder-Spree&#8221;, 20 posto zaposlenih napustilo je turizam. A tr\u017ei\u0161te rada je bez raspolo\u017eivih radnika, ka\u017ee je voditeljica udruge Ellen Russig, \u201ejer svaki turisti\u010dki objekt tra\u017ei kuhare i konobare&#8221;.<\/p>\n\n\n\n<p>\u0160ef jednog hotela iz Bad Saarowa, J\u00f6rn Peters, dodaje: \u201eUop\u0107e nije mogu\u0107e nekoga poku\u0161ati uvjeriti u to kakav je ovo sjajan posao. Nemate priliku jer nemate kome re\u0107i \u2013 na natje\u010daje se nitko ni ne prijavi.&#8221;<\/p>\n\n\n\n<p>Manji ugostitelji poku\u0161avaju premostiti uska grla privremenim rje\u0161enjima: u obiteljskim objektima kojima upravlja sam vlasnik, on jednostavno radi vi\u0161e nego ina\u010de, mnogi smanjuju izbor jela u svojim restoranima ili skra\u0107uju radno vrijeme, na primjer tako da su otvoreni samo nave\u010der.<\/p>\n\n\n\n<p>Digitalni pomaga\u010di<\/p>\n\n\n\n<p>Nekim ugostiteljima bi digitalna rje\u0161enja mogla bi pomo\u0107i nadoknaditi manjak osoblja. Oni gostima stavljaju na raspolaganje sustave elektronskog naru\u010divanja i naplate, pa oni sami mogu slati narud\u017ebe u kuhinju ili na \u0161ank.<\/p>\n\n\n\n<p>Mada sve ve\u0107i broj ugostitelja koristi takve ili sli\u010dne sustave i time smanjuju broj zaposlenih, ovi digitalni pomaga\u010di imaju i nedostatke. S jedne je strane potrebno odre\u0111eno vrijeme za obuku i uklju\u010divanje u posao, a s druge je tu naravno najprije potrebnu investirati dodatna sredstva, koja se prvo moraju zaraditi na \u0161anku ili u kuhinji.<\/p>\n\n\n\n<p>Radnici iz inozemstva<\/p>\n\n\n\n<p>Gastronomija i hotelijerstvo sada nade pola\u017eu u strane radnike. Glavna &nbsp;direktorica udruge DEHOGA, Ingrid Hartges nagla\u0161ava da je \u201eugostiteljska industrija vrlo atraktivna i internacionalna, tu je stranim radnicima relativno lako na\u0107i posao. Oko 35 posto na\u0161ih zaposlenika ima strano dr\u017eavljanstvo \u2013 to je vi\u0161e nego u bilo kojoj drugoj industrijskoj grani u Njema\u010dkoj.&#8221;<\/p>\n\n\n\n<p>Prema Hartgesovim rije\u010dima, povoljno je to \u0161to sve vi\u0161e izbjeglice iz Ukrajine nalaze posao u njema\u010dkoj turisti\u010dkoj industriji. Osim toga, DEHOGA nastoji privu\u0107i i vi\u0161e radnika iz Njema\u010dke \u0161irenjem programa obuke i zapo\u0161ljavanja mladih.<\/p>\n\n\n\n<p>Dobri izgledi, ali&#8230;<\/p>\n\n\n\n<p>Me\u0111utim, rat u Ukrajini nosi sa sobom i nove probleme, prije svega u vidu porasta tro\u0161kova za energiju koji brzo rastu. To ne samo da poskupljuje putovanja, \u0161to bi u kona\u010dnici moglo mnoge turiste opet zadr\u017eati kod ku\u0107e. Tro\u0161kovi poslovanja hotela i restorana tako\u0111er su sve ve\u0107i zbog visokih tro\u0161kova energije i hrane. Lako se mo\u017ee desiti da bi se dugo o\u010dekivani pozitivan efekt od dodatnih prihoda na osnovi ve\u0107eg broja gostiju nakon gubitaka tokom pandemije mogao sasvim rasplinuti.<\/p>\n\n\n\n<p>Prema istra\u017eivanju DEHOGA-e, poduzetnici navode eksplodiraju\u0107e tro\u0161kove energije (85,5%) kao trenutne najve\u0107i izazov, a slijede problemi zbog rasta cijene hrane (84,9%), ekonomskih posljedica u vezi s koronom (67,6%) te porast tro\u0161kova za osoblje (65,8%). ).<\/p>\n\n\n\n<p>U kojoj \u0107e mjeri ovi pove\u0107ani tro\u0161kovi dovesti do vi\u0161ih cijena za potro\u0161a\u010de jo\u0161 je nejasno, ka\u017ee \u0161efica DEHOGA-e Ingrid Hartges. Ali: \u201eDobar poduzetnik \u0107e s jedne strane voditi ra\u010duna o ponudi i cijenama, i po potrebi ih prilagoditi, ali s druge strane ne smije zanemariti goste.&#8221;<\/p>\n\n\n\n<p>Ona, me\u0111utim, nagla\u0161ava da i dalje mora postojati atraktivna ponuda za goste s manjim bud\u017eetom. Sve dok je omjer cijene i ponude dobar, a pove\u0107anje cijena razumljivo za goste, oni \u0107e to na\u010delno prihvatiti.<\/p>\n\n\n\n<p>Izvor:DW<\/p>\n","protected":false},"excerpt":{"rendered":"<p>Ve\u0107ina pandemijskih mjera ograni\u010denja u Njema\u010dkoj ukinuta je prije uskr\u0161njih praznika. To je veliki broj ljudi potaknulo da po\u017eele ponovno oti\u0107i na godi\u0161nji odmor, da kona\u010dno opet odu u restoran ili hotel bez za\u0161tite za usta i nos. Razumljiva \u017eelja, nakon vi\u0161e od dvije godine pandemije. Za njema\u010dku hotelsku i restoransku industriju je to naravno [&hellip;]<\/p>\n","protected":false},"author":2,"featured_media":94087,"comment_status":"closed","ping_status":"closed","sticky":false,"template":"","format":"standard","meta":{"h5ap_radio_sources":[],"footnotes":""},"categories":[1],"tags":[],"class_list":["post-133203","post","type-post","status-publish","format-standard","has-post-thumbnail","hentry","category-bihiregija"],"yoast_head":"<!-- This site is optimized with the Yoast SEO plugin v27.5 - https:\/\/yoast.com\/product\/yoast-seo-wordpress\/ -->\n<title>Turizam u Njema\u010dkoj ponovo cvjeta \u2013 ali nedostaje radnika - RADIO LJUBU\u0160KI<\/title>\n<meta name=\"robots\" content=\"index, follow, max-snippet:-1, max-image-preview:large, max-video-preview:-1\" \/>\n<link rel=\"canonical\" href=\"https:\/\/radioljubuski.ba\/index.php\/2022\/04\/16\/turizam-u-njemackoj-ponovo-cvjeta-ali-nedostaje-radnika\/\" \/>\n<meta property=\"og:locale\" content=\"hr_HR\" \/>\n<meta property=\"og:type\" content=\"article\" \/>\n<meta property=\"og:title\" content=\"Turizam u Njema\u010dkoj ponovo cvjeta \u2013 ali nedostaje radnika - RADIO LJUBU\u0160KI\" \/>\n<meta property=\"og:description\" content=\"Ve\u0107ina pandemijskih mjera ograni\u010denja u Njema\u010dkoj ukinuta je prije uskr\u0161njih praznika. To je veliki broj ljudi potaknulo da po\u017eele ponovno oti\u0107i na godi\u0161nji odmor, da kona\u010dno opet odu u restoran ili hotel bez za\u0161tite za usta i nos. Razumljiva \u017eelja, nakon vi\u0161e od dvije godine pandemije. Za njema\u010dku hotelsku i restoransku industriju je to naravno [&hellip;]\" \/>\n<meta property=\"og:url\" content=\"https:\/\/radioljubuski.ba\/index.php\/2022\/04\/16\/turizam-u-njemackoj-ponovo-cvjeta-ali-nedostaje-radnika\/\" \/>\n<meta property=\"og:site_name\" content=\"RADIO LJUBU\u0160KI\" \/>\n<meta property=\"article:publisher\" content=\"https:\/\/www.facebook.com\/Radiio-Ljubuski-1490835324566332\" \/>\n<meta property=\"article:published_time\" content=\"2022-04-16T20:04:15+00:00\" \/>\n<meta property=\"article:modified_time\" content=\"2022-04-16T20:04:16+00:00\" \/>\n<meta property=\"og:image\" content=\"https:\/\/radioljubuski.ba\/wp-content\/uploads\/2021\/11\/konobar-ugostiteljstvo.jpg\" \/>\n\t<meta property=\"og:image:width\" content=\"810\" \/>\n\t<meta property=\"og:image:height\" content=\"540\" \/>\n\t<meta property=\"og:image:type\" content=\"image\/jpeg\" \/>\n<meta name=\"author\" content=\"Radio Ljubu\u0161ki\" \/>\n<meta name=\"twitter:card\" content=\"summary_large_image\" \/>\n<meta name=\"twitter:creator\" content=\"@radioljubuski\" \/>\n<meta name=\"twitter:site\" content=\"@radioljubuski\" \/>\n<meta name=\"twitter:label1\" content=\"Napisao\/la\" \/>\n\t<meta name=\"twitter:data1\" content=\"Radio Ljubu\u0161ki\" \/>\n\t<meta name=\"twitter:label2\" content=\"Procijenjeno vrijeme \u010ditanja\" \/>\n\t<meta name=\"twitter:data2\" content=\"4 minute\" \/>\n<script type=\"application\/ld+json\" class=\"yoast-schema-graph\">{\"@context\":\"https:\\\/\\\/schema.org\",\"@graph\":[{\"@type\":\"Article\",\"@id\":\"https:\\\/\\\/radioljubuski.ba\\\/index.php\\\/2022\\\/04\\\/16\\\/turizam-u-njemackoj-ponovo-cvjeta-ali-nedostaje-radnika\\\/#article\",\"isPartOf\":{\"@id\":\"https:\\\/\\\/radioljubuski.ba\\\/index.php\\\/2022\\\/04\\\/16\\\/turizam-u-njemackoj-ponovo-cvjeta-ali-nedostaje-radnika\\\/\"},\"author\":{\"name\":\"Radio Ljubu\u0161ki\",\"@id\":\"https:\\\/\\\/radioljubuski.ba\\\/#\\\/schema\\\/person\\\/19fc700381a780f69665d7956c469e3b\"},\"headline\":\"Turizam u Njema\u010dkoj ponovo cvjeta \u2013 ali nedostaje radnika\",\"datePublished\":\"2022-04-16T20:04:15+00:00\",\"dateModified\":\"2022-04-16T20:04:16+00:00\",\"mainEntityOfPage\":{\"@id\":\"https:\\\/\\\/radioljubuski.ba\\\/index.php\\\/2022\\\/04\\\/16\\\/turizam-u-njemackoj-ponovo-cvjeta-ali-nedostaje-radnika\\\/\"},\"wordCount\":904,\"publisher\":{\"@id\":\"https:\\\/\\\/radioljubuski.ba\\\/#organization\"},\"image\":{\"@id\":\"https:\\\/\\\/radioljubuski.ba\\\/index.php\\\/2022\\\/04\\\/16\\\/turizam-u-njemackoj-ponovo-cvjeta-ali-nedostaje-radnika\\\/#primaryimage\"},\"thumbnailUrl\":\"https:\\\/\\\/radioljubuski.ba\\\/wp-content\\\/uploads\\\/2021\\\/11\\\/konobar-ugostiteljstvo.jpg\",\"articleSection\":[\"BIH i regija\"],\"inLanguage\":\"hr\"},{\"@type\":\"WebPage\",\"@id\":\"https:\\\/\\\/radioljubuski.ba\\\/index.php\\\/2022\\\/04\\\/16\\\/turizam-u-njemackoj-ponovo-cvjeta-ali-nedostaje-radnika\\\/\",\"url\":\"https:\\\/\\\/radioljubuski.ba\\\/index.php\\\/2022\\\/04\\\/16\\\/turizam-u-njemackoj-ponovo-cvjeta-ali-nedostaje-radnika\\\/\",\"name\":\"Turizam u Njema\u010dkoj ponovo cvjeta \u2013 ali nedostaje radnika - RADIO LJUBU\u0160KI\",\"isPartOf\":{\"@id\":\"https:\\\/\\\/radioljubuski.ba\\\/#website\"},\"primaryImageOfPage\":{\"@id\":\"https:\\\/\\\/radioljubuski.ba\\\/index.php\\\/2022\\\/04\\\/16\\\/turizam-u-njemackoj-ponovo-cvjeta-ali-nedostaje-radnika\\\/#primaryimage\"},\"image\":{\"@id\":\"https:\\\/\\\/radioljubuski.ba\\\/index.php\\\/2022\\\/04\\\/16\\\/turizam-u-njemackoj-ponovo-cvjeta-ali-nedostaje-radnika\\\/#primaryimage\"},\"thumbnailUrl\":\"https:\\\/\\\/radioljubuski.ba\\\/wp-content\\\/uploads\\\/2021\\\/11\\\/konobar-ugostiteljstvo.jpg\",\"datePublished\":\"2022-04-16T20:04:15+00:00\",\"dateModified\":\"2022-04-16T20:04:16+00:00\",\"breadcrumb\":{\"@id\":\"https:\\\/\\\/radioljubuski.ba\\\/index.php\\\/2022\\\/04\\\/16\\\/turizam-u-njemackoj-ponovo-cvjeta-ali-nedostaje-radnika\\\/#breadcrumb\"},\"inLanguage\":\"hr\",\"potentialAction\":[{\"@type\":\"ReadAction\",\"target\":[\"https:\\\/\\\/radioljubuski.ba\\\/index.php\\\/2022\\\/04\\\/16\\\/turizam-u-njemackoj-ponovo-cvjeta-ali-nedostaje-radnika\\\/\"]}]},{\"@type\":\"ImageObject\",\"inLanguage\":\"hr\",\"@id\":\"https:\\\/\\\/radioljubuski.ba\\\/index.php\\\/2022\\\/04\\\/16\\\/turizam-u-njemackoj-ponovo-cvjeta-ali-nedostaje-radnika\\\/#primaryimage\",\"url\":\"https:\\\/\\\/radioljubuski.ba\\\/wp-content\\\/uploads\\\/2021\\\/11\\\/konobar-ugostiteljstvo.jpg\",\"contentUrl\":\"https:\\\/\\\/radioljubuski.ba\\\/wp-content\\\/uploads\\\/2021\\\/11\\\/konobar-ugostiteljstvo.jpg\",\"width\":810,\"height\":540},{\"@type\":\"BreadcrumbList\",\"@id\":\"https:\\\/\\\/radioljubuski.ba\\\/index.php\\\/2022\\\/04\\\/16\\\/turizam-u-njemackoj-ponovo-cvjeta-ali-nedostaje-radnika\\\/#breadcrumb\",\"itemListElement\":[{\"@type\":\"ListItem\",\"position\":1,\"name\":\"Po\u010detna stranica\",\"item\":\"https:\\\/\\\/radioljubuski.ba\\\/\"},{\"@type\":\"ListItem\",\"position\":2,\"name\":\"Turizam u Njema\u010dkoj ponovo cvjeta \u2013 ali nedostaje radnika\"}]},{\"@type\":\"WebSite\",\"@id\":\"https:\\\/\\\/radioljubuski.ba\\\/#website\",\"url\":\"https:\\\/\\\/radioljubuski.ba\\\/\",\"name\":\"Radio Ljubu\u0161ki\",\"description\":\"Sun\u010dana frekvencija Hercegovine\",\"publisher\":{\"@id\":\"https:\\\/\\\/radioljubuski.ba\\\/#organization\"},\"potentialAction\":[{\"@type\":\"SearchAction\",\"target\":{\"@type\":\"EntryPoint\",\"urlTemplate\":\"https:\\\/\\\/radioljubuski.ba\\\/?s={search_term_string}\"},\"query-input\":{\"@type\":\"PropertyValueSpecification\",\"valueRequired\":true,\"valueName\":\"search_term_string\"}}],\"inLanguage\":\"hr\"},{\"@type\":\"Organization\",\"@id\":\"https:\\\/\\\/radioljubuski.ba\\\/#organization\",\"name\":\"Radio Ljubu\u0161ki\",\"url\":\"https:\\\/\\\/radioljubuski.ba\\\/\",\"logo\":{\"@type\":\"ImageObject\",\"inLanguage\":\"hr\",\"@id\":\"https:\\\/\\\/radioljubuski.ba\\\/#\\\/schema\\\/logo\\\/image\\\/\",\"url\":\"https:\\\/\\\/radioljubuski.ba\\\/wp-content\\\/uploads\\\/2021\\\/02\\\/cropped-Radio_Ljubuski_logo1.jpg\",\"contentUrl\":\"https:\\\/\\\/radioljubuski.ba\\\/wp-content\\\/uploads\\\/2021\\\/02\\\/cropped-Radio_Ljubuski_logo1.jpg\",\"width\":512,\"height\":512,\"caption\":\"Radio Ljubu\u0161ki\"},\"image\":{\"@id\":\"https:\\\/\\\/radioljubuski.ba\\\/#\\\/schema\\\/logo\\\/image\\\/\"},\"sameAs\":[\"https:\\\/\\\/www.facebook.com\\\/Radiio-Ljubuski-1490835324566332\",\"https:\\\/\\\/x.com\\\/radioljubuski\",\"https:\\\/\\\/hr.linkedin.com\\\/company\\\/radio-ljubuski\",\"https:\\\/\\\/www.youtube.com\\\/channel\\\/UCHYaeO_n0Db3tjNGudGpXyw\"]},{\"@type\":\"Person\",\"@id\":\"https:\\\/\\\/radioljubuski.ba\\\/#\\\/schema\\\/person\\\/19fc700381a780f69665d7956c469e3b\",\"name\":\"Radio Ljubu\u0161ki\"}]}<\/script>\n<!-- \/ Yoast SEO plugin. -->","yoast_head_json":{"title":"Turizam u Njema\u010dkoj ponovo cvjeta \u2013 ali nedostaje radnika - RADIO LJUBU\u0160KI","robots":{"index":"index","follow":"follow","max-snippet":"max-snippet:-1","max-image-preview":"max-image-preview:large","max-video-preview":"max-video-preview:-1"},"canonical":"https:\/\/radioljubuski.ba\/index.php\/2022\/04\/16\/turizam-u-njemackoj-ponovo-cvjeta-ali-nedostaje-radnika\/","og_locale":"hr_HR","og_type":"article","og_title":"Turizam u Njema\u010dkoj ponovo cvjeta \u2013 ali nedostaje radnika - RADIO LJUBU\u0160KI","og_description":"Ve\u0107ina pandemijskih mjera ograni\u010denja u Njema\u010dkoj ukinuta je prije uskr\u0161njih praznika. To je veliki broj ljudi potaknulo da po\u017eele ponovno oti\u0107i na godi\u0161nji odmor, da kona\u010dno opet odu u restoran ili hotel bez za\u0161tite za usta i nos. Razumljiva \u017eelja, nakon vi\u0161e od dvije godine pandemije. Za njema\u010dku hotelsku i restoransku industriju je to naravno [&hellip;]","og_url":"https:\/\/radioljubuski.ba\/index.php\/2022\/04\/16\/turizam-u-njemackoj-ponovo-cvjeta-ali-nedostaje-radnika\/","og_site_name":"RADIO LJUBU\u0160KI","article_publisher":"https:\/\/www.facebook.com\/Radiio-Ljubuski-1490835324566332","article_published_time":"2022-04-16T20:04:15+00:00","article_modified_time":"2022-04-16T20:04:16+00:00","og_image":[{"width":810,"height":540,"url":"https:\/\/radioljubuski.ba\/wp-content\/uploads\/2021\/11\/konobar-ugostiteljstvo.jpg","type":"image\/jpeg"}],"author":"Radio Ljubu\u0161ki","twitter_card":"summary_large_image","twitter_creator":"@radioljubuski","twitter_site":"@radioljubuski","twitter_misc":{"Napisao\/la":"Radio Ljubu\u0161ki","Procijenjeno vrijeme \u010ditanja":"4 minute"},"schema":{"@context":"https:\/\/schema.org","@graph":[{"@type":"Article","@id":"https:\/\/radioljubuski.ba\/index.php\/2022\/04\/16\/turizam-u-njemackoj-ponovo-cvjeta-ali-nedostaje-radnika\/#article","isPartOf":{"@id":"https:\/\/radioljubuski.ba\/index.php\/2022\/04\/16\/turizam-u-njemackoj-ponovo-cvjeta-ali-nedostaje-radnika\/"},"author":{"name":"Radio Ljubu\u0161ki","@id":"https:\/\/radioljubuski.ba\/#\/schema\/person\/19fc700381a780f69665d7956c469e3b"},"headline":"Turizam u Njema\u010dkoj ponovo cvjeta \u2013 ali nedostaje radnika","datePublished":"2022-04-16T20:04:15+00:00","dateModified":"2022-04-16T20:04:16+00:00","mainEntityOfPage":{"@id":"https:\/\/radioljubuski.ba\/index.php\/2022\/04\/16\/turizam-u-njemackoj-ponovo-cvjeta-ali-nedostaje-radnika\/"},"wordCount":904,"publisher":{"@id":"https:\/\/radioljubuski.ba\/#organization"},"image":{"@id":"https:\/\/radioljubuski.ba\/index.php\/2022\/04\/16\/turizam-u-njemackoj-ponovo-cvjeta-ali-nedostaje-radnika\/#primaryimage"},"thumbnailUrl":"https:\/\/radioljubuski.ba\/wp-content\/uploads\/2021\/11\/konobar-ugostiteljstvo.jpg","articleSection":["BIH i regija"],"inLanguage":"hr"},{"@type":"WebPage","@id":"https:\/\/radioljubuski.ba\/index.php\/2022\/04\/16\/turizam-u-njemackoj-ponovo-cvjeta-ali-nedostaje-radnika\/","url":"https:\/\/radioljubuski.ba\/index.php\/2022\/04\/16\/turizam-u-njemackoj-ponovo-cvjeta-ali-nedostaje-radnika\/","name":"Turizam u Njema\u010dkoj ponovo cvjeta \u2013 ali nedostaje radnika - RADIO LJUBU\u0160KI","isPartOf":{"@id":"https:\/\/radioljubuski.ba\/#website"},"primaryImageOfPage":{"@id":"https:\/\/radioljubuski.ba\/index.php\/2022\/04\/16\/turizam-u-njemackoj-ponovo-cvjeta-ali-nedostaje-radnika\/#primaryimage"},"image":{"@id":"https:\/\/radioljubuski.ba\/index.php\/2022\/04\/16\/turizam-u-njemackoj-ponovo-cvjeta-ali-nedostaje-radnika\/#primaryimage"},"thumbnailUrl":"https:\/\/radioljubuski.ba\/wp-content\/uploads\/2021\/11\/konobar-ugostiteljstvo.jpg","datePublished":"2022-04-16T20:04:15+00:00","dateModified":"2022-04-16T20:04:16+00:00","breadcrumb":{"@id":"https:\/\/radioljubuski.ba\/index.php\/2022\/04\/16\/turizam-u-njemackoj-ponovo-cvjeta-ali-nedostaje-radnika\/#breadcrumb"},"inLanguage":"hr","potentialAction":[{"@type":"ReadAction","target":["https:\/\/radioljubuski.ba\/index.php\/2022\/04\/16\/turizam-u-njemackoj-ponovo-cvjeta-ali-nedostaje-radnika\/"]}]},{"@type":"ImageObject","inLanguage":"hr","@id":"https:\/\/radioljubuski.ba\/index.php\/2022\/04\/16\/turizam-u-njemackoj-ponovo-cvjeta-ali-nedostaje-radnika\/#primaryimage","url":"https:\/\/radioljubuski.ba\/wp-content\/uploads\/2021\/11\/konobar-ugostiteljstvo.jpg","contentUrl":"https:\/\/radioljubuski.ba\/wp-content\/uploads\/2021\/11\/konobar-ugostiteljstvo.jpg","width":810,"height":540},{"@type":"BreadcrumbList","@id":"https:\/\/radioljubuski.ba\/index.php\/2022\/04\/16\/turizam-u-njemackoj-ponovo-cvjeta-ali-nedostaje-radnika\/#breadcrumb","itemListElement":[{"@type":"ListItem","position":1,"name":"Po\u010detna stranica","item":"https:\/\/radioljubuski.ba\/"},{"@type":"ListItem","position":2,"name":"Turizam u Njema\u010dkoj ponovo cvjeta \u2013 ali nedostaje radnika"}]},{"@type":"WebSite","@id":"https:\/\/radioljubuski.ba\/#website","url":"https:\/\/radioljubuski.ba\/","name":"Radio Ljubu\u0161ki","description":"Sun\u010dana frekvencija Hercegovine","publisher":{"@id":"https:\/\/radioljubuski.ba\/#organization"},"potentialAction":[{"@type":"SearchAction","target":{"@type":"EntryPoint","urlTemplate":"https:\/\/radioljubuski.ba\/?s={search_term_string}"},"query-input":{"@type":"PropertyValueSpecification","valueRequired":true,"valueName":"search_term_string"}}],"inLanguage":"hr"},{"@type":"Organization","@id":"https:\/\/radioljubuski.ba\/#organization","name":"Radio Ljubu\u0161ki","url":"https:\/\/radioljubuski.ba\/","logo":{"@type":"ImageObject","inLanguage":"hr","@id":"https:\/\/radioljubuski.ba\/#\/schema\/logo\/image\/","url":"https:\/\/radioljubuski.ba\/wp-content\/uploads\/2021\/02\/cropped-Radio_Ljubuski_logo1.jpg","contentUrl":"https:\/\/radioljubuski.ba\/wp-content\/uploads\/2021\/02\/cropped-Radio_Ljubuski_logo1.jpg","width":512,"height":512,"caption":"Radio Ljubu\u0161ki"},"image":{"@id":"https:\/\/radioljubuski.ba\/#\/schema\/logo\/image\/"},"sameAs":["https:\/\/www.facebook.com\/Radiio-Ljubuski-1490835324566332","https:\/\/x.com\/radioljubuski","https:\/\/hr.linkedin.com\/company\/radio-ljubuski","https:\/\/www.youtube.com\/channel\/UCHYaeO_n0Db3tjNGudGpXyw"]},{"@type":"Person","@id":"https:\/\/radioljubuski.ba\/#\/schema\/person\/19fc700381a780f69665d7956c469e3b","name":"Radio Ljubu\u0161ki"}]}},"_links":{"self":[{"href":"https:\/\/radioljubuski.ba\/index.php\/wp-json\/wp\/v2\/posts\/133203","targetHints":{"allow":["GET"]}}],"collection":[{"href":"https:\/\/radioljubuski.ba\/index.php\/wp-json\/wp\/v2\/posts"}],"about":[{"href":"https:\/\/radioljubuski.ba\/index.php\/wp-json\/wp\/v2\/types\/post"}],"author":[{"embeddable":true,"href":"https:\/\/radioljubuski.ba\/index.php\/wp-json\/wp\/v2\/users\/2"}],"replies":[{"embeddable":true,"href":"https:\/\/radioljubuski.ba\/index.php\/wp-json\/wp\/v2\/comments?post=133203"}],"version-history":[{"count":1,"href":"https:\/\/radioljubuski.ba\/index.php\/wp-json\/wp\/v2\/posts\/133203\/revisions"}],"predecessor-version":[{"id":133204,"href":"https:\/\/radioljubuski.ba\/index.php\/wp-json\/wp\/v2\/posts\/133203\/revisions\/133204"}],"wp:featuredmedia":[{"embeddable":true,"href":"https:\/\/radioljubuski.ba\/index.php\/wp-json\/wp\/v2\/media\/94087"}],"wp:attachment":[{"href":"https:\/\/radioljubuski.ba\/index.php\/wp-json\/wp\/v2\/media?parent=133203"}],"wp:term":[{"taxonomy":"category","embeddable":true,"href":"https:\/\/radioljubuski.ba\/index.php\/wp-json\/wp\/v2\/categories?post=133203"},{"taxonomy":"post_tag","embeddable":true,"href":"https:\/\/radioljubuski.ba\/index.php\/wp-json\/wp\/v2\/tags?post=133203"}],"curies":[{"name":"wp","href":"https:\/\/api.w.org\/{rel}","templated":true}]}}