{"id":133222,"date":"2022-04-16T21:14:00","date_gmt":"2022-04-16T20:14:00","guid":{"rendered":"https:\/\/radioljubuski.ba\/?p=133222"},"modified":"2022-04-16T21:14:01","modified_gmt":"2022-04-16T20:14:01","slug":"cvijanovic-zakon-o-nepokretnoj-imovini-rs-je-ostao-na-snazi","status":"publish","type":"post","link":"https:\/\/radioljubuski.ba\/index.php\/2022\/04\/16\/cvijanovic-zakon-o-nepokretnoj-imovini-rs-je-ostao-na-snazi\/","title":{"rendered":"Cvijanovi\u0107: Zakon o nepokretnoj imovini RS je ostao na snazi"},"content":{"rendered":"\n<p>Predsjednica Republike \u017deljka Cvijanovi\u0107 rekla je danas da je Zakon o nepokretnoj imovini Republike Srpske ostao na snazi i da je neophodno u narednom periodu osigurati njegovo provo\u0111enje, \u0161to podrazumijeva slu\u017ebeni\u010dko djelovanje na razli\u010ditom nivou.<\/p>\n\n\n\n<p>Predsjednica R. Srpske je istaknula da je pitanje imovine jedno od klju\u010dnih za Republiku Srpsku, prenosi RTRS.<\/p>\n\n\n\n<p>&#8211; To su stvari o kojima se u prethodnom periodu trebalo debatirati na neki poseban ili druga\u010diji na\u010din, umjesto da se podigla ovolika pra\u0161ina, ovolika bura, da smo imali toliko pokazivanja mi\u0161i\u0107a od stranog faktora, tko god da su oni, i da kona\u010dno onda do\u0111emo u ovakvu situaciju u koju smo do\u0161li &#8211; rekla je ona.<\/p>\n\n\n\n<p>Izvor:pogled.ba<\/p>\n","protected":false},"excerpt":{"rendered":"<p>Predsjednica Republike \u017deljka Cvijanovi\u0107 rekla je danas da je Zakon o nepokretnoj imovini Republike Srpske ostao na snazi i da je neophodno u narednom periodu osigurati njegovo provo\u0111enje, \u0161to podrazumijeva slu\u017ebeni\u010dko djelovanje na razli\u010ditom nivou. Predsjednica R. Srpske je istaknula da je pitanje imovine jedno od klju\u010dnih za Republiku Srpsku, prenosi RTRS. &#8211; To su [&hellip;]<\/p>\n","protected":false},"author":2,"featured_media":2306,"comment_status":"closed","ping_status":"closed","sticky":false,"template":"","format":"standard","meta":{"h5ap_radio_sources":[],"footnotes":""},"categories":[1],"tags":[],"class_list":["post-133222","post","type-post","status-publish","format-standard","has-post-thumbnail","hentry","category-bihiregija"],"yoast_head":"<!-- This site is optimized with the Yoast SEO plugin v27.5 - https:\/\/yoast.com\/product\/yoast-seo-wordpress\/ -->\n<title>Cvijanovi\u0107: Zakon o nepokretnoj imovini RS je ostao na snazi - RADIO LJUBU\u0160KI<\/title>\n<meta name=\"robots\" content=\"index, follow, max-snippet:-1, max-image-preview:large, max-video-preview:-1\" \/>\n<link rel=\"canonical\" href=\"https:\/\/radioljubuski.ba\/index.php\/2022\/04\/16\/cvijanovic-zakon-o-nepokretnoj-imovini-rs-je-ostao-na-snazi\/\" \/>\n<meta property=\"og:locale\" content=\"hr_HR\" \/>\n<meta property=\"og:type\" content=\"article\" \/>\n<meta property=\"og:title\" content=\"Cvijanovi\u0107: Zakon o nepokretnoj imovini RS je ostao na snazi - RADIO LJUBU\u0160KI\" \/>\n<meta property=\"og:description\" content=\"Predsjednica Republike \u017deljka Cvijanovi\u0107 rekla je danas da je Zakon o nepokretnoj imovini Republike Srpske ostao na snazi i da je neophodno u narednom periodu osigurati njegovo provo\u0111enje, \u0161to podrazumijeva slu\u017ebeni\u010dko djelovanje na razli\u010ditom nivou. Predsjednica R. Srpske je istaknula da je pitanje imovine jedno od klju\u010dnih za Republiku Srpsku, prenosi RTRS. &#8211; To su [&hellip;]\" \/>\n<meta property=\"og:url\" content=\"https:\/\/radioljubuski.ba\/index.php\/2022\/04\/16\/cvijanovic-zakon-o-nepokretnoj-imovini-rs-je-ostao-na-snazi\/\" \/>\n<meta property=\"og:site_name\" content=\"RADIO LJUBU\u0160KI\" \/>\n<meta property=\"article:publisher\" content=\"https:\/\/www.facebook.com\/Radiio-Ljubuski-1490835324566332\" \/>\n<meta property=\"article:published_time\" content=\"2022-04-16T20:14:00+00:00\" \/>\n<meta property=\"article:modified_time\" content=\"2022-04-16T20:14:01+00:00\" \/>\n<meta property=\"og:image\" content=\"https:\/\/radioljubuski.ba\/wp-content\/uploads\/2021\/03\/cvijanovic_2_0.jpg\" \/>\n\t<meta property=\"og:image:width\" content=\"840\" \/>\n\t<meta property=\"og:image:height\" content=\"470\" \/>\n\t<meta property=\"og:image:type\" content=\"image\/jpeg\" \/>\n<meta name=\"author\" content=\"Radio Ljubu\u0161ki\" \/>\n<meta name=\"twitter:card\" content=\"summary_large_image\" \/>\n<meta name=\"twitter:creator\" content=\"@radioljubuski\" \/>\n<meta name=\"twitter:site\" content=\"@radioljubuski\" \/>\n<meta name=\"twitter:label1\" content=\"Napisao\/la\" \/>\n\t<meta name=\"twitter:data1\" content=\"Radio Ljubu\u0161ki\" \/>\n\t<meta name=\"twitter:label2\" content=\"Procijenjeno vrijeme \u010ditanja\" \/>\n\t<meta name=\"twitter:data2\" content=\"1 minuta\" \/>\n<script type=\"application\/ld+json\" class=\"yoast-schema-graph\">{\"@context\":\"https:\\\/\\\/schema.org\",\"@graph\":[{\"@type\":\"Article\",\"@id\":\"https:\\\/\\\/radioljubuski.ba\\\/index.php\\\/2022\\\/04\\\/16\\\/cvijanovic-zakon-o-nepokretnoj-imovini-rs-je-ostao-na-snazi\\\/#article\",\"isPartOf\":{\"@id\":\"https:\\\/\\\/radioljubuski.ba\\\/index.php\\\/2022\\\/04\\\/16\\\/cvijanovic-zakon-o-nepokretnoj-imovini-rs-je-ostao-na-snazi\\\/\"},\"author\":{\"name\":\"Radio Ljubu\u0161ki\",\"@id\":\"https:\\\/\\\/radioljubuski.ba\\\/#\\\/schema\\\/person\\\/19fc700381a780f69665d7956c469e3b\"},\"headline\":\"Cvijanovi\u0107: Zakon o nepokretnoj imovini RS je ostao na snazi\",\"datePublished\":\"2022-04-16T20:14:00+00:00\",\"dateModified\":\"2022-04-16T20:14:01+00:00\",\"mainEntityOfPage\":{\"@id\":\"https:\\\/\\\/radioljubuski.ba\\\/index.php\\\/2022\\\/04\\\/16\\\/cvijanovic-zakon-o-nepokretnoj-imovini-rs-je-ostao-na-snazi\\\/\"},\"wordCount\":134,\"publisher\":{\"@id\":\"https:\\\/\\\/radioljubuski.ba\\\/#organization\"},\"image\":{\"@id\":\"https:\\\/\\\/radioljubuski.ba\\\/index.php\\\/2022\\\/04\\\/16\\\/cvijanovic-zakon-o-nepokretnoj-imovini-rs-je-ostao-na-snazi\\\/#primaryimage\"},\"thumbnailUrl\":\"https:\\\/\\\/radioljubuski.ba\\\/wp-content\\\/uploads\\\/2021\\\/03\\\/cvijanovic_2_0.jpg\",\"articleSection\":[\"BIH i regija\"],\"inLanguage\":\"hr\"},{\"@type\":\"WebPage\",\"@id\":\"https:\\\/\\\/radioljubuski.ba\\\/index.php\\\/2022\\\/04\\\/16\\\/cvijanovic-zakon-o-nepokretnoj-imovini-rs-je-ostao-na-snazi\\\/\",\"url\":\"https:\\\/\\\/radioljubuski.ba\\\/index.php\\\/2022\\\/04\\\/16\\\/cvijanovic-zakon-o-nepokretnoj-imovini-rs-je-ostao-na-snazi\\\/\",\"name\":\"Cvijanovi\u0107: Zakon o nepokretnoj imovini RS je ostao na snazi - RADIO LJUBU\u0160KI\",\"isPartOf\":{\"@id\":\"https:\\\/\\\/radioljubuski.ba\\\/#website\"},\"primaryImageOfPage\":{\"@id\":\"https:\\\/\\\/radioljubuski.ba\\\/index.php\\\/2022\\\/04\\\/16\\\/cvijanovic-zakon-o-nepokretnoj-imovini-rs-je-ostao-na-snazi\\\/#primaryimage\"},\"image\":{\"@id\":\"https:\\\/\\\/radioljubuski.ba\\\/index.php\\\/2022\\\/04\\\/16\\\/cvijanovic-zakon-o-nepokretnoj-imovini-rs-je-ostao-na-snazi\\\/#primaryimage\"},\"thumbnailUrl\":\"https:\\\/\\\/radioljubuski.ba\\\/wp-content\\\/uploads\\\/2021\\\/03\\\/cvijanovic_2_0.jpg\",\"datePublished\":\"2022-04-16T20:14:00+00:00\",\"dateModified\":\"2022-04-16T20:14:01+00:00\",\"breadcrumb\":{\"@id\":\"https:\\\/\\\/radioljubuski.ba\\\/index.php\\\/2022\\\/04\\\/16\\\/cvijanovic-zakon-o-nepokretnoj-imovini-rs-je-ostao-na-snazi\\\/#breadcrumb\"},\"inLanguage\":\"hr\",\"potentialAction\":[{\"@type\":\"ReadAction\",\"target\":[\"https:\\\/\\\/radioljubuski.ba\\\/index.php\\\/2022\\\/04\\\/16\\\/cvijanovic-zakon-o-nepokretnoj-imovini-rs-je-ostao-na-snazi\\\/\"]}]},{\"@type\":\"ImageObject\",\"inLanguage\":\"hr\",\"@id\":\"https:\\\/\\\/radioljubuski.ba\\\/index.php\\\/2022\\\/04\\\/16\\\/cvijanovic-zakon-o-nepokretnoj-imovini-rs-je-ostao-na-snazi\\\/#primaryimage\",\"url\":\"https:\\\/\\\/radioljubuski.ba\\\/wp-content\\\/uploads\\\/2021\\\/03\\\/cvijanovic_2_0.jpg\",\"contentUrl\":\"https:\\\/\\\/radioljubuski.ba\\\/wp-content\\\/uploads\\\/2021\\\/03\\\/cvijanovic_2_0.jpg\",\"width\":840,\"height\":470},{\"@type\":\"BreadcrumbList\",\"@id\":\"https:\\\/\\\/radioljubuski.ba\\\/index.php\\\/2022\\\/04\\\/16\\\/cvijanovic-zakon-o-nepokretnoj-imovini-rs-je-ostao-na-snazi\\\/#breadcrumb\",\"itemListElement\":[{\"@type\":\"ListItem\",\"position\":1,\"name\":\"Po\u010detna stranica\",\"item\":\"https:\\\/\\\/radioljubuski.ba\\\/\"},{\"@type\":\"ListItem\",\"position\":2,\"name\":\"Cvijanovi\u0107: Zakon o nepokretnoj imovini RS je ostao na snazi\"}]},{\"@type\":\"WebSite\",\"@id\":\"https:\\\/\\\/radioljubuski.ba\\\/#website\",\"url\":\"https:\\\/\\\/radioljubuski.ba\\\/\",\"name\":\"Radio Ljubu\u0161ki\",\"description\":\"Sun\u010dana frekvencija Hercegovine\",\"publisher\":{\"@id\":\"https:\\\/\\\/radioljubuski.ba\\\/#organization\"},\"potentialAction\":[{\"@type\":\"SearchAction\",\"target\":{\"@type\":\"EntryPoint\",\"urlTemplate\":\"https:\\\/\\\/radioljubuski.ba\\\/?s={search_term_string}\"},\"query-input\":{\"@type\":\"PropertyValueSpecification\",\"valueRequired\":true,\"valueName\":\"search_term_string\"}}],\"inLanguage\":\"hr\"},{\"@type\":\"Organization\",\"@id\":\"https:\\\/\\\/radioljubuski.ba\\\/#organization\",\"name\":\"Radio Ljubu\u0161ki\",\"url\":\"https:\\\/\\\/radioljubuski.ba\\\/\",\"logo\":{\"@type\":\"ImageObject\",\"inLanguage\":\"hr\",\"@id\":\"https:\\\/\\\/radioljubuski.ba\\\/#\\\/schema\\\/logo\\\/image\\\/\",\"url\":\"https:\\\/\\\/radioljubuski.ba\\\/wp-content\\\/uploads\\\/2021\\\/02\\\/cropped-Radio_Ljubuski_logo1.jpg\",\"contentUrl\":\"https:\\\/\\\/radioljubuski.ba\\\/wp-content\\\/uploads\\\/2021\\\/02\\\/cropped-Radio_Ljubuski_logo1.jpg\",\"width\":512,\"height\":512,\"caption\":\"Radio Ljubu\u0161ki\"},\"image\":{\"@id\":\"https:\\\/\\\/radioljubuski.ba\\\/#\\\/schema\\\/logo\\\/image\\\/\"},\"sameAs\":[\"https:\\\/\\\/www.facebook.com\\\/Radiio-Ljubuski-1490835324566332\",\"https:\\\/\\\/x.com\\\/radioljubuski\",\"https:\\\/\\\/hr.linkedin.com\\\/company\\\/radio-ljubuski\",\"https:\\\/\\\/www.youtube.com\\\/channel\\\/UCHYaeO_n0Db3tjNGudGpXyw\"]},{\"@type\":\"Person\",\"@id\":\"https:\\\/\\\/radioljubuski.ba\\\/#\\\/schema\\\/person\\\/19fc700381a780f69665d7956c469e3b\",\"name\":\"Radio Ljubu\u0161ki\"}]}<\/script>\n<!-- \/ Yoast SEO plugin. -->","yoast_head_json":{"title":"Cvijanovi\u0107: Zakon o nepokretnoj imovini RS je ostao na snazi - RADIO LJUBU\u0160KI","robots":{"index":"index","follow":"follow","max-snippet":"max-snippet:-1","max-image-preview":"max-image-preview:large","max-video-preview":"max-video-preview:-1"},"canonical":"https:\/\/radioljubuski.ba\/index.php\/2022\/04\/16\/cvijanovic-zakon-o-nepokretnoj-imovini-rs-je-ostao-na-snazi\/","og_locale":"hr_HR","og_type":"article","og_title":"Cvijanovi\u0107: Zakon o nepokretnoj imovini RS je ostao na snazi - RADIO LJUBU\u0160KI","og_description":"Predsjednica Republike \u017deljka Cvijanovi\u0107 rekla je danas da je Zakon o nepokretnoj imovini Republike Srpske ostao na snazi i da je neophodno u narednom periodu osigurati njegovo provo\u0111enje, \u0161to podrazumijeva slu\u017ebeni\u010dko djelovanje na razli\u010ditom nivou. Predsjednica R. Srpske je istaknula da je pitanje imovine jedno od klju\u010dnih za Republiku Srpsku, prenosi RTRS. &#8211; To su [&hellip;]","og_url":"https:\/\/radioljubuski.ba\/index.php\/2022\/04\/16\/cvijanovic-zakon-o-nepokretnoj-imovini-rs-je-ostao-na-snazi\/","og_site_name":"RADIO LJUBU\u0160KI","article_publisher":"https:\/\/www.facebook.com\/Radiio-Ljubuski-1490835324566332","article_published_time":"2022-04-16T20:14:00+00:00","article_modified_time":"2022-04-16T20:14:01+00:00","og_image":[{"width":840,"height":470,"url":"https:\/\/radioljubuski.ba\/wp-content\/uploads\/2021\/03\/cvijanovic_2_0.jpg","type":"image\/jpeg"}],"author":"Radio Ljubu\u0161ki","twitter_card":"summary_large_image","twitter_creator":"@radioljubuski","twitter_site":"@radioljubuski","twitter_misc":{"Napisao\/la":"Radio Ljubu\u0161ki","Procijenjeno vrijeme \u010ditanja":"1 minuta"},"schema":{"@context":"https:\/\/schema.org","@graph":[{"@type":"Article","@id":"https:\/\/radioljubuski.ba\/index.php\/2022\/04\/16\/cvijanovic-zakon-o-nepokretnoj-imovini-rs-je-ostao-na-snazi\/#article","isPartOf":{"@id":"https:\/\/radioljubuski.ba\/index.php\/2022\/04\/16\/cvijanovic-zakon-o-nepokretnoj-imovini-rs-je-ostao-na-snazi\/"},"author":{"name":"Radio Ljubu\u0161ki","@id":"https:\/\/radioljubuski.ba\/#\/schema\/person\/19fc700381a780f69665d7956c469e3b"},"headline":"Cvijanovi\u0107: Zakon o nepokretnoj imovini RS je ostao na snazi","datePublished":"2022-04-16T20:14:00+00:00","dateModified":"2022-04-16T20:14:01+00:00","mainEntityOfPage":{"@id":"https:\/\/radioljubuski.ba\/index.php\/2022\/04\/16\/cvijanovic-zakon-o-nepokretnoj-imovini-rs-je-ostao-na-snazi\/"},"wordCount":134,"publisher":{"@id":"https:\/\/radioljubuski.ba\/#organization"},"image":{"@id":"https:\/\/radioljubuski.ba\/index.php\/2022\/04\/16\/cvijanovic-zakon-o-nepokretnoj-imovini-rs-je-ostao-na-snazi\/#primaryimage"},"thumbnailUrl":"https:\/\/radioljubuski.ba\/wp-content\/uploads\/2021\/03\/cvijanovic_2_0.jpg","articleSection":["BIH i regija"],"inLanguage":"hr"},{"@type":"WebPage","@id":"https:\/\/radioljubuski.ba\/index.php\/2022\/04\/16\/cvijanovic-zakon-o-nepokretnoj-imovini-rs-je-ostao-na-snazi\/","url":"https:\/\/radioljubuski.ba\/index.php\/2022\/04\/16\/cvijanovic-zakon-o-nepokretnoj-imovini-rs-je-ostao-na-snazi\/","name":"Cvijanovi\u0107: Zakon o nepokretnoj imovini RS je ostao na snazi - RADIO LJUBU\u0160KI","isPartOf":{"@id":"https:\/\/radioljubuski.ba\/#website"},"primaryImageOfPage":{"@id":"https:\/\/radioljubuski.ba\/index.php\/2022\/04\/16\/cvijanovic-zakon-o-nepokretnoj-imovini-rs-je-ostao-na-snazi\/#primaryimage"},"image":{"@id":"https:\/\/radioljubuski.ba\/index.php\/2022\/04\/16\/cvijanovic-zakon-o-nepokretnoj-imovini-rs-je-ostao-na-snazi\/#primaryimage"},"thumbnailUrl":"https:\/\/radioljubuski.ba\/wp-content\/uploads\/2021\/03\/cvijanovic_2_0.jpg","datePublished":"2022-04-16T20:14:00+00:00","dateModified":"2022-04-16T20:14:01+00:00","breadcrumb":{"@id":"https:\/\/radioljubuski.ba\/index.php\/2022\/04\/16\/cvijanovic-zakon-o-nepokretnoj-imovini-rs-je-ostao-na-snazi\/#breadcrumb"},"inLanguage":"hr","potentialAction":[{"@type":"ReadAction","target":["https:\/\/radioljubuski.ba\/index.php\/2022\/04\/16\/cvijanovic-zakon-o-nepokretnoj-imovini-rs-je-ostao-na-snazi\/"]}]},{"@type":"ImageObject","inLanguage":"hr","@id":"https:\/\/radioljubuski.ba\/index.php\/2022\/04\/16\/cvijanovic-zakon-o-nepokretnoj-imovini-rs-je-ostao-na-snazi\/#primaryimage","url":"https:\/\/radioljubuski.ba\/wp-content\/uploads\/2021\/03\/cvijanovic_2_0.jpg","contentUrl":"https:\/\/radioljubuski.ba\/wp-content\/uploads\/2021\/03\/cvijanovic_2_0.jpg","width":840,"height":470},{"@type":"BreadcrumbList","@id":"https:\/\/radioljubuski.ba\/index.php\/2022\/04\/16\/cvijanovic-zakon-o-nepokretnoj-imovini-rs-je-ostao-na-snazi\/#breadcrumb","itemListElement":[{"@type":"ListItem","position":1,"name":"Po\u010detna stranica","item":"https:\/\/radioljubuski.ba\/"},{"@type":"ListItem","position":2,"name":"Cvijanovi\u0107: Zakon o nepokretnoj imovini RS je ostao na snazi"}]},{"@type":"WebSite","@id":"https:\/\/radioljubuski.ba\/#website","url":"https:\/\/radioljubuski.ba\/","name":"Radio Ljubu\u0161ki","description":"Sun\u010dana frekvencija Hercegovine","publisher":{"@id":"https:\/\/radioljubuski.ba\/#organization"},"potentialAction":[{"@type":"SearchAction","target":{"@type":"EntryPoint","urlTemplate":"https:\/\/radioljubuski.ba\/?s={search_term_string}"},"query-input":{"@type":"PropertyValueSpecification","valueRequired":true,"valueName":"search_term_string"}}],"inLanguage":"hr"},{"@type":"Organization","@id":"https:\/\/radioljubuski.ba\/#organization","name":"Radio Ljubu\u0161ki","url":"https:\/\/radioljubuski.ba\/","logo":{"@type":"ImageObject","inLanguage":"hr","@id":"https:\/\/radioljubuski.ba\/#\/schema\/logo\/image\/","url":"https:\/\/radioljubuski.ba\/wp-content\/uploads\/2021\/02\/cropped-Radio_Ljubuski_logo1.jpg","contentUrl":"https:\/\/radioljubuski.ba\/wp-content\/uploads\/2021\/02\/cropped-Radio_Ljubuski_logo1.jpg","width":512,"height":512,"caption":"Radio Ljubu\u0161ki"},"image":{"@id":"https:\/\/radioljubuski.ba\/#\/schema\/logo\/image\/"},"sameAs":["https:\/\/www.facebook.com\/Radiio-Ljubuski-1490835324566332","https:\/\/x.com\/radioljubuski","https:\/\/hr.linkedin.com\/company\/radio-ljubuski","https:\/\/www.youtube.com\/channel\/UCHYaeO_n0Db3tjNGudGpXyw"]},{"@type":"Person","@id":"https:\/\/radioljubuski.ba\/#\/schema\/person\/19fc700381a780f69665d7956c469e3b","name":"Radio Ljubu\u0161ki"}]}},"_links":{"self":[{"href":"https:\/\/radioljubuski.ba\/index.php\/wp-json\/wp\/v2\/posts\/133222","targetHints":{"allow":["GET"]}}],"collection":[{"href":"https:\/\/radioljubuski.ba\/index.php\/wp-json\/wp\/v2\/posts"}],"about":[{"href":"https:\/\/radioljubuski.ba\/index.php\/wp-json\/wp\/v2\/types\/post"}],"author":[{"embeddable":true,"href":"https:\/\/radioljubuski.ba\/index.php\/wp-json\/wp\/v2\/users\/2"}],"replies":[{"embeddable":true,"href":"https:\/\/radioljubuski.ba\/index.php\/wp-json\/wp\/v2\/comments?post=133222"}],"version-history":[{"count":1,"href":"https:\/\/radioljubuski.ba\/index.php\/wp-json\/wp\/v2\/posts\/133222\/revisions"}],"predecessor-version":[{"id":133223,"href":"https:\/\/radioljubuski.ba\/index.php\/wp-json\/wp\/v2\/posts\/133222\/revisions\/133223"}],"wp:featuredmedia":[{"embeddable":true,"href":"https:\/\/radioljubuski.ba\/index.php\/wp-json\/wp\/v2\/media\/2306"}],"wp:attachment":[{"href":"https:\/\/radioljubuski.ba\/index.php\/wp-json\/wp\/v2\/media?parent=133222"}],"wp:term":[{"taxonomy":"category","embeddable":true,"href":"https:\/\/radioljubuski.ba\/index.php\/wp-json\/wp\/v2\/categories?post=133222"},{"taxonomy":"post_tag","embeddable":true,"href":"https:\/\/radioljubuski.ba\/index.php\/wp-json\/wp\/v2\/tags?post=133222"}],"curies":[{"name":"wp","href":"https:\/\/api.w.org\/{rel}","templated":true}]}}