{"id":133229,"date":"2022-04-16T21:17:45","date_gmt":"2022-04-16T20:17:45","guid":{"rendered":"https:\/\/radioljubuski.ba\/?p=133229"},"modified":"2022-04-16T21:17:47","modified_gmt":"2022-04-16T20:17:47","slug":"dodik-za-to-sto-je-bih-nepovratno-podijeljena-zemlja-pokusavaju-optuziti-rs","status":"publish","type":"post","link":"https:\/\/radioljubuski.ba\/index.php\/2022\/04\/16\/dodik-za-to-sto-je-bih-nepovratno-podijeljena-zemlja-pokusavaju-optuziti-rs\/","title":{"rendered":"Dodik: Za to \u0161to je BiH nepovratno podijeljena zemlja poku\u0161avaju optu\u017eiti RS"},"content":{"rendered":"\n<p>Oni poku\u0161avaju da okrive sve nas za to. Negdje pro\u0111u, kod svojih tradicionalnih prijatelja \u2013 u Engleskoj imate jak muslimanski lobi iz BiH predvo\u0111en Arminkom Heli\u0107, koja tamo ima status baronese &#8211; rekao je Dodik.<\/p>\n\n\n\n<p>Srpski \u010dlan Predsjedni\u0161tva BiH Milorad Dodik izjavio je da pri\u010da ministra vanjskih poslova u Vije\u0107u ministara Bisere Turkovi\u0107 o navodnoj secesiji Republike Srpske prolazi na Zapadu bez obzira na to koliko bila la\u017ena jer je stereotip koji je napravljen o Srbima u pro\u0161lom ratu samo probu\u0111en i malo razbuktan.<\/p>\n\n\n\n<p>Dodik je istaknuo da se za to \u0161to je BiH u ovom trenutku nepovratno podijeljena bez mogu\u0107nosti da ponovo bude sastavljena, poku\u0161ava optu\u017eiti Republiku Srpska.<\/p>\n\n\n\n<p>&#8211; Mi smo pominjali mogu\u0107nost da se BiH raspadne kao zemlja ako ne na\u0111e svoj unutra\u0161nji dogovor. I danas tako mislim. BiH sve manje ima unutarnji dogovor o bilo \u010demu i navika muslimana da rje\u0161avaju stvar tako \u0161to \u0107e animirati zapadnjake prije svega, Britaniju i druge, je navika koju upra\u017enjavaju &#8211; rekao je Dodik na konferenciji za tisak, nakon sastanka s predsjednikom Srbije Aleksandrom Vu\u010di\u0107em, prenosi RTRS.<\/p>\n\n\n\n<p>On je, povodom izjave Turkovi\u0107 kako me\u0111unarodna zajednica priprema dodatne mjere protiv vlasti u Republici Srpskoj ako se &#8220;ne prestane sa secesionisti\u010dkim namjerama&#8221;, rekao da je muslimansko politi\u010dko Sarajevo bilo uspje\u0161no u proteklih nekoliko mjeseci u sotonizaciji Republike Srpske i da im to i nije bilo te\u0161ko jer je stereotip koji je napravljen jo\u0161 iz rata samo probu\u0111en i malo razbuktan.<\/p>\n\n\n\n<iframe loading=\"lazy\" title=\"Konferencija za novinare Milorada Dodika \/\/\/ 15.4.2022.\" width=\"640\" height=\"360\" src=\"https:\/\/www.youtube.com\/embed\/uoT2xZQn5TM?feature=oembed\" frameborder=\"0\" allow=\"accelerometer; autoplay; clipboard-write; encrypted-media; gyroscope; picture-in-picture; web-share\" referrerpolicy=\"strict-origin-when-cross-origin\" allowfullscreen><\/iframe>\n\n\n\n<p>Poru\u010div\u0161i da se ni\u0161ta od toga ne\u0107e dogoditi, Dodik je ukazao da je u ovom trenutku BiH nepovratno podijeljena bez mogu\u0107nosti da ponovo bude sastavljena.<\/p>\n\n\n\n<p>Ukazao je da je vidljivo da stvari ne funkcioniraju na relaciji muslimani \u2013 Hrvati u Federaciji, a nikako ne funkcioniraju na relaciji Republika Srpska \u2013 muslimansko politi\u010dko Sarajevo.<\/p>\n\n\n\n<p>&#8211; Oni poku\u0161avaju da okrive sve nas za to. Negdje pro\u0111u, kod svojih tradicionalnih prijatelja \u2013 u Engleskoj imate jak muslimanski lobi iz BiH predvo\u0111en Arminkom Heli\u0107, koja tamo ima status baronese &#8211; rekao je Dodik.<\/p>\n\n\n\n<p>Dodik je rekao da muslimani poku\u0161avaju da naprave atmosferu da su Srbi kolektivno na\u010dinili genocid, jer ako se neka zajednica proglasi da je formirana na genocidu, onda ona nema pravo postojati.<\/p>\n\n\n\n<p>&#8211; Politi\u010dki moramo da odbijemo tu medijsku, politi\u010dku pripremu za kona\u010dnu eliminaciju Republike Srpske i mi to radimo. Srbi nisu po\u010dinili genocid kao narod, ve\u0107 su zlo\u010din po\u010dinili pojedinci. Negiram da su Srbi kao narod po\u010dinili genocid i negiram da je Republika Srpska genocidna tvorevina nego ona ima svoj status u me\u0111unarodnopravnom smislu dobijen Dejtonskim sporazumom i mi ni\u0161ta osim toga ne tra\u017eimo &#8211; poru\u010dio je Dodik.<\/p>\n\n\n\n<p>Ocijenio je da je razlog \u0161to Turkovi\u0107e priop\u0107ava namjere me\u0111unarodne zajednice o dodatnim mjerama protiv vlasti u Republici Srpskoj u tome \u0161to je o\u010digledno da muslimani pri\u010daju vi\u0161e s njima.<\/p>\n\n\n\n<p>Dodik je napomenuo da su se, ipak, okolnosti promijenile.<\/p>\n\n\n\n<p>&#8211; Priznajem da nam je mnogo lak\u0161e bilo boriti se do prije ovog sukoba u Ukrajini. Sada je neka druga atmosfera i oni ubrzavaju pri\u010du protiv Republike Srpske, jer ra\u010dunaju da, dok je ovaj sukob u Ukrajini da im je stvorena okolnost u kojoj mogu da nas dodatno sataniziraju &#8211; rekao je Dodik.<\/p>\n\n\n\n<p>On je podsjetio da je Britanija ulo\u017eila \u0161est milijuna na Balkan za borbu protiv ruskog utjecaja i ukazao da je zapadni utjecaj ve\u0107i od ruskog.<\/p>\n\n\n\n<p>Izvor:pogled.ba<\/p>\n","protected":false},"excerpt":{"rendered":"<p>Oni poku\u0161avaju da okrive sve nas za to. Negdje pro\u0111u, kod svojih tradicionalnih prijatelja \u2013 u Engleskoj imate jak muslimanski lobi iz BiH predvo\u0111en Arminkom Heli\u0107, koja tamo ima status baronese &#8211; rekao je Dodik. Srpski \u010dlan Predsjedni\u0161tva BiH Milorad Dodik izjavio je da pri\u010da ministra vanjskih poslova u Vije\u0107u ministara Bisere Turkovi\u0107 o navodnoj [&hellip;]<\/p>\n","protected":false},"author":2,"featured_media":62589,"comment_status":"closed","ping_status":"closed","sticky":false,"template":"","format":"standard","meta":{"h5ap_radio_sources":[],"footnotes":""},"categories":[1],"tags":[],"class_list":["post-133229","post","type-post","status-publish","format-standard","has-post-thumbnail","hentry","category-bihiregija"],"yoast_head":"<!-- This site is optimized with the Yoast SEO plugin v27.5 - https:\/\/yoast.com\/product\/yoast-seo-wordpress\/ -->\n<title>Dodik: Za to \u0161to je BiH nepovratno podijeljena zemlja poku\u0161avaju optu\u017eiti RS - RADIO LJUBU\u0160KI<\/title>\n<meta name=\"robots\" content=\"index, follow, max-snippet:-1, max-image-preview:large, max-video-preview:-1\" \/>\n<link rel=\"canonical\" href=\"https:\/\/radioljubuski.ba\/index.php\/2022\/04\/16\/dodik-za-to-sto-je-bih-nepovratno-podijeljena-zemlja-pokusavaju-optuziti-rs\/\" \/>\n<meta property=\"og:locale\" content=\"hr_HR\" \/>\n<meta property=\"og:type\" content=\"article\" \/>\n<meta property=\"og:title\" content=\"Dodik: Za to \u0161to je BiH nepovratno podijeljena zemlja poku\u0161avaju optu\u017eiti RS - RADIO LJUBU\u0160KI\" \/>\n<meta property=\"og:description\" content=\"Oni poku\u0161avaju da okrive sve nas za to. Negdje pro\u0111u, kod svojih tradicionalnih prijatelja \u2013 u Engleskoj imate jak muslimanski lobi iz BiH predvo\u0111en Arminkom Heli\u0107, koja tamo ima status baronese &#8211; rekao je Dodik. Srpski \u010dlan Predsjedni\u0161tva BiH Milorad Dodik izjavio je da pri\u010da ministra vanjskih poslova u Vije\u0107u ministara Bisere Turkovi\u0107 o navodnoj [&hellip;]\" \/>\n<meta property=\"og:url\" content=\"https:\/\/radioljubuski.ba\/index.php\/2022\/04\/16\/dodik-za-to-sto-je-bih-nepovratno-podijeljena-zemlja-pokusavaju-optuziti-rs\/\" \/>\n<meta property=\"og:site_name\" content=\"RADIO LJUBU\u0160KI\" \/>\n<meta property=\"article:publisher\" content=\"https:\/\/www.facebook.com\/Radiio-Ljubuski-1490835324566332\" \/>\n<meta property=\"article:published_time\" content=\"2022-04-16T20:17:45+00:00\" \/>\n<meta property=\"article:modified_time\" content=\"2022-04-16T20:17:47+00:00\" \/>\n<meta property=\"og:image\" content=\"https:\/\/radioljubuski.ba\/wp-content\/uploads\/2021\/09\/dodik-rtrs3.jpg\" \/>\n\t<meta property=\"og:image:width\" content=\"658\" \/>\n\t<meta property=\"og:image:height\" content=\"494\" \/>\n\t<meta property=\"og:image:type\" content=\"image\/jpeg\" \/>\n<meta name=\"author\" content=\"Radio Ljubu\u0161ki\" \/>\n<meta name=\"twitter:card\" content=\"summary_large_image\" \/>\n<meta name=\"twitter:creator\" content=\"@radioljubuski\" \/>\n<meta name=\"twitter:site\" content=\"@radioljubuski\" \/>\n<meta name=\"twitter:label1\" content=\"Napisao\/la\" \/>\n\t<meta name=\"twitter:data1\" content=\"Radio Ljubu\u0161ki\" \/>\n\t<meta name=\"twitter:label2\" content=\"Procijenjeno vrijeme \u010ditanja\" \/>\n\t<meta name=\"twitter:data2\" content=\"3 minute\" \/>\n<script type=\"application\/ld+json\" class=\"yoast-schema-graph\">{\"@context\":\"https:\\\/\\\/schema.org\",\"@graph\":[{\"@type\":\"Article\",\"@id\":\"https:\\\/\\\/radioljubuski.ba\\\/index.php\\\/2022\\\/04\\\/16\\\/dodik-za-to-sto-je-bih-nepovratno-podijeljena-zemlja-pokusavaju-optuziti-rs\\\/#article\",\"isPartOf\":{\"@id\":\"https:\\\/\\\/radioljubuski.ba\\\/index.php\\\/2022\\\/04\\\/16\\\/dodik-za-to-sto-je-bih-nepovratno-podijeljena-zemlja-pokusavaju-optuziti-rs\\\/\"},\"author\":{\"name\":\"Radio Ljubu\u0161ki\",\"@id\":\"https:\\\/\\\/radioljubuski.ba\\\/#\\\/schema\\\/person\\\/19fc700381a780f69665d7956c469e3b\"},\"headline\":\"Dodik: Za to \u0161to je BiH nepovratno podijeljena zemlja poku\u0161avaju optu\u017eiti RS\",\"datePublished\":\"2022-04-16T20:17:45+00:00\",\"dateModified\":\"2022-04-16T20:17:47+00:00\",\"mainEntityOfPage\":{\"@id\":\"https:\\\/\\\/radioljubuski.ba\\\/index.php\\\/2022\\\/04\\\/16\\\/dodik-za-to-sto-je-bih-nepovratno-podijeljena-zemlja-pokusavaju-optuziti-rs\\\/\"},\"wordCount\":621,\"publisher\":{\"@id\":\"https:\\\/\\\/radioljubuski.ba\\\/#organization\"},\"image\":{\"@id\":\"https:\\\/\\\/radioljubuski.ba\\\/index.php\\\/2022\\\/04\\\/16\\\/dodik-za-to-sto-je-bih-nepovratno-podijeljena-zemlja-pokusavaju-optuziti-rs\\\/#primaryimage\"},\"thumbnailUrl\":\"https:\\\/\\\/radioljubuski.ba\\\/wp-content\\\/uploads\\\/2021\\\/09\\\/dodik-rtrs3.jpg\",\"articleSection\":[\"BIH i regija\"],\"inLanguage\":\"hr\"},{\"@type\":\"WebPage\",\"@id\":\"https:\\\/\\\/radioljubuski.ba\\\/index.php\\\/2022\\\/04\\\/16\\\/dodik-za-to-sto-je-bih-nepovratno-podijeljena-zemlja-pokusavaju-optuziti-rs\\\/\",\"url\":\"https:\\\/\\\/radioljubuski.ba\\\/index.php\\\/2022\\\/04\\\/16\\\/dodik-za-to-sto-je-bih-nepovratno-podijeljena-zemlja-pokusavaju-optuziti-rs\\\/\",\"name\":\"Dodik: Za to \u0161to je BiH nepovratno podijeljena zemlja poku\u0161avaju optu\u017eiti RS - RADIO LJUBU\u0160KI\",\"isPartOf\":{\"@id\":\"https:\\\/\\\/radioljubuski.ba\\\/#website\"},\"primaryImageOfPage\":{\"@id\":\"https:\\\/\\\/radioljubuski.ba\\\/index.php\\\/2022\\\/04\\\/16\\\/dodik-za-to-sto-je-bih-nepovratno-podijeljena-zemlja-pokusavaju-optuziti-rs\\\/#primaryimage\"},\"image\":{\"@id\":\"https:\\\/\\\/radioljubuski.ba\\\/index.php\\\/2022\\\/04\\\/16\\\/dodik-za-to-sto-je-bih-nepovratno-podijeljena-zemlja-pokusavaju-optuziti-rs\\\/#primaryimage\"},\"thumbnailUrl\":\"https:\\\/\\\/radioljubuski.ba\\\/wp-content\\\/uploads\\\/2021\\\/09\\\/dodik-rtrs3.jpg\",\"datePublished\":\"2022-04-16T20:17:45+00:00\",\"dateModified\":\"2022-04-16T20:17:47+00:00\",\"breadcrumb\":{\"@id\":\"https:\\\/\\\/radioljubuski.ba\\\/index.php\\\/2022\\\/04\\\/16\\\/dodik-za-to-sto-je-bih-nepovratno-podijeljena-zemlja-pokusavaju-optuziti-rs\\\/#breadcrumb\"},\"inLanguage\":\"hr\",\"potentialAction\":[{\"@type\":\"ReadAction\",\"target\":[\"https:\\\/\\\/radioljubuski.ba\\\/index.php\\\/2022\\\/04\\\/16\\\/dodik-za-to-sto-je-bih-nepovratno-podijeljena-zemlja-pokusavaju-optuziti-rs\\\/\"]}]},{\"@type\":\"ImageObject\",\"inLanguage\":\"hr\",\"@id\":\"https:\\\/\\\/radioljubuski.ba\\\/index.php\\\/2022\\\/04\\\/16\\\/dodik-za-to-sto-je-bih-nepovratno-podijeljena-zemlja-pokusavaju-optuziti-rs\\\/#primaryimage\",\"url\":\"https:\\\/\\\/radioljubuski.ba\\\/wp-content\\\/uploads\\\/2021\\\/09\\\/dodik-rtrs3.jpg\",\"contentUrl\":\"https:\\\/\\\/radioljubuski.ba\\\/wp-content\\\/uploads\\\/2021\\\/09\\\/dodik-rtrs3.jpg\",\"width\":658,\"height\":494},{\"@type\":\"BreadcrumbList\",\"@id\":\"https:\\\/\\\/radioljubuski.ba\\\/index.php\\\/2022\\\/04\\\/16\\\/dodik-za-to-sto-je-bih-nepovratno-podijeljena-zemlja-pokusavaju-optuziti-rs\\\/#breadcrumb\",\"itemListElement\":[{\"@type\":\"ListItem\",\"position\":1,\"name\":\"Po\u010detna stranica\",\"item\":\"https:\\\/\\\/radioljubuski.ba\\\/\"},{\"@type\":\"ListItem\",\"position\":2,\"name\":\"Dodik: Za to \u0161to je BiH nepovratno podijeljena zemlja poku\u0161avaju optu\u017eiti RS\"}]},{\"@type\":\"WebSite\",\"@id\":\"https:\\\/\\\/radioljubuski.ba\\\/#website\",\"url\":\"https:\\\/\\\/radioljubuski.ba\\\/\",\"name\":\"Radio Ljubu\u0161ki\",\"description\":\"Sun\u010dana frekvencija Hercegovine\",\"publisher\":{\"@id\":\"https:\\\/\\\/radioljubuski.ba\\\/#organization\"},\"potentialAction\":[{\"@type\":\"SearchAction\",\"target\":{\"@type\":\"EntryPoint\",\"urlTemplate\":\"https:\\\/\\\/radioljubuski.ba\\\/?s={search_term_string}\"},\"query-input\":{\"@type\":\"PropertyValueSpecification\",\"valueRequired\":true,\"valueName\":\"search_term_string\"}}],\"inLanguage\":\"hr\"},{\"@type\":\"Organization\",\"@id\":\"https:\\\/\\\/radioljubuski.ba\\\/#organization\",\"name\":\"Radio Ljubu\u0161ki\",\"url\":\"https:\\\/\\\/radioljubuski.ba\\\/\",\"logo\":{\"@type\":\"ImageObject\",\"inLanguage\":\"hr\",\"@id\":\"https:\\\/\\\/radioljubuski.ba\\\/#\\\/schema\\\/logo\\\/image\\\/\",\"url\":\"https:\\\/\\\/radioljubuski.ba\\\/wp-content\\\/uploads\\\/2021\\\/02\\\/cropped-Radio_Ljubuski_logo1.jpg\",\"contentUrl\":\"https:\\\/\\\/radioljubuski.ba\\\/wp-content\\\/uploads\\\/2021\\\/02\\\/cropped-Radio_Ljubuski_logo1.jpg\",\"width\":512,\"height\":512,\"caption\":\"Radio Ljubu\u0161ki\"},\"image\":{\"@id\":\"https:\\\/\\\/radioljubuski.ba\\\/#\\\/schema\\\/logo\\\/image\\\/\"},\"sameAs\":[\"https:\\\/\\\/www.facebook.com\\\/Radiio-Ljubuski-1490835324566332\",\"https:\\\/\\\/x.com\\\/radioljubuski\",\"https:\\\/\\\/hr.linkedin.com\\\/company\\\/radio-ljubuski\",\"https:\\\/\\\/www.youtube.com\\\/channel\\\/UCHYaeO_n0Db3tjNGudGpXyw\"]},{\"@type\":\"Person\",\"@id\":\"https:\\\/\\\/radioljubuski.ba\\\/#\\\/schema\\\/person\\\/19fc700381a780f69665d7956c469e3b\",\"name\":\"Radio Ljubu\u0161ki\"}]}<\/script>\n<!-- \/ Yoast SEO plugin. -->","yoast_head_json":{"title":"Dodik: Za to \u0161to je BiH nepovratno podijeljena zemlja poku\u0161avaju optu\u017eiti RS - RADIO LJUBU\u0160KI","robots":{"index":"index","follow":"follow","max-snippet":"max-snippet:-1","max-image-preview":"max-image-preview:large","max-video-preview":"max-video-preview:-1"},"canonical":"https:\/\/radioljubuski.ba\/index.php\/2022\/04\/16\/dodik-za-to-sto-je-bih-nepovratno-podijeljena-zemlja-pokusavaju-optuziti-rs\/","og_locale":"hr_HR","og_type":"article","og_title":"Dodik: Za to \u0161to je BiH nepovratno podijeljena zemlja poku\u0161avaju optu\u017eiti RS - RADIO LJUBU\u0160KI","og_description":"Oni poku\u0161avaju da okrive sve nas za to. Negdje pro\u0111u, kod svojih tradicionalnih prijatelja \u2013 u Engleskoj imate jak muslimanski lobi iz BiH predvo\u0111en Arminkom Heli\u0107, koja tamo ima status baronese &#8211; rekao je Dodik. Srpski \u010dlan Predsjedni\u0161tva BiH Milorad Dodik izjavio je da pri\u010da ministra vanjskih poslova u Vije\u0107u ministara Bisere Turkovi\u0107 o navodnoj [&hellip;]","og_url":"https:\/\/radioljubuski.ba\/index.php\/2022\/04\/16\/dodik-za-to-sto-je-bih-nepovratno-podijeljena-zemlja-pokusavaju-optuziti-rs\/","og_site_name":"RADIO LJUBU\u0160KI","article_publisher":"https:\/\/www.facebook.com\/Radiio-Ljubuski-1490835324566332","article_published_time":"2022-04-16T20:17:45+00:00","article_modified_time":"2022-04-16T20:17:47+00:00","og_image":[{"width":658,"height":494,"url":"https:\/\/radioljubuski.ba\/wp-content\/uploads\/2021\/09\/dodik-rtrs3.jpg","type":"image\/jpeg"}],"author":"Radio Ljubu\u0161ki","twitter_card":"summary_large_image","twitter_creator":"@radioljubuski","twitter_site":"@radioljubuski","twitter_misc":{"Napisao\/la":"Radio Ljubu\u0161ki","Procijenjeno vrijeme \u010ditanja":"3 minute"},"schema":{"@context":"https:\/\/schema.org","@graph":[{"@type":"Article","@id":"https:\/\/radioljubuski.ba\/index.php\/2022\/04\/16\/dodik-za-to-sto-je-bih-nepovratno-podijeljena-zemlja-pokusavaju-optuziti-rs\/#article","isPartOf":{"@id":"https:\/\/radioljubuski.ba\/index.php\/2022\/04\/16\/dodik-za-to-sto-je-bih-nepovratno-podijeljena-zemlja-pokusavaju-optuziti-rs\/"},"author":{"name":"Radio Ljubu\u0161ki","@id":"https:\/\/radioljubuski.ba\/#\/schema\/person\/19fc700381a780f69665d7956c469e3b"},"headline":"Dodik: Za to \u0161to je BiH nepovratno podijeljena zemlja poku\u0161avaju optu\u017eiti RS","datePublished":"2022-04-16T20:17:45+00:00","dateModified":"2022-04-16T20:17:47+00:00","mainEntityOfPage":{"@id":"https:\/\/radioljubuski.ba\/index.php\/2022\/04\/16\/dodik-za-to-sto-je-bih-nepovratno-podijeljena-zemlja-pokusavaju-optuziti-rs\/"},"wordCount":621,"publisher":{"@id":"https:\/\/radioljubuski.ba\/#organization"},"image":{"@id":"https:\/\/radioljubuski.ba\/index.php\/2022\/04\/16\/dodik-za-to-sto-je-bih-nepovratno-podijeljena-zemlja-pokusavaju-optuziti-rs\/#primaryimage"},"thumbnailUrl":"https:\/\/radioljubuski.ba\/wp-content\/uploads\/2021\/09\/dodik-rtrs3.jpg","articleSection":["BIH i regija"],"inLanguage":"hr"},{"@type":"WebPage","@id":"https:\/\/radioljubuski.ba\/index.php\/2022\/04\/16\/dodik-za-to-sto-je-bih-nepovratno-podijeljena-zemlja-pokusavaju-optuziti-rs\/","url":"https:\/\/radioljubuski.ba\/index.php\/2022\/04\/16\/dodik-za-to-sto-je-bih-nepovratno-podijeljena-zemlja-pokusavaju-optuziti-rs\/","name":"Dodik: Za to \u0161to je BiH nepovratno podijeljena zemlja poku\u0161avaju optu\u017eiti RS - RADIO LJUBU\u0160KI","isPartOf":{"@id":"https:\/\/radioljubuski.ba\/#website"},"primaryImageOfPage":{"@id":"https:\/\/radioljubuski.ba\/index.php\/2022\/04\/16\/dodik-za-to-sto-je-bih-nepovratno-podijeljena-zemlja-pokusavaju-optuziti-rs\/#primaryimage"},"image":{"@id":"https:\/\/radioljubuski.ba\/index.php\/2022\/04\/16\/dodik-za-to-sto-je-bih-nepovratno-podijeljena-zemlja-pokusavaju-optuziti-rs\/#primaryimage"},"thumbnailUrl":"https:\/\/radioljubuski.ba\/wp-content\/uploads\/2021\/09\/dodik-rtrs3.jpg","datePublished":"2022-04-16T20:17:45+00:00","dateModified":"2022-04-16T20:17:47+00:00","breadcrumb":{"@id":"https:\/\/radioljubuski.ba\/index.php\/2022\/04\/16\/dodik-za-to-sto-je-bih-nepovratno-podijeljena-zemlja-pokusavaju-optuziti-rs\/#breadcrumb"},"inLanguage":"hr","potentialAction":[{"@type":"ReadAction","target":["https:\/\/radioljubuski.ba\/index.php\/2022\/04\/16\/dodik-za-to-sto-je-bih-nepovratno-podijeljena-zemlja-pokusavaju-optuziti-rs\/"]}]},{"@type":"ImageObject","inLanguage":"hr","@id":"https:\/\/radioljubuski.ba\/index.php\/2022\/04\/16\/dodik-za-to-sto-je-bih-nepovratno-podijeljena-zemlja-pokusavaju-optuziti-rs\/#primaryimage","url":"https:\/\/radioljubuski.ba\/wp-content\/uploads\/2021\/09\/dodik-rtrs3.jpg","contentUrl":"https:\/\/radioljubuski.ba\/wp-content\/uploads\/2021\/09\/dodik-rtrs3.jpg","width":658,"height":494},{"@type":"BreadcrumbList","@id":"https:\/\/radioljubuski.ba\/index.php\/2022\/04\/16\/dodik-za-to-sto-je-bih-nepovratno-podijeljena-zemlja-pokusavaju-optuziti-rs\/#breadcrumb","itemListElement":[{"@type":"ListItem","position":1,"name":"Po\u010detna stranica","item":"https:\/\/radioljubuski.ba\/"},{"@type":"ListItem","position":2,"name":"Dodik: Za to \u0161to je BiH nepovratno podijeljena zemlja poku\u0161avaju optu\u017eiti RS"}]},{"@type":"WebSite","@id":"https:\/\/radioljubuski.ba\/#website","url":"https:\/\/radioljubuski.ba\/","name":"Radio Ljubu\u0161ki","description":"Sun\u010dana frekvencija Hercegovine","publisher":{"@id":"https:\/\/radioljubuski.ba\/#organization"},"potentialAction":[{"@type":"SearchAction","target":{"@type":"EntryPoint","urlTemplate":"https:\/\/radioljubuski.ba\/?s={search_term_string}"},"query-input":{"@type":"PropertyValueSpecification","valueRequired":true,"valueName":"search_term_string"}}],"inLanguage":"hr"},{"@type":"Organization","@id":"https:\/\/radioljubuski.ba\/#organization","name":"Radio Ljubu\u0161ki","url":"https:\/\/radioljubuski.ba\/","logo":{"@type":"ImageObject","inLanguage":"hr","@id":"https:\/\/radioljubuski.ba\/#\/schema\/logo\/image\/","url":"https:\/\/radioljubuski.ba\/wp-content\/uploads\/2021\/02\/cropped-Radio_Ljubuski_logo1.jpg","contentUrl":"https:\/\/radioljubuski.ba\/wp-content\/uploads\/2021\/02\/cropped-Radio_Ljubuski_logo1.jpg","width":512,"height":512,"caption":"Radio Ljubu\u0161ki"},"image":{"@id":"https:\/\/radioljubuski.ba\/#\/schema\/logo\/image\/"},"sameAs":["https:\/\/www.facebook.com\/Radiio-Ljubuski-1490835324566332","https:\/\/x.com\/radioljubuski","https:\/\/hr.linkedin.com\/company\/radio-ljubuski","https:\/\/www.youtube.com\/channel\/UCHYaeO_n0Db3tjNGudGpXyw"]},{"@type":"Person","@id":"https:\/\/radioljubuski.ba\/#\/schema\/person\/19fc700381a780f69665d7956c469e3b","name":"Radio Ljubu\u0161ki"}]}},"_links":{"self":[{"href":"https:\/\/radioljubuski.ba\/index.php\/wp-json\/wp\/v2\/posts\/133229","targetHints":{"allow":["GET"]}}],"collection":[{"href":"https:\/\/radioljubuski.ba\/index.php\/wp-json\/wp\/v2\/posts"}],"about":[{"href":"https:\/\/radioljubuski.ba\/index.php\/wp-json\/wp\/v2\/types\/post"}],"author":[{"embeddable":true,"href":"https:\/\/radioljubuski.ba\/index.php\/wp-json\/wp\/v2\/users\/2"}],"replies":[{"embeddable":true,"href":"https:\/\/radioljubuski.ba\/index.php\/wp-json\/wp\/v2\/comments?post=133229"}],"version-history":[{"count":1,"href":"https:\/\/radioljubuski.ba\/index.php\/wp-json\/wp\/v2\/posts\/133229\/revisions"}],"predecessor-version":[{"id":133230,"href":"https:\/\/radioljubuski.ba\/index.php\/wp-json\/wp\/v2\/posts\/133229\/revisions\/133230"}],"wp:featuredmedia":[{"embeddable":true,"href":"https:\/\/radioljubuski.ba\/index.php\/wp-json\/wp\/v2\/media\/62589"}],"wp:attachment":[{"href":"https:\/\/radioljubuski.ba\/index.php\/wp-json\/wp\/v2\/media?parent=133229"}],"wp:term":[{"taxonomy":"category","embeddable":true,"href":"https:\/\/radioljubuski.ba\/index.php\/wp-json\/wp\/v2\/categories?post=133229"},{"taxonomy":"post_tag","embeddable":true,"href":"https:\/\/radioljubuski.ba\/index.php\/wp-json\/wp\/v2\/tags?post=133229"}],"curies":[{"name":"wp","href":"https:\/\/api.w.org\/{rel}","templated":true}]}}