{"id":133237,"date":"2022-04-16T22:43:29","date_gmt":"2022-04-16T21:43:29","guid":{"rendered":"https:\/\/radioljubuski.ba\/?p=133237"},"modified":"2022-04-16T22:43:30","modified_gmt":"2022-04-16T21:43:30","slug":"strucnjak-misli-da-je-putin-spreman-na-upotrebu-nuklearnog-oruzja-on-ne-blefira","status":"publish","type":"post","link":"https:\/\/radioljubuski.ba\/index.php\/2022\/04\/16\/strucnjak-misli-da-je-putin-spreman-na-upotrebu-nuklearnog-oruzja-on-ne-blefira\/","title":{"rendered":"Stru\u010dnjak misli da je Putin spreman na upotrebu nuklearnog oru\u017eja: &#8220;On ne blefira&#8221;"},"content":{"rendered":"\n<p>Stru\u010dnjak za sigurnosna pitanja s Fakulteta politi\u010dkih znanosti Marinko Ogorec analizirao je takti\u010dku igru Ukrajine i Rusije za N1.<\/p>\n\n\n\n<p>Profesor Ogorec ocjenjuje da Vladimir Putin nije ostvario ciljeve, nego da ih je morao modificirati.&nbsp;<\/p>\n\n\n\n<p>&#8220;Ako je krenuo s radikalnom agresijom protiv Ukrajine, onda se sada definitivno sveo na prostore Donbasa i pro\u0161irenje odmetnutih pokrajina. Kada osvoji Mariupolj, vjerojatno \u0107e uspjeti i odvojiti Ukrajinu od Azovskog mora. Jo\u0161 \u0107e mu preostati mo\u017eda odvojiti Odesu od ostatka Ukrajine. Koliko se vidi, ba\u0161 mu i ne ide, ma \u0161to oni govorili&#8221;, rekao je profesor Ogorec za N1.<\/p>\n\n\n\n<p>&#8220;Ukrajinci dobivaju&#8221;<\/p>\n\n\n\n<p>Ogorec vidi potonu\u0107e Moskve kao veliki udarac na moral ruske vojske. Po pitanju mirovnih pregovora misli da obje strane u ovom trenutku nemaju ozbiljnih namjera za nastavak. Stru\u010dnjak smatra da je situacija na strani Ukrajine.<\/p>\n\n\n\n<p>&#8220;Ukrajinci dobivaju, Rusi nisu jo\u0161 uvijek ostvarili svoje strate\u0161ke ciljeve. Rusi \u0107e u ozbiljne pregovore u\u0107i kada ostvare svoje glavne strate\u0161ke ciljeve. To je ovladavanje cjelokupnim Donbasom i cjelokupnom Azovskom obalom, ako ne i dalje.<\/p>\n\n\n\n<p>Definitivno, Ukrajinci sada shva\u0107aju da i dalje mogu braniti svoj prostor, ostvaruju i odre\u0111ene uspjehe na bojnom polju. Ozbiljne pregovore te\u0161ko se mo\u017ee o\u010dekivati u dogledno vrijeme. Situacija je od po\u010detka na strani Ukrajine. Onaj tko se brani je motiviraniji od onog tko napada, to je staro vojno pravilo. Vrijeme ne radi za Rusiju&#8221;, naveo je.<\/p>\n\n\n\n<p>&#8220;Pitanje je kolika je motivacija tih ljudi da se idu tu\u0107i u Ukrajinu&#8221;<\/p>\n\n\n\n<p>Profesor Ogorec dodaje da Rusija ima potencijala za daljnje vo\u0111enje borbenog djelovanja, ali da \u0107e sankcije po\u010deti raditi svoje. Ka\u017ee da \u0107e se vidjeti nesta\u0161ica kao i problemi u gospodarstvu.<\/p>\n\n\n\n<p>&#8220;Imat \u0107e pote\u0161ko\u0107a po cijelom nizu normalnih \u017eivotnih parametara.&nbsp; Postavlja se i pitanje, bez obzira na koli\u010dinu naoru\u017eanja, kolika je motivacija tih ljudi da se idu tu\u0107i u Ukrajinu. Definitivno \u0107e biti sve manja&#8221;, misli Ogorec.<\/p>\n\n\n\n<p>&#8220;Putin ne blefira&#8221;<\/p>\n\n\n\n<p>Ogorec se osvrnuo i na potencijalni ulazak Finske i \u0160vedske u NATO savez. On smatra da bi obje dr\u017eave vrlo brzo mogle postati \u010dlanice saveza jer \u0107e to i\u0107i ubrzanim tempom.<\/p>\n\n\n\n<p>&#8220;I \u0160vedska i Finska su ve\u0107 odavno ostvarile potencijale za integraciju u NATO savez. Apsolutno su kompatibilne. Pitanje je tjedana, mo\u017eda i dana te daljnjeg pona\u0161anja Rusije.&nbsp;Rusija od po\u010detka prijeti nuklearnim naoru\u017eanjem.<\/p>\n\n\n\n<p>Rusiju treba uzimati za ozbiljno. Putin ne blefira. Bojim se da je \u010dak spreman na takvu opciju. Ali nisam siguran da bi u dogledno vrijeme do\u0161lo do ne\u010deg takvog. Za sada smo u fazi prijetnje i odmjeravanja snage&#8221;, navodi Ogorec.<\/p>\n\n\n\n<p>Protjerivanje diplomata<\/p>\n\n\n\n<p>Profesor je komentirao i protjerivanje diplomatskog osoblja pa rekao da se treba brinuti kada prestanu razgovori.&nbsp;<\/p>\n\n\n\n<p>&#8220;Diplomatska predstavni\u0161tva su jedan lijepi kanal i modalitet koji postoji stolje\u0107ima. Bilo kakvo zatvaranje tih kanala nije dobar signal niti s jedne strane. RH je \u010dlanica EU i NATO-a, tako da je morala postupiti kao i ostale \u010dlanice. Za o\u010dekivati je da Rusi naprave reciprocitet. Sre\u0107om, kada se stvari zavr\u0161e, razmjerno brzo se vrate diplomatski odnosi&#8221;, ka\u017ee Ogorec.<\/p>\n\n\n\n<p>Naoru\u017eavanje Srbije<\/p>\n\n\n\n<p>Osvrnuo se na Srbiju koja je u tajnosti nabavila sofisticirani kineski proturaketni sustav, \u0161to je poja\u010dalo strahove zapadnih dr\u017eava da bi rusko i kinesko naoru\u017eavanje Srbije moglo potaknuti Srbiju prema jo\u0161 jednom ratu. To se posebno odnosi na Kosove, koje je 2008. proglasilo neovisnost.&nbsp;<\/p>\n\n\n\n<p>&#8220;Oni su suverena samostalna dr\u017eava i imaju pravo za\u0161titi svoj prostor na na\u010din koji smatraju najboljim. Mi bismo trebali razmi\u0161ljati o tome za\u0161to se Srbija toliko naoru\u017eava, \u0161to to njima treba zna\u010diti. Postoji ta sigurnosna dilema koju se mora staviti u prvi plan \u2013 zbog \u010dega, za\u0161to? \u0160to se ti\u010de samih tih sustava, radi se o sustavima zra\u010dne protuobrane. Sada imaju kompletne sustave od velikih, srednjih do malih visina&#8221;, ka\u017ee Ogorec za N1.<\/p>\n\n\n\n<p>Dodao je da ne shva\u0107a za\u0161to oru\u017eje nabavljaju s razli\u010ditih strana jer je takvo oru\u017eje tehni\u010dki te\u0161ko uvezati u jedan harmoni\u010dni sustav.<\/p>\n\n\n\n<p>Izvor:pogled.ba<\/p>\n","protected":false},"excerpt":{"rendered":"<p>Stru\u010dnjak za sigurnosna pitanja s Fakulteta politi\u010dkih znanosti Marinko Ogorec analizirao je takti\u010dku igru Ukrajine i Rusije za N1. Profesor Ogorec ocjenjuje da Vladimir Putin nije ostvario ciljeve, nego da ih je morao modificirati.&nbsp; &#8220;Ako je krenuo s radikalnom agresijom protiv Ukrajine, onda se sada definitivno sveo na prostore Donbasa i pro\u0161irenje odmetnutih pokrajina. Kada [&hellip;]<\/p>\n","protected":false},"author":2,"featured_media":133238,"comment_status":"closed","ping_status":"closed","sticky":false,"template":"","format":"standard","meta":{"h5ap_radio_sources":[],"footnotes":""},"categories":[1],"tags":[],"class_list":["post-133237","post","type-post","status-publish","format-standard","has-post-thumbnail","hentry","category-bihiregija"],"yoast_head":"<!-- This site is optimized with the Yoast SEO plugin v27.5 - https:\/\/yoast.com\/product\/yoast-seo-wordpress\/ -->\n<title>Stru\u010dnjak misli da je Putin spreman na upotrebu nuklearnog oru\u017eja: &quot;On ne blefira&quot; - RADIO LJUBU\u0160KI<\/title>\n<meta name=\"robots\" content=\"index, follow, max-snippet:-1, max-image-preview:large, max-video-preview:-1\" \/>\n<link rel=\"canonical\" href=\"https:\/\/radioljubuski.ba\/index.php\/2022\/04\/16\/strucnjak-misli-da-je-putin-spreman-na-upotrebu-nuklearnog-oruzja-on-ne-blefira\/\" \/>\n<meta property=\"og:locale\" content=\"hr_HR\" \/>\n<meta property=\"og:type\" content=\"article\" \/>\n<meta property=\"og:title\" content=\"Stru\u010dnjak misli da je Putin spreman na upotrebu nuklearnog oru\u017eja: &quot;On ne blefira&quot; - RADIO LJUBU\u0160KI\" \/>\n<meta property=\"og:description\" content=\"Stru\u010dnjak za sigurnosna pitanja s Fakulteta politi\u010dkih znanosti Marinko Ogorec analizirao je takti\u010dku igru Ukrajine i Rusije za N1. Profesor Ogorec ocjenjuje da Vladimir Putin nije ostvario ciljeve, nego da ih je morao modificirati.&nbsp; &#8220;Ako je krenuo s radikalnom agresijom protiv Ukrajine, onda se sada definitivno sveo na prostore Donbasa i pro\u0161irenje odmetnutih pokrajina. Kada [&hellip;]\" \/>\n<meta property=\"og:url\" content=\"https:\/\/radioljubuski.ba\/index.php\/2022\/04\/16\/strucnjak-misli-da-je-putin-spreman-na-upotrebu-nuklearnog-oruzja-on-ne-blefira\/\" \/>\n<meta property=\"og:site_name\" content=\"RADIO LJUBU\u0160KI\" \/>\n<meta property=\"article:publisher\" content=\"https:\/\/www.facebook.com\/Radiio-Ljubuski-1490835324566332\" \/>\n<meta property=\"article:published_time\" content=\"2022-04-16T21:43:29+00:00\" \/>\n<meta property=\"article:modified_time\" content=\"2022-04-16T21:43:30+00:00\" \/>\n<meta property=\"og:image\" content=\"https:\/\/radioljubuski.ba\/wp-content\/uploads\/2022\/04\/10-2022-04-15-19-28-34-c5fad666-2e20-497d-8f48-c8dea14d4777.jpg\" \/>\n\t<meta property=\"og:image:width\" content=\"1000\" \/>\n\t<meta property=\"og:image:height\" content=\"625\" \/>\n\t<meta property=\"og:image:type\" content=\"image\/jpeg\" \/>\n<meta name=\"author\" content=\"Radio Ljubu\u0161ki\" \/>\n<meta name=\"twitter:card\" content=\"summary_large_image\" \/>\n<meta name=\"twitter:creator\" content=\"@radioljubuski\" \/>\n<meta name=\"twitter:site\" content=\"@radioljubuski\" \/>\n<meta name=\"twitter:label1\" content=\"Napisao\/la\" \/>\n\t<meta name=\"twitter:data1\" content=\"Radio Ljubu\u0161ki\" \/>\n\t<meta name=\"twitter:label2\" content=\"Procijenjeno vrijeme \u010ditanja\" \/>\n\t<meta name=\"twitter:data2\" content=\"3 minute\" \/>\n<script type=\"application\/ld+json\" class=\"yoast-schema-graph\">{\"@context\":\"https:\\\/\\\/schema.org\",\"@graph\":[{\"@type\":\"Article\",\"@id\":\"https:\\\/\\\/radioljubuski.ba\\\/index.php\\\/2022\\\/04\\\/16\\\/strucnjak-misli-da-je-putin-spreman-na-upotrebu-nuklearnog-oruzja-on-ne-blefira\\\/#article\",\"isPartOf\":{\"@id\":\"https:\\\/\\\/radioljubuski.ba\\\/index.php\\\/2022\\\/04\\\/16\\\/strucnjak-misli-da-je-putin-spreman-na-upotrebu-nuklearnog-oruzja-on-ne-blefira\\\/\"},\"author\":{\"name\":\"Radio Ljubu\u0161ki\",\"@id\":\"https:\\\/\\\/radioljubuski.ba\\\/#\\\/schema\\\/person\\\/19fc700381a780f69665d7956c469e3b\"},\"headline\":\"Stru\u010dnjak misli da je Putin spreman na upotrebu nuklearnog oru\u017eja: &#8220;On ne blefira&#8221;\",\"datePublished\":\"2022-04-16T21:43:29+00:00\",\"dateModified\":\"2022-04-16T21:43:30+00:00\",\"mainEntityOfPage\":{\"@id\":\"https:\\\/\\\/radioljubuski.ba\\\/index.php\\\/2022\\\/04\\\/16\\\/strucnjak-misli-da-je-putin-spreman-na-upotrebu-nuklearnog-oruzja-on-ne-blefira\\\/\"},\"wordCount\":709,\"publisher\":{\"@id\":\"https:\\\/\\\/radioljubuski.ba\\\/#organization\"},\"image\":{\"@id\":\"https:\\\/\\\/radioljubuski.ba\\\/index.php\\\/2022\\\/04\\\/16\\\/strucnjak-misli-da-je-putin-spreman-na-upotrebu-nuklearnog-oruzja-on-ne-blefira\\\/#primaryimage\"},\"thumbnailUrl\":\"https:\\\/\\\/radioljubuski.ba\\\/wp-content\\\/uploads\\\/2022\\\/04\\\/10-2022-04-15-19-28-34-c5fad666-2e20-497d-8f48-c8dea14d4777.jpg\",\"articleSection\":[\"BIH i regija\"],\"inLanguage\":\"hr\"},{\"@type\":\"WebPage\",\"@id\":\"https:\\\/\\\/radioljubuski.ba\\\/index.php\\\/2022\\\/04\\\/16\\\/strucnjak-misli-da-je-putin-spreman-na-upotrebu-nuklearnog-oruzja-on-ne-blefira\\\/\",\"url\":\"https:\\\/\\\/radioljubuski.ba\\\/index.php\\\/2022\\\/04\\\/16\\\/strucnjak-misli-da-je-putin-spreman-na-upotrebu-nuklearnog-oruzja-on-ne-blefira\\\/\",\"name\":\"Stru\u010dnjak misli da je Putin spreman na upotrebu nuklearnog oru\u017eja: \\\"On ne blefira\\\" - RADIO LJUBU\u0160KI\",\"isPartOf\":{\"@id\":\"https:\\\/\\\/radioljubuski.ba\\\/#website\"},\"primaryImageOfPage\":{\"@id\":\"https:\\\/\\\/radioljubuski.ba\\\/index.php\\\/2022\\\/04\\\/16\\\/strucnjak-misli-da-je-putin-spreman-na-upotrebu-nuklearnog-oruzja-on-ne-blefira\\\/#primaryimage\"},\"image\":{\"@id\":\"https:\\\/\\\/radioljubuski.ba\\\/index.php\\\/2022\\\/04\\\/16\\\/strucnjak-misli-da-je-putin-spreman-na-upotrebu-nuklearnog-oruzja-on-ne-blefira\\\/#primaryimage\"},\"thumbnailUrl\":\"https:\\\/\\\/radioljubuski.ba\\\/wp-content\\\/uploads\\\/2022\\\/04\\\/10-2022-04-15-19-28-34-c5fad666-2e20-497d-8f48-c8dea14d4777.jpg\",\"datePublished\":\"2022-04-16T21:43:29+00:00\",\"dateModified\":\"2022-04-16T21:43:30+00:00\",\"breadcrumb\":{\"@id\":\"https:\\\/\\\/radioljubuski.ba\\\/index.php\\\/2022\\\/04\\\/16\\\/strucnjak-misli-da-je-putin-spreman-na-upotrebu-nuklearnog-oruzja-on-ne-blefira\\\/#breadcrumb\"},\"inLanguage\":\"hr\",\"potentialAction\":[{\"@type\":\"ReadAction\",\"target\":[\"https:\\\/\\\/radioljubuski.ba\\\/index.php\\\/2022\\\/04\\\/16\\\/strucnjak-misli-da-je-putin-spreman-na-upotrebu-nuklearnog-oruzja-on-ne-blefira\\\/\"]}]},{\"@type\":\"ImageObject\",\"inLanguage\":\"hr\",\"@id\":\"https:\\\/\\\/radioljubuski.ba\\\/index.php\\\/2022\\\/04\\\/16\\\/strucnjak-misli-da-je-putin-spreman-na-upotrebu-nuklearnog-oruzja-on-ne-blefira\\\/#primaryimage\",\"url\":\"https:\\\/\\\/radioljubuski.ba\\\/wp-content\\\/uploads\\\/2022\\\/04\\\/10-2022-04-15-19-28-34-c5fad666-2e20-497d-8f48-c8dea14d4777.jpg\",\"contentUrl\":\"https:\\\/\\\/radioljubuski.ba\\\/wp-content\\\/uploads\\\/2022\\\/04\\\/10-2022-04-15-19-28-34-c5fad666-2e20-497d-8f48-c8dea14d4777.jpg\",\"width\":1000,\"height\":625},{\"@type\":\"BreadcrumbList\",\"@id\":\"https:\\\/\\\/radioljubuski.ba\\\/index.php\\\/2022\\\/04\\\/16\\\/strucnjak-misli-da-je-putin-spreman-na-upotrebu-nuklearnog-oruzja-on-ne-blefira\\\/#breadcrumb\",\"itemListElement\":[{\"@type\":\"ListItem\",\"position\":1,\"name\":\"Po\u010detna stranica\",\"item\":\"https:\\\/\\\/radioljubuski.ba\\\/\"},{\"@type\":\"ListItem\",\"position\":2,\"name\":\"Stru\u010dnjak misli da je Putin spreman na upotrebu nuklearnog oru\u017eja: &#8220;On ne blefira&#8221;\"}]},{\"@type\":\"WebSite\",\"@id\":\"https:\\\/\\\/radioljubuski.ba\\\/#website\",\"url\":\"https:\\\/\\\/radioljubuski.ba\\\/\",\"name\":\"Radio Ljubu\u0161ki\",\"description\":\"Sun\u010dana frekvencija Hercegovine\",\"publisher\":{\"@id\":\"https:\\\/\\\/radioljubuski.ba\\\/#organization\"},\"potentialAction\":[{\"@type\":\"SearchAction\",\"target\":{\"@type\":\"EntryPoint\",\"urlTemplate\":\"https:\\\/\\\/radioljubuski.ba\\\/?s={search_term_string}\"},\"query-input\":{\"@type\":\"PropertyValueSpecification\",\"valueRequired\":true,\"valueName\":\"search_term_string\"}}],\"inLanguage\":\"hr\"},{\"@type\":\"Organization\",\"@id\":\"https:\\\/\\\/radioljubuski.ba\\\/#organization\",\"name\":\"Radio Ljubu\u0161ki\",\"url\":\"https:\\\/\\\/radioljubuski.ba\\\/\",\"logo\":{\"@type\":\"ImageObject\",\"inLanguage\":\"hr\",\"@id\":\"https:\\\/\\\/radioljubuski.ba\\\/#\\\/schema\\\/logo\\\/image\\\/\",\"url\":\"https:\\\/\\\/radioljubuski.ba\\\/wp-content\\\/uploads\\\/2021\\\/02\\\/cropped-Radio_Ljubuski_logo1.jpg\",\"contentUrl\":\"https:\\\/\\\/radioljubuski.ba\\\/wp-content\\\/uploads\\\/2021\\\/02\\\/cropped-Radio_Ljubuski_logo1.jpg\",\"width\":512,\"height\":512,\"caption\":\"Radio Ljubu\u0161ki\"},\"image\":{\"@id\":\"https:\\\/\\\/radioljubuski.ba\\\/#\\\/schema\\\/logo\\\/image\\\/\"},\"sameAs\":[\"https:\\\/\\\/www.facebook.com\\\/Radiio-Ljubuski-1490835324566332\",\"https:\\\/\\\/x.com\\\/radioljubuski\",\"https:\\\/\\\/hr.linkedin.com\\\/company\\\/radio-ljubuski\",\"https:\\\/\\\/www.youtube.com\\\/channel\\\/UCHYaeO_n0Db3tjNGudGpXyw\"]},{\"@type\":\"Person\",\"@id\":\"https:\\\/\\\/radioljubuski.ba\\\/#\\\/schema\\\/person\\\/19fc700381a780f69665d7956c469e3b\",\"name\":\"Radio Ljubu\u0161ki\"}]}<\/script>\n<!-- \/ Yoast SEO plugin. -->","yoast_head_json":{"title":"Stru\u010dnjak misli da je Putin spreman na upotrebu nuklearnog oru\u017eja: \"On ne blefira\" - RADIO LJUBU\u0160KI","robots":{"index":"index","follow":"follow","max-snippet":"max-snippet:-1","max-image-preview":"max-image-preview:large","max-video-preview":"max-video-preview:-1"},"canonical":"https:\/\/radioljubuski.ba\/index.php\/2022\/04\/16\/strucnjak-misli-da-je-putin-spreman-na-upotrebu-nuklearnog-oruzja-on-ne-blefira\/","og_locale":"hr_HR","og_type":"article","og_title":"Stru\u010dnjak misli da je Putin spreman na upotrebu nuklearnog oru\u017eja: \"On ne blefira\" - RADIO LJUBU\u0160KI","og_description":"Stru\u010dnjak za sigurnosna pitanja s Fakulteta politi\u010dkih znanosti Marinko Ogorec analizirao je takti\u010dku igru Ukrajine i Rusije za N1. Profesor Ogorec ocjenjuje da Vladimir Putin nije ostvario ciljeve, nego da ih je morao modificirati.&nbsp; &#8220;Ako je krenuo s radikalnom agresijom protiv Ukrajine, onda se sada definitivno sveo na prostore Donbasa i pro\u0161irenje odmetnutih pokrajina. Kada [&hellip;]","og_url":"https:\/\/radioljubuski.ba\/index.php\/2022\/04\/16\/strucnjak-misli-da-je-putin-spreman-na-upotrebu-nuklearnog-oruzja-on-ne-blefira\/","og_site_name":"RADIO LJUBU\u0160KI","article_publisher":"https:\/\/www.facebook.com\/Radiio-Ljubuski-1490835324566332","article_published_time":"2022-04-16T21:43:29+00:00","article_modified_time":"2022-04-16T21:43:30+00:00","og_image":[{"width":1000,"height":625,"url":"https:\/\/radioljubuski.ba\/wp-content\/uploads\/2022\/04\/10-2022-04-15-19-28-34-c5fad666-2e20-497d-8f48-c8dea14d4777.jpg","type":"image\/jpeg"}],"author":"Radio Ljubu\u0161ki","twitter_card":"summary_large_image","twitter_creator":"@radioljubuski","twitter_site":"@radioljubuski","twitter_misc":{"Napisao\/la":"Radio Ljubu\u0161ki","Procijenjeno vrijeme \u010ditanja":"3 minute"},"schema":{"@context":"https:\/\/schema.org","@graph":[{"@type":"Article","@id":"https:\/\/radioljubuski.ba\/index.php\/2022\/04\/16\/strucnjak-misli-da-je-putin-spreman-na-upotrebu-nuklearnog-oruzja-on-ne-blefira\/#article","isPartOf":{"@id":"https:\/\/radioljubuski.ba\/index.php\/2022\/04\/16\/strucnjak-misli-da-je-putin-spreman-na-upotrebu-nuklearnog-oruzja-on-ne-blefira\/"},"author":{"name":"Radio Ljubu\u0161ki","@id":"https:\/\/radioljubuski.ba\/#\/schema\/person\/19fc700381a780f69665d7956c469e3b"},"headline":"Stru\u010dnjak misli da je Putin spreman na upotrebu nuklearnog oru\u017eja: &#8220;On ne blefira&#8221;","datePublished":"2022-04-16T21:43:29+00:00","dateModified":"2022-04-16T21:43:30+00:00","mainEntityOfPage":{"@id":"https:\/\/radioljubuski.ba\/index.php\/2022\/04\/16\/strucnjak-misli-da-je-putin-spreman-na-upotrebu-nuklearnog-oruzja-on-ne-blefira\/"},"wordCount":709,"publisher":{"@id":"https:\/\/radioljubuski.ba\/#organization"},"image":{"@id":"https:\/\/radioljubuski.ba\/index.php\/2022\/04\/16\/strucnjak-misli-da-je-putin-spreman-na-upotrebu-nuklearnog-oruzja-on-ne-blefira\/#primaryimage"},"thumbnailUrl":"https:\/\/radioljubuski.ba\/wp-content\/uploads\/2022\/04\/10-2022-04-15-19-28-34-c5fad666-2e20-497d-8f48-c8dea14d4777.jpg","articleSection":["BIH i regija"],"inLanguage":"hr"},{"@type":"WebPage","@id":"https:\/\/radioljubuski.ba\/index.php\/2022\/04\/16\/strucnjak-misli-da-je-putin-spreman-na-upotrebu-nuklearnog-oruzja-on-ne-blefira\/","url":"https:\/\/radioljubuski.ba\/index.php\/2022\/04\/16\/strucnjak-misli-da-je-putin-spreman-na-upotrebu-nuklearnog-oruzja-on-ne-blefira\/","name":"Stru\u010dnjak misli da je Putin spreman na upotrebu nuklearnog oru\u017eja: \"On ne blefira\" - RADIO LJUBU\u0160KI","isPartOf":{"@id":"https:\/\/radioljubuski.ba\/#website"},"primaryImageOfPage":{"@id":"https:\/\/radioljubuski.ba\/index.php\/2022\/04\/16\/strucnjak-misli-da-je-putin-spreman-na-upotrebu-nuklearnog-oruzja-on-ne-blefira\/#primaryimage"},"image":{"@id":"https:\/\/radioljubuski.ba\/index.php\/2022\/04\/16\/strucnjak-misli-da-je-putin-spreman-na-upotrebu-nuklearnog-oruzja-on-ne-blefira\/#primaryimage"},"thumbnailUrl":"https:\/\/radioljubuski.ba\/wp-content\/uploads\/2022\/04\/10-2022-04-15-19-28-34-c5fad666-2e20-497d-8f48-c8dea14d4777.jpg","datePublished":"2022-04-16T21:43:29+00:00","dateModified":"2022-04-16T21:43:30+00:00","breadcrumb":{"@id":"https:\/\/radioljubuski.ba\/index.php\/2022\/04\/16\/strucnjak-misli-da-je-putin-spreman-na-upotrebu-nuklearnog-oruzja-on-ne-blefira\/#breadcrumb"},"inLanguage":"hr","potentialAction":[{"@type":"ReadAction","target":["https:\/\/radioljubuski.ba\/index.php\/2022\/04\/16\/strucnjak-misli-da-je-putin-spreman-na-upotrebu-nuklearnog-oruzja-on-ne-blefira\/"]}]},{"@type":"ImageObject","inLanguage":"hr","@id":"https:\/\/radioljubuski.ba\/index.php\/2022\/04\/16\/strucnjak-misli-da-je-putin-spreman-na-upotrebu-nuklearnog-oruzja-on-ne-blefira\/#primaryimage","url":"https:\/\/radioljubuski.ba\/wp-content\/uploads\/2022\/04\/10-2022-04-15-19-28-34-c5fad666-2e20-497d-8f48-c8dea14d4777.jpg","contentUrl":"https:\/\/radioljubuski.ba\/wp-content\/uploads\/2022\/04\/10-2022-04-15-19-28-34-c5fad666-2e20-497d-8f48-c8dea14d4777.jpg","width":1000,"height":625},{"@type":"BreadcrumbList","@id":"https:\/\/radioljubuski.ba\/index.php\/2022\/04\/16\/strucnjak-misli-da-je-putin-spreman-na-upotrebu-nuklearnog-oruzja-on-ne-blefira\/#breadcrumb","itemListElement":[{"@type":"ListItem","position":1,"name":"Po\u010detna stranica","item":"https:\/\/radioljubuski.ba\/"},{"@type":"ListItem","position":2,"name":"Stru\u010dnjak misli da je Putin spreman na upotrebu nuklearnog oru\u017eja: &#8220;On ne blefira&#8221;"}]},{"@type":"WebSite","@id":"https:\/\/radioljubuski.ba\/#website","url":"https:\/\/radioljubuski.ba\/","name":"Radio Ljubu\u0161ki","description":"Sun\u010dana frekvencija Hercegovine","publisher":{"@id":"https:\/\/radioljubuski.ba\/#organization"},"potentialAction":[{"@type":"SearchAction","target":{"@type":"EntryPoint","urlTemplate":"https:\/\/radioljubuski.ba\/?s={search_term_string}"},"query-input":{"@type":"PropertyValueSpecification","valueRequired":true,"valueName":"search_term_string"}}],"inLanguage":"hr"},{"@type":"Organization","@id":"https:\/\/radioljubuski.ba\/#organization","name":"Radio Ljubu\u0161ki","url":"https:\/\/radioljubuski.ba\/","logo":{"@type":"ImageObject","inLanguage":"hr","@id":"https:\/\/radioljubuski.ba\/#\/schema\/logo\/image\/","url":"https:\/\/radioljubuski.ba\/wp-content\/uploads\/2021\/02\/cropped-Radio_Ljubuski_logo1.jpg","contentUrl":"https:\/\/radioljubuski.ba\/wp-content\/uploads\/2021\/02\/cropped-Radio_Ljubuski_logo1.jpg","width":512,"height":512,"caption":"Radio Ljubu\u0161ki"},"image":{"@id":"https:\/\/radioljubuski.ba\/#\/schema\/logo\/image\/"},"sameAs":["https:\/\/www.facebook.com\/Radiio-Ljubuski-1490835324566332","https:\/\/x.com\/radioljubuski","https:\/\/hr.linkedin.com\/company\/radio-ljubuski","https:\/\/www.youtube.com\/channel\/UCHYaeO_n0Db3tjNGudGpXyw"]},{"@type":"Person","@id":"https:\/\/radioljubuski.ba\/#\/schema\/person\/19fc700381a780f69665d7956c469e3b","name":"Radio Ljubu\u0161ki"}]}},"_links":{"self":[{"href":"https:\/\/radioljubuski.ba\/index.php\/wp-json\/wp\/v2\/posts\/133237","targetHints":{"allow":["GET"]}}],"collection":[{"href":"https:\/\/radioljubuski.ba\/index.php\/wp-json\/wp\/v2\/posts"}],"about":[{"href":"https:\/\/radioljubuski.ba\/index.php\/wp-json\/wp\/v2\/types\/post"}],"author":[{"embeddable":true,"href":"https:\/\/radioljubuski.ba\/index.php\/wp-json\/wp\/v2\/users\/2"}],"replies":[{"embeddable":true,"href":"https:\/\/radioljubuski.ba\/index.php\/wp-json\/wp\/v2\/comments?post=133237"}],"version-history":[{"count":1,"href":"https:\/\/radioljubuski.ba\/index.php\/wp-json\/wp\/v2\/posts\/133237\/revisions"}],"predecessor-version":[{"id":133239,"href":"https:\/\/radioljubuski.ba\/index.php\/wp-json\/wp\/v2\/posts\/133237\/revisions\/133239"}],"wp:featuredmedia":[{"embeddable":true,"href":"https:\/\/radioljubuski.ba\/index.php\/wp-json\/wp\/v2\/media\/133238"}],"wp:attachment":[{"href":"https:\/\/radioljubuski.ba\/index.php\/wp-json\/wp\/v2\/media?parent=133237"}],"wp:term":[{"taxonomy":"category","embeddable":true,"href":"https:\/\/radioljubuski.ba\/index.php\/wp-json\/wp\/v2\/categories?post=133237"},{"taxonomy":"post_tag","embeddable":true,"href":"https:\/\/radioljubuski.ba\/index.php\/wp-json\/wp\/v2\/tags?post=133237"}],"curies":[{"name":"wp","href":"https:\/\/api.w.org\/{rel}","templated":true}]}}