{"id":133246,"date":"2022-04-16T22:49:11","date_gmt":"2022-04-16T21:49:11","guid":{"rendered":"https:\/\/radioljubuski.ba\/?p=133246"},"modified":"2022-04-16T22:49:12","modified_gmt":"2022-04-16T21:49:12","slug":"u-skolama-u-bih-nikad-vise-odlikasa-a-nikad-manje-pismenih","status":"publish","type":"post","link":"https:\/\/radioljubuski.ba\/index.php\/2022\/04\/16\/u-skolama-u-bih-nikad-vise-odlikasa-a-nikad-manje-pismenih\/","title":{"rendered":"U \u0161kolama u BiH nikad vi\u0161e odlika\u0161a, a nikad manje pismenih"},"content":{"rendered":"\n<p>Petnaestogodi\u0161njaci u Bosni i Hercegovini, u prosjeku zaostaju tri \u0161kolske godine u odnosu na vr\u0161njake iz Europske unije, a svako drugo dijete tog uzrasta u BiH ne posjeduje funkcionalnu \u010ditala\u010dku pismenost, podaci su Agencije za pred\u0161kolsko, osnovno i srednje obrazovanje BiH. Za\u0161to je to tako i da li se i \u0161to \u010dini da se ova neslavna statistika promijeni?<\/p>\n\n\n\n<iframe loading=\"lazy\" title=\"Svaki drugi petnaestogodi\u0161njak nema funkcionalnu pismenost\" width=\"640\" height=\"360\" src=\"https:\/\/www.youtube.com\/embed\/xhYWiEdlH28?feature=oembed\" frameborder=\"0\" allow=\"accelerometer; autoplay; clipboard-write; encrypted-media; gyroscope; picture-in-picture; web-share\" referrerpolicy=\"strict-origin-when-cross-origin\" allowfullscreen><\/iframe>\n\n\n\n<p>Satovi maternjeg jezika u osnovnim \u0161kolama sada vi\u0161e podsje\u0107aju na sat engleskog. Nastavnici i profesori trude se da u\u010denicima, \u010diji vokabular vrvi od anglicizama i nedovr\u0161enih re\u010denica, objasne elementarne pojmove.<\/p>\n\n\n\n<p>&#8220;Na\u017ealost, znanje nam danas nije na zavidnom nivou. \u010cini mi se kao da nitko vi\u0161e ne do\u017eivljava \u0161kolu ozbiljno, sve se svelo na online nastavu, na ra\u010dunare i savladavanje gradiva na tih 20 minuta, koliko je trajala nastava&#8221;, isti\u010de \u017deljka Mla\u0111enovi\u0107, nastavnica srpskog jezika.<\/p>\n\n\n\n<p>Ako je suditi prema statistici, u \u0161kolama u na\u0161oj zemlji nikad vi\u0161e odlika\u0161a, nikad manje pismenih i misle\u0107ih. Rezultati me\u0111unarodnih istra\u017eivanja PISA 2018 i TIMSS 2019 pokazali su da svaki drugi petnaestogodi\u0161njak ne posjeduje funkcionalnu \u010ditala\u010dku pismenost.<\/p>\n\n\n\n<p>&#8220;Sistem je potpuno zakazao u gotovo svakom segmentu. 79 zemalja svijeta je sudjelovalo u tom istra\u017eivanju, sad preko 80 u PISI 2022 u kojoj mi na\u017ealost ne\u0107emo sudjelovati, ali bojim se da smo i sudjelovali da bi rezultati bili jo\u0161 lo\u0161iji, ja ne\u0107u govoriti na temelju pau\u0161alnih, ali govorim jer se malo u\u010dinilo ili gotovo ni\u0161ta da bi se popravilo nekako stanje u tri ili \u010detiri godine&#8221;, navodi \u017daneta D\u017eumhur iz Agencije za pred\u0161kolsko, osnovno i srednje obrazovanje BiH.<\/p>\n\n\n\n<p>Da je stanje nezavidno, svjesni su i u \u0161kolama.<\/p>\n\n\n\n<p>&#8220;Dosta toga je doprinijela i korona, pandemija, tako da ima slu\u010dajeva gdje djeca iza\u0111u s manjima znanjem. Ne mogu ba\u0161 re\u0107i da su nepismeni, ali s manjom koli\u010dinom znanja&#8221;, ka\u017ee \u0110or\u0111e Mirkovi\u0107, direktor O\u0160 \u201cSveti Sava\u201d Bijeljina.<\/p>\n\n\n\n<p>&#8220;Najve\u0107i problem je online nastava i ona je doprinijela da u\u010denici izgube mnogo u savladavanju gradiva. Evo kada je rije\u010d o pismenosti, mnogo toga je propu\u0161teno. Kad do\u0111ete da predajete u osmi ili deveti razred, vidite da su to velike rupe u znanju, nastale u tom periodu&#8221;, nagla\u0161ava profesorica Mla\u0111enovi\u0107.<\/p>\n\n\n\n<p>Nepoznavanje gramati\u010dkih pravila nije najve\u0107i problem. Nedostatak kriti\u010dkog mi\u0161ljenja i sposobnosti analize informacija, razlikovanja bitnog od nebitnog, postaje odlika generacija koje izlaze iz \u0161kola, smatra gimnazijalac i mladi pjesnik Vojislav Durmanovi\u0107, koji je pozitivan primjer, ali i izuzetak koji, na\u017ealost, potvr\u0111uje pravilo.<\/p>\n\n\n\n<p>&#8220;Mladi stasavaju u klimi op\u0161te devalvacije ukusa, \u0161to bi trebalo da bude na najvi\u0161oj cijeni. Danas su mladi, i bez svoje krivice, zarobljeni i desubjektizovani, jer su zarobljeni u kulturnu matricu koja je neuslovna, anahrona, izolacionalisti\u010dka&#8221;, ka\u017ee Vojislav.<\/p>\n\n\n\n<p>Rje\u0161enje je u temeljnim reformama i promjeni pristupa obrazovanju.<\/p>\n\n\n\n<p>&#8220;Strate\u0161ki se treba nastupiti, a mi u stvari nemamo strategija. Zapo\u010deti s dijagnostikom za svaki razred \u0161to u\u010denik zna i mo\u017ee, gdje su najve\u0107e te\u0161ko\u0107e, vratiti se na ono \u0161to se nije obradilo kako treba, da bi postalo funkcionalno&#8221;, ka\u017ee \u017daneta D\u017eumhur.<\/p>\n\n\n\n<p>Obrazovni sistem treba biti zasnovan na razvijanju kriti\u010dkog mi\u0161ljenja, izgra\u0111enim navikama prepoznavanja i rje\u0161avanja problema i tuma\u010denja informacija koje se serviraju, smatraju na\u0161i sugovornici. Da li za tim ima volje i \u017eelje u na\u0161em dru\u0161tvu, pitanje je s evidentnim odgovorom, pi\u0161e BHRT.<\/p>\n\n\n\n<p>Izvor:BHRT<\/p>\n","protected":false},"excerpt":{"rendered":"<p>Petnaestogodi\u0161njaci u Bosni i Hercegovini, u prosjeku zaostaju tri \u0161kolske godine u odnosu na vr\u0161njake iz Europske unije, a svako drugo dijete tog uzrasta u BiH ne posjeduje funkcionalnu \u010ditala\u010dku pismenost, podaci su Agencije za pred\u0161kolsko, osnovno i srednje obrazovanje BiH. Za\u0161to je to tako i da li se i \u0161to \u010dini da se ova [&hellip;]<\/p>\n","protected":false},"author":2,"featured_media":17912,"comment_status":"closed","ping_status":"closed","sticky":false,"template":"","format":"standard","meta":{"h5ap_radio_sources":[],"footnotes":""},"categories":[1],"tags":[],"class_list":["post-133246","post","type-post","status-publish","format-standard","has-post-thumbnail","hentry","category-bihiregija"],"yoast_head":"<!-- This site is optimized with the Yoast SEO plugin v27.5 - https:\/\/yoast.com\/product\/yoast-seo-wordpress\/ -->\n<title>U \u0161kolama u BiH nikad vi\u0161e odlika\u0161a, a nikad manje pismenih - RADIO LJUBU\u0160KI<\/title>\n<meta name=\"robots\" content=\"index, follow, max-snippet:-1, max-image-preview:large, max-video-preview:-1\" \/>\n<link rel=\"canonical\" href=\"https:\/\/radioljubuski.ba\/index.php\/2022\/04\/16\/u-skolama-u-bih-nikad-vise-odlikasa-a-nikad-manje-pismenih\/\" \/>\n<meta property=\"og:locale\" content=\"hr_HR\" \/>\n<meta property=\"og:type\" content=\"article\" \/>\n<meta property=\"og:title\" content=\"U \u0161kolama u BiH nikad vi\u0161e odlika\u0161a, a nikad manje pismenih - RADIO LJUBU\u0160KI\" \/>\n<meta property=\"og:description\" content=\"Petnaestogodi\u0161njaci u Bosni i Hercegovini, u prosjeku zaostaju tri \u0161kolske godine u odnosu na vr\u0161njake iz Europske unije, a svako drugo dijete tog uzrasta u BiH ne posjeduje funkcionalnu \u010ditala\u010dku pismenost, podaci su Agencije za pred\u0161kolsko, osnovno i srednje obrazovanje BiH. Za\u0161to je to tako i da li se i \u0161to \u010dini da se ova [&hellip;]\" \/>\n<meta property=\"og:url\" content=\"https:\/\/radioljubuski.ba\/index.php\/2022\/04\/16\/u-skolama-u-bih-nikad-vise-odlikasa-a-nikad-manje-pismenih\/\" \/>\n<meta property=\"og:site_name\" content=\"RADIO LJUBU\u0160KI\" \/>\n<meta property=\"article:publisher\" content=\"https:\/\/www.facebook.com\/Radiio-Ljubuski-1490835324566332\" \/>\n<meta property=\"article:published_time\" content=\"2022-04-16T21:49:11+00:00\" \/>\n<meta property=\"article:modified_time\" content=\"2022-04-16T21:49:12+00:00\" \/>\n<meta property=\"og:image\" content=\"https:\/\/radioljubuski.ba\/wp-content\/uploads\/2021\/05\/ucenici.jpg\" \/>\n\t<meta property=\"og:image:width\" content=\"1000\" \/>\n\t<meta property=\"og:image:height\" content=\"625\" \/>\n\t<meta property=\"og:image:type\" content=\"image\/jpeg\" \/>\n<meta name=\"author\" content=\"Radio Ljubu\u0161ki\" \/>\n<meta name=\"twitter:card\" content=\"summary_large_image\" \/>\n<meta name=\"twitter:creator\" content=\"@radioljubuski\" \/>\n<meta name=\"twitter:site\" content=\"@radioljubuski\" \/>\n<meta name=\"twitter:label1\" content=\"Napisao\/la\" \/>\n\t<meta name=\"twitter:data1\" content=\"Radio Ljubu\u0161ki\" \/>\n\t<meta name=\"twitter:label2\" content=\"Procijenjeno vrijeme \u010ditanja\" \/>\n\t<meta name=\"twitter:data2\" content=\"3 minute\" \/>\n<script type=\"application\/ld+json\" class=\"yoast-schema-graph\">{\"@context\":\"https:\\\/\\\/schema.org\",\"@graph\":[{\"@type\":\"Article\",\"@id\":\"https:\\\/\\\/radioljubuski.ba\\\/index.php\\\/2022\\\/04\\\/16\\\/u-skolama-u-bih-nikad-vise-odlikasa-a-nikad-manje-pismenih\\\/#article\",\"isPartOf\":{\"@id\":\"https:\\\/\\\/radioljubuski.ba\\\/index.php\\\/2022\\\/04\\\/16\\\/u-skolama-u-bih-nikad-vise-odlikasa-a-nikad-manje-pismenih\\\/\"},\"author\":{\"name\":\"Radio Ljubu\u0161ki\",\"@id\":\"https:\\\/\\\/radioljubuski.ba\\\/#\\\/schema\\\/person\\\/19fc700381a780f69665d7956c469e3b\"},\"headline\":\"U \u0161kolama u BiH nikad vi\u0161e odlika\u0161a, a nikad manje pismenih\",\"datePublished\":\"2022-04-16T21:49:11+00:00\",\"dateModified\":\"2022-04-16T21:49:12+00:00\",\"mainEntityOfPage\":{\"@id\":\"https:\\\/\\\/radioljubuski.ba\\\/index.php\\\/2022\\\/04\\\/16\\\/u-skolama-u-bih-nikad-vise-odlikasa-a-nikad-manje-pismenih\\\/\"},\"wordCount\":608,\"publisher\":{\"@id\":\"https:\\\/\\\/radioljubuski.ba\\\/#organization\"},\"image\":{\"@id\":\"https:\\\/\\\/radioljubuski.ba\\\/index.php\\\/2022\\\/04\\\/16\\\/u-skolama-u-bih-nikad-vise-odlikasa-a-nikad-manje-pismenih\\\/#primaryimage\"},\"thumbnailUrl\":\"https:\\\/\\\/radioljubuski.ba\\\/wp-content\\\/uploads\\\/2021\\\/05\\\/ucenici.jpg\",\"articleSection\":[\"BIH i regija\"],\"inLanguage\":\"hr\"},{\"@type\":\"WebPage\",\"@id\":\"https:\\\/\\\/radioljubuski.ba\\\/index.php\\\/2022\\\/04\\\/16\\\/u-skolama-u-bih-nikad-vise-odlikasa-a-nikad-manje-pismenih\\\/\",\"url\":\"https:\\\/\\\/radioljubuski.ba\\\/index.php\\\/2022\\\/04\\\/16\\\/u-skolama-u-bih-nikad-vise-odlikasa-a-nikad-manje-pismenih\\\/\",\"name\":\"U \u0161kolama u BiH nikad vi\u0161e odlika\u0161a, a nikad manje pismenih - RADIO LJUBU\u0160KI\",\"isPartOf\":{\"@id\":\"https:\\\/\\\/radioljubuski.ba\\\/#website\"},\"primaryImageOfPage\":{\"@id\":\"https:\\\/\\\/radioljubuski.ba\\\/index.php\\\/2022\\\/04\\\/16\\\/u-skolama-u-bih-nikad-vise-odlikasa-a-nikad-manje-pismenih\\\/#primaryimage\"},\"image\":{\"@id\":\"https:\\\/\\\/radioljubuski.ba\\\/index.php\\\/2022\\\/04\\\/16\\\/u-skolama-u-bih-nikad-vise-odlikasa-a-nikad-manje-pismenih\\\/#primaryimage\"},\"thumbnailUrl\":\"https:\\\/\\\/radioljubuski.ba\\\/wp-content\\\/uploads\\\/2021\\\/05\\\/ucenici.jpg\",\"datePublished\":\"2022-04-16T21:49:11+00:00\",\"dateModified\":\"2022-04-16T21:49:12+00:00\",\"breadcrumb\":{\"@id\":\"https:\\\/\\\/radioljubuski.ba\\\/index.php\\\/2022\\\/04\\\/16\\\/u-skolama-u-bih-nikad-vise-odlikasa-a-nikad-manje-pismenih\\\/#breadcrumb\"},\"inLanguage\":\"hr\",\"potentialAction\":[{\"@type\":\"ReadAction\",\"target\":[\"https:\\\/\\\/radioljubuski.ba\\\/index.php\\\/2022\\\/04\\\/16\\\/u-skolama-u-bih-nikad-vise-odlikasa-a-nikad-manje-pismenih\\\/\"]}]},{\"@type\":\"ImageObject\",\"inLanguage\":\"hr\",\"@id\":\"https:\\\/\\\/radioljubuski.ba\\\/index.php\\\/2022\\\/04\\\/16\\\/u-skolama-u-bih-nikad-vise-odlikasa-a-nikad-manje-pismenih\\\/#primaryimage\",\"url\":\"https:\\\/\\\/radioljubuski.ba\\\/wp-content\\\/uploads\\\/2021\\\/05\\\/ucenici.jpg\",\"contentUrl\":\"https:\\\/\\\/radioljubuski.ba\\\/wp-content\\\/uploads\\\/2021\\\/05\\\/ucenici.jpg\",\"width\":1000,\"height\":625},{\"@type\":\"BreadcrumbList\",\"@id\":\"https:\\\/\\\/radioljubuski.ba\\\/index.php\\\/2022\\\/04\\\/16\\\/u-skolama-u-bih-nikad-vise-odlikasa-a-nikad-manje-pismenih\\\/#breadcrumb\",\"itemListElement\":[{\"@type\":\"ListItem\",\"position\":1,\"name\":\"Po\u010detna stranica\",\"item\":\"https:\\\/\\\/radioljubuski.ba\\\/\"},{\"@type\":\"ListItem\",\"position\":2,\"name\":\"U \u0161kolama u BiH nikad vi\u0161e odlika\u0161a, a nikad manje pismenih\"}]},{\"@type\":\"WebSite\",\"@id\":\"https:\\\/\\\/radioljubuski.ba\\\/#website\",\"url\":\"https:\\\/\\\/radioljubuski.ba\\\/\",\"name\":\"Radio Ljubu\u0161ki\",\"description\":\"Sun\u010dana frekvencija Hercegovine\",\"publisher\":{\"@id\":\"https:\\\/\\\/radioljubuski.ba\\\/#organization\"},\"potentialAction\":[{\"@type\":\"SearchAction\",\"target\":{\"@type\":\"EntryPoint\",\"urlTemplate\":\"https:\\\/\\\/radioljubuski.ba\\\/?s={search_term_string}\"},\"query-input\":{\"@type\":\"PropertyValueSpecification\",\"valueRequired\":true,\"valueName\":\"search_term_string\"}}],\"inLanguage\":\"hr\"},{\"@type\":\"Organization\",\"@id\":\"https:\\\/\\\/radioljubuski.ba\\\/#organization\",\"name\":\"Radio Ljubu\u0161ki\",\"url\":\"https:\\\/\\\/radioljubuski.ba\\\/\",\"logo\":{\"@type\":\"ImageObject\",\"inLanguage\":\"hr\",\"@id\":\"https:\\\/\\\/radioljubuski.ba\\\/#\\\/schema\\\/logo\\\/image\\\/\",\"url\":\"https:\\\/\\\/radioljubuski.ba\\\/wp-content\\\/uploads\\\/2021\\\/02\\\/cropped-Radio_Ljubuski_logo1.jpg\",\"contentUrl\":\"https:\\\/\\\/radioljubuski.ba\\\/wp-content\\\/uploads\\\/2021\\\/02\\\/cropped-Radio_Ljubuski_logo1.jpg\",\"width\":512,\"height\":512,\"caption\":\"Radio Ljubu\u0161ki\"},\"image\":{\"@id\":\"https:\\\/\\\/radioljubuski.ba\\\/#\\\/schema\\\/logo\\\/image\\\/\"},\"sameAs\":[\"https:\\\/\\\/www.facebook.com\\\/Radiio-Ljubuski-1490835324566332\",\"https:\\\/\\\/x.com\\\/radioljubuski\",\"https:\\\/\\\/hr.linkedin.com\\\/company\\\/radio-ljubuski\",\"https:\\\/\\\/www.youtube.com\\\/channel\\\/UCHYaeO_n0Db3tjNGudGpXyw\"]},{\"@type\":\"Person\",\"@id\":\"https:\\\/\\\/radioljubuski.ba\\\/#\\\/schema\\\/person\\\/19fc700381a780f69665d7956c469e3b\",\"name\":\"Radio Ljubu\u0161ki\"}]}<\/script>\n<!-- \/ Yoast SEO plugin. -->","yoast_head_json":{"title":"U \u0161kolama u BiH nikad vi\u0161e odlika\u0161a, a nikad manje pismenih - RADIO LJUBU\u0160KI","robots":{"index":"index","follow":"follow","max-snippet":"max-snippet:-1","max-image-preview":"max-image-preview:large","max-video-preview":"max-video-preview:-1"},"canonical":"https:\/\/radioljubuski.ba\/index.php\/2022\/04\/16\/u-skolama-u-bih-nikad-vise-odlikasa-a-nikad-manje-pismenih\/","og_locale":"hr_HR","og_type":"article","og_title":"U \u0161kolama u BiH nikad vi\u0161e odlika\u0161a, a nikad manje pismenih - RADIO LJUBU\u0160KI","og_description":"Petnaestogodi\u0161njaci u Bosni i Hercegovini, u prosjeku zaostaju tri \u0161kolske godine u odnosu na vr\u0161njake iz Europske unije, a svako drugo dijete tog uzrasta u BiH ne posjeduje funkcionalnu \u010ditala\u010dku pismenost, podaci su Agencije za pred\u0161kolsko, osnovno i srednje obrazovanje BiH. Za\u0161to je to tako i da li se i \u0161to \u010dini da se ova [&hellip;]","og_url":"https:\/\/radioljubuski.ba\/index.php\/2022\/04\/16\/u-skolama-u-bih-nikad-vise-odlikasa-a-nikad-manje-pismenih\/","og_site_name":"RADIO LJUBU\u0160KI","article_publisher":"https:\/\/www.facebook.com\/Radiio-Ljubuski-1490835324566332","article_published_time":"2022-04-16T21:49:11+00:00","article_modified_time":"2022-04-16T21:49:12+00:00","og_image":[{"width":1000,"height":625,"url":"https:\/\/radioljubuski.ba\/wp-content\/uploads\/2021\/05\/ucenici.jpg","type":"image\/jpeg"}],"author":"Radio Ljubu\u0161ki","twitter_card":"summary_large_image","twitter_creator":"@radioljubuski","twitter_site":"@radioljubuski","twitter_misc":{"Napisao\/la":"Radio Ljubu\u0161ki","Procijenjeno vrijeme \u010ditanja":"3 minute"},"schema":{"@context":"https:\/\/schema.org","@graph":[{"@type":"Article","@id":"https:\/\/radioljubuski.ba\/index.php\/2022\/04\/16\/u-skolama-u-bih-nikad-vise-odlikasa-a-nikad-manje-pismenih\/#article","isPartOf":{"@id":"https:\/\/radioljubuski.ba\/index.php\/2022\/04\/16\/u-skolama-u-bih-nikad-vise-odlikasa-a-nikad-manje-pismenih\/"},"author":{"name":"Radio Ljubu\u0161ki","@id":"https:\/\/radioljubuski.ba\/#\/schema\/person\/19fc700381a780f69665d7956c469e3b"},"headline":"U \u0161kolama u BiH nikad vi\u0161e odlika\u0161a, a nikad manje pismenih","datePublished":"2022-04-16T21:49:11+00:00","dateModified":"2022-04-16T21:49:12+00:00","mainEntityOfPage":{"@id":"https:\/\/radioljubuski.ba\/index.php\/2022\/04\/16\/u-skolama-u-bih-nikad-vise-odlikasa-a-nikad-manje-pismenih\/"},"wordCount":608,"publisher":{"@id":"https:\/\/radioljubuski.ba\/#organization"},"image":{"@id":"https:\/\/radioljubuski.ba\/index.php\/2022\/04\/16\/u-skolama-u-bih-nikad-vise-odlikasa-a-nikad-manje-pismenih\/#primaryimage"},"thumbnailUrl":"https:\/\/radioljubuski.ba\/wp-content\/uploads\/2021\/05\/ucenici.jpg","articleSection":["BIH i regija"],"inLanguage":"hr"},{"@type":"WebPage","@id":"https:\/\/radioljubuski.ba\/index.php\/2022\/04\/16\/u-skolama-u-bih-nikad-vise-odlikasa-a-nikad-manje-pismenih\/","url":"https:\/\/radioljubuski.ba\/index.php\/2022\/04\/16\/u-skolama-u-bih-nikad-vise-odlikasa-a-nikad-manje-pismenih\/","name":"U \u0161kolama u BiH nikad vi\u0161e odlika\u0161a, a nikad manje pismenih - RADIO LJUBU\u0160KI","isPartOf":{"@id":"https:\/\/radioljubuski.ba\/#website"},"primaryImageOfPage":{"@id":"https:\/\/radioljubuski.ba\/index.php\/2022\/04\/16\/u-skolama-u-bih-nikad-vise-odlikasa-a-nikad-manje-pismenih\/#primaryimage"},"image":{"@id":"https:\/\/radioljubuski.ba\/index.php\/2022\/04\/16\/u-skolama-u-bih-nikad-vise-odlikasa-a-nikad-manje-pismenih\/#primaryimage"},"thumbnailUrl":"https:\/\/radioljubuski.ba\/wp-content\/uploads\/2021\/05\/ucenici.jpg","datePublished":"2022-04-16T21:49:11+00:00","dateModified":"2022-04-16T21:49:12+00:00","breadcrumb":{"@id":"https:\/\/radioljubuski.ba\/index.php\/2022\/04\/16\/u-skolama-u-bih-nikad-vise-odlikasa-a-nikad-manje-pismenih\/#breadcrumb"},"inLanguage":"hr","potentialAction":[{"@type":"ReadAction","target":["https:\/\/radioljubuski.ba\/index.php\/2022\/04\/16\/u-skolama-u-bih-nikad-vise-odlikasa-a-nikad-manje-pismenih\/"]}]},{"@type":"ImageObject","inLanguage":"hr","@id":"https:\/\/radioljubuski.ba\/index.php\/2022\/04\/16\/u-skolama-u-bih-nikad-vise-odlikasa-a-nikad-manje-pismenih\/#primaryimage","url":"https:\/\/radioljubuski.ba\/wp-content\/uploads\/2021\/05\/ucenici.jpg","contentUrl":"https:\/\/radioljubuski.ba\/wp-content\/uploads\/2021\/05\/ucenici.jpg","width":1000,"height":625},{"@type":"BreadcrumbList","@id":"https:\/\/radioljubuski.ba\/index.php\/2022\/04\/16\/u-skolama-u-bih-nikad-vise-odlikasa-a-nikad-manje-pismenih\/#breadcrumb","itemListElement":[{"@type":"ListItem","position":1,"name":"Po\u010detna stranica","item":"https:\/\/radioljubuski.ba\/"},{"@type":"ListItem","position":2,"name":"U \u0161kolama u BiH nikad vi\u0161e odlika\u0161a, a nikad manje pismenih"}]},{"@type":"WebSite","@id":"https:\/\/radioljubuski.ba\/#website","url":"https:\/\/radioljubuski.ba\/","name":"Radio Ljubu\u0161ki","description":"Sun\u010dana frekvencija Hercegovine","publisher":{"@id":"https:\/\/radioljubuski.ba\/#organization"},"potentialAction":[{"@type":"SearchAction","target":{"@type":"EntryPoint","urlTemplate":"https:\/\/radioljubuski.ba\/?s={search_term_string}"},"query-input":{"@type":"PropertyValueSpecification","valueRequired":true,"valueName":"search_term_string"}}],"inLanguage":"hr"},{"@type":"Organization","@id":"https:\/\/radioljubuski.ba\/#organization","name":"Radio Ljubu\u0161ki","url":"https:\/\/radioljubuski.ba\/","logo":{"@type":"ImageObject","inLanguage":"hr","@id":"https:\/\/radioljubuski.ba\/#\/schema\/logo\/image\/","url":"https:\/\/radioljubuski.ba\/wp-content\/uploads\/2021\/02\/cropped-Radio_Ljubuski_logo1.jpg","contentUrl":"https:\/\/radioljubuski.ba\/wp-content\/uploads\/2021\/02\/cropped-Radio_Ljubuski_logo1.jpg","width":512,"height":512,"caption":"Radio Ljubu\u0161ki"},"image":{"@id":"https:\/\/radioljubuski.ba\/#\/schema\/logo\/image\/"},"sameAs":["https:\/\/www.facebook.com\/Radiio-Ljubuski-1490835324566332","https:\/\/x.com\/radioljubuski","https:\/\/hr.linkedin.com\/company\/radio-ljubuski","https:\/\/www.youtube.com\/channel\/UCHYaeO_n0Db3tjNGudGpXyw"]},{"@type":"Person","@id":"https:\/\/radioljubuski.ba\/#\/schema\/person\/19fc700381a780f69665d7956c469e3b","name":"Radio Ljubu\u0161ki"}]}},"_links":{"self":[{"href":"https:\/\/radioljubuski.ba\/index.php\/wp-json\/wp\/v2\/posts\/133246","targetHints":{"allow":["GET"]}}],"collection":[{"href":"https:\/\/radioljubuski.ba\/index.php\/wp-json\/wp\/v2\/posts"}],"about":[{"href":"https:\/\/radioljubuski.ba\/index.php\/wp-json\/wp\/v2\/types\/post"}],"author":[{"embeddable":true,"href":"https:\/\/radioljubuski.ba\/index.php\/wp-json\/wp\/v2\/users\/2"}],"replies":[{"embeddable":true,"href":"https:\/\/radioljubuski.ba\/index.php\/wp-json\/wp\/v2\/comments?post=133246"}],"version-history":[{"count":1,"href":"https:\/\/radioljubuski.ba\/index.php\/wp-json\/wp\/v2\/posts\/133246\/revisions"}],"predecessor-version":[{"id":133247,"href":"https:\/\/radioljubuski.ba\/index.php\/wp-json\/wp\/v2\/posts\/133246\/revisions\/133247"}],"wp:featuredmedia":[{"embeddable":true,"href":"https:\/\/radioljubuski.ba\/index.php\/wp-json\/wp\/v2\/media\/17912"}],"wp:attachment":[{"href":"https:\/\/radioljubuski.ba\/index.php\/wp-json\/wp\/v2\/media?parent=133246"}],"wp:term":[{"taxonomy":"category","embeddable":true,"href":"https:\/\/radioljubuski.ba\/index.php\/wp-json\/wp\/v2\/categories?post=133246"},{"taxonomy":"post_tag","embeddable":true,"href":"https:\/\/radioljubuski.ba\/index.php\/wp-json\/wp\/v2\/tags?post=133246"}],"curies":[{"name":"wp","href":"https:\/\/api.w.org\/{rel}","templated":true}]}}