{"id":133254,"date":"2022-04-16T22:53:19","date_gmt":"2022-04-16T21:53:19","guid":{"rendered":"https:\/\/radioljubuski.ba\/?p=133254"},"modified":"2022-04-16T22:53:21","modified_gmt":"2022-04-16T21:53:21","slug":"dodik-za-zabranjeni-medij-iznio-plan-svoje-otmice","status":"publish","type":"post","link":"https:\/\/radioljubuski.ba\/index.php\/2022\/04\/16\/dodik-za-zabranjeni-medij-iznio-plan-svoje-otmice\/","title":{"rendered":"Dodik za zabranjeni medij iznio plan svoje otmice"},"content":{"rendered":"\n<p>\u010clan Predsjedni\u0161tva Bosne i Hercegovine Milorad Dodik u intervju za ruski mediji Sputnjik, koji je zbog propagande zabranjen u zemljama Europske unije, rekao je da je s \u010detiri strane dobio identi\u010dne informacije \u2013 da specijalne jedinice Velike Britanije planiraju da ga tamo gdje \u017eivi, radi ili u pokretu pokupe i odvedu na neko nepoznato mjesto.<\/p>\n\n\n\n<p>Dodik je rekao da su oni shvatili da im je najbolje da ga sklone, pa su mu zaprijetili.<\/p>\n\n\n\n<p>\u201cKada ovdje to zdravorazumski ka\u017eete, svi bi rekli \u2013 da li je to mogu\u0107e? I svi bi zaklju\u010dili da nije mogu\u0107e. Ali, kod nas je mogu\u0107e jer se to de\u0161avalo prije deset godina \u2013 kupili su na\u0161e ljude, odvodili ih u kontejnere, po deset, petnaest dana, tri mjeseca, pet mjeseci, \u0161ikanirali ih, neki su prolupali od svega toga, i ni\u0161ta\u201d, rekao je Dodik \u201cSputnjiku\u201d u Beogradu.<\/p>\n\n\n\n<p>On je naveo kao \u201cprimjer\u201d aktuelnog na\u010delnika Sokoca Milovana Bjelicu koga su pokupili i odveli u kontejner \u2013 \u201cupale svjetla, reflektore, grunu jaku muziku da ne mo\u017ee da spava i tra\u017ee priznanje\u201d.<\/p>\n\n\n\n<p>Dodik je rekao da se u Srbiji i u bh. entitetu Republika Srpska osje\u0107a sigurno.<\/p>\n\n\n\n<p>\u201cNaravno da mene po zakonu osigurava policija Republike Srpske. Imam povjerenja u te momke, ali sam uvjeren da narod dobro razumije o \u010demu se radi i meni je to najva\u017enije\u201d, rekao je Dodik.<\/p>\n\n\n\n<p>Na pitanje s koje strane mu prijete, Dodik je odgovorio da oni imaju ambiciju da ga sklone iz izbornog procesa, ali su vidjeli da opet dobiva izbore i hvataju se za glavu \u2013 od onih u Americi do Britanaca.<\/p>\n\n\n\n<p>\u201cA, mislili su da u narednih godinu-dvije zavr\u0161e taj nezavr\u0161eni posao u BiH, da dovedu svoju vlast, dovedu ljude u RS koji bi olako to priznali zato \u0161to bi bili negdje potap\u0161ani po ramenu, a poslije nema povratka. Zato on \/Christian Schmidt\/ ho\u0107e ovaj zakon o imovini?1 Kad njega uzmete onda \u0107e do\u0107i na red \u0161kole, pa \u0107e re\u0107i da su \u0161kole napravljene prije, pa univerziteti, bolnice, pa ne znam ni ja \u0161ta vi\u0161e\u201d, zaklju\u010dio je Dodik.<\/p>\n\n\n\n<p>On je ocijenio da se ovaj bh. entitet stalno ne\u0161to brani i \u201czato je pravo \u010dudo da je u takvim okolnostima napravljeno 120 kilometara autoceste, \u0161est novih bolnica, vi\u0161e od 20 novih \u0161kola, da su ljudi izdr\u017eali pandemiju i poplave, uz minimalnu pomo\u0107 sa strane\u201d.<\/p>\n\n\n\n<p>\u201cTo se samo radi u jednoj upornoj ljubavi koju ljudi u Republici Srpskoj imaju za to, ne \u017eele da to napuste, vjeruju u politiku obrane i ma\u0161taju o vremenu kada \u0107e nas pustiti na miru da se razvijamo\u201d, istakao je Dodik.<\/p>\n\n\n\n<p>Izvor:pogled.ba<\/p>\n","protected":false},"excerpt":{"rendered":"<p>\u010clan Predsjedni\u0161tva Bosne i Hercegovine Milorad Dodik u intervju za ruski mediji Sputnjik, koji je zbog propagande zabranjen u zemljama Europske unije, rekao je da je s \u010detiri strane dobio identi\u010dne informacije \u2013 da specijalne jedinice Velike Britanije planiraju da ga tamo gdje \u017eivi, radi ili u pokretu pokupe i odvedu na neko nepoznato mjesto. [&hellip;]<\/p>\n","protected":false},"author":2,"featured_media":122102,"comment_status":"closed","ping_status":"closed","sticky":false,"template":"","format":"standard","meta":{"h5ap_radio_sources":[],"footnotes":""},"categories":[1],"tags":[],"class_list":["post-133254","post","type-post","status-publish","format-standard","has-post-thumbnail","hentry","category-bihiregija"],"yoast_head":"<!-- This site is optimized with the Yoast SEO plugin v27.5 - https:\/\/yoast.com\/product\/yoast-seo-wordpress\/ -->\n<title>Dodik za zabranjeni medij iznio plan svoje otmice - RADIO LJUBU\u0160KI<\/title>\n<meta name=\"robots\" content=\"index, follow, max-snippet:-1, max-image-preview:large, max-video-preview:-1\" \/>\n<link rel=\"canonical\" href=\"https:\/\/radioljubuski.ba\/index.php\/2022\/04\/16\/dodik-za-zabranjeni-medij-iznio-plan-svoje-otmice\/\" \/>\n<meta property=\"og:locale\" content=\"hr_HR\" \/>\n<meta property=\"og:type\" content=\"article\" \/>\n<meta property=\"og:title\" content=\"Dodik za zabranjeni medij iznio plan svoje otmice - RADIO LJUBU\u0160KI\" \/>\n<meta property=\"og:description\" content=\"\u010clan Predsjedni\u0161tva Bosne i Hercegovine Milorad Dodik u intervju za ruski mediji Sputnjik, koji je zbog propagande zabranjen u zemljama Europske unije, rekao je da je s \u010detiri strane dobio identi\u010dne informacije \u2013 da specijalne jedinice Velike Britanije planiraju da ga tamo gdje \u017eivi, radi ili u pokretu pokupe i odvedu na neko nepoznato mjesto. [&hellip;]\" \/>\n<meta property=\"og:url\" content=\"https:\/\/radioljubuski.ba\/index.php\/2022\/04\/16\/dodik-za-zabranjeni-medij-iznio-plan-svoje-otmice\/\" \/>\n<meta property=\"og:site_name\" content=\"RADIO LJUBU\u0160KI\" \/>\n<meta property=\"article:publisher\" content=\"https:\/\/www.facebook.com\/Radiio-Ljubuski-1490835324566332\" \/>\n<meta property=\"article:published_time\" content=\"2022-04-16T21:53:19+00:00\" \/>\n<meta property=\"article:modified_time\" content=\"2022-04-16T21:53:21+00:00\" \/>\n<meta property=\"og:image\" content=\"https:\/\/radioljubuski.ba\/wp-content\/uploads\/2022\/03\/8-2022-03-16-14-58-19-dodik.jpg\" \/>\n\t<meta property=\"og:image:width\" content=\"1000\" \/>\n\t<meta property=\"og:image:height\" content=\"625\" \/>\n\t<meta property=\"og:image:type\" content=\"image\/jpeg\" \/>\n<meta name=\"author\" content=\"Radio Ljubu\u0161ki\" \/>\n<meta name=\"twitter:card\" content=\"summary_large_image\" \/>\n<meta name=\"twitter:creator\" content=\"@radioljubuski\" \/>\n<meta name=\"twitter:site\" content=\"@radioljubuski\" \/>\n<meta name=\"twitter:label1\" content=\"Napisao\/la\" \/>\n\t<meta name=\"twitter:data1\" content=\"Radio Ljubu\u0161ki\" \/>\n\t<meta name=\"twitter:label2\" content=\"Procijenjeno vrijeme \u010ditanja\" \/>\n\t<meta name=\"twitter:data2\" content=\"2 minute\" \/>\n<script type=\"application\/ld+json\" class=\"yoast-schema-graph\">{\"@context\":\"https:\\\/\\\/schema.org\",\"@graph\":[{\"@type\":\"Article\",\"@id\":\"https:\\\/\\\/radioljubuski.ba\\\/index.php\\\/2022\\\/04\\\/16\\\/dodik-za-zabranjeni-medij-iznio-plan-svoje-otmice\\\/#article\",\"isPartOf\":{\"@id\":\"https:\\\/\\\/radioljubuski.ba\\\/index.php\\\/2022\\\/04\\\/16\\\/dodik-za-zabranjeni-medij-iznio-plan-svoje-otmice\\\/\"},\"author\":{\"name\":\"Radio Ljubu\u0161ki\",\"@id\":\"https:\\\/\\\/radioljubuski.ba\\\/#\\\/schema\\\/person\\\/19fc700381a780f69665d7956c469e3b\"},\"headline\":\"Dodik za zabranjeni medij iznio plan svoje otmice\",\"datePublished\":\"2022-04-16T21:53:19+00:00\",\"dateModified\":\"2022-04-16T21:53:21+00:00\",\"mainEntityOfPage\":{\"@id\":\"https:\\\/\\\/radioljubuski.ba\\\/index.php\\\/2022\\\/04\\\/16\\\/dodik-za-zabranjeni-medij-iznio-plan-svoje-otmice\\\/\"},\"wordCount\":452,\"publisher\":{\"@id\":\"https:\\\/\\\/radioljubuski.ba\\\/#organization\"},\"image\":{\"@id\":\"https:\\\/\\\/radioljubuski.ba\\\/index.php\\\/2022\\\/04\\\/16\\\/dodik-za-zabranjeni-medij-iznio-plan-svoje-otmice\\\/#primaryimage\"},\"thumbnailUrl\":\"https:\\\/\\\/radioljubuski.ba\\\/wp-content\\\/uploads\\\/2022\\\/03\\\/8-2022-03-16-14-58-19-dodik.jpg\",\"articleSection\":[\"BIH i regija\"],\"inLanguage\":\"hr\"},{\"@type\":\"WebPage\",\"@id\":\"https:\\\/\\\/radioljubuski.ba\\\/index.php\\\/2022\\\/04\\\/16\\\/dodik-za-zabranjeni-medij-iznio-plan-svoje-otmice\\\/\",\"url\":\"https:\\\/\\\/radioljubuski.ba\\\/index.php\\\/2022\\\/04\\\/16\\\/dodik-za-zabranjeni-medij-iznio-plan-svoje-otmice\\\/\",\"name\":\"Dodik za zabranjeni medij iznio plan svoje otmice - RADIO LJUBU\u0160KI\",\"isPartOf\":{\"@id\":\"https:\\\/\\\/radioljubuski.ba\\\/#website\"},\"primaryImageOfPage\":{\"@id\":\"https:\\\/\\\/radioljubuski.ba\\\/index.php\\\/2022\\\/04\\\/16\\\/dodik-za-zabranjeni-medij-iznio-plan-svoje-otmice\\\/#primaryimage\"},\"image\":{\"@id\":\"https:\\\/\\\/radioljubuski.ba\\\/index.php\\\/2022\\\/04\\\/16\\\/dodik-za-zabranjeni-medij-iznio-plan-svoje-otmice\\\/#primaryimage\"},\"thumbnailUrl\":\"https:\\\/\\\/radioljubuski.ba\\\/wp-content\\\/uploads\\\/2022\\\/03\\\/8-2022-03-16-14-58-19-dodik.jpg\",\"datePublished\":\"2022-04-16T21:53:19+00:00\",\"dateModified\":\"2022-04-16T21:53:21+00:00\",\"breadcrumb\":{\"@id\":\"https:\\\/\\\/radioljubuski.ba\\\/index.php\\\/2022\\\/04\\\/16\\\/dodik-za-zabranjeni-medij-iznio-plan-svoje-otmice\\\/#breadcrumb\"},\"inLanguage\":\"hr\",\"potentialAction\":[{\"@type\":\"ReadAction\",\"target\":[\"https:\\\/\\\/radioljubuski.ba\\\/index.php\\\/2022\\\/04\\\/16\\\/dodik-za-zabranjeni-medij-iznio-plan-svoje-otmice\\\/\"]}]},{\"@type\":\"ImageObject\",\"inLanguage\":\"hr\",\"@id\":\"https:\\\/\\\/radioljubuski.ba\\\/index.php\\\/2022\\\/04\\\/16\\\/dodik-za-zabranjeni-medij-iznio-plan-svoje-otmice\\\/#primaryimage\",\"url\":\"https:\\\/\\\/radioljubuski.ba\\\/wp-content\\\/uploads\\\/2022\\\/03\\\/8-2022-03-16-14-58-19-dodik.jpg\",\"contentUrl\":\"https:\\\/\\\/radioljubuski.ba\\\/wp-content\\\/uploads\\\/2022\\\/03\\\/8-2022-03-16-14-58-19-dodik.jpg\",\"width\":1000,\"height\":625},{\"@type\":\"BreadcrumbList\",\"@id\":\"https:\\\/\\\/radioljubuski.ba\\\/index.php\\\/2022\\\/04\\\/16\\\/dodik-za-zabranjeni-medij-iznio-plan-svoje-otmice\\\/#breadcrumb\",\"itemListElement\":[{\"@type\":\"ListItem\",\"position\":1,\"name\":\"Po\u010detna stranica\",\"item\":\"https:\\\/\\\/radioljubuski.ba\\\/\"},{\"@type\":\"ListItem\",\"position\":2,\"name\":\"Dodik za zabranjeni medij iznio plan svoje otmice\"}]},{\"@type\":\"WebSite\",\"@id\":\"https:\\\/\\\/radioljubuski.ba\\\/#website\",\"url\":\"https:\\\/\\\/radioljubuski.ba\\\/\",\"name\":\"Radio Ljubu\u0161ki\",\"description\":\"Sun\u010dana frekvencija Hercegovine\",\"publisher\":{\"@id\":\"https:\\\/\\\/radioljubuski.ba\\\/#organization\"},\"potentialAction\":[{\"@type\":\"SearchAction\",\"target\":{\"@type\":\"EntryPoint\",\"urlTemplate\":\"https:\\\/\\\/radioljubuski.ba\\\/?s={search_term_string}\"},\"query-input\":{\"@type\":\"PropertyValueSpecification\",\"valueRequired\":true,\"valueName\":\"search_term_string\"}}],\"inLanguage\":\"hr\"},{\"@type\":\"Organization\",\"@id\":\"https:\\\/\\\/radioljubuski.ba\\\/#organization\",\"name\":\"Radio Ljubu\u0161ki\",\"url\":\"https:\\\/\\\/radioljubuski.ba\\\/\",\"logo\":{\"@type\":\"ImageObject\",\"inLanguage\":\"hr\",\"@id\":\"https:\\\/\\\/radioljubuski.ba\\\/#\\\/schema\\\/logo\\\/image\\\/\",\"url\":\"https:\\\/\\\/radioljubuski.ba\\\/wp-content\\\/uploads\\\/2021\\\/02\\\/cropped-Radio_Ljubuski_logo1.jpg\",\"contentUrl\":\"https:\\\/\\\/radioljubuski.ba\\\/wp-content\\\/uploads\\\/2021\\\/02\\\/cropped-Radio_Ljubuski_logo1.jpg\",\"width\":512,\"height\":512,\"caption\":\"Radio Ljubu\u0161ki\"},\"image\":{\"@id\":\"https:\\\/\\\/radioljubuski.ba\\\/#\\\/schema\\\/logo\\\/image\\\/\"},\"sameAs\":[\"https:\\\/\\\/www.facebook.com\\\/Radiio-Ljubuski-1490835324566332\",\"https:\\\/\\\/x.com\\\/radioljubuski\",\"https:\\\/\\\/hr.linkedin.com\\\/company\\\/radio-ljubuski\",\"https:\\\/\\\/www.youtube.com\\\/channel\\\/UCHYaeO_n0Db3tjNGudGpXyw\"]},{\"@type\":\"Person\",\"@id\":\"https:\\\/\\\/radioljubuski.ba\\\/#\\\/schema\\\/person\\\/19fc700381a780f69665d7956c469e3b\",\"name\":\"Radio Ljubu\u0161ki\"}]}<\/script>\n<!-- \/ Yoast SEO plugin. -->","yoast_head_json":{"title":"Dodik za zabranjeni medij iznio plan svoje otmice - RADIO LJUBU\u0160KI","robots":{"index":"index","follow":"follow","max-snippet":"max-snippet:-1","max-image-preview":"max-image-preview:large","max-video-preview":"max-video-preview:-1"},"canonical":"https:\/\/radioljubuski.ba\/index.php\/2022\/04\/16\/dodik-za-zabranjeni-medij-iznio-plan-svoje-otmice\/","og_locale":"hr_HR","og_type":"article","og_title":"Dodik za zabranjeni medij iznio plan svoje otmice - RADIO LJUBU\u0160KI","og_description":"\u010clan Predsjedni\u0161tva Bosne i Hercegovine Milorad Dodik u intervju za ruski mediji Sputnjik, koji je zbog propagande zabranjen u zemljama Europske unije, rekao je da je s \u010detiri strane dobio identi\u010dne informacije \u2013 da specijalne jedinice Velike Britanije planiraju da ga tamo gdje \u017eivi, radi ili u pokretu pokupe i odvedu na neko nepoznato mjesto. [&hellip;]","og_url":"https:\/\/radioljubuski.ba\/index.php\/2022\/04\/16\/dodik-za-zabranjeni-medij-iznio-plan-svoje-otmice\/","og_site_name":"RADIO LJUBU\u0160KI","article_publisher":"https:\/\/www.facebook.com\/Radiio-Ljubuski-1490835324566332","article_published_time":"2022-04-16T21:53:19+00:00","article_modified_time":"2022-04-16T21:53:21+00:00","og_image":[{"width":1000,"height":625,"url":"https:\/\/radioljubuski.ba\/wp-content\/uploads\/2022\/03\/8-2022-03-16-14-58-19-dodik.jpg","type":"image\/jpeg"}],"author":"Radio Ljubu\u0161ki","twitter_card":"summary_large_image","twitter_creator":"@radioljubuski","twitter_site":"@radioljubuski","twitter_misc":{"Napisao\/la":"Radio Ljubu\u0161ki","Procijenjeno vrijeme \u010ditanja":"2 minute"},"schema":{"@context":"https:\/\/schema.org","@graph":[{"@type":"Article","@id":"https:\/\/radioljubuski.ba\/index.php\/2022\/04\/16\/dodik-za-zabranjeni-medij-iznio-plan-svoje-otmice\/#article","isPartOf":{"@id":"https:\/\/radioljubuski.ba\/index.php\/2022\/04\/16\/dodik-za-zabranjeni-medij-iznio-plan-svoje-otmice\/"},"author":{"name":"Radio Ljubu\u0161ki","@id":"https:\/\/radioljubuski.ba\/#\/schema\/person\/19fc700381a780f69665d7956c469e3b"},"headline":"Dodik za zabranjeni medij iznio plan svoje otmice","datePublished":"2022-04-16T21:53:19+00:00","dateModified":"2022-04-16T21:53:21+00:00","mainEntityOfPage":{"@id":"https:\/\/radioljubuski.ba\/index.php\/2022\/04\/16\/dodik-za-zabranjeni-medij-iznio-plan-svoje-otmice\/"},"wordCount":452,"publisher":{"@id":"https:\/\/radioljubuski.ba\/#organization"},"image":{"@id":"https:\/\/radioljubuski.ba\/index.php\/2022\/04\/16\/dodik-za-zabranjeni-medij-iznio-plan-svoje-otmice\/#primaryimage"},"thumbnailUrl":"https:\/\/radioljubuski.ba\/wp-content\/uploads\/2022\/03\/8-2022-03-16-14-58-19-dodik.jpg","articleSection":["BIH i regija"],"inLanguage":"hr"},{"@type":"WebPage","@id":"https:\/\/radioljubuski.ba\/index.php\/2022\/04\/16\/dodik-za-zabranjeni-medij-iznio-plan-svoje-otmice\/","url":"https:\/\/radioljubuski.ba\/index.php\/2022\/04\/16\/dodik-za-zabranjeni-medij-iznio-plan-svoje-otmice\/","name":"Dodik za zabranjeni medij iznio plan svoje otmice - RADIO LJUBU\u0160KI","isPartOf":{"@id":"https:\/\/radioljubuski.ba\/#website"},"primaryImageOfPage":{"@id":"https:\/\/radioljubuski.ba\/index.php\/2022\/04\/16\/dodik-za-zabranjeni-medij-iznio-plan-svoje-otmice\/#primaryimage"},"image":{"@id":"https:\/\/radioljubuski.ba\/index.php\/2022\/04\/16\/dodik-za-zabranjeni-medij-iznio-plan-svoje-otmice\/#primaryimage"},"thumbnailUrl":"https:\/\/radioljubuski.ba\/wp-content\/uploads\/2022\/03\/8-2022-03-16-14-58-19-dodik.jpg","datePublished":"2022-04-16T21:53:19+00:00","dateModified":"2022-04-16T21:53:21+00:00","breadcrumb":{"@id":"https:\/\/radioljubuski.ba\/index.php\/2022\/04\/16\/dodik-za-zabranjeni-medij-iznio-plan-svoje-otmice\/#breadcrumb"},"inLanguage":"hr","potentialAction":[{"@type":"ReadAction","target":["https:\/\/radioljubuski.ba\/index.php\/2022\/04\/16\/dodik-za-zabranjeni-medij-iznio-plan-svoje-otmice\/"]}]},{"@type":"ImageObject","inLanguage":"hr","@id":"https:\/\/radioljubuski.ba\/index.php\/2022\/04\/16\/dodik-za-zabranjeni-medij-iznio-plan-svoje-otmice\/#primaryimage","url":"https:\/\/radioljubuski.ba\/wp-content\/uploads\/2022\/03\/8-2022-03-16-14-58-19-dodik.jpg","contentUrl":"https:\/\/radioljubuski.ba\/wp-content\/uploads\/2022\/03\/8-2022-03-16-14-58-19-dodik.jpg","width":1000,"height":625},{"@type":"BreadcrumbList","@id":"https:\/\/radioljubuski.ba\/index.php\/2022\/04\/16\/dodik-za-zabranjeni-medij-iznio-plan-svoje-otmice\/#breadcrumb","itemListElement":[{"@type":"ListItem","position":1,"name":"Po\u010detna stranica","item":"https:\/\/radioljubuski.ba\/"},{"@type":"ListItem","position":2,"name":"Dodik za zabranjeni medij iznio plan svoje otmice"}]},{"@type":"WebSite","@id":"https:\/\/radioljubuski.ba\/#website","url":"https:\/\/radioljubuski.ba\/","name":"Radio Ljubu\u0161ki","description":"Sun\u010dana frekvencija Hercegovine","publisher":{"@id":"https:\/\/radioljubuski.ba\/#organization"},"potentialAction":[{"@type":"SearchAction","target":{"@type":"EntryPoint","urlTemplate":"https:\/\/radioljubuski.ba\/?s={search_term_string}"},"query-input":{"@type":"PropertyValueSpecification","valueRequired":true,"valueName":"search_term_string"}}],"inLanguage":"hr"},{"@type":"Organization","@id":"https:\/\/radioljubuski.ba\/#organization","name":"Radio Ljubu\u0161ki","url":"https:\/\/radioljubuski.ba\/","logo":{"@type":"ImageObject","inLanguage":"hr","@id":"https:\/\/radioljubuski.ba\/#\/schema\/logo\/image\/","url":"https:\/\/radioljubuski.ba\/wp-content\/uploads\/2021\/02\/cropped-Radio_Ljubuski_logo1.jpg","contentUrl":"https:\/\/radioljubuski.ba\/wp-content\/uploads\/2021\/02\/cropped-Radio_Ljubuski_logo1.jpg","width":512,"height":512,"caption":"Radio Ljubu\u0161ki"},"image":{"@id":"https:\/\/radioljubuski.ba\/#\/schema\/logo\/image\/"},"sameAs":["https:\/\/www.facebook.com\/Radiio-Ljubuski-1490835324566332","https:\/\/x.com\/radioljubuski","https:\/\/hr.linkedin.com\/company\/radio-ljubuski","https:\/\/www.youtube.com\/channel\/UCHYaeO_n0Db3tjNGudGpXyw"]},{"@type":"Person","@id":"https:\/\/radioljubuski.ba\/#\/schema\/person\/19fc700381a780f69665d7956c469e3b","name":"Radio Ljubu\u0161ki"}]}},"_links":{"self":[{"href":"https:\/\/radioljubuski.ba\/index.php\/wp-json\/wp\/v2\/posts\/133254","targetHints":{"allow":["GET"]}}],"collection":[{"href":"https:\/\/radioljubuski.ba\/index.php\/wp-json\/wp\/v2\/posts"}],"about":[{"href":"https:\/\/radioljubuski.ba\/index.php\/wp-json\/wp\/v2\/types\/post"}],"author":[{"embeddable":true,"href":"https:\/\/radioljubuski.ba\/index.php\/wp-json\/wp\/v2\/users\/2"}],"replies":[{"embeddable":true,"href":"https:\/\/radioljubuski.ba\/index.php\/wp-json\/wp\/v2\/comments?post=133254"}],"version-history":[{"count":1,"href":"https:\/\/radioljubuski.ba\/index.php\/wp-json\/wp\/v2\/posts\/133254\/revisions"}],"predecessor-version":[{"id":133255,"href":"https:\/\/radioljubuski.ba\/index.php\/wp-json\/wp\/v2\/posts\/133254\/revisions\/133255"}],"wp:featuredmedia":[{"embeddable":true,"href":"https:\/\/radioljubuski.ba\/index.php\/wp-json\/wp\/v2\/media\/122102"}],"wp:attachment":[{"href":"https:\/\/radioljubuski.ba\/index.php\/wp-json\/wp\/v2\/media?parent=133254"}],"wp:term":[{"taxonomy":"category","embeddable":true,"href":"https:\/\/radioljubuski.ba\/index.php\/wp-json\/wp\/v2\/categories?post=133254"},{"taxonomy":"post_tag","embeddable":true,"href":"https:\/\/radioljubuski.ba\/index.php\/wp-json\/wp\/v2\/tags?post=133254"}],"curies":[{"name":"wp","href":"https:\/\/api.w.org\/{rel}","templated":true}]}}