{"id":133256,"date":"2022-04-16T22:54:35","date_gmt":"2022-04-16T21:54:35","guid":{"rendered":"https:\/\/radioljubuski.ba\/?p=133256"},"modified":"2022-04-16T22:54:35","modified_gmt":"2022-04-16T21:54:35","slug":"sve-vise-djece-ima-govorne-poteskoce-telefon-malisane-salje-logopedu","status":"publish","type":"post","link":"https:\/\/radioljubuski.ba\/index.php\/2022\/04\/16\/sve-vise-djece-ima-govorne-poteskoce-telefon-malisane-salje-logopedu\/","title":{"rendered":"Sve vi\u0161e djece ima govorne pote\u0161ko\u0107e: Telefon mali\u0161ane \u0161alje logopedu"},"content":{"rendered":"\n<p>Prekomjerno kori\u0161tenje mobilnih telefona i manjak fizi\u010dke aktivnosti glavni su uzroci govornih problema sve vi\u0161e mali\u0161ana u Srpskoj, \u0161to su pokazali i rezultati sistematskih pregleda za upis u \u0161kolu.<\/p>\n\n\n\n<p>Specijalista pedijatar u banjalu\u010dkom Domu zdravlja Milka \u0106ojanovi\u0107 za \u201cGlas Srpske\u201d ka\u017ee da suvremeni na\u010din \u017eivota \u010desto prepreka zdravog odrastanja, jer djeca ve\u0107 od devetog mjeseca \u017eivota kre\u0107u da koriste tablete i telefone, a to je jednosmjerna komunikacija.<\/p>\n\n\n\n<p>&#8211; Djeci treba dvosmjerna komunikacija &#8211; rekla je \u0106ojanovi\u0107eva, naglasiv\u0161i da su problemi u govoru kod dosta budu\u0107ih prva\u010di\u0107a otkriju na sistematskom pregledu za upis u \u0161kolu, a ako pedijatri uo\u010de zaostajanje u govoru i u ranijoj dobi, djecu upu\u0107uju logopedu.<\/p>\n\n\n\n<p>Malo je logopeda, poru\u010duje ona, pa su roditelji \u010desto prinu\u0111eni da pomo\u0107 potra\u017ee privatno, a tretmani su skupi.<\/p>\n\n\n\n<p>&#8211; S mali\u0161anima treba pri\u010dati, jer oni u\u010de gledanjem i slu\u0161anjem. Telefon nikako nije rje\u0161enje. Oni ranije progovaraju neke engleske rije\u010di nego na\u0161e, iz prostog razloga jer gledaju crtane filmove, gre\u0161ka je \u0161to roditelji forsiraju strani jezik u odnosu na maternji. Mora se razgovarati s djecom, vratiti ritual da gledaju slike, slikovnice, da se s njima pri\u010da, da imaju povratnu informaciju &#8211; kazala je \u0106ojanovi\u0107eva.<\/p>\n\n\n\n<p>Pedijatar s iskustvom dugim \u010detiri decenije isti\u010de da je problem i komunikacija me\u0111u djecom, jer se mnogi ne igraju zajedno i ne slu\u0161aju jedni druge.<\/p>\n\n\n\n<p>&#8211; Kod onih koji su fizi\u010dki aktivni nije tako, jer kada se djeca igraju s loptom i kada tr\u010de, onda su i motori\u010dki mnogo spretniji. Opona\u0161anje junaka iz crtanih nigdje ne vodi, a djeca to prihvate, na\u017ealost, pa je i nasilnost prisutna, jer mali\u0161ani dobro pamte &#8211; nagla\u0161ava ona i dodaje da roditelji moraju da rade vi\u0161e s djecom kod ku\u0107e i da komuniciraju.<\/p>\n\n\n\n<p>Logoped Marina Gavri\u0107 Govedarica rekla je za \u201cGlas\u201d da su naj\u010de\u0161\u0107i problemi zbog kojih joj se roditelji obra\u0107aju ka\u0161njenje u progovaranju, odnosno stagniranje daljeg razvoja govora u uzrastu od druge do \u010detvrte godine.<\/p>\n\n\n\n<p>&#8211; Izostanak komunikacije i interakcije s drugom djecom, kao i nerazvijeni socioemocionalni odnosi samo su neki od problema. Pred\u0161kolci uglavnom kubure sa nepravilno artikuliranim glasovima i nedovoljno usvojenim vje\u0161tinama, a kao vode\u0107i problem u \u0161kolskom uzrastu su pote\u0161ko\u0107e s \u010ditanjem i pisanjem uzrokovane online nastavom u vrijeme pandemije &#8211; rekla je Gavri\u0107 Govedarica. Dodaje i da uzroci ka\u0161njenja govorno-jezi\u010dkog razvoja mogu biti vi\u0161estruki, od onih organskih, poro\u0111ajne traume i povrede, patolo\u0161ke bolesti majke, ali i genetike.<\/p>\n\n\n\n<p>&#8211; Izlo\u017eenost multimedijalnom sadr\u017eaju generalno predstavlja vode\u0107i problem u svijetu, ne samo po razvoj govora i uop\u0107eno psihomotorni razvoj djece nego i kod odraslih. Ve\u0107ina ljudi koristi prekomjerno dru\u0161tvene mre\u017ee i na taj na\u010din optere\u0107uje mozak nepotrebnim informacijama pa dolazi do sve slabijeg pam\u0107enja, poreme\u0107aja pa\u017enje i koncentracije &#8211; rekla je Gavri\u0107 Govedarica.<\/p>\n\n\n\n<p>Apostrofira da prevelika izlo\u017eenost male djece pred TV ekranima izaziva dugoro\u010dne posljedice na razvoj djeteta, \u0161to se prvo odra\u017eava na razvoj govora, a potom dolazi do izra\u017eaja neadekvatno razvijena senzomotorna percepcija.<\/p>\n\n\n\n<p>Psiholog Aleksandar Mili\u0107 kazao je da su zastoji u psihofizi\u010dkom razvoju povezani s kretanjem, aktivnostima i govorom, razmi\u0161ljanjem i mogu\u0107nostima shva\u0107anja. Djeca \u010desto do\u017eive i strah pa nastane blokada.<\/p>\n\n\n\n<p>&#8211; Svaka pasivizacija u odnosu na dje\u010dju igru je \u0161teta i ne razvija ih. Manje su roditelji s djecom, a i kada su zajedno, onda im dozvole da provode vi\u0161e vremena uz mobilne telefone i igrice. \u010cak opa\u017eaju i ono nerealno, \u0161to je dodatna opasnost, uz to sadr\u017eaji koji imaju traumatizaciju usporavaju ih i imaju na njih negativni utjecaj &#8211; rekao je Mili\u0107.<\/p>\n\n\n\n<p>Savjet<br>Logopedi poru\u010duju roditeljima da provode \u0161to vi\u0161e kvalitetnog vremena s djecom.<\/p>\n\n\n\n<p>&nbsp;&#8211; Ograni\u010dite upotrebu multimedijalnih sadr\u017eaja, uklju\u010dite djecu u sve aktivnosti kojima se bavite, omogu\u0107ite im da \u0161to vi\u0161e vremena provode vani &#8211; da tr\u010de, ska\u010du pa \u010dak i padaju, jer djeca u\u010de iz iskustva. I ono najva\u017enije, pri\u010dajte djeci i s djecom &#8211; nagla\u0161ava Marina Gavri\u0107 Govedarica.<\/p>\n\n\n\n<p>Izvor:glas srpske<\/p>\n","protected":false},"excerpt":{"rendered":"<p>Prekomjerno kori\u0161tenje mobilnih telefona i manjak fizi\u010dke aktivnosti glavni su uzroci govornih problema sve vi\u0161e mali\u0161ana u Srpskoj, \u0161to su pokazali i rezultati sistematskih pregleda za upis u \u0161kolu. Specijalista pedijatar u banjalu\u010dkom Domu zdravlja Milka \u0106ojanovi\u0107 za \u201cGlas Srpske\u201d ka\u017ee da suvremeni na\u010din \u017eivota \u010desto prepreka zdravog odrastanja, jer djeca ve\u0107 od devetog mjeseca [&hellip;]<\/p>\n","protected":false},"author":2,"featured_media":133257,"comment_status":"closed","ping_status":"closed","sticky":false,"template":"","format":"standard","meta":{"h5ap_radio_sources":[],"footnotes":""},"categories":[1],"tags":[],"class_list":["post-133256","post","type-post","status-publish","format-standard","has-post-thumbnail","hentry","category-bihiregija"],"yoast_head":"<!-- This site is optimized with the Yoast SEO plugin v27.5 - https:\/\/yoast.com\/product\/yoast-seo-wordpress\/ -->\n<title>Sve vi\u0161e djece ima govorne pote\u0161ko\u0107e: Telefon mali\u0161ane \u0161alje logopedu - RADIO LJUBU\u0160KI<\/title>\n<meta name=\"robots\" content=\"index, follow, max-snippet:-1, max-image-preview:large, max-video-preview:-1\" \/>\n<link rel=\"canonical\" href=\"https:\/\/radioljubuski.ba\/index.php\/2022\/04\/16\/sve-vise-djece-ima-govorne-poteskoce-telefon-malisane-salje-logopedu\/\" \/>\n<meta property=\"og:locale\" content=\"hr_HR\" \/>\n<meta property=\"og:type\" content=\"article\" \/>\n<meta property=\"og:title\" content=\"Sve vi\u0161e djece ima govorne pote\u0161ko\u0107e: Telefon mali\u0161ane \u0161alje logopedu - RADIO LJUBU\u0160KI\" \/>\n<meta property=\"og:description\" content=\"Prekomjerno kori\u0161tenje mobilnih telefona i manjak fizi\u010dke aktivnosti glavni su uzroci govornih problema sve vi\u0161e mali\u0161ana u Srpskoj, \u0161to su pokazali i rezultati sistematskih pregleda za upis u \u0161kolu. Specijalista pedijatar u banjalu\u010dkom Domu zdravlja Milka \u0106ojanovi\u0107 za \u201cGlas Srpske\u201d ka\u017ee da suvremeni na\u010din \u017eivota \u010desto prepreka zdravog odrastanja, jer djeca ve\u0107 od devetog mjeseca [&hellip;]\" \/>\n<meta property=\"og:url\" content=\"https:\/\/radioljubuski.ba\/index.php\/2022\/04\/16\/sve-vise-djece-ima-govorne-poteskoce-telefon-malisane-salje-logopedu\/\" \/>\n<meta property=\"og:site_name\" content=\"RADIO LJUBU\u0160KI\" \/>\n<meta property=\"article:publisher\" content=\"https:\/\/www.facebook.com\/Radiio-Ljubuski-1490835324566332\" \/>\n<meta property=\"article:published_time\" content=\"2022-04-16T21:54:35+00:00\" \/>\n<meta property=\"og:image\" content=\"https:\/\/radioljubuski.ba\/wp-content\/uploads\/2022\/04\/2-2022-04-16-08-40-43-20220415232717_407157.jpg\" \/>\n\t<meta property=\"og:image:width\" content=\"1000\" \/>\n\t<meta property=\"og:image:height\" content=\"625\" \/>\n\t<meta property=\"og:image:type\" content=\"image\/jpeg\" \/>\n<meta name=\"author\" content=\"Radio Ljubu\u0161ki\" \/>\n<meta name=\"twitter:card\" content=\"summary_large_image\" \/>\n<meta name=\"twitter:creator\" content=\"@radioljubuski\" \/>\n<meta name=\"twitter:site\" content=\"@radioljubuski\" \/>\n<meta name=\"twitter:label1\" content=\"Napisao\/la\" \/>\n\t<meta name=\"twitter:data1\" content=\"Radio Ljubu\u0161ki\" \/>\n\t<meta name=\"twitter:label2\" content=\"Procijenjeno vrijeme \u010ditanja\" \/>\n\t<meta name=\"twitter:data2\" content=\"3 minute\" \/>\n<script type=\"application\/ld+json\" class=\"yoast-schema-graph\">{\"@context\":\"https:\\\/\\\/schema.org\",\"@graph\":[{\"@type\":\"Article\",\"@id\":\"https:\\\/\\\/radioljubuski.ba\\\/index.php\\\/2022\\\/04\\\/16\\\/sve-vise-djece-ima-govorne-poteskoce-telefon-malisane-salje-logopedu\\\/#article\",\"isPartOf\":{\"@id\":\"https:\\\/\\\/radioljubuski.ba\\\/index.php\\\/2022\\\/04\\\/16\\\/sve-vise-djece-ima-govorne-poteskoce-telefon-malisane-salje-logopedu\\\/\"},\"author\":{\"name\":\"Radio Ljubu\u0161ki\",\"@id\":\"https:\\\/\\\/radioljubuski.ba\\\/#\\\/schema\\\/person\\\/19fc700381a780f69665d7956c469e3b\"},\"headline\":\"Sve vi\u0161e djece ima govorne pote\u0161ko\u0107e: Telefon mali\u0161ane \u0161alje logopedu\",\"datePublished\":\"2022-04-16T21:54:35+00:00\",\"mainEntityOfPage\":{\"@id\":\"https:\\\/\\\/radioljubuski.ba\\\/index.php\\\/2022\\\/04\\\/16\\\/sve-vise-djece-ima-govorne-poteskoce-telefon-malisane-salje-logopedu\\\/\"},\"wordCount\":733,\"publisher\":{\"@id\":\"https:\\\/\\\/radioljubuski.ba\\\/#organization\"},\"image\":{\"@id\":\"https:\\\/\\\/radioljubuski.ba\\\/index.php\\\/2022\\\/04\\\/16\\\/sve-vise-djece-ima-govorne-poteskoce-telefon-malisane-salje-logopedu\\\/#primaryimage\"},\"thumbnailUrl\":\"https:\\\/\\\/radioljubuski.ba\\\/wp-content\\\/uploads\\\/2022\\\/04\\\/2-2022-04-16-08-40-43-20220415232717_407157.jpg\",\"articleSection\":[\"BIH i regija\"],\"inLanguage\":\"hr\"},{\"@type\":\"WebPage\",\"@id\":\"https:\\\/\\\/radioljubuski.ba\\\/index.php\\\/2022\\\/04\\\/16\\\/sve-vise-djece-ima-govorne-poteskoce-telefon-malisane-salje-logopedu\\\/\",\"url\":\"https:\\\/\\\/radioljubuski.ba\\\/index.php\\\/2022\\\/04\\\/16\\\/sve-vise-djece-ima-govorne-poteskoce-telefon-malisane-salje-logopedu\\\/\",\"name\":\"Sve vi\u0161e djece ima govorne pote\u0161ko\u0107e: Telefon mali\u0161ane \u0161alje logopedu - RADIO LJUBU\u0160KI\",\"isPartOf\":{\"@id\":\"https:\\\/\\\/radioljubuski.ba\\\/#website\"},\"primaryImageOfPage\":{\"@id\":\"https:\\\/\\\/radioljubuski.ba\\\/index.php\\\/2022\\\/04\\\/16\\\/sve-vise-djece-ima-govorne-poteskoce-telefon-malisane-salje-logopedu\\\/#primaryimage\"},\"image\":{\"@id\":\"https:\\\/\\\/radioljubuski.ba\\\/index.php\\\/2022\\\/04\\\/16\\\/sve-vise-djece-ima-govorne-poteskoce-telefon-malisane-salje-logopedu\\\/#primaryimage\"},\"thumbnailUrl\":\"https:\\\/\\\/radioljubuski.ba\\\/wp-content\\\/uploads\\\/2022\\\/04\\\/2-2022-04-16-08-40-43-20220415232717_407157.jpg\",\"datePublished\":\"2022-04-16T21:54:35+00:00\",\"breadcrumb\":{\"@id\":\"https:\\\/\\\/radioljubuski.ba\\\/index.php\\\/2022\\\/04\\\/16\\\/sve-vise-djece-ima-govorne-poteskoce-telefon-malisane-salje-logopedu\\\/#breadcrumb\"},\"inLanguage\":\"hr\",\"potentialAction\":[{\"@type\":\"ReadAction\",\"target\":[\"https:\\\/\\\/radioljubuski.ba\\\/index.php\\\/2022\\\/04\\\/16\\\/sve-vise-djece-ima-govorne-poteskoce-telefon-malisane-salje-logopedu\\\/\"]}]},{\"@type\":\"ImageObject\",\"inLanguage\":\"hr\",\"@id\":\"https:\\\/\\\/radioljubuski.ba\\\/index.php\\\/2022\\\/04\\\/16\\\/sve-vise-djece-ima-govorne-poteskoce-telefon-malisane-salje-logopedu\\\/#primaryimage\",\"url\":\"https:\\\/\\\/radioljubuski.ba\\\/wp-content\\\/uploads\\\/2022\\\/04\\\/2-2022-04-16-08-40-43-20220415232717_407157.jpg\",\"contentUrl\":\"https:\\\/\\\/radioljubuski.ba\\\/wp-content\\\/uploads\\\/2022\\\/04\\\/2-2022-04-16-08-40-43-20220415232717_407157.jpg\",\"width\":1000,\"height\":625},{\"@type\":\"BreadcrumbList\",\"@id\":\"https:\\\/\\\/radioljubuski.ba\\\/index.php\\\/2022\\\/04\\\/16\\\/sve-vise-djece-ima-govorne-poteskoce-telefon-malisane-salje-logopedu\\\/#breadcrumb\",\"itemListElement\":[{\"@type\":\"ListItem\",\"position\":1,\"name\":\"Po\u010detna stranica\",\"item\":\"https:\\\/\\\/radioljubuski.ba\\\/\"},{\"@type\":\"ListItem\",\"position\":2,\"name\":\"Sve vi\u0161e djece ima govorne pote\u0161ko\u0107e: Telefon mali\u0161ane \u0161alje logopedu\"}]},{\"@type\":\"WebSite\",\"@id\":\"https:\\\/\\\/radioljubuski.ba\\\/#website\",\"url\":\"https:\\\/\\\/radioljubuski.ba\\\/\",\"name\":\"Radio Ljubu\u0161ki\",\"description\":\"Sun\u010dana frekvencija Hercegovine\",\"publisher\":{\"@id\":\"https:\\\/\\\/radioljubuski.ba\\\/#organization\"},\"potentialAction\":[{\"@type\":\"SearchAction\",\"target\":{\"@type\":\"EntryPoint\",\"urlTemplate\":\"https:\\\/\\\/radioljubuski.ba\\\/?s={search_term_string}\"},\"query-input\":{\"@type\":\"PropertyValueSpecification\",\"valueRequired\":true,\"valueName\":\"search_term_string\"}}],\"inLanguage\":\"hr\"},{\"@type\":\"Organization\",\"@id\":\"https:\\\/\\\/radioljubuski.ba\\\/#organization\",\"name\":\"Radio Ljubu\u0161ki\",\"url\":\"https:\\\/\\\/radioljubuski.ba\\\/\",\"logo\":{\"@type\":\"ImageObject\",\"inLanguage\":\"hr\",\"@id\":\"https:\\\/\\\/radioljubuski.ba\\\/#\\\/schema\\\/logo\\\/image\\\/\",\"url\":\"https:\\\/\\\/radioljubuski.ba\\\/wp-content\\\/uploads\\\/2021\\\/02\\\/cropped-Radio_Ljubuski_logo1.jpg\",\"contentUrl\":\"https:\\\/\\\/radioljubuski.ba\\\/wp-content\\\/uploads\\\/2021\\\/02\\\/cropped-Radio_Ljubuski_logo1.jpg\",\"width\":512,\"height\":512,\"caption\":\"Radio Ljubu\u0161ki\"},\"image\":{\"@id\":\"https:\\\/\\\/radioljubuski.ba\\\/#\\\/schema\\\/logo\\\/image\\\/\"},\"sameAs\":[\"https:\\\/\\\/www.facebook.com\\\/Radiio-Ljubuski-1490835324566332\",\"https:\\\/\\\/x.com\\\/radioljubuski\",\"https:\\\/\\\/hr.linkedin.com\\\/company\\\/radio-ljubuski\",\"https:\\\/\\\/www.youtube.com\\\/channel\\\/UCHYaeO_n0Db3tjNGudGpXyw\"]},{\"@type\":\"Person\",\"@id\":\"https:\\\/\\\/radioljubuski.ba\\\/#\\\/schema\\\/person\\\/19fc700381a780f69665d7956c469e3b\",\"name\":\"Radio Ljubu\u0161ki\"}]}<\/script>\n<!-- \/ Yoast SEO plugin. -->","yoast_head_json":{"title":"Sve vi\u0161e djece ima govorne pote\u0161ko\u0107e: Telefon mali\u0161ane \u0161alje logopedu - RADIO LJUBU\u0160KI","robots":{"index":"index","follow":"follow","max-snippet":"max-snippet:-1","max-image-preview":"max-image-preview:large","max-video-preview":"max-video-preview:-1"},"canonical":"https:\/\/radioljubuski.ba\/index.php\/2022\/04\/16\/sve-vise-djece-ima-govorne-poteskoce-telefon-malisane-salje-logopedu\/","og_locale":"hr_HR","og_type":"article","og_title":"Sve vi\u0161e djece ima govorne pote\u0161ko\u0107e: Telefon mali\u0161ane \u0161alje logopedu - RADIO LJUBU\u0160KI","og_description":"Prekomjerno kori\u0161tenje mobilnih telefona i manjak fizi\u010dke aktivnosti glavni su uzroci govornih problema sve vi\u0161e mali\u0161ana u Srpskoj, \u0161to su pokazali i rezultati sistematskih pregleda za upis u \u0161kolu. Specijalista pedijatar u banjalu\u010dkom Domu zdravlja Milka \u0106ojanovi\u0107 za \u201cGlas Srpske\u201d ka\u017ee da suvremeni na\u010din \u017eivota \u010desto prepreka zdravog odrastanja, jer djeca ve\u0107 od devetog mjeseca [&hellip;]","og_url":"https:\/\/radioljubuski.ba\/index.php\/2022\/04\/16\/sve-vise-djece-ima-govorne-poteskoce-telefon-malisane-salje-logopedu\/","og_site_name":"RADIO LJUBU\u0160KI","article_publisher":"https:\/\/www.facebook.com\/Radiio-Ljubuski-1490835324566332","article_published_time":"2022-04-16T21:54:35+00:00","og_image":[{"width":1000,"height":625,"url":"https:\/\/radioljubuski.ba\/wp-content\/uploads\/2022\/04\/2-2022-04-16-08-40-43-20220415232717_407157.jpg","type":"image\/jpeg"}],"author":"Radio Ljubu\u0161ki","twitter_card":"summary_large_image","twitter_creator":"@radioljubuski","twitter_site":"@radioljubuski","twitter_misc":{"Napisao\/la":"Radio Ljubu\u0161ki","Procijenjeno vrijeme \u010ditanja":"3 minute"},"schema":{"@context":"https:\/\/schema.org","@graph":[{"@type":"Article","@id":"https:\/\/radioljubuski.ba\/index.php\/2022\/04\/16\/sve-vise-djece-ima-govorne-poteskoce-telefon-malisane-salje-logopedu\/#article","isPartOf":{"@id":"https:\/\/radioljubuski.ba\/index.php\/2022\/04\/16\/sve-vise-djece-ima-govorne-poteskoce-telefon-malisane-salje-logopedu\/"},"author":{"name":"Radio Ljubu\u0161ki","@id":"https:\/\/radioljubuski.ba\/#\/schema\/person\/19fc700381a780f69665d7956c469e3b"},"headline":"Sve vi\u0161e djece ima govorne pote\u0161ko\u0107e: Telefon mali\u0161ane \u0161alje logopedu","datePublished":"2022-04-16T21:54:35+00:00","mainEntityOfPage":{"@id":"https:\/\/radioljubuski.ba\/index.php\/2022\/04\/16\/sve-vise-djece-ima-govorne-poteskoce-telefon-malisane-salje-logopedu\/"},"wordCount":733,"publisher":{"@id":"https:\/\/radioljubuski.ba\/#organization"},"image":{"@id":"https:\/\/radioljubuski.ba\/index.php\/2022\/04\/16\/sve-vise-djece-ima-govorne-poteskoce-telefon-malisane-salje-logopedu\/#primaryimage"},"thumbnailUrl":"https:\/\/radioljubuski.ba\/wp-content\/uploads\/2022\/04\/2-2022-04-16-08-40-43-20220415232717_407157.jpg","articleSection":["BIH i regija"],"inLanguage":"hr"},{"@type":"WebPage","@id":"https:\/\/radioljubuski.ba\/index.php\/2022\/04\/16\/sve-vise-djece-ima-govorne-poteskoce-telefon-malisane-salje-logopedu\/","url":"https:\/\/radioljubuski.ba\/index.php\/2022\/04\/16\/sve-vise-djece-ima-govorne-poteskoce-telefon-malisane-salje-logopedu\/","name":"Sve vi\u0161e djece ima govorne pote\u0161ko\u0107e: Telefon mali\u0161ane \u0161alje logopedu - RADIO LJUBU\u0160KI","isPartOf":{"@id":"https:\/\/radioljubuski.ba\/#website"},"primaryImageOfPage":{"@id":"https:\/\/radioljubuski.ba\/index.php\/2022\/04\/16\/sve-vise-djece-ima-govorne-poteskoce-telefon-malisane-salje-logopedu\/#primaryimage"},"image":{"@id":"https:\/\/radioljubuski.ba\/index.php\/2022\/04\/16\/sve-vise-djece-ima-govorne-poteskoce-telefon-malisane-salje-logopedu\/#primaryimage"},"thumbnailUrl":"https:\/\/radioljubuski.ba\/wp-content\/uploads\/2022\/04\/2-2022-04-16-08-40-43-20220415232717_407157.jpg","datePublished":"2022-04-16T21:54:35+00:00","breadcrumb":{"@id":"https:\/\/radioljubuski.ba\/index.php\/2022\/04\/16\/sve-vise-djece-ima-govorne-poteskoce-telefon-malisane-salje-logopedu\/#breadcrumb"},"inLanguage":"hr","potentialAction":[{"@type":"ReadAction","target":["https:\/\/radioljubuski.ba\/index.php\/2022\/04\/16\/sve-vise-djece-ima-govorne-poteskoce-telefon-malisane-salje-logopedu\/"]}]},{"@type":"ImageObject","inLanguage":"hr","@id":"https:\/\/radioljubuski.ba\/index.php\/2022\/04\/16\/sve-vise-djece-ima-govorne-poteskoce-telefon-malisane-salje-logopedu\/#primaryimage","url":"https:\/\/radioljubuski.ba\/wp-content\/uploads\/2022\/04\/2-2022-04-16-08-40-43-20220415232717_407157.jpg","contentUrl":"https:\/\/radioljubuski.ba\/wp-content\/uploads\/2022\/04\/2-2022-04-16-08-40-43-20220415232717_407157.jpg","width":1000,"height":625},{"@type":"BreadcrumbList","@id":"https:\/\/radioljubuski.ba\/index.php\/2022\/04\/16\/sve-vise-djece-ima-govorne-poteskoce-telefon-malisane-salje-logopedu\/#breadcrumb","itemListElement":[{"@type":"ListItem","position":1,"name":"Po\u010detna stranica","item":"https:\/\/radioljubuski.ba\/"},{"@type":"ListItem","position":2,"name":"Sve vi\u0161e djece ima govorne pote\u0161ko\u0107e: Telefon mali\u0161ane \u0161alje logopedu"}]},{"@type":"WebSite","@id":"https:\/\/radioljubuski.ba\/#website","url":"https:\/\/radioljubuski.ba\/","name":"Radio Ljubu\u0161ki","description":"Sun\u010dana frekvencija Hercegovine","publisher":{"@id":"https:\/\/radioljubuski.ba\/#organization"},"potentialAction":[{"@type":"SearchAction","target":{"@type":"EntryPoint","urlTemplate":"https:\/\/radioljubuski.ba\/?s={search_term_string}"},"query-input":{"@type":"PropertyValueSpecification","valueRequired":true,"valueName":"search_term_string"}}],"inLanguage":"hr"},{"@type":"Organization","@id":"https:\/\/radioljubuski.ba\/#organization","name":"Radio Ljubu\u0161ki","url":"https:\/\/radioljubuski.ba\/","logo":{"@type":"ImageObject","inLanguage":"hr","@id":"https:\/\/radioljubuski.ba\/#\/schema\/logo\/image\/","url":"https:\/\/radioljubuski.ba\/wp-content\/uploads\/2021\/02\/cropped-Radio_Ljubuski_logo1.jpg","contentUrl":"https:\/\/radioljubuski.ba\/wp-content\/uploads\/2021\/02\/cropped-Radio_Ljubuski_logo1.jpg","width":512,"height":512,"caption":"Radio Ljubu\u0161ki"},"image":{"@id":"https:\/\/radioljubuski.ba\/#\/schema\/logo\/image\/"},"sameAs":["https:\/\/www.facebook.com\/Radiio-Ljubuski-1490835324566332","https:\/\/x.com\/radioljubuski","https:\/\/hr.linkedin.com\/company\/radio-ljubuski","https:\/\/www.youtube.com\/channel\/UCHYaeO_n0Db3tjNGudGpXyw"]},{"@type":"Person","@id":"https:\/\/radioljubuski.ba\/#\/schema\/person\/19fc700381a780f69665d7956c469e3b","name":"Radio Ljubu\u0161ki"}]}},"_links":{"self":[{"href":"https:\/\/radioljubuski.ba\/index.php\/wp-json\/wp\/v2\/posts\/133256","targetHints":{"allow":["GET"]}}],"collection":[{"href":"https:\/\/radioljubuski.ba\/index.php\/wp-json\/wp\/v2\/posts"}],"about":[{"href":"https:\/\/radioljubuski.ba\/index.php\/wp-json\/wp\/v2\/types\/post"}],"author":[{"embeddable":true,"href":"https:\/\/radioljubuski.ba\/index.php\/wp-json\/wp\/v2\/users\/2"}],"replies":[{"embeddable":true,"href":"https:\/\/radioljubuski.ba\/index.php\/wp-json\/wp\/v2\/comments?post=133256"}],"version-history":[{"count":1,"href":"https:\/\/radioljubuski.ba\/index.php\/wp-json\/wp\/v2\/posts\/133256\/revisions"}],"predecessor-version":[{"id":133258,"href":"https:\/\/radioljubuski.ba\/index.php\/wp-json\/wp\/v2\/posts\/133256\/revisions\/133258"}],"wp:featuredmedia":[{"embeddable":true,"href":"https:\/\/radioljubuski.ba\/index.php\/wp-json\/wp\/v2\/media\/133257"}],"wp:attachment":[{"href":"https:\/\/radioljubuski.ba\/index.php\/wp-json\/wp\/v2\/media?parent=133256"}],"wp:term":[{"taxonomy":"category","embeddable":true,"href":"https:\/\/radioljubuski.ba\/index.php\/wp-json\/wp\/v2\/categories?post=133256"},{"taxonomy":"post_tag","embeddable":true,"href":"https:\/\/radioljubuski.ba\/index.php\/wp-json\/wp\/v2\/tags?post=133256"}],"curies":[{"name":"wp","href":"https:\/\/api.w.org\/{rel}","templated":true}]}}