{"id":133264,"date":"2022-04-16T22:58:20","date_gmt":"2022-04-16T21:58:20","guid":{"rendered":"https:\/\/radioljubuski.ba\/?p=133264"},"modified":"2022-04-16T22:58:21","modified_gmt":"2022-04-16T21:58:21","slug":"rukometasice-zrinjskog-pobijedile-ilidzu","status":"publish","type":"post","link":"https:\/\/radioljubuski.ba\/index.php\/2022\/04\/16\/rukometasice-zrinjskog-pobijedile-ilidzu\/","title":{"rendered":"Rukometa\u0161ice Zrinjskog pobijedile Ilid\u017eu"},"content":{"rendered":"\n<p>Nakon \u0161to su u pro\u0161lom kolu ostvarile pobjedu nad ekipom Leotara, Plemkinje su na svome terenu u okviru 18. kola rukometne Premijer lige za \u017eene do\u010dekale ekipu \u017dRK Ilid\u017eu. Igra\u010dice Ivane Mlaki\u0107 od samog po\u010detka pokazale su bolju igru te na predah oti\u0161le s predno\u0161\u0107u u 4 gola, odnosno 11:7.<\/p>\n\n\n\n<p>U nastavku susreta rukometa\u0161ice Zrinjskog imale su prednost od 18:13. Me\u0111utim, go\u0161\u0107e su poku\u0161ale napraviti utakmicu neizvjesnom, ali jedino \u0161to im je po\u0161lo za rukom je to da su do\u0161le do dva gola zaostatka. Do kraja susreta Plemikinje nisu dozvolile iznena\u0111enje, te su utakmicu mirno privele kraju za kona\u010dnih 23:17.&nbsp;<\/p>\n\n\n\n<p>Plemkinje su do pobjede vodile Milanovi\u0107 sa 6, Rado\u0161 s 5 i Rozi\u0107 s 4 gola. Kolobari\u0107, \u010cajdin i Radi\u0107 su dale po 2, a Raji\u010d i Anja Bla\u017eevi\u0107 po 1. Go\u0161\u0107e su predvodile Im\u0161irovi\u0107 sa 6 i Bujak s 5 pogodaka.<\/p>\n\n\n\n<p>\u201cDogovor koji smo imali u svla\u010dionici nismo ispo\u0161tovali i to je na kraju rezultiralo porazom. \u017delim \u010destitati ekipi H\u017dRK Zrinjskog na zaslu\u017eenoj pobjedi. Mi se okre\u0107emo dalje, imamo jo\u0161 tri kola i zavr\u0161it \u0107emo polako. Do kraja prvenstva imamo dva gostovanja &#8211; Banja Luka i Grude i Kne\u017eopljoku. Cilj je pobijediti Kne\u017eopoljku i imamo final four kupa. Tu \u0107emo probati tra\u017eiti svoje ambicije i napraviti ne\u0161to.\u201d &#8211; izjavio je nakon susreta trener \u017dRK Ilid\u017ea Velibor Baru\u010dija.<\/p>\n\n\n\n<p>\u201cUtakmica nije bila kako sam ja o\u010dekivala. Bilo je puno nervoze u igri, prije svega u mojoj ekipi. S obzirom na to da smo mlada ekipa, to je nekako za o\u010dekivati. Pro\u0161lu utakmicu, koja nam je bila utakmica sezone smo pobijedili i osigurali opstanak. Tako da sada mo\u017eemo mirno privesti sezonu kraju i raditi pripreme za sljede\u0107u.\u201d &#8211; izjavila je trenerica H\u017dRK Zrinjski Ivana Mlaki\u0107<\/p>\n\n\n\n<p>Izvor:pogled.ba<\/p>\n","protected":false},"excerpt":{"rendered":"<p>Nakon \u0161to su u pro\u0161lom kolu ostvarile pobjedu nad ekipom Leotara, Plemkinje su na svome terenu u okviru 18. kola rukometne Premijer lige za \u017eene do\u010dekale ekipu \u017dRK Ilid\u017eu. Igra\u010dice Ivane Mlaki\u0107 od samog po\u010detka pokazale su bolju igru te na predah oti\u0161le s predno\u0161\u0107u u 4 gola, odnosno 11:7. U nastavku susreta rukometa\u0161ice Zrinjskog [&hellip;]<\/p>\n","protected":false},"author":2,"featured_media":133265,"comment_status":"closed","ping_status":"closed","sticky":false,"template":"","format":"standard","meta":{"h5ap_radio_sources":[],"footnotes":""},"categories":[7],"tags":[],"class_list":["post-133264","post","type-post","status-publish","format-standard","has-post-thumbnail","hentry","category-sport"],"yoast_head":"<!-- This site is optimized with the Yoast SEO plugin v27.5 - https:\/\/yoast.com\/product\/yoast-seo-wordpress\/ -->\n<title>Rukometa\u0161ice Zrinjskog pobijedile Ilid\u017eu - RADIO LJUBU\u0160KI<\/title>\n<meta name=\"robots\" content=\"index, follow, max-snippet:-1, max-image-preview:large, max-video-preview:-1\" \/>\n<link rel=\"canonical\" href=\"https:\/\/radioljubuski.ba\/index.php\/2022\/04\/16\/rukometasice-zrinjskog-pobijedile-ilidzu\/\" \/>\n<meta property=\"og:locale\" content=\"hr_HR\" \/>\n<meta property=\"og:type\" content=\"article\" \/>\n<meta property=\"og:title\" content=\"Rukometa\u0161ice Zrinjskog pobijedile Ilid\u017eu - RADIO LJUBU\u0160KI\" \/>\n<meta property=\"og:description\" content=\"Nakon \u0161to su u pro\u0161lom kolu ostvarile pobjedu nad ekipom Leotara, Plemkinje su na svome terenu u okviru 18. kola rukometne Premijer lige za \u017eene do\u010dekale ekipu \u017dRK Ilid\u017eu. Igra\u010dice Ivane Mlaki\u0107 od samog po\u010detka pokazale su bolju igru te na predah oti\u0161le s predno\u0161\u0107u u 4 gola, odnosno 11:7. U nastavku susreta rukometa\u0161ice Zrinjskog [&hellip;]\" \/>\n<meta property=\"og:url\" content=\"https:\/\/radioljubuski.ba\/index.php\/2022\/04\/16\/rukometasice-zrinjskog-pobijedile-ilidzu\/\" \/>\n<meta property=\"og:site_name\" content=\"RADIO LJUBU\u0160KI\" \/>\n<meta property=\"article:publisher\" content=\"https:\/\/www.facebook.com\/Radiio-Ljubuski-1490835324566332\" \/>\n<meta property=\"article:published_time\" content=\"2022-04-16T21:58:20+00:00\" \/>\n<meta property=\"article:modified_time\" content=\"2022-04-16T21:58:21+00:00\" \/>\n<meta property=\"og:image\" content=\"https:\/\/radioljubuski.ba\/wp-content\/uploads\/2022\/04\/10-2022-04-15-22-56-31-b983159c-855b-45a8-a311-b81072ded11c.jpg\" \/>\n\t<meta property=\"og:image:width\" content=\"1000\" \/>\n\t<meta property=\"og:image:height\" content=\"625\" \/>\n\t<meta property=\"og:image:type\" content=\"image\/jpeg\" \/>\n<meta name=\"author\" content=\"Radio Ljubu\u0161ki\" \/>\n<meta name=\"twitter:card\" content=\"summary_large_image\" \/>\n<meta name=\"twitter:creator\" content=\"@radioljubuski\" \/>\n<meta name=\"twitter:site\" content=\"@radioljubuski\" \/>\n<meta name=\"twitter:label1\" content=\"Napisao\/la\" \/>\n\t<meta name=\"twitter:data1\" content=\"Radio Ljubu\u0161ki\" \/>\n\t<meta name=\"twitter:label2\" content=\"Procijenjeno vrijeme \u010ditanja\" \/>\n\t<meta name=\"twitter:data2\" content=\"2 minute\" \/>\n<script type=\"application\/ld+json\" class=\"yoast-schema-graph\">{\"@context\":\"https:\\\/\\\/schema.org\",\"@graph\":[{\"@type\":\"Article\",\"@id\":\"https:\\\/\\\/radioljubuski.ba\\\/index.php\\\/2022\\\/04\\\/16\\\/rukometasice-zrinjskog-pobijedile-ilidzu\\\/#article\",\"isPartOf\":{\"@id\":\"https:\\\/\\\/radioljubuski.ba\\\/index.php\\\/2022\\\/04\\\/16\\\/rukometasice-zrinjskog-pobijedile-ilidzu\\\/\"},\"author\":{\"name\":\"Radio Ljubu\u0161ki\",\"@id\":\"https:\\\/\\\/radioljubuski.ba\\\/#\\\/schema\\\/person\\\/19fc700381a780f69665d7956c469e3b\"},\"headline\":\"Rukometa\u0161ice Zrinjskog pobijedile Ilid\u017eu\",\"datePublished\":\"2022-04-16T21:58:20+00:00\",\"dateModified\":\"2022-04-16T21:58:21+00:00\",\"mainEntityOfPage\":{\"@id\":\"https:\\\/\\\/radioljubuski.ba\\\/index.php\\\/2022\\\/04\\\/16\\\/rukometasice-zrinjskog-pobijedile-ilidzu\\\/\"},\"wordCount\":317,\"publisher\":{\"@id\":\"https:\\\/\\\/radioljubuski.ba\\\/#organization\"},\"image\":{\"@id\":\"https:\\\/\\\/radioljubuski.ba\\\/index.php\\\/2022\\\/04\\\/16\\\/rukometasice-zrinjskog-pobijedile-ilidzu\\\/#primaryimage\"},\"thumbnailUrl\":\"https:\\\/\\\/radioljubuski.ba\\\/wp-content\\\/uploads\\\/2022\\\/04\\\/10-2022-04-15-22-56-31-b983159c-855b-45a8-a311-b81072ded11c.jpg\",\"articleSection\":[\"\u0160port\"],\"inLanguage\":\"hr\"},{\"@type\":\"WebPage\",\"@id\":\"https:\\\/\\\/radioljubuski.ba\\\/index.php\\\/2022\\\/04\\\/16\\\/rukometasice-zrinjskog-pobijedile-ilidzu\\\/\",\"url\":\"https:\\\/\\\/radioljubuski.ba\\\/index.php\\\/2022\\\/04\\\/16\\\/rukometasice-zrinjskog-pobijedile-ilidzu\\\/\",\"name\":\"Rukometa\u0161ice Zrinjskog pobijedile Ilid\u017eu - RADIO LJUBU\u0160KI\",\"isPartOf\":{\"@id\":\"https:\\\/\\\/radioljubuski.ba\\\/#website\"},\"primaryImageOfPage\":{\"@id\":\"https:\\\/\\\/radioljubuski.ba\\\/index.php\\\/2022\\\/04\\\/16\\\/rukometasice-zrinjskog-pobijedile-ilidzu\\\/#primaryimage\"},\"image\":{\"@id\":\"https:\\\/\\\/radioljubuski.ba\\\/index.php\\\/2022\\\/04\\\/16\\\/rukometasice-zrinjskog-pobijedile-ilidzu\\\/#primaryimage\"},\"thumbnailUrl\":\"https:\\\/\\\/radioljubuski.ba\\\/wp-content\\\/uploads\\\/2022\\\/04\\\/10-2022-04-15-22-56-31-b983159c-855b-45a8-a311-b81072ded11c.jpg\",\"datePublished\":\"2022-04-16T21:58:20+00:00\",\"dateModified\":\"2022-04-16T21:58:21+00:00\",\"breadcrumb\":{\"@id\":\"https:\\\/\\\/radioljubuski.ba\\\/index.php\\\/2022\\\/04\\\/16\\\/rukometasice-zrinjskog-pobijedile-ilidzu\\\/#breadcrumb\"},\"inLanguage\":\"hr\",\"potentialAction\":[{\"@type\":\"ReadAction\",\"target\":[\"https:\\\/\\\/radioljubuski.ba\\\/index.php\\\/2022\\\/04\\\/16\\\/rukometasice-zrinjskog-pobijedile-ilidzu\\\/\"]}]},{\"@type\":\"ImageObject\",\"inLanguage\":\"hr\",\"@id\":\"https:\\\/\\\/radioljubuski.ba\\\/index.php\\\/2022\\\/04\\\/16\\\/rukometasice-zrinjskog-pobijedile-ilidzu\\\/#primaryimage\",\"url\":\"https:\\\/\\\/radioljubuski.ba\\\/wp-content\\\/uploads\\\/2022\\\/04\\\/10-2022-04-15-22-56-31-b983159c-855b-45a8-a311-b81072ded11c.jpg\",\"contentUrl\":\"https:\\\/\\\/radioljubuski.ba\\\/wp-content\\\/uploads\\\/2022\\\/04\\\/10-2022-04-15-22-56-31-b983159c-855b-45a8-a311-b81072ded11c.jpg\",\"width\":1000,\"height\":625},{\"@type\":\"BreadcrumbList\",\"@id\":\"https:\\\/\\\/radioljubuski.ba\\\/index.php\\\/2022\\\/04\\\/16\\\/rukometasice-zrinjskog-pobijedile-ilidzu\\\/#breadcrumb\",\"itemListElement\":[{\"@type\":\"ListItem\",\"position\":1,\"name\":\"Po\u010detna stranica\",\"item\":\"https:\\\/\\\/radioljubuski.ba\\\/\"},{\"@type\":\"ListItem\",\"position\":2,\"name\":\"Rukometa\u0161ice Zrinjskog pobijedile Ilid\u017eu\"}]},{\"@type\":\"WebSite\",\"@id\":\"https:\\\/\\\/radioljubuski.ba\\\/#website\",\"url\":\"https:\\\/\\\/radioljubuski.ba\\\/\",\"name\":\"Radio Ljubu\u0161ki\",\"description\":\"Sun\u010dana frekvencija Hercegovine\",\"publisher\":{\"@id\":\"https:\\\/\\\/radioljubuski.ba\\\/#organization\"},\"potentialAction\":[{\"@type\":\"SearchAction\",\"target\":{\"@type\":\"EntryPoint\",\"urlTemplate\":\"https:\\\/\\\/radioljubuski.ba\\\/?s={search_term_string}\"},\"query-input\":{\"@type\":\"PropertyValueSpecification\",\"valueRequired\":true,\"valueName\":\"search_term_string\"}}],\"inLanguage\":\"hr\"},{\"@type\":\"Organization\",\"@id\":\"https:\\\/\\\/radioljubuski.ba\\\/#organization\",\"name\":\"Radio Ljubu\u0161ki\",\"url\":\"https:\\\/\\\/radioljubuski.ba\\\/\",\"logo\":{\"@type\":\"ImageObject\",\"inLanguage\":\"hr\",\"@id\":\"https:\\\/\\\/radioljubuski.ba\\\/#\\\/schema\\\/logo\\\/image\\\/\",\"url\":\"https:\\\/\\\/radioljubuski.ba\\\/wp-content\\\/uploads\\\/2021\\\/02\\\/cropped-Radio_Ljubuski_logo1.jpg\",\"contentUrl\":\"https:\\\/\\\/radioljubuski.ba\\\/wp-content\\\/uploads\\\/2021\\\/02\\\/cropped-Radio_Ljubuski_logo1.jpg\",\"width\":512,\"height\":512,\"caption\":\"Radio Ljubu\u0161ki\"},\"image\":{\"@id\":\"https:\\\/\\\/radioljubuski.ba\\\/#\\\/schema\\\/logo\\\/image\\\/\"},\"sameAs\":[\"https:\\\/\\\/www.facebook.com\\\/Radiio-Ljubuski-1490835324566332\",\"https:\\\/\\\/x.com\\\/radioljubuski\",\"https:\\\/\\\/hr.linkedin.com\\\/company\\\/radio-ljubuski\",\"https:\\\/\\\/www.youtube.com\\\/channel\\\/UCHYaeO_n0Db3tjNGudGpXyw\"]},{\"@type\":\"Person\",\"@id\":\"https:\\\/\\\/radioljubuski.ba\\\/#\\\/schema\\\/person\\\/19fc700381a780f69665d7956c469e3b\",\"name\":\"Radio Ljubu\u0161ki\"}]}<\/script>\n<!-- \/ Yoast SEO plugin. -->","yoast_head_json":{"title":"Rukometa\u0161ice Zrinjskog pobijedile Ilid\u017eu - RADIO LJUBU\u0160KI","robots":{"index":"index","follow":"follow","max-snippet":"max-snippet:-1","max-image-preview":"max-image-preview:large","max-video-preview":"max-video-preview:-1"},"canonical":"https:\/\/radioljubuski.ba\/index.php\/2022\/04\/16\/rukometasice-zrinjskog-pobijedile-ilidzu\/","og_locale":"hr_HR","og_type":"article","og_title":"Rukometa\u0161ice Zrinjskog pobijedile Ilid\u017eu - RADIO LJUBU\u0160KI","og_description":"Nakon \u0161to su u pro\u0161lom kolu ostvarile pobjedu nad ekipom Leotara, Plemkinje su na svome terenu u okviru 18. kola rukometne Premijer lige za \u017eene do\u010dekale ekipu \u017dRK Ilid\u017eu. Igra\u010dice Ivane Mlaki\u0107 od samog po\u010detka pokazale su bolju igru te na predah oti\u0161le s predno\u0161\u0107u u 4 gola, odnosno 11:7. U nastavku susreta rukometa\u0161ice Zrinjskog [&hellip;]","og_url":"https:\/\/radioljubuski.ba\/index.php\/2022\/04\/16\/rukometasice-zrinjskog-pobijedile-ilidzu\/","og_site_name":"RADIO LJUBU\u0160KI","article_publisher":"https:\/\/www.facebook.com\/Radiio-Ljubuski-1490835324566332","article_published_time":"2022-04-16T21:58:20+00:00","article_modified_time":"2022-04-16T21:58:21+00:00","og_image":[{"width":1000,"height":625,"url":"https:\/\/radioljubuski.ba\/wp-content\/uploads\/2022\/04\/10-2022-04-15-22-56-31-b983159c-855b-45a8-a311-b81072ded11c.jpg","type":"image\/jpeg"}],"author":"Radio Ljubu\u0161ki","twitter_card":"summary_large_image","twitter_creator":"@radioljubuski","twitter_site":"@radioljubuski","twitter_misc":{"Napisao\/la":"Radio Ljubu\u0161ki","Procijenjeno vrijeme \u010ditanja":"2 minute"},"schema":{"@context":"https:\/\/schema.org","@graph":[{"@type":"Article","@id":"https:\/\/radioljubuski.ba\/index.php\/2022\/04\/16\/rukometasice-zrinjskog-pobijedile-ilidzu\/#article","isPartOf":{"@id":"https:\/\/radioljubuski.ba\/index.php\/2022\/04\/16\/rukometasice-zrinjskog-pobijedile-ilidzu\/"},"author":{"name":"Radio Ljubu\u0161ki","@id":"https:\/\/radioljubuski.ba\/#\/schema\/person\/19fc700381a780f69665d7956c469e3b"},"headline":"Rukometa\u0161ice Zrinjskog pobijedile Ilid\u017eu","datePublished":"2022-04-16T21:58:20+00:00","dateModified":"2022-04-16T21:58:21+00:00","mainEntityOfPage":{"@id":"https:\/\/radioljubuski.ba\/index.php\/2022\/04\/16\/rukometasice-zrinjskog-pobijedile-ilidzu\/"},"wordCount":317,"publisher":{"@id":"https:\/\/radioljubuski.ba\/#organization"},"image":{"@id":"https:\/\/radioljubuski.ba\/index.php\/2022\/04\/16\/rukometasice-zrinjskog-pobijedile-ilidzu\/#primaryimage"},"thumbnailUrl":"https:\/\/radioljubuski.ba\/wp-content\/uploads\/2022\/04\/10-2022-04-15-22-56-31-b983159c-855b-45a8-a311-b81072ded11c.jpg","articleSection":["\u0160port"],"inLanguage":"hr"},{"@type":"WebPage","@id":"https:\/\/radioljubuski.ba\/index.php\/2022\/04\/16\/rukometasice-zrinjskog-pobijedile-ilidzu\/","url":"https:\/\/radioljubuski.ba\/index.php\/2022\/04\/16\/rukometasice-zrinjskog-pobijedile-ilidzu\/","name":"Rukometa\u0161ice Zrinjskog pobijedile Ilid\u017eu - RADIO LJUBU\u0160KI","isPartOf":{"@id":"https:\/\/radioljubuski.ba\/#website"},"primaryImageOfPage":{"@id":"https:\/\/radioljubuski.ba\/index.php\/2022\/04\/16\/rukometasice-zrinjskog-pobijedile-ilidzu\/#primaryimage"},"image":{"@id":"https:\/\/radioljubuski.ba\/index.php\/2022\/04\/16\/rukometasice-zrinjskog-pobijedile-ilidzu\/#primaryimage"},"thumbnailUrl":"https:\/\/radioljubuski.ba\/wp-content\/uploads\/2022\/04\/10-2022-04-15-22-56-31-b983159c-855b-45a8-a311-b81072ded11c.jpg","datePublished":"2022-04-16T21:58:20+00:00","dateModified":"2022-04-16T21:58:21+00:00","breadcrumb":{"@id":"https:\/\/radioljubuski.ba\/index.php\/2022\/04\/16\/rukometasice-zrinjskog-pobijedile-ilidzu\/#breadcrumb"},"inLanguage":"hr","potentialAction":[{"@type":"ReadAction","target":["https:\/\/radioljubuski.ba\/index.php\/2022\/04\/16\/rukometasice-zrinjskog-pobijedile-ilidzu\/"]}]},{"@type":"ImageObject","inLanguage":"hr","@id":"https:\/\/radioljubuski.ba\/index.php\/2022\/04\/16\/rukometasice-zrinjskog-pobijedile-ilidzu\/#primaryimage","url":"https:\/\/radioljubuski.ba\/wp-content\/uploads\/2022\/04\/10-2022-04-15-22-56-31-b983159c-855b-45a8-a311-b81072ded11c.jpg","contentUrl":"https:\/\/radioljubuski.ba\/wp-content\/uploads\/2022\/04\/10-2022-04-15-22-56-31-b983159c-855b-45a8-a311-b81072ded11c.jpg","width":1000,"height":625},{"@type":"BreadcrumbList","@id":"https:\/\/radioljubuski.ba\/index.php\/2022\/04\/16\/rukometasice-zrinjskog-pobijedile-ilidzu\/#breadcrumb","itemListElement":[{"@type":"ListItem","position":1,"name":"Po\u010detna stranica","item":"https:\/\/radioljubuski.ba\/"},{"@type":"ListItem","position":2,"name":"Rukometa\u0161ice Zrinjskog pobijedile Ilid\u017eu"}]},{"@type":"WebSite","@id":"https:\/\/radioljubuski.ba\/#website","url":"https:\/\/radioljubuski.ba\/","name":"Radio Ljubu\u0161ki","description":"Sun\u010dana frekvencija Hercegovine","publisher":{"@id":"https:\/\/radioljubuski.ba\/#organization"},"potentialAction":[{"@type":"SearchAction","target":{"@type":"EntryPoint","urlTemplate":"https:\/\/radioljubuski.ba\/?s={search_term_string}"},"query-input":{"@type":"PropertyValueSpecification","valueRequired":true,"valueName":"search_term_string"}}],"inLanguage":"hr"},{"@type":"Organization","@id":"https:\/\/radioljubuski.ba\/#organization","name":"Radio Ljubu\u0161ki","url":"https:\/\/radioljubuski.ba\/","logo":{"@type":"ImageObject","inLanguage":"hr","@id":"https:\/\/radioljubuski.ba\/#\/schema\/logo\/image\/","url":"https:\/\/radioljubuski.ba\/wp-content\/uploads\/2021\/02\/cropped-Radio_Ljubuski_logo1.jpg","contentUrl":"https:\/\/radioljubuski.ba\/wp-content\/uploads\/2021\/02\/cropped-Radio_Ljubuski_logo1.jpg","width":512,"height":512,"caption":"Radio Ljubu\u0161ki"},"image":{"@id":"https:\/\/radioljubuski.ba\/#\/schema\/logo\/image\/"},"sameAs":["https:\/\/www.facebook.com\/Radiio-Ljubuski-1490835324566332","https:\/\/x.com\/radioljubuski","https:\/\/hr.linkedin.com\/company\/radio-ljubuski","https:\/\/www.youtube.com\/channel\/UCHYaeO_n0Db3tjNGudGpXyw"]},{"@type":"Person","@id":"https:\/\/radioljubuski.ba\/#\/schema\/person\/19fc700381a780f69665d7956c469e3b","name":"Radio Ljubu\u0161ki"}]}},"_links":{"self":[{"href":"https:\/\/radioljubuski.ba\/index.php\/wp-json\/wp\/v2\/posts\/133264","targetHints":{"allow":["GET"]}}],"collection":[{"href":"https:\/\/radioljubuski.ba\/index.php\/wp-json\/wp\/v2\/posts"}],"about":[{"href":"https:\/\/radioljubuski.ba\/index.php\/wp-json\/wp\/v2\/types\/post"}],"author":[{"embeddable":true,"href":"https:\/\/radioljubuski.ba\/index.php\/wp-json\/wp\/v2\/users\/2"}],"replies":[{"embeddable":true,"href":"https:\/\/radioljubuski.ba\/index.php\/wp-json\/wp\/v2\/comments?post=133264"}],"version-history":[{"count":1,"href":"https:\/\/radioljubuski.ba\/index.php\/wp-json\/wp\/v2\/posts\/133264\/revisions"}],"predecessor-version":[{"id":133266,"href":"https:\/\/radioljubuski.ba\/index.php\/wp-json\/wp\/v2\/posts\/133264\/revisions\/133266"}],"wp:featuredmedia":[{"embeddable":true,"href":"https:\/\/radioljubuski.ba\/index.php\/wp-json\/wp\/v2\/media\/133265"}],"wp:attachment":[{"href":"https:\/\/radioljubuski.ba\/index.php\/wp-json\/wp\/v2\/media?parent=133264"}],"wp:term":[{"taxonomy":"category","embeddable":true,"href":"https:\/\/radioljubuski.ba\/index.php\/wp-json\/wp\/v2\/categories?post=133264"},{"taxonomy":"post_tag","embeddable":true,"href":"https:\/\/radioljubuski.ba\/index.php\/wp-json\/wp\/v2\/tags?post=133264"}],"curies":[{"name":"wp","href":"https:\/\/api.w.org\/{rel}","templated":true}]}}