{"id":133281,"date":"2022-04-17T12:24:42","date_gmt":"2022-04-17T11:24:42","guid":{"rendered":"https:\/\/radioljubuski.ba\/?p=133281"},"modified":"2022-04-20T13:29:52","modified_gmt":"2022-04-20T12:29:52","slug":"uskrs-na-humcu","status":"publish","type":"post","link":"https:\/\/radioljubuski.ba\/index.php\/2022\/04\/17\/uskrs-na-humcu\/","title":{"rendered":"Uskrs na Humcu"},"content":{"rendered":"\n<p>Danas je Uskrs, najve\u0107i kr\u0161\u0107anski blagdan, kojim se slavi sredi\u0161nji doga\u0111aj kr\u0161\u0107anstva &#8211; Kristovo uskrsnu\u0107e od mrtvih.<\/p>\n\n\n\n<p>Spomen na Kristovo uskrsnu\u0107e diljem svijeta slavi se sve\u010danim misama, a misu na Humcu predvodio je huma\u010dki gvardijan fra Dario Dodig.<\/p>\n\n\n\n<p>On je na po\u010detku mise u 11 sati najavio kako \u0107e po\u0161kropiti vjernike vodom koja je posve\u0107ena no\u0107 ranije, na Vazmenom bdijenju, a koja podsje\u0107a na kr\u0161tenje, a upravo danas je na Humcu kr\u0161teno sedmero djece.<\/p>\n\n\n\n<iframe loading=\"lazy\" src=\"https:\/\/www.facebook.com\/plugins\/post.php?href=https%3A%2F%2Fwww.facebook.com%2Fpermalink.php%3Fstory_fbid%3D10160370267090101%26id%3D168112865100&amp;show_text=true&amp;width=500\" style=\"border:none;overflow:hidden\" scrolling=\"no\" allowfullscreen=\"true\" allow=\"autoplay; clipboard-write; encrypted-media; picture-in-picture; web-share\" width=\"500\" height=\"645\" frameborder=\"0\"><\/iframe>\n\n\n\n<p>Tijekom propovijedi, fra Dario je istaknuo kako Uskrsnu\u0107e Gospodinovo slavimo kako bi nam Isus u\u010dvrstio i obnovio vjeru.&nbsp;<\/p>\n\n\n\n<p>\u201eZato slavimo Uskrsnu\u0107e Gospodinovo, okupljeni oko Krista uskrsloga da na\u0161u vjeru probudi, da na\u0161u vjeru u\u010dvrsti, da mu mo\u017eemo re\u0107i da je i na\u0161a vjera slaba, krhka, lomljiva. Da mo\u017eemo re\u0107i, znamo te Gospodine poput Petra zatajiti i zato smo ovdje Gospodine da nam probudi\u0161 vjeru i u\u010dvrsti\u0161 je\u201c, rekao je, me\u0111u ostalim fra Dario.<\/p>\n\n\n\n<p>Radio Ljubu\u0161ki je misu prenosio izravno u eter.<\/p>\n\n\n\n<iframe loading=\"lazy\" src=\"https:\/\/www.youtube.com\/embed\/bobnOknfiOI?start=439\" title=\"YouTube video player\" allow=\"accelerometer; autoplay; clipboard-write; encrypted-media; gyroscope; picture-in-picture\" allowfullscreen=\"\" width=\"560\" height=\"315\" frameborder=\"0\"><\/iframe>\n\n\n\n<p>Na Humcu je bilo sve\u010dano i kroz \u010ditavi Veliki tjedan i dane pred Uskrs.<\/p>\n\n\n\n<p>U fotogaleriji donosimo par slika s Velike subote i Velikog petka na Humcu<\/p>\n\n\n\n<iframe loading=\"lazy\" src=\"https:\/\/www.facebook.com\/plugins\/post.php?href=https%3A%2F%2Fwww.facebook.com%2Fpermalink.php%3Fstory_fbid%3D10160370138745101%26id%3D168112865100&amp;show_text=true&amp;width=500\" style=\"border:none;overflow:hidden\" scrolling=\"no\" allowfullscreen=\"true\" allow=\"autoplay; clipboard-write; encrypted-media; picture-in-picture; web-share\" width=\"500\" height=\"754\" frameborder=\"0\"><\/iframe>\n\n\n\n<iframe loading=\"lazy\" src=\"https:\/\/www.facebook.com\/plugins\/video.php?height=308&#038;href=https%3A%2F%2Fwww.facebook.com%2F1490835324566332%2Fvideos%2F358711946303327%2F&#038;show_text=false&#038;width=560&#038;t=0\" width=\"560\" height=\"308\" style=\"border:none;overflow:hidden\" scrolling=\"no\" frameborder=\"0\" allowfullscreen=\"true\" allow=\"autoplay; clipboard-write; encrypted-media; picture-in-picture; web-share\" allowFullScreen=\"true\"><\/iframe>\n\n\n\n<iframe loading=\"lazy\" src=\"https:\/\/www.facebook.com\/plugins\/post.php?href=https%3A%2F%2Fwww.facebook.com%2Ffranjevcihumac%2Fposts%2F1383341638803596&amp;show_text=true&amp;width=500\" style=\"border:none;overflow:hidden\" scrolling=\"no\" allowfullscreen=\"true\" allow=\"autoplay; clipboard-write; encrypted-media; picture-in-picture; web-share\" width=\"500\" height=\"658\" frameborder=\"0\"><\/iframe>\n","protected":false},"excerpt":{"rendered":"<p>Danas je Uskrs, najve\u0107i kr\u0161\u0107anski blagdan, kojim se slavi sredi\u0161nji doga\u0111aj kr\u0161\u0107anstva &#8211; Kristovo uskrsnu\u0107e od mrtvih. Spomen na Kristovo uskrsnu\u0107e diljem svijeta slavi se sve\u010danim misama, a misu na Humcu predvodio je huma\u010dki gvardijan fra Dario Dodig. On je na po\u010detku mise u 11 sati najavio kako \u0107e po\u0161kropiti vjernike vodom koja je posve\u0107ena [&hellip;]<\/p>\n","protected":false},"author":2,"featured_media":133287,"comment_status":"closed","ping_status":"closed","sticky":false,"template":"","format":"standard","meta":{"h5ap_radio_sources":[],"footnotes":""},"categories":[8],"tags":[],"class_list":["post-133281","post","type-post","status-publish","format-standard","has-post-thumbnail","hentry","category-rlj-audio"],"yoast_head":"<!-- This site is optimized with the Yoast SEO plugin v27.4 - https:\/\/yoast.com\/product\/yoast-seo-wordpress\/ -->\n<title>Uskrs na Humcu - RADIO LJUBU\u0160KI<\/title>\n<meta name=\"robots\" content=\"index, follow, max-snippet:-1, max-image-preview:large, max-video-preview:-1\" \/>\n<link rel=\"canonical\" href=\"https:\/\/radioljubuski.ba\/index.php\/2022\/04\/17\/uskrs-na-humcu\/\" \/>\n<meta property=\"og:locale\" content=\"hr_HR\" \/>\n<meta property=\"og:type\" content=\"article\" \/>\n<meta property=\"og:title\" content=\"Uskrs na Humcu - RADIO LJUBU\u0160KI\" \/>\n<meta property=\"og:description\" content=\"Danas je Uskrs, najve\u0107i kr\u0161\u0107anski blagdan, kojim se slavi sredi\u0161nji doga\u0111aj kr\u0161\u0107anstva &#8211; Kristovo uskrsnu\u0107e od mrtvih. Spomen na Kristovo uskrsnu\u0107e diljem svijeta slavi se sve\u010danim misama, a misu na Humcu predvodio je huma\u010dki gvardijan fra Dario Dodig. On je na po\u010detku mise u 11 sati najavio kako \u0107e po\u0161kropiti vjernike vodom koja je posve\u0107ena [&hellip;]\" \/>\n<meta property=\"og:url\" content=\"https:\/\/radioljubuski.ba\/index.php\/2022\/04\/17\/uskrs-na-humcu\/\" \/>\n<meta property=\"og:site_name\" content=\"RADIO LJUBU\u0160KI\" \/>\n<meta property=\"article:publisher\" content=\"https:\/\/www.facebook.com\/Radiio-Ljubuski-1490835324566332\" \/>\n<meta property=\"article:published_time\" content=\"2022-04-17T11:24:42+00:00\" \/>\n<meta property=\"article:modified_time\" content=\"2022-04-20T12:29:52+00:00\" \/>\n<meta property=\"og:image\" content=\"https:\/\/radioljubuski.ba\/wp-content\/uploads\/2022\/04\/IMG-20220417-WA0005.jpg\" \/>\n\t<meta property=\"og:image:width\" content=\"1599\" \/>\n\t<meta property=\"og:image:height\" content=\"1066\" \/>\n\t<meta property=\"og:image:type\" content=\"image\/jpeg\" \/>\n<meta name=\"author\" content=\"Radio Ljubu\u0161ki\" \/>\n<meta name=\"twitter:card\" content=\"summary_large_image\" \/>\n<meta name=\"twitter:creator\" content=\"@radioljubuski\" \/>\n<meta name=\"twitter:site\" content=\"@radioljubuski\" \/>\n<meta name=\"twitter:label1\" content=\"Napisao\/la\" \/>\n\t<meta name=\"twitter:data1\" content=\"Radio Ljubu\u0161ki\" \/>\n\t<meta name=\"twitter:label2\" content=\"Procijenjeno vrijeme \u010ditanja\" \/>\n\t<meta name=\"twitter:data2\" content=\"1 minuta\" \/>\n<script type=\"application\/ld+json\" class=\"yoast-schema-graph\">{\"@context\":\"https:\\\/\\\/schema.org\",\"@graph\":[{\"@type\":\"Article\",\"@id\":\"https:\\\/\\\/radioljubuski.ba\\\/index.php\\\/2022\\\/04\\\/17\\\/uskrs-na-humcu\\\/#article\",\"isPartOf\":{\"@id\":\"https:\\\/\\\/radioljubuski.ba\\\/index.php\\\/2022\\\/04\\\/17\\\/uskrs-na-humcu\\\/\"},\"author\":{\"name\":\"Radio Ljubu\u0161ki\",\"@id\":\"https:\\\/\\\/radioljubuski.ba\\\/#\\\/schema\\\/person\\\/19fc700381a780f69665d7956c469e3b\"},\"headline\":\"Uskrs na Humcu\",\"datePublished\":\"2022-04-17T11:24:42+00:00\",\"dateModified\":\"2022-04-20T12:29:52+00:00\",\"mainEntityOfPage\":{\"@id\":\"https:\\\/\\\/radioljubuski.ba\\\/index.php\\\/2022\\\/04\\\/17\\\/uskrs-na-humcu\\\/\"},\"wordCount\":215,\"publisher\":{\"@id\":\"https:\\\/\\\/radioljubuski.ba\\\/#organization\"},\"image\":{\"@id\":\"https:\\\/\\\/radioljubuski.ba\\\/index.php\\\/2022\\\/04\\\/17\\\/uskrs-na-humcu\\\/#primaryimage\"},\"thumbnailUrl\":\"https:\\\/\\\/radioljubuski.ba\\\/wp-content\\\/uploads\\\/2022\\\/04\\\/IMG-20220417-WA0005.jpg\",\"articleSection\":[\"RLJ Audio\"],\"inLanguage\":\"hr\"},{\"@type\":\"WebPage\",\"@id\":\"https:\\\/\\\/radioljubuski.ba\\\/index.php\\\/2022\\\/04\\\/17\\\/uskrs-na-humcu\\\/\",\"url\":\"https:\\\/\\\/radioljubuski.ba\\\/index.php\\\/2022\\\/04\\\/17\\\/uskrs-na-humcu\\\/\",\"name\":\"Uskrs na Humcu - RADIO LJUBU\u0160KI\",\"isPartOf\":{\"@id\":\"https:\\\/\\\/radioljubuski.ba\\\/#website\"},\"primaryImageOfPage\":{\"@id\":\"https:\\\/\\\/radioljubuski.ba\\\/index.php\\\/2022\\\/04\\\/17\\\/uskrs-na-humcu\\\/#primaryimage\"},\"image\":{\"@id\":\"https:\\\/\\\/radioljubuski.ba\\\/index.php\\\/2022\\\/04\\\/17\\\/uskrs-na-humcu\\\/#primaryimage\"},\"thumbnailUrl\":\"https:\\\/\\\/radioljubuski.ba\\\/wp-content\\\/uploads\\\/2022\\\/04\\\/IMG-20220417-WA0005.jpg\",\"datePublished\":\"2022-04-17T11:24:42+00:00\",\"dateModified\":\"2022-04-20T12:29:52+00:00\",\"breadcrumb\":{\"@id\":\"https:\\\/\\\/radioljubuski.ba\\\/index.php\\\/2022\\\/04\\\/17\\\/uskrs-na-humcu\\\/#breadcrumb\"},\"inLanguage\":\"hr\",\"potentialAction\":[{\"@type\":\"ReadAction\",\"target\":[\"https:\\\/\\\/radioljubuski.ba\\\/index.php\\\/2022\\\/04\\\/17\\\/uskrs-na-humcu\\\/\"]}]},{\"@type\":\"ImageObject\",\"inLanguage\":\"hr\",\"@id\":\"https:\\\/\\\/radioljubuski.ba\\\/index.php\\\/2022\\\/04\\\/17\\\/uskrs-na-humcu\\\/#primaryimage\",\"url\":\"https:\\\/\\\/radioljubuski.ba\\\/wp-content\\\/uploads\\\/2022\\\/04\\\/IMG-20220417-WA0005.jpg\",\"contentUrl\":\"https:\\\/\\\/radioljubuski.ba\\\/wp-content\\\/uploads\\\/2022\\\/04\\\/IMG-20220417-WA0005.jpg\",\"width\":1599,\"height\":1066},{\"@type\":\"BreadcrumbList\",\"@id\":\"https:\\\/\\\/radioljubuski.ba\\\/index.php\\\/2022\\\/04\\\/17\\\/uskrs-na-humcu\\\/#breadcrumb\",\"itemListElement\":[{\"@type\":\"ListItem\",\"position\":1,\"name\":\"Po\u010detna stranica\",\"item\":\"https:\\\/\\\/radioljubuski.ba\\\/\"},{\"@type\":\"ListItem\",\"position\":2,\"name\":\"Uskrs na Humcu\"}]},{\"@type\":\"WebSite\",\"@id\":\"https:\\\/\\\/radioljubuski.ba\\\/#website\",\"url\":\"https:\\\/\\\/radioljubuski.ba\\\/\",\"name\":\"Radio Ljubu\u0161ki\",\"description\":\"Sun\u010dana frekvencija Hercegovine\",\"publisher\":{\"@id\":\"https:\\\/\\\/radioljubuski.ba\\\/#organization\"},\"potentialAction\":[{\"@type\":\"SearchAction\",\"target\":{\"@type\":\"EntryPoint\",\"urlTemplate\":\"https:\\\/\\\/radioljubuski.ba\\\/?s={search_term_string}\"},\"query-input\":{\"@type\":\"PropertyValueSpecification\",\"valueRequired\":true,\"valueName\":\"search_term_string\"}}],\"inLanguage\":\"hr\"},{\"@type\":\"Organization\",\"@id\":\"https:\\\/\\\/radioljubuski.ba\\\/#organization\",\"name\":\"Radio Ljubu\u0161ki\",\"url\":\"https:\\\/\\\/radioljubuski.ba\\\/\",\"logo\":{\"@type\":\"ImageObject\",\"inLanguage\":\"hr\",\"@id\":\"https:\\\/\\\/radioljubuski.ba\\\/#\\\/schema\\\/logo\\\/image\\\/\",\"url\":\"https:\\\/\\\/radioljubuski.ba\\\/wp-content\\\/uploads\\\/2021\\\/02\\\/cropped-Radio_Ljubuski_logo1.jpg\",\"contentUrl\":\"https:\\\/\\\/radioljubuski.ba\\\/wp-content\\\/uploads\\\/2021\\\/02\\\/cropped-Radio_Ljubuski_logo1.jpg\",\"width\":512,\"height\":512,\"caption\":\"Radio Ljubu\u0161ki\"},\"image\":{\"@id\":\"https:\\\/\\\/radioljubuski.ba\\\/#\\\/schema\\\/logo\\\/image\\\/\"},\"sameAs\":[\"https:\\\/\\\/www.facebook.com\\\/Radiio-Ljubuski-1490835324566332\",\"https:\\\/\\\/x.com\\\/radioljubuski\",\"https:\\\/\\\/hr.linkedin.com\\\/company\\\/radio-ljubuski\",\"https:\\\/\\\/www.youtube.com\\\/channel\\\/UCHYaeO_n0Db3tjNGudGpXyw\"]},{\"@type\":\"Person\",\"@id\":\"https:\\\/\\\/radioljubuski.ba\\\/#\\\/schema\\\/person\\\/19fc700381a780f69665d7956c469e3b\",\"name\":\"Radio Ljubu\u0161ki\"}]}<\/script>\n<!-- \/ Yoast SEO plugin. -->","yoast_head_json":{"title":"Uskrs na Humcu - RADIO LJUBU\u0160KI","robots":{"index":"index","follow":"follow","max-snippet":"max-snippet:-1","max-image-preview":"max-image-preview:large","max-video-preview":"max-video-preview:-1"},"canonical":"https:\/\/radioljubuski.ba\/index.php\/2022\/04\/17\/uskrs-na-humcu\/","og_locale":"hr_HR","og_type":"article","og_title":"Uskrs na Humcu - RADIO LJUBU\u0160KI","og_description":"Danas je Uskrs, najve\u0107i kr\u0161\u0107anski blagdan, kojim se slavi sredi\u0161nji doga\u0111aj kr\u0161\u0107anstva &#8211; Kristovo uskrsnu\u0107e od mrtvih. Spomen na Kristovo uskrsnu\u0107e diljem svijeta slavi se sve\u010danim misama, a misu na Humcu predvodio je huma\u010dki gvardijan fra Dario Dodig. On je na po\u010detku mise u 11 sati najavio kako \u0107e po\u0161kropiti vjernike vodom koja je posve\u0107ena [&hellip;]","og_url":"https:\/\/radioljubuski.ba\/index.php\/2022\/04\/17\/uskrs-na-humcu\/","og_site_name":"RADIO LJUBU\u0160KI","article_publisher":"https:\/\/www.facebook.com\/Radiio-Ljubuski-1490835324566332","article_published_time":"2022-04-17T11:24:42+00:00","article_modified_time":"2022-04-20T12:29:52+00:00","og_image":[{"width":1599,"height":1066,"url":"https:\/\/radioljubuski.ba\/wp-content\/uploads\/2022\/04\/IMG-20220417-WA0005.jpg","type":"image\/jpeg"}],"author":"Radio Ljubu\u0161ki","twitter_card":"summary_large_image","twitter_creator":"@radioljubuski","twitter_site":"@radioljubuski","twitter_misc":{"Napisao\/la":"Radio Ljubu\u0161ki","Procijenjeno vrijeme \u010ditanja":"1 minuta"},"schema":{"@context":"https:\/\/schema.org","@graph":[{"@type":"Article","@id":"https:\/\/radioljubuski.ba\/index.php\/2022\/04\/17\/uskrs-na-humcu\/#article","isPartOf":{"@id":"https:\/\/radioljubuski.ba\/index.php\/2022\/04\/17\/uskrs-na-humcu\/"},"author":{"name":"Radio Ljubu\u0161ki","@id":"https:\/\/radioljubuski.ba\/#\/schema\/person\/19fc700381a780f69665d7956c469e3b"},"headline":"Uskrs na Humcu","datePublished":"2022-04-17T11:24:42+00:00","dateModified":"2022-04-20T12:29:52+00:00","mainEntityOfPage":{"@id":"https:\/\/radioljubuski.ba\/index.php\/2022\/04\/17\/uskrs-na-humcu\/"},"wordCount":215,"publisher":{"@id":"https:\/\/radioljubuski.ba\/#organization"},"image":{"@id":"https:\/\/radioljubuski.ba\/index.php\/2022\/04\/17\/uskrs-na-humcu\/#primaryimage"},"thumbnailUrl":"https:\/\/radioljubuski.ba\/wp-content\/uploads\/2022\/04\/IMG-20220417-WA0005.jpg","articleSection":["RLJ Audio"],"inLanguage":"hr"},{"@type":"WebPage","@id":"https:\/\/radioljubuski.ba\/index.php\/2022\/04\/17\/uskrs-na-humcu\/","url":"https:\/\/radioljubuski.ba\/index.php\/2022\/04\/17\/uskrs-na-humcu\/","name":"Uskrs na Humcu - RADIO LJUBU\u0160KI","isPartOf":{"@id":"https:\/\/radioljubuski.ba\/#website"},"primaryImageOfPage":{"@id":"https:\/\/radioljubuski.ba\/index.php\/2022\/04\/17\/uskrs-na-humcu\/#primaryimage"},"image":{"@id":"https:\/\/radioljubuski.ba\/index.php\/2022\/04\/17\/uskrs-na-humcu\/#primaryimage"},"thumbnailUrl":"https:\/\/radioljubuski.ba\/wp-content\/uploads\/2022\/04\/IMG-20220417-WA0005.jpg","datePublished":"2022-04-17T11:24:42+00:00","dateModified":"2022-04-20T12:29:52+00:00","breadcrumb":{"@id":"https:\/\/radioljubuski.ba\/index.php\/2022\/04\/17\/uskrs-na-humcu\/#breadcrumb"},"inLanguage":"hr","potentialAction":[{"@type":"ReadAction","target":["https:\/\/radioljubuski.ba\/index.php\/2022\/04\/17\/uskrs-na-humcu\/"]}]},{"@type":"ImageObject","inLanguage":"hr","@id":"https:\/\/radioljubuski.ba\/index.php\/2022\/04\/17\/uskrs-na-humcu\/#primaryimage","url":"https:\/\/radioljubuski.ba\/wp-content\/uploads\/2022\/04\/IMG-20220417-WA0005.jpg","contentUrl":"https:\/\/radioljubuski.ba\/wp-content\/uploads\/2022\/04\/IMG-20220417-WA0005.jpg","width":1599,"height":1066},{"@type":"BreadcrumbList","@id":"https:\/\/radioljubuski.ba\/index.php\/2022\/04\/17\/uskrs-na-humcu\/#breadcrumb","itemListElement":[{"@type":"ListItem","position":1,"name":"Po\u010detna stranica","item":"https:\/\/radioljubuski.ba\/"},{"@type":"ListItem","position":2,"name":"Uskrs na Humcu"}]},{"@type":"WebSite","@id":"https:\/\/radioljubuski.ba\/#website","url":"https:\/\/radioljubuski.ba\/","name":"Radio Ljubu\u0161ki","description":"Sun\u010dana frekvencija Hercegovine","publisher":{"@id":"https:\/\/radioljubuski.ba\/#organization"},"potentialAction":[{"@type":"SearchAction","target":{"@type":"EntryPoint","urlTemplate":"https:\/\/radioljubuski.ba\/?s={search_term_string}"},"query-input":{"@type":"PropertyValueSpecification","valueRequired":true,"valueName":"search_term_string"}}],"inLanguage":"hr"},{"@type":"Organization","@id":"https:\/\/radioljubuski.ba\/#organization","name":"Radio Ljubu\u0161ki","url":"https:\/\/radioljubuski.ba\/","logo":{"@type":"ImageObject","inLanguage":"hr","@id":"https:\/\/radioljubuski.ba\/#\/schema\/logo\/image\/","url":"https:\/\/radioljubuski.ba\/wp-content\/uploads\/2021\/02\/cropped-Radio_Ljubuski_logo1.jpg","contentUrl":"https:\/\/radioljubuski.ba\/wp-content\/uploads\/2021\/02\/cropped-Radio_Ljubuski_logo1.jpg","width":512,"height":512,"caption":"Radio Ljubu\u0161ki"},"image":{"@id":"https:\/\/radioljubuski.ba\/#\/schema\/logo\/image\/"},"sameAs":["https:\/\/www.facebook.com\/Radiio-Ljubuski-1490835324566332","https:\/\/x.com\/radioljubuski","https:\/\/hr.linkedin.com\/company\/radio-ljubuski","https:\/\/www.youtube.com\/channel\/UCHYaeO_n0Db3tjNGudGpXyw"]},{"@type":"Person","@id":"https:\/\/radioljubuski.ba\/#\/schema\/person\/19fc700381a780f69665d7956c469e3b","name":"Radio Ljubu\u0161ki"}]}},"_links":{"self":[{"href":"https:\/\/radioljubuski.ba\/index.php\/wp-json\/wp\/v2\/posts\/133281","targetHints":{"allow":["GET"]}}],"collection":[{"href":"https:\/\/radioljubuski.ba\/index.php\/wp-json\/wp\/v2\/posts"}],"about":[{"href":"https:\/\/radioljubuski.ba\/index.php\/wp-json\/wp\/v2\/types\/post"}],"author":[{"embeddable":true,"href":"https:\/\/radioljubuski.ba\/index.php\/wp-json\/wp\/v2\/users\/2"}],"replies":[{"embeddable":true,"href":"https:\/\/radioljubuski.ba\/index.php\/wp-json\/wp\/v2\/comments?post=133281"}],"version-history":[{"count":4,"href":"https:\/\/radioljubuski.ba\/index.php\/wp-json\/wp\/v2\/posts\/133281\/revisions"}],"predecessor-version":[{"id":134537,"href":"https:\/\/radioljubuski.ba\/index.php\/wp-json\/wp\/v2\/posts\/133281\/revisions\/134537"}],"wp:featuredmedia":[{"embeddable":true,"href":"https:\/\/radioljubuski.ba\/index.php\/wp-json\/wp\/v2\/media\/133287"}],"wp:attachment":[{"href":"https:\/\/radioljubuski.ba\/index.php\/wp-json\/wp\/v2\/media?parent=133281"}],"wp:term":[{"taxonomy":"category","embeddable":true,"href":"https:\/\/radioljubuski.ba\/index.php\/wp-json\/wp\/v2\/categories?post=133281"},{"taxonomy":"post_tag","embeddable":true,"href":"https:\/\/radioljubuski.ba\/index.php\/wp-json\/wp\/v2\/tags?post=133281"}],"curies":[{"name":"wp","href":"https:\/\/api.w.org\/{rel}","templated":true}]}}