{"id":133295,"date":"2022-04-17T17:47:59","date_gmt":"2022-04-17T16:47:59","guid":{"rendered":"https:\/\/radioljubuski.ba\/?p=133295"},"modified":"2022-04-17T17:48:00","modified_gmt":"2022-04-17T16:48:00","slug":"dikic-opet-plasi-koronom-i-mjerama-prisjetite-se-kakve-je-kontradiktorne-izjave-ranije-davao","status":"publish","type":"post","link":"https:\/\/radioljubuski.ba\/index.php\/2022\/04\/17\/dikic-opet-plasi-koronom-i-mjerama-prisjetite-se-kakve-je-kontradiktorne-izjave-ranije-davao\/","title":{"rendered":"\u0110iki\u0107 opet pla\u0161i koronom i mjerama: Prisjetite se kakve je kontradiktorne izjave ranije davao"},"content":{"rendered":"\n<p><strong>Ivan \u0110iki\u0107<\/strong>, njema\u010dki molekularni biolog hrvatskog porijekla, sveprisutan u hrvatskim&nbsp;<em>mainstream<\/em>&nbsp;medijima, ponovno se proteklih dana, kada su u Hrvatskoj ukinute gotovo sve mjere, javio kako bi nam priu\u0161tio novu dozu zastra\u0161ivanja. Pandemijski tvrdolinija\u0161i u koje \u0110iki\u0107 spada, te\u0161ko se mogu pomiriti da ovaj virus vi\u0161e nema mjesta u glavnim terminima vijesti te da su mjere skinute u ve\u0107ini europskih zemalja. Pa nas tako \u0110iki\u0107 priprema na jesen, kada i se korona obru\u010d opet mogao stegnuti.<\/p>\n\n\n\n<p>\u0110iki\u0107 je tijekom posljednje dvije godine u hrvatskim&nbsp;<em>main stream<\/em>&nbsp;medijima \u010dest gost. I on je poput ostalih stru\u010dnjaka, od kojih neki imaju male ili nikakve veze s epidemiologijom, shvatio dobitnu kombinaciju: \u0160to su mu izjave katastrofi\u010dnije, to vi\u0161e medijskog prostora dobiva.<\/p>\n\n\n\n<p>Iako je o\u010dito da je tvrdi korona narativ pao u vodu, da su covid potvrde bile ni\u0161ta drugo doli ucjene za cijepljenje s obzirom na to da je prema podacima HZJZ-a u bolnicama vi\u0161e onih koji su primili jednu do tri doze cjepiva od onih koji nisu cijepljeni, \u0110iki\u0107 se ponovno javlja kako bi nas upozorio da&nbsp;<strong>nema opu\u0161tanja.<\/strong><\/p>\n\n\n\n<p>Dok u hrvatskim skladi\u0161tima trunu milijuni kupljenih doza cjepiva, uglavnom od kompanije Pfizer \u010dijih je cjepiva daleko najvi\u0161e naru\u010deno, a Hrvatska se obavezala kupiti jo\u0161 milijune doza, jasno je \u010demu zastra\u0161ivanje i pla\u0161enje nekakvim scenarijem najesen, slu\u017ei.<\/p>\n\n\n\n<p>No, prisjetimo se \u0110iki\u0107evih ranijih kontradiktornih izjava koje je izdvojio portal&nbsp;<a href=\"https:\/\/infodemija.org\/ivan-dikic\/\">Infodemija<\/a>.<br>\u2018Naravno, oni koji nisu pozitivni na koronavirus mogu i\u0107i raditi, djeca mogu i\u0107i u \u0161kolu; nema potrebe izolirati djecu ako su svi negativni i stigmatizirati ljude koji su inficirani\u2019,&nbsp;<a href=\"https:\/\/www.telegram.hr\/zivot\/ivan-dikic-u-velikom-intervjuu-za-telegram-zasto-danas-mozemo-biti-puno-mirniji-oko-koronavirusa\/\">kazao je<\/a>&nbsp;\u0110iki\u0107 na po\u010detku pandemije.<\/p>\n\n\n\n<h3 class=\"wp-block-heading\"><strong>\u0110iki\u0107 o maskama<\/strong><\/h3>\n\n\n\n<p>Tada je imao i prili\u010dno \u2018kontroverzan\u2019 stav o maskama koje su kasnije postale sveprisutne, a \u0161kolsku se djecu prisiljavalo da ih satima nose.<\/p>\n\n\n\n<p><strong><em>\u2018Kori\u0161tenje maski<\/em><\/strong><em>\u00a0ima minimalni efekt na obranu od infekcije virusom. Puno su efikasnije mjere izbjegavanja mjesta s velikim brojem ljudi, izbjegavanje kontakta s ljudima koji su bili u direktnom kontaktu sa zara\u017eenima, va\u017eno je dr\u017eati osobnu higijenu, prati ruke. Osobno, ja ne nosim tu masku i ako bih je nosio, nosio bih je samo kad bih znao da dolazim u kontakt s osobama koje su zara\u017eene pa im \u017eelim pomo\u0107i ili tako ne\u0161to\u2019.<\/em><\/p>\n\n\n\n<figure class=\"wp-block-image\"><img decoding=\"async\" src=\"https:\/\/narod.hr\/wp-content\/uploads\/2020\/09\/HN20200907712781.jpg\" alt=\"\"\/><figcaption><em>Na fotografiji u\u010denici Osnovne \u0161kole Ljubljanica.<\/em><br><em>foto HINA\/ Admir BULJUBA\u0160I\u0106\/ abu<\/em><\/figcaption><\/figure>\n\n\n\n<p>No, ve\u0107 u kolovozu 2020.<a href=\"https:\/\/www.glasistre.hr\/hrvatska\/-658582\">&nbsp;govori<\/a>&nbsp;kako su maske pomogle smanjenju \u0161irenja virusa.<\/p>\n\n\n\n<p><em>Samo s mjerama no\u0161enja maski Azija ima jednu tre\u0107inu manje zara\u017eenih u odnosu na Europu\u201d, iznosi \u0110iki\u0107 podatak i dodaje kako je potrebno pove\u0107ati i broj testova u ordinacijama op\u0107e prakse tako da lije\u010dnici mogu brzo prepoznati je li gripa, prehlada ili covid 19.<\/em><\/p>\n\n\n\n<h3 class=\"wp-block-heading\"><strong>\u0110iki\u0107: Mladi se ne trebaju bojati koronavirusa<\/strong><\/h3>\n\n\n\n<p><strong>U prolje\u0107e 2020.<\/strong>&nbsp;je jo\u0161 prili\u010dno realno govorio o virusu. Tvrdio je da \u0107e prevladati kolektivni imunitet, da je bolest opasna za stare i imunokompromitirane\u2026<a href=\"https:\/\/www.nacional.hr\/dikic-kolektivni-imunitet-pobijedit-ce-koronavirus\/\">Pitao<\/a>&nbsp;se \u010dak i kakve \u0107e posljedice sve ovo ostaviti na psihu mladih.<\/p>\n\n\n\n<p><em>\u2018Mladi se ne trebaju bojati koronavirusa. Znanjem i znanosti omogu\u0107ili smo da se virus mo\u017ee detektirati i lije\u010diti, a pravilnim na\u010dinom i kontrolirati\u2026 Govore\u0107i o epidemiji, \u0110iki\u0107 je rekao kako je izrazito va\u017eno iznositi samo provjerene znanstvene \u010dinjenice kako bi se mogli poduzimati daljnji koraci u borbi protiv virusa. Va\u017ean je kriti\u010dki stav ljudi. Kazao je i kako su zbog svega \u0161to se doga\u0111a u sklopu epidemije posebno osjetljiva djeca, i to prije svih onda od 10 do 15 godina. \u2013 Na\u0161a je obveza da djeci osiguramo sigurne \u0161kole i normalno obrazovanje. Ako to ne napravimo, sigurno \u0107e biti posljedica po njih. Oni moraju u \u0161koli ne samo obrazovati se i odgajati nego je va\u017ean i socijalni ambijent, odnosno da se me\u0111usobno igraju,<\/em>&nbsp;kazao je \u0110iki\u0107 za Ve\u010dernji list u rujnu 2020.<\/p>\n\n\n\n<h3 class=\"wp-block-heading\"><strong>Dramati\u010dno pismo Plenkovi\u0107u<\/strong><\/h3>\n\n\n\n<p>U studenom 2020. \u0110iki\u0107 je poslao<strong>&nbsp;pismo hrvatskom premijeru Andreju Plenkovi\u0107u<\/strong>&nbsp;iako nije ni na koji na\u010din slu\u017ebeno involviran u borbu protiv koronavirusa u Hrvatskoj.<br>\u2018<em>Najgore \u0107e biti od prosinca do o\u017eujka, pripremite nove mjere<\/em>\u2018,&nbsp;<a href=\"https:\/\/www.jutarnji.hr\/vijesti\/hrvatska\/dikic-pisao-plenkovicu-najgore-ce-biti-od-prosinca-do-ozujka-pripremite-nove-mjere-15001890\">pi\u0161e \u0110iki\u0107<\/a>&nbsp;Plenkovi\u0107u.<\/p>\n\n\n\n<p>No, \u0110iki\u0107eva predvi\u0111anja bila su pogre\u0161na. Od prosinca 2020. broj novozara\u017eenih bio je u padu. Do o\u017eujka 2021. broj novozara\u017eenih pao na najni\u017ee brojke unazad pet mjeseci, pi\u0161e Infodemija.<\/p>\n\n\n\n<p>\u2018<strong><em>Pogledajte primjer Slova\u010dke<\/em><\/strong><em>. Ona je pokazala kako se na vrijeme i pravilno boriti protiv COVID-19.<\/em>\u2018,&nbsp;<a href=\"https:\/\/www.24sata.hr\/news\/slovaci-se-pravilno-bore-protiv-virusa-ugledajmo-se-na-njih-728174\">ka\u017ee \u0110iki\u0107<\/a>&nbsp;krajem 2020. iako se masovno testiranje u Slova\u010dkoj pokazalo potpuno proma\u0161enim te je Slova\u010dka u drugom valu bila me\u0111u najgorim zemljama EU-e.<\/p>\n\n\n\n<p>\u0110iki\u0107 u prosincu 2020.&nbsp;<a href=\"https:\/\/www.thelancet.com\/journals\/lancet\/article\/PIIS0140-6736(20)32625-8\/fulltext\">potpisuje me\u0111unarodni zahtjev<\/a>&nbsp;za \u2018strogom dr\u017eavnom intervencijom\u2019 sve dok nemamo samo 40 slu\u010dajeva dnevno.<\/p>\n\n\n\n<h3 class=\"wp-block-heading\"><strong>Cijepljenje djece u \u0110iki\u0107evom fokusu<\/strong><\/h3>\n\n\n\n<p>\u0110iki\u0107 se pak u drugoj polovini 2021.<strong>\u00a0fokusirao na cijepljenje<\/strong>. Pa tako 2. srpnja ka\u017ee: . Treba cijepiti djecu:\u00a0<em>\u2018Vjerujem da \u0107e ve\u0107i dio cijepljenja biti fokusiran na djecu po\u010detkom \u0161kole, ako u tom trenutku budemo imali dodatnih podataka koji \u0107e otkloniti bilo koji rizik<\/em><\/p>\n\n\n\n<iframe loading=\"lazy\" title=\"\u0110iki\u0107: S cijepljenjem i mjerama kontrolu nad virusom bi mogli imati 2022. godine\" width=\"640\" height=\"360\" src=\"https:\/\/www.youtube.com\/embed\/5iaLff51HMc?feature=oembed\" frameborder=\"0\" allow=\"accelerometer; autoplay; clipboard-write; encrypted-media; gyroscope; picture-in-picture; web-share\" referrerpolicy=\"strict-origin-when-cross-origin\" allowfullscreen><\/iframe>\n\n\n\n<p><strong>\u2018Imate slobodno \u0161irenje virusa u populaciji s preko 25 posto pozitivnih, to zna\u010di da vam vi\u0161e nitko nije siguran. Ni osobe koje su cijepljene\u2026 Neophodno je cijepiti djecu, u dobi od 12 do 15 godina\u2019<\/strong>, rekao je \u0110iki\u0107 za N1 u studenom 2021. iako je davno govorio kako virus za djecu nije opasan, a ve\u0107 je i krajem 2021. bilo jasno da se i cijepljeni mogu zaraziti i \u0161iriti virus.<\/p>\n\n\n\n<h3 class=\"wp-block-heading\"><strong>Covid potvrde<\/strong><\/h3>\n\n\n\n<p>\u0110iki\u0107 22. studenog hvali<strong>&nbsp;covid potvrde<\/strong>.&nbsp;<em>\u2018Nekorektno je i neto\u010dno re\u0107i da covid-potvrde ne djeluju zato \u0161to u nekim zemljama ima velik broj zara\u017eenih. U Hrvatskoj, kad smo imali triput ve\u0107u incidenciju, nismo imali nikakve mjere. Upravo zbog toga covid-potvrde sad nemaju nikakav u\u010dinak. Kad pogledate situaciju u Portugalu, \u0160panjolskoj i Italiji, koji su nau\u010dili svoje lekcije, tamo je procijepljenost 90 posto\u2019<\/em>.<\/p>\n\n\n\n<p>Samo mjesec, dva nakon toga, kako pi\u0161e Infodemija, u tim svim navedenim zemljama eksplodirao je broj slu\u010dajeva.<\/p>\n\n\n\n<p>Pred Bo\u017ei\u0107 ka\u017ee:<em>&nbsp;\u2018<\/em><strong><em>Omikron<\/em><\/strong><em>&nbsp;nije bezopasna varijanta koja dolazi kao \u2018poklon za Bo\u017ei\u0107\u2019<\/em>. No, mjesec dana kasnije<a href=\"https:\/\/www.jutarnji.hr\/vijesti\/hrvatska\/dikic-veci-dio-populacije-ce-s-omikronom-steci-dodatni-prirodni-imunitet-15146126\">&nbsp;omikron za \u0110iki\u0107a<\/a>&nbsp;ipak nije tako stra\u0161an.<\/p>\n\n\n\n<p><em>\u2018Ve\u0107i dio populacije \u0107e s omikronom ste\u0107i dodatni prirodni imunitet\u2026 slika bolesti COVID-19 nakon infekcije omikronom bla\u017ea je nego kod zaraze prija\u0161njim varijantama istog virusa\u2019.<\/em><\/p>\n\n\n\n<p>Po\u010detkom ove godine \u0110iki\u0107 opet&nbsp;<a href=\"https:\/\/www.vecernji.hr\/vijesti\/dikic-turisti-ce-odlaziti-u-sigurne-sredine-a-to-nisu-sredine-s-manje-od-70-cijepljenih-1561041\">pla\u0161i turisti\u010dkom sezonom<\/a>&nbsp;i ka\u017ee da turisti ne\u0107e dolaziti tamo gdje je manje od 70 posto cijepljenih iako je pro\u0161la turisti\u010dka sezona u Hrvatskoj bila sjajna unato\u010d znatno manjem postotku cijepljenih.<\/p>\n\n\n\n<p><em>Izvor: narod.hr<\/em><\/p>\n","protected":false},"excerpt":{"rendered":"<p>Ivan \u0110iki\u0107, njema\u010dki molekularni biolog hrvatskog porijekla, sveprisutan u hrvatskim&nbsp;mainstream&nbsp;medijima, ponovno se proteklih dana, kada su u Hrvatskoj ukinute gotovo sve mjere, javio kako bi nam priu\u0161tio novu dozu zastra\u0161ivanja. Pandemijski tvrdolinija\u0161i u koje \u0110iki\u0107 spada, te\u0161ko se mogu pomiriti da ovaj virus vi\u0161e nema mjesta u glavnim terminima vijesti te da su mjere skinute [&hellip;]<\/p>\n","protected":false},"author":2,"featured_media":133296,"comment_status":"closed","ping_status":"closed","sticky":false,"template":"","format":"standard","meta":{"h5ap_radio_sources":[],"footnotes":""},"categories":[1],"tags":[],"class_list":["post-133295","post","type-post","status-publish","format-standard","has-post-thumbnail","hentry","category-bihiregija"],"yoast_head":"<!-- This site is optimized with the Yoast SEO plugin v27.5 - https:\/\/yoast.com\/product\/yoast-seo-wordpress\/ -->\n<title>\u0110iki\u0107 opet pla\u0161i koronom i mjerama: Prisjetite se kakve je kontradiktorne izjave ranije davao - RADIO LJUBU\u0160KI<\/title>\n<meta name=\"robots\" content=\"index, follow, max-snippet:-1, max-image-preview:large, max-video-preview:-1\" \/>\n<link rel=\"canonical\" href=\"https:\/\/radioljubuski.ba\/index.php\/2022\/04\/17\/dikic-opet-plasi-koronom-i-mjerama-prisjetite-se-kakve-je-kontradiktorne-izjave-ranije-davao\/\" \/>\n<meta property=\"og:locale\" content=\"hr_HR\" \/>\n<meta property=\"og:type\" content=\"article\" \/>\n<meta property=\"og:title\" content=\"\u0110iki\u0107 opet pla\u0161i koronom i mjerama: Prisjetite se kakve je kontradiktorne izjave ranije davao - RADIO LJUBU\u0160KI\" \/>\n<meta property=\"og:description\" content=\"Ivan \u0110iki\u0107, njema\u010dki molekularni biolog hrvatskog porijekla, sveprisutan u hrvatskim&nbsp;mainstream&nbsp;medijima, ponovno se proteklih dana, kada su u Hrvatskoj ukinute gotovo sve mjere, javio kako bi nam priu\u0161tio novu dozu zastra\u0161ivanja. Pandemijski tvrdolinija\u0161i u koje \u0110iki\u0107 spada, te\u0161ko se mogu pomiriti da ovaj virus vi\u0161e nema mjesta u glavnim terminima vijesti te da su mjere skinute [&hellip;]\" \/>\n<meta property=\"og:url\" content=\"https:\/\/radioljubuski.ba\/index.php\/2022\/04\/17\/dikic-opet-plasi-koronom-i-mjerama-prisjetite-se-kakve-je-kontradiktorne-izjave-ranije-davao\/\" \/>\n<meta property=\"og:site_name\" content=\"RADIO LJUBU\u0160KI\" \/>\n<meta property=\"article:publisher\" content=\"https:\/\/www.facebook.com\/Radiio-Ljubuski-1490835324566332\" \/>\n<meta property=\"article:published_time\" content=\"2022-04-17T16:47:59+00:00\" \/>\n<meta property=\"article:modified_time\" content=\"2022-04-17T16:48:00+00:00\" \/>\n<meta property=\"og:image\" content=\"https:\/\/radioljubuski.ba\/wp-content\/uploads\/2022\/04\/HN20191223397044-696x464-1.jpg\" \/>\n\t<meta property=\"og:image:width\" content=\"696\" \/>\n\t<meta property=\"og:image:height\" content=\"464\" \/>\n\t<meta property=\"og:image:type\" content=\"image\/jpeg\" \/>\n<meta name=\"author\" content=\"Radio Ljubu\u0161ki\" \/>\n<meta name=\"twitter:card\" content=\"summary_large_image\" \/>\n<meta name=\"twitter:creator\" content=\"@radioljubuski\" \/>\n<meta name=\"twitter:site\" content=\"@radioljubuski\" \/>\n<meta name=\"twitter:label1\" content=\"Napisao\/la\" \/>\n\t<meta name=\"twitter:data1\" content=\"Radio Ljubu\u0161ki\" \/>\n\t<meta name=\"twitter:label2\" content=\"Procijenjeno vrijeme \u010ditanja\" \/>\n\t<meta name=\"twitter:data2\" content=\"5 minuta\" \/>\n<script type=\"application\/ld+json\" class=\"yoast-schema-graph\">{\"@context\":\"https:\\\/\\\/schema.org\",\"@graph\":[{\"@type\":\"Article\",\"@id\":\"https:\\\/\\\/radioljubuski.ba\\\/index.php\\\/2022\\\/04\\\/17\\\/dikic-opet-plasi-koronom-i-mjerama-prisjetite-se-kakve-je-kontradiktorne-izjave-ranije-davao\\\/#article\",\"isPartOf\":{\"@id\":\"https:\\\/\\\/radioljubuski.ba\\\/index.php\\\/2022\\\/04\\\/17\\\/dikic-opet-plasi-koronom-i-mjerama-prisjetite-se-kakve-je-kontradiktorne-izjave-ranije-davao\\\/\"},\"author\":{\"name\":\"Radio Ljubu\u0161ki\",\"@id\":\"https:\\\/\\\/radioljubuski.ba\\\/#\\\/schema\\\/person\\\/19fc700381a780f69665d7956c469e3b\"},\"headline\":\"\u0110iki\u0107 opet pla\u0161i koronom i mjerama: Prisjetite se kakve je kontradiktorne izjave ranije davao\",\"datePublished\":\"2022-04-17T16:47:59+00:00\",\"dateModified\":\"2022-04-17T16:48:00+00:00\",\"mainEntityOfPage\":{\"@id\":\"https:\\\/\\\/radioljubuski.ba\\\/index.php\\\/2022\\\/04\\\/17\\\/dikic-opet-plasi-koronom-i-mjerama-prisjetite-se-kakve-je-kontradiktorne-izjave-ranije-davao\\\/\"},\"wordCount\":1159,\"publisher\":{\"@id\":\"https:\\\/\\\/radioljubuski.ba\\\/#organization\"},\"image\":{\"@id\":\"https:\\\/\\\/radioljubuski.ba\\\/index.php\\\/2022\\\/04\\\/17\\\/dikic-opet-plasi-koronom-i-mjerama-prisjetite-se-kakve-je-kontradiktorne-izjave-ranije-davao\\\/#primaryimage\"},\"thumbnailUrl\":\"https:\\\/\\\/radioljubuski.ba\\\/wp-content\\\/uploads\\\/2022\\\/04\\\/HN20191223397044-696x464-1.jpg\",\"articleSection\":[\"BIH i regija\"],\"inLanguage\":\"hr\"},{\"@type\":\"WebPage\",\"@id\":\"https:\\\/\\\/radioljubuski.ba\\\/index.php\\\/2022\\\/04\\\/17\\\/dikic-opet-plasi-koronom-i-mjerama-prisjetite-se-kakve-je-kontradiktorne-izjave-ranije-davao\\\/\",\"url\":\"https:\\\/\\\/radioljubuski.ba\\\/index.php\\\/2022\\\/04\\\/17\\\/dikic-opet-plasi-koronom-i-mjerama-prisjetite-se-kakve-je-kontradiktorne-izjave-ranije-davao\\\/\",\"name\":\"\u0110iki\u0107 opet pla\u0161i koronom i mjerama: Prisjetite se kakve je kontradiktorne izjave ranije davao - RADIO LJUBU\u0160KI\",\"isPartOf\":{\"@id\":\"https:\\\/\\\/radioljubuski.ba\\\/#website\"},\"primaryImageOfPage\":{\"@id\":\"https:\\\/\\\/radioljubuski.ba\\\/index.php\\\/2022\\\/04\\\/17\\\/dikic-opet-plasi-koronom-i-mjerama-prisjetite-se-kakve-je-kontradiktorne-izjave-ranije-davao\\\/#primaryimage\"},\"image\":{\"@id\":\"https:\\\/\\\/radioljubuski.ba\\\/index.php\\\/2022\\\/04\\\/17\\\/dikic-opet-plasi-koronom-i-mjerama-prisjetite-se-kakve-je-kontradiktorne-izjave-ranije-davao\\\/#primaryimage\"},\"thumbnailUrl\":\"https:\\\/\\\/radioljubuski.ba\\\/wp-content\\\/uploads\\\/2022\\\/04\\\/HN20191223397044-696x464-1.jpg\",\"datePublished\":\"2022-04-17T16:47:59+00:00\",\"dateModified\":\"2022-04-17T16:48:00+00:00\",\"breadcrumb\":{\"@id\":\"https:\\\/\\\/radioljubuski.ba\\\/index.php\\\/2022\\\/04\\\/17\\\/dikic-opet-plasi-koronom-i-mjerama-prisjetite-se-kakve-je-kontradiktorne-izjave-ranije-davao\\\/#breadcrumb\"},\"inLanguage\":\"hr\",\"potentialAction\":[{\"@type\":\"ReadAction\",\"target\":[\"https:\\\/\\\/radioljubuski.ba\\\/index.php\\\/2022\\\/04\\\/17\\\/dikic-opet-plasi-koronom-i-mjerama-prisjetite-se-kakve-je-kontradiktorne-izjave-ranije-davao\\\/\"]}]},{\"@type\":\"ImageObject\",\"inLanguage\":\"hr\",\"@id\":\"https:\\\/\\\/radioljubuski.ba\\\/index.php\\\/2022\\\/04\\\/17\\\/dikic-opet-plasi-koronom-i-mjerama-prisjetite-se-kakve-je-kontradiktorne-izjave-ranije-davao\\\/#primaryimage\",\"url\":\"https:\\\/\\\/radioljubuski.ba\\\/wp-content\\\/uploads\\\/2022\\\/04\\\/HN20191223397044-696x464-1.jpg\",\"contentUrl\":\"https:\\\/\\\/radioljubuski.ba\\\/wp-content\\\/uploads\\\/2022\\\/04\\\/HN20191223397044-696x464-1.jpg\",\"width\":696,\"height\":464},{\"@type\":\"BreadcrumbList\",\"@id\":\"https:\\\/\\\/radioljubuski.ba\\\/index.php\\\/2022\\\/04\\\/17\\\/dikic-opet-plasi-koronom-i-mjerama-prisjetite-se-kakve-je-kontradiktorne-izjave-ranije-davao\\\/#breadcrumb\",\"itemListElement\":[{\"@type\":\"ListItem\",\"position\":1,\"name\":\"Po\u010detna stranica\",\"item\":\"https:\\\/\\\/radioljubuski.ba\\\/\"},{\"@type\":\"ListItem\",\"position\":2,\"name\":\"\u0110iki\u0107 opet pla\u0161i koronom i mjerama: Prisjetite se kakve je kontradiktorne izjave ranije davao\"}]},{\"@type\":\"WebSite\",\"@id\":\"https:\\\/\\\/radioljubuski.ba\\\/#website\",\"url\":\"https:\\\/\\\/radioljubuski.ba\\\/\",\"name\":\"Radio Ljubu\u0161ki\",\"description\":\"Sun\u010dana frekvencija Hercegovine\",\"publisher\":{\"@id\":\"https:\\\/\\\/radioljubuski.ba\\\/#organization\"},\"potentialAction\":[{\"@type\":\"SearchAction\",\"target\":{\"@type\":\"EntryPoint\",\"urlTemplate\":\"https:\\\/\\\/radioljubuski.ba\\\/?s={search_term_string}\"},\"query-input\":{\"@type\":\"PropertyValueSpecification\",\"valueRequired\":true,\"valueName\":\"search_term_string\"}}],\"inLanguage\":\"hr\"},{\"@type\":\"Organization\",\"@id\":\"https:\\\/\\\/radioljubuski.ba\\\/#organization\",\"name\":\"Radio Ljubu\u0161ki\",\"url\":\"https:\\\/\\\/radioljubuski.ba\\\/\",\"logo\":{\"@type\":\"ImageObject\",\"inLanguage\":\"hr\",\"@id\":\"https:\\\/\\\/radioljubuski.ba\\\/#\\\/schema\\\/logo\\\/image\\\/\",\"url\":\"https:\\\/\\\/radioljubuski.ba\\\/wp-content\\\/uploads\\\/2021\\\/02\\\/cropped-Radio_Ljubuski_logo1.jpg\",\"contentUrl\":\"https:\\\/\\\/radioljubuski.ba\\\/wp-content\\\/uploads\\\/2021\\\/02\\\/cropped-Radio_Ljubuski_logo1.jpg\",\"width\":512,\"height\":512,\"caption\":\"Radio Ljubu\u0161ki\"},\"image\":{\"@id\":\"https:\\\/\\\/radioljubuski.ba\\\/#\\\/schema\\\/logo\\\/image\\\/\"},\"sameAs\":[\"https:\\\/\\\/www.facebook.com\\\/Radiio-Ljubuski-1490835324566332\",\"https:\\\/\\\/x.com\\\/radioljubuski\",\"https:\\\/\\\/hr.linkedin.com\\\/company\\\/radio-ljubuski\",\"https:\\\/\\\/www.youtube.com\\\/channel\\\/UCHYaeO_n0Db3tjNGudGpXyw\"]},{\"@type\":\"Person\",\"@id\":\"https:\\\/\\\/radioljubuski.ba\\\/#\\\/schema\\\/person\\\/19fc700381a780f69665d7956c469e3b\",\"name\":\"Radio Ljubu\u0161ki\"}]}<\/script>\n<!-- \/ Yoast SEO plugin. -->","yoast_head_json":{"title":"\u0110iki\u0107 opet pla\u0161i koronom i mjerama: Prisjetite se kakve je kontradiktorne izjave ranije davao - RADIO LJUBU\u0160KI","robots":{"index":"index","follow":"follow","max-snippet":"max-snippet:-1","max-image-preview":"max-image-preview:large","max-video-preview":"max-video-preview:-1"},"canonical":"https:\/\/radioljubuski.ba\/index.php\/2022\/04\/17\/dikic-opet-plasi-koronom-i-mjerama-prisjetite-se-kakve-je-kontradiktorne-izjave-ranije-davao\/","og_locale":"hr_HR","og_type":"article","og_title":"\u0110iki\u0107 opet pla\u0161i koronom i mjerama: Prisjetite se kakve je kontradiktorne izjave ranije davao - RADIO LJUBU\u0160KI","og_description":"Ivan \u0110iki\u0107, njema\u010dki molekularni biolog hrvatskog porijekla, sveprisutan u hrvatskim&nbsp;mainstream&nbsp;medijima, ponovno se proteklih dana, kada su u Hrvatskoj ukinute gotovo sve mjere, javio kako bi nam priu\u0161tio novu dozu zastra\u0161ivanja. Pandemijski tvrdolinija\u0161i u koje \u0110iki\u0107 spada, te\u0161ko se mogu pomiriti da ovaj virus vi\u0161e nema mjesta u glavnim terminima vijesti te da su mjere skinute [&hellip;]","og_url":"https:\/\/radioljubuski.ba\/index.php\/2022\/04\/17\/dikic-opet-plasi-koronom-i-mjerama-prisjetite-se-kakve-je-kontradiktorne-izjave-ranije-davao\/","og_site_name":"RADIO LJUBU\u0160KI","article_publisher":"https:\/\/www.facebook.com\/Radiio-Ljubuski-1490835324566332","article_published_time":"2022-04-17T16:47:59+00:00","article_modified_time":"2022-04-17T16:48:00+00:00","og_image":[{"width":696,"height":464,"url":"https:\/\/radioljubuski.ba\/wp-content\/uploads\/2022\/04\/HN20191223397044-696x464-1.jpg","type":"image\/jpeg"}],"author":"Radio Ljubu\u0161ki","twitter_card":"summary_large_image","twitter_creator":"@radioljubuski","twitter_site":"@radioljubuski","twitter_misc":{"Napisao\/la":"Radio Ljubu\u0161ki","Procijenjeno vrijeme \u010ditanja":"5 minuta"},"schema":{"@context":"https:\/\/schema.org","@graph":[{"@type":"Article","@id":"https:\/\/radioljubuski.ba\/index.php\/2022\/04\/17\/dikic-opet-plasi-koronom-i-mjerama-prisjetite-se-kakve-je-kontradiktorne-izjave-ranije-davao\/#article","isPartOf":{"@id":"https:\/\/radioljubuski.ba\/index.php\/2022\/04\/17\/dikic-opet-plasi-koronom-i-mjerama-prisjetite-se-kakve-je-kontradiktorne-izjave-ranije-davao\/"},"author":{"name":"Radio Ljubu\u0161ki","@id":"https:\/\/radioljubuski.ba\/#\/schema\/person\/19fc700381a780f69665d7956c469e3b"},"headline":"\u0110iki\u0107 opet pla\u0161i koronom i mjerama: Prisjetite se kakve je kontradiktorne izjave ranije davao","datePublished":"2022-04-17T16:47:59+00:00","dateModified":"2022-04-17T16:48:00+00:00","mainEntityOfPage":{"@id":"https:\/\/radioljubuski.ba\/index.php\/2022\/04\/17\/dikic-opet-plasi-koronom-i-mjerama-prisjetite-se-kakve-je-kontradiktorne-izjave-ranije-davao\/"},"wordCount":1159,"publisher":{"@id":"https:\/\/radioljubuski.ba\/#organization"},"image":{"@id":"https:\/\/radioljubuski.ba\/index.php\/2022\/04\/17\/dikic-opet-plasi-koronom-i-mjerama-prisjetite-se-kakve-je-kontradiktorne-izjave-ranije-davao\/#primaryimage"},"thumbnailUrl":"https:\/\/radioljubuski.ba\/wp-content\/uploads\/2022\/04\/HN20191223397044-696x464-1.jpg","articleSection":["BIH i regija"],"inLanguage":"hr"},{"@type":"WebPage","@id":"https:\/\/radioljubuski.ba\/index.php\/2022\/04\/17\/dikic-opet-plasi-koronom-i-mjerama-prisjetite-se-kakve-je-kontradiktorne-izjave-ranije-davao\/","url":"https:\/\/radioljubuski.ba\/index.php\/2022\/04\/17\/dikic-opet-plasi-koronom-i-mjerama-prisjetite-se-kakve-je-kontradiktorne-izjave-ranije-davao\/","name":"\u0110iki\u0107 opet pla\u0161i koronom i mjerama: Prisjetite se kakve je kontradiktorne izjave ranije davao - RADIO LJUBU\u0160KI","isPartOf":{"@id":"https:\/\/radioljubuski.ba\/#website"},"primaryImageOfPage":{"@id":"https:\/\/radioljubuski.ba\/index.php\/2022\/04\/17\/dikic-opet-plasi-koronom-i-mjerama-prisjetite-se-kakve-je-kontradiktorne-izjave-ranije-davao\/#primaryimage"},"image":{"@id":"https:\/\/radioljubuski.ba\/index.php\/2022\/04\/17\/dikic-opet-plasi-koronom-i-mjerama-prisjetite-se-kakve-je-kontradiktorne-izjave-ranije-davao\/#primaryimage"},"thumbnailUrl":"https:\/\/radioljubuski.ba\/wp-content\/uploads\/2022\/04\/HN20191223397044-696x464-1.jpg","datePublished":"2022-04-17T16:47:59+00:00","dateModified":"2022-04-17T16:48:00+00:00","breadcrumb":{"@id":"https:\/\/radioljubuski.ba\/index.php\/2022\/04\/17\/dikic-opet-plasi-koronom-i-mjerama-prisjetite-se-kakve-je-kontradiktorne-izjave-ranije-davao\/#breadcrumb"},"inLanguage":"hr","potentialAction":[{"@type":"ReadAction","target":["https:\/\/radioljubuski.ba\/index.php\/2022\/04\/17\/dikic-opet-plasi-koronom-i-mjerama-prisjetite-se-kakve-je-kontradiktorne-izjave-ranije-davao\/"]}]},{"@type":"ImageObject","inLanguage":"hr","@id":"https:\/\/radioljubuski.ba\/index.php\/2022\/04\/17\/dikic-opet-plasi-koronom-i-mjerama-prisjetite-se-kakve-je-kontradiktorne-izjave-ranije-davao\/#primaryimage","url":"https:\/\/radioljubuski.ba\/wp-content\/uploads\/2022\/04\/HN20191223397044-696x464-1.jpg","contentUrl":"https:\/\/radioljubuski.ba\/wp-content\/uploads\/2022\/04\/HN20191223397044-696x464-1.jpg","width":696,"height":464},{"@type":"BreadcrumbList","@id":"https:\/\/radioljubuski.ba\/index.php\/2022\/04\/17\/dikic-opet-plasi-koronom-i-mjerama-prisjetite-se-kakve-je-kontradiktorne-izjave-ranije-davao\/#breadcrumb","itemListElement":[{"@type":"ListItem","position":1,"name":"Po\u010detna stranica","item":"https:\/\/radioljubuski.ba\/"},{"@type":"ListItem","position":2,"name":"\u0110iki\u0107 opet pla\u0161i koronom i mjerama: Prisjetite se kakve je kontradiktorne izjave ranije davao"}]},{"@type":"WebSite","@id":"https:\/\/radioljubuski.ba\/#website","url":"https:\/\/radioljubuski.ba\/","name":"Radio Ljubu\u0161ki","description":"Sun\u010dana frekvencija Hercegovine","publisher":{"@id":"https:\/\/radioljubuski.ba\/#organization"},"potentialAction":[{"@type":"SearchAction","target":{"@type":"EntryPoint","urlTemplate":"https:\/\/radioljubuski.ba\/?s={search_term_string}"},"query-input":{"@type":"PropertyValueSpecification","valueRequired":true,"valueName":"search_term_string"}}],"inLanguage":"hr"},{"@type":"Organization","@id":"https:\/\/radioljubuski.ba\/#organization","name":"Radio Ljubu\u0161ki","url":"https:\/\/radioljubuski.ba\/","logo":{"@type":"ImageObject","inLanguage":"hr","@id":"https:\/\/radioljubuski.ba\/#\/schema\/logo\/image\/","url":"https:\/\/radioljubuski.ba\/wp-content\/uploads\/2021\/02\/cropped-Radio_Ljubuski_logo1.jpg","contentUrl":"https:\/\/radioljubuski.ba\/wp-content\/uploads\/2021\/02\/cropped-Radio_Ljubuski_logo1.jpg","width":512,"height":512,"caption":"Radio Ljubu\u0161ki"},"image":{"@id":"https:\/\/radioljubuski.ba\/#\/schema\/logo\/image\/"},"sameAs":["https:\/\/www.facebook.com\/Radiio-Ljubuski-1490835324566332","https:\/\/x.com\/radioljubuski","https:\/\/hr.linkedin.com\/company\/radio-ljubuski","https:\/\/www.youtube.com\/channel\/UCHYaeO_n0Db3tjNGudGpXyw"]},{"@type":"Person","@id":"https:\/\/radioljubuski.ba\/#\/schema\/person\/19fc700381a780f69665d7956c469e3b","name":"Radio Ljubu\u0161ki"}]}},"_links":{"self":[{"href":"https:\/\/radioljubuski.ba\/index.php\/wp-json\/wp\/v2\/posts\/133295","targetHints":{"allow":["GET"]}}],"collection":[{"href":"https:\/\/radioljubuski.ba\/index.php\/wp-json\/wp\/v2\/posts"}],"about":[{"href":"https:\/\/radioljubuski.ba\/index.php\/wp-json\/wp\/v2\/types\/post"}],"author":[{"embeddable":true,"href":"https:\/\/radioljubuski.ba\/index.php\/wp-json\/wp\/v2\/users\/2"}],"replies":[{"embeddable":true,"href":"https:\/\/radioljubuski.ba\/index.php\/wp-json\/wp\/v2\/comments?post=133295"}],"version-history":[{"count":1,"href":"https:\/\/radioljubuski.ba\/index.php\/wp-json\/wp\/v2\/posts\/133295\/revisions"}],"predecessor-version":[{"id":133297,"href":"https:\/\/radioljubuski.ba\/index.php\/wp-json\/wp\/v2\/posts\/133295\/revisions\/133297"}],"wp:featuredmedia":[{"embeddable":true,"href":"https:\/\/radioljubuski.ba\/index.php\/wp-json\/wp\/v2\/media\/133296"}],"wp:attachment":[{"href":"https:\/\/radioljubuski.ba\/index.php\/wp-json\/wp\/v2\/media?parent=133295"}],"wp:term":[{"taxonomy":"category","embeddable":true,"href":"https:\/\/radioljubuski.ba\/index.php\/wp-json\/wp\/v2\/categories?post=133295"},{"taxonomy":"post_tag","embeddable":true,"href":"https:\/\/radioljubuski.ba\/index.php\/wp-json\/wp\/v2\/tags?post=133295"}],"curies":[{"name":"wp","href":"https:\/\/api.w.org\/{rel}","templated":true}]}}