{"id":133301,"date":"2022-04-17T17:52:47","date_gmt":"2022-04-17T16:52:47","guid":{"rendered":"https:\/\/radioljubuski.ba\/?p=133301"},"modified":"2022-04-17T17:52:49","modified_gmt":"2022-04-17T16:52:49","slug":"zasto-se-uskrs-slavi-svake-godine-na-drugi-datum-evo-sto-kaze-svecenik","status":"publish","type":"post","link":"https:\/\/radioljubuski.ba\/index.php\/2022\/04\/17\/zasto-se-uskrs-slavi-svake-godine-na-drugi-datum-evo-sto-kaze-svecenik\/","title":{"rendered":"Za\u0161to se Uskrs slavi svake godine na drugi datum? Evo \u0161to ka\u017ee sve\u0107enik"},"content":{"rendered":"\n<p>Sama svetkovina Uskrsa ili Vazma zauzima sredi\u0161nje mjesto u ciklusu liturgijske godine Katoli\u010dke crkve. No, ako je svetkovina Uskrsa toliko va\u017ena svetkovina, za\u0161to onda ona nema jedinstveni datum kada se slavi, nego se svake godine ispo\u010detka mijenja?<\/p>\n\n\n\n<h3 class=\"wp-block-heading\"><strong>Smisao Uskrsa nikada se nije mijenjao, polemike samo zbog razli\u010ditih kalendara<\/strong><\/h3>\n\n\n\n<p>\u2018Glavni razlog nalazimo u polazi\u0161tima razli\u010ditih kalendara (solarni, lunarni, Julijanski, Gregorijanski) kojim se ravnaju ili su se ravnale razli\u010dite vjerske, a onda i kr\u0161\u0107anske zajednice. Bitno je ovdje napomenuti da se tijekom povijesti Crkve (i Isto\u010dne i Zapadne) sadr\u017eaj (smisao) svetkovine Uskrsa nikada nije mijenjao, ve\u0107 su polemike nastajale samo zbog razli\u010ditih kalendara\u2019, pi\u0161e<strong>&nbsp;vl\u010d. mr. sc. Tomislav Ha\u010dko<\/strong>&nbsp;na stranicama&nbsp;<a href=\"https:\/\/www.zg-nadbiskupija.hr\/dokumenti\/liturgijski-pastoral\/vazmeno-vrijeme-vazam-nedjelja-uskrsnuca-gospodnjeg\">Zagreba\u010dke nadbiskupije<\/a>.<\/p>\n\n\n\n<p>\u2018U svojim po\u010decima Crkva (na Istoku) je slavila Uskrs nasljeduju\u0107i \u017eidovski blagdan Pashe (lunarni kalendar), no kako se Crkva po\u010dela \u0161iriti prema zapadu, susrela se sa Rimskim carstvom i njegovim kalendarom (solarni) i tako je brzo do\u0161lo i do razli\u010ditog slavlja datuma Uskrsa. Svim rimskim carevima, pa tako onda i Konstantinu, jedini cilj je bio u \u010ditavom carstvu osigurati mir i da carstvo funkcionira kao jedinstvena cjelina.<\/p>\n\n\n\n<h3 class=\"wp-block-heading\"><strong>\u2018Pomireni\u2019 kalendari<\/strong><\/h3>\n\n\n\n<p>Na \u017ealost to nije bilo mogu\u0107e budu\u0107i da su kr\u0161\u0107ani u podru\u010dju Male Azije, kako nam i svjedo\u010di Euzebije, slavile Pashu 14. dana mjeseca Nisana uve\u010der, u isto vrijeme kada su se u Hramu \u017ertvovali janjci kao prinos. U isto to vrijeme zajednica bi postila, a Uskrs bi slavila dva nakon toga. Tako se samo ponekada moglo dogoditi da se Uskrs slavi u nedjelju.<\/p>\n\n\n\n<p>Me\u0111utim, kr\u0161\u0107ani na Zapadu Pashu su slavile petkom, koja se pak rijetko podudarala sa \u017eidovskim blagdanom Pashe 14. dana mjeseca Nisana, no zato se Uskrs uvijek slavio nedjeljom. Ove zajednice tako\u0111er su obi\u010davale postiti, a post bi zavr\u0161avao u nedjelju ujutro. U ovom kontekstu zanimljivo je napomenuti kako su zajednice na Zapadu stavljale naglasak na Pashu kao prijelaz (Pascha = transitus, prijelaz), a zajednice u Maloj Aziji na muku, pasiju (Pascha = passio, muka).<\/p>\n\n\n\nhttps:\/\/www.youtube.com\/watch?v=fX9BC1vpiVI\n\n\n\n<h3 class=\"wp-block-heading\"><strong>Nicejski sabor<\/strong><\/h3>\n\n\n\n<p>Pitanja oko razli\u010ditih praksi, ali i sadr\u017eaja, poku\u0161ao je rije\u0161iti papa Viktor (150.) biskupskim sinodama, no bez prevelikog uspjeha. Za kona\u010dno rje\u0161avanje ovoga pitanja trebalo je pri\u010dekati Nicejski sabor 325. godine. S tog Sabora nije nam ostala u zapisu nikakva kanonska odredba, ve\u0107 dva pisma: ono koncilskih otaca Crkvi u Aleksandriji te drugo cara Konstatntina svim biskupima. Iz tih pisama, po svjedo\u010danstvu sv. Atanazija, jasno proizlazi na vidjelo misao, ali i odredba Sabora:<\/p>\n\n\n\n<p><strong>1. da se Uskrs uvijek treba slaviti u nedjelju<\/strong><br><strong>2. da ne slavi u isti dan kada i Pasha kod \u017didova<\/strong><br><strong>3. da se utvrdi datum Uskrsa na prvu nedjelju nakon punog mjesec koji slijedi nakon proljetnog ekvinocija<\/strong><\/p>\n\n\n\n<p>Tim odredbama, na neki na\u010din, pomirena su razli\u010dita kalendarska polazi\u0161ta (lunarni i solarni) i slavlje Uskrsa dobilo je svoj vremenski okvir unutar kojeg se mo\u017ee slaviti (najranije 22. o\u017eujka, a najkasnije 25. travnja).<\/p>\n\n\n\n<p>Nakon utvr\u0111enih pogre\u0161aka u ra\u010dunanju u sustavu Julijanskog kalendar, 1582. godina je u kojoj na Zapadu na snagu stupa Gregorijanski kalendar, a time se opet Istok i Zapad razilaze u datumu slavlja sredi\u0161nje istine na\u0161e vjere. Bitno je da Istina i istina ostaju uvijek iste. Kalendar nas podsje\u0107a na prolaznost \u017eivota i vremena. I jedan datum je tek samo prolazna to\u010dka u na\u0161em \u017eivotu. No, istina Uskrsa i Uskrsloga ne prolazi, uvijek je ista i ona nas okuplja i vodi prema \u017eivotu vje\u010dnom\u2026<\/p>\n\n\n\n<h3 class=\"wp-block-heading\"><strong>Proljetni ekvinocij<\/strong><\/h3>\n\n\n\n<p>Za slavlje Uskrsa simboli\u010dku vrijednost ima proljetni ekvinocij kada su dan i no\u0107 jednako dugi, no od njega, dani postaju du\u017ei, no\u0107i kra\u0107e u \u010demu se \u010dita pobjeda Svjetla nad mrakom, odnosno grijehom.<\/p>\n\n\n\n<p>Tako\u0111er, prvi proljetni u\u0161tap u nekim je kulturama ozna\u010davao i po\u010detak novoga ciklusa prirode za \u0161to su se onda narodi u tim kulturama pripremali postom. Takvom interpretacijom doga\u0111aj Uskrsnu\u0107a dobivao je onda i zna\u010denje obnove svijeta i \u010dovjeka. \u201eTako je \u010duvana poveznica sa \u017eidovskom Pashom, isticana novost u odnosu na starozavjetnu Pashu te ujedno kristolo\u0161kim zna\u010denjem reinterpretirana simbolika Sunca (ekvinocij) i simbolika Mjeseca (u\u0161tap)\u2019, stoji u tekstu<strong>&nbsp;&nbsp;vl\u010d. mr. sc. Tomislava Ha\u010dka.<\/strong><\/p>\n\n\n\n<p><em>Izvor: narod.hr<\/em><\/p>\n","protected":false},"excerpt":{"rendered":"<p>Sama svetkovina Uskrsa ili Vazma zauzima sredi\u0161nje mjesto u ciklusu liturgijske godine Katoli\u010dke crkve. No, ako je svetkovina Uskrsa toliko va\u017ena svetkovina, za\u0161to onda ona nema jedinstveni datum kada se slavi, nego se svake godine ispo\u010detka mijenja? Smisao Uskrsa nikada se nije mijenjao, polemike samo zbog razli\u010ditih kalendara \u2018Glavni razlog nalazimo u polazi\u0161tima razli\u010ditih kalendara [&hellip;]<\/p>\n","protected":false},"author":2,"featured_media":133302,"comment_status":"closed","ping_status":"closed","sticky":false,"template":"","format":"standard","meta":{"h5ap_radio_sources":[],"footnotes":""},"categories":[1],"tags":[],"class_list":["post-133301","post","type-post","status-publish","format-standard","has-post-thumbnail","hentry","category-bihiregija"],"yoast_head":"<!-- This site is optimized with the Yoast SEO plugin v27.5 - https:\/\/yoast.com\/product\/yoast-seo-wordpress\/ -->\n<title>Za\u0161to se Uskrs slavi svake godine na drugi datum? Evo \u0161to ka\u017ee sve\u0107enik - RADIO LJUBU\u0160KI<\/title>\n<meta name=\"robots\" content=\"index, follow, max-snippet:-1, max-image-preview:large, max-video-preview:-1\" \/>\n<link rel=\"canonical\" href=\"https:\/\/radioljubuski.ba\/index.php\/2022\/04\/17\/zasto-se-uskrs-slavi-svake-godine-na-drugi-datum-evo-sto-kaze-svecenik\/\" \/>\n<meta property=\"og:locale\" content=\"hr_HR\" \/>\n<meta property=\"og:type\" content=\"article\" \/>\n<meta property=\"og:title\" content=\"Za\u0161to se Uskrs slavi svake godine na drugi datum? Evo \u0161to ka\u017ee sve\u0107enik - RADIO LJUBU\u0160KI\" \/>\n<meta property=\"og:description\" content=\"Sama svetkovina Uskrsa ili Vazma zauzima sredi\u0161nje mjesto u ciklusu liturgijske godine Katoli\u010dke crkve. No, ako je svetkovina Uskrsa toliko va\u017ena svetkovina, za\u0161to onda ona nema jedinstveni datum kada se slavi, nego se svake godine ispo\u010detka mijenja? Smisao Uskrsa nikada se nije mijenjao, polemike samo zbog razli\u010ditih kalendara \u2018Glavni razlog nalazimo u polazi\u0161tima razli\u010ditih kalendara [&hellip;]\" \/>\n<meta property=\"og:url\" content=\"https:\/\/radioljubuski.ba\/index.php\/2022\/04\/17\/zasto-se-uskrs-slavi-svake-godine-na-drugi-datum-evo-sto-kaze-svecenik\/\" \/>\n<meta property=\"og:site_name\" content=\"RADIO LJUBU\u0160KI\" \/>\n<meta property=\"article:publisher\" content=\"https:\/\/www.facebook.com\/Radiio-Ljubuski-1490835324566332\" \/>\n<meta property=\"article:published_time\" content=\"2022-04-17T16:52:47+00:00\" \/>\n<meta property=\"article:modified_time\" content=\"2022-04-17T16:52:49+00:00\" \/>\n<meta property=\"og:image\" content=\"https:\/\/radioljubuski.ba\/wp-content\/uploads\/2022\/04\/Depositphotos_186666898_S-696x338-1.jpg\" \/>\n\t<meta property=\"og:image:width\" content=\"696\" \/>\n\t<meta property=\"og:image:height\" content=\"338\" \/>\n\t<meta property=\"og:image:type\" content=\"image\/jpeg\" \/>\n<meta name=\"author\" content=\"Radio Ljubu\u0161ki\" \/>\n<meta name=\"twitter:card\" content=\"summary_large_image\" \/>\n<meta name=\"twitter:creator\" content=\"@radioljubuski\" \/>\n<meta name=\"twitter:site\" content=\"@radioljubuski\" \/>\n<meta name=\"twitter:label1\" content=\"Napisao\/la\" \/>\n\t<meta name=\"twitter:data1\" content=\"Radio Ljubu\u0161ki\" \/>\n\t<meta name=\"twitter:label2\" content=\"Procijenjeno vrijeme \u010ditanja\" \/>\n\t<meta name=\"twitter:data2\" content=\"3 minute\" \/>\n<script type=\"application\/ld+json\" class=\"yoast-schema-graph\">{\"@context\":\"https:\\\/\\\/schema.org\",\"@graph\":[{\"@type\":\"Article\",\"@id\":\"https:\\\/\\\/radioljubuski.ba\\\/index.php\\\/2022\\\/04\\\/17\\\/zasto-se-uskrs-slavi-svake-godine-na-drugi-datum-evo-sto-kaze-svecenik\\\/#article\",\"isPartOf\":{\"@id\":\"https:\\\/\\\/radioljubuski.ba\\\/index.php\\\/2022\\\/04\\\/17\\\/zasto-se-uskrs-slavi-svake-godine-na-drugi-datum-evo-sto-kaze-svecenik\\\/\"},\"author\":{\"name\":\"Radio Ljubu\u0161ki\",\"@id\":\"https:\\\/\\\/radioljubuski.ba\\\/#\\\/schema\\\/person\\\/19fc700381a780f69665d7956c469e3b\"},\"headline\":\"Za\u0161to se Uskrs slavi svake godine na drugi datum? Evo \u0161to ka\u017ee sve\u0107enik\",\"datePublished\":\"2022-04-17T16:52:47+00:00\",\"dateModified\":\"2022-04-17T16:52:49+00:00\",\"mainEntityOfPage\":{\"@id\":\"https:\\\/\\\/radioljubuski.ba\\\/index.php\\\/2022\\\/04\\\/17\\\/zasto-se-uskrs-slavi-svake-godine-na-drugi-datum-evo-sto-kaze-svecenik\\\/\"},\"wordCount\":744,\"publisher\":{\"@id\":\"https:\\\/\\\/radioljubuski.ba\\\/#organization\"},\"image\":{\"@id\":\"https:\\\/\\\/radioljubuski.ba\\\/index.php\\\/2022\\\/04\\\/17\\\/zasto-se-uskrs-slavi-svake-godine-na-drugi-datum-evo-sto-kaze-svecenik\\\/#primaryimage\"},\"thumbnailUrl\":\"https:\\\/\\\/radioljubuski.ba\\\/wp-content\\\/uploads\\\/2022\\\/04\\\/Depositphotos_186666898_S-696x338-1.jpg\",\"articleSection\":[\"BIH i regija\"],\"inLanguage\":\"hr\"},{\"@type\":\"WebPage\",\"@id\":\"https:\\\/\\\/radioljubuski.ba\\\/index.php\\\/2022\\\/04\\\/17\\\/zasto-se-uskrs-slavi-svake-godine-na-drugi-datum-evo-sto-kaze-svecenik\\\/\",\"url\":\"https:\\\/\\\/radioljubuski.ba\\\/index.php\\\/2022\\\/04\\\/17\\\/zasto-se-uskrs-slavi-svake-godine-na-drugi-datum-evo-sto-kaze-svecenik\\\/\",\"name\":\"Za\u0161to se Uskrs slavi svake godine na drugi datum? Evo \u0161to ka\u017ee sve\u0107enik - RADIO LJUBU\u0160KI\",\"isPartOf\":{\"@id\":\"https:\\\/\\\/radioljubuski.ba\\\/#website\"},\"primaryImageOfPage\":{\"@id\":\"https:\\\/\\\/radioljubuski.ba\\\/index.php\\\/2022\\\/04\\\/17\\\/zasto-se-uskrs-slavi-svake-godine-na-drugi-datum-evo-sto-kaze-svecenik\\\/#primaryimage\"},\"image\":{\"@id\":\"https:\\\/\\\/radioljubuski.ba\\\/index.php\\\/2022\\\/04\\\/17\\\/zasto-se-uskrs-slavi-svake-godine-na-drugi-datum-evo-sto-kaze-svecenik\\\/#primaryimage\"},\"thumbnailUrl\":\"https:\\\/\\\/radioljubuski.ba\\\/wp-content\\\/uploads\\\/2022\\\/04\\\/Depositphotos_186666898_S-696x338-1.jpg\",\"datePublished\":\"2022-04-17T16:52:47+00:00\",\"dateModified\":\"2022-04-17T16:52:49+00:00\",\"breadcrumb\":{\"@id\":\"https:\\\/\\\/radioljubuski.ba\\\/index.php\\\/2022\\\/04\\\/17\\\/zasto-se-uskrs-slavi-svake-godine-na-drugi-datum-evo-sto-kaze-svecenik\\\/#breadcrumb\"},\"inLanguage\":\"hr\",\"potentialAction\":[{\"@type\":\"ReadAction\",\"target\":[\"https:\\\/\\\/radioljubuski.ba\\\/index.php\\\/2022\\\/04\\\/17\\\/zasto-se-uskrs-slavi-svake-godine-na-drugi-datum-evo-sto-kaze-svecenik\\\/\"]}]},{\"@type\":\"ImageObject\",\"inLanguage\":\"hr\",\"@id\":\"https:\\\/\\\/radioljubuski.ba\\\/index.php\\\/2022\\\/04\\\/17\\\/zasto-se-uskrs-slavi-svake-godine-na-drugi-datum-evo-sto-kaze-svecenik\\\/#primaryimage\",\"url\":\"https:\\\/\\\/radioljubuski.ba\\\/wp-content\\\/uploads\\\/2022\\\/04\\\/Depositphotos_186666898_S-696x338-1.jpg\",\"contentUrl\":\"https:\\\/\\\/radioljubuski.ba\\\/wp-content\\\/uploads\\\/2022\\\/04\\\/Depositphotos_186666898_S-696x338-1.jpg\",\"width\":696,\"height\":338},{\"@type\":\"BreadcrumbList\",\"@id\":\"https:\\\/\\\/radioljubuski.ba\\\/index.php\\\/2022\\\/04\\\/17\\\/zasto-se-uskrs-slavi-svake-godine-na-drugi-datum-evo-sto-kaze-svecenik\\\/#breadcrumb\",\"itemListElement\":[{\"@type\":\"ListItem\",\"position\":1,\"name\":\"Po\u010detna stranica\",\"item\":\"https:\\\/\\\/radioljubuski.ba\\\/\"},{\"@type\":\"ListItem\",\"position\":2,\"name\":\"Za\u0161to se Uskrs slavi svake godine na drugi datum? Evo \u0161to ka\u017ee sve\u0107enik\"}]},{\"@type\":\"WebSite\",\"@id\":\"https:\\\/\\\/radioljubuski.ba\\\/#website\",\"url\":\"https:\\\/\\\/radioljubuski.ba\\\/\",\"name\":\"Radio Ljubu\u0161ki\",\"description\":\"Sun\u010dana frekvencija Hercegovine\",\"publisher\":{\"@id\":\"https:\\\/\\\/radioljubuski.ba\\\/#organization\"},\"potentialAction\":[{\"@type\":\"SearchAction\",\"target\":{\"@type\":\"EntryPoint\",\"urlTemplate\":\"https:\\\/\\\/radioljubuski.ba\\\/?s={search_term_string}\"},\"query-input\":{\"@type\":\"PropertyValueSpecification\",\"valueRequired\":true,\"valueName\":\"search_term_string\"}}],\"inLanguage\":\"hr\"},{\"@type\":\"Organization\",\"@id\":\"https:\\\/\\\/radioljubuski.ba\\\/#organization\",\"name\":\"Radio Ljubu\u0161ki\",\"url\":\"https:\\\/\\\/radioljubuski.ba\\\/\",\"logo\":{\"@type\":\"ImageObject\",\"inLanguage\":\"hr\",\"@id\":\"https:\\\/\\\/radioljubuski.ba\\\/#\\\/schema\\\/logo\\\/image\\\/\",\"url\":\"https:\\\/\\\/radioljubuski.ba\\\/wp-content\\\/uploads\\\/2021\\\/02\\\/cropped-Radio_Ljubuski_logo1.jpg\",\"contentUrl\":\"https:\\\/\\\/radioljubuski.ba\\\/wp-content\\\/uploads\\\/2021\\\/02\\\/cropped-Radio_Ljubuski_logo1.jpg\",\"width\":512,\"height\":512,\"caption\":\"Radio Ljubu\u0161ki\"},\"image\":{\"@id\":\"https:\\\/\\\/radioljubuski.ba\\\/#\\\/schema\\\/logo\\\/image\\\/\"},\"sameAs\":[\"https:\\\/\\\/www.facebook.com\\\/Radiio-Ljubuski-1490835324566332\",\"https:\\\/\\\/x.com\\\/radioljubuski\",\"https:\\\/\\\/hr.linkedin.com\\\/company\\\/radio-ljubuski\",\"https:\\\/\\\/www.youtube.com\\\/channel\\\/UCHYaeO_n0Db3tjNGudGpXyw\"]},{\"@type\":\"Person\",\"@id\":\"https:\\\/\\\/radioljubuski.ba\\\/#\\\/schema\\\/person\\\/19fc700381a780f69665d7956c469e3b\",\"name\":\"Radio Ljubu\u0161ki\"}]}<\/script>\n<!-- \/ Yoast SEO plugin. -->","yoast_head_json":{"title":"Za\u0161to se Uskrs slavi svake godine na drugi datum? Evo \u0161to ka\u017ee sve\u0107enik - RADIO LJUBU\u0160KI","robots":{"index":"index","follow":"follow","max-snippet":"max-snippet:-1","max-image-preview":"max-image-preview:large","max-video-preview":"max-video-preview:-1"},"canonical":"https:\/\/radioljubuski.ba\/index.php\/2022\/04\/17\/zasto-se-uskrs-slavi-svake-godine-na-drugi-datum-evo-sto-kaze-svecenik\/","og_locale":"hr_HR","og_type":"article","og_title":"Za\u0161to se Uskrs slavi svake godine na drugi datum? Evo \u0161to ka\u017ee sve\u0107enik - RADIO LJUBU\u0160KI","og_description":"Sama svetkovina Uskrsa ili Vazma zauzima sredi\u0161nje mjesto u ciklusu liturgijske godine Katoli\u010dke crkve. No, ako je svetkovina Uskrsa toliko va\u017ena svetkovina, za\u0161to onda ona nema jedinstveni datum kada se slavi, nego se svake godine ispo\u010detka mijenja? Smisao Uskrsa nikada se nije mijenjao, polemike samo zbog razli\u010ditih kalendara \u2018Glavni razlog nalazimo u polazi\u0161tima razli\u010ditih kalendara [&hellip;]","og_url":"https:\/\/radioljubuski.ba\/index.php\/2022\/04\/17\/zasto-se-uskrs-slavi-svake-godine-na-drugi-datum-evo-sto-kaze-svecenik\/","og_site_name":"RADIO LJUBU\u0160KI","article_publisher":"https:\/\/www.facebook.com\/Radiio-Ljubuski-1490835324566332","article_published_time":"2022-04-17T16:52:47+00:00","article_modified_time":"2022-04-17T16:52:49+00:00","og_image":[{"width":696,"height":338,"url":"https:\/\/radioljubuski.ba\/wp-content\/uploads\/2022\/04\/Depositphotos_186666898_S-696x338-1.jpg","type":"image\/jpeg"}],"author":"Radio Ljubu\u0161ki","twitter_card":"summary_large_image","twitter_creator":"@radioljubuski","twitter_site":"@radioljubuski","twitter_misc":{"Napisao\/la":"Radio Ljubu\u0161ki","Procijenjeno vrijeme \u010ditanja":"3 minute"},"schema":{"@context":"https:\/\/schema.org","@graph":[{"@type":"Article","@id":"https:\/\/radioljubuski.ba\/index.php\/2022\/04\/17\/zasto-se-uskrs-slavi-svake-godine-na-drugi-datum-evo-sto-kaze-svecenik\/#article","isPartOf":{"@id":"https:\/\/radioljubuski.ba\/index.php\/2022\/04\/17\/zasto-se-uskrs-slavi-svake-godine-na-drugi-datum-evo-sto-kaze-svecenik\/"},"author":{"name":"Radio Ljubu\u0161ki","@id":"https:\/\/radioljubuski.ba\/#\/schema\/person\/19fc700381a780f69665d7956c469e3b"},"headline":"Za\u0161to se Uskrs slavi svake godine na drugi datum? Evo \u0161to ka\u017ee sve\u0107enik","datePublished":"2022-04-17T16:52:47+00:00","dateModified":"2022-04-17T16:52:49+00:00","mainEntityOfPage":{"@id":"https:\/\/radioljubuski.ba\/index.php\/2022\/04\/17\/zasto-se-uskrs-slavi-svake-godine-na-drugi-datum-evo-sto-kaze-svecenik\/"},"wordCount":744,"publisher":{"@id":"https:\/\/radioljubuski.ba\/#organization"},"image":{"@id":"https:\/\/radioljubuski.ba\/index.php\/2022\/04\/17\/zasto-se-uskrs-slavi-svake-godine-na-drugi-datum-evo-sto-kaze-svecenik\/#primaryimage"},"thumbnailUrl":"https:\/\/radioljubuski.ba\/wp-content\/uploads\/2022\/04\/Depositphotos_186666898_S-696x338-1.jpg","articleSection":["BIH i regija"],"inLanguage":"hr"},{"@type":"WebPage","@id":"https:\/\/radioljubuski.ba\/index.php\/2022\/04\/17\/zasto-se-uskrs-slavi-svake-godine-na-drugi-datum-evo-sto-kaze-svecenik\/","url":"https:\/\/radioljubuski.ba\/index.php\/2022\/04\/17\/zasto-se-uskrs-slavi-svake-godine-na-drugi-datum-evo-sto-kaze-svecenik\/","name":"Za\u0161to se Uskrs slavi svake godine na drugi datum? Evo \u0161to ka\u017ee sve\u0107enik - RADIO LJUBU\u0160KI","isPartOf":{"@id":"https:\/\/radioljubuski.ba\/#website"},"primaryImageOfPage":{"@id":"https:\/\/radioljubuski.ba\/index.php\/2022\/04\/17\/zasto-se-uskrs-slavi-svake-godine-na-drugi-datum-evo-sto-kaze-svecenik\/#primaryimage"},"image":{"@id":"https:\/\/radioljubuski.ba\/index.php\/2022\/04\/17\/zasto-se-uskrs-slavi-svake-godine-na-drugi-datum-evo-sto-kaze-svecenik\/#primaryimage"},"thumbnailUrl":"https:\/\/radioljubuski.ba\/wp-content\/uploads\/2022\/04\/Depositphotos_186666898_S-696x338-1.jpg","datePublished":"2022-04-17T16:52:47+00:00","dateModified":"2022-04-17T16:52:49+00:00","breadcrumb":{"@id":"https:\/\/radioljubuski.ba\/index.php\/2022\/04\/17\/zasto-se-uskrs-slavi-svake-godine-na-drugi-datum-evo-sto-kaze-svecenik\/#breadcrumb"},"inLanguage":"hr","potentialAction":[{"@type":"ReadAction","target":["https:\/\/radioljubuski.ba\/index.php\/2022\/04\/17\/zasto-se-uskrs-slavi-svake-godine-na-drugi-datum-evo-sto-kaze-svecenik\/"]}]},{"@type":"ImageObject","inLanguage":"hr","@id":"https:\/\/radioljubuski.ba\/index.php\/2022\/04\/17\/zasto-se-uskrs-slavi-svake-godine-na-drugi-datum-evo-sto-kaze-svecenik\/#primaryimage","url":"https:\/\/radioljubuski.ba\/wp-content\/uploads\/2022\/04\/Depositphotos_186666898_S-696x338-1.jpg","contentUrl":"https:\/\/radioljubuski.ba\/wp-content\/uploads\/2022\/04\/Depositphotos_186666898_S-696x338-1.jpg","width":696,"height":338},{"@type":"BreadcrumbList","@id":"https:\/\/radioljubuski.ba\/index.php\/2022\/04\/17\/zasto-se-uskrs-slavi-svake-godine-na-drugi-datum-evo-sto-kaze-svecenik\/#breadcrumb","itemListElement":[{"@type":"ListItem","position":1,"name":"Po\u010detna stranica","item":"https:\/\/radioljubuski.ba\/"},{"@type":"ListItem","position":2,"name":"Za\u0161to se Uskrs slavi svake godine na drugi datum? Evo \u0161to ka\u017ee sve\u0107enik"}]},{"@type":"WebSite","@id":"https:\/\/radioljubuski.ba\/#website","url":"https:\/\/radioljubuski.ba\/","name":"Radio Ljubu\u0161ki","description":"Sun\u010dana frekvencija Hercegovine","publisher":{"@id":"https:\/\/radioljubuski.ba\/#organization"},"potentialAction":[{"@type":"SearchAction","target":{"@type":"EntryPoint","urlTemplate":"https:\/\/radioljubuski.ba\/?s={search_term_string}"},"query-input":{"@type":"PropertyValueSpecification","valueRequired":true,"valueName":"search_term_string"}}],"inLanguage":"hr"},{"@type":"Organization","@id":"https:\/\/radioljubuski.ba\/#organization","name":"Radio Ljubu\u0161ki","url":"https:\/\/radioljubuski.ba\/","logo":{"@type":"ImageObject","inLanguage":"hr","@id":"https:\/\/radioljubuski.ba\/#\/schema\/logo\/image\/","url":"https:\/\/radioljubuski.ba\/wp-content\/uploads\/2021\/02\/cropped-Radio_Ljubuski_logo1.jpg","contentUrl":"https:\/\/radioljubuski.ba\/wp-content\/uploads\/2021\/02\/cropped-Radio_Ljubuski_logo1.jpg","width":512,"height":512,"caption":"Radio Ljubu\u0161ki"},"image":{"@id":"https:\/\/radioljubuski.ba\/#\/schema\/logo\/image\/"},"sameAs":["https:\/\/www.facebook.com\/Radiio-Ljubuski-1490835324566332","https:\/\/x.com\/radioljubuski","https:\/\/hr.linkedin.com\/company\/radio-ljubuski","https:\/\/www.youtube.com\/channel\/UCHYaeO_n0Db3tjNGudGpXyw"]},{"@type":"Person","@id":"https:\/\/radioljubuski.ba\/#\/schema\/person\/19fc700381a780f69665d7956c469e3b","name":"Radio Ljubu\u0161ki"}]}},"_links":{"self":[{"href":"https:\/\/radioljubuski.ba\/index.php\/wp-json\/wp\/v2\/posts\/133301","targetHints":{"allow":["GET"]}}],"collection":[{"href":"https:\/\/radioljubuski.ba\/index.php\/wp-json\/wp\/v2\/posts"}],"about":[{"href":"https:\/\/radioljubuski.ba\/index.php\/wp-json\/wp\/v2\/types\/post"}],"author":[{"embeddable":true,"href":"https:\/\/radioljubuski.ba\/index.php\/wp-json\/wp\/v2\/users\/2"}],"replies":[{"embeddable":true,"href":"https:\/\/radioljubuski.ba\/index.php\/wp-json\/wp\/v2\/comments?post=133301"}],"version-history":[{"count":1,"href":"https:\/\/radioljubuski.ba\/index.php\/wp-json\/wp\/v2\/posts\/133301\/revisions"}],"predecessor-version":[{"id":133303,"href":"https:\/\/radioljubuski.ba\/index.php\/wp-json\/wp\/v2\/posts\/133301\/revisions\/133303"}],"wp:featuredmedia":[{"embeddable":true,"href":"https:\/\/radioljubuski.ba\/index.php\/wp-json\/wp\/v2\/media\/133302"}],"wp:attachment":[{"href":"https:\/\/radioljubuski.ba\/index.php\/wp-json\/wp\/v2\/media?parent=133301"}],"wp:term":[{"taxonomy":"category","embeddable":true,"href":"https:\/\/radioljubuski.ba\/index.php\/wp-json\/wp\/v2\/categories?post=133301"},{"taxonomy":"post_tag","embeddable":true,"href":"https:\/\/radioljubuski.ba\/index.php\/wp-json\/wp\/v2\/tags?post=133301"}],"curies":[{"name":"wp","href":"https:\/\/api.w.org\/{rel}","templated":true}]}}