{"id":133310,"date":"2022-04-17T17:59:23","date_gmt":"2022-04-17T16:59:23","guid":{"rendered":"https:\/\/radioljubuski.ba\/?p=133310"},"modified":"2022-04-17T17:59:24","modified_gmt":"2022-04-17T16:59:24","slug":"kardinal-bozanic-u-homiliji-istaknuo-krist-je-zivpocelo-je-novo-vrijeme-kristovo-vrijeme-nakon-mise-susreo-se-s-ukrajincima","status":"publish","type":"post","link":"https:\/\/radioljubuski.ba\/index.php\/2022\/04\/17\/kardinal-bozanic-u-homiliji-istaknuo-krist-je-zivpocelo-je-novo-vrijeme-kristovo-vrijeme-nakon-mise-susreo-se-s-ukrajincima\/","title":{"rendered":"Kardinal Bozani\u0107 u homiliji istaknuo: Krist je \u017eiv\u2026Po\u010delo je novo vrijeme, Kristovo vrijeme; nakon mise susreo se s Ukrajincima"},"content":{"rendered":"\n<p>Zagreba\u010dki nadbiskup kardinal Josip Bozani\u0107 predslavio je sve\u010dano misno slavlje na Nedjelju Uskrsnu\u0107a Gospodinova, 17. travnja 2022., u Bogoslu\u017enom prostoru bl. Alojzija Stepinca na zagreba\u010dkom Kaptolu. Na misnom slavlju koncelebrirali su kanonici Prvostolnog kaptola zagreba\u010dkog mons. Stjepan Ve\u010dkovi\u0107, mons. Ivan Mikleni\u0107, mons. Zlatko Koren, mons. Ivan Hren i mons. Stjepan Baloban, generalni vikar i moderator Nadbiskupskog duhovnog stola mons. Tomislav Suboti\u010danec, biskupski vikar za pastoral i kancelar pre\u010d. Marko Kova\u010d, ekonom Zagreba\u010dke nadbiskupije pre\u010d. Tomica \u0160estak, rektor Nadbiskupskog bogoslovnog sjemeni\u0161ta pre\u010d. \u017deljko Faltak i odgojitelji Nadbiskupskog bogoslovnog sjemeni\u0161ta, javlja Tiskovni ured Zagreba\u010dke nadbiskupije.<\/p>\n\n\n\n<figure class=\"wp-block-image\"><img decoding=\"async\" src=\"https:\/\/narod.hr\/wp-content\/uploads\/2022\/04\/Uskrs-2022-12.jpg\" alt=\"bozani\u0107\"\/><figcaption><em>Kardinal Bozani\u0107 susreo se s prognanicima iz Ukrajine, Foto: Tiskovni ured Zagreba\u010dke nadbiskupije<\/em><\/figcaption><\/figure>\n\n\n\n<p>Kardinal je u homiliji istaknuo navje\u0161taj koji od uskrsnog jutra odjekuje svijetom. \u201cKrist je uskrsnuo. Krist je \u017eiv. Pobije\u0111eni su grijeh i smrt. Pobije\u0111en je neprijatelj \u010dovjeka. Po\u010delo je novo vrijeme, Kristovo vrijeme.\u201d<\/p>\n\n\n\n<p>\u201cSjene tame i mraka Velikoga petka osje\u0107amo i danas, dodirujemo ih, probijamo se kroz njih po boli, koju \u010dovjek sebi i drugima nanosi, iako znamo da smo pozvani na radost \u017eivota\u201d, rekao je kardinal i nadodao da je nakon Velikog petka uslijedila Velika subota u kojoj su Isusovi u\u010denici bili \u201cprestra\u0161eni i zbunjeni onim \u0161to se dogodilo s njihovim U\u010diteljem. Isusova Majka Marija u \u0161utnji je \u010dekala. Bila je to subota Bo\u017eje \u0161utnje. Ali je do\u0161ao Tre\u0107i dan\u201d, istaknuo je kardinal Bozani\u0107.<\/p>\n\n\n\n<p>\u201cToga jutra \u2013 \u201ejo\u0161 za mraka\u201c \u2013 Bog je \u0161irom otvorio vrata neba i vratio \u010dovjeku smisao \u017eivota. Na grob sti\u017eu oni koji ljube Isusa. To je uvjet uskrsne vjere. U susretu s tragovima smrti, Bog nas vodi onkraj smrti, objavljuju\u0107i da Isusov grob nije mjesto zavr\u0161etka \u017eivota, ve\u0107 naprotiv mjesto susreta Gospodara \u017eivota s ljudima koji su stvoreni za \u017eivot i to za \u017eivot koji ne prestaje, vje\u010dni \u017eivot.\u201d<\/p>\n\n\n\n<p>Naglasiv\u0161i univerzalnost doga\u0111aja Kristova uskrsnu\u0107a kardinal Bozani\u0107 je istaknu da \u201ctaj jedinstveni doga\u0111aj otvara novu dimenziju ljudskog postojanja. Isusovo Uskrsnu\u0107e je razbilo tamu smrti, jer je po njemu prodrlo u svijet novo Bo\u017eje svjetlo. Bez doga\u0111aja Kristova uskrsnu\u0107a, Isus bi bio i ostao mo\u017eda samo nositelj nove nauke, na\u0161 \u017eivot ne bi dobio krsnu, sakramentalnu snagu za temeljitu promjenu, a Crkva ne bi mogla biti prepoznata kao sakrament, znak i sredstvo nutarnjeg jedinstva s Bogom i jedinstva cijeloga ljudskog roda\u201d, te je nadodao da je na\u0161a vjera uzaludna i isprazna ako ju promatramo i \u017eivimo bez stvarnosti uskrsnu\u0107a koje je sredi\u0161te na\u0161e vjere.<\/p>\n\n\n\n<p>Kardinal Bozani\u0107 istaknuo je i \u010dovjekovu stvarnost u kojoj \u201cuvijek iznova upada u napast odmaka od milosti Uskrsnu\u0107a, kada poku\u0161ava \u017eivjeti kao da Boga nema, kada postane bezosje\u0107ajan na trpljenje drugih, kada na hirovit i sebi\u010dan na\u010din do\u017eivljava svoju slobodu apsolutnom, kada se ne \u017eeli priznati stvorenjem koje ovisi o Stvoritelju, kada dru\u0161tvo i kultura misle da su oni izvor morala, kada se kao jedina vrijednost postavlja osobno i trenutno blagostanje\u2026 Tada se okre\u0107e lice od Krista uskrsloga i \u017eivog i nastoji u tminu zemlje zatomiti navje\u0161taj Uskrsnu\u0107a.\u201d<\/p>\n\n\n\n<p>\u201cNaime, kako pi\u0161e filozof Max Horkheimer mi trebamo odbiti prihvatiti stvarnost po kojoj je krvnik vje\u010dno u pravu u odnosu na svoju \u017ertvu. Budu\u0107nost ne pripada nasilju. To je duboki smisao Uskrsa za nas, za na\u0161u sudbinu, za ljudsku povijest. Naime, Isusovo uskrsnu\u0107e nije odijeljeno od na\u0161ega uskrsnu\u0107a.\u201d<\/p>\n\n\n\n<p>Na kraju homilije kardinal je izrekao rije\u010di koje je bla\u017eeni Alojzije Stepinac rekao u zagreba\u010dkoj Prvostolnici na svetkovinu Uskrsa, 13. travnja 1941. godine. \u201eJedan od najljep\u0161ih darova, \u0161to ih je Isus Krist donio svojim apostolima nakon slavnog uskrsnu\u0107a, bio je bez sumnja dar mira. Ako smo ikada osje\u0107ali vrijednost ovoga dara, to ga osje\u0107amo danas, kad je \u010ditav svijet nalik strahovitom uzburkanom oceanu, na kojem pojedina\u010dni ljudski \u017eivoti, a i \u010ditavi narodi, postado\u0161e igra\u010dka razbje\u0161njelih valova strasti\u201d i nadodao je da je aktualnost Bla\u017eenikovih rije\u010di jaka poruka za suvremenost u kojoj \u017eivimo.<\/p>\n\n\n\n<p>Na kraju misnog slavlja kardinal Bozani\u0107 istaknuo je da je dana\u0161nja misa na osobit na\u010din prikazana za mir i zajedni\u0161tvo u na\u0161oj domovini, ali i u svijetu te je pozdravio skupinu prognanika iz Ukrajine koji su u svojoj pote\u0161ko\u0107i na\u0161li privremeni dom u Zagrebu i bili prisutni na ovom slavlju. Na misi su prisustvovali i predstavnici vlasti predsjednik Vlade RH Andrej Plenkovi\u0107, potpredsjednik Vlade i ministar branitelja Tomo Medved, potpredsjednik Vlade i ministar unutarnjih poslova Davor Bo\u017einovi\u0107, ministar vanjskih i europskih poslova Gordan Grli\u0107 Radman, ministrica kulture i medija Nina Obuljen Kor\u017einek te akademik Zvonko Kusi\u0107.<\/p>\n\n\n\n<p>Misno slavlje animirali su Koralisti zagreba\u010dke katedrale i Mje\u0161oviti katedralni zbor pod ravnanjem maestra Miroslava Martinjaka.<\/p>\n\n\n\n<p>Nakon euharistijskoga slavlja kardinal Bozani\u0107 susreo se s prognanicima iz Ukrajine kojima je smje\u0161taj u Hrvatskoj osigurao Caritas Zagreba\u010dke nadbiskupije.<\/p>\n\n\n\n<p><em>Izvor: narod.hr<\/em><\/p>\n","protected":false},"excerpt":{"rendered":"<p>Zagreba\u010dki nadbiskup kardinal Josip Bozani\u0107 predslavio je sve\u010dano misno slavlje na Nedjelju Uskrsnu\u0107a Gospodinova, 17. travnja 2022., u Bogoslu\u017enom prostoru bl. Alojzija Stepinca na zagreba\u010dkom Kaptolu. Na misnom slavlju koncelebrirali su kanonici Prvostolnog kaptola zagreba\u010dkog mons. Stjepan Ve\u010dkovi\u0107, mons. Ivan Mikleni\u0107, mons. Zlatko Koren, mons. Ivan Hren i mons. Stjepan Baloban, generalni vikar i moderator [&hellip;]<\/p>\n","protected":false},"author":2,"featured_media":133311,"comment_status":"closed","ping_status":"closed","sticky":false,"template":"","format":"standard","meta":{"h5ap_radio_sources":[],"footnotes":""},"categories":[1],"tags":[],"class_list":["post-133310","post","type-post","status-publish","format-standard","has-post-thumbnail","hentry","category-bihiregija"],"yoast_head":"<!-- This site is optimized with the Yoast SEO plugin v27.5 - https:\/\/yoast.com\/product\/yoast-seo-wordpress\/ -->\n<title>Kardinal Bozani\u0107 u homiliji istaknuo: Krist je \u017eiv\u2026Po\u010delo je novo vrijeme, Kristovo vrijeme; nakon mise susreo se s Ukrajincima - RADIO LJUBU\u0160KI<\/title>\n<meta name=\"robots\" content=\"index, follow, max-snippet:-1, max-image-preview:large, max-video-preview:-1\" \/>\n<link rel=\"canonical\" href=\"https:\/\/radioljubuski.ba\/index.php\/2022\/04\/17\/kardinal-bozanic-u-homiliji-istaknuo-krist-je-zivpocelo-je-novo-vrijeme-kristovo-vrijeme-nakon-mise-susreo-se-s-ukrajincima\/\" \/>\n<meta property=\"og:locale\" content=\"hr_HR\" \/>\n<meta property=\"og:type\" content=\"article\" \/>\n<meta property=\"og:title\" content=\"Kardinal Bozani\u0107 u homiliji istaknuo: Krist je \u017eiv\u2026Po\u010delo je novo vrijeme, Kristovo vrijeme; nakon mise susreo se s Ukrajincima - RADIO LJUBU\u0160KI\" \/>\n<meta property=\"og:description\" content=\"Zagreba\u010dki nadbiskup kardinal Josip Bozani\u0107 predslavio je sve\u010dano misno slavlje na Nedjelju Uskrsnu\u0107a Gospodinova, 17. travnja 2022., u Bogoslu\u017enom prostoru bl. Alojzija Stepinca na zagreba\u010dkom Kaptolu. Na misnom slavlju koncelebrirali su kanonici Prvostolnog kaptola zagreba\u010dkog mons. Stjepan Ve\u010dkovi\u0107, mons. Ivan Mikleni\u0107, mons. Zlatko Koren, mons. Ivan Hren i mons. Stjepan Baloban, generalni vikar i moderator [&hellip;]\" \/>\n<meta property=\"og:url\" content=\"https:\/\/radioljubuski.ba\/index.php\/2022\/04\/17\/kardinal-bozanic-u-homiliji-istaknuo-krist-je-zivpocelo-je-novo-vrijeme-kristovo-vrijeme-nakon-mise-susreo-se-s-ukrajincima\/\" \/>\n<meta property=\"og:site_name\" content=\"RADIO LJUBU\u0160KI\" \/>\n<meta property=\"article:publisher\" content=\"https:\/\/www.facebook.com\/Radiio-Ljubuski-1490835324566332\" \/>\n<meta property=\"article:published_time\" content=\"2022-04-17T16:59:23+00:00\" \/>\n<meta property=\"article:modified_time\" content=\"2022-04-17T16:59:24+00:00\" \/>\n<meta property=\"og:image\" content=\"https:\/\/radioljubuski.ba\/wp-content\/uploads\/2022\/04\/HN20220417489301-scaled-1-scaled.jpg\" \/>\n\t<meta property=\"og:image:width\" content=\"2560\" \/>\n\t<meta property=\"og:image:height\" content=\"1707\" \/>\n\t<meta property=\"og:image:type\" content=\"image\/jpeg\" \/>\n<meta name=\"author\" content=\"Radio Ljubu\u0161ki\" \/>\n<meta name=\"twitter:card\" content=\"summary_large_image\" \/>\n<meta name=\"twitter:creator\" content=\"@radioljubuski\" \/>\n<meta name=\"twitter:site\" content=\"@radioljubuski\" \/>\n<meta name=\"twitter:label1\" content=\"Napisao\/la\" \/>\n\t<meta name=\"twitter:data1\" content=\"Radio Ljubu\u0161ki\" \/>\n\t<meta name=\"twitter:label2\" content=\"Procijenjeno vrijeme \u010ditanja\" \/>\n\t<meta name=\"twitter:data2\" content=\"4 minute\" \/>\n<script type=\"application\/ld+json\" class=\"yoast-schema-graph\">{\"@context\":\"https:\\\/\\\/schema.org\",\"@graph\":[{\"@type\":\"Article\",\"@id\":\"https:\\\/\\\/radioljubuski.ba\\\/index.php\\\/2022\\\/04\\\/17\\\/kardinal-bozanic-u-homiliji-istaknuo-krist-je-zivpocelo-je-novo-vrijeme-kristovo-vrijeme-nakon-mise-susreo-se-s-ukrajincima\\\/#article\",\"isPartOf\":{\"@id\":\"https:\\\/\\\/radioljubuski.ba\\\/index.php\\\/2022\\\/04\\\/17\\\/kardinal-bozanic-u-homiliji-istaknuo-krist-je-zivpocelo-je-novo-vrijeme-kristovo-vrijeme-nakon-mise-susreo-se-s-ukrajincima\\\/\"},\"author\":{\"name\":\"Radio Ljubu\u0161ki\",\"@id\":\"https:\\\/\\\/radioljubuski.ba\\\/#\\\/schema\\\/person\\\/19fc700381a780f69665d7956c469e3b\"},\"headline\":\"Kardinal Bozani\u0107 u homiliji istaknuo: Krist je \u017eiv\u2026Po\u010delo je novo vrijeme, Kristovo vrijeme; nakon mise susreo se s Ukrajincima\",\"datePublished\":\"2022-04-17T16:59:23+00:00\",\"dateModified\":\"2022-04-17T16:59:24+00:00\",\"mainEntityOfPage\":{\"@id\":\"https:\\\/\\\/radioljubuski.ba\\\/index.php\\\/2022\\\/04\\\/17\\\/kardinal-bozanic-u-homiliji-istaknuo-krist-je-zivpocelo-je-novo-vrijeme-kristovo-vrijeme-nakon-mise-susreo-se-s-ukrajincima\\\/\"},\"wordCount\":856,\"publisher\":{\"@id\":\"https:\\\/\\\/radioljubuski.ba\\\/#organization\"},\"image\":{\"@id\":\"https:\\\/\\\/radioljubuski.ba\\\/index.php\\\/2022\\\/04\\\/17\\\/kardinal-bozanic-u-homiliji-istaknuo-krist-je-zivpocelo-je-novo-vrijeme-kristovo-vrijeme-nakon-mise-susreo-se-s-ukrajincima\\\/#primaryimage\"},\"thumbnailUrl\":\"https:\\\/\\\/radioljubuski.ba\\\/wp-content\\\/uploads\\\/2022\\\/04\\\/HN20220417489301-scaled-1-scaled.jpg\",\"articleSection\":[\"BIH i regija\"],\"inLanguage\":\"hr\"},{\"@type\":\"WebPage\",\"@id\":\"https:\\\/\\\/radioljubuski.ba\\\/index.php\\\/2022\\\/04\\\/17\\\/kardinal-bozanic-u-homiliji-istaknuo-krist-je-zivpocelo-je-novo-vrijeme-kristovo-vrijeme-nakon-mise-susreo-se-s-ukrajincima\\\/\",\"url\":\"https:\\\/\\\/radioljubuski.ba\\\/index.php\\\/2022\\\/04\\\/17\\\/kardinal-bozanic-u-homiliji-istaknuo-krist-je-zivpocelo-je-novo-vrijeme-kristovo-vrijeme-nakon-mise-susreo-se-s-ukrajincima\\\/\",\"name\":\"Kardinal Bozani\u0107 u homiliji istaknuo: Krist je \u017eiv\u2026Po\u010delo je novo vrijeme, Kristovo vrijeme; nakon mise susreo se s Ukrajincima - RADIO LJUBU\u0160KI\",\"isPartOf\":{\"@id\":\"https:\\\/\\\/radioljubuski.ba\\\/#website\"},\"primaryImageOfPage\":{\"@id\":\"https:\\\/\\\/radioljubuski.ba\\\/index.php\\\/2022\\\/04\\\/17\\\/kardinal-bozanic-u-homiliji-istaknuo-krist-je-zivpocelo-je-novo-vrijeme-kristovo-vrijeme-nakon-mise-susreo-se-s-ukrajincima\\\/#primaryimage\"},\"image\":{\"@id\":\"https:\\\/\\\/radioljubuski.ba\\\/index.php\\\/2022\\\/04\\\/17\\\/kardinal-bozanic-u-homiliji-istaknuo-krist-je-zivpocelo-je-novo-vrijeme-kristovo-vrijeme-nakon-mise-susreo-se-s-ukrajincima\\\/#primaryimage\"},\"thumbnailUrl\":\"https:\\\/\\\/radioljubuski.ba\\\/wp-content\\\/uploads\\\/2022\\\/04\\\/HN20220417489301-scaled-1-scaled.jpg\",\"datePublished\":\"2022-04-17T16:59:23+00:00\",\"dateModified\":\"2022-04-17T16:59:24+00:00\",\"breadcrumb\":{\"@id\":\"https:\\\/\\\/radioljubuski.ba\\\/index.php\\\/2022\\\/04\\\/17\\\/kardinal-bozanic-u-homiliji-istaknuo-krist-je-zivpocelo-je-novo-vrijeme-kristovo-vrijeme-nakon-mise-susreo-se-s-ukrajincima\\\/#breadcrumb\"},\"inLanguage\":\"hr\",\"potentialAction\":[{\"@type\":\"ReadAction\",\"target\":[\"https:\\\/\\\/radioljubuski.ba\\\/index.php\\\/2022\\\/04\\\/17\\\/kardinal-bozanic-u-homiliji-istaknuo-krist-je-zivpocelo-je-novo-vrijeme-kristovo-vrijeme-nakon-mise-susreo-se-s-ukrajincima\\\/\"]}]},{\"@type\":\"ImageObject\",\"inLanguage\":\"hr\",\"@id\":\"https:\\\/\\\/radioljubuski.ba\\\/index.php\\\/2022\\\/04\\\/17\\\/kardinal-bozanic-u-homiliji-istaknuo-krist-je-zivpocelo-je-novo-vrijeme-kristovo-vrijeme-nakon-mise-susreo-se-s-ukrajincima\\\/#primaryimage\",\"url\":\"https:\\\/\\\/radioljubuski.ba\\\/wp-content\\\/uploads\\\/2022\\\/04\\\/HN20220417489301-scaled-1-scaled.jpg\",\"contentUrl\":\"https:\\\/\\\/radioljubuski.ba\\\/wp-content\\\/uploads\\\/2022\\\/04\\\/HN20220417489301-scaled-1-scaled.jpg\",\"width\":2560,\"height\":1707},{\"@type\":\"BreadcrumbList\",\"@id\":\"https:\\\/\\\/radioljubuski.ba\\\/index.php\\\/2022\\\/04\\\/17\\\/kardinal-bozanic-u-homiliji-istaknuo-krist-je-zivpocelo-je-novo-vrijeme-kristovo-vrijeme-nakon-mise-susreo-se-s-ukrajincima\\\/#breadcrumb\",\"itemListElement\":[{\"@type\":\"ListItem\",\"position\":1,\"name\":\"Po\u010detna stranica\",\"item\":\"https:\\\/\\\/radioljubuski.ba\\\/\"},{\"@type\":\"ListItem\",\"position\":2,\"name\":\"Kardinal Bozani\u0107 u homiliji istaknuo: Krist je \u017eiv\u2026Po\u010delo je novo vrijeme, Kristovo vrijeme; nakon mise susreo se s Ukrajincima\"}]},{\"@type\":\"WebSite\",\"@id\":\"https:\\\/\\\/radioljubuski.ba\\\/#website\",\"url\":\"https:\\\/\\\/radioljubuski.ba\\\/\",\"name\":\"Radio Ljubu\u0161ki\",\"description\":\"Sun\u010dana frekvencija Hercegovine\",\"publisher\":{\"@id\":\"https:\\\/\\\/radioljubuski.ba\\\/#organization\"},\"potentialAction\":[{\"@type\":\"SearchAction\",\"target\":{\"@type\":\"EntryPoint\",\"urlTemplate\":\"https:\\\/\\\/radioljubuski.ba\\\/?s={search_term_string}\"},\"query-input\":{\"@type\":\"PropertyValueSpecification\",\"valueRequired\":true,\"valueName\":\"search_term_string\"}}],\"inLanguage\":\"hr\"},{\"@type\":\"Organization\",\"@id\":\"https:\\\/\\\/radioljubuski.ba\\\/#organization\",\"name\":\"Radio Ljubu\u0161ki\",\"url\":\"https:\\\/\\\/radioljubuski.ba\\\/\",\"logo\":{\"@type\":\"ImageObject\",\"inLanguage\":\"hr\",\"@id\":\"https:\\\/\\\/radioljubuski.ba\\\/#\\\/schema\\\/logo\\\/image\\\/\",\"url\":\"https:\\\/\\\/radioljubuski.ba\\\/wp-content\\\/uploads\\\/2021\\\/02\\\/cropped-Radio_Ljubuski_logo1.jpg\",\"contentUrl\":\"https:\\\/\\\/radioljubuski.ba\\\/wp-content\\\/uploads\\\/2021\\\/02\\\/cropped-Radio_Ljubuski_logo1.jpg\",\"width\":512,\"height\":512,\"caption\":\"Radio Ljubu\u0161ki\"},\"image\":{\"@id\":\"https:\\\/\\\/radioljubuski.ba\\\/#\\\/schema\\\/logo\\\/image\\\/\"},\"sameAs\":[\"https:\\\/\\\/www.facebook.com\\\/Radiio-Ljubuski-1490835324566332\",\"https:\\\/\\\/x.com\\\/radioljubuski\",\"https:\\\/\\\/hr.linkedin.com\\\/company\\\/radio-ljubuski\",\"https:\\\/\\\/www.youtube.com\\\/channel\\\/UCHYaeO_n0Db3tjNGudGpXyw\"]},{\"@type\":\"Person\",\"@id\":\"https:\\\/\\\/radioljubuski.ba\\\/#\\\/schema\\\/person\\\/19fc700381a780f69665d7956c469e3b\",\"name\":\"Radio Ljubu\u0161ki\"}]}<\/script>\n<!-- \/ Yoast SEO plugin. -->","yoast_head_json":{"title":"Kardinal Bozani\u0107 u homiliji istaknuo: Krist je \u017eiv\u2026Po\u010delo je novo vrijeme, Kristovo vrijeme; nakon mise susreo se s Ukrajincima - RADIO LJUBU\u0160KI","robots":{"index":"index","follow":"follow","max-snippet":"max-snippet:-1","max-image-preview":"max-image-preview:large","max-video-preview":"max-video-preview:-1"},"canonical":"https:\/\/radioljubuski.ba\/index.php\/2022\/04\/17\/kardinal-bozanic-u-homiliji-istaknuo-krist-je-zivpocelo-je-novo-vrijeme-kristovo-vrijeme-nakon-mise-susreo-se-s-ukrajincima\/","og_locale":"hr_HR","og_type":"article","og_title":"Kardinal Bozani\u0107 u homiliji istaknuo: Krist je \u017eiv\u2026Po\u010delo je novo vrijeme, Kristovo vrijeme; nakon mise susreo se s Ukrajincima - RADIO LJUBU\u0160KI","og_description":"Zagreba\u010dki nadbiskup kardinal Josip Bozani\u0107 predslavio je sve\u010dano misno slavlje na Nedjelju Uskrsnu\u0107a Gospodinova, 17. travnja 2022., u Bogoslu\u017enom prostoru bl. Alojzija Stepinca na zagreba\u010dkom Kaptolu. Na misnom slavlju koncelebrirali su kanonici Prvostolnog kaptola zagreba\u010dkog mons. Stjepan Ve\u010dkovi\u0107, mons. Ivan Mikleni\u0107, mons. Zlatko Koren, mons. Ivan Hren i mons. Stjepan Baloban, generalni vikar i moderator [&hellip;]","og_url":"https:\/\/radioljubuski.ba\/index.php\/2022\/04\/17\/kardinal-bozanic-u-homiliji-istaknuo-krist-je-zivpocelo-je-novo-vrijeme-kristovo-vrijeme-nakon-mise-susreo-se-s-ukrajincima\/","og_site_name":"RADIO LJUBU\u0160KI","article_publisher":"https:\/\/www.facebook.com\/Radiio-Ljubuski-1490835324566332","article_published_time":"2022-04-17T16:59:23+00:00","article_modified_time":"2022-04-17T16:59:24+00:00","og_image":[{"width":2560,"height":1707,"url":"https:\/\/radioljubuski.ba\/wp-content\/uploads\/2022\/04\/HN20220417489301-scaled-1-scaled.jpg","type":"image\/jpeg"}],"author":"Radio Ljubu\u0161ki","twitter_card":"summary_large_image","twitter_creator":"@radioljubuski","twitter_site":"@radioljubuski","twitter_misc":{"Napisao\/la":"Radio Ljubu\u0161ki","Procijenjeno vrijeme \u010ditanja":"4 minute"},"schema":{"@context":"https:\/\/schema.org","@graph":[{"@type":"Article","@id":"https:\/\/radioljubuski.ba\/index.php\/2022\/04\/17\/kardinal-bozanic-u-homiliji-istaknuo-krist-je-zivpocelo-je-novo-vrijeme-kristovo-vrijeme-nakon-mise-susreo-se-s-ukrajincima\/#article","isPartOf":{"@id":"https:\/\/radioljubuski.ba\/index.php\/2022\/04\/17\/kardinal-bozanic-u-homiliji-istaknuo-krist-je-zivpocelo-je-novo-vrijeme-kristovo-vrijeme-nakon-mise-susreo-se-s-ukrajincima\/"},"author":{"name":"Radio Ljubu\u0161ki","@id":"https:\/\/radioljubuski.ba\/#\/schema\/person\/19fc700381a780f69665d7956c469e3b"},"headline":"Kardinal Bozani\u0107 u homiliji istaknuo: Krist je \u017eiv\u2026Po\u010delo je novo vrijeme, Kristovo vrijeme; nakon mise susreo se s Ukrajincima","datePublished":"2022-04-17T16:59:23+00:00","dateModified":"2022-04-17T16:59:24+00:00","mainEntityOfPage":{"@id":"https:\/\/radioljubuski.ba\/index.php\/2022\/04\/17\/kardinal-bozanic-u-homiliji-istaknuo-krist-je-zivpocelo-je-novo-vrijeme-kristovo-vrijeme-nakon-mise-susreo-se-s-ukrajincima\/"},"wordCount":856,"publisher":{"@id":"https:\/\/radioljubuski.ba\/#organization"},"image":{"@id":"https:\/\/radioljubuski.ba\/index.php\/2022\/04\/17\/kardinal-bozanic-u-homiliji-istaknuo-krist-je-zivpocelo-je-novo-vrijeme-kristovo-vrijeme-nakon-mise-susreo-se-s-ukrajincima\/#primaryimage"},"thumbnailUrl":"https:\/\/radioljubuski.ba\/wp-content\/uploads\/2022\/04\/HN20220417489301-scaled-1-scaled.jpg","articleSection":["BIH i regija"],"inLanguage":"hr"},{"@type":"WebPage","@id":"https:\/\/radioljubuski.ba\/index.php\/2022\/04\/17\/kardinal-bozanic-u-homiliji-istaknuo-krist-je-zivpocelo-je-novo-vrijeme-kristovo-vrijeme-nakon-mise-susreo-se-s-ukrajincima\/","url":"https:\/\/radioljubuski.ba\/index.php\/2022\/04\/17\/kardinal-bozanic-u-homiliji-istaknuo-krist-je-zivpocelo-je-novo-vrijeme-kristovo-vrijeme-nakon-mise-susreo-se-s-ukrajincima\/","name":"Kardinal Bozani\u0107 u homiliji istaknuo: Krist je \u017eiv\u2026Po\u010delo je novo vrijeme, Kristovo vrijeme; nakon mise susreo se s Ukrajincima - RADIO LJUBU\u0160KI","isPartOf":{"@id":"https:\/\/radioljubuski.ba\/#website"},"primaryImageOfPage":{"@id":"https:\/\/radioljubuski.ba\/index.php\/2022\/04\/17\/kardinal-bozanic-u-homiliji-istaknuo-krist-je-zivpocelo-je-novo-vrijeme-kristovo-vrijeme-nakon-mise-susreo-se-s-ukrajincima\/#primaryimage"},"image":{"@id":"https:\/\/radioljubuski.ba\/index.php\/2022\/04\/17\/kardinal-bozanic-u-homiliji-istaknuo-krist-je-zivpocelo-je-novo-vrijeme-kristovo-vrijeme-nakon-mise-susreo-se-s-ukrajincima\/#primaryimage"},"thumbnailUrl":"https:\/\/radioljubuski.ba\/wp-content\/uploads\/2022\/04\/HN20220417489301-scaled-1-scaled.jpg","datePublished":"2022-04-17T16:59:23+00:00","dateModified":"2022-04-17T16:59:24+00:00","breadcrumb":{"@id":"https:\/\/radioljubuski.ba\/index.php\/2022\/04\/17\/kardinal-bozanic-u-homiliji-istaknuo-krist-je-zivpocelo-je-novo-vrijeme-kristovo-vrijeme-nakon-mise-susreo-se-s-ukrajincima\/#breadcrumb"},"inLanguage":"hr","potentialAction":[{"@type":"ReadAction","target":["https:\/\/radioljubuski.ba\/index.php\/2022\/04\/17\/kardinal-bozanic-u-homiliji-istaknuo-krist-je-zivpocelo-je-novo-vrijeme-kristovo-vrijeme-nakon-mise-susreo-se-s-ukrajincima\/"]}]},{"@type":"ImageObject","inLanguage":"hr","@id":"https:\/\/radioljubuski.ba\/index.php\/2022\/04\/17\/kardinal-bozanic-u-homiliji-istaknuo-krist-je-zivpocelo-je-novo-vrijeme-kristovo-vrijeme-nakon-mise-susreo-se-s-ukrajincima\/#primaryimage","url":"https:\/\/radioljubuski.ba\/wp-content\/uploads\/2022\/04\/HN20220417489301-scaled-1-scaled.jpg","contentUrl":"https:\/\/radioljubuski.ba\/wp-content\/uploads\/2022\/04\/HN20220417489301-scaled-1-scaled.jpg","width":2560,"height":1707},{"@type":"BreadcrumbList","@id":"https:\/\/radioljubuski.ba\/index.php\/2022\/04\/17\/kardinal-bozanic-u-homiliji-istaknuo-krist-je-zivpocelo-je-novo-vrijeme-kristovo-vrijeme-nakon-mise-susreo-se-s-ukrajincima\/#breadcrumb","itemListElement":[{"@type":"ListItem","position":1,"name":"Po\u010detna stranica","item":"https:\/\/radioljubuski.ba\/"},{"@type":"ListItem","position":2,"name":"Kardinal Bozani\u0107 u homiliji istaknuo: Krist je \u017eiv\u2026Po\u010delo je novo vrijeme, Kristovo vrijeme; nakon mise susreo se s Ukrajincima"}]},{"@type":"WebSite","@id":"https:\/\/radioljubuski.ba\/#website","url":"https:\/\/radioljubuski.ba\/","name":"Radio Ljubu\u0161ki","description":"Sun\u010dana frekvencija Hercegovine","publisher":{"@id":"https:\/\/radioljubuski.ba\/#organization"},"potentialAction":[{"@type":"SearchAction","target":{"@type":"EntryPoint","urlTemplate":"https:\/\/radioljubuski.ba\/?s={search_term_string}"},"query-input":{"@type":"PropertyValueSpecification","valueRequired":true,"valueName":"search_term_string"}}],"inLanguage":"hr"},{"@type":"Organization","@id":"https:\/\/radioljubuski.ba\/#organization","name":"Radio Ljubu\u0161ki","url":"https:\/\/radioljubuski.ba\/","logo":{"@type":"ImageObject","inLanguage":"hr","@id":"https:\/\/radioljubuski.ba\/#\/schema\/logo\/image\/","url":"https:\/\/radioljubuski.ba\/wp-content\/uploads\/2021\/02\/cropped-Radio_Ljubuski_logo1.jpg","contentUrl":"https:\/\/radioljubuski.ba\/wp-content\/uploads\/2021\/02\/cropped-Radio_Ljubuski_logo1.jpg","width":512,"height":512,"caption":"Radio Ljubu\u0161ki"},"image":{"@id":"https:\/\/radioljubuski.ba\/#\/schema\/logo\/image\/"},"sameAs":["https:\/\/www.facebook.com\/Radiio-Ljubuski-1490835324566332","https:\/\/x.com\/radioljubuski","https:\/\/hr.linkedin.com\/company\/radio-ljubuski","https:\/\/www.youtube.com\/channel\/UCHYaeO_n0Db3tjNGudGpXyw"]},{"@type":"Person","@id":"https:\/\/radioljubuski.ba\/#\/schema\/person\/19fc700381a780f69665d7956c469e3b","name":"Radio Ljubu\u0161ki"}]}},"_links":{"self":[{"href":"https:\/\/radioljubuski.ba\/index.php\/wp-json\/wp\/v2\/posts\/133310","targetHints":{"allow":["GET"]}}],"collection":[{"href":"https:\/\/radioljubuski.ba\/index.php\/wp-json\/wp\/v2\/posts"}],"about":[{"href":"https:\/\/radioljubuski.ba\/index.php\/wp-json\/wp\/v2\/types\/post"}],"author":[{"embeddable":true,"href":"https:\/\/radioljubuski.ba\/index.php\/wp-json\/wp\/v2\/users\/2"}],"replies":[{"embeddable":true,"href":"https:\/\/radioljubuski.ba\/index.php\/wp-json\/wp\/v2\/comments?post=133310"}],"version-history":[{"count":1,"href":"https:\/\/radioljubuski.ba\/index.php\/wp-json\/wp\/v2\/posts\/133310\/revisions"}],"predecessor-version":[{"id":133312,"href":"https:\/\/radioljubuski.ba\/index.php\/wp-json\/wp\/v2\/posts\/133310\/revisions\/133312"}],"wp:featuredmedia":[{"embeddable":true,"href":"https:\/\/radioljubuski.ba\/index.php\/wp-json\/wp\/v2\/media\/133311"}],"wp:attachment":[{"href":"https:\/\/radioljubuski.ba\/index.php\/wp-json\/wp\/v2\/media?parent=133310"}],"wp:term":[{"taxonomy":"category","embeddable":true,"href":"https:\/\/radioljubuski.ba\/index.php\/wp-json\/wp\/v2\/categories?post=133310"},{"taxonomy":"post_tag","embeddable":true,"href":"https:\/\/radioljubuski.ba\/index.php\/wp-json\/wp\/v2\/tags?post=133310"}],"curies":[{"name":"wp","href":"https:\/\/api.w.org\/{rel}","templated":true}]}}