{"id":133316,"date":"2022-04-17T18:02:59","date_gmt":"2022-04-17T17:02:59","guid":{"rendered":"https:\/\/radioljubuski.ba\/?p=133316"},"modified":"2022-04-17T18:03:00","modified_gmt":"2022-04-17T17:03:00","slug":"u-ljeto-2023-planirano-otvorenje-zagrebacke-katedrale","status":"publish","type":"post","link":"https:\/\/radioljubuski.ba\/index.php\/2022\/04\/17\/u-ljeto-2023-planirano-otvorenje-zagrebacke-katedrale\/","title":{"rendered":"U ljeto 2023. planirano otvorenje zagreba\u010dke katedrale"},"content":{"rendered":"\n<p><strong>Kada \u0107e zagreba\u010dka katedrala otvoriti svoja vrata &#8211; pitanje je na koje mnogi tra\u017ee odgovor. Obnova \u0107e dugo trajati, sla\u017eu se stru\u010dnjaci, ali bude li sve po planu, to bi se moglo dogoditi idu\u0107e ljeto.&nbsp;<\/strong><\/p>\n\n\n\n<p>Elaborat postoje\u0107eg stanja zagreba\u010dke katedrale ima na tisu\u0107e stranica, koje je zajedni\u010dkim snagama odradilo vi\u0161e od stotinu stru\u010dnjaka. Me\u0111u njima i jedan od glavnih projektanata prof.<strong>&nbsp;Josip Atali<\/strong>\u0107 s gra\u0111evinskog fakulteta koji ne krije da mu je upravo ova obnova jedan od najve\u0107ih profesionalnih izazova dosad.<br><br>&#8211; Mi smo sad vrlo intenzivno, okupiv\u0161i brojne fakultete i najbolje gra\u0111evinske firme, pristupili po\u010detnom istra\u017eivanju da ne\u0161to ne fulamo. Jer ovdje se okuplja vrlo velik broj vjernika i treba garantirati za njihovu sigurnost, isti\u010de prof. Atali\u0107.&nbsp;<br><br>Dosad su obavljena brojna geotethni\u010dka istra\u017eivanja od kamena, tla, svodova, vibracija kako bi se napravili elaborati za pojedine dijelove katedrale. Nakon tih urgentnih radova, procijenjenih na 200 milijuna kuna, katedrala bi se, predvi\u0111a prof. Atali\u0107, mogla otvoriti idu\u0107e ljeto.<\/p>\n\n\n\n<p><br>&#8211; Katedrala mora ostati u svom znaku, u svojoj prepoznatljivosti onakva kakvu ju je zamislio\u00a0<strong>Herman Bolle<\/strong>\u00a0koji se inspirirao katedralom u Kolnu i po nekima je ta na\u0161a katedrala mali preslik kelnske katedrale, rekao je mons.\u00a0<strong>Zlatko Koren<\/strong>, potpredsjednik Odbora za obnovu zagreba\u010dke katedrale.<br><br>Problem s obnovom sli\u010dnih gra\u0111evina imaju i druge dr\u017eave, primjerice Francuska, \u010dija je katedrala Notre Damme izgorjela prije \u010detiri godine i jo\u0161 je u tijeku izrada dokumentacije premda su se u medijima mogla \u010duti obe\u0107anja za kratke rokove obnove. Ispred zagreba\u010dke prvostolnice, sasvim sigurno, tvrde stru\u010dnjaci, stoji vi\u0161egodi\u0161nja obnova.<br><br>Za to vrijeme svoja \u0107e vrata otvoriti bogoslu\u017eni prostor bla\u017eenog Alojzija Stepinca u kojem se do\u010dekuje i prvi Uskrs.<br><br>&#8211; Svete mise u bogoslu\u017enom prostoru su u nedjelju u 7 i 9 sati te sve\u010dano euharisitijsko slavlje na svetkovinu Uskrsa u 10 sati koje predvodi na\u0161 kardinal\u00a0<strong>Josip Bozani\u0107<\/strong>, ka\u017ee mons.\u00a0<strong>Josip Kuhti\u0107<\/strong>.\u00a0<br><br>A do Uskrsa idu\u0107e godine, katedrala bi, nadaju se oni koji na njezinoj obnovi rade, mogla biti pred zavr\u0161etkom prve faze obnove.<\/p>\n\n\n\n<div style=\"width: 640px;\" class=\"wp-video\"><video class=\"wp-video-shortcode\" id=\"video-133316-1\" width=\"640\" height=\"360\" preload=\"metadata\" controls=\"controls\"><source type=\"video\/mp4\" src=\"https:\/\/api.hrt.hr\/media\/31\/3a\/tvd2-katedrala-1604-20220416172843.mp4?_=1\" \/><a href=\"https:\/\/api.hrt.hr\/media\/31\/3a\/tvd2-katedrala-1604-20220416172843.mp4\">https:\/\/api.hrt.hr\/media\/31\/3a\/tvd2-katedrala-1604-20220416172843.mp4<\/a><\/video><\/div>\n\n\n\n<p>Izvor:hrt.hr<\/p>\n","protected":false},"excerpt":{"rendered":"<p>Kada \u0107e zagreba\u010dka katedrala otvoriti svoja vrata &#8211; pitanje je na koje mnogi tra\u017ee odgovor. Obnova \u0107e dugo trajati, sla\u017eu se stru\u010dnjaci, ali bude li sve po planu, to bi se moglo dogoditi idu\u0107e ljeto.&nbsp; Elaborat postoje\u0107eg stanja zagreba\u010dke katedrale ima na tisu\u0107e stranica, koje je zajedni\u010dkim snagama odradilo vi\u0161e od stotinu stru\u010dnjaka. Me\u0111u njima [&hellip;]<\/p>\n","protected":false},"author":2,"featured_media":133317,"comment_status":"closed","ping_status":"closed","sticky":false,"template":"","format":"standard","meta":{"h5ap_radio_sources":[],"footnotes":""},"categories":[1],"tags":[],"class_list":["post-133316","post","type-post","status-publish","format-standard","has-post-thumbnail","hentry","category-bihiregija"],"yoast_head":"<!-- This site is optimized with the Yoast SEO plugin v27.5 - https:\/\/yoast.com\/product\/yoast-seo-wordpress\/ -->\n<title>U ljeto 2023. planirano otvorenje zagreba\u010dke katedrale - RADIO LJUBU\u0160KI<\/title>\n<meta name=\"robots\" content=\"index, follow, max-snippet:-1, max-image-preview:large, max-video-preview:-1\" \/>\n<link rel=\"canonical\" href=\"https:\/\/radioljubuski.ba\/index.php\/2022\/04\/17\/u-ljeto-2023-planirano-otvorenje-zagrebacke-katedrale\/\" \/>\n<meta property=\"og:locale\" content=\"hr_HR\" \/>\n<meta property=\"og:type\" content=\"article\" \/>\n<meta property=\"og:title\" content=\"U ljeto 2023. planirano otvorenje zagreba\u010dke katedrale - RADIO LJUBU\u0160KI\" \/>\n<meta property=\"og:description\" content=\"Kada \u0107e zagreba\u010dka katedrala otvoriti svoja vrata &#8211; pitanje je na koje mnogi tra\u017ee odgovor. Obnova \u0107e dugo trajati, sla\u017eu se stru\u010dnjaci, ali bude li sve po planu, to bi se moglo dogoditi idu\u0107e ljeto.&nbsp; Elaborat postoje\u0107eg stanja zagreba\u010dke katedrale ima na tisu\u0107e stranica, koje je zajedni\u010dkim snagama odradilo vi\u0161e od stotinu stru\u010dnjaka. Me\u0111u njima [&hellip;]\" \/>\n<meta property=\"og:url\" content=\"https:\/\/radioljubuski.ba\/index.php\/2022\/04\/17\/u-ljeto-2023-planirano-otvorenje-zagrebacke-katedrale\/\" \/>\n<meta property=\"og:site_name\" content=\"RADIO LJUBU\u0160KI\" \/>\n<meta property=\"article:publisher\" content=\"https:\/\/www.facebook.com\/Radiio-Ljubuski-1490835324566332\" \/>\n<meta property=\"article:published_time\" content=\"2022-04-17T17:02:59+00:00\" \/>\n<meta property=\"article:modified_time\" content=\"2022-04-17T17:03:00+00:00\" \/>\n<meta property=\"og:image\" content=\"https:\/\/radioljubuski.ba\/wp-content\/uploads\/2022\/04\/pxl-030322-92300056-20220416160707.jpg\" \/>\n\t<meta property=\"og:image:width\" content=\"1600\" \/>\n\t<meta property=\"og:image:height\" content=\"1067\" \/>\n\t<meta property=\"og:image:type\" content=\"image\/jpeg\" \/>\n<meta name=\"author\" content=\"Radio Ljubu\u0161ki\" \/>\n<meta name=\"twitter:card\" content=\"summary_large_image\" \/>\n<meta name=\"twitter:creator\" content=\"@radioljubuski\" \/>\n<meta name=\"twitter:site\" content=\"@radioljubuski\" \/>\n<meta name=\"twitter:label1\" content=\"Napisao\/la\" \/>\n\t<meta name=\"twitter:data1\" content=\"Radio Ljubu\u0161ki\" \/>\n\t<meta name=\"twitter:label2\" content=\"Procijenjeno vrijeme \u010ditanja\" \/>\n\t<meta name=\"twitter:data2\" content=\"2 minute\" \/>\n<script type=\"application\/ld+json\" class=\"yoast-schema-graph\">{\"@context\":\"https:\\\/\\\/schema.org\",\"@graph\":[{\"@type\":\"Article\",\"@id\":\"https:\\\/\\\/radioljubuski.ba\\\/index.php\\\/2022\\\/04\\\/17\\\/u-ljeto-2023-planirano-otvorenje-zagrebacke-katedrale\\\/#article\",\"isPartOf\":{\"@id\":\"https:\\\/\\\/radioljubuski.ba\\\/index.php\\\/2022\\\/04\\\/17\\\/u-ljeto-2023-planirano-otvorenje-zagrebacke-katedrale\\\/\"},\"author\":{\"name\":\"Radio Ljubu\u0161ki\",\"@id\":\"https:\\\/\\\/radioljubuski.ba\\\/#\\\/schema\\\/person\\\/19fc700381a780f69665d7956c469e3b\"},\"headline\":\"U ljeto 2023. planirano otvorenje zagreba\u010dke katedrale\",\"datePublished\":\"2022-04-17T17:02:59+00:00\",\"dateModified\":\"2022-04-17T17:03:00+00:00\",\"mainEntityOfPage\":{\"@id\":\"https:\\\/\\\/radioljubuski.ba\\\/index.php\\\/2022\\\/04\\\/17\\\/u-ljeto-2023-planirano-otvorenje-zagrebacke-katedrale\\\/\"},\"wordCount\":387,\"publisher\":{\"@id\":\"https:\\\/\\\/radioljubuski.ba\\\/#organization\"},\"image\":{\"@id\":\"https:\\\/\\\/radioljubuski.ba\\\/index.php\\\/2022\\\/04\\\/17\\\/u-ljeto-2023-planirano-otvorenje-zagrebacke-katedrale\\\/#primaryimage\"},\"thumbnailUrl\":\"https:\\\/\\\/radioljubuski.ba\\\/wp-content\\\/uploads\\\/2022\\\/04\\\/pxl-030322-92300056-20220416160707.jpg\",\"articleSection\":[\"BIH i regija\"],\"inLanguage\":\"hr\"},{\"@type\":\"WebPage\",\"@id\":\"https:\\\/\\\/radioljubuski.ba\\\/index.php\\\/2022\\\/04\\\/17\\\/u-ljeto-2023-planirano-otvorenje-zagrebacke-katedrale\\\/\",\"url\":\"https:\\\/\\\/radioljubuski.ba\\\/index.php\\\/2022\\\/04\\\/17\\\/u-ljeto-2023-planirano-otvorenje-zagrebacke-katedrale\\\/\",\"name\":\"U ljeto 2023. planirano otvorenje zagreba\u010dke katedrale - RADIO LJUBU\u0160KI\",\"isPartOf\":{\"@id\":\"https:\\\/\\\/radioljubuski.ba\\\/#website\"},\"primaryImageOfPage\":{\"@id\":\"https:\\\/\\\/radioljubuski.ba\\\/index.php\\\/2022\\\/04\\\/17\\\/u-ljeto-2023-planirano-otvorenje-zagrebacke-katedrale\\\/#primaryimage\"},\"image\":{\"@id\":\"https:\\\/\\\/radioljubuski.ba\\\/index.php\\\/2022\\\/04\\\/17\\\/u-ljeto-2023-planirano-otvorenje-zagrebacke-katedrale\\\/#primaryimage\"},\"thumbnailUrl\":\"https:\\\/\\\/radioljubuski.ba\\\/wp-content\\\/uploads\\\/2022\\\/04\\\/pxl-030322-92300056-20220416160707.jpg\",\"datePublished\":\"2022-04-17T17:02:59+00:00\",\"dateModified\":\"2022-04-17T17:03:00+00:00\",\"breadcrumb\":{\"@id\":\"https:\\\/\\\/radioljubuski.ba\\\/index.php\\\/2022\\\/04\\\/17\\\/u-ljeto-2023-planirano-otvorenje-zagrebacke-katedrale\\\/#breadcrumb\"},\"inLanguage\":\"hr\",\"potentialAction\":[{\"@type\":\"ReadAction\",\"target\":[\"https:\\\/\\\/radioljubuski.ba\\\/index.php\\\/2022\\\/04\\\/17\\\/u-ljeto-2023-planirano-otvorenje-zagrebacke-katedrale\\\/\"]}]},{\"@type\":\"ImageObject\",\"inLanguage\":\"hr\",\"@id\":\"https:\\\/\\\/radioljubuski.ba\\\/index.php\\\/2022\\\/04\\\/17\\\/u-ljeto-2023-planirano-otvorenje-zagrebacke-katedrale\\\/#primaryimage\",\"url\":\"https:\\\/\\\/radioljubuski.ba\\\/wp-content\\\/uploads\\\/2022\\\/04\\\/pxl-030322-92300056-20220416160707.jpg\",\"contentUrl\":\"https:\\\/\\\/radioljubuski.ba\\\/wp-content\\\/uploads\\\/2022\\\/04\\\/pxl-030322-92300056-20220416160707.jpg\",\"width\":1600,\"height\":1067,\"caption\":\"03.03.2022., Zagreb - Zvona mnogih katedrala diljem Europe ukljucivo i zagrebacku, zvonila su u podne sedam minuta za mir u Ukrajini. U organizaciji Europske udruge graditelja katedrala, od Norveske do Malte i od Spanjolske do Ukrajine, zvona su zvonila po jednu minutu za svaki dan ruske invazije i rata u Ukrajini. Photo: Patrik Macek\\\/PIXSELL\"},{\"@type\":\"BreadcrumbList\",\"@id\":\"https:\\\/\\\/radioljubuski.ba\\\/index.php\\\/2022\\\/04\\\/17\\\/u-ljeto-2023-planirano-otvorenje-zagrebacke-katedrale\\\/#breadcrumb\",\"itemListElement\":[{\"@type\":\"ListItem\",\"position\":1,\"name\":\"Po\u010detna stranica\",\"item\":\"https:\\\/\\\/radioljubuski.ba\\\/\"},{\"@type\":\"ListItem\",\"position\":2,\"name\":\"U ljeto 2023. planirano otvorenje zagreba\u010dke katedrale\"}]},{\"@type\":\"WebSite\",\"@id\":\"https:\\\/\\\/radioljubuski.ba\\\/#website\",\"url\":\"https:\\\/\\\/radioljubuski.ba\\\/\",\"name\":\"Radio Ljubu\u0161ki\",\"description\":\"Sun\u010dana frekvencija Hercegovine\",\"publisher\":{\"@id\":\"https:\\\/\\\/radioljubuski.ba\\\/#organization\"},\"potentialAction\":[{\"@type\":\"SearchAction\",\"target\":{\"@type\":\"EntryPoint\",\"urlTemplate\":\"https:\\\/\\\/radioljubuski.ba\\\/?s={search_term_string}\"},\"query-input\":{\"@type\":\"PropertyValueSpecification\",\"valueRequired\":true,\"valueName\":\"search_term_string\"}}],\"inLanguage\":\"hr\"},{\"@type\":\"Organization\",\"@id\":\"https:\\\/\\\/radioljubuski.ba\\\/#organization\",\"name\":\"Radio Ljubu\u0161ki\",\"url\":\"https:\\\/\\\/radioljubuski.ba\\\/\",\"logo\":{\"@type\":\"ImageObject\",\"inLanguage\":\"hr\",\"@id\":\"https:\\\/\\\/radioljubuski.ba\\\/#\\\/schema\\\/logo\\\/image\\\/\",\"url\":\"https:\\\/\\\/radioljubuski.ba\\\/wp-content\\\/uploads\\\/2021\\\/02\\\/cropped-Radio_Ljubuski_logo1.jpg\",\"contentUrl\":\"https:\\\/\\\/radioljubuski.ba\\\/wp-content\\\/uploads\\\/2021\\\/02\\\/cropped-Radio_Ljubuski_logo1.jpg\",\"width\":512,\"height\":512,\"caption\":\"Radio Ljubu\u0161ki\"},\"image\":{\"@id\":\"https:\\\/\\\/radioljubuski.ba\\\/#\\\/schema\\\/logo\\\/image\\\/\"},\"sameAs\":[\"https:\\\/\\\/www.facebook.com\\\/Radiio-Ljubuski-1490835324566332\",\"https:\\\/\\\/x.com\\\/radioljubuski\",\"https:\\\/\\\/hr.linkedin.com\\\/company\\\/radio-ljubuski\",\"https:\\\/\\\/www.youtube.com\\\/channel\\\/UCHYaeO_n0Db3tjNGudGpXyw\"]},{\"@type\":\"Person\",\"@id\":\"https:\\\/\\\/radioljubuski.ba\\\/#\\\/schema\\\/person\\\/19fc700381a780f69665d7956c469e3b\",\"name\":\"Radio Ljubu\u0161ki\"}]}<\/script>\n<!-- \/ Yoast SEO plugin. -->","yoast_head_json":{"title":"U ljeto 2023. planirano otvorenje zagreba\u010dke katedrale - RADIO LJUBU\u0160KI","robots":{"index":"index","follow":"follow","max-snippet":"max-snippet:-1","max-image-preview":"max-image-preview:large","max-video-preview":"max-video-preview:-1"},"canonical":"https:\/\/radioljubuski.ba\/index.php\/2022\/04\/17\/u-ljeto-2023-planirano-otvorenje-zagrebacke-katedrale\/","og_locale":"hr_HR","og_type":"article","og_title":"U ljeto 2023. planirano otvorenje zagreba\u010dke katedrale - RADIO LJUBU\u0160KI","og_description":"Kada \u0107e zagreba\u010dka katedrala otvoriti svoja vrata &#8211; pitanje je na koje mnogi tra\u017ee odgovor. Obnova \u0107e dugo trajati, sla\u017eu se stru\u010dnjaci, ali bude li sve po planu, to bi se moglo dogoditi idu\u0107e ljeto.&nbsp; Elaborat postoje\u0107eg stanja zagreba\u010dke katedrale ima na tisu\u0107e stranica, koje je zajedni\u010dkim snagama odradilo vi\u0161e od stotinu stru\u010dnjaka. Me\u0111u njima [&hellip;]","og_url":"https:\/\/radioljubuski.ba\/index.php\/2022\/04\/17\/u-ljeto-2023-planirano-otvorenje-zagrebacke-katedrale\/","og_site_name":"RADIO LJUBU\u0160KI","article_publisher":"https:\/\/www.facebook.com\/Radiio-Ljubuski-1490835324566332","article_published_time":"2022-04-17T17:02:59+00:00","article_modified_time":"2022-04-17T17:03:00+00:00","og_image":[{"width":1600,"height":1067,"url":"https:\/\/radioljubuski.ba\/wp-content\/uploads\/2022\/04\/pxl-030322-92300056-20220416160707.jpg","type":"image\/jpeg"}],"author":"Radio Ljubu\u0161ki","twitter_card":"summary_large_image","twitter_creator":"@radioljubuski","twitter_site":"@radioljubuski","twitter_misc":{"Napisao\/la":"Radio Ljubu\u0161ki","Procijenjeno vrijeme \u010ditanja":"2 minute"},"schema":{"@context":"https:\/\/schema.org","@graph":[{"@type":"Article","@id":"https:\/\/radioljubuski.ba\/index.php\/2022\/04\/17\/u-ljeto-2023-planirano-otvorenje-zagrebacke-katedrale\/#article","isPartOf":{"@id":"https:\/\/radioljubuski.ba\/index.php\/2022\/04\/17\/u-ljeto-2023-planirano-otvorenje-zagrebacke-katedrale\/"},"author":{"name":"Radio Ljubu\u0161ki","@id":"https:\/\/radioljubuski.ba\/#\/schema\/person\/19fc700381a780f69665d7956c469e3b"},"headline":"U ljeto 2023. planirano otvorenje zagreba\u010dke katedrale","datePublished":"2022-04-17T17:02:59+00:00","dateModified":"2022-04-17T17:03:00+00:00","mainEntityOfPage":{"@id":"https:\/\/radioljubuski.ba\/index.php\/2022\/04\/17\/u-ljeto-2023-planirano-otvorenje-zagrebacke-katedrale\/"},"wordCount":387,"publisher":{"@id":"https:\/\/radioljubuski.ba\/#organization"},"image":{"@id":"https:\/\/radioljubuski.ba\/index.php\/2022\/04\/17\/u-ljeto-2023-planirano-otvorenje-zagrebacke-katedrale\/#primaryimage"},"thumbnailUrl":"https:\/\/radioljubuski.ba\/wp-content\/uploads\/2022\/04\/pxl-030322-92300056-20220416160707.jpg","articleSection":["BIH i regija"],"inLanguage":"hr"},{"@type":"WebPage","@id":"https:\/\/radioljubuski.ba\/index.php\/2022\/04\/17\/u-ljeto-2023-planirano-otvorenje-zagrebacke-katedrale\/","url":"https:\/\/radioljubuski.ba\/index.php\/2022\/04\/17\/u-ljeto-2023-planirano-otvorenje-zagrebacke-katedrale\/","name":"U ljeto 2023. planirano otvorenje zagreba\u010dke katedrale - RADIO LJUBU\u0160KI","isPartOf":{"@id":"https:\/\/radioljubuski.ba\/#website"},"primaryImageOfPage":{"@id":"https:\/\/radioljubuski.ba\/index.php\/2022\/04\/17\/u-ljeto-2023-planirano-otvorenje-zagrebacke-katedrale\/#primaryimage"},"image":{"@id":"https:\/\/radioljubuski.ba\/index.php\/2022\/04\/17\/u-ljeto-2023-planirano-otvorenje-zagrebacke-katedrale\/#primaryimage"},"thumbnailUrl":"https:\/\/radioljubuski.ba\/wp-content\/uploads\/2022\/04\/pxl-030322-92300056-20220416160707.jpg","datePublished":"2022-04-17T17:02:59+00:00","dateModified":"2022-04-17T17:03:00+00:00","breadcrumb":{"@id":"https:\/\/radioljubuski.ba\/index.php\/2022\/04\/17\/u-ljeto-2023-planirano-otvorenje-zagrebacke-katedrale\/#breadcrumb"},"inLanguage":"hr","potentialAction":[{"@type":"ReadAction","target":["https:\/\/radioljubuski.ba\/index.php\/2022\/04\/17\/u-ljeto-2023-planirano-otvorenje-zagrebacke-katedrale\/"]}]},{"@type":"ImageObject","inLanguage":"hr","@id":"https:\/\/radioljubuski.ba\/index.php\/2022\/04\/17\/u-ljeto-2023-planirano-otvorenje-zagrebacke-katedrale\/#primaryimage","url":"https:\/\/radioljubuski.ba\/wp-content\/uploads\/2022\/04\/pxl-030322-92300056-20220416160707.jpg","contentUrl":"https:\/\/radioljubuski.ba\/wp-content\/uploads\/2022\/04\/pxl-030322-92300056-20220416160707.jpg","width":1600,"height":1067,"caption":"03.03.2022., Zagreb - Zvona mnogih katedrala diljem Europe ukljucivo i zagrebacku, zvonila su u podne sedam minuta za mir u Ukrajini. U organizaciji Europske udruge graditelja katedrala, od Norveske do Malte i od Spanjolske do Ukrajine, zvona su zvonila po jednu minutu za svaki dan ruske invazije i rata u Ukrajini. Photo: Patrik Macek\/PIXSELL"},{"@type":"BreadcrumbList","@id":"https:\/\/radioljubuski.ba\/index.php\/2022\/04\/17\/u-ljeto-2023-planirano-otvorenje-zagrebacke-katedrale\/#breadcrumb","itemListElement":[{"@type":"ListItem","position":1,"name":"Po\u010detna stranica","item":"https:\/\/radioljubuski.ba\/"},{"@type":"ListItem","position":2,"name":"U ljeto 2023. planirano otvorenje zagreba\u010dke katedrale"}]},{"@type":"WebSite","@id":"https:\/\/radioljubuski.ba\/#website","url":"https:\/\/radioljubuski.ba\/","name":"Radio Ljubu\u0161ki","description":"Sun\u010dana frekvencija Hercegovine","publisher":{"@id":"https:\/\/radioljubuski.ba\/#organization"},"potentialAction":[{"@type":"SearchAction","target":{"@type":"EntryPoint","urlTemplate":"https:\/\/radioljubuski.ba\/?s={search_term_string}"},"query-input":{"@type":"PropertyValueSpecification","valueRequired":true,"valueName":"search_term_string"}}],"inLanguage":"hr"},{"@type":"Organization","@id":"https:\/\/radioljubuski.ba\/#organization","name":"Radio Ljubu\u0161ki","url":"https:\/\/radioljubuski.ba\/","logo":{"@type":"ImageObject","inLanguage":"hr","@id":"https:\/\/radioljubuski.ba\/#\/schema\/logo\/image\/","url":"https:\/\/radioljubuski.ba\/wp-content\/uploads\/2021\/02\/cropped-Radio_Ljubuski_logo1.jpg","contentUrl":"https:\/\/radioljubuski.ba\/wp-content\/uploads\/2021\/02\/cropped-Radio_Ljubuski_logo1.jpg","width":512,"height":512,"caption":"Radio Ljubu\u0161ki"},"image":{"@id":"https:\/\/radioljubuski.ba\/#\/schema\/logo\/image\/"},"sameAs":["https:\/\/www.facebook.com\/Radiio-Ljubuski-1490835324566332","https:\/\/x.com\/radioljubuski","https:\/\/hr.linkedin.com\/company\/radio-ljubuski","https:\/\/www.youtube.com\/channel\/UCHYaeO_n0Db3tjNGudGpXyw"]},{"@type":"Person","@id":"https:\/\/radioljubuski.ba\/#\/schema\/person\/19fc700381a780f69665d7956c469e3b","name":"Radio Ljubu\u0161ki"}]}},"_links":{"self":[{"href":"https:\/\/radioljubuski.ba\/index.php\/wp-json\/wp\/v2\/posts\/133316","targetHints":{"allow":["GET"]}}],"collection":[{"href":"https:\/\/radioljubuski.ba\/index.php\/wp-json\/wp\/v2\/posts"}],"about":[{"href":"https:\/\/radioljubuski.ba\/index.php\/wp-json\/wp\/v2\/types\/post"}],"author":[{"embeddable":true,"href":"https:\/\/radioljubuski.ba\/index.php\/wp-json\/wp\/v2\/users\/2"}],"replies":[{"embeddable":true,"href":"https:\/\/radioljubuski.ba\/index.php\/wp-json\/wp\/v2\/comments?post=133316"}],"version-history":[{"count":1,"href":"https:\/\/radioljubuski.ba\/index.php\/wp-json\/wp\/v2\/posts\/133316\/revisions"}],"predecessor-version":[{"id":133318,"href":"https:\/\/radioljubuski.ba\/index.php\/wp-json\/wp\/v2\/posts\/133316\/revisions\/133318"}],"wp:featuredmedia":[{"embeddable":true,"href":"https:\/\/radioljubuski.ba\/index.php\/wp-json\/wp\/v2\/media\/133317"}],"wp:attachment":[{"href":"https:\/\/radioljubuski.ba\/index.php\/wp-json\/wp\/v2\/media?parent=133316"}],"wp:term":[{"taxonomy":"category","embeddable":true,"href":"https:\/\/radioljubuski.ba\/index.php\/wp-json\/wp\/v2\/categories?post=133316"},{"taxonomy":"post_tag","embeddable":true,"href":"https:\/\/radioljubuski.ba\/index.php\/wp-json\/wp\/v2\/tags?post=133316"}],"curies":[{"name":"wp","href":"https:\/\/api.w.org\/{rel}","templated":true}]}}