{"id":133319,"date":"2022-04-17T18:05:06","date_gmt":"2022-04-17T17:05:06","guid":{"rendered":"https:\/\/radioljubuski.ba\/?p=133319"},"modified":"2022-04-17T18:05:07","modified_gmt":"2022-04-17T17:05:07","slug":"uskrs-obitelj-drazetic-u-novom-domu","status":"publish","type":"post","link":"https:\/\/radioljubuski.ba\/index.php\/2022\/04\/17\/uskrs-obitelj-drazetic-u-novom-domu\/","title":{"rendered":"Uskrs obitelj Dra\u017eeti\u0107 u novom domu"},"content":{"rendered":"\n<p><strong>Osmero\u010dlana obitelj Dra\u017eeti\u0107 iz op\u0107ine Orle, nedaleko od Velike Gorice, \u017eivjela je u lo\u0161im uvjetima, u zapu\u0161tenoj i premaloj ku\u0107i koja nije ni bila njihova. Nakon pokrenute humanitarne akcije i objavljenog priloga u na\u0161em Dnevniku, zahvaljuju\u0107i dobrim ljudima, njihov se \u017eivot promijenio.&nbsp;<\/strong><\/p>\n\n\n\n<p>Nakon mnogih Uskrsa do\u010dekanih u ovoj poluru\u0161evnoj staroj, vla\u017enoj ku\u0107i &#8211; obitelj Dra\u017eeti\u0107 ovaj \u0107e proslaviti u novom domu.<br><br>&#8211; Nestvarno, ne vjerujemo, jo\u0161 sanjamo. Ne spavamo, mislimo da sanjamo, ne znamo da smo se probudili, ne znamo kao objasnit ovu sre\u0107u i veselje, rekao je\u00a0<strong>Stipo Dra\u017eeti\u0107.<\/strong><br><br>Sada napokon imaju kuhinju, \u010ditav krov i dovoljno velik prostor za sve njih.<br><br>&#8211; Sad se izgubimo i u dvori\u0161tu i u ku\u0107i, dodao je Stipo.<br><br>Nitko od \u0161estero djece roditeljima nije vjerovao.<br><br>&#8211; Ja sam do\u0161la doma, oni su meni rekli i ja sam im rekla da oni la\u017eu. Imam svoju sobu, ljep\u0161e je, ne moram se gurati s nikim, op\u0107enito ima vi\u0161e prostora, rekla je\u00a0<strong>Gabrijela Dra\u017eeti\u0107<\/strong>.<br><br>Zahvaljuju\u0107i dobrim ljudima i Slavici koja je pokrenula akciju, prikupljeno je i vi\u0161e od potrebnog iznosa.<br><br>&#8211; To je bilo puno emocija i jasno vam je za\u0161to ste to radili, jer ste vidjeli da su ta djeca sretna i da \u017eive negdje gdje imaju priliku za bolju budu\u0107nost, rekla je organizatorica humanitarne akcije<strong>\u00a0Slavica Parlov Horvat.<\/strong><br><br>&#8211; Nas jednostavno boli kada netko nije u dobroj situaciji i gledamo da pomognemo onoliko koliko mo\u017eemo, rekao je donator\u00a0<strong>Darko Ivankovi\u0107.<\/strong><br><br>Iako su i vi\u0161e nego zahvalni na svemu, ipak im je najva\u017enije da su svi zajedno.<\/p>\n\n\n\n<div style=\"width: 640px;\" class=\"wp-video\"><video class=\"wp-video-shortcode\" id=\"video-133319-1\" width=\"640\" height=\"360\" preload=\"metadata\" controls=\"controls\"><source type=\"video\/mp4\" src=\"https:\/\/api.hrt.hr\/media\/a0\/b0\/tvd2-humanitarka-1604-20220416175324.mp4?_=1\" \/><a href=\"https:\/\/api.hrt.hr\/media\/a0\/b0\/tvd2-humanitarka-1604-20220416175324.mp4\">https:\/\/api.hrt.hr\/media\/a0\/b0\/tvd2-humanitarka-1604-20220416175324.mp4<\/a><\/video><\/div>\n\n\n\n<p>Izvor:hrt.hr<\/p>\n","protected":false},"excerpt":{"rendered":"<p>Osmero\u010dlana obitelj Dra\u017eeti\u0107 iz op\u0107ine Orle, nedaleko od Velike Gorice, \u017eivjela je u lo\u0161im uvjetima, u zapu\u0161tenoj i premaloj ku\u0107i koja nije ni bila njihova. Nakon pokrenute humanitarne akcije i objavljenog priloga u na\u0161em Dnevniku, zahvaljuju\u0107i dobrim ljudima, njihov se \u017eivot promijenio.&nbsp; Nakon mnogih Uskrsa do\u010dekanih u ovoj poluru\u0161evnoj staroj, vla\u017enoj ku\u0107i &#8211; obitelj Dra\u017eeti\u0107 [&hellip;]<\/p>\n","protected":false},"author":2,"featured_media":133320,"comment_status":"closed","ping_status":"closed","sticky":false,"template":"","format":"standard","meta":{"h5ap_radio_sources":[],"footnotes":""},"categories":[1],"tags":[],"class_list":["post-133319","post","type-post","status-publish","format-standard","has-post-thumbnail","hentry","category-bihiregija"],"yoast_head":"<!-- This site is optimized with the Yoast SEO plugin v27.5 - https:\/\/yoast.com\/product\/yoast-seo-wordpress\/ -->\n<title>Uskrs obitelj Dra\u017eeti\u0107 u novom domu - RADIO LJUBU\u0160KI<\/title>\n<meta name=\"robots\" content=\"index, follow, max-snippet:-1, max-image-preview:large, max-video-preview:-1\" \/>\n<link rel=\"canonical\" href=\"https:\/\/radioljubuski.ba\/index.php\/2022\/04\/17\/uskrs-obitelj-drazetic-u-novom-domu\/\" \/>\n<meta property=\"og:locale\" content=\"hr_HR\" \/>\n<meta property=\"og:type\" content=\"article\" \/>\n<meta property=\"og:title\" content=\"Uskrs obitelj Dra\u017eeti\u0107 u novom domu - RADIO LJUBU\u0160KI\" \/>\n<meta property=\"og:description\" content=\"Osmero\u010dlana obitelj Dra\u017eeti\u0107 iz op\u0107ine Orle, nedaleko od Velike Gorice, \u017eivjela je u lo\u0161im uvjetima, u zapu\u0161tenoj i premaloj ku\u0107i koja nije ni bila njihova. Nakon pokrenute humanitarne akcije i objavljenog priloga u na\u0161em Dnevniku, zahvaljuju\u0107i dobrim ljudima, njihov se \u017eivot promijenio.&nbsp; Nakon mnogih Uskrsa do\u010dekanih u ovoj poluru\u0161evnoj staroj, vla\u017enoj ku\u0107i &#8211; obitelj Dra\u017eeti\u0107 [&hellip;]\" \/>\n<meta property=\"og:url\" content=\"https:\/\/radioljubuski.ba\/index.php\/2022\/04\/17\/uskrs-obitelj-drazetic-u-novom-domu\/\" \/>\n<meta property=\"og:site_name\" content=\"RADIO LJUBU\u0160KI\" \/>\n<meta property=\"article:publisher\" content=\"https:\/\/www.facebook.com\/Radiio-Ljubuski-1490835324566332\" \/>\n<meta property=\"article:published_time\" content=\"2022-04-17T17:05:06+00:00\" \/>\n<meta property=\"article:modified_time\" content=\"2022-04-17T17:05:07+00:00\" \/>\n<meta property=\"og:image\" content=\"https:\/\/radioljubuski.ba\/wp-content\/uploads\/2022\/04\/preuzmi-21.jpg\" \/>\n\t<meta property=\"og:image:width\" content=\"308\" \/>\n\t<meta property=\"og:image:height\" content=\"164\" \/>\n\t<meta property=\"og:image:type\" content=\"image\/jpeg\" \/>\n<meta name=\"author\" content=\"Radio Ljubu\u0161ki\" \/>\n<meta name=\"twitter:card\" content=\"summary_large_image\" \/>\n<meta name=\"twitter:creator\" content=\"@radioljubuski\" \/>\n<meta name=\"twitter:site\" content=\"@radioljubuski\" \/>\n<meta name=\"twitter:label1\" content=\"Napisao\/la\" \/>\n\t<meta name=\"twitter:data1\" content=\"Radio Ljubu\u0161ki\" \/>\n\t<meta name=\"twitter:label2\" content=\"Procijenjeno vrijeme \u010ditanja\" \/>\n\t<meta name=\"twitter:data2\" content=\"2 minute\" \/>\n<script type=\"application\/ld+json\" class=\"yoast-schema-graph\">{\"@context\":\"https:\\\/\\\/schema.org\",\"@graph\":[{\"@type\":\"Article\",\"@id\":\"https:\\\/\\\/radioljubuski.ba\\\/index.php\\\/2022\\\/04\\\/17\\\/uskrs-obitelj-drazetic-u-novom-domu\\\/#article\",\"isPartOf\":{\"@id\":\"https:\\\/\\\/radioljubuski.ba\\\/index.php\\\/2022\\\/04\\\/17\\\/uskrs-obitelj-drazetic-u-novom-domu\\\/\"},\"author\":{\"name\":\"Radio Ljubu\u0161ki\",\"@id\":\"https:\\\/\\\/radioljubuski.ba\\\/#\\\/schema\\\/person\\\/19fc700381a780f69665d7956c469e3b\"},\"headline\":\"Uskrs obitelj Dra\u017eeti\u0107 u novom domu\",\"datePublished\":\"2022-04-17T17:05:06+00:00\",\"dateModified\":\"2022-04-17T17:05:07+00:00\",\"mainEntityOfPage\":{\"@id\":\"https:\\\/\\\/radioljubuski.ba\\\/index.php\\\/2022\\\/04\\\/17\\\/uskrs-obitelj-drazetic-u-novom-domu\\\/\"},\"wordCount\":305,\"publisher\":{\"@id\":\"https:\\\/\\\/radioljubuski.ba\\\/#organization\"},\"image\":{\"@id\":\"https:\\\/\\\/radioljubuski.ba\\\/index.php\\\/2022\\\/04\\\/17\\\/uskrs-obitelj-drazetic-u-novom-domu\\\/#primaryimage\"},\"thumbnailUrl\":\"https:\\\/\\\/radioljubuski.ba\\\/wp-content\\\/uploads\\\/2022\\\/04\\\/preuzmi-21.jpg\",\"articleSection\":[\"BIH i regija\"],\"inLanguage\":\"hr\"},{\"@type\":\"WebPage\",\"@id\":\"https:\\\/\\\/radioljubuski.ba\\\/index.php\\\/2022\\\/04\\\/17\\\/uskrs-obitelj-drazetic-u-novom-domu\\\/\",\"url\":\"https:\\\/\\\/radioljubuski.ba\\\/index.php\\\/2022\\\/04\\\/17\\\/uskrs-obitelj-drazetic-u-novom-domu\\\/\",\"name\":\"Uskrs obitelj Dra\u017eeti\u0107 u novom domu - RADIO LJUBU\u0160KI\",\"isPartOf\":{\"@id\":\"https:\\\/\\\/radioljubuski.ba\\\/#website\"},\"primaryImageOfPage\":{\"@id\":\"https:\\\/\\\/radioljubuski.ba\\\/index.php\\\/2022\\\/04\\\/17\\\/uskrs-obitelj-drazetic-u-novom-domu\\\/#primaryimage\"},\"image\":{\"@id\":\"https:\\\/\\\/radioljubuski.ba\\\/index.php\\\/2022\\\/04\\\/17\\\/uskrs-obitelj-drazetic-u-novom-domu\\\/#primaryimage\"},\"thumbnailUrl\":\"https:\\\/\\\/radioljubuski.ba\\\/wp-content\\\/uploads\\\/2022\\\/04\\\/preuzmi-21.jpg\",\"datePublished\":\"2022-04-17T17:05:06+00:00\",\"dateModified\":\"2022-04-17T17:05:07+00:00\",\"breadcrumb\":{\"@id\":\"https:\\\/\\\/radioljubuski.ba\\\/index.php\\\/2022\\\/04\\\/17\\\/uskrs-obitelj-drazetic-u-novom-domu\\\/#breadcrumb\"},\"inLanguage\":\"hr\",\"potentialAction\":[{\"@type\":\"ReadAction\",\"target\":[\"https:\\\/\\\/radioljubuski.ba\\\/index.php\\\/2022\\\/04\\\/17\\\/uskrs-obitelj-drazetic-u-novom-domu\\\/\"]}]},{\"@type\":\"ImageObject\",\"inLanguage\":\"hr\",\"@id\":\"https:\\\/\\\/radioljubuski.ba\\\/index.php\\\/2022\\\/04\\\/17\\\/uskrs-obitelj-drazetic-u-novom-domu\\\/#primaryimage\",\"url\":\"https:\\\/\\\/radioljubuski.ba\\\/wp-content\\\/uploads\\\/2022\\\/04\\\/preuzmi-21.jpg\",\"contentUrl\":\"https:\\\/\\\/radioljubuski.ba\\\/wp-content\\\/uploads\\\/2022\\\/04\\\/preuzmi-21.jpg\",\"width\":308,\"height\":164},{\"@type\":\"BreadcrumbList\",\"@id\":\"https:\\\/\\\/radioljubuski.ba\\\/index.php\\\/2022\\\/04\\\/17\\\/uskrs-obitelj-drazetic-u-novom-domu\\\/#breadcrumb\",\"itemListElement\":[{\"@type\":\"ListItem\",\"position\":1,\"name\":\"Po\u010detna stranica\",\"item\":\"https:\\\/\\\/radioljubuski.ba\\\/\"},{\"@type\":\"ListItem\",\"position\":2,\"name\":\"Uskrs obitelj Dra\u017eeti\u0107 u novom domu\"}]},{\"@type\":\"WebSite\",\"@id\":\"https:\\\/\\\/radioljubuski.ba\\\/#website\",\"url\":\"https:\\\/\\\/radioljubuski.ba\\\/\",\"name\":\"Radio Ljubu\u0161ki\",\"description\":\"Sun\u010dana frekvencija Hercegovine\",\"publisher\":{\"@id\":\"https:\\\/\\\/radioljubuski.ba\\\/#organization\"},\"potentialAction\":[{\"@type\":\"SearchAction\",\"target\":{\"@type\":\"EntryPoint\",\"urlTemplate\":\"https:\\\/\\\/radioljubuski.ba\\\/?s={search_term_string}\"},\"query-input\":{\"@type\":\"PropertyValueSpecification\",\"valueRequired\":true,\"valueName\":\"search_term_string\"}}],\"inLanguage\":\"hr\"},{\"@type\":\"Organization\",\"@id\":\"https:\\\/\\\/radioljubuski.ba\\\/#organization\",\"name\":\"Radio Ljubu\u0161ki\",\"url\":\"https:\\\/\\\/radioljubuski.ba\\\/\",\"logo\":{\"@type\":\"ImageObject\",\"inLanguage\":\"hr\",\"@id\":\"https:\\\/\\\/radioljubuski.ba\\\/#\\\/schema\\\/logo\\\/image\\\/\",\"url\":\"https:\\\/\\\/radioljubuski.ba\\\/wp-content\\\/uploads\\\/2021\\\/02\\\/cropped-Radio_Ljubuski_logo1.jpg\",\"contentUrl\":\"https:\\\/\\\/radioljubuski.ba\\\/wp-content\\\/uploads\\\/2021\\\/02\\\/cropped-Radio_Ljubuski_logo1.jpg\",\"width\":512,\"height\":512,\"caption\":\"Radio Ljubu\u0161ki\"},\"image\":{\"@id\":\"https:\\\/\\\/radioljubuski.ba\\\/#\\\/schema\\\/logo\\\/image\\\/\"},\"sameAs\":[\"https:\\\/\\\/www.facebook.com\\\/Radiio-Ljubuski-1490835324566332\",\"https:\\\/\\\/x.com\\\/radioljubuski\",\"https:\\\/\\\/hr.linkedin.com\\\/company\\\/radio-ljubuski\",\"https:\\\/\\\/www.youtube.com\\\/channel\\\/UCHYaeO_n0Db3tjNGudGpXyw\"]},{\"@type\":\"Person\",\"@id\":\"https:\\\/\\\/radioljubuski.ba\\\/#\\\/schema\\\/person\\\/19fc700381a780f69665d7956c469e3b\",\"name\":\"Radio Ljubu\u0161ki\"}]}<\/script>\n<!-- \/ Yoast SEO plugin. -->","yoast_head_json":{"title":"Uskrs obitelj Dra\u017eeti\u0107 u novom domu - RADIO LJUBU\u0160KI","robots":{"index":"index","follow":"follow","max-snippet":"max-snippet:-1","max-image-preview":"max-image-preview:large","max-video-preview":"max-video-preview:-1"},"canonical":"https:\/\/radioljubuski.ba\/index.php\/2022\/04\/17\/uskrs-obitelj-drazetic-u-novom-domu\/","og_locale":"hr_HR","og_type":"article","og_title":"Uskrs obitelj Dra\u017eeti\u0107 u novom domu - RADIO LJUBU\u0160KI","og_description":"Osmero\u010dlana obitelj Dra\u017eeti\u0107 iz op\u0107ine Orle, nedaleko od Velike Gorice, \u017eivjela je u lo\u0161im uvjetima, u zapu\u0161tenoj i premaloj ku\u0107i koja nije ni bila njihova. Nakon pokrenute humanitarne akcije i objavljenog priloga u na\u0161em Dnevniku, zahvaljuju\u0107i dobrim ljudima, njihov se \u017eivot promijenio.&nbsp; Nakon mnogih Uskrsa do\u010dekanih u ovoj poluru\u0161evnoj staroj, vla\u017enoj ku\u0107i &#8211; obitelj Dra\u017eeti\u0107 [&hellip;]","og_url":"https:\/\/radioljubuski.ba\/index.php\/2022\/04\/17\/uskrs-obitelj-drazetic-u-novom-domu\/","og_site_name":"RADIO LJUBU\u0160KI","article_publisher":"https:\/\/www.facebook.com\/Radiio-Ljubuski-1490835324566332","article_published_time":"2022-04-17T17:05:06+00:00","article_modified_time":"2022-04-17T17:05:07+00:00","og_image":[{"width":308,"height":164,"url":"https:\/\/radioljubuski.ba\/wp-content\/uploads\/2022\/04\/preuzmi-21.jpg","type":"image\/jpeg"}],"author":"Radio Ljubu\u0161ki","twitter_card":"summary_large_image","twitter_creator":"@radioljubuski","twitter_site":"@radioljubuski","twitter_misc":{"Napisao\/la":"Radio Ljubu\u0161ki","Procijenjeno vrijeme \u010ditanja":"2 minute"},"schema":{"@context":"https:\/\/schema.org","@graph":[{"@type":"Article","@id":"https:\/\/radioljubuski.ba\/index.php\/2022\/04\/17\/uskrs-obitelj-drazetic-u-novom-domu\/#article","isPartOf":{"@id":"https:\/\/radioljubuski.ba\/index.php\/2022\/04\/17\/uskrs-obitelj-drazetic-u-novom-domu\/"},"author":{"name":"Radio Ljubu\u0161ki","@id":"https:\/\/radioljubuski.ba\/#\/schema\/person\/19fc700381a780f69665d7956c469e3b"},"headline":"Uskrs obitelj Dra\u017eeti\u0107 u novom domu","datePublished":"2022-04-17T17:05:06+00:00","dateModified":"2022-04-17T17:05:07+00:00","mainEntityOfPage":{"@id":"https:\/\/radioljubuski.ba\/index.php\/2022\/04\/17\/uskrs-obitelj-drazetic-u-novom-domu\/"},"wordCount":305,"publisher":{"@id":"https:\/\/radioljubuski.ba\/#organization"},"image":{"@id":"https:\/\/radioljubuski.ba\/index.php\/2022\/04\/17\/uskrs-obitelj-drazetic-u-novom-domu\/#primaryimage"},"thumbnailUrl":"https:\/\/radioljubuski.ba\/wp-content\/uploads\/2022\/04\/preuzmi-21.jpg","articleSection":["BIH i regija"],"inLanguage":"hr"},{"@type":"WebPage","@id":"https:\/\/radioljubuski.ba\/index.php\/2022\/04\/17\/uskrs-obitelj-drazetic-u-novom-domu\/","url":"https:\/\/radioljubuski.ba\/index.php\/2022\/04\/17\/uskrs-obitelj-drazetic-u-novom-domu\/","name":"Uskrs obitelj Dra\u017eeti\u0107 u novom domu - RADIO LJUBU\u0160KI","isPartOf":{"@id":"https:\/\/radioljubuski.ba\/#website"},"primaryImageOfPage":{"@id":"https:\/\/radioljubuski.ba\/index.php\/2022\/04\/17\/uskrs-obitelj-drazetic-u-novom-domu\/#primaryimage"},"image":{"@id":"https:\/\/radioljubuski.ba\/index.php\/2022\/04\/17\/uskrs-obitelj-drazetic-u-novom-domu\/#primaryimage"},"thumbnailUrl":"https:\/\/radioljubuski.ba\/wp-content\/uploads\/2022\/04\/preuzmi-21.jpg","datePublished":"2022-04-17T17:05:06+00:00","dateModified":"2022-04-17T17:05:07+00:00","breadcrumb":{"@id":"https:\/\/radioljubuski.ba\/index.php\/2022\/04\/17\/uskrs-obitelj-drazetic-u-novom-domu\/#breadcrumb"},"inLanguage":"hr","potentialAction":[{"@type":"ReadAction","target":["https:\/\/radioljubuski.ba\/index.php\/2022\/04\/17\/uskrs-obitelj-drazetic-u-novom-domu\/"]}]},{"@type":"ImageObject","inLanguage":"hr","@id":"https:\/\/radioljubuski.ba\/index.php\/2022\/04\/17\/uskrs-obitelj-drazetic-u-novom-domu\/#primaryimage","url":"https:\/\/radioljubuski.ba\/wp-content\/uploads\/2022\/04\/preuzmi-21.jpg","contentUrl":"https:\/\/radioljubuski.ba\/wp-content\/uploads\/2022\/04\/preuzmi-21.jpg","width":308,"height":164},{"@type":"BreadcrumbList","@id":"https:\/\/radioljubuski.ba\/index.php\/2022\/04\/17\/uskrs-obitelj-drazetic-u-novom-domu\/#breadcrumb","itemListElement":[{"@type":"ListItem","position":1,"name":"Po\u010detna stranica","item":"https:\/\/radioljubuski.ba\/"},{"@type":"ListItem","position":2,"name":"Uskrs obitelj Dra\u017eeti\u0107 u novom domu"}]},{"@type":"WebSite","@id":"https:\/\/radioljubuski.ba\/#website","url":"https:\/\/radioljubuski.ba\/","name":"Radio Ljubu\u0161ki","description":"Sun\u010dana frekvencija Hercegovine","publisher":{"@id":"https:\/\/radioljubuski.ba\/#organization"},"potentialAction":[{"@type":"SearchAction","target":{"@type":"EntryPoint","urlTemplate":"https:\/\/radioljubuski.ba\/?s={search_term_string}"},"query-input":{"@type":"PropertyValueSpecification","valueRequired":true,"valueName":"search_term_string"}}],"inLanguage":"hr"},{"@type":"Organization","@id":"https:\/\/radioljubuski.ba\/#organization","name":"Radio Ljubu\u0161ki","url":"https:\/\/radioljubuski.ba\/","logo":{"@type":"ImageObject","inLanguage":"hr","@id":"https:\/\/radioljubuski.ba\/#\/schema\/logo\/image\/","url":"https:\/\/radioljubuski.ba\/wp-content\/uploads\/2021\/02\/cropped-Radio_Ljubuski_logo1.jpg","contentUrl":"https:\/\/radioljubuski.ba\/wp-content\/uploads\/2021\/02\/cropped-Radio_Ljubuski_logo1.jpg","width":512,"height":512,"caption":"Radio Ljubu\u0161ki"},"image":{"@id":"https:\/\/radioljubuski.ba\/#\/schema\/logo\/image\/"},"sameAs":["https:\/\/www.facebook.com\/Radiio-Ljubuski-1490835324566332","https:\/\/x.com\/radioljubuski","https:\/\/hr.linkedin.com\/company\/radio-ljubuski","https:\/\/www.youtube.com\/channel\/UCHYaeO_n0Db3tjNGudGpXyw"]},{"@type":"Person","@id":"https:\/\/radioljubuski.ba\/#\/schema\/person\/19fc700381a780f69665d7956c469e3b","name":"Radio Ljubu\u0161ki"}]}},"_links":{"self":[{"href":"https:\/\/radioljubuski.ba\/index.php\/wp-json\/wp\/v2\/posts\/133319","targetHints":{"allow":["GET"]}}],"collection":[{"href":"https:\/\/radioljubuski.ba\/index.php\/wp-json\/wp\/v2\/posts"}],"about":[{"href":"https:\/\/radioljubuski.ba\/index.php\/wp-json\/wp\/v2\/types\/post"}],"author":[{"embeddable":true,"href":"https:\/\/radioljubuski.ba\/index.php\/wp-json\/wp\/v2\/users\/2"}],"replies":[{"embeddable":true,"href":"https:\/\/radioljubuski.ba\/index.php\/wp-json\/wp\/v2\/comments?post=133319"}],"version-history":[{"count":1,"href":"https:\/\/radioljubuski.ba\/index.php\/wp-json\/wp\/v2\/posts\/133319\/revisions"}],"predecessor-version":[{"id":133321,"href":"https:\/\/radioljubuski.ba\/index.php\/wp-json\/wp\/v2\/posts\/133319\/revisions\/133321"}],"wp:featuredmedia":[{"embeddable":true,"href":"https:\/\/radioljubuski.ba\/index.php\/wp-json\/wp\/v2\/media\/133320"}],"wp:attachment":[{"href":"https:\/\/radioljubuski.ba\/index.php\/wp-json\/wp\/v2\/media?parent=133319"}],"wp:term":[{"taxonomy":"category","embeddable":true,"href":"https:\/\/radioljubuski.ba\/index.php\/wp-json\/wp\/v2\/categories?post=133319"},{"taxonomy":"post_tag","embeddable":true,"href":"https:\/\/radioljubuski.ba\/index.php\/wp-json\/wp\/v2\/tags?post=133319"}],"curies":[{"name":"wp","href":"https:\/\/api.w.org\/{rel}","templated":true}]}}