{"id":133322,"date":"2022-04-17T18:07:10","date_gmt":"2022-04-17T17:07:10","guid":{"rendered":"https:\/\/radioljubuski.ba\/?p=133322"},"modified":"2022-04-17T18:07:11","modified_gmt":"2022-04-17T17:07:11","slug":"blagoslov-hrane-i-druzenje-u-obitelji","status":"publish","type":"post","link":"https:\/\/radioljubuski.ba\/index.php\/2022\/04\/17\/blagoslov-hrane-i-druzenje-u-obitelji\/","title":{"rendered":"Blagoslov hrane i dru\u017eenje u obitelji"},"content":{"rendered":"\n<p><strong>Ranim jutrom, na Uskrs, diljem hrvatskih krajeva nosi se na blagoslov hrana koja se na Veliku subotu pripremalo u obiteljima &#8211; kuhana \u0161unka, jaja, mladi luk, kola\u010di&#8230;sve ono \u0161to se blaguje za uskrsnim stolom. Bogata je i posebno \u017eivopisna ova tradicija u Slavoniji, a kamera HRT-a zabilje\u017eila ju je u po\u017ee\u0161koj katedrali.<\/strong><\/p>\n\n\n\n<p>Nakon korizme, odricanja, posta &#8211; u slikovitim slavonskim ko\u0161arama na blagoslov je stiglo pravo obilje, pomno i s puno ljubavi pripremano u obitelji. Mnoge od njih imaju svoje blagdanske posebnosti. Prenose se nara\u0161tajima kao dio posebne uskrsne tradicije.<br><br>&#8211; I moja k\u0107er je ovdje sa mnom, zna\u010di poku\u0161avamo prenijeti na mla\u0111e nara\u0161taje, ovaj pokrov je naslije\u0111en od moje majke, ovo u korpi dio je tradicije, potrudili smo se da napravimo stari vjen\u010di\u0107 koji se nosio na posvetu jela, to je vjen\u010di\u0107 od doma\u0107eg tijesta \u2013 obja\u0161njava\u00a0<strong>Jasna Kova\u010devi\u0107.<br><br><\/strong>&#8211; Ovo je neka tradicija koja se prenosi s koljena na koljeno i mislim da trebamo dr\u017eati do tradicije nakon ovakvih i u ovakvim vremenima, a donijeli smo \u0161unku, jaja, mladi luk, malo kola\u010da, sol i eto \u2013 dodaje\u00a0<strong>Terezija Novi\u0107<\/strong>.<br><br>Sve doma\u0107e, s dubokom simbolikom zajedni\u0161tva koje slavi radost Uskrsa. Zato sve u ko\u0161arama odi\u0161e autenti\u010dno\u0161\u0107u. Ne \u0161tedi se vremena ni truda, \u010duva se naslije\u0111e svojih starih.<br><br>&#8211; Specifi\u010dna je ova moja salvetica zato \u0161to je ra\u0111ena na tkala\u010dkom stanu i tako je ba\u0161 i napravljena za malu korpu. I vez je autenti\u010dan, ra\u0111en koncem na tkala\u010dkom stanu \u2013 ponosna je\u00a0<strong>Ljubica Senti\u0107<\/strong>.<br><br>Nakon blagoslova na uskrsno jutro, hrana se poslije korizmenog posta blaguje u domovima, u krugu najmilijih.<br><br>&#8211; Slavimo uskrsni dan, ali istodobno nakon ove korizme gdje zavr\u0161ava i post i vrijeme odre\u0111enih odricanja, malo \u0107emo i proslaviti ovom blagoslovljenom hranom i to u krugu u obitelji \u2013 isti\u010de\u00a0<strong>Zoran Stani\u0107.<br><br><\/strong>I duboka je simbolika \u010dina blagoslova hrane. Zahvala je to Gospodinu za dobra koja nam je obilato dijelio.<br><br>&#8211; Naravno da je prvo va\u017ean euharistijski stol da se svi kao zajednica vjernika skupimo oko oltara Gospodnjega, a onda i obiteljskoga naravno stola gdje u zajedni\u0161tvu obitelj blaguje i slavi svetkovinu gospodnjega Uskrsa \u2013 poru\u010duje vl\u010d.\u00a0<strong>Mario Ve\u010deri\u0107<\/strong>, \u017eupnik katedralne \u017eupe sv. Terezije Avilske, Po\u017eega.\u00a0<br><br>Toga najve\u0107eg kr\u0161\u0107anskog blagdana koji i u ovom simboli\u010dnom \u010dinu slavi pobjedu svjetla nad tamom, \u017eivota nad smr\u0107u u radosti obiteljskog zajedni\u0161tva.<\/p>\n\n\n\n<div style=\"width: 640px;\" class=\"wp-video\"><video class=\"wp-video-shortcode\" id=\"video-133322-1\" width=\"640\" height=\"360\" preload=\"metadata\" controls=\"controls\"><source type=\"video\/mp4\" src=\"https:\/\/api.hrt.hr\/media\/64\/37\/blagoslov-20220417063539.mp4?_=1\" \/><a href=\"https:\/\/api.hrt.hr\/media\/64\/37\/blagoslov-20220417063539.mp4\">https:\/\/api.hrt.hr\/media\/64\/37\/blagoslov-20220417063539.mp4<\/a><\/video><\/div>\n\n\n\n<p>Izvor:hrt.hr<\/p>\n","protected":false},"excerpt":{"rendered":"<p>Ranim jutrom, na Uskrs, diljem hrvatskih krajeva nosi se na blagoslov hrana koja se na Veliku subotu pripremalo u obiteljima &#8211; kuhana \u0161unka, jaja, mladi luk, kola\u010di&#8230;sve ono \u0161to se blaguje za uskrsnim stolom. Bogata je i posebno \u017eivopisna ova tradicija u Slavoniji, a kamera HRT-a zabilje\u017eila ju je u po\u017ee\u0161koj katedrali. Nakon korizme, odricanja, [&hellip;]<\/p>\n","protected":false},"author":2,"featured_media":133323,"comment_status":"closed","ping_status":"closed","sticky":false,"template":"","format":"standard","meta":{"h5ap_radio_sources":[],"footnotes":""},"categories":[1],"tags":[],"class_list":["post-133322","post","type-post","status-publish","format-standard","has-post-thumbnail","hentry","category-bihiregija"],"yoast_head":"<!-- This site is optimized with the Yoast SEO plugin v27.5 - https:\/\/yoast.com\/product\/yoast-seo-wordpress\/ -->\n<title>Blagoslov hrane i dru\u017eenje u obitelji - RADIO LJUBU\u0160KI<\/title>\n<meta name=\"robots\" content=\"index, follow, max-snippet:-1, max-image-preview:large, max-video-preview:-1\" \/>\n<link rel=\"canonical\" href=\"https:\/\/radioljubuski.ba\/index.php\/2022\/04\/17\/blagoslov-hrane-i-druzenje-u-obitelji\/\" \/>\n<meta property=\"og:locale\" content=\"hr_HR\" \/>\n<meta property=\"og:type\" content=\"article\" \/>\n<meta property=\"og:title\" content=\"Blagoslov hrane i dru\u017eenje u obitelji - RADIO LJUBU\u0160KI\" \/>\n<meta property=\"og:description\" content=\"Ranim jutrom, na Uskrs, diljem hrvatskih krajeva nosi se na blagoslov hrana koja se na Veliku subotu pripremalo u obiteljima &#8211; kuhana \u0161unka, jaja, mladi luk, kola\u010di&#8230;sve ono \u0161to se blaguje za uskrsnim stolom. Bogata je i posebno \u017eivopisna ova tradicija u Slavoniji, a kamera HRT-a zabilje\u017eila ju je u po\u017ee\u0161koj katedrali. Nakon korizme, odricanja, [&hellip;]\" \/>\n<meta property=\"og:url\" content=\"https:\/\/radioljubuski.ba\/index.php\/2022\/04\/17\/blagoslov-hrane-i-druzenje-u-obitelji\/\" \/>\n<meta property=\"og:site_name\" content=\"RADIO LJUBU\u0160KI\" \/>\n<meta property=\"article:publisher\" content=\"https:\/\/www.facebook.com\/Radiio-Ljubuski-1490835324566332\" \/>\n<meta property=\"article:published_time\" content=\"2022-04-17T17:07:10+00:00\" \/>\n<meta property=\"article:modified_time\" content=\"2022-04-17T17:07:11+00:00\" \/>\n<meta property=\"og:image\" content=\"https:\/\/radioljubuski.ba\/wp-content\/uploads\/2022\/04\/prilog-blagoslovtransfer-frame-1027-20220417053158.jpg\" \/>\n\t<meta property=\"og:image:width\" content=\"1920\" \/>\n\t<meta property=\"og:image:height\" content=\"1080\" \/>\n\t<meta property=\"og:image:type\" content=\"image\/jpeg\" \/>\n<meta name=\"author\" content=\"Radio Ljubu\u0161ki\" \/>\n<meta name=\"twitter:card\" content=\"summary_large_image\" \/>\n<meta name=\"twitter:creator\" content=\"@radioljubuski\" \/>\n<meta name=\"twitter:site\" content=\"@radioljubuski\" \/>\n<meta name=\"twitter:label1\" content=\"Napisao\/la\" \/>\n\t<meta name=\"twitter:data1\" content=\"Radio Ljubu\u0161ki\" \/>\n\t<meta name=\"twitter:label2\" content=\"Procijenjeno vrijeme \u010ditanja\" \/>\n\t<meta name=\"twitter:data2\" content=\"2 minute\" \/>\n<script type=\"application\/ld+json\" class=\"yoast-schema-graph\">{\"@context\":\"https:\\\/\\\/schema.org\",\"@graph\":[{\"@type\":\"Article\",\"@id\":\"https:\\\/\\\/radioljubuski.ba\\\/index.php\\\/2022\\\/04\\\/17\\\/blagoslov-hrane-i-druzenje-u-obitelji\\\/#article\",\"isPartOf\":{\"@id\":\"https:\\\/\\\/radioljubuski.ba\\\/index.php\\\/2022\\\/04\\\/17\\\/blagoslov-hrane-i-druzenje-u-obitelji\\\/\"},\"author\":{\"name\":\"Radio Ljubu\u0161ki\",\"@id\":\"https:\\\/\\\/radioljubuski.ba\\\/#\\\/schema\\\/person\\\/19fc700381a780f69665d7956c469e3b\"},\"headline\":\"Blagoslov hrane i dru\u017eenje u obitelji\",\"datePublished\":\"2022-04-17T17:07:10+00:00\",\"dateModified\":\"2022-04-17T17:07:11+00:00\",\"mainEntityOfPage\":{\"@id\":\"https:\\\/\\\/radioljubuski.ba\\\/index.php\\\/2022\\\/04\\\/17\\\/blagoslov-hrane-i-druzenje-u-obitelji\\\/\"},\"wordCount\":438,\"publisher\":{\"@id\":\"https:\\\/\\\/radioljubuski.ba\\\/#organization\"},\"image\":{\"@id\":\"https:\\\/\\\/radioljubuski.ba\\\/index.php\\\/2022\\\/04\\\/17\\\/blagoslov-hrane-i-druzenje-u-obitelji\\\/#primaryimage\"},\"thumbnailUrl\":\"https:\\\/\\\/radioljubuski.ba\\\/wp-content\\\/uploads\\\/2022\\\/04\\\/prilog-blagoslovtransfer-frame-1027-20220417053158.jpg\",\"articleSection\":[\"BIH i regija\"],\"inLanguage\":\"hr\"},{\"@type\":\"WebPage\",\"@id\":\"https:\\\/\\\/radioljubuski.ba\\\/index.php\\\/2022\\\/04\\\/17\\\/blagoslov-hrane-i-druzenje-u-obitelji\\\/\",\"url\":\"https:\\\/\\\/radioljubuski.ba\\\/index.php\\\/2022\\\/04\\\/17\\\/blagoslov-hrane-i-druzenje-u-obitelji\\\/\",\"name\":\"Blagoslov hrane i dru\u017eenje u obitelji - RADIO LJUBU\u0160KI\",\"isPartOf\":{\"@id\":\"https:\\\/\\\/radioljubuski.ba\\\/#website\"},\"primaryImageOfPage\":{\"@id\":\"https:\\\/\\\/radioljubuski.ba\\\/index.php\\\/2022\\\/04\\\/17\\\/blagoslov-hrane-i-druzenje-u-obitelji\\\/#primaryimage\"},\"image\":{\"@id\":\"https:\\\/\\\/radioljubuski.ba\\\/index.php\\\/2022\\\/04\\\/17\\\/blagoslov-hrane-i-druzenje-u-obitelji\\\/#primaryimage\"},\"thumbnailUrl\":\"https:\\\/\\\/radioljubuski.ba\\\/wp-content\\\/uploads\\\/2022\\\/04\\\/prilog-blagoslovtransfer-frame-1027-20220417053158.jpg\",\"datePublished\":\"2022-04-17T17:07:10+00:00\",\"dateModified\":\"2022-04-17T17:07:11+00:00\",\"breadcrumb\":{\"@id\":\"https:\\\/\\\/radioljubuski.ba\\\/index.php\\\/2022\\\/04\\\/17\\\/blagoslov-hrane-i-druzenje-u-obitelji\\\/#breadcrumb\"},\"inLanguage\":\"hr\",\"potentialAction\":[{\"@type\":\"ReadAction\",\"target\":[\"https:\\\/\\\/radioljubuski.ba\\\/index.php\\\/2022\\\/04\\\/17\\\/blagoslov-hrane-i-druzenje-u-obitelji\\\/\"]}]},{\"@type\":\"ImageObject\",\"inLanguage\":\"hr\",\"@id\":\"https:\\\/\\\/radioljubuski.ba\\\/index.php\\\/2022\\\/04\\\/17\\\/blagoslov-hrane-i-druzenje-u-obitelji\\\/#primaryimage\",\"url\":\"https:\\\/\\\/radioljubuski.ba\\\/wp-content\\\/uploads\\\/2022\\\/04\\\/prilog-blagoslovtransfer-frame-1027-20220417053158.jpg\",\"contentUrl\":\"https:\\\/\\\/radioljubuski.ba\\\/wp-content\\\/uploads\\\/2022\\\/04\\\/prilog-blagoslovtransfer-frame-1027-20220417053158.jpg\",\"width\":1920,\"height\":1080},{\"@type\":\"BreadcrumbList\",\"@id\":\"https:\\\/\\\/radioljubuski.ba\\\/index.php\\\/2022\\\/04\\\/17\\\/blagoslov-hrane-i-druzenje-u-obitelji\\\/#breadcrumb\",\"itemListElement\":[{\"@type\":\"ListItem\",\"position\":1,\"name\":\"Po\u010detna stranica\",\"item\":\"https:\\\/\\\/radioljubuski.ba\\\/\"},{\"@type\":\"ListItem\",\"position\":2,\"name\":\"Blagoslov hrane i dru\u017eenje u obitelji\"}]},{\"@type\":\"WebSite\",\"@id\":\"https:\\\/\\\/radioljubuski.ba\\\/#website\",\"url\":\"https:\\\/\\\/radioljubuski.ba\\\/\",\"name\":\"Radio Ljubu\u0161ki\",\"description\":\"Sun\u010dana frekvencija Hercegovine\",\"publisher\":{\"@id\":\"https:\\\/\\\/radioljubuski.ba\\\/#organization\"},\"potentialAction\":[{\"@type\":\"SearchAction\",\"target\":{\"@type\":\"EntryPoint\",\"urlTemplate\":\"https:\\\/\\\/radioljubuski.ba\\\/?s={search_term_string}\"},\"query-input\":{\"@type\":\"PropertyValueSpecification\",\"valueRequired\":true,\"valueName\":\"search_term_string\"}}],\"inLanguage\":\"hr\"},{\"@type\":\"Organization\",\"@id\":\"https:\\\/\\\/radioljubuski.ba\\\/#organization\",\"name\":\"Radio Ljubu\u0161ki\",\"url\":\"https:\\\/\\\/radioljubuski.ba\\\/\",\"logo\":{\"@type\":\"ImageObject\",\"inLanguage\":\"hr\",\"@id\":\"https:\\\/\\\/radioljubuski.ba\\\/#\\\/schema\\\/logo\\\/image\\\/\",\"url\":\"https:\\\/\\\/radioljubuski.ba\\\/wp-content\\\/uploads\\\/2021\\\/02\\\/cropped-Radio_Ljubuski_logo1.jpg\",\"contentUrl\":\"https:\\\/\\\/radioljubuski.ba\\\/wp-content\\\/uploads\\\/2021\\\/02\\\/cropped-Radio_Ljubuski_logo1.jpg\",\"width\":512,\"height\":512,\"caption\":\"Radio Ljubu\u0161ki\"},\"image\":{\"@id\":\"https:\\\/\\\/radioljubuski.ba\\\/#\\\/schema\\\/logo\\\/image\\\/\"},\"sameAs\":[\"https:\\\/\\\/www.facebook.com\\\/Radiio-Ljubuski-1490835324566332\",\"https:\\\/\\\/x.com\\\/radioljubuski\",\"https:\\\/\\\/hr.linkedin.com\\\/company\\\/radio-ljubuski\",\"https:\\\/\\\/www.youtube.com\\\/channel\\\/UCHYaeO_n0Db3tjNGudGpXyw\"]},{\"@type\":\"Person\",\"@id\":\"https:\\\/\\\/radioljubuski.ba\\\/#\\\/schema\\\/person\\\/19fc700381a780f69665d7956c469e3b\",\"name\":\"Radio Ljubu\u0161ki\"}]}<\/script>\n<!-- \/ Yoast SEO plugin. -->","yoast_head_json":{"title":"Blagoslov hrane i dru\u017eenje u obitelji - RADIO LJUBU\u0160KI","robots":{"index":"index","follow":"follow","max-snippet":"max-snippet:-1","max-image-preview":"max-image-preview:large","max-video-preview":"max-video-preview:-1"},"canonical":"https:\/\/radioljubuski.ba\/index.php\/2022\/04\/17\/blagoslov-hrane-i-druzenje-u-obitelji\/","og_locale":"hr_HR","og_type":"article","og_title":"Blagoslov hrane i dru\u017eenje u obitelji - RADIO LJUBU\u0160KI","og_description":"Ranim jutrom, na Uskrs, diljem hrvatskih krajeva nosi se na blagoslov hrana koja se na Veliku subotu pripremalo u obiteljima &#8211; kuhana \u0161unka, jaja, mladi luk, kola\u010di&#8230;sve ono \u0161to se blaguje za uskrsnim stolom. Bogata je i posebno \u017eivopisna ova tradicija u Slavoniji, a kamera HRT-a zabilje\u017eila ju je u po\u017ee\u0161koj katedrali. Nakon korizme, odricanja, [&hellip;]","og_url":"https:\/\/radioljubuski.ba\/index.php\/2022\/04\/17\/blagoslov-hrane-i-druzenje-u-obitelji\/","og_site_name":"RADIO LJUBU\u0160KI","article_publisher":"https:\/\/www.facebook.com\/Radiio-Ljubuski-1490835324566332","article_published_time":"2022-04-17T17:07:10+00:00","article_modified_time":"2022-04-17T17:07:11+00:00","og_image":[{"width":1920,"height":1080,"url":"https:\/\/radioljubuski.ba\/wp-content\/uploads\/2022\/04\/prilog-blagoslovtransfer-frame-1027-20220417053158.jpg","type":"image\/jpeg"}],"author":"Radio Ljubu\u0161ki","twitter_card":"summary_large_image","twitter_creator":"@radioljubuski","twitter_site":"@radioljubuski","twitter_misc":{"Napisao\/la":"Radio Ljubu\u0161ki","Procijenjeno vrijeme \u010ditanja":"2 minute"},"schema":{"@context":"https:\/\/schema.org","@graph":[{"@type":"Article","@id":"https:\/\/radioljubuski.ba\/index.php\/2022\/04\/17\/blagoslov-hrane-i-druzenje-u-obitelji\/#article","isPartOf":{"@id":"https:\/\/radioljubuski.ba\/index.php\/2022\/04\/17\/blagoslov-hrane-i-druzenje-u-obitelji\/"},"author":{"name":"Radio Ljubu\u0161ki","@id":"https:\/\/radioljubuski.ba\/#\/schema\/person\/19fc700381a780f69665d7956c469e3b"},"headline":"Blagoslov hrane i dru\u017eenje u obitelji","datePublished":"2022-04-17T17:07:10+00:00","dateModified":"2022-04-17T17:07:11+00:00","mainEntityOfPage":{"@id":"https:\/\/radioljubuski.ba\/index.php\/2022\/04\/17\/blagoslov-hrane-i-druzenje-u-obitelji\/"},"wordCount":438,"publisher":{"@id":"https:\/\/radioljubuski.ba\/#organization"},"image":{"@id":"https:\/\/radioljubuski.ba\/index.php\/2022\/04\/17\/blagoslov-hrane-i-druzenje-u-obitelji\/#primaryimage"},"thumbnailUrl":"https:\/\/radioljubuski.ba\/wp-content\/uploads\/2022\/04\/prilog-blagoslovtransfer-frame-1027-20220417053158.jpg","articleSection":["BIH i regija"],"inLanguage":"hr"},{"@type":"WebPage","@id":"https:\/\/radioljubuski.ba\/index.php\/2022\/04\/17\/blagoslov-hrane-i-druzenje-u-obitelji\/","url":"https:\/\/radioljubuski.ba\/index.php\/2022\/04\/17\/blagoslov-hrane-i-druzenje-u-obitelji\/","name":"Blagoslov hrane i dru\u017eenje u obitelji - RADIO LJUBU\u0160KI","isPartOf":{"@id":"https:\/\/radioljubuski.ba\/#website"},"primaryImageOfPage":{"@id":"https:\/\/radioljubuski.ba\/index.php\/2022\/04\/17\/blagoslov-hrane-i-druzenje-u-obitelji\/#primaryimage"},"image":{"@id":"https:\/\/radioljubuski.ba\/index.php\/2022\/04\/17\/blagoslov-hrane-i-druzenje-u-obitelji\/#primaryimage"},"thumbnailUrl":"https:\/\/radioljubuski.ba\/wp-content\/uploads\/2022\/04\/prilog-blagoslovtransfer-frame-1027-20220417053158.jpg","datePublished":"2022-04-17T17:07:10+00:00","dateModified":"2022-04-17T17:07:11+00:00","breadcrumb":{"@id":"https:\/\/radioljubuski.ba\/index.php\/2022\/04\/17\/blagoslov-hrane-i-druzenje-u-obitelji\/#breadcrumb"},"inLanguage":"hr","potentialAction":[{"@type":"ReadAction","target":["https:\/\/radioljubuski.ba\/index.php\/2022\/04\/17\/blagoslov-hrane-i-druzenje-u-obitelji\/"]}]},{"@type":"ImageObject","inLanguage":"hr","@id":"https:\/\/radioljubuski.ba\/index.php\/2022\/04\/17\/blagoslov-hrane-i-druzenje-u-obitelji\/#primaryimage","url":"https:\/\/radioljubuski.ba\/wp-content\/uploads\/2022\/04\/prilog-blagoslovtransfer-frame-1027-20220417053158.jpg","contentUrl":"https:\/\/radioljubuski.ba\/wp-content\/uploads\/2022\/04\/prilog-blagoslovtransfer-frame-1027-20220417053158.jpg","width":1920,"height":1080},{"@type":"BreadcrumbList","@id":"https:\/\/radioljubuski.ba\/index.php\/2022\/04\/17\/blagoslov-hrane-i-druzenje-u-obitelji\/#breadcrumb","itemListElement":[{"@type":"ListItem","position":1,"name":"Po\u010detna stranica","item":"https:\/\/radioljubuski.ba\/"},{"@type":"ListItem","position":2,"name":"Blagoslov hrane i dru\u017eenje u obitelji"}]},{"@type":"WebSite","@id":"https:\/\/radioljubuski.ba\/#website","url":"https:\/\/radioljubuski.ba\/","name":"Radio Ljubu\u0161ki","description":"Sun\u010dana frekvencija Hercegovine","publisher":{"@id":"https:\/\/radioljubuski.ba\/#organization"},"potentialAction":[{"@type":"SearchAction","target":{"@type":"EntryPoint","urlTemplate":"https:\/\/radioljubuski.ba\/?s={search_term_string}"},"query-input":{"@type":"PropertyValueSpecification","valueRequired":true,"valueName":"search_term_string"}}],"inLanguage":"hr"},{"@type":"Organization","@id":"https:\/\/radioljubuski.ba\/#organization","name":"Radio Ljubu\u0161ki","url":"https:\/\/radioljubuski.ba\/","logo":{"@type":"ImageObject","inLanguage":"hr","@id":"https:\/\/radioljubuski.ba\/#\/schema\/logo\/image\/","url":"https:\/\/radioljubuski.ba\/wp-content\/uploads\/2021\/02\/cropped-Radio_Ljubuski_logo1.jpg","contentUrl":"https:\/\/radioljubuski.ba\/wp-content\/uploads\/2021\/02\/cropped-Radio_Ljubuski_logo1.jpg","width":512,"height":512,"caption":"Radio Ljubu\u0161ki"},"image":{"@id":"https:\/\/radioljubuski.ba\/#\/schema\/logo\/image\/"},"sameAs":["https:\/\/www.facebook.com\/Radiio-Ljubuski-1490835324566332","https:\/\/x.com\/radioljubuski","https:\/\/hr.linkedin.com\/company\/radio-ljubuski","https:\/\/www.youtube.com\/channel\/UCHYaeO_n0Db3tjNGudGpXyw"]},{"@type":"Person","@id":"https:\/\/radioljubuski.ba\/#\/schema\/person\/19fc700381a780f69665d7956c469e3b","name":"Radio Ljubu\u0161ki"}]}},"_links":{"self":[{"href":"https:\/\/radioljubuski.ba\/index.php\/wp-json\/wp\/v2\/posts\/133322","targetHints":{"allow":["GET"]}}],"collection":[{"href":"https:\/\/radioljubuski.ba\/index.php\/wp-json\/wp\/v2\/posts"}],"about":[{"href":"https:\/\/radioljubuski.ba\/index.php\/wp-json\/wp\/v2\/types\/post"}],"author":[{"embeddable":true,"href":"https:\/\/radioljubuski.ba\/index.php\/wp-json\/wp\/v2\/users\/2"}],"replies":[{"embeddable":true,"href":"https:\/\/radioljubuski.ba\/index.php\/wp-json\/wp\/v2\/comments?post=133322"}],"version-history":[{"count":1,"href":"https:\/\/radioljubuski.ba\/index.php\/wp-json\/wp\/v2\/posts\/133322\/revisions"}],"predecessor-version":[{"id":133324,"href":"https:\/\/radioljubuski.ba\/index.php\/wp-json\/wp\/v2\/posts\/133322\/revisions\/133324"}],"wp:featuredmedia":[{"embeddable":true,"href":"https:\/\/radioljubuski.ba\/index.php\/wp-json\/wp\/v2\/media\/133323"}],"wp:attachment":[{"href":"https:\/\/radioljubuski.ba\/index.php\/wp-json\/wp\/v2\/media?parent=133322"}],"wp:term":[{"taxonomy":"category","embeddable":true,"href":"https:\/\/radioljubuski.ba\/index.php\/wp-json\/wp\/v2\/categories?post=133322"},{"taxonomy":"post_tag","embeddable":true,"href":"https:\/\/radioljubuski.ba\/index.php\/wp-json\/wp\/v2\/tags?post=133322"}],"curies":[{"name":"wp","href":"https:\/\/api.w.org\/{rel}","templated":true}]}}