{"id":133339,"date":"2022-04-17T18:25:06","date_gmt":"2022-04-17T17:25:06","guid":{"rendered":"https:\/\/radioljubuski.ba\/?p=133339"},"modified":"2022-04-17T18:25:07","modified_gmt":"2022-04-17T17:25:07","slug":"veleposlanik-ukrajine-i-zupan-petry-na-uskrs-u-gospicu-s-ukrajinskim-obiteljima","status":"publish","type":"post","link":"https:\/\/radioljubuski.ba\/index.php\/2022\/04\/17\/veleposlanik-ukrajine-i-zupan-petry-na-uskrs-u-gospicu-s-ukrajinskim-obiteljima\/","title":{"rendered":"Veleposlanik Ukrajine i \u017eupan Petry na Uskrs u Gospi\u0107u s ukrajinskim obiteljima"},"content":{"rendered":"\n<p><strong>Ukrajinski veleposlanik Vasilj Kirili\u010d posjetio je Li\u010dko-senjsku \u017eupaniju. Nakon susreta sa \u017eupanom obi\u0161ao je svoje sunarodnjake koji su u Lici prona\u0161li uto\u010di\u0161te od rata. U hotelu Gospi\u0107 privremeno je smje\u0161teno 49 izbjeglica iz Ukrajine.&nbsp;<\/strong><\/p>\n\n\n\n<p>Veleposlanik Ukrajine u Hrvatskoj&nbsp;<strong>Vasyl Kyrylych<\/strong>&nbsp;i Li\u010dko-senjski \u017eupan&nbsp;<strong>Ernest Petry&nbsp;<\/strong>u Gospi\u0107u su na Uskrs odr\u017eali sastanak s predstavnicima slu\u017ebi za zbrinjavanja izbjeglica iz Ukrajine, zahvalili se svima te sudjelovali s ukrajinskim obiteljima na uskrsnom ru\u010dku u Hotelu Ana.<br><br>&#8211; U Lici je visoka razina prihvata Ukrajinaca po svim uvjetima i djeca polaze \u0161kolu; to nisu samo lijepe rije\u010di i geste, to je na\u010din prijateljskog i obiteljskog prihvata izbjeglih iz Ukrajine zbog ruske agresije, rekao je veleposlanik Kyrylych. Najsna\u017enija rije\u010d koju vam nosim je zahvala. Mogu potvrditi da su Ukrajinci u Hrvatskoj, u Osijeku, u Lici i drugdje primljeni kao svoji, a to nas veseli, jer u ovom tu\u017enom trenutku pla\u010da, puno zna\u010di dobiti takvu ruku podr\u0161ke kakvu izbjeglice dobijaju od Hrvatske, dodao je ukrajinski veleposlanik.<br><br>U Li\u010dko senjskoj \u017eupaniji je vi\u0161e od 600 izbjeglih Ukrajinaca, a kroz Prihvatni centar u Gospi\u0107u pro\u0161lo je skoro 700 osoba, s tim da je dio njih smje\u0161ten i u Karlova\u010dkoj \u017eupaniji.<br><br>U gospi\u0107kom Hotelu Ana trenutno je smje\u0161teno 49 Ukrajinaca, a u Gospi\u0107u 97.<br><br>\u017dupan Petry je naglasio da su spremni i za daljnji prihvat ovisno o potrebi ukrajinskog stanovni\u0161tva, te je izme\u0111u ostalog iznio podatak da je za sada 15 Ukrajinaca na\u0161lo zaposlenje.<br><br>Medijima se predstavila obitelj&nbsp;<strong>Melnychenko&nbsp;<\/strong>sa \u010detvero djece. Otac&nbsp;<strong>Andrii&nbsp;<\/strong>je rekao da se u Gospi\u0107u osje\u0107aju kao kod ku\u0107e zbog toga jer su ih Hrvati primili \u010dudnovato lijepo, s velikim srcem.<br><br>Imali su te\u0161ku i hitnu situaciju sa zdravljem k\u0107eri stare 11 mjeseci, koja je transportirana u Zagreb i operirana u najkra\u0107em mogu\u0107em vremenu i sada je dobro.<br><br>&#8211; Zahvalan sam zauvijek \u0161to smo dobilu tu pomo\u0107, \u010dak i besplatno i vrlo kvalitetnu, rekao je.<br><br>Njegova je obitelj pravoslavne vjere, njima je danas Cvjetnica, Vrbna nedelja, ali danas se, ka\u017ee, raduju uskr\u0161njem kruhu i pisanicama, svemu uskr\u0161njem, odlaze na molitve u katoli\u010dku katedralnu crkvu u Gospi\u0107u, jer, kako je naglasio, &#8220;Bog je jedan.<br><br>U svoje ime i u ime svih drugih izbjeglih Ukrajinaca u Gospi\u0107u, bez obzira jesu li pravoslavne ili grkokatoli\u010dke vjere, rekao je da se svi mole istom Bogu za zdravlje, mir nad glavom i obiteljsku sre\u0107u.<\/p>\n\n\n\n<p>Izvor:hrt.hr<\/p>\n","protected":false},"excerpt":{"rendered":"<p>Ukrajinski veleposlanik Vasilj Kirili\u010d posjetio je Li\u010dko-senjsku \u017eupaniju. Nakon susreta sa \u017eupanom obi\u0161ao je svoje sunarodnjake koji su u Lici prona\u0161li uto\u010di\u0161te od rata. U hotelu Gospi\u0107 privremeno je smje\u0161teno 49 izbjeglica iz Ukrajine.&nbsp; Veleposlanik Ukrajine u Hrvatskoj&nbsp;Vasyl Kyrylych&nbsp;i Li\u010dko-senjski \u017eupan&nbsp;Ernest Petry&nbsp;u Gospi\u0107u su na Uskrs odr\u017eali sastanak s predstavnicima slu\u017ebi za zbrinjavanja izbjeglica iz [&hellip;]<\/p>\n","protected":false},"author":2,"featured_media":133340,"comment_status":"closed","ping_status":"closed","sticky":false,"template":"","format":"standard","meta":{"h5ap_radio_sources":[],"footnotes":""},"categories":[1],"tags":[],"class_list":["post-133339","post","type-post","status-publish","format-standard","has-post-thumbnail","hentry","category-bihiregija"],"yoast_head":"<!-- This site is optimized with the Yoast SEO plugin v27.5 - https:\/\/yoast.com\/product\/yoast-seo-wordpress\/ -->\n<title>Veleposlanik Ukrajine i \u017eupan Petry na Uskrs u Gospi\u0107u s ukrajinskim obiteljima - RADIO LJUBU\u0160KI<\/title>\n<meta name=\"robots\" content=\"index, follow, max-snippet:-1, max-image-preview:large, max-video-preview:-1\" \/>\n<link rel=\"canonical\" href=\"https:\/\/radioljubuski.ba\/index.php\/2022\/04\/17\/veleposlanik-ukrajine-i-zupan-petry-na-uskrs-u-gospicu-s-ukrajinskim-obiteljima\/\" \/>\n<meta property=\"og:locale\" content=\"hr_HR\" \/>\n<meta property=\"og:type\" content=\"article\" \/>\n<meta property=\"og:title\" content=\"Veleposlanik Ukrajine i \u017eupan Petry na Uskrs u Gospi\u0107u s ukrajinskim obiteljima - RADIO LJUBU\u0160KI\" \/>\n<meta property=\"og:description\" content=\"Ukrajinski veleposlanik Vasilj Kirili\u010d posjetio je Li\u010dko-senjsku \u017eupaniju. Nakon susreta sa \u017eupanom obi\u0161ao je svoje sunarodnjake koji su u Lici prona\u0161li uto\u010di\u0161te od rata. U hotelu Gospi\u0107 privremeno je smje\u0161teno 49 izbjeglica iz Ukrajine.&nbsp; Veleposlanik Ukrajine u Hrvatskoj&nbsp;Vasyl Kyrylych&nbsp;i Li\u010dko-senjski \u017eupan&nbsp;Ernest Petry&nbsp;u Gospi\u0107u su na Uskrs odr\u017eali sastanak s predstavnicima slu\u017ebi za zbrinjavanja izbjeglica iz [&hellip;]\" \/>\n<meta property=\"og:url\" content=\"https:\/\/radioljubuski.ba\/index.php\/2022\/04\/17\/veleposlanik-ukrajine-i-zupan-petry-na-uskrs-u-gospicu-s-ukrajinskim-obiteljima\/\" \/>\n<meta property=\"og:site_name\" content=\"RADIO LJUBU\u0160KI\" \/>\n<meta property=\"article:publisher\" content=\"https:\/\/www.facebook.com\/Radiio-Ljubuski-1490835324566332\" \/>\n<meta property=\"article:published_time\" content=\"2022-04-17T17:25:06+00:00\" \/>\n<meta property=\"article:modified_time\" content=\"2022-04-17T17:25:07+00:00\" \/>\n<meta property=\"og:image\" content=\"https:\/\/radioljubuski.ba\/wp-content\/uploads\/2022\/04\/Ukrajinski-veleposlanik-4-717x478-1.jpg\" \/>\n\t<meta property=\"og:image:width\" content=\"717\" \/>\n\t<meta property=\"og:image:height\" content=\"478\" \/>\n\t<meta property=\"og:image:type\" content=\"image\/jpeg\" \/>\n<meta name=\"author\" content=\"Radio Ljubu\u0161ki\" \/>\n<meta name=\"twitter:card\" content=\"summary_large_image\" \/>\n<meta name=\"twitter:creator\" content=\"@radioljubuski\" \/>\n<meta name=\"twitter:site\" content=\"@radioljubuski\" \/>\n<meta name=\"twitter:label1\" content=\"Napisao\/la\" \/>\n\t<meta name=\"twitter:data1\" content=\"Radio Ljubu\u0161ki\" \/>\n\t<meta name=\"twitter:label2\" content=\"Procijenjeno vrijeme \u010ditanja\" \/>\n\t<meta name=\"twitter:data2\" content=\"2 minute\" \/>\n<script type=\"application\/ld+json\" class=\"yoast-schema-graph\">{\"@context\":\"https:\\\/\\\/schema.org\",\"@graph\":[{\"@type\":\"Article\",\"@id\":\"https:\\\/\\\/radioljubuski.ba\\\/index.php\\\/2022\\\/04\\\/17\\\/veleposlanik-ukrajine-i-zupan-petry-na-uskrs-u-gospicu-s-ukrajinskim-obiteljima\\\/#article\",\"isPartOf\":{\"@id\":\"https:\\\/\\\/radioljubuski.ba\\\/index.php\\\/2022\\\/04\\\/17\\\/veleposlanik-ukrajine-i-zupan-petry-na-uskrs-u-gospicu-s-ukrajinskim-obiteljima\\\/\"},\"author\":{\"name\":\"Radio Ljubu\u0161ki\",\"@id\":\"https:\\\/\\\/radioljubuski.ba\\\/#\\\/schema\\\/person\\\/19fc700381a780f69665d7956c469e3b\"},\"headline\":\"Veleposlanik Ukrajine i \u017eupan Petry na Uskrs u Gospi\u0107u s ukrajinskim obiteljima\",\"datePublished\":\"2022-04-17T17:25:06+00:00\",\"dateModified\":\"2022-04-17T17:25:07+00:00\",\"mainEntityOfPage\":{\"@id\":\"https:\\\/\\\/radioljubuski.ba\\\/index.php\\\/2022\\\/04\\\/17\\\/veleposlanik-ukrajine-i-zupan-petry-na-uskrs-u-gospicu-s-ukrajinskim-obiteljima\\\/\"},\"wordCount\":449,\"publisher\":{\"@id\":\"https:\\\/\\\/radioljubuski.ba\\\/#organization\"},\"image\":{\"@id\":\"https:\\\/\\\/radioljubuski.ba\\\/index.php\\\/2022\\\/04\\\/17\\\/veleposlanik-ukrajine-i-zupan-petry-na-uskrs-u-gospicu-s-ukrajinskim-obiteljima\\\/#primaryimage\"},\"thumbnailUrl\":\"https:\\\/\\\/radioljubuski.ba\\\/wp-content\\\/uploads\\\/2022\\\/04\\\/Ukrajinski-veleposlanik-4-717x478-1.jpg\",\"articleSection\":[\"BIH i regija\"],\"inLanguage\":\"hr\"},{\"@type\":\"WebPage\",\"@id\":\"https:\\\/\\\/radioljubuski.ba\\\/index.php\\\/2022\\\/04\\\/17\\\/veleposlanik-ukrajine-i-zupan-petry-na-uskrs-u-gospicu-s-ukrajinskim-obiteljima\\\/\",\"url\":\"https:\\\/\\\/radioljubuski.ba\\\/index.php\\\/2022\\\/04\\\/17\\\/veleposlanik-ukrajine-i-zupan-petry-na-uskrs-u-gospicu-s-ukrajinskim-obiteljima\\\/\",\"name\":\"Veleposlanik Ukrajine i \u017eupan Petry na Uskrs u Gospi\u0107u s ukrajinskim obiteljima - RADIO LJUBU\u0160KI\",\"isPartOf\":{\"@id\":\"https:\\\/\\\/radioljubuski.ba\\\/#website\"},\"primaryImageOfPage\":{\"@id\":\"https:\\\/\\\/radioljubuski.ba\\\/index.php\\\/2022\\\/04\\\/17\\\/veleposlanik-ukrajine-i-zupan-petry-na-uskrs-u-gospicu-s-ukrajinskim-obiteljima\\\/#primaryimage\"},\"image\":{\"@id\":\"https:\\\/\\\/radioljubuski.ba\\\/index.php\\\/2022\\\/04\\\/17\\\/veleposlanik-ukrajine-i-zupan-petry-na-uskrs-u-gospicu-s-ukrajinskim-obiteljima\\\/#primaryimage\"},\"thumbnailUrl\":\"https:\\\/\\\/radioljubuski.ba\\\/wp-content\\\/uploads\\\/2022\\\/04\\\/Ukrajinski-veleposlanik-4-717x478-1.jpg\",\"datePublished\":\"2022-04-17T17:25:06+00:00\",\"dateModified\":\"2022-04-17T17:25:07+00:00\",\"breadcrumb\":{\"@id\":\"https:\\\/\\\/radioljubuski.ba\\\/index.php\\\/2022\\\/04\\\/17\\\/veleposlanik-ukrajine-i-zupan-petry-na-uskrs-u-gospicu-s-ukrajinskim-obiteljima\\\/#breadcrumb\"},\"inLanguage\":\"hr\",\"potentialAction\":[{\"@type\":\"ReadAction\",\"target\":[\"https:\\\/\\\/radioljubuski.ba\\\/index.php\\\/2022\\\/04\\\/17\\\/veleposlanik-ukrajine-i-zupan-petry-na-uskrs-u-gospicu-s-ukrajinskim-obiteljima\\\/\"]}]},{\"@type\":\"ImageObject\",\"inLanguage\":\"hr\",\"@id\":\"https:\\\/\\\/radioljubuski.ba\\\/index.php\\\/2022\\\/04\\\/17\\\/veleposlanik-ukrajine-i-zupan-petry-na-uskrs-u-gospicu-s-ukrajinskim-obiteljima\\\/#primaryimage\",\"url\":\"https:\\\/\\\/radioljubuski.ba\\\/wp-content\\\/uploads\\\/2022\\\/04\\\/Ukrajinski-veleposlanik-4-717x478-1.jpg\",\"contentUrl\":\"https:\\\/\\\/radioljubuski.ba\\\/wp-content\\\/uploads\\\/2022\\\/04\\\/Ukrajinski-veleposlanik-4-717x478-1.jpg\",\"width\":717,\"height\":478},{\"@type\":\"BreadcrumbList\",\"@id\":\"https:\\\/\\\/radioljubuski.ba\\\/index.php\\\/2022\\\/04\\\/17\\\/veleposlanik-ukrajine-i-zupan-petry-na-uskrs-u-gospicu-s-ukrajinskim-obiteljima\\\/#breadcrumb\",\"itemListElement\":[{\"@type\":\"ListItem\",\"position\":1,\"name\":\"Po\u010detna stranica\",\"item\":\"https:\\\/\\\/radioljubuski.ba\\\/\"},{\"@type\":\"ListItem\",\"position\":2,\"name\":\"Veleposlanik Ukrajine i \u017eupan Petry na Uskrs u Gospi\u0107u s ukrajinskim obiteljima\"}]},{\"@type\":\"WebSite\",\"@id\":\"https:\\\/\\\/radioljubuski.ba\\\/#website\",\"url\":\"https:\\\/\\\/radioljubuski.ba\\\/\",\"name\":\"Radio Ljubu\u0161ki\",\"description\":\"Sun\u010dana frekvencija Hercegovine\",\"publisher\":{\"@id\":\"https:\\\/\\\/radioljubuski.ba\\\/#organization\"},\"potentialAction\":[{\"@type\":\"SearchAction\",\"target\":{\"@type\":\"EntryPoint\",\"urlTemplate\":\"https:\\\/\\\/radioljubuski.ba\\\/?s={search_term_string}\"},\"query-input\":{\"@type\":\"PropertyValueSpecification\",\"valueRequired\":true,\"valueName\":\"search_term_string\"}}],\"inLanguage\":\"hr\"},{\"@type\":\"Organization\",\"@id\":\"https:\\\/\\\/radioljubuski.ba\\\/#organization\",\"name\":\"Radio Ljubu\u0161ki\",\"url\":\"https:\\\/\\\/radioljubuski.ba\\\/\",\"logo\":{\"@type\":\"ImageObject\",\"inLanguage\":\"hr\",\"@id\":\"https:\\\/\\\/radioljubuski.ba\\\/#\\\/schema\\\/logo\\\/image\\\/\",\"url\":\"https:\\\/\\\/radioljubuski.ba\\\/wp-content\\\/uploads\\\/2021\\\/02\\\/cropped-Radio_Ljubuski_logo1.jpg\",\"contentUrl\":\"https:\\\/\\\/radioljubuski.ba\\\/wp-content\\\/uploads\\\/2021\\\/02\\\/cropped-Radio_Ljubuski_logo1.jpg\",\"width\":512,\"height\":512,\"caption\":\"Radio Ljubu\u0161ki\"},\"image\":{\"@id\":\"https:\\\/\\\/radioljubuski.ba\\\/#\\\/schema\\\/logo\\\/image\\\/\"},\"sameAs\":[\"https:\\\/\\\/www.facebook.com\\\/Radiio-Ljubuski-1490835324566332\",\"https:\\\/\\\/x.com\\\/radioljubuski\",\"https:\\\/\\\/hr.linkedin.com\\\/company\\\/radio-ljubuski\",\"https:\\\/\\\/www.youtube.com\\\/channel\\\/UCHYaeO_n0Db3tjNGudGpXyw\"]},{\"@type\":\"Person\",\"@id\":\"https:\\\/\\\/radioljubuski.ba\\\/#\\\/schema\\\/person\\\/19fc700381a780f69665d7956c469e3b\",\"name\":\"Radio Ljubu\u0161ki\"}]}<\/script>\n<!-- \/ Yoast SEO plugin. -->","yoast_head_json":{"title":"Veleposlanik Ukrajine i \u017eupan Petry na Uskrs u Gospi\u0107u s ukrajinskim obiteljima - RADIO LJUBU\u0160KI","robots":{"index":"index","follow":"follow","max-snippet":"max-snippet:-1","max-image-preview":"max-image-preview:large","max-video-preview":"max-video-preview:-1"},"canonical":"https:\/\/radioljubuski.ba\/index.php\/2022\/04\/17\/veleposlanik-ukrajine-i-zupan-petry-na-uskrs-u-gospicu-s-ukrajinskim-obiteljima\/","og_locale":"hr_HR","og_type":"article","og_title":"Veleposlanik Ukrajine i \u017eupan Petry na Uskrs u Gospi\u0107u s ukrajinskim obiteljima - RADIO LJUBU\u0160KI","og_description":"Ukrajinski veleposlanik Vasilj Kirili\u010d posjetio je Li\u010dko-senjsku \u017eupaniju. Nakon susreta sa \u017eupanom obi\u0161ao je svoje sunarodnjake koji su u Lici prona\u0161li uto\u010di\u0161te od rata. U hotelu Gospi\u0107 privremeno je smje\u0161teno 49 izbjeglica iz Ukrajine.&nbsp; Veleposlanik Ukrajine u Hrvatskoj&nbsp;Vasyl Kyrylych&nbsp;i Li\u010dko-senjski \u017eupan&nbsp;Ernest Petry&nbsp;u Gospi\u0107u su na Uskrs odr\u017eali sastanak s predstavnicima slu\u017ebi za zbrinjavanja izbjeglica iz [&hellip;]","og_url":"https:\/\/radioljubuski.ba\/index.php\/2022\/04\/17\/veleposlanik-ukrajine-i-zupan-petry-na-uskrs-u-gospicu-s-ukrajinskim-obiteljima\/","og_site_name":"RADIO LJUBU\u0160KI","article_publisher":"https:\/\/www.facebook.com\/Radiio-Ljubuski-1490835324566332","article_published_time":"2022-04-17T17:25:06+00:00","article_modified_time":"2022-04-17T17:25:07+00:00","og_image":[{"width":717,"height":478,"url":"https:\/\/radioljubuski.ba\/wp-content\/uploads\/2022\/04\/Ukrajinski-veleposlanik-4-717x478-1.jpg","type":"image\/jpeg"}],"author":"Radio Ljubu\u0161ki","twitter_card":"summary_large_image","twitter_creator":"@radioljubuski","twitter_site":"@radioljubuski","twitter_misc":{"Napisao\/la":"Radio Ljubu\u0161ki","Procijenjeno vrijeme \u010ditanja":"2 minute"},"schema":{"@context":"https:\/\/schema.org","@graph":[{"@type":"Article","@id":"https:\/\/radioljubuski.ba\/index.php\/2022\/04\/17\/veleposlanik-ukrajine-i-zupan-petry-na-uskrs-u-gospicu-s-ukrajinskim-obiteljima\/#article","isPartOf":{"@id":"https:\/\/radioljubuski.ba\/index.php\/2022\/04\/17\/veleposlanik-ukrajine-i-zupan-petry-na-uskrs-u-gospicu-s-ukrajinskim-obiteljima\/"},"author":{"name":"Radio Ljubu\u0161ki","@id":"https:\/\/radioljubuski.ba\/#\/schema\/person\/19fc700381a780f69665d7956c469e3b"},"headline":"Veleposlanik Ukrajine i \u017eupan Petry na Uskrs u Gospi\u0107u s ukrajinskim obiteljima","datePublished":"2022-04-17T17:25:06+00:00","dateModified":"2022-04-17T17:25:07+00:00","mainEntityOfPage":{"@id":"https:\/\/radioljubuski.ba\/index.php\/2022\/04\/17\/veleposlanik-ukrajine-i-zupan-petry-na-uskrs-u-gospicu-s-ukrajinskim-obiteljima\/"},"wordCount":449,"publisher":{"@id":"https:\/\/radioljubuski.ba\/#organization"},"image":{"@id":"https:\/\/radioljubuski.ba\/index.php\/2022\/04\/17\/veleposlanik-ukrajine-i-zupan-petry-na-uskrs-u-gospicu-s-ukrajinskim-obiteljima\/#primaryimage"},"thumbnailUrl":"https:\/\/radioljubuski.ba\/wp-content\/uploads\/2022\/04\/Ukrajinski-veleposlanik-4-717x478-1.jpg","articleSection":["BIH i regija"],"inLanguage":"hr"},{"@type":"WebPage","@id":"https:\/\/radioljubuski.ba\/index.php\/2022\/04\/17\/veleposlanik-ukrajine-i-zupan-petry-na-uskrs-u-gospicu-s-ukrajinskim-obiteljima\/","url":"https:\/\/radioljubuski.ba\/index.php\/2022\/04\/17\/veleposlanik-ukrajine-i-zupan-petry-na-uskrs-u-gospicu-s-ukrajinskim-obiteljima\/","name":"Veleposlanik Ukrajine i \u017eupan Petry na Uskrs u Gospi\u0107u s ukrajinskim obiteljima - RADIO LJUBU\u0160KI","isPartOf":{"@id":"https:\/\/radioljubuski.ba\/#website"},"primaryImageOfPage":{"@id":"https:\/\/radioljubuski.ba\/index.php\/2022\/04\/17\/veleposlanik-ukrajine-i-zupan-petry-na-uskrs-u-gospicu-s-ukrajinskim-obiteljima\/#primaryimage"},"image":{"@id":"https:\/\/radioljubuski.ba\/index.php\/2022\/04\/17\/veleposlanik-ukrajine-i-zupan-petry-na-uskrs-u-gospicu-s-ukrajinskim-obiteljima\/#primaryimage"},"thumbnailUrl":"https:\/\/radioljubuski.ba\/wp-content\/uploads\/2022\/04\/Ukrajinski-veleposlanik-4-717x478-1.jpg","datePublished":"2022-04-17T17:25:06+00:00","dateModified":"2022-04-17T17:25:07+00:00","breadcrumb":{"@id":"https:\/\/radioljubuski.ba\/index.php\/2022\/04\/17\/veleposlanik-ukrajine-i-zupan-petry-na-uskrs-u-gospicu-s-ukrajinskim-obiteljima\/#breadcrumb"},"inLanguage":"hr","potentialAction":[{"@type":"ReadAction","target":["https:\/\/radioljubuski.ba\/index.php\/2022\/04\/17\/veleposlanik-ukrajine-i-zupan-petry-na-uskrs-u-gospicu-s-ukrajinskim-obiteljima\/"]}]},{"@type":"ImageObject","inLanguage":"hr","@id":"https:\/\/radioljubuski.ba\/index.php\/2022\/04\/17\/veleposlanik-ukrajine-i-zupan-petry-na-uskrs-u-gospicu-s-ukrajinskim-obiteljima\/#primaryimage","url":"https:\/\/radioljubuski.ba\/wp-content\/uploads\/2022\/04\/Ukrajinski-veleposlanik-4-717x478-1.jpg","contentUrl":"https:\/\/radioljubuski.ba\/wp-content\/uploads\/2022\/04\/Ukrajinski-veleposlanik-4-717x478-1.jpg","width":717,"height":478},{"@type":"BreadcrumbList","@id":"https:\/\/radioljubuski.ba\/index.php\/2022\/04\/17\/veleposlanik-ukrajine-i-zupan-petry-na-uskrs-u-gospicu-s-ukrajinskim-obiteljima\/#breadcrumb","itemListElement":[{"@type":"ListItem","position":1,"name":"Po\u010detna stranica","item":"https:\/\/radioljubuski.ba\/"},{"@type":"ListItem","position":2,"name":"Veleposlanik Ukrajine i \u017eupan Petry na Uskrs u Gospi\u0107u s ukrajinskim obiteljima"}]},{"@type":"WebSite","@id":"https:\/\/radioljubuski.ba\/#website","url":"https:\/\/radioljubuski.ba\/","name":"Radio Ljubu\u0161ki","description":"Sun\u010dana frekvencija Hercegovine","publisher":{"@id":"https:\/\/radioljubuski.ba\/#organization"},"potentialAction":[{"@type":"SearchAction","target":{"@type":"EntryPoint","urlTemplate":"https:\/\/radioljubuski.ba\/?s={search_term_string}"},"query-input":{"@type":"PropertyValueSpecification","valueRequired":true,"valueName":"search_term_string"}}],"inLanguage":"hr"},{"@type":"Organization","@id":"https:\/\/radioljubuski.ba\/#organization","name":"Radio Ljubu\u0161ki","url":"https:\/\/radioljubuski.ba\/","logo":{"@type":"ImageObject","inLanguage":"hr","@id":"https:\/\/radioljubuski.ba\/#\/schema\/logo\/image\/","url":"https:\/\/radioljubuski.ba\/wp-content\/uploads\/2021\/02\/cropped-Radio_Ljubuski_logo1.jpg","contentUrl":"https:\/\/radioljubuski.ba\/wp-content\/uploads\/2021\/02\/cropped-Radio_Ljubuski_logo1.jpg","width":512,"height":512,"caption":"Radio Ljubu\u0161ki"},"image":{"@id":"https:\/\/radioljubuski.ba\/#\/schema\/logo\/image\/"},"sameAs":["https:\/\/www.facebook.com\/Radiio-Ljubuski-1490835324566332","https:\/\/x.com\/radioljubuski","https:\/\/hr.linkedin.com\/company\/radio-ljubuski","https:\/\/www.youtube.com\/channel\/UCHYaeO_n0Db3tjNGudGpXyw"]},{"@type":"Person","@id":"https:\/\/radioljubuski.ba\/#\/schema\/person\/19fc700381a780f69665d7956c469e3b","name":"Radio Ljubu\u0161ki"}]}},"_links":{"self":[{"href":"https:\/\/radioljubuski.ba\/index.php\/wp-json\/wp\/v2\/posts\/133339","targetHints":{"allow":["GET"]}}],"collection":[{"href":"https:\/\/radioljubuski.ba\/index.php\/wp-json\/wp\/v2\/posts"}],"about":[{"href":"https:\/\/radioljubuski.ba\/index.php\/wp-json\/wp\/v2\/types\/post"}],"author":[{"embeddable":true,"href":"https:\/\/radioljubuski.ba\/index.php\/wp-json\/wp\/v2\/users\/2"}],"replies":[{"embeddable":true,"href":"https:\/\/radioljubuski.ba\/index.php\/wp-json\/wp\/v2\/comments?post=133339"}],"version-history":[{"count":1,"href":"https:\/\/radioljubuski.ba\/index.php\/wp-json\/wp\/v2\/posts\/133339\/revisions"}],"predecessor-version":[{"id":133341,"href":"https:\/\/radioljubuski.ba\/index.php\/wp-json\/wp\/v2\/posts\/133339\/revisions\/133341"}],"wp:featuredmedia":[{"embeddable":true,"href":"https:\/\/radioljubuski.ba\/index.php\/wp-json\/wp\/v2\/media\/133340"}],"wp:attachment":[{"href":"https:\/\/radioljubuski.ba\/index.php\/wp-json\/wp\/v2\/media?parent=133339"}],"wp:term":[{"taxonomy":"category","embeddable":true,"href":"https:\/\/radioljubuski.ba\/index.php\/wp-json\/wp\/v2\/categories?post=133339"},{"taxonomy":"post_tag","embeddable":true,"href":"https:\/\/radioljubuski.ba\/index.php\/wp-json\/wp\/v2\/tags?post=133339"}],"curies":[{"name":"wp","href":"https:\/\/api.w.org\/{rel}","templated":true}]}}