{"id":133345,"date":"2022-04-17T18:28:35","date_gmt":"2022-04-17T17:28:35","guid":{"rendered":"https:\/\/radioljubuski.ba\/?p=133345"},"modified":"2022-04-17T18:28:36","modified_gmt":"2022-04-17T17:28:36","slug":"neumu-poklonjena-uskrsna-pisanica","status":"publish","type":"post","link":"https:\/\/radioljubuski.ba\/index.php\/2022\/04\/17\/neumu-poklonjena-uskrsna-pisanica\/","title":{"rendered":"Neumu poklonjena uskrsna pisanica"},"content":{"rendered":"\n<p>Op\u0107inski odbor Mlade\u017ei HDZ-a BiH Neum uspje\u0161no je priveo kraju jo\u0161 jedan projekt, te uz podr\u0161ku anonimnog sponzora darovao uskrsnu pisanicu svojim sugra\u0111anima, odnosno crkvi Gospe od Zdravlja u svom gradu za Uskrs.<\/p>\n\n\n\n<p>Ovo je prva pisanica u ovoj veli\u010dini izlo\u017eena javnosti u Neumu. Da ideja preraste u relizaciju, ne bi bilo mogu\u0107e bez na\u010delnika op\u0107ine Neum i predsjednika OO HDZ-a BiH Neum, Dragana Jurkovi\u0107a koji je od samog po\u010detka podr\u017eao ovu ideju, te bez zlatnih ruku Neumljanina Bore \u0160imi\u0107a koji je izradio pisanicu.<\/p>\n\n\n\n<p>Pisanica je postavljena ispred &nbsp;\u017eupne crkve uz prisustvo don Mladena \u0160utala, na\u010delnika op\u0107ine Neum i predsjednika OO HDZ-a BiH Neum , g. Dragana Jurkovi\u0107a, te predsjednice OO Mlade\u017ei HDZ BiH Neum, Marije Matu\u0161ko.<\/p>\n\n\n\n<p>&#8220;Velika pisanica koja je simbol ra\u0111anja novog \u017eivota i pobjede dobra nad zlim \u0107e sada ukra\u0161avati dvori\u0161te crkve Gospe od zdravlja. Visoka je 180cm i te\u0161ka 200kg, a ukra\u0161avaju je motivi Neuma tj. Neumska crkva kao najve\u0107i simboli svega onoga \u0161to ve\u017ee sve neumljane u \u010dvrstu vjeru i jednu zajednicu. Neum okupan morem u zagrljaju delfina i galebova nad kojim ponosno bdije kri\u017e je simbol sna\u017ene vjere i zajedni\u0161tva. &nbsp;Posebnu te\u017einu nose ispisane rije\u010di:&nbsp;<\/p>\n\n\n\n<p>&#8220;Uskrsnu Gospodin doista. Aleluja!&#8221; koje pozivaju na radost zbog Gospodinova uskrsnu\u0107a.&#8221; : izjavila je predsjednica OO Mlade\u017ei HDZ BiH Neum, Marija Matu\u0161ko.<\/p>\n\n\n\n<p>Ovo je jo\u0161 jedan dokaz ljubavi mladih ljudi prema svome gradu.<\/p>\n\n\n\n<p>Podsjetimo, OO Mlade\u017ei HDZ BiH Neum je oslikao prvi mural u Neumu, organizirao kazali\u0161nu predstavu koje je bila tek druga u posljednjih 10 godina, organizirali su i humanitarni turnir za djecu i odrasle te jo\u0161 mnoge aktivnosti koje su zasigurno donijele \u017eivosti jedinom BiH gradu sa izlazom na more.<\/p>\n\n\n\n<p>Izvor:pogled.ba<\/p>\n","protected":false},"excerpt":{"rendered":"<p>Op\u0107inski odbor Mlade\u017ei HDZ-a BiH Neum uspje\u0161no je priveo kraju jo\u0161 jedan projekt, te uz podr\u0161ku anonimnog sponzora darovao uskrsnu pisanicu svojim sugra\u0111anima, odnosno crkvi Gospe od Zdravlja u svom gradu za Uskrs. Ovo je prva pisanica u ovoj veli\u010dini izlo\u017eena javnosti u Neumu. Da ideja preraste u relizaciju, ne bi bilo mogu\u0107e bez na\u010delnika [&hellip;]<\/p>\n","protected":false},"author":2,"featured_media":133346,"comment_status":"closed","ping_status":"closed","sticky":false,"template":"","format":"standard","meta":{"h5ap_radio_sources":[],"footnotes":""},"categories":[1],"tags":[],"class_list":["post-133345","post","type-post","status-publish","format-standard","has-post-thumbnail","hentry","category-bihiregija"],"yoast_head":"<!-- This site is optimized with the Yoast SEO plugin v27.5 - https:\/\/yoast.com\/product\/yoast-seo-wordpress\/ -->\n<title>Neumu poklonjena uskrsna pisanica - RADIO LJUBU\u0160KI<\/title>\n<meta name=\"robots\" content=\"index, follow, max-snippet:-1, max-image-preview:large, max-video-preview:-1\" \/>\n<link rel=\"canonical\" href=\"https:\/\/radioljubuski.ba\/index.php\/2022\/04\/17\/neumu-poklonjena-uskrsna-pisanica\/\" \/>\n<meta property=\"og:locale\" content=\"hr_HR\" \/>\n<meta property=\"og:type\" content=\"article\" \/>\n<meta property=\"og:title\" content=\"Neumu poklonjena uskrsna pisanica - RADIO LJUBU\u0160KI\" \/>\n<meta property=\"og:description\" content=\"Op\u0107inski odbor Mlade\u017ei HDZ-a BiH Neum uspje\u0161no je priveo kraju jo\u0161 jedan projekt, te uz podr\u0161ku anonimnog sponzora darovao uskrsnu pisanicu svojim sugra\u0111anima, odnosno crkvi Gospe od Zdravlja u svom gradu za Uskrs. Ovo je prva pisanica u ovoj veli\u010dini izlo\u017eena javnosti u Neumu. Da ideja preraste u relizaciju, ne bi bilo mogu\u0107e bez na\u010delnika [&hellip;]\" \/>\n<meta property=\"og:url\" content=\"https:\/\/radioljubuski.ba\/index.php\/2022\/04\/17\/neumu-poklonjena-uskrsna-pisanica\/\" \/>\n<meta property=\"og:site_name\" content=\"RADIO LJUBU\u0160KI\" \/>\n<meta property=\"article:publisher\" content=\"https:\/\/www.facebook.com\/Radiio-Ljubuski-1490835324566332\" \/>\n<meta property=\"article:published_time\" content=\"2022-04-17T17:28:35+00:00\" \/>\n<meta property=\"article:modified_time\" content=\"2022-04-17T17:28:36+00:00\" \/>\n<meta property=\"og:image\" content=\"https:\/\/radioljubuski.ba\/wp-content\/uploads\/2022\/04\/2-2022-04-17-09-06-27-1650114400234332.jpg\" \/>\n\t<meta property=\"og:image:width\" content=\"1000\" \/>\n\t<meta property=\"og:image:height\" content=\"625\" \/>\n\t<meta property=\"og:image:type\" content=\"image\/jpeg\" \/>\n<meta name=\"author\" content=\"Radio Ljubu\u0161ki\" \/>\n<meta name=\"twitter:card\" content=\"summary_large_image\" \/>\n<meta name=\"twitter:creator\" content=\"@radioljubuski\" \/>\n<meta name=\"twitter:site\" content=\"@radioljubuski\" \/>\n<meta name=\"twitter:label1\" content=\"Napisao\/la\" \/>\n\t<meta name=\"twitter:data1\" content=\"Radio Ljubu\u0161ki\" \/>\n\t<meta name=\"twitter:label2\" content=\"Procijenjeno vrijeme \u010ditanja\" \/>\n\t<meta name=\"twitter:data2\" content=\"2 minute\" \/>\n<script type=\"application\/ld+json\" class=\"yoast-schema-graph\">{\"@context\":\"https:\\\/\\\/schema.org\",\"@graph\":[{\"@type\":\"Article\",\"@id\":\"https:\\\/\\\/radioljubuski.ba\\\/index.php\\\/2022\\\/04\\\/17\\\/neumu-poklonjena-uskrsna-pisanica\\\/#article\",\"isPartOf\":{\"@id\":\"https:\\\/\\\/radioljubuski.ba\\\/index.php\\\/2022\\\/04\\\/17\\\/neumu-poklonjena-uskrsna-pisanica\\\/\"},\"author\":{\"name\":\"Radio Ljubu\u0161ki\",\"@id\":\"https:\\\/\\\/radioljubuski.ba\\\/#\\\/schema\\\/person\\\/19fc700381a780f69665d7956c469e3b\"},\"headline\":\"Neumu poklonjena uskrsna pisanica\",\"datePublished\":\"2022-04-17T17:28:35+00:00\",\"dateModified\":\"2022-04-17T17:28:36+00:00\",\"mainEntityOfPage\":{\"@id\":\"https:\\\/\\\/radioljubuski.ba\\\/index.php\\\/2022\\\/04\\\/17\\\/neumu-poklonjena-uskrsna-pisanica\\\/\"},\"wordCount\":315,\"publisher\":{\"@id\":\"https:\\\/\\\/radioljubuski.ba\\\/#organization\"},\"image\":{\"@id\":\"https:\\\/\\\/radioljubuski.ba\\\/index.php\\\/2022\\\/04\\\/17\\\/neumu-poklonjena-uskrsna-pisanica\\\/#primaryimage\"},\"thumbnailUrl\":\"https:\\\/\\\/radioljubuski.ba\\\/wp-content\\\/uploads\\\/2022\\\/04\\\/2-2022-04-17-09-06-27-1650114400234332.jpg\",\"articleSection\":[\"BIH i regija\"],\"inLanguage\":\"hr\"},{\"@type\":\"WebPage\",\"@id\":\"https:\\\/\\\/radioljubuski.ba\\\/index.php\\\/2022\\\/04\\\/17\\\/neumu-poklonjena-uskrsna-pisanica\\\/\",\"url\":\"https:\\\/\\\/radioljubuski.ba\\\/index.php\\\/2022\\\/04\\\/17\\\/neumu-poklonjena-uskrsna-pisanica\\\/\",\"name\":\"Neumu poklonjena uskrsna pisanica - RADIO LJUBU\u0160KI\",\"isPartOf\":{\"@id\":\"https:\\\/\\\/radioljubuski.ba\\\/#website\"},\"primaryImageOfPage\":{\"@id\":\"https:\\\/\\\/radioljubuski.ba\\\/index.php\\\/2022\\\/04\\\/17\\\/neumu-poklonjena-uskrsna-pisanica\\\/#primaryimage\"},\"image\":{\"@id\":\"https:\\\/\\\/radioljubuski.ba\\\/index.php\\\/2022\\\/04\\\/17\\\/neumu-poklonjena-uskrsna-pisanica\\\/#primaryimage\"},\"thumbnailUrl\":\"https:\\\/\\\/radioljubuski.ba\\\/wp-content\\\/uploads\\\/2022\\\/04\\\/2-2022-04-17-09-06-27-1650114400234332.jpg\",\"datePublished\":\"2022-04-17T17:28:35+00:00\",\"dateModified\":\"2022-04-17T17:28:36+00:00\",\"breadcrumb\":{\"@id\":\"https:\\\/\\\/radioljubuski.ba\\\/index.php\\\/2022\\\/04\\\/17\\\/neumu-poklonjena-uskrsna-pisanica\\\/#breadcrumb\"},\"inLanguage\":\"hr\",\"potentialAction\":[{\"@type\":\"ReadAction\",\"target\":[\"https:\\\/\\\/radioljubuski.ba\\\/index.php\\\/2022\\\/04\\\/17\\\/neumu-poklonjena-uskrsna-pisanica\\\/\"]}]},{\"@type\":\"ImageObject\",\"inLanguage\":\"hr\",\"@id\":\"https:\\\/\\\/radioljubuski.ba\\\/index.php\\\/2022\\\/04\\\/17\\\/neumu-poklonjena-uskrsna-pisanica\\\/#primaryimage\",\"url\":\"https:\\\/\\\/radioljubuski.ba\\\/wp-content\\\/uploads\\\/2022\\\/04\\\/2-2022-04-17-09-06-27-1650114400234332.jpg\",\"contentUrl\":\"https:\\\/\\\/radioljubuski.ba\\\/wp-content\\\/uploads\\\/2022\\\/04\\\/2-2022-04-17-09-06-27-1650114400234332.jpg\",\"width\":1000,\"height\":625},{\"@type\":\"BreadcrumbList\",\"@id\":\"https:\\\/\\\/radioljubuski.ba\\\/index.php\\\/2022\\\/04\\\/17\\\/neumu-poklonjena-uskrsna-pisanica\\\/#breadcrumb\",\"itemListElement\":[{\"@type\":\"ListItem\",\"position\":1,\"name\":\"Po\u010detna stranica\",\"item\":\"https:\\\/\\\/radioljubuski.ba\\\/\"},{\"@type\":\"ListItem\",\"position\":2,\"name\":\"Neumu poklonjena uskrsna pisanica\"}]},{\"@type\":\"WebSite\",\"@id\":\"https:\\\/\\\/radioljubuski.ba\\\/#website\",\"url\":\"https:\\\/\\\/radioljubuski.ba\\\/\",\"name\":\"Radio Ljubu\u0161ki\",\"description\":\"Sun\u010dana frekvencija Hercegovine\",\"publisher\":{\"@id\":\"https:\\\/\\\/radioljubuski.ba\\\/#organization\"},\"potentialAction\":[{\"@type\":\"SearchAction\",\"target\":{\"@type\":\"EntryPoint\",\"urlTemplate\":\"https:\\\/\\\/radioljubuski.ba\\\/?s={search_term_string}\"},\"query-input\":{\"@type\":\"PropertyValueSpecification\",\"valueRequired\":true,\"valueName\":\"search_term_string\"}}],\"inLanguage\":\"hr\"},{\"@type\":\"Organization\",\"@id\":\"https:\\\/\\\/radioljubuski.ba\\\/#organization\",\"name\":\"Radio Ljubu\u0161ki\",\"url\":\"https:\\\/\\\/radioljubuski.ba\\\/\",\"logo\":{\"@type\":\"ImageObject\",\"inLanguage\":\"hr\",\"@id\":\"https:\\\/\\\/radioljubuski.ba\\\/#\\\/schema\\\/logo\\\/image\\\/\",\"url\":\"https:\\\/\\\/radioljubuski.ba\\\/wp-content\\\/uploads\\\/2021\\\/02\\\/cropped-Radio_Ljubuski_logo1.jpg\",\"contentUrl\":\"https:\\\/\\\/radioljubuski.ba\\\/wp-content\\\/uploads\\\/2021\\\/02\\\/cropped-Radio_Ljubuski_logo1.jpg\",\"width\":512,\"height\":512,\"caption\":\"Radio Ljubu\u0161ki\"},\"image\":{\"@id\":\"https:\\\/\\\/radioljubuski.ba\\\/#\\\/schema\\\/logo\\\/image\\\/\"},\"sameAs\":[\"https:\\\/\\\/www.facebook.com\\\/Radiio-Ljubuski-1490835324566332\",\"https:\\\/\\\/x.com\\\/radioljubuski\",\"https:\\\/\\\/hr.linkedin.com\\\/company\\\/radio-ljubuski\",\"https:\\\/\\\/www.youtube.com\\\/channel\\\/UCHYaeO_n0Db3tjNGudGpXyw\"]},{\"@type\":\"Person\",\"@id\":\"https:\\\/\\\/radioljubuski.ba\\\/#\\\/schema\\\/person\\\/19fc700381a780f69665d7956c469e3b\",\"name\":\"Radio Ljubu\u0161ki\"}]}<\/script>\n<!-- \/ Yoast SEO plugin. -->","yoast_head_json":{"title":"Neumu poklonjena uskrsna pisanica - RADIO LJUBU\u0160KI","robots":{"index":"index","follow":"follow","max-snippet":"max-snippet:-1","max-image-preview":"max-image-preview:large","max-video-preview":"max-video-preview:-1"},"canonical":"https:\/\/radioljubuski.ba\/index.php\/2022\/04\/17\/neumu-poklonjena-uskrsna-pisanica\/","og_locale":"hr_HR","og_type":"article","og_title":"Neumu poklonjena uskrsna pisanica - RADIO LJUBU\u0160KI","og_description":"Op\u0107inski odbor Mlade\u017ei HDZ-a BiH Neum uspje\u0161no je priveo kraju jo\u0161 jedan projekt, te uz podr\u0161ku anonimnog sponzora darovao uskrsnu pisanicu svojim sugra\u0111anima, odnosno crkvi Gospe od Zdravlja u svom gradu za Uskrs. Ovo je prva pisanica u ovoj veli\u010dini izlo\u017eena javnosti u Neumu. Da ideja preraste u relizaciju, ne bi bilo mogu\u0107e bez na\u010delnika [&hellip;]","og_url":"https:\/\/radioljubuski.ba\/index.php\/2022\/04\/17\/neumu-poklonjena-uskrsna-pisanica\/","og_site_name":"RADIO LJUBU\u0160KI","article_publisher":"https:\/\/www.facebook.com\/Radiio-Ljubuski-1490835324566332","article_published_time":"2022-04-17T17:28:35+00:00","article_modified_time":"2022-04-17T17:28:36+00:00","og_image":[{"width":1000,"height":625,"url":"https:\/\/radioljubuski.ba\/wp-content\/uploads\/2022\/04\/2-2022-04-17-09-06-27-1650114400234332.jpg","type":"image\/jpeg"}],"author":"Radio Ljubu\u0161ki","twitter_card":"summary_large_image","twitter_creator":"@radioljubuski","twitter_site":"@radioljubuski","twitter_misc":{"Napisao\/la":"Radio Ljubu\u0161ki","Procijenjeno vrijeme \u010ditanja":"2 minute"},"schema":{"@context":"https:\/\/schema.org","@graph":[{"@type":"Article","@id":"https:\/\/radioljubuski.ba\/index.php\/2022\/04\/17\/neumu-poklonjena-uskrsna-pisanica\/#article","isPartOf":{"@id":"https:\/\/radioljubuski.ba\/index.php\/2022\/04\/17\/neumu-poklonjena-uskrsna-pisanica\/"},"author":{"name":"Radio Ljubu\u0161ki","@id":"https:\/\/radioljubuski.ba\/#\/schema\/person\/19fc700381a780f69665d7956c469e3b"},"headline":"Neumu poklonjena uskrsna pisanica","datePublished":"2022-04-17T17:28:35+00:00","dateModified":"2022-04-17T17:28:36+00:00","mainEntityOfPage":{"@id":"https:\/\/radioljubuski.ba\/index.php\/2022\/04\/17\/neumu-poklonjena-uskrsna-pisanica\/"},"wordCount":315,"publisher":{"@id":"https:\/\/radioljubuski.ba\/#organization"},"image":{"@id":"https:\/\/radioljubuski.ba\/index.php\/2022\/04\/17\/neumu-poklonjena-uskrsna-pisanica\/#primaryimage"},"thumbnailUrl":"https:\/\/radioljubuski.ba\/wp-content\/uploads\/2022\/04\/2-2022-04-17-09-06-27-1650114400234332.jpg","articleSection":["BIH i regija"],"inLanguage":"hr"},{"@type":"WebPage","@id":"https:\/\/radioljubuski.ba\/index.php\/2022\/04\/17\/neumu-poklonjena-uskrsna-pisanica\/","url":"https:\/\/radioljubuski.ba\/index.php\/2022\/04\/17\/neumu-poklonjena-uskrsna-pisanica\/","name":"Neumu poklonjena uskrsna pisanica - RADIO LJUBU\u0160KI","isPartOf":{"@id":"https:\/\/radioljubuski.ba\/#website"},"primaryImageOfPage":{"@id":"https:\/\/radioljubuski.ba\/index.php\/2022\/04\/17\/neumu-poklonjena-uskrsna-pisanica\/#primaryimage"},"image":{"@id":"https:\/\/radioljubuski.ba\/index.php\/2022\/04\/17\/neumu-poklonjena-uskrsna-pisanica\/#primaryimage"},"thumbnailUrl":"https:\/\/radioljubuski.ba\/wp-content\/uploads\/2022\/04\/2-2022-04-17-09-06-27-1650114400234332.jpg","datePublished":"2022-04-17T17:28:35+00:00","dateModified":"2022-04-17T17:28:36+00:00","breadcrumb":{"@id":"https:\/\/radioljubuski.ba\/index.php\/2022\/04\/17\/neumu-poklonjena-uskrsna-pisanica\/#breadcrumb"},"inLanguage":"hr","potentialAction":[{"@type":"ReadAction","target":["https:\/\/radioljubuski.ba\/index.php\/2022\/04\/17\/neumu-poklonjena-uskrsna-pisanica\/"]}]},{"@type":"ImageObject","inLanguage":"hr","@id":"https:\/\/radioljubuski.ba\/index.php\/2022\/04\/17\/neumu-poklonjena-uskrsna-pisanica\/#primaryimage","url":"https:\/\/radioljubuski.ba\/wp-content\/uploads\/2022\/04\/2-2022-04-17-09-06-27-1650114400234332.jpg","contentUrl":"https:\/\/radioljubuski.ba\/wp-content\/uploads\/2022\/04\/2-2022-04-17-09-06-27-1650114400234332.jpg","width":1000,"height":625},{"@type":"BreadcrumbList","@id":"https:\/\/radioljubuski.ba\/index.php\/2022\/04\/17\/neumu-poklonjena-uskrsna-pisanica\/#breadcrumb","itemListElement":[{"@type":"ListItem","position":1,"name":"Po\u010detna stranica","item":"https:\/\/radioljubuski.ba\/"},{"@type":"ListItem","position":2,"name":"Neumu poklonjena uskrsna pisanica"}]},{"@type":"WebSite","@id":"https:\/\/radioljubuski.ba\/#website","url":"https:\/\/radioljubuski.ba\/","name":"Radio Ljubu\u0161ki","description":"Sun\u010dana frekvencija Hercegovine","publisher":{"@id":"https:\/\/radioljubuski.ba\/#organization"},"potentialAction":[{"@type":"SearchAction","target":{"@type":"EntryPoint","urlTemplate":"https:\/\/radioljubuski.ba\/?s={search_term_string}"},"query-input":{"@type":"PropertyValueSpecification","valueRequired":true,"valueName":"search_term_string"}}],"inLanguage":"hr"},{"@type":"Organization","@id":"https:\/\/radioljubuski.ba\/#organization","name":"Radio Ljubu\u0161ki","url":"https:\/\/radioljubuski.ba\/","logo":{"@type":"ImageObject","inLanguage":"hr","@id":"https:\/\/radioljubuski.ba\/#\/schema\/logo\/image\/","url":"https:\/\/radioljubuski.ba\/wp-content\/uploads\/2021\/02\/cropped-Radio_Ljubuski_logo1.jpg","contentUrl":"https:\/\/radioljubuski.ba\/wp-content\/uploads\/2021\/02\/cropped-Radio_Ljubuski_logo1.jpg","width":512,"height":512,"caption":"Radio Ljubu\u0161ki"},"image":{"@id":"https:\/\/radioljubuski.ba\/#\/schema\/logo\/image\/"},"sameAs":["https:\/\/www.facebook.com\/Radiio-Ljubuski-1490835324566332","https:\/\/x.com\/radioljubuski","https:\/\/hr.linkedin.com\/company\/radio-ljubuski","https:\/\/www.youtube.com\/channel\/UCHYaeO_n0Db3tjNGudGpXyw"]},{"@type":"Person","@id":"https:\/\/radioljubuski.ba\/#\/schema\/person\/19fc700381a780f69665d7956c469e3b","name":"Radio Ljubu\u0161ki"}]}},"_links":{"self":[{"href":"https:\/\/radioljubuski.ba\/index.php\/wp-json\/wp\/v2\/posts\/133345","targetHints":{"allow":["GET"]}}],"collection":[{"href":"https:\/\/radioljubuski.ba\/index.php\/wp-json\/wp\/v2\/posts"}],"about":[{"href":"https:\/\/radioljubuski.ba\/index.php\/wp-json\/wp\/v2\/types\/post"}],"author":[{"embeddable":true,"href":"https:\/\/radioljubuski.ba\/index.php\/wp-json\/wp\/v2\/users\/2"}],"replies":[{"embeddable":true,"href":"https:\/\/radioljubuski.ba\/index.php\/wp-json\/wp\/v2\/comments?post=133345"}],"version-history":[{"count":1,"href":"https:\/\/radioljubuski.ba\/index.php\/wp-json\/wp\/v2\/posts\/133345\/revisions"}],"predecessor-version":[{"id":133347,"href":"https:\/\/radioljubuski.ba\/index.php\/wp-json\/wp\/v2\/posts\/133345\/revisions\/133347"}],"wp:featuredmedia":[{"embeddable":true,"href":"https:\/\/radioljubuski.ba\/index.php\/wp-json\/wp\/v2\/media\/133346"}],"wp:attachment":[{"href":"https:\/\/radioljubuski.ba\/index.php\/wp-json\/wp\/v2\/media?parent=133345"}],"wp:term":[{"taxonomy":"category","embeddable":true,"href":"https:\/\/radioljubuski.ba\/index.php\/wp-json\/wp\/v2\/categories?post=133345"},{"taxonomy":"post_tag","embeddable":true,"href":"https:\/\/radioljubuski.ba\/index.php\/wp-json\/wp\/v2\/tags?post=133345"}],"curies":[{"name":"wp","href":"https:\/\/api.w.org\/{rel}","templated":true}]}}